{"id":64063,"date":"2023-05-30T09:49:47","date_gmt":"2023-05-30T07:49:47","guid":{"rendered":"https:\/\/lightweb.dev\/l\/svm-temp\/?p=64063"},"modified":"2023-05-30T09:49:47","modified_gmt":"2023-05-30T07:49:47","slug":"centro-forestal-sueco-boho-club-marbella-quartiers-properties-ab","status":"publish","type":"post","link":"https:\/\/lightweb.dev\/l\/svm-temp\/nyheter\/centro-forestal-sueco-boho-club-marbella-quartiers-properties-ab\/","title":{"rendered":"Viktigt steg till byggr\u00e4tter och hotell i Marbella"},"content":{"rendered":"<p><strong>Det svensk\u00e4gda fastighetsutvecklingsbolaget Quartiers Properties AB har efter dialog med Marbella kommun inkommit med f\u00f6rslag om utveckling av projekten Centro Forestal Sueco och Boho Club Marbella. Det r\u00f6r sig om en 41.200 kvm stor markyta p\u00e5 Golden Mile mellan fritidshamnen Puerto Ban\u00fas och Marbella.<\/strong><\/p>\n<p>Quartiers Properties \u00e4r ett svensk\u00e4gt fastighetsutvecklingsbolag listat p\u00e5 Nasdaq First North i Stockholm. Bolagets verksamhet \u00e4r geografiskt koncentrerad till Spanien. Quartiers investerar huvudsakligen i fastigheter riktade mot en k\u00f6pstark internationell m\u00e5lgrupp.<\/p>\n<p>Quartiers Properties planerar att Boho Club ska ut\u00f6kas med fler hotellrum, restauranger och faciliteter. Grannfastigheten Centro Forestal Sueco f\u00f6resl\u00e5s utvecklas till ett helt nytt lyxhotell under ett nytt varum\u00e4rke men d\u00e4r synergier med Boho Club tas till vara, skriver bolaget i ett <a href=\"https:\/\/news.cision.com\/se\/quartiers-properties-ab\/r\/viktigt-steg-mot-20-000-nya-kvm-byggratter-och-nytt-hotell-i-marbella,c3775950\">pressmeddelande.<\/a><\/p>\n<p>F\u00f6rslaget som utvecklats i samr\u00e5d med Marbella kommun inneb\u00e4r en ut\u00f6kning av antalet byggr\u00e4tter med cirka 20.000 kvm avsedda f\u00f6r hotell, fr\u00e5n dagens cirka 9.000 till 29.000 kvm.<\/p>\n<p>Skulle de nya byggr\u00e4tterna tr\u00e4da i laga kraft \u00e4r styrelsens bed\u00f6mning att v\u00e4rdet av de nya byggr\u00e4tterna skulle uppg\u00e5 till cirka 860 miljoner SEK.<\/p>\n<p>Tidsplanen f\u00f6r att erh\u00e5lla de nya byggr\u00e4tterna bed\u00f6ms vara 1\u20132 \u00e5r. Sannolikheten f\u00f6r att de nya byggr\u00e4tterna ska erh\u00e5llas bed\u00f6ms vara god baserat p\u00e5 positiva dialoger f\u00f6rda med kommunen de senaste \u00e5ren, skriver Quartiers Properties.<\/p>\n","protected":false},"excerpt":{"rendered":"<p>Det svensk\u00e4gda fastighetsutvecklingsbolaget Quartiers Properties AB har efter dialog med Marbella kommun inkommit med f\u00f6rslag om utveckling av projekten Centro Forestal Sueco och Boho Club Marbella&#8230;.<\/p>\n","protected":false},"author":7,"featured_media":64065,"comment_status":"open","ping_status":"closed","sticky":false,"template":"","format":"standard","meta":{"_et_pb_use_builder":"","_et_pb_old_content":"","_et_gb_content_width":"","footnotes":""},"categories":[395,3],"tags":[],"class_list":["post-64063","post","type-post","status-publish","format-standard","has-post-thumbnail","hentry","category-arkiv-nyheter","category-nyheter"],"yoast_head":"<!-- This site is optimized with the Yoast SEO Premium plugin v26.2 (Yoast SEO v27.4) - https:\/\/yoast.com\/product\/yoast-seo-premium-wordpress\/ -->\n<title>Viktigt steg till byggr\u00e4tter och hotell i Marbella - Svenska Magasinet<\/title>\n<meta name=\"description\" content=\"Det svensk\u00e4gda fastighetsutvecklingsbolaget Quartiers Properties AB har efter dialog med Marbella kommun inkommit med f\u00f6rslag om utveckling av projekten Centro Forestal Sueco och Boho Club Marbella. Det r\u00f6r sig om en 41.200 kvm stor markyta p\u00e5 Golden Mile mellan fritidshamnen Puerto Ban\u00fas och Marbella.\" \/>\n<meta name=\"robots\" content=\"noindex, follow, max-snippet:-1, max-image-preview:large, max-video-preview:-1\" \/>\n<meta property=\"og:locale\" content=\"sv_SE\" \/>\n<meta property=\"og:type\" content=\"article\" \/>\n<meta property=\"og:title\" content=\"Viktigt steg till byggr\u00e4tter och hotell i Marbella\" \/>\n<meta property=\"og:description\" content=\"Det svensk\u00e4gda fastighetsutvecklingsbolaget Quartiers Properties AB har efter dialog med Marbella kommun inkommit med f\u00f6rslag om utveckling av projekten Centro Forestal Sueco och Boho Club Marbella. Det r\u00f6r sig om en 41.200 kvm stor markyta p\u00e5 Golden Mile mellan fritidshamnen Puerto Ban\u00fas och Marbella.\" \/>\n<meta property=\"og:url\" content=\"https:\/\/lightweb.dev\/l\/svm-temp\/nyheter\/centro-forestal-sueco-boho-club-marbella-quartiers-properties-ab\/\" \/>\n<meta property=\"og:site_name\" content=\"Svenska Magasinet\" \/>\n<meta property=\"article:publisher\" content=\"https:\/\/www.facebook.com\/svenskamagasinet\" \/>\n<meta property=\"article:published_time\" content=\"2023-05-30T07:49:47+00:00\" \/>\n<meta property=\"og:image\" content=\"https:\/\/lightweb.dev\/l\/svm-temp\/wp-content\/uploads\/2023\/05\/b56089b9eb1ea235_org-stor.jpeg\" \/>\n\t<meta property=\"og:image:width\" content=\"1280\" \/>\n\t<meta property=\"og:image:height\" content=\"853\" \/>\n\t<meta property=\"og:image:type\" content=\"image\/jpeg\" \/>\n<meta name=\"author\" content=\"Ola Josefsson\" \/>\n<meta name=\"twitter:card\" content=\"summary_large_image\" \/>\n<meta name=\"twitter:creator\" content=\"@SvenskaMagasine\" \/>\n<meta name=\"twitter:site\" content=\"@SvenskaMagasine\" \/>\n<script type=\"application\/ld+json\" class=\"yoast-schema-graph\">{\"@context\":\"https:\\\/\\\/schema.org\",\"@graph\":[{\"@type\":\"Article\",\"@id\":\"https:\\\/\\\/lightweb.dev\\\/l\\\/svm-temp\\\/nyheter\\\/centro-forestal-sueco-boho-club-marbella-quartiers-properties-ab\\\/#article\",\"isPartOf\":{\"@id\":\"https:\\\/\\\/lightweb.dev\\\/l\\\/svm-temp\\\/nyheter\\\/centro-forestal-sueco-boho-club-marbella-quartiers-properties-ab\\\/\"},\"author\":{\"name\":\"Ola Josefsson\",\"@id\":\"https:\\\/\\\/lightweb.dev\\\/l\\\/svm-temp\\\/#\\\/schema\\\/person\\\/7a82b8a73d171d32360a564b6d03508e\"},\"headline\":\"Viktigt steg till byggr\u00e4tter och hotell i Marbella\",\"datePublished\":\"2023-05-30T07:49:47+00:00\",\"mainEntityOfPage\":{\"@id\":\"https:\\\/\\\/lightweb.dev\\\/l\\\/svm-temp\\\/nyheter\\\/centro-forestal-sueco-boho-club-marbella-quartiers-properties-ab\\\/\"},\"wordCount\":241,\"commentCount\":1,\"publisher\":{\"@id\":\"https:\\\/\\\/lightweb.dev\\\/l\\\/svm-temp\\\/#organization\"},\"image\":{\"@id\":\"https:\\\/\\\/lightweb.dev\\\/l\\\/svm-temp\\\/nyheter\\\/centro-forestal-sueco-boho-club-marbella-quartiers-properties-ab\\\/#primaryimage\"},\"thumbnailUrl\":\"https:\\\/\\\/lightweb.dev\\\/l\\\/svm-temp\\\/wp-content\\\/uploads\\\/2023\\\/05\\\/b56089b9eb1ea235_org-stor.jpeg\",\"articleSection\":[\"Arkiv\",\"Nyheter\"],\"inLanguage\":\"sv-SE\"},{\"@type\":\"WebPage\",\"@id\":\"https:\\\/\\\/lightweb.dev\\\/l\\\/svm-temp\\\/nyheter\\\/centro-forestal-sueco-boho-club-marbella-quartiers-properties-ab\\\/\",\"url\":\"https:\\\/\\\/lightweb.dev\\\/l\\\/svm-temp\\\/nyheter\\\/centro-forestal-sueco-boho-club-marbella-quartiers-properties-ab\\\/\",\"name\":\"Viktigt steg till byggr\u00e4tter och hotell i Marbella - Svenska Magasinet\",\"isPartOf\":{\"@id\":\"https:\\\/\\\/lightweb.dev\\\/l\\\/svm-temp\\\/#website\"},\"primaryImageOfPage\":{\"@id\":\"https:\\\/\\\/lightweb.dev\\\/l\\\/svm-temp\\\/nyheter\\\/centro-forestal-sueco-boho-club-marbella-quartiers-properties-ab\\\/#primaryimage\"},\"image\":{\"@id\":\"https:\\\/\\\/lightweb.dev\\\/l\\\/svm-temp\\\/nyheter\\\/centro-forestal-sueco-boho-club-marbella-quartiers-properties-ab\\\/#primaryimage\"},\"thumbnailUrl\":\"https:\\\/\\\/lightweb.dev\\\/l\\\/svm-temp\\\/wp-content\\\/uploads\\\/2023\\\/05\\\/b56089b9eb1ea235_org-stor.jpeg\",\"datePublished\":\"2023-05-30T07:49:47+00:00\",\"description\":\"Det svensk\u00e4gda fastighetsutvecklingsbolaget Quartiers Properties AB har efter dialog med Marbella kommun inkommit med f\u00f6rslag om utveckling av projekten Centro Forestal Sueco och Boho Club Marbella. Det r\u00f6r sig om en 41.200 kvm stor markyta p\u00e5 Golden Mile mellan fritidshamnen Puerto Ban\u00fas och Marbella.\",\"breadcrumb\":{\"@id\":\"https:\\\/\\\/lightweb.dev\\\/l\\\/svm-temp\\\/nyheter\\\/centro-forestal-sueco-boho-club-marbella-quartiers-properties-ab\\\/#breadcrumb\"},\"inLanguage\":\"sv-SE\",\"potentialAction\":[{\"@type\":\"ReadAction\",\"target\":[\"https:\\\/\\\/lightweb.dev\\\/l\\\/svm-temp\\\/nyheter\\\/centro-forestal-sueco-boho-club-marbella-quartiers-properties-ab\\\/\"]}]},{\"@type\":\"ImageObject\",\"inLanguage\":\"sv-SE\",\"@id\":\"https:\\\/\\\/lightweb.dev\\\/l\\\/svm-temp\\\/nyheter\\\/centro-forestal-sueco-boho-club-marbella-quartiers-properties-ab\\\/#primaryimage\",\"url\":\"https:\\\/\\\/lightweb.dev\\\/l\\\/svm-temp\\\/wp-content\\\/uploads\\\/2023\\\/05\\\/b56089b9eb1ea235_org-stor.jpeg\",\"contentUrl\":\"https:\\\/\\\/lightweb.dev\\\/l\\\/svm-temp\\\/wp-content\\\/uploads\\\/2023\\\/05\\\/b56089b9eb1ea235_org-stor.jpeg\",\"width\":1280,\"height\":853,\"caption\":\"(Foto: Erik Nissen Johansen)\"},{\"@type\":\"BreadcrumbList\",\"@id\":\"https:\\\/\\\/lightweb.dev\\\/l\\\/svm-temp\\\/nyheter\\\/centro-forestal-sueco-boho-club-marbella-quartiers-properties-ab\\\/#breadcrumb\",\"itemListElement\":[{\"@type\":\"ListItem\",\"position\":1,\"name\":\"Hem\",\"item\":\"https:\\\/\\\/lightweb.dev\\\/l\\\/svm-temp\\\/\"},{\"@type\":\"ListItem\",\"position\":2,\"name\":\"Viktigt steg till byggr\u00e4tter och hotell i Marbella\"}]},{\"@type\":\"WebSite\",\"@id\":\"https:\\\/\\\/lightweb.dev\\\/l\\\/svm-temp\\\/#website\",\"url\":\"https:\\\/\\\/lightweb.dev\\\/l\\\/svm-temp\\\/\",\"name\":\"Svenska Magasinet\",\"description\":\"Dina Spanska nyheter p&aring; Svenska\",\"publisher\":{\"@id\":\"https:\\\/\\\/lightweb.dev\\\/l\\\/svm-temp\\\/#organization\"},\"potentialAction\":[{\"@type\":\"SearchAction\",\"target\":{\"@type\":\"EntryPoint\",\"urlTemplate\":\"https:\\\/\\\/lightweb.dev\\\/l\\\/svm-temp\\\/?s={search_term_string}\"},\"query-input\":{\"@type\":\"PropertyValueSpecification\",\"valueRequired\":true,\"valueName\":\"search_term_string\"}}],\"inLanguage\":\"sv-SE\"},{\"@type\":\"Organization\",\"@id\":\"https:\\\/\\\/lightweb.dev\\\/l\\\/svm-temp\\\/#organization\",\"name\":\"Melkerson y Nott SL\",\"alternateName\":\"Svenska Magasinet\",\"url\":\"https:\\\/\\\/lightweb.dev\\\/l\\\/svm-temp\\\/\",\"logo\":{\"@type\":\"ImageObject\",\"inLanguage\":\"sv-SE\",\"@id\":\"https:\\\/\\\/lightweb.dev\\\/l\\\/svm-temp\\\/#\\\/schema\\\/logo\\\/image\\\/\",\"url\":\"https:\\\/\\\/lightweb.dev\\\/l\\\/svm-temp\\\/wp-content\\\/uploads\\\/2025\\\/02\\\/SvM-logo-Xtra-Centrerad-SVART.png\",\"contentUrl\":\"https:\\\/\\\/lightweb.dev\\\/l\\\/svm-temp\\\/wp-content\\\/uploads\\\/2025\\\/02\\\/SvM-logo-Xtra-Centrerad-SVART.png\",\"width\":300,\"height\":99,\"caption\":\"Melkerson y Nott SL\"},\"image\":{\"@id\":\"https:\\\/\\\/lightweb.dev\\\/l\\\/svm-temp\\\/#\\\/schema\\\/logo\\\/image\\\/\"},\"sameAs\":[\"https:\\\/\\\/www.facebook.com\\\/svenskamagasinet\",\"https:\\\/\\\/x.com\\\/SvenskaMagasine\"]},{\"@type\":\"Person\",\"@id\":\"https:\\\/\\\/lightweb.dev\\\/l\\\/svm-temp\\\/#\\\/schema\\\/person\\\/7a82b8a73d171d32360a564b6d03508e\",\"name\":\"Ola Josefsson\",\"description\":\"Bevakar Solkusten och Spanien sedan 1994.\",\"sameAs\":[\"https:\\\/\\\/lightweb.dev\\\/l\\\/svm-temp\"],\"url\":\"https:\\\/\\\/lightweb.dev\\\/l\\\/svm-temp\\\/reporter\\\/ola-josefsson\\\/\"}]}<\/script>\n<!-- \/ Yoast SEO Premium plugin. -->","yoast_head_json":{"title":"Viktigt steg till byggr\u00e4tter och hotell i Marbella - Svenska Magasinet","description":"Det svensk\u00e4gda fastighetsutvecklingsbolaget Quartiers Properties AB har efter dialog med Marbella kommun inkommit med f\u00f6rslag om utveckling av projekten Centro Forestal Sueco och Boho Club Marbella. Det r\u00f6r sig om en 41.200 kvm stor markyta p\u00e5 Golden Mile mellan fritidshamnen Puerto Ban\u00fas och Marbella.","robots":{"index":"noindex","follow":"follow","max-snippet":"max-snippet:-1","max-image-preview":"max-image-preview:large","max-video-preview":"max-video-preview:-1"},"og_locale":"sv_SE","og_type":"article","og_title":"Viktigt steg till byggr\u00e4tter och hotell i Marbella","og_description":"Det svensk\u00e4gda fastighetsutvecklingsbolaget Quartiers Properties AB har efter dialog med Marbella kommun inkommit med f\u00f6rslag om utveckling av projekten Centro Forestal Sueco och Boho Club Marbella. Det r\u00f6r sig om en 41.200 kvm stor markyta p\u00e5 Golden Mile mellan fritidshamnen Puerto Ban\u00fas och Marbella.","og_url":"https:\/\/lightweb.dev\/l\/svm-temp\/nyheter\/centro-forestal-sueco-boho-club-marbella-quartiers-properties-ab\/","og_site_name":"Svenska Magasinet","article_publisher":"https:\/\/www.facebook.com\/svenskamagasinet","article_published_time":"2023-05-30T07:49:47+00:00","og_image":[{"width":1280,"height":853,"url":"https:\/\/lightweb.dev\/l\/svm-temp\/wp-content\/uploads\/2023\/05\/b56089b9eb1ea235_org-stor.jpeg","type":"image\/jpeg"}],"author":"Ola Josefsson","twitter_card":"summary_large_image","twitter_creator":"@SvenskaMagasine","twitter_site":"@SvenskaMagasine","schema":{"@context":"https:\/\/schema.org","@graph":[{"@type":"Article","@id":"https:\/\/lightweb.dev\/l\/svm-temp\/nyheter\/centro-forestal-sueco-boho-club-marbella-quartiers-properties-ab\/#article","isPartOf":{"@id":"https:\/\/lightweb.dev\/l\/svm-temp\/nyheter\/centro-forestal-sueco-boho-club-marbella-quartiers-properties-ab\/"},"author":{"name":"Ola Josefsson","@id":"https:\/\/lightweb.dev\/l\/svm-temp\/#\/schema\/person\/7a82b8a73d171d32360a564b6d03508e"},"headline":"Viktigt steg till byggr\u00e4tter och hotell i Marbella","datePublished":"2023-05-30T07:49:47+00:00","mainEntityOfPage":{"@id":"https:\/\/lightweb.dev\/l\/svm-temp\/nyheter\/centro-forestal-sueco-boho-club-marbella-quartiers-properties-ab\/"},"wordCount":241,"commentCount":1,"publisher":{"@id":"https:\/\/lightweb.dev\/l\/svm-temp\/#organization"},"image":{"@id":"https:\/\/lightweb.dev\/l\/svm-temp\/nyheter\/centro-forestal-sueco-boho-club-marbella-quartiers-properties-ab\/#primaryimage"},"thumbnailUrl":"https:\/\/lightweb.dev\/l\/svm-temp\/wp-content\/uploads\/2023\/05\/b56089b9eb1ea235_org-stor.jpeg","articleSection":["Arkiv","Nyheter"],"inLanguage":"sv-SE"},{"@type":"WebPage","@id":"https:\/\/lightweb.dev\/l\/svm-temp\/nyheter\/centro-forestal-sueco-boho-club-marbella-quartiers-properties-ab\/","url":"https:\/\/lightweb.dev\/l\/svm-temp\/nyheter\/centro-forestal-sueco-boho-club-marbella-quartiers-properties-ab\/","name":"Viktigt steg till byggr\u00e4tter och hotell i Marbella - Svenska Magasinet","isPartOf":{"@id":"https:\/\/lightweb.dev\/l\/svm-temp\/#website"},"primaryImageOfPage":{"@id":"https:\/\/lightweb.dev\/l\/svm-temp\/nyheter\/centro-forestal-sueco-boho-club-marbella-quartiers-properties-ab\/#primaryimage"},"image":{"@id":"https:\/\/lightweb.dev\/l\/svm-temp\/nyheter\/centro-forestal-sueco-boho-club-marbella-quartiers-properties-ab\/#primaryimage"},"thumbnailUrl":"https:\/\/lightweb.dev\/l\/svm-temp\/wp-content\/uploads\/2023\/05\/b56089b9eb1ea235_org-stor.jpeg","datePublished":"2023-05-30T07:49:47+00:00","description":"Det svensk\u00e4gda fastighetsutvecklingsbolaget Quartiers Properties AB har efter dialog med Marbella kommun inkommit med f\u00f6rslag om utveckling av projekten Centro Forestal Sueco och Boho Club Marbella. Det r\u00f6r sig om en 41.200 kvm stor markyta p\u00e5 Golden Mile mellan fritidshamnen Puerto Ban\u00fas och Marbella.","breadcrumb":{"@id":"https:\/\/lightweb.dev\/l\/svm-temp\/nyheter\/centro-forestal-sueco-boho-club-marbella-quartiers-properties-ab\/#breadcrumb"},"inLanguage":"sv-SE","potentialAction":[{"@type":"ReadAction","target":["https:\/\/lightweb.dev\/l\/svm-temp\/nyheter\/centro-forestal-sueco-boho-club-marbella-quartiers-properties-ab\/"]}]},{"@type":"ImageObject","inLanguage":"sv-SE","@id":"https:\/\/lightweb.dev\/l\/svm-temp\/nyheter\/centro-forestal-sueco-boho-club-marbella-quartiers-properties-ab\/#primaryimage","url":"https:\/\/lightweb.dev\/l\/svm-temp\/wp-content\/uploads\/2023\/05\/b56089b9eb1ea235_org-stor.jpeg","contentUrl":"https:\/\/lightweb.dev\/l\/svm-temp\/wp-content\/uploads\/2023\/05\/b56089b9eb1ea235_org-stor.jpeg","width":1280,"height":853,"caption":"(Foto: Erik Nissen Johansen)"},{"@type":"BreadcrumbList","@id":"https:\/\/lightweb.dev\/l\/svm-temp\/nyheter\/centro-forestal-sueco-boho-club-marbella-quartiers-properties-ab\/#breadcrumb","itemListElement":[{"@type":"ListItem","position":1,"name":"Hem","item":"https:\/\/lightweb.dev\/l\/svm-temp\/"},{"@type":"ListItem","position":2,"name":"Viktigt steg till byggr\u00e4tter och hotell i Marbella"}]},{"@type":"WebSite","@id":"https:\/\/lightweb.dev\/l\/svm-temp\/#website","url":"https:\/\/lightweb.dev\/l\/svm-temp\/","name":"Svenska Magasinet","description":"Dina Spanska nyheter p&aring; Svenska","publisher":{"@id":"https:\/\/lightweb.dev\/l\/svm-temp\/#organization"},"potentialAction":[{"@type":"SearchAction","target":{"@type":"EntryPoint","urlTemplate":"https:\/\/lightweb.dev\/l\/svm-temp\/?s={search_term_string}"},"query-input":{"@type":"PropertyValueSpecification","valueRequired":true,"valueName":"search_term_string"}}],"inLanguage":"sv-SE"},{"@type":"Organization","@id":"https:\/\/lightweb.dev\/l\/svm-temp\/#organization","name":"Melkerson y Nott SL","alternateName":"Svenska Magasinet","url":"https:\/\/lightweb.dev\/l\/svm-temp\/","logo":{"@type":"ImageObject","inLanguage":"sv-SE","@id":"https:\/\/lightweb.dev\/l\/svm-temp\/#\/schema\/logo\/image\/","url":"https:\/\/lightweb.dev\/l\/svm-temp\/wp-content\/uploads\/2025\/02\/SvM-logo-Xtra-Centrerad-SVART.png","contentUrl":"https:\/\/lightweb.dev\/l\/svm-temp\/wp-content\/uploads\/2025\/02\/SvM-logo-Xtra-Centrerad-SVART.png","width":300,"height":99,"caption":"Melkerson y Nott SL"},"image":{"@id":"https:\/\/lightweb.dev\/l\/svm-temp\/#\/schema\/logo\/image\/"},"sameAs":["https:\/\/www.facebook.com\/svenskamagasinet","https:\/\/x.com\/SvenskaMagasine"]},{"@type":"Person","@id":"https:\/\/lightweb.dev\/l\/svm-temp\/#\/schema\/person\/7a82b8a73d171d32360a564b6d03508e","name":"Ola Josefsson","description":"Bevakar Solkusten och Spanien sedan 1994.","sameAs":["https:\/\/lightweb.dev\/l\/svm-temp"],"url":"https:\/\/lightweb.dev\/l\/svm-temp\/reporter\/ola-josefsson\/"}]}},"_links":{"self":[{"href":"https:\/\/lightweb.dev\/l\/svm-temp\/wp-json\/wp\/v2\/posts\/64063","targetHints":{"allow":["GET"]}}],"collection":[{"href":"https:\/\/lightweb.dev\/l\/svm-temp\/wp-json\/wp\/v2\/posts"}],"about":[{"href":"https:\/\/lightweb.dev\/l\/svm-temp\/wp-json\/wp\/v2\/types\/post"}],"author":[{"embeddable":true,"href":"https:\/\/lightweb.dev\/l\/svm-temp\/wp-json\/wp\/v2\/users\/7"}],"replies":[{"embeddable":true,"href":"https:\/\/lightweb.dev\/l\/svm-temp\/wp-json\/wp\/v2\/comments?post=64063"}],"version-history":[{"count":0,"href":"https:\/\/lightweb.dev\/l\/svm-temp\/wp-json\/wp\/v2\/posts\/64063\/revisions"}],"wp:featuredmedia":[{"embeddable":true,"href":"https:\/\/lightweb.dev\/l\/svm-temp\/wp-json\/wp\/v2\/media\/64065"}],"wp:attachment":[{"href":"https:\/\/lightweb.dev\/l\/svm-temp\/wp-json\/wp\/v2\/media?parent=64063"}],"wp:term":[{"taxonomy":"category","embeddable":true,"href":"https:\/\/lightweb.dev\/l\/svm-temp\/wp-json\/wp\/v2\/categories?post=64063"},{"taxonomy":"post_tag","embeddable":true,"href":"https:\/\/lightweb.dev\/l\/svm-temp\/wp-json\/wp\/v2\/tags?post=64063"}],"curies":[{"name":"wp","href":"https:\/\/api.w.org\/{rel}","templated":true}]}}