{"id":64067,"date":"2023-05-30T10:13:35","date_gmt":"2023-05-30T08:13:35","guid":{"rendered":"https:\/\/lightweb.dev\/l\/svm-temp\/?p=64067"},"modified":"2023-05-31T13:10:47","modified_gmt":"2023-05-31T11:10:47","slug":"varldseliten-i-padel-tavlar-i-san-pedro-de-alcantara","status":"publish","type":"post","link":"https:\/\/lightweb.dev\/l\/svm-temp\/nyheter\/varldseliten-i-padel-tavlar-i-san-pedro-de-alcantara\/","title":{"rendered":"V\u00e4rldseliten i padel t\u00e4vlar i San Pedro de Alc\u00e1ntara"},"content":{"rendered":"<p><strong>Idag inleds Masterst\u00e4vlingen i World Padel Tour p\u00e5 Finca La Caridad i San Pedro de Alc\u00e1ntara. V\u00e4rldseliten \u00e4r p\u00e5 plats i tourt\u00e4vlingen Cervezas Victoria Marbella Master som p\u00e5g\u00e5r fram till s\u00f6ndag.<\/strong><\/p>\n<p>En och en halv miljon euro satsas i t\u00e4vlingen vilket \u00e4r det mesta n\u00e5gonsin i en tourt\u00e4vling, enligt generaldirekt\u00f6ren f\u00f6r WPT, Luis Torres. Den visas i 150 l\u00e4nder med en tv-publik p\u00e5 runt tio miljoner mycket tack vare de sju miljoner f\u00f6ljare som finns p\u00e5 sociala n\u00e4tverk.<\/p>\n<p>T\u00e4vlingen p\u00e5 Finca La Caridad som ligger p\u00e5 feriaplatsen i San Pedro de Alc\u00e1ntara \u00e4r en s\u00e5 kallad Master-t\u00e4vling vilket betyder den h\u00f6gsta kategorin.<\/p>\n<p>Generalsekreteraren f\u00f6r idrott i regionregeringen Junta de Andaluc\u00eda, Jos\u00e9 Mar\u00eda Arrabal, gl\u00e4ds \u00f6ver turneringen i Marbella d\u00e5 det var h\u00e4r som den f\u00f6rsta padelbanan byggdes i Spanien p\u00e5 1970-talet.<\/p>\n<p>V\u00e4rldens b\u00e4sta padelspelare \u00e4re p\u00e5 plats men \u00e4ven hemmaspelare som Bea Gonz\u00e1lez (femma i v\u00e4rlden), Momo Gonz\u00e1lez (10:a), \u00c1lex Ruiz (13:e), Carolina Navarro (31:a), Marta Caparr\u00f3s (33:a) och Mari Carmen Villalba (39:a).<\/p>\n<p><span class=\"0DR9kwmQPGYhiNYFl4kPgh25TIjeTHRdUr3ABXVt5pFb0b8ni1EepZcyLIHvsXWNGVcqzlx2L9duK8svJQ4aJ36SAmf\"><\/p>\n<blockquote class=\"twitter-tweet\" data-width=\"550\" data-dnt=\"true\">\n<p lang=\"es\" dir=\"ltr\">\ud83d\udc4a \u00a1Empezamos a lo grande! <\/p>\n<p>\ud83d\udcfa \u00a1Eng\u00e1nchate este MARTES a la jornada de dieciseisavos del <a href=\"https:\/\/twitter.com\/hashtag\/WPTMarbellaMaster?src=hash&amp;ref_src=twsrc%5Etfw\">#WPTMarbellaMaster<\/a>\ud83c\udf1f! <\/p>\n<p>\ud83d\ude0a \u00a1En EXCLUSIVA y GRATIS solo en <a href=\"https:\/\/t.co\/ID0LhNT8hS\">https:\/\/t.co\/ID0LhNT8hS<\/a>! <a href=\"https:\/\/t.co\/KZ1W0zrOSE\">pic.twitter.com\/KZ1W0zrOSE<\/a><\/p>\n<p>&mdash; World Padel Tour (@WorldPadelTour) <a href=\"https:\/\/twitter.com\/WorldPadelTour\/status\/1663301135510142980?ref_src=twsrc%5Etfw\">May 29, 2023<\/a><\/p><\/blockquote>\n<p><script async src=\"https:\/\/platform.twitter.com\/widgets.js\" charset=\"utf-8\"><\/script><\/span><\/p>\n","protected":false},"excerpt":{"rendered":"<p>Idag inleds Masterst\u00e4vlingen i World Padel Tour p\u00e5 Finca La Caridad i San Pedro de Alc\u00e1ntara. V\u00e4rldseliten \u00e4r p\u00e5 plats i tourt\u00e4vlingen Cervezas Victoria Marbella Master som p\u00e5g\u00e5r fram till s\u00f6ndag&#8230;<\/p>\n","protected":false},"author":7,"featured_media":64069,"comment_status":"open","ping_status":"closed","sticky":false,"template":"","format":"standard","meta":{"_et_pb_use_builder":"","_et_pb_old_content":"","_et_gb_content_width":"","footnotes":""},"categories":[3,352],"tags":[],"class_list":["post-64067","post","type-post","status-publish","format-standard","has-post-thumbnail","hentry","category-nyheter","category-sport"],"yoast_head":"<!-- This site is optimized with the Yoast SEO Premium plugin v26.2 (Yoast SEO v27.4) - https:\/\/yoast.com\/product\/yoast-seo-premium-wordpress\/ -->\n<title>V\u00e4rldseliten i padel t\u00e4vlar i San Pedro de Alc\u00e1ntara - Svenska Magasinet<\/title>\n<meta name=\"description\" content=\"Idag inleds Masterst\u00e4vlingen i World Padel Tour p\u00e5 Finca La Caridad i San Pedro de Alc\u00e1ntara. V\u00e4rldseliten \u00e4r p\u00e5 plats i tourt\u00e4vlingen Cervezas Victoria Marbella Master som p\u00e5g\u00e5r fram till s\u00f6ndag.\" \/>\n<meta name=\"robots\" content=\"noindex, follow, max-snippet:-1, max-image-preview:large, max-video-preview:-1\" \/>\n<meta property=\"og:locale\" content=\"sv_SE\" \/>\n<meta property=\"og:type\" content=\"article\" \/>\n<meta property=\"og:title\" content=\"V\u00e4rldseliten i padel t\u00e4vlar i San Pedro de Alc\u00e1ntara\" \/>\n<meta property=\"og:description\" content=\"Idag inleds Masterst\u00e4vlingen i World Padel Tour p\u00e5 Finca La Caridad i San Pedro de Alc\u00e1ntara. V\u00e4rldseliten \u00e4r p\u00e5 plats i tourt\u00e4vlingen Cervezas Victoria Marbella Master som p\u00e5g\u00e5r fram till s\u00f6ndag.\" \/>\n<meta property=\"og:url\" content=\"https:\/\/lightweb.dev\/l\/svm-temp\/artiklar\/golf-sport\/varldseliten-i-padel-tavlar-i-san-pedro-de-alcantara\/\" \/>\n<meta property=\"og:site_name\" content=\"Svenska Magasinet\" \/>\n<meta property=\"article:publisher\" content=\"https:\/\/www.facebook.com\/svenskamagasinet\" \/>\n<meta property=\"article:published_time\" content=\"2023-05-30T08:13:35+00:00\" \/>\n<meta property=\"article:modified_time\" content=\"2023-05-31T11:10:47+00:00\" \/>\n<meta property=\"og:image\" content=\"https:\/\/lightweb.dev\/l\/svm-temp\/wp-content\/uploads\/2023\/05\/FxW8WjxX0AAuxpX-stor.jpeg\" \/>\n\t<meta property=\"og:image:width\" content=\"1280\" \/>\n\t<meta property=\"og:image:height\" content=\"960\" \/>\n\t<meta property=\"og:image:type\" content=\"image\/jpeg\" \/>\n<meta name=\"author\" content=\"Ola Josefsson\" \/>\n<meta name=\"twitter:card\" content=\"summary_large_image\" \/>\n<meta name=\"twitter:creator\" content=\"@SvenskaMagasine\" \/>\n<meta name=\"twitter:site\" content=\"@SvenskaMagasine\" \/>\n<script type=\"application\/ld+json\" class=\"yoast-schema-graph\">{\"@context\":\"https:\\\/\\\/schema.org\",\"@graph\":[{\"@type\":\"Article\",\"@id\":\"https:\\\/\\\/lightweb.dev\\\/l\\\/svm-temp\\\/artiklar\\\/golf-sport\\\/varldseliten-i-padel-tavlar-i-san-pedro-de-alcantara\\\/#article\",\"isPartOf\":{\"@id\":\"https:\\\/\\\/lightweb.dev\\\/l\\\/svm-temp\\\/artiklar\\\/golf-sport\\\/varldseliten-i-padel-tavlar-i-san-pedro-de-alcantara\\\/\"},\"author\":{\"name\":\"Ola Josefsson\",\"@id\":\"https:\\\/\\\/lightweb.dev\\\/l\\\/svm-temp\\\/#\\\/schema\\\/person\\\/7a82b8a73d171d32360a564b6d03508e\"},\"headline\":\"V\u00e4rldseliten i padel t\u00e4vlar i San Pedro de Alc\u00e1ntara\",\"datePublished\":\"2023-05-30T08:13:35+00:00\",\"dateModified\":\"2023-05-31T11:10:47+00:00\",\"mainEntityOfPage\":{\"@id\":\"https:\\\/\\\/lightweb.dev\\\/l\\\/svm-temp\\\/artiklar\\\/golf-sport\\\/varldseliten-i-padel-tavlar-i-san-pedro-de-alcantara\\\/\"},\"wordCount\":213,\"commentCount\":1,\"publisher\":{\"@id\":\"https:\\\/\\\/lightweb.dev\\\/l\\\/svm-temp\\\/#organization\"},\"image\":{\"@id\":\"https:\\\/\\\/lightweb.dev\\\/l\\\/svm-temp\\\/artiklar\\\/golf-sport\\\/varldseliten-i-padel-tavlar-i-san-pedro-de-alcantara\\\/#primaryimage\"},\"thumbnailUrl\":\"https:\\\/\\\/lightweb.dev\\\/l\\\/svm-temp\\\/wp-content\\\/uploads\\\/2023\\\/05\\\/FxW8WjxX0AAuxpX-stor.jpeg\",\"articleSection\":[\"Nyheter\",\"Sport\"],\"inLanguage\":\"sv-SE\"},{\"@type\":\"WebPage\",\"@id\":\"https:\\\/\\\/lightweb.dev\\\/l\\\/svm-temp\\\/artiklar\\\/golf-sport\\\/varldseliten-i-padel-tavlar-i-san-pedro-de-alcantara\\\/\",\"url\":\"https:\\\/\\\/lightweb.dev\\\/l\\\/svm-temp\\\/artiklar\\\/golf-sport\\\/varldseliten-i-padel-tavlar-i-san-pedro-de-alcantara\\\/\",\"name\":\"V\u00e4rldseliten i padel t\u00e4vlar i San Pedro de Alc\u00e1ntara - Svenska Magasinet\",\"isPartOf\":{\"@id\":\"https:\\\/\\\/lightweb.dev\\\/l\\\/svm-temp\\\/#website\"},\"primaryImageOfPage\":{\"@id\":\"https:\\\/\\\/lightweb.dev\\\/l\\\/svm-temp\\\/artiklar\\\/golf-sport\\\/varldseliten-i-padel-tavlar-i-san-pedro-de-alcantara\\\/#primaryimage\"},\"image\":{\"@id\":\"https:\\\/\\\/lightweb.dev\\\/l\\\/svm-temp\\\/artiklar\\\/golf-sport\\\/varldseliten-i-padel-tavlar-i-san-pedro-de-alcantara\\\/#primaryimage\"},\"thumbnailUrl\":\"https:\\\/\\\/lightweb.dev\\\/l\\\/svm-temp\\\/wp-content\\\/uploads\\\/2023\\\/05\\\/FxW8WjxX0AAuxpX-stor.jpeg\",\"datePublished\":\"2023-05-30T08:13:35+00:00\",\"dateModified\":\"2023-05-31T11:10:47+00:00\",\"description\":\"Idag inleds Masterst\u00e4vlingen i World Padel Tour p\u00e5 Finca La Caridad i San Pedro de Alc\u00e1ntara. V\u00e4rldseliten \u00e4r p\u00e5 plats i tourt\u00e4vlingen Cervezas Victoria Marbella Master som p\u00e5g\u00e5r fram till s\u00f6ndag.\",\"breadcrumb\":{\"@id\":\"https:\\\/\\\/lightweb.dev\\\/l\\\/svm-temp\\\/artiklar\\\/golf-sport\\\/varldseliten-i-padel-tavlar-i-san-pedro-de-alcantara\\\/#breadcrumb\"},\"inLanguage\":\"sv-SE\",\"potentialAction\":[{\"@type\":\"ReadAction\",\"target\":[\"https:\\\/\\\/lightweb.dev\\\/l\\\/svm-temp\\\/artiklar\\\/golf-sport\\\/varldseliten-i-padel-tavlar-i-san-pedro-de-alcantara\\\/\"]}]},{\"@type\":\"ImageObject\",\"inLanguage\":\"sv-SE\",\"@id\":\"https:\\\/\\\/lightweb.dev\\\/l\\\/svm-temp\\\/artiklar\\\/golf-sport\\\/varldseliten-i-padel-tavlar-i-san-pedro-de-alcantara\\\/#primaryimage\",\"url\":\"https:\\\/\\\/lightweb.dev\\\/l\\\/svm-temp\\\/wp-content\\\/uploads\\\/2023\\\/05\\\/FxW8WjxX0AAuxpX-stor.jpeg\",\"contentUrl\":\"https:\\\/\\\/lightweb.dev\\\/l\\\/svm-temp\\\/wp-content\\\/uploads\\\/2023\\\/05\\\/FxW8WjxX0AAuxpX-stor.jpeg\",\"width\":1280,\"height\":960,\"caption\":\"(Foto: Twitter @WorldPadelTour)\"},{\"@type\":\"BreadcrumbList\",\"@id\":\"https:\\\/\\\/lightweb.dev\\\/l\\\/svm-temp\\\/artiklar\\\/golf-sport\\\/varldseliten-i-padel-tavlar-i-san-pedro-de-alcantara\\\/#breadcrumb\",\"itemListElement\":[{\"@type\":\"ListItem\",\"position\":1,\"name\":\"Hem\",\"item\":\"https:\\\/\\\/lightweb.dev\\\/l\\\/svm-temp\\\/\"},{\"@type\":\"ListItem\",\"position\":2,\"name\":\"V\u00e4rldseliten i padel t\u00e4vlar i San Pedro de Alc\u00e1ntara\"}]},{\"@type\":\"WebSite\",\"@id\":\"https:\\\/\\\/lightweb.dev\\\/l\\\/svm-temp\\\/#website\",\"url\":\"https:\\\/\\\/lightweb.dev\\\/l\\\/svm-temp\\\/\",\"name\":\"Svenska Magasinet\",\"description\":\"Dina Spanska nyheter p&aring; Svenska\",\"publisher\":{\"@id\":\"https:\\\/\\\/lightweb.dev\\\/l\\\/svm-temp\\\/#organization\"},\"potentialAction\":[{\"@type\":\"SearchAction\",\"target\":{\"@type\":\"EntryPoint\",\"urlTemplate\":\"https:\\\/\\\/lightweb.dev\\\/l\\\/svm-temp\\\/?s={search_term_string}\"},\"query-input\":{\"@type\":\"PropertyValueSpecification\",\"valueRequired\":true,\"valueName\":\"search_term_string\"}}],\"inLanguage\":\"sv-SE\"},{\"@type\":\"Organization\",\"@id\":\"https:\\\/\\\/lightweb.dev\\\/l\\\/svm-temp\\\/#organization\",\"name\":\"Melkerson y Nott SL\",\"alternateName\":\"Svenska Magasinet\",\"url\":\"https:\\\/\\\/lightweb.dev\\\/l\\\/svm-temp\\\/\",\"logo\":{\"@type\":\"ImageObject\",\"inLanguage\":\"sv-SE\",\"@id\":\"https:\\\/\\\/lightweb.dev\\\/l\\\/svm-temp\\\/#\\\/schema\\\/logo\\\/image\\\/\",\"url\":\"https:\\\/\\\/lightweb.dev\\\/l\\\/svm-temp\\\/wp-content\\\/uploads\\\/2025\\\/02\\\/SvM-logo-Xtra-Centrerad-SVART.png\",\"contentUrl\":\"https:\\\/\\\/lightweb.dev\\\/l\\\/svm-temp\\\/wp-content\\\/uploads\\\/2025\\\/02\\\/SvM-logo-Xtra-Centrerad-SVART.png\",\"width\":300,\"height\":99,\"caption\":\"Melkerson y Nott SL\"},\"image\":{\"@id\":\"https:\\\/\\\/lightweb.dev\\\/l\\\/svm-temp\\\/#\\\/schema\\\/logo\\\/image\\\/\"},\"sameAs\":[\"https:\\\/\\\/www.facebook.com\\\/svenskamagasinet\",\"https:\\\/\\\/x.com\\\/SvenskaMagasine\"]},{\"@type\":\"Person\",\"@id\":\"https:\\\/\\\/lightweb.dev\\\/l\\\/svm-temp\\\/#\\\/schema\\\/person\\\/7a82b8a73d171d32360a564b6d03508e\",\"name\":\"Ola Josefsson\",\"description\":\"Bevakar Solkusten och Spanien sedan 1994.\",\"sameAs\":[\"https:\\\/\\\/lightweb.dev\\\/l\\\/svm-temp\"],\"url\":\"https:\\\/\\\/lightweb.dev\\\/l\\\/svm-temp\\\/reporter\\\/ola-josefsson\\\/\"}]}<\/script>\n<!-- \/ Yoast SEO Premium plugin. -->","yoast_head_json":{"title":"V\u00e4rldseliten i padel t\u00e4vlar i San Pedro de Alc\u00e1ntara - Svenska Magasinet","description":"Idag inleds Masterst\u00e4vlingen i World Padel Tour p\u00e5 Finca La Caridad i San Pedro de Alc\u00e1ntara. V\u00e4rldseliten \u00e4r p\u00e5 plats i tourt\u00e4vlingen Cervezas Victoria Marbella Master som p\u00e5g\u00e5r fram till s\u00f6ndag.","robots":{"index":"noindex","follow":"follow","max-snippet":"max-snippet:-1","max-image-preview":"max-image-preview:large","max-video-preview":"max-video-preview:-1"},"og_locale":"sv_SE","og_type":"article","og_title":"V\u00e4rldseliten i padel t\u00e4vlar i San Pedro de Alc\u00e1ntara","og_description":"Idag inleds Masterst\u00e4vlingen i World Padel Tour p\u00e5 Finca La Caridad i San Pedro de Alc\u00e1ntara. V\u00e4rldseliten \u00e4r p\u00e5 plats i tourt\u00e4vlingen Cervezas Victoria Marbella Master som p\u00e5g\u00e5r fram till s\u00f6ndag.","og_url":"https:\/\/lightweb.dev\/l\/svm-temp\/artiklar\/golf-sport\/varldseliten-i-padel-tavlar-i-san-pedro-de-alcantara\/","og_site_name":"Svenska Magasinet","article_publisher":"https:\/\/www.facebook.com\/svenskamagasinet","article_published_time":"2023-05-30T08:13:35+00:00","article_modified_time":"2023-05-31T11:10:47+00:00","og_image":[{"width":1280,"height":960,"url":"https:\/\/lightweb.dev\/l\/svm-temp\/wp-content\/uploads\/2023\/05\/FxW8WjxX0AAuxpX-stor.jpeg","type":"image\/jpeg"}],"author":"Ola Josefsson","twitter_card":"summary_large_image","twitter_creator":"@SvenskaMagasine","twitter_site":"@SvenskaMagasine","schema":{"@context":"https:\/\/schema.org","@graph":[{"@type":"Article","@id":"https:\/\/lightweb.dev\/l\/svm-temp\/artiklar\/golf-sport\/varldseliten-i-padel-tavlar-i-san-pedro-de-alcantara\/#article","isPartOf":{"@id":"https:\/\/lightweb.dev\/l\/svm-temp\/artiklar\/golf-sport\/varldseliten-i-padel-tavlar-i-san-pedro-de-alcantara\/"},"author":{"name":"Ola Josefsson","@id":"https:\/\/lightweb.dev\/l\/svm-temp\/#\/schema\/person\/7a82b8a73d171d32360a564b6d03508e"},"headline":"V\u00e4rldseliten i padel t\u00e4vlar i San Pedro de Alc\u00e1ntara","datePublished":"2023-05-30T08:13:35+00:00","dateModified":"2023-05-31T11:10:47+00:00","mainEntityOfPage":{"@id":"https:\/\/lightweb.dev\/l\/svm-temp\/artiklar\/golf-sport\/varldseliten-i-padel-tavlar-i-san-pedro-de-alcantara\/"},"wordCount":213,"commentCount":1,"publisher":{"@id":"https:\/\/lightweb.dev\/l\/svm-temp\/#organization"},"image":{"@id":"https:\/\/lightweb.dev\/l\/svm-temp\/artiklar\/golf-sport\/varldseliten-i-padel-tavlar-i-san-pedro-de-alcantara\/#primaryimage"},"thumbnailUrl":"https:\/\/lightweb.dev\/l\/svm-temp\/wp-content\/uploads\/2023\/05\/FxW8WjxX0AAuxpX-stor.jpeg","articleSection":["Nyheter","Sport"],"inLanguage":"sv-SE"},{"@type":"WebPage","@id":"https:\/\/lightweb.dev\/l\/svm-temp\/artiklar\/golf-sport\/varldseliten-i-padel-tavlar-i-san-pedro-de-alcantara\/","url":"https:\/\/lightweb.dev\/l\/svm-temp\/artiklar\/golf-sport\/varldseliten-i-padel-tavlar-i-san-pedro-de-alcantara\/","name":"V\u00e4rldseliten i padel t\u00e4vlar i San Pedro de Alc\u00e1ntara - Svenska Magasinet","isPartOf":{"@id":"https:\/\/lightweb.dev\/l\/svm-temp\/#website"},"primaryImageOfPage":{"@id":"https:\/\/lightweb.dev\/l\/svm-temp\/artiklar\/golf-sport\/varldseliten-i-padel-tavlar-i-san-pedro-de-alcantara\/#primaryimage"},"image":{"@id":"https:\/\/lightweb.dev\/l\/svm-temp\/artiklar\/golf-sport\/varldseliten-i-padel-tavlar-i-san-pedro-de-alcantara\/#primaryimage"},"thumbnailUrl":"https:\/\/lightweb.dev\/l\/svm-temp\/wp-content\/uploads\/2023\/05\/FxW8WjxX0AAuxpX-stor.jpeg","datePublished":"2023-05-30T08:13:35+00:00","dateModified":"2023-05-31T11:10:47+00:00","description":"Idag inleds Masterst\u00e4vlingen i World Padel Tour p\u00e5 Finca La Caridad i San Pedro de Alc\u00e1ntara. V\u00e4rldseliten \u00e4r p\u00e5 plats i tourt\u00e4vlingen Cervezas Victoria Marbella Master som p\u00e5g\u00e5r fram till s\u00f6ndag.","breadcrumb":{"@id":"https:\/\/lightweb.dev\/l\/svm-temp\/artiklar\/golf-sport\/varldseliten-i-padel-tavlar-i-san-pedro-de-alcantara\/#breadcrumb"},"inLanguage":"sv-SE","potentialAction":[{"@type":"ReadAction","target":["https:\/\/lightweb.dev\/l\/svm-temp\/artiklar\/golf-sport\/varldseliten-i-padel-tavlar-i-san-pedro-de-alcantara\/"]}]},{"@type":"ImageObject","inLanguage":"sv-SE","@id":"https:\/\/lightweb.dev\/l\/svm-temp\/artiklar\/golf-sport\/varldseliten-i-padel-tavlar-i-san-pedro-de-alcantara\/#primaryimage","url":"https:\/\/lightweb.dev\/l\/svm-temp\/wp-content\/uploads\/2023\/05\/FxW8WjxX0AAuxpX-stor.jpeg","contentUrl":"https:\/\/lightweb.dev\/l\/svm-temp\/wp-content\/uploads\/2023\/05\/FxW8WjxX0AAuxpX-stor.jpeg","width":1280,"height":960,"caption":"(Foto: Twitter @WorldPadelTour)"},{"@type":"BreadcrumbList","@id":"https:\/\/lightweb.dev\/l\/svm-temp\/artiklar\/golf-sport\/varldseliten-i-padel-tavlar-i-san-pedro-de-alcantara\/#breadcrumb","itemListElement":[{"@type":"ListItem","position":1,"name":"Hem","item":"https:\/\/lightweb.dev\/l\/svm-temp\/"},{"@type":"ListItem","position":2,"name":"V\u00e4rldseliten i padel t\u00e4vlar i San Pedro de Alc\u00e1ntara"}]},{"@type":"WebSite","@id":"https:\/\/lightweb.dev\/l\/svm-temp\/#website","url":"https:\/\/lightweb.dev\/l\/svm-temp\/","name":"Svenska Magasinet","description":"Dina Spanska nyheter p&aring; Svenska","publisher":{"@id":"https:\/\/lightweb.dev\/l\/svm-temp\/#organization"},"potentialAction":[{"@type":"SearchAction","target":{"@type":"EntryPoint","urlTemplate":"https:\/\/lightweb.dev\/l\/svm-temp\/?s={search_term_string}"},"query-input":{"@type":"PropertyValueSpecification","valueRequired":true,"valueName":"search_term_string"}}],"inLanguage":"sv-SE"},{"@type":"Organization","@id":"https:\/\/lightweb.dev\/l\/svm-temp\/#organization","name":"Melkerson y Nott SL","alternateName":"Svenska Magasinet","url":"https:\/\/lightweb.dev\/l\/svm-temp\/","logo":{"@type":"ImageObject","inLanguage":"sv-SE","@id":"https:\/\/lightweb.dev\/l\/svm-temp\/#\/schema\/logo\/image\/","url":"https:\/\/lightweb.dev\/l\/svm-temp\/wp-content\/uploads\/2025\/02\/SvM-logo-Xtra-Centrerad-SVART.png","contentUrl":"https:\/\/lightweb.dev\/l\/svm-temp\/wp-content\/uploads\/2025\/02\/SvM-logo-Xtra-Centrerad-SVART.png","width":300,"height":99,"caption":"Melkerson y Nott SL"},"image":{"@id":"https:\/\/lightweb.dev\/l\/svm-temp\/#\/schema\/logo\/image\/"},"sameAs":["https:\/\/www.facebook.com\/svenskamagasinet","https:\/\/x.com\/SvenskaMagasine"]},{"@type":"Person","@id":"https:\/\/lightweb.dev\/l\/svm-temp\/#\/schema\/person\/7a82b8a73d171d32360a564b6d03508e","name":"Ola Josefsson","description":"Bevakar Solkusten och Spanien sedan 1994.","sameAs":["https:\/\/lightweb.dev\/l\/svm-temp"],"url":"https:\/\/lightweb.dev\/l\/svm-temp\/reporter\/ola-josefsson\/"}]}},"_links":{"self":[{"href":"https:\/\/lightweb.dev\/l\/svm-temp\/wp-json\/wp\/v2\/posts\/64067","targetHints":{"allow":["GET"]}}],"collection":[{"href":"https:\/\/lightweb.dev\/l\/svm-temp\/wp-json\/wp\/v2\/posts"}],"about":[{"href":"https:\/\/lightweb.dev\/l\/svm-temp\/wp-json\/wp\/v2\/types\/post"}],"author":[{"embeddable":true,"href":"https:\/\/lightweb.dev\/l\/svm-temp\/wp-json\/wp\/v2\/users\/7"}],"replies":[{"embeddable":true,"href":"https:\/\/lightweb.dev\/l\/svm-temp\/wp-json\/wp\/v2\/comments?post=64067"}],"version-history":[{"count":0,"href":"https:\/\/lightweb.dev\/l\/svm-temp\/wp-json\/wp\/v2\/posts\/64067\/revisions"}],"wp:featuredmedia":[{"embeddable":true,"href":"https:\/\/lightweb.dev\/l\/svm-temp\/wp-json\/wp\/v2\/media\/64069"}],"wp:attachment":[{"href":"https:\/\/lightweb.dev\/l\/svm-temp\/wp-json\/wp\/v2\/media?parent=64067"}],"wp:term":[{"taxonomy":"category","embeddable":true,"href":"https:\/\/lightweb.dev\/l\/svm-temp\/wp-json\/wp\/v2\/categories?post=64067"},{"taxonomy":"post_tag","embeddable":true,"href":"https:\/\/lightweb.dev\/l\/svm-temp\/wp-json\/wp\/v2\/tags?post=64067"}],"curies":[{"name":"wp","href":"https:\/\/api.w.org\/{rel}","templated":true}]}}