{"id":64074,"date":"2023-05-30T10:43:47","date_gmt":"2023-05-30T08:43:47","guid":{"rendered":"https:\/\/lightweb.dev\/l\/svm-temp\/?p=64074"},"modified":"2023-05-30T10:43:47","modified_gmt":"2023-05-30T08:43:47","slug":"finnair-utokar-trafiken-mellan-helsingfors-och-spanien","status":"publish","type":"post","link":"https:\/\/lightweb.dev\/l\/svm-temp\/nyheter\/finnair-utokar-trafiken-mellan-helsingfors-och-spanien\/","title":{"rendered":"Finnair ut\u00f6kar trafiken mellan Helsingfors och Spanien"},"content":{"rendered":"<p><strong>Finnair som i \u00e5r firar 100-\u00e5rsjubileum ut\u00f6kar sitt program till tv\u00e5 flyg om dagen p\u00e5 linjen M\u00e1laga-Helsingfors\/Vanda. Redan 1964 startade Finnair flygtrafik till Costa del Sol.<\/strong><\/p>\n<p>Helsingfors\/Vanda har blivit ett nav med anslutningar till Delhi, Tokyo, Singapore, Bangkok, Seoul, New York och Los Angeles bland annat.<\/p>\n<p>F\u00f6rutom tv\u00e5 flyg dagligen fr\u00e5n Helsingfors till M\u00e1laga har Finnair dagliga flyg fr\u00e5n den finska huvudstaden till Barcelona och Madrid samt tv\u00e5 flyg i veckan till Alicante och Palma de Mallorca, skriver nyhetsbyr\u00e5n <a href=\"https:\/\/www.europapress.es\/andalucia\/turismo-00476\/noticia-finnair-opera-doble-vuelo-diario-malaga-helsinki-verano-20230526181052.html?utm_campaign=smartclip_social&amp;utm_medium=Social&amp;utm_source=Twitter\">Europa Press.<\/a><\/p>\n<p>M\u00e1laga \u00e4r en av Finnairs \u00e4ldsta destinationer utrikes. Finnair b\u00f6rjade flyga till Solkusten 1964 med mellanlandning i Barcelona. Samtidigt startade rutter till Milano, Frankfurt och Amsterdam. Sedan dess \u00e4r M\u00e1laga en av Finnairs fr\u00e4msta destinationer p\u00e5 den spanska marknaden.<\/p>\n<p>Under sommaren 2023 har Finnair upp till trettio avg\u00e5ngar i veckan mellan Helsingfors och Spanien.<\/p>\n","protected":false},"excerpt":{"rendered":"<p>Finnair som i \u00e5r firar 100-\u00e5rsjubileum ut\u00f6kar sitt program till tv\u00e5 flyg om dagen p\u00e5 linjen M\u00e1laga-Helsingfors\/Vanda. Redan 1964 startade Finnair flygtrafik till Costa del Sol&#8230;<\/p>\n","protected":false},"author":7,"featured_media":64076,"comment_status":"open","ping_status":"closed","sticky":false,"template":"","format":"standard","meta":{"_et_pb_use_builder":"","_et_pb_old_content":"","_et_gb_content_width":"","footnotes":""},"categories":[395,3],"tags":[],"class_list":["post-64074","post","type-post","status-publish","format-standard","has-post-thumbnail","hentry","category-arkiv-nyheter","category-nyheter"],"yoast_head":"<!-- This site is optimized with the Yoast SEO Premium plugin v26.2 (Yoast SEO v27.4) - https:\/\/yoast.com\/product\/yoast-seo-premium-wordpress\/ -->\n<title>Finnair ut\u00f6kar trafiken mellan Helsingfors och Spanien - Svenska Magasinet<\/title>\n<meta name=\"description\" content=\"Finnair som i \u00e5r firar 100-\u00e5rsjubileum ut\u00f6kar sitt program till tv\u00e5 flyg om dagen p\u00e5 linjen M\u00e1laga-Helsingfors\/Vanda. Redan 1964 startade Finnair flygtrafik till Costa del Sol.\" \/>\n<meta name=\"robots\" content=\"noindex, follow, max-snippet:-1, max-image-preview:large, max-video-preview:-1\" \/>\n<meta property=\"og:locale\" content=\"sv_SE\" \/>\n<meta property=\"og:type\" content=\"article\" \/>\n<meta property=\"og:title\" content=\"Finnair ut\u00f6kar trafiken mellan Helsingfors och Spanien\" \/>\n<meta property=\"og:description\" content=\"Finnair som i \u00e5r firar 100-\u00e5rsjubileum ut\u00f6kar sitt program till tv\u00e5 flyg om dagen p\u00e5 linjen M\u00e1laga-Helsingfors\/Vanda. Redan 1964 startade Finnair flygtrafik till Costa del Sol.\" \/>\n<meta property=\"og:url\" content=\"https:\/\/lightweb.dev\/l\/svm-temp\/nyheter\/finnair-utokar-trafiken-mellan-helsingfors-och-spanien\/\" \/>\n<meta property=\"og:site_name\" content=\"Svenska Magasinet\" \/>\n<meta property=\"article:publisher\" content=\"https:\/\/www.facebook.com\/svenskamagasinet\" \/>\n<meta property=\"article:published_time\" content=\"2023-05-30T08:43:47+00:00\" \/>\n<meta property=\"og:image\" content=\"https:\/\/lightweb.dev\/l\/svm-temp\/wp-content\/uploads\/2023\/05\/Finnair_OH-LWO_Airbus_A350-941_49565716892-stor.jpeg\" \/>\n\t<meta property=\"og:image:width\" content=\"1200\" \/>\n\t<meta property=\"og:image:height\" content=\"800\" \/>\n\t<meta property=\"og:image:type\" content=\"image\/jpeg\" \/>\n<meta name=\"author\" content=\"Ola Josefsson\" \/>\n<meta name=\"twitter:card\" content=\"summary_large_image\" \/>\n<meta name=\"twitter:creator\" content=\"@SvenskaMagasine\" \/>\n<meta name=\"twitter:site\" content=\"@SvenskaMagasine\" \/>\n<script type=\"application\/ld+json\" class=\"yoast-schema-graph\">{\"@context\":\"https:\\\/\\\/schema.org\",\"@graph\":[{\"@type\":\"Article\",\"@id\":\"https:\\\/\\\/lightweb.dev\\\/l\\\/svm-temp\\\/nyheter\\\/finnair-utokar-trafiken-mellan-helsingfors-och-spanien\\\/#article\",\"isPartOf\":{\"@id\":\"https:\\\/\\\/lightweb.dev\\\/l\\\/svm-temp\\\/nyheter\\\/finnair-utokar-trafiken-mellan-helsingfors-och-spanien\\\/\"},\"author\":{\"name\":\"Ola Josefsson\",\"@id\":\"https:\\\/\\\/lightweb.dev\\\/l\\\/svm-temp\\\/#\\\/schema\\\/person\\\/7a82b8a73d171d32360a564b6d03508e\"},\"headline\":\"Finnair ut\u00f6kar trafiken mellan Helsingfors och Spanien\",\"datePublished\":\"2023-05-30T08:43:47+00:00\",\"mainEntityOfPage\":{\"@id\":\"https:\\\/\\\/lightweb.dev\\\/l\\\/svm-temp\\\/nyheter\\\/finnair-utokar-trafiken-mellan-helsingfors-och-spanien\\\/\"},\"wordCount\":155,\"commentCount\":1,\"publisher\":{\"@id\":\"https:\\\/\\\/lightweb.dev\\\/l\\\/svm-temp\\\/#organization\"},\"image\":{\"@id\":\"https:\\\/\\\/lightweb.dev\\\/l\\\/svm-temp\\\/nyheter\\\/finnair-utokar-trafiken-mellan-helsingfors-och-spanien\\\/#primaryimage\"},\"thumbnailUrl\":\"https:\\\/\\\/lightweb.dev\\\/l\\\/svm-temp\\\/wp-content\\\/uploads\\\/2023\\\/05\\\/Finnair_OH-LWO_Airbus_A350-941_49565716892-stor.jpeg\",\"articleSection\":[\"Arkiv\",\"Nyheter\"],\"inLanguage\":\"sv-SE\"},{\"@type\":\"WebPage\",\"@id\":\"https:\\\/\\\/lightweb.dev\\\/l\\\/svm-temp\\\/nyheter\\\/finnair-utokar-trafiken-mellan-helsingfors-och-spanien\\\/\",\"url\":\"https:\\\/\\\/lightweb.dev\\\/l\\\/svm-temp\\\/nyheter\\\/finnair-utokar-trafiken-mellan-helsingfors-och-spanien\\\/\",\"name\":\"Finnair ut\u00f6kar trafiken mellan Helsingfors och Spanien - Svenska Magasinet\",\"isPartOf\":{\"@id\":\"https:\\\/\\\/lightweb.dev\\\/l\\\/svm-temp\\\/#website\"},\"primaryImageOfPage\":{\"@id\":\"https:\\\/\\\/lightweb.dev\\\/l\\\/svm-temp\\\/nyheter\\\/finnair-utokar-trafiken-mellan-helsingfors-och-spanien\\\/#primaryimage\"},\"image\":{\"@id\":\"https:\\\/\\\/lightweb.dev\\\/l\\\/svm-temp\\\/nyheter\\\/finnair-utokar-trafiken-mellan-helsingfors-och-spanien\\\/#primaryimage\"},\"thumbnailUrl\":\"https:\\\/\\\/lightweb.dev\\\/l\\\/svm-temp\\\/wp-content\\\/uploads\\\/2023\\\/05\\\/Finnair_OH-LWO_Airbus_A350-941_49565716892-stor.jpeg\",\"datePublished\":\"2023-05-30T08:43:47+00:00\",\"description\":\"Finnair som i \u00e5r firar 100-\u00e5rsjubileum ut\u00f6kar sitt program till tv\u00e5 flyg om dagen p\u00e5 linjen M\u00e1laga-Helsingfors\\\/Vanda. Redan 1964 startade Finnair flygtrafik till Costa del Sol.\",\"breadcrumb\":{\"@id\":\"https:\\\/\\\/lightweb.dev\\\/l\\\/svm-temp\\\/nyheter\\\/finnair-utokar-trafiken-mellan-helsingfors-och-spanien\\\/#breadcrumb\"},\"inLanguage\":\"sv-SE\",\"potentialAction\":[{\"@type\":\"ReadAction\",\"target\":[\"https:\\\/\\\/lightweb.dev\\\/l\\\/svm-temp\\\/nyheter\\\/finnair-utokar-trafiken-mellan-helsingfors-och-spanien\\\/\"]}]},{\"@type\":\"ImageObject\",\"inLanguage\":\"sv-SE\",\"@id\":\"https:\\\/\\\/lightweb.dev\\\/l\\\/svm-temp\\\/nyheter\\\/finnair-utokar-trafiken-mellan-helsingfors-och-spanien\\\/#primaryimage\",\"url\":\"https:\\\/\\\/lightweb.dev\\\/l\\\/svm-temp\\\/wp-content\\\/uploads\\\/2023\\\/05\\\/Finnair_OH-LWO_Airbus_A350-941_49565716892-stor.jpeg\",\"contentUrl\":\"https:\\\/\\\/lightweb.dev\\\/l\\\/svm-temp\\\/wp-content\\\/uploads\\\/2023\\\/05\\\/Finnair_OH-LWO_Airbus_A350-941_49565716892-stor.jpeg\",\"width\":1200,\"height\":800,\"caption\":\"Finnair som i \u00e5r firar 100 \u00e5r b\u00f6rjade flyg till M\u00e1laga 1964.\"},{\"@type\":\"BreadcrumbList\",\"@id\":\"https:\\\/\\\/lightweb.dev\\\/l\\\/svm-temp\\\/nyheter\\\/finnair-utokar-trafiken-mellan-helsingfors-och-spanien\\\/#breadcrumb\",\"itemListElement\":[{\"@type\":\"ListItem\",\"position\":1,\"name\":\"Hem\",\"item\":\"https:\\\/\\\/lightweb.dev\\\/l\\\/svm-temp\\\/\"},{\"@type\":\"ListItem\",\"position\":2,\"name\":\"Finnair ut\u00f6kar trafiken mellan Helsingfors och Spanien\"}]},{\"@type\":\"WebSite\",\"@id\":\"https:\\\/\\\/lightweb.dev\\\/l\\\/svm-temp\\\/#website\",\"url\":\"https:\\\/\\\/lightweb.dev\\\/l\\\/svm-temp\\\/\",\"name\":\"Svenska Magasinet\",\"description\":\"Dina Spanska nyheter p&aring; Svenska\",\"publisher\":{\"@id\":\"https:\\\/\\\/lightweb.dev\\\/l\\\/svm-temp\\\/#organization\"},\"potentialAction\":[{\"@type\":\"SearchAction\",\"target\":{\"@type\":\"EntryPoint\",\"urlTemplate\":\"https:\\\/\\\/lightweb.dev\\\/l\\\/svm-temp\\\/?s={search_term_string}\"},\"query-input\":{\"@type\":\"PropertyValueSpecification\",\"valueRequired\":true,\"valueName\":\"search_term_string\"}}],\"inLanguage\":\"sv-SE\"},{\"@type\":\"Organization\",\"@id\":\"https:\\\/\\\/lightweb.dev\\\/l\\\/svm-temp\\\/#organization\",\"name\":\"Melkerson y Nott SL\",\"alternateName\":\"Svenska Magasinet\",\"url\":\"https:\\\/\\\/lightweb.dev\\\/l\\\/svm-temp\\\/\",\"logo\":{\"@type\":\"ImageObject\",\"inLanguage\":\"sv-SE\",\"@id\":\"https:\\\/\\\/lightweb.dev\\\/l\\\/svm-temp\\\/#\\\/schema\\\/logo\\\/image\\\/\",\"url\":\"https:\\\/\\\/lightweb.dev\\\/l\\\/svm-temp\\\/wp-content\\\/uploads\\\/2025\\\/02\\\/SvM-logo-Xtra-Centrerad-SVART.png\",\"contentUrl\":\"https:\\\/\\\/lightweb.dev\\\/l\\\/svm-temp\\\/wp-content\\\/uploads\\\/2025\\\/02\\\/SvM-logo-Xtra-Centrerad-SVART.png\",\"width\":300,\"height\":99,\"caption\":\"Melkerson y Nott SL\"},\"image\":{\"@id\":\"https:\\\/\\\/lightweb.dev\\\/l\\\/svm-temp\\\/#\\\/schema\\\/logo\\\/image\\\/\"},\"sameAs\":[\"https:\\\/\\\/www.facebook.com\\\/svenskamagasinet\",\"https:\\\/\\\/x.com\\\/SvenskaMagasine\"]},{\"@type\":\"Person\",\"@id\":\"https:\\\/\\\/lightweb.dev\\\/l\\\/svm-temp\\\/#\\\/schema\\\/person\\\/7a82b8a73d171d32360a564b6d03508e\",\"name\":\"Ola Josefsson\",\"description\":\"Bevakar Solkusten och Spanien sedan 1994.\",\"sameAs\":[\"https:\\\/\\\/lightweb.dev\\\/l\\\/svm-temp\"],\"url\":\"https:\\\/\\\/lightweb.dev\\\/l\\\/svm-temp\\\/reporter\\\/ola-josefsson\\\/\"}]}<\/script>\n<!-- \/ Yoast SEO Premium plugin. -->","yoast_head_json":{"title":"Finnair ut\u00f6kar trafiken mellan Helsingfors och Spanien - Svenska Magasinet","description":"Finnair som i \u00e5r firar 100-\u00e5rsjubileum ut\u00f6kar sitt program till tv\u00e5 flyg om dagen p\u00e5 linjen M\u00e1laga-Helsingfors\/Vanda. Redan 1964 startade Finnair flygtrafik till Costa del Sol.","robots":{"index":"noindex","follow":"follow","max-snippet":"max-snippet:-1","max-image-preview":"max-image-preview:large","max-video-preview":"max-video-preview:-1"},"og_locale":"sv_SE","og_type":"article","og_title":"Finnair ut\u00f6kar trafiken mellan Helsingfors och Spanien","og_description":"Finnair som i \u00e5r firar 100-\u00e5rsjubileum ut\u00f6kar sitt program till tv\u00e5 flyg om dagen p\u00e5 linjen M\u00e1laga-Helsingfors\/Vanda. Redan 1964 startade Finnair flygtrafik till Costa del Sol.","og_url":"https:\/\/lightweb.dev\/l\/svm-temp\/nyheter\/finnair-utokar-trafiken-mellan-helsingfors-och-spanien\/","og_site_name":"Svenska Magasinet","article_publisher":"https:\/\/www.facebook.com\/svenskamagasinet","article_published_time":"2023-05-30T08:43:47+00:00","og_image":[{"width":1200,"height":800,"url":"https:\/\/lightweb.dev\/l\/svm-temp\/wp-content\/uploads\/2023\/05\/Finnair_OH-LWO_Airbus_A350-941_49565716892-stor.jpeg","type":"image\/jpeg"}],"author":"Ola Josefsson","twitter_card":"summary_large_image","twitter_creator":"@SvenskaMagasine","twitter_site":"@SvenskaMagasine","schema":{"@context":"https:\/\/schema.org","@graph":[{"@type":"Article","@id":"https:\/\/lightweb.dev\/l\/svm-temp\/nyheter\/finnair-utokar-trafiken-mellan-helsingfors-och-spanien\/#article","isPartOf":{"@id":"https:\/\/lightweb.dev\/l\/svm-temp\/nyheter\/finnair-utokar-trafiken-mellan-helsingfors-och-spanien\/"},"author":{"name":"Ola Josefsson","@id":"https:\/\/lightweb.dev\/l\/svm-temp\/#\/schema\/person\/7a82b8a73d171d32360a564b6d03508e"},"headline":"Finnair ut\u00f6kar trafiken mellan Helsingfors och Spanien","datePublished":"2023-05-30T08:43:47+00:00","mainEntityOfPage":{"@id":"https:\/\/lightweb.dev\/l\/svm-temp\/nyheter\/finnair-utokar-trafiken-mellan-helsingfors-och-spanien\/"},"wordCount":155,"commentCount":1,"publisher":{"@id":"https:\/\/lightweb.dev\/l\/svm-temp\/#organization"},"image":{"@id":"https:\/\/lightweb.dev\/l\/svm-temp\/nyheter\/finnair-utokar-trafiken-mellan-helsingfors-och-spanien\/#primaryimage"},"thumbnailUrl":"https:\/\/lightweb.dev\/l\/svm-temp\/wp-content\/uploads\/2023\/05\/Finnair_OH-LWO_Airbus_A350-941_49565716892-stor.jpeg","articleSection":["Arkiv","Nyheter"],"inLanguage":"sv-SE"},{"@type":"WebPage","@id":"https:\/\/lightweb.dev\/l\/svm-temp\/nyheter\/finnair-utokar-trafiken-mellan-helsingfors-och-spanien\/","url":"https:\/\/lightweb.dev\/l\/svm-temp\/nyheter\/finnair-utokar-trafiken-mellan-helsingfors-och-spanien\/","name":"Finnair ut\u00f6kar trafiken mellan Helsingfors och Spanien - Svenska Magasinet","isPartOf":{"@id":"https:\/\/lightweb.dev\/l\/svm-temp\/#website"},"primaryImageOfPage":{"@id":"https:\/\/lightweb.dev\/l\/svm-temp\/nyheter\/finnair-utokar-trafiken-mellan-helsingfors-och-spanien\/#primaryimage"},"image":{"@id":"https:\/\/lightweb.dev\/l\/svm-temp\/nyheter\/finnair-utokar-trafiken-mellan-helsingfors-och-spanien\/#primaryimage"},"thumbnailUrl":"https:\/\/lightweb.dev\/l\/svm-temp\/wp-content\/uploads\/2023\/05\/Finnair_OH-LWO_Airbus_A350-941_49565716892-stor.jpeg","datePublished":"2023-05-30T08:43:47+00:00","description":"Finnair som i \u00e5r firar 100-\u00e5rsjubileum ut\u00f6kar sitt program till tv\u00e5 flyg om dagen p\u00e5 linjen M\u00e1laga-Helsingfors\/Vanda. Redan 1964 startade Finnair flygtrafik till Costa del Sol.","breadcrumb":{"@id":"https:\/\/lightweb.dev\/l\/svm-temp\/nyheter\/finnair-utokar-trafiken-mellan-helsingfors-och-spanien\/#breadcrumb"},"inLanguage":"sv-SE","potentialAction":[{"@type":"ReadAction","target":["https:\/\/lightweb.dev\/l\/svm-temp\/nyheter\/finnair-utokar-trafiken-mellan-helsingfors-och-spanien\/"]}]},{"@type":"ImageObject","inLanguage":"sv-SE","@id":"https:\/\/lightweb.dev\/l\/svm-temp\/nyheter\/finnair-utokar-trafiken-mellan-helsingfors-och-spanien\/#primaryimage","url":"https:\/\/lightweb.dev\/l\/svm-temp\/wp-content\/uploads\/2023\/05\/Finnair_OH-LWO_Airbus_A350-941_49565716892-stor.jpeg","contentUrl":"https:\/\/lightweb.dev\/l\/svm-temp\/wp-content\/uploads\/2023\/05\/Finnair_OH-LWO_Airbus_A350-941_49565716892-stor.jpeg","width":1200,"height":800,"caption":"Finnair som i \u00e5r firar 100 \u00e5r b\u00f6rjade flyg till M\u00e1laga 1964."},{"@type":"BreadcrumbList","@id":"https:\/\/lightweb.dev\/l\/svm-temp\/nyheter\/finnair-utokar-trafiken-mellan-helsingfors-och-spanien\/#breadcrumb","itemListElement":[{"@type":"ListItem","position":1,"name":"Hem","item":"https:\/\/lightweb.dev\/l\/svm-temp\/"},{"@type":"ListItem","position":2,"name":"Finnair ut\u00f6kar trafiken mellan Helsingfors och Spanien"}]},{"@type":"WebSite","@id":"https:\/\/lightweb.dev\/l\/svm-temp\/#website","url":"https:\/\/lightweb.dev\/l\/svm-temp\/","name":"Svenska Magasinet","description":"Dina Spanska nyheter p&aring; Svenska","publisher":{"@id":"https:\/\/lightweb.dev\/l\/svm-temp\/#organization"},"potentialAction":[{"@type":"SearchAction","target":{"@type":"EntryPoint","urlTemplate":"https:\/\/lightweb.dev\/l\/svm-temp\/?s={search_term_string}"},"query-input":{"@type":"PropertyValueSpecification","valueRequired":true,"valueName":"search_term_string"}}],"inLanguage":"sv-SE"},{"@type":"Organization","@id":"https:\/\/lightweb.dev\/l\/svm-temp\/#organization","name":"Melkerson y Nott SL","alternateName":"Svenska Magasinet","url":"https:\/\/lightweb.dev\/l\/svm-temp\/","logo":{"@type":"ImageObject","inLanguage":"sv-SE","@id":"https:\/\/lightweb.dev\/l\/svm-temp\/#\/schema\/logo\/image\/","url":"https:\/\/lightweb.dev\/l\/svm-temp\/wp-content\/uploads\/2025\/02\/SvM-logo-Xtra-Centrerad-SVART.png","contentUrl":"https:\/\/lightweb.dev\/l\/svm-temp\/wp-content\/uploads\/2025\/02\/SvM-logo-Xtra-Centrerad-SVART.png","width":300,"height":99,"caption":"Melkerson y Nott SL"},"image":{"@id":"https:\/\/lightweb.dev\/l\/svm-temp\/#\/schema\/logo\/image\/"},"sameAs":["https:\/\/www.facebook.com\/svenskamagasinet","https:\/\/x.com\/SvenskaMagasine"]},{"@type":"Person","@id":"https:\/\/lightweb.dev\/l\/svm-temp\/#\/schema\/person\/7a82b8a73d171d32360a564b6d03508e","name":"Ola Josefsson","description":"Bevakar Solkusten och Spanien sedan 1994.","sameAs":["https:\/\/lightweb.dev\/l\/svm-temp"],"url":"https:\/\/lightweb.dev\/l\/svm-temp\/reporter\/ola-josefsson\/"}]}},"_links":{"self":[{"href":"https:\/\/lightweb.dev\/l\/svm-temp\/wp-json\/wp\/v2\/posts\/64074","targetHints":{"allow":["GET"]}}],"collection":[{"href":"https:\/\/lightweb.dev\/l\/svm-temp\/wp-json\/wp\/v2\/posts"}],"about":[{"href":"https:\/\/lightweb.dev\/l\/svm-temp\/wp-json\/wp\/v2\/types\/post"}],"author":[{"embeddable":true,"href":"https:\/\/lightweb.dev\/l\/svm-temp\/wp-json\/wp\/v2\/users\/7"}],"replies":[{"embeddable":true,"href":"https:\/\/lightweb.dev\/l\/svm-temp\/wp-json\/wp\/v2\/comments?post=64074"}],"version-history":[{"count":0,"href":"https:\/\/lightweb.dev\/l\/svm-temp\/wp-json\/wp\/v2\/posts\/64074\/revisions"}],"wp:featuredmedia":[{"embeddable":true,"href":"https:\/\/lightweb.dev\/l\/svm-temp\/wp-json\/wp\/v2\/media\/64076"}],"wp:attachment":[{"href":"https:\/\/lightweb.dev\/l\/svm-temp\/wp-json\/wp\/v2\/media?parent=64074"}],"wp:term":[{"taxonomy":"category","embeddable":true,"href":"https:\/\/lightweb.dev\/l\/svm-temp\/wp-json\/wp\/v2\/categories?post=64074"},{"taxonomy":"post_tag","embeddable":true,"href":"https:\/\/lightweb.dev\/l\/svm-temp\/wp-json\/wp\/v2\/tags?post=64074"}],"curies":[{"name":"wp","href":"https:\/\/api.w.org\/{rel}","templated":true}]}}