{"id":64333,"date":"2023-06-26T01:00:52","date_gmt":"2023-06-25T23:00:52","guid":{"rendered":"https:\/\/lightweb.dev\/l\/svm-temp\/?p=64333"},"modified":"2023-06-26T09:22:02","modified_gmt":"2023-06-26T07:22:02","slug":"halla-dar-janett-jensen-som-arrangerar-costa-tropical-music-camp-i-almunecar","status":"publish","type":"post","link":"https:\/\/lightweb.dev\/l\/svm-temp\/artiklar\/halla-dar-janett-jensen-som-arrangerar-costa-tropical-music-camp-i-almunecar\/","title":{"rendered":"Hall\u00e5 d\u00e4r &#8211; Janett Jensen, som arrangerar Costa Tropical Music Camp i Almu\u00f1\u00e9car"},"content":{"rendered":"<p><strong>V\u00e5ren 2023 var det dags f\u00f6r \u00e4nnu ett Costa Tropical Music Camp i spanska Almunecar.<\/strong><\/p>\n<p><strong>Bakom l\u00e5tskrivarcampet st\u00e5r svenska f\u00f6rl\u00e4ggaren Janett Jensen, tidigare p\u00e5 A&amp;R p\u00e5 Warner Chappell Music Scandinavia.<\/strong><\/p>\n<p><strong>\u00c4nnu ett lyckat l\u00e5tskrivarcamp, hur m\u00e5nga har det blivit nu?<\/strong><\/p>\n<p>&#8211; 14 stycken och cirka 125 l\u00e5tskrivare har deltagit genom \u00e5ren.<\/p>\n<p><strong>Almu\u00f1\u00e9car och Costa Tropical \u00e4r v\u00e4l en plats som inspirerar. Hur beskriver l\u00e5tskrivarna platsen? <\/strong><\/p>\n<p>&#8211; En underbar plats med n\u00e4rhet till hav och str\u00e4nder, samt ett h\u00e4rligt klimat.<\/p>\n<p><strong>Har det blivit n\u00e5gon hit av en l\u00e5t som skrivits i Almu\u00f1\u00e9car?<\/strong><\/p>\n<p>&#8211; \u201dJag m\u00e5ste ringa Carina\u201d med Larz-Kristerz skrevs p\u00e5 mitt allra f\u00f6rsta camp i Almu\u00f1\u00e9car under min tid p\u00e5 Warner\/Chappell Music och sedan dess har ett flertal andra l\u00e5tar blivit utgivna. Senast kom tv\u00e5 l\u00e5tar med i Maltas uttagning till Eurovision d\u00e4r en gick till final, men det blev tyv\u00e4rr ingen seger.<\/p>\n<p><strong>Skriver du sj\u00e4lv?<\/strong><\/p>\n<p>&#8211; Jag skriver en hel del l\u00e5tar som jag hoppas f\u00e5 ut fram\u00f6ver, men sedan tidigare har jag ett flertal inspelade med bland annat Lotta &amp; Anders Engbergs Orkester, Thorleifs, Black Jack, Matz Bladhs, Kellys, Candela med flera<\/p>\n<p><strong>Vad g\u00f6r du i sommar?<\/strong><\/p>\n<p>&#8211; Jag m\u00e5ste absolut h\u00e4lsa p\u00e5 min \u00e4lskade son som jag inte tr\u00e4ffat p\u00e5 4 \u00e5r p\u00e5 grund av pandemin, och att han befunnit sig i Kina sen m\u00e5nga \u00e5r tillbaks. Men nu arbetar han i Thailand. Sen ska jag tr\u00e4ffa min mor.<\/p>\n<p><strong>Vann r\u00e4tt l\u00e5t i \u00e5rets Eurovision?<\/strong><\/p>\n<p>&#8211; Jag tycker att det var r\u00e4tt l\u00e5t som vann Eurovision. En riktigt bra l\u00e5t och Loreen \u00e4r en fantastisk artist med b\u00e5de sin r\u00f6st och sin utstr\u00e5lning.<\/p>\n<p>F\u00f6r den som vill lyssna klicka p\u00e5 l\u00e4nken:<\/p>\n<p><span class=\"f2lwJ9D5HxQBvVrdhoaYk7znN6i0FueGpRLCISEWm3gyOcTZMA\"><iframe title=\"Spotify Embed: Janetts l\u00e5tar\" style=\"border-radius: 12px\" width=\"100%\" height=\"352\" frameborder=\"0\" allowfullscreen allow=\"autoplay; clipboard-write; encrypted-media; fullscreen; picture-in-picture\" loading=\"lazy\" src=\"https:\/\/open.spotify.com\/embed\/playlist\/3aynHav4Yz34mYEWtREy9g?si=uLxMASjaRiiPZHfeQ7CR7g&#038;utm_source=oembed\"><\/iframe><\/span><\/p>\n","protected":false},"excerpt":{"rendered":"<p>V\u00e5ren 2023 var det dags f\u00f6r \u00e4nnu ett Costa Tropical Music Camp i spanska Almunecar. Bakom l\u00e5tskrivarcampet st\u00e5r svenska f\u00f6rl\u00e4ggaren Janett Jensen&#8230;<\/p>\n","protected":false},"author":7,"featured_media":64335,"comment_status":"open","ping_status":"closed","sticky":false,"template":"","format":"standard","meta":{"_et_pb_use_builder":"","_et_pb_old_content":"","_et_gb_content_width":"","footnotes":""},"categories":[396,4],"tags":[],"class_list":["post-64333","post","type-post","status-publish","format-standard","has-post-thumbnail","hentry","category-arkiv-artiklar","category-artiklar"],"yoast_head":"<!-- This site is optimized with the Yoast SEO Premium plugin v26.2 (Yoast SEO v27.4) - https:\/\/yoast.com\/product\/yoast-seo-premium-wordpress\/ -->\n<title>Hall\u00e5 d\u00e4r - Janett Jensen, som arrangerar Costa Tropical Music Camp i Almu\u00f1\u00e9car - Svenska Magasinet<\/title>\n<meta name=\"description\" content=\"V\u00e5ren 2023 var det dags f\u00f6r \u00e4nnu ett Costa Tropical Music Camp i spanska Almunecar. Bakom l\u00e5tskrivarcampet st\u00e5r svenska f\u00f6rl\u00e4ggaren Janett Jensen, tidigare p\u00e5 A&amp;R p\u00e5 Warner Chappell Music Scandinavia.\" \/>\n<meta name=\"robots\" content=\"noindex, follow, max-snippet:-1, max-image-preview:large, max-video-preview:-1\" \/>\n<meta property=\"og:locale\" content=\"sv_SE\" \/>\n<meta property=\"og:type\" content=\"article\" \/>\n<meta property=\"og:title\" content=\"Hall\u00e5 d\u00e4r - Janett Jensen, som arrangerar Costa Tropical Music Camp i Almu\u00f1\u00e9car\" \/>\n<meta property=\"og:description\" content=\"V\u00e5ren 2023 var det dags f\u00f6r \u00e4nnu ett Costa Tropical Music Camp i spanska Almunecar. Bakom l\u00e5tskrivarcampet st\u00e5r svenska f\u00f6rl\u00e4ggaren Janett Jensen, tidigare p\u00e5 A&amp;R p\u00e5 Warner Chappell Music Scandinavia.\" \/>\n<meta property=\"og:url\" content=\"https:\/\/lightweb.dev\/l\/svm-temp\/artiklar\/reportage\/halla-dar-janett-jensen-som-arrangerar-costa-tropical-music-camp-i-almunecar\/\" \/>\n<meta property=\"og:site_name\" content=\"Svenska Magasinet\" \/>\n<meta property=\"article:publisher\" content=\"https:\/\/www.facebook.com\/svenskamagasinet\" \/>\n<meta property=\"article:published_time\" content=\"2023-06-25T23:00:52+00:00\" \/>\n<meta property=\"article:modified_time\" content=\"2023-06-26T07:22:02+00:00\" \/>\n<meta property=\"og:image\" content=\"https:\/\/lightweb.dev\/l\/svm-temp\/wp-content\/uploads\/2023\/06\/image0-stor.jpeg\" \/>\n\t<meta property=\"og:image:width\" content=\"1280\" \/>\n\t<meta property=\"og:image:height\" content=\"960\" \/>\n\t<meta property=\"og:image:type\" content=\"image\/jpeg\" \/>\n<meta name=\"author\" content=\"Ola Josefsson\" \/>\n<meta name=\"twitter:card\" content=\"summary_large_image\" \/>\n<meta name=\"twitter:creator\" content=\"@SvenskaMagasine\" \/>\n<meta name=\"twitter:site\" content=\"@SvenskaMagasine\" \/>\n<script type=\"application\/ld+json\" class=\"yoast-schema-graph\">{\"@context\":\"https:\\\/\\\/schema.org\",\"@graph\":[{\"@type\":\"Article\",\"@id\":\"https:\\\/\\\/lightweb.dev\\\/l\\\/svm-temp\\\/artiklar\\\/reportage\\\/halla-dar-janett-jensen-som-arrangerar-costa-tropical-music-camp-i-almunecar\\\/#article\",\"isPartOf\":{\"@id\":\"https:\\\/\\\/lightweb.dev\\\/l\\\/svm-temp\\\/artiklar\\\/reportage\\\/halla-dar-janett-jensen-som-arrangerar-costa-tropical-music-camp-i-almunecar\\\/\"},\"author\":{\"name\":\"Ola Josefsson\",\"@id\":\"https:\\\/\\\/lightweb.dev\\\/l\\\/svm-temp\\\/#\\\/schema\\\/person\\\/7a82b8a73d171d32360a564b6d03508e\"},\"headline\":\"Hall\u00e5 d\u00e4r &#8211; Janett Jensen, som arrangerar Costa Tropical Music Camp i Almu\u00f1\u00e9car\",\"datePublished\":\"2023-06-25T23:00:52+00:00\",\"dateModified\":\"2023-06-26T07:22:02+00:00\",\"mainEntityOfPage\":{\"@id\":\"https:\\\/\\\/lightweb.dev\\\/l\\\/svm-temp\\\/artiklar\\\/reportage\\\/halla-dar-janett-jensen-som-arrangerar-costa-tropical-music-camp-i-almunecar\\\/\"},\"wordCount\":347,\"commentCount\":0,\"publisher\":{\"@id\":\"https:\\\/\\\/lightweb.dev\\\/l\\\/svm-temp\\\/#organization\"},\"image\":{\"@id\":\"https:\\\/\\\/lightweb.dev\\\/l\\\/svm-temp\\\/artiklar\\\/reportage\\\/halla-dar-janett-jensen-som-arrangerar-costa-tropical-music-camp-i-almunecar\\\/#primaryimage\"},\"thumbnailUrl\":\"https:\\\/\\\/lightweb.dev\\\/l\\\/svm-temp\\\/wp-content\\\/uploads\\\/2023\\\/06\\\/image0-stor.jpeg\",\"articleSection\":[\"Arkiv\",\"Artiklar\"],\"inLanguage\":\"sv-SE\"},{\"@type\":\"WebPage\",\"@id\":\"https:\\\/\\\/lightweb.dev\\\/l\\\/svm-temp\\\/artiklar\\\/reportage\\\/halla-dar-janett-jensen-som-arrangerar-costa-tropical-music-camp-i-almunecar\\\/\",\"url\":\"https:\\\/\\\/lightweb.dev\\\/l\\\/svm-temp\\\/artiklar\\\/reportage\\\/halla-dar-janett-jensen-som-arrangerar-costa-tropical-music-camp-i-almunecar\\\/\",\"name\":\"Hall\u00e5 d\u00e4r - Janett Jensen, som arrangerar Costa Tropical Music Camp i Almu\u00f1\u00e9car - Svenska Magasinet\",\"isPartOf\":{\"@id\":\"https:\\\/\\\/lightweb.dev\\\/l\\\/svm-temp\\\/#website\"},\"primaryImageOfPage\":{\"@id\":\"https:\\\/\\\/lightweb.dev\\\/l\\\/svm-temp\\\/artiklar\\\/reportage\\\/halla-dar-janett-jensen-som-arrangerar-costa-tropical-music-camp-i-almunecar\\\/#primaryimage\"},\"image\":{\"@id\":\"https:\\\/\\\/lightweb.dev\\\/l\\\/svm-temp\\\/artiklar\\\/reportage\\\/halla-dar-janett-jensen-som-arrangerar-costa-tropical-music-camp-i-almunecar\\\/#primaryimage\"},\"thumbnailUrl\":\"https:\\\/\\\/lightweb.dev\\\/l\\\/svm-temp\\\/wp-content\\\/uploads\\\/2023\\\/06\\\/image0-stor.jpeg\",\"datePublished\":\"2023-06-25T23:00:52+00:00\",\"dateModified\":\"2023-06-26T07:22:02+00:00\",\"description\":\"V\u00e5ren 2023 var det dags f\u00f6r \u00e4nnu ett Costa Tropical Music Camp i spanska Almunecar. Bakom l\u00e5tskrivarcampet st\u00e5r svenska f\u00f6rl\u00e4ggaren Janett Jensen, tidigare p\u00e5 A&R p\u00e5 Warner Chappell Music Scandinavia.\",\"breadcrumb\":{\"@id\":\"https:\\\/\\\/lightweb.dev\\\/l\\\/svm-temp\\\/artiklar\\\/reportage\\\/halla-dar-janett-jensen-som-arrangerar-costa-tropical-music-camp-i-almunecar\\\/#breadcrumb\"},\"inLanguage\":\"sv-SE\",\"potentialAction\":[{\"@type\":\"ReadAction\",\"target\":[\"https:\\\/\\\/lightweb.dev\\\/l\\\/svm-temp\\\/artiklar\\\/reportage\\\/halla-dar-janett-jensen-som-arrangerar-costa-tropical-music-camp-i-almunecar\\\/\"]}]},{\"@type\":\"ImageObject\",\"inLanguage\":\"sv-SE\",\"@id\":\"https:\\\/\\\/lightweb.dev\\\/l\\\/svm-temp\\\/artiklar\\\/reportage\\\/halla-dar-janett-jensen-som-arrangerar-costa-tropical-music-camp-i-almunecar\\\/#primaryimage\",\"url\":\"https:\\\/\\\/lightweb.dev\\\/l\\\/svm-temp\\\/wp-content\\\/uploads\\\/2023\\\/06\\\/image0-stor.jpeg\",\"contentUrl\":\"https:\\\/\\\/lightweb.dev\\\/l\\\/svm-temp\\\/wp-content\\\/uploads\\\/2023\\\/06\\\/image0-stor.jpeg\",\"width\":1280,\"height\":960,\"caption\":\"Janett Jensen arrangerar Costa Tropical Music Camp i Almu\u00f1\u00e9car.\"},{\"@type\":\"BreadcrumbList\",\"@id\":\"https:\\\/\\\/lightweb.dev\\\/l\\\/svm-temp\\\/artiklar\\\/reportage\\\/halla-dar-janett-jensen-som-arrangerar-costa-tropical-music-camp-i-almunecar\\\/#breadcrumb\",\"itemListElement\":[{\"@type\":\"ListItem\",\"position\":1,\"name\":\"Hem\",\"item\":\"https:\\\/\\\/lightweb.dev\\\/l\\\/svm-temp\\\/\"},{\"@type\":\"ListItem\",\"position\":2,\"name\":\"Hall\u00e5 d\u00e4r &#8211; Janett Jensen, som arrangerar Costa Tropical Music Camp i Almu\u00f1\u00e9car\"}]},{\"@type\":\"WebSite\",\"@id\":\"https:\\\/\\\/lightweb.dev\\\/l\\\/svm-temp\\\/#website\",\"url\":\"https:\\\/\\\/lightweb.dev\\\/l\\\/svm-temp\\\/\",\"name\":\"Svenska Magasinet\",\"description\":\"Dina Spanska nyheter p&aring; Svenska\",\"publisher\":{\"@id\":\"https:\\\/\\\/lightweb.dev\\\/l\\\/svm-temp\\\/#organization\"},\"potentialAction\":[{\"@type\":\"SearchAction\",\"target\":{\"@type\":\"EntryPoint\",\"urlTemplate\":\"https:\\\/\\\/lightweb.dev\\\/l\\\/svm-temp\\\/?s={search_term_string}\"},\"query-input\":{\"@type\":\"PropertyValueSpecification\",\"valueRequired\":true,\"valueName\":\"search_term_string\"}}],\"inLanguage\":\"sv-SE\"},{\"@type\":\"Organization\",\"@id\":\"https:\\\/\\\/lightweb.dev\\\/l\\\/svm-temp\\\/#organization\",\"name\":\"Melkerson y Nott SL\",\"alternateName\":\"Svenska Magasinet\",\"url\":\"https:\\\/\\\/lightweb.dev\\\/l\\\/svm-temp\\\/\",\"logo\":{\"@type\":\"ImageObject\",\"inLanguage\":\"sv-SE\",\"@id\":\"https:\\\/\\\/lightweb.dev\\\/l\\\/svm-temp\\\/#\\\/schema\\\/logo\\\/image\\\/\",\"url\":\"https:\\\/\\\/lightweb.dev\\\/l\\\/svm-temp\\\/wp-content\\\/uploads\\\/2025\\\/02\\\/SvM-logo-Xtra-Centrerad-SVART.png\",\"contentUrl\":\"https:\\\/\\\/lightweb.dev\\\/l\\\/svm-temp\\\/wp-content\\\/uploads\\\/2025\\\/02\\\/SvM-logo-Xtra-Centrerad-SVART.png\",\"width\":300,\"height\":99,\"caption\":\"Melkerson y Nott SL\"},\"image\":{\"@id\":\"https:\\\/\\\/lightweb.dev\\\/l\\\/svm-temp\\\/#\\\/schema\\\/logo\\\/image\\\/\"},\"sameAs\":[\"https:\\\/\\\/www.facebook.com\\\/svenskamagasinet\",\"https:\\\/\\\/x.com\\\/SvenskaMagasine\"]},{\"@type\":\"Person\",\"@id\":\"https:\\\/\\\/lightweb.dev\\\/l\\\/svm-temp\\\/#\\\/schema\\\/person\\\/7a82b8a73d171d32360a564b6d03508e\",\"name\":\"Ola Josefsson\",\"description\":\"Bevakar Solkusten och Spanien sedan 1994.\",\"sameAs\":[\"https:\\\/\\\/lightweb.dev\\\/l\\\/svm-temp\"],\"url\":\"https:\\\/\\\/lightweb.dev\\\/l\\\/svm-temp\\\/reporter\\\/ola-josefsson\\\/\"}]}<\/script>\n<!-- \/ Yoast SEO Premium plugin. -->","yoast_head_json":{"title":"Hall\u00e5 d\u00e4r - Janett Jensen, som arrangerar Costa Tropical Music Camp i Almu\u00f1\u00e9car - Svenska Magasinet","description":"V\u00e5ren 2023 var det dags f\u00f6r \u00e4nnu ett Costa Tropical Music Camp i spanska Almunecar. Bakom l\u00e5tskrivarcampet st\u00e5r svenska f\u00f6rl\u00e4ggaren Janett Jensen, tidigare p\u00e5 A&R p\u00e5 Warner Chappell Music Scandinavia.","robots":{"index":"noindex","follow":"follow","max-snippet":"max-snippet:-1","max-image-preview":"max-image-preview:large","max-video-preview":"max-video-preview:-1"},"og_locale":"sv_SE","og_type":"article","og_title":"Hall\u00e5 d\u00e4r - Janett Jensen, som arrangerar Costa Tropical Music Camp i Almu\u00f1\u00e9car","og_description":"V\u00e5ren 2023 var det dags f\u00f6r \u00e4nnu ett Costa Tropical Music Camp i spanska Almunecar. Bakom l\u00e5tskrivarcampet st\u00e5r svenska f\u00f6rl\u00e4ggaren Janett Jensen, tidigare p\u00e5 A&R p\u00e5 Warner Chappell Music Scandinavia.","og_url":"https:\/\/lightweb.dev\/l\/svm-temp\/artiklar\/reportage\/halla-dar-janett-jensen-som-arrangerar-costa-tropical-music-camp-i-almunecar\/","og_site_name":"Svenska Magasinet","article_publisher":"https:\/\/www.facebook.com\/svenskamagasinet","article_published_time":"2023-06-25T23:00:52+00:00","article_modified_time":"2023-06-26T07:22:02+00:00","og_image":[{"width":1280,"height":960,"url":"https:\/\/lightweb.dev\/l\/svm-temp\/wp-content\/uploads\/2023\/06\/image0-stor.jpeg","type":"image\/jpeg"}],"author":"Ola Josefsson","twitter_card":"summary_large_image","twitter_creator":"@SvenskaMagasine","twitter_site":"@SvenskaMagasine","schema":{"@context":"https:\/\/schema.org","@graph":[{"@type":"Article","@id":"https:\/\/lightweb.dev\/l\/svm-temp\/artiklar\/reportage\/halla-dar-janett-jensen-som-arrangerar-costa-tropical-music-camp-i-almunecar\/#article","isPartOf":{"@id":"https:\/\/lightweb.dev\/l\/svm-temp\/artiklar\/reportage\/halla-dar-janett-jensen-som-arrangerar-costa-tropical-music-camp-i-almunecar\/"},"author":{"name":"Ola Josefsson","@id":"https:\/\/lightweb.dev\/l\/svm-temp\/#\/schema\/person\/7a82b8a73d171d32360a564b6d03508e"},"headline":"Hall\u00e5 d\u00e4r &#8211; Janett Jensen, som arrangerar Costa Tropical Music Camp i Almu\u00f1\u00e9car","datePublished":"2023-06-25T23:00:52+00:00","dateModified":"2023-06-26T07:22:02+00:00","mainEntityOfPage":{"@id":"https:\/\/lightweb.dev\/l\/svm-temp\/artiklar\/reportage\/halla-dar-janett-jensen-som-arrangerar-costa-tropical-music-camp-i-almunecar\/"},"wordCount":347,"commentCount":0,"publisher":{"@id":"https:\/\/lightweb.dev\/l\/svm-temp\/#organization"},"image":{"@id":"https:\/\/lightweb.dev\/l\/svm-temp\/artiklar\/reportage\/halla-dar-janett-jensen-som-arrangerar-costa-tropical-music-camp-i-almunecar\/#primaryimage"},"thumbnailUrl":"https:\/\/lightweb.dev\/l\/svm-temp\/wp-content\/uploads\/2023\/06\/image0-stor.jpeg","articleSection":["Arkiv","Artiklar"],"inLanguage":"sv-SE"},{"@type":"WebPage","@id":"https:\/\/lightweb.dev\/l\/svm-temp\/artiklar\/reportage\/halla-dar-janett-jensen-som-arrangerar-costa-tropical-music-camp-i-almunecar\/","url":"https:\/\/lightweb.dev\/l\/svm-temp\/artiklar\/reportage\/halla-dar-janett-jensen-som-arrangerar-costa-tropical-music-camp-i-almunecar\/","name":"Hall\u00e5 d\u00e4r - Janett Jensen, som arrangerar Costa Tropical Music Camp i Almu\u00f1\u00e9car - Svenska Magasinet","isPartOf":{"@id":"https:\/\/lightweb.dev\/l\/svm-temp\/#website"},"primaryImageOfPage":{"@id":"https:\/\/lightweb.dev\/l\/svm-temp\/artiklar\/reportage\/halla-dar-janett-jensen-som-arrangerar-costa-tropical-music-camp-i-almunecar\/#primaryimage"},"image":{"@id":"https:\/\/lightweb.dev\/l\/svm-temp\/artiklar\/reportage\/halla-dar-janett-jensen-som-arrangerar-costa-tropical-music-camp-i-almunecar\/#primaryimage"},"thumbnailUrl":"https:\/\/lightweb.dev\/l\/svm-temp\/wp-content\/uploads\/2023\/06\/image0-stor.jpeg","datePublished":"2023-06-25T23:00:52+00:00","dateModified":"2023-06-26T07:22:02+00:00","description":"V\u00e5ren 2023 var det dags f\u00f6r \u00e4nnu ett Costa Tropical Music Camp i spanska Almunecar. Bakom l\u00e5tskrivarcampet st\u00e5r svenska f\u00f6rl\u00e4ggaren Janett Jensen, tidigare p\u00e5 A&R p\u00e5 Warner Chappell Music Scandinavia.","breadcrumb":{"@id":"https:\/\/lightweb.dev\/l\/svm-temp\/artiklar\/reportage\/halla-dar-janett-jensen-som-arrangerar-costa-tropical-music-camp-i-almunecar\/#breadcrumb"},"inLanguage":"sv-SE","potentialAction":[{"@type":"ReadAction","target":["https:\/\/lightweb.dev\/l\/svm-temp\/artiklar\/reportage\/halla-dar-janett-jensen-som-arrangerar-costa-tropical-music-camp-i-almunecar\/"]}]},{"@type":"ImageObject","inLanguage":"sv-SE","@id":"https:\/\/lightweb.dev\/l\/svm-temp\/artiklar\/reportage\/halla-dar-janett-jensen-som-arrangerar-costa-tropical-music-camp-i-almunecar\/#primaryimage","url":"https:\/\/lightweb.dev\/l\/svm-temp\/wp-content\/uploads\/2023\/06\/image0-stor.jpeg","contentUrl":"https:\/\/lightweb.dev\/l\/svm-temp\/wp-content\/uploads\/2023\/06\/image0-stor.jpeg","width":1280,"height":960,"caption":"Janett Jensen arrangerar Costa Tropical Music Camp i Almu\u00f1\u00e9car."},{"@type":"BreadcrumbList","@id":"https:\/\/lightweb.dev\/l\/svm-temp\/artiklar\/reportage\/halla-dar-janett-jensen-som-arrangerar-costa-tropical-music-camp-i-almunecar\/#breadcrumb","itemListElement":[{"@type":"ListItem","position":1,"name":"Hem","item":"https:\/\/lightweb.dev\/l\/svm-temp\/"},{"@type":"ListItem","position":2,"name":"Hall\u00e5 d\u00e4r &#8211; Janett Jensen, som arrangerar Costa Tropical Music Camp i Almu\u00f1\u00e9car"}]},{"@type":"WebSite","@id":"https:\/\/lightweb.dev\/l\/svm-temp\/#website","url":"https:\/\/lightweb.dev\/l\/svm-temp\/","name":"Svenska Magasinet","description":"Dina Spanska nyheter p&aring; Svenska","publisher":{"@id":"https:\/\/lightweb.dev\/l\/svm-temp\/#organization"},"potentialAction":[{"@type":"SearchAction","target":{"@type":"EntryPoint","urlTemplate":"https:\/\/lightweb.dev\/l\/svm-temp\/?s={search_term_string}"},"query-input":{"@type":"PropertyValueSpecification","valueRequired":true,"valueName":"search_term_string"}}],"inLanguage":"sv-SE"},{"@type":"Organization","@id":"https:\/\/lightweb.dev\/l\/svm-temp\/#organization","name":"Melkerson y Nott SL","alternateName":"Svenska Magasinet","url":"https:\/\/lightweb.dev\/l\/svm-temp\/","logo":{"@type":"ImageObject","inLanguage":"sv-SE","@id":"https:\/\/lightweb.dev\/l\/svm-temp\/#\/schema\/logo\/image\/","url":"https:\/\/lightweb.dev\/l\/svm-temp\/wp-content\/uploads\/2025\/02\/SvM-logo-Xtra-Centrerad-SVART.png","contentUrl":"https:\/\/lightweb.dev\/l\/svm-temp\/wp-content\/uploads\/2025\/02\/SvM-logo-Xtra-Centrerad-SVART.png","width":300,"height":99,"caption":"Melkerson y Nott SL"},"image":{"@id":"https:\/\/lightweb.dev\/l\/svm-temp\/#\/schema\/logo\/image\/"},"sameAs":["https:\/\/www.facebook.com\/svenskamagasinet","https:\/\/x.com\/SvenskaMagasine"]},{"@type":"Person","@id":"https:\/\/lightweb.dev\/l\/svm-temp\/#\/schema\/person\/7a82b8a73d171d32360a564b6d03508e","name":"Ola Josefsson","description":"Bevakar Solkusten och Spanien sedan 1994.","sameAs":["https:\/\/lightweb.dev\/l\/svm-temp"],"url":"https:\/\/lightweb.dev\/l\/svm-temp\/reporter\/ola-josefsson\/"}]}},"_links":{"self":[{"href":"https:\/\/lightweb.dev\/l\/svm-temp\/wp-json\/wp\/v2\/posts\/64333","targetHints":{"allow":["GET"]}}],"collection":[{"href":"https:\/\/lightweb.dev\/l\/svm-temp\/wp-json\/wp\/v2\/posts"}],"about":[{"href":"https:\/\/lightweb.dev\/l\/svm-temp\/wp-json\/wp\/v2\/types\/post"}],"author":[{"embeddable":true,"href":"https:\/\/lightweb.dev\/l\/svm-temp\/wp-json\/wp\/v2\/users\/7"}],"replies":[{"embeddable":true,"href":"https:\/\/lightweb.dev\/l\/svm-temp\/wp-json\/wp\/v2\/comments?post=64333"}],"version-history":[{"count":0,"href":"https:\/\/lightweb.dev\/l\/svm-temp\/wp-json\/wp\/v2\/posts\/64333\/revisions"}],"wp:featuredmedia":[{"embeddable":true,"href":"https:\/\/lightweb.dev\/l\/svm-temp\/wp-json\/wp\/v2\/media\/64335"}],"wp:attachment":[{"href":"https:\/\/lightweb.dev\/l\/svm-temp\/wp-json\/wp\/v2\/media?parent=64333"}],"wp:term":[{"taxonomy":"category","embeddable":true,"href":"https:\/\/lightweb.dev\/l\/svm-temp\/wp-json\/wp\/v2\/categories?post=64333"},{"taxonomy":"post_tag","embeddable":true,"href":"https:\/\/lightweb.dev\/l\/svm-temp\/wp-json\/wp\/v2\/tags?post=64333"}],"curies":[{"name":"wp","href":"https:\/\/api.w.org\/{rel}","templated":true}]}}