{"id":64342,"date":"2023-06-20T01:00:22","date_gmt":"2023-06-19T23:00:22","guid":{"rendered":"https:\/\/lightweb.dev\/l\/svm-temp\/?p=64342"},"modified":"2023-06-20T10:17:09","modified_gmt":"2023-06-20T08:17:09","slug":"djupt-ner-i-det-bla-basta-dykningen-pa-kusten","status":"publish","type":"post","link":"https:\/\/lightweb.dev\/l\/svm-temp\/artiklar\/djupt-ner-i-det-bla-basta-dykningen-pa-kusten\/","title":{"rendered":"Djupt ner i det bl\u00e5: B\u00e4sta dykningen p\u00e5 kusten"},"content":{"rendered":"<p><strong>La Herradura \u00e4r dykparadiset p\u00e5 kusten. Du dyker l\u00e4ngs en brant klippv\u00e4gg. Det \u00e4r stora f\u00e4rgrika fiskstim. 50 till 70 fiskar som sveper f\u00f6rbi. De \u00e4r nyfikna och f\u00f6ljer efter. Och du ser bl\u00e4ckfisk.<\/strong><\/p>\n<p><strong>Superh\u00e4ftigt, s\u00e4ger Ola Roos. Eller s\u00e5 \u00e4r Gibraltar ett sp\u00e4nnande dykst\u00e4lle med sina gamla skeppsvrak.<\/strong><\/p>\n<div id=\"attachment_64345\" style=\"width: 310px\" class=\"wp-caption alignleft\"><img loading=\"lazy\" decoding=\"async\" aria-describedby=\"caption-attachment-64345\" class=\"size-medium wp-image-64345\" src=\"https:\/\/lightweb.dev\/l\/svm-temp\/wp-content\/uploads\/2023\/06\/Skarmavbild-2023-06-12-kl.-12.57.08-stor-300x162.jpeg\" alt=\"\" width=\"300\" height=\"162\" srcset=\"https:\/\/lightweb.dev\/l\/svm-temp\/wp-content\/uploads\/2023\/06\/Skarmavbild-2023-06-12-kl.-12.57.08-stor-300x162.jpeg 300w, https:\/\/lightweb.dev\/l\/svm-temp\/wp-content\/uploads\/2023\/06\/Skarmavbild-2023-06-12-kl.-12.57.08-stor-900x486.jpeg 900w, https:\/\/lightweb.dev\/l\/svm-temp\/wp-content\/uploads\/2023\/06\/Skarmavbild-2023-06-12-kl.-12.57.08-stor-768x415.jpeg 768w, https:\/\/lightweb.dev\/l\/svm-temp\/wp-content\/uploads\/2023\/06\/Skarmavbild-2023-06-12-kl.-12.57.08-stor-610x329.jpeg 610w, https:\/\/lightweb.dev\/l\/svm-temp\/wp-content\/uploads\/2023\/06\/Skarmavbild-2023-06-12-kl.-12.57.08-stor-1080x583.jpeg 1080w, https:\/\/lightweb.dev\/l\/svm-temp\/wp-content\/uploads\/2023\/06\/Skarmavbild-2023-06-12-kl.-12.57.08-stor-600x324.jpeg 600w, https:\/\/lightweb.dev\/l\/svm-temp\/wp-content\/uploads\/2023\/06\/Skarmavbild-2023-06-12-kl.-12.57.08-stor.jpeg 1280w\" sizes=\"(max-width: 300px) 100vw, 300px\" \/><p id=\"caption-attachment-64345\" class=\"wp-caption-text\">En nyfiken bl\u00e4ckfisk<\/p><\/div>\n<p>Ola Roos tog dykcertifikat i Sverige 2016. Genom v\u00e4nner kom han i kontakt med en dykinstrukt\u00f6r inom Nauai som \u00e4r en v\u00e4rldsomsp\u00e4nnande dykorganisation med instrukt\u00f6rer.<\/p>\n<p>&#8211; Det startar med Open Water scuba diver certikat. D\u00e5 f\u00e5r du beh\u00f6righet att dyka ner till 20 meters djup. Det var praktik i simbass\u00e4ngen hemma i Helsingborg. Sedan blev det \u00d6rkelljunga kalkbrott som har fyllts med vatten. Det \u00e4r en bra plats med kontrollerat vatten. Inga str\u00f6mmar och bra kontroll \u00f6ver l\u00e4get vilket \u00e4r utm\u00e4rkt f\u00f6r nyb\u00f6rjare.<\/p>\n<p><img loading=\"lazy\" decoding=\"async\" class=\"size-medium wp-image-64364 alignleft\" src=\"https:\/\/lightweb.dev\/l\/svm-temp\/wp-content\/uploads\/2023\/06\/Skarmavbild-2023-06-12-kl.-13.00.23-stor-300x158.jpeg\" alt=\"\" width=\"300\" height=\"158\" srcset=\"https:\/\/lightweb.dev\/l\/svm-temp\/wp-content\/uploads\/2023\/06\/Skarmavbild-2023-06-12-kl.-13.00.23-stor-300x158.jpeg 300w, https:\/\/lightweb.dev\/l\/svm-temp\/wp-content\/uploads\/2023\/06\/Skarmavbild-2023-06-12-kl.-13.00.23-stor-900x473.jpeg 900w, https:\/\/lightweb.dev\/l\/svm-temp\/wp-content\/uploads\/2023\/06\/Skarmavbild-2023-06-12-kl.-13.00.23-stor-768x403.jpeg 768w, https:\/\/lightweb.dev\/l\/svm-temp\/wp-content\/uploads\/2023\/06\/Skarmavbild-2023-06-12-kl.-13.00.23-stor-610x320.jpeg 610w, https:\/\/lightweb.dev\/l\/svm-temp\/wp-content\/uploads\/2023\/06\/Skarmavbild-2023-06-12-kl.-13.00.23-stor-1080x567.jpeg 1080w, https:\/\/lightweb.dev\/l\/svm-temp\/wp-content\/uploads\/2023\/06\/Skarmavbild-2023-06-12-kl.-13.00.23-stor-600x315.jpeg 600w, https:\/\/lightweb.dev\/l\/svm-temp\/wp-content\/uploads\/2023\/06\/Skarmavbild-2023-06-12-kl.-13.00.23-stor.jpeg 1280w\" sizes=\"(max-width: 300px) 100vw, 300px\" \/><\/p>\n<p>Det gav Ola Roos blodad tand.<\/p>\n<p>&#8211; N\u00e4sta certikat var \u201dadvanced open water diving\u201d, mer avancerad dykning ner till 30 meter. Du l\u00e4r dig ocks\u00e5 navigera med kompass under vatten n\u00e4r det \u00e4r m\u00f6rkt. Det \u00e4r teori och praktik om vartannat.<\/p>\n<p>Det var s\u00e5 det b\u00f6rjade. Det \u00e4r l\u00e4tt att f\u00e5 smak f\u00f6r dykning. Den tysta, fridfulla undervattensv\u00e4rlden bjuder p\u00e5 naturupplevelser.<\/p>\n<p>F\u00f6r Ola har det blivit dykning i Siargo i Filipinerna och utanf\u00f6r Neapel i Italien.<\/p>\n<h2><strong>Solkusten<\/strong><\/h2>\n<div id=\"attachment_64346\" style=\"width: 235px\" class=\"wp-caption alignleft\"><img loading=\"lazy\" decoding=\"async\" aria-describedby=\"caption-attachment-64346\" class=\"size-medium wp-image-64346\" src=\"https:\/\/lightweb.dev\/l\/svm-temp\/wp-content\/uploads\/2023\/06\/20230601_081207-stor-225x300.jpeg\" alt=\"\" width=\"225\" height=\"300\" srcset=\"https:\/\/lightweb.dev\/l\/svm-temp\/wp-content\/uploads\/2023\/06\/20230601_081207-stor-225x300.jpeg 225w, https:\/\/lightweb.dev\/l\/svm-temp\/wp-content\/uploads\/2023\/06\/20230601_081207-stor-675x900.jpeg 675w, https:\/\/lightweb.dev\/l\/svm-temp\/wp-content\/uploads\/2023\/06\/20230601_081207-stor-768x1024.jpeg 768w, https:\/\/lightweb.dev\/l\/svm-temp\/wp-content\/uploads\/2023\/06\/20230601_081207-stor-610x813.jpeg 610w, https:\/\/lightweb.dev\/l\/svm-temp\/wp-content\/uploads\/2023\/06\/20230601_081207-stor-600x800.jpeg 600w, https:\/\/lightweb.dev\/l\/svm-temp\/wp-content\/uploads\/2023\/06\/20230601_081207-stor.jpeg 960w\" sizes=\"(max-width: 225px) 100vw, 225px\" \/><p id=\"caption-attachment-64346\" class=\"wp-caption-text\">Dags att v\u00e4lja utrustningen f\u00f6r dagen<\/p><\/div>\n<p>Nu bor han p\u00e5 Solkusten tillsammans med frun Lhiane Quizzagan. Och intresset f\u00f6r dykning lever.<\/p>\n<p>&#8211; Bes\u00f6kte nyligen La Herradura. Jag var helt enkelt tvungen att friska upp minnet. Fritidshamnen Marina del Este och bukten vid Almu\u00f1\u00e9car \u00e4r en fin plats f\u00f6r dykning.<\/p>\n<p>Det finns parkering vid hamnen. Sedan blir det en promenad f\u00f6rbi hamnen och mot udden Punta de la Mona.<\/p>\n<p>&#8211; H\u00e4r \u00e4r det bra dykning med siktdjupet ned till 50 meter. Vindarna kan p\u00e5verka sikten.<\/p>\n<h2><strong>Dykskola<\/strong><\/h2>\n<p>Ola Roos kan rekommendera dykskolan Diving with Nic som ligger i El Chaparral, Mijas Costa.<\/p>\n<p>&#8211; De \u00e4r trevliga och kunniga. Dykcertifikat kostar mellan 400-500 euro. Det \u00e4r teori, praktisk tr\u00e4ning i pool och flera utomhusdyk.<\/p>\n<div id=\"attachment_64347\" style=\"width: 310px\" class=\"wp-caption alignleft\"><img loading=\"lazy\" decoding=\"async\" aria-describedby=\"caption-attachment-64347\" class=\"size-medium wp-image-64347\" src=\"https:\/\/lightweb.dev\/l\/svm-temp\/wp-content\/uploads\/2023\/06\/PADI-Courses-stor-300x225.jpeg\" alt=\"\" width=\"300\" height=\"225\" srcset=\"https:\/\/lightweb.dev\/l\/svm-temp\/wp-content\/uploads\/2023\/06\/PADI-Courses-stor-300x225.jpeg 300w, https:\/\/lightweb.dev\/l\/svm-temp\/wp-content\/uploads\/2023\/06\/PADI-Courses-stor-900x675.jpeg 900w, https:\/\/lightweb.dev\/l\/svm-temp\/wp-content\/uploads\/2023\/06\/PADI-Courses-stor-768x576.jpeg 768w, https:\/\/lightweb.dev\/l\/svm-temp\/wp-content\/uploads\/2023\/06\/PADI-Courses-stor-610x458.jpeg 610w, https:\/\/lightweb.dev\/l\/svm-temp\/wp-content\/uploads\/2023\/06\/PADI-Courses-stor-1080x810.jpeg 1080w, https:\/\/lightweb.dev\/l\/svm-temp\/wp-content\/uploads\/2023\/06\/PADI-Courses-stor-600x450.jpeg 600w, https:\/\/lightweb.dev\/l\/svm-temp\/wp-content\/uploads\/2023\/06\/PADI-Courses-stor.jpeg 1280w\" sizes=\"(max-width: 300px) 100vw, 300px\" \/><p id=\"caption-attachment-64347\" class=\"wp-caption-text\">Dykskolor arrangerar kurser f\u00f6r nyb\u00f6rjare och mer avancerade kurser<\/p><\/div>\n<p>Dykutbildning och certifikat \u00e4r detsamma i de flesta l\u00e4nder. Internationella dykorganisationer s\u00e4tter agendan f\u00f6r vad som kr\u00e4vs. Det g\u00e5r inte att rucka p\u00e5 s\u00e4kerheten.<\/p>\n<p>&#8211; Diving with Nic \u00e4r en bra dykskola. De \u00e4r engagerade och tar hand om sina kunder och organisar utflykter.<\/p>\n<h2><strong>Tv\u00e5 dyk<\/strong><\/h2>\n<p>Vid utflykterna ing\u00e5r tv\u00e5 dyk. Vi tr\u00e4ffas p\u00e5 dykskolan klockan 8. Alla packar ihop sin utrustning och sedan far vi i v\u00e4g. V\u00e4l p\u00e5 plats som i exempelvis La Herradura v\u00e4ntar dyk nummer 1. Sedan blir det lunch och vila och d\u00e4refter dyk nummer 2. Sedan \u00e5terv\u00e4nder man till dykskolan f\u00f6r att packa upp och sk\u00f6lja av allt i s\u00f6tvatten s\u00e5 att utrustningen \u00e4r klar till n\u00e4sta utflykt. Allt kostar 99 euro och d\u00e5 ing\u00e5r utrustning och resa.<\/p>\n<p>Tuben Ola anv\u00e4nder \u00e4r p\u00e5 tolv liter och inneh\u00e5ller 200 bar.<\/p>\n<p><strong>Hur l\u00e4nge r\u00e4cker en tub?<\/strong><\/p>\n<p><img loading=\"lazy\" decoding=\"async\" class=\"size-medium wp-image-64348 alignleft\" src=\"https:\/\/lightweb.dev\/l\/svm-temp\/wp-content\/uploads\/2023\/06\/Image-1-stor-300x225.jpeg\" alt=\"\" width=\"300\" height=\"225\" srcset=\"https:\/\/lightweb.dev\/l\/svm-temp\/wp-content\/uploads\/2023\/06\/Image-1-stor-300x225.jpeg 300w, https:\/\/lightweb.dev\/l\/svm-temp\/wp-content\/uploads\/2023\/06\/Image-1-stor-900x675.jpeg 900w, https:\/\/lightweb.dev\/l\/svm-temp\/wp-content\/uploads\/2023\/06\/Image-1-stor-768x576.jpeg 768w, https:\/\/lightweb.dev\/l\/svm-temp\/wp-content\/uploads\/2023\/06\/Image-1-stor-610x458.jpeg 610w, https:\/\/lightweb.dev\/l\/svm-temp\/wp-content\/uploads\/2023\/06\/Image-1-stor-600x450.jpeg 600w, https:\/\/lightweb.dev\/l\/svm-temp\/wp-content\/uploads\/2023\/06\/Image-1-stor.jpeg 960w\" sizes=\"(max-width: 300px) 100vw, 300px\" \/><\/p>\n<p>&#8211; Normalt r\u00e4cker en tub 40 minuter. S\u00e5 \u00e4r det i Sverige. H\u00e4r d\u00f6k vi 61 minuter. Sk\u00e4let \u00e4r att n\u00e4r vattnet \u00e4r varmare andas du lugnare. Luften r\u00e4cker l\u00e4ngre.<\/p>\n<p>Man dyker aldrig sj\u00e4lv av s\u00e4kerhetssk\u00e4l, en divingpartner, g\u00e4ller alltid. H\u00e4nder n\u00e5got s\u00e5 hj\u00e4lps man \u00e5t. Det \u00e4r s\u00e4kerhetsregel nummer 1.<\/p>\n<p>Beroende p\u00e5 \u00e5rstiden skiljer sig dykdr\u00e4kten \u00e5t. Under sommarhalv\u00e5ret anv\u00e4nds wetsuit som sl\u00e4pper in vatten mellan huden och dr\u00e4kten. Kroppstemperaturen v\u00e4rmer upp vattnet och det k\u00e4nns behagligt.<\/p>\n<p>Under vinterhalv\u00e5ret h\u00e4r i Spanien \u00e4r det vanligt med drysuit som inte sl\u00e4pper in vatten. D\u00e5 anv\u00e4nder man \u00e4ven underkroppsst\u00e4ll.<\/p>\n<p>I utrustningen ing\u00e5r \u00e4ven en BCD-v\u00e4st med tyngdfickor. Om en person v\u00e4ger runt 77 kilo kr\u00e4vs det i regel sex till sju kilo i vikter att montera i v\u00e4sten.<\/p>\n<h2><strong>Regulatorpaket<\/strong><\/h2>\n<p><img loading=\"lazy\" decoding=\"async\" class=\"size-medium wp-image-64349 alignleft\" src=\"https:\/\/lightweb.dev\/l\/svm-temp\/wp-content\/uploads\/2023\/06\/G0082091-stor-300x225.jpeg\" alt=\"\" width=\"300\" height=\"225\" srcset=\"https:\/\/lightweb.dev\/l\/svm-temp\/wp-content\/uploads\/2023\/06\/G0082091-stor-300x225.jpeg 300w, https:\/\/lightweb.dev\/l\/svm-temp\/wp-content\/uploads\/2023\/06\/G0082091-stor-900x675.jpeg 900w, https:\/\/lightweb.dev\/l\/svm-temp\/wp-content\/uploads\/2023\/06\/G0082091-stor-768x576.jpeg 768w, https:\/\/lightweb.dev\/l\/svm-temp\/wp-content\/uploads\/2023\/06\/G0082091-stor-610x458.jpeg 610w, https:\/\/lightweb.dev\/l\/svm-temp\/wp-content\/uploads\/2023\/06\/G0082091-stor-1080x810.jpeg 1080w, https:\/\/lightweb.dev\/l\/svm-temp\/wp-content\/uploads\/2023\/06\/G0082091-stor-600x450.jpeg 600w, https:\/\/lightweb.dev\/l\/svm-temp\/wp-content\/uploads\/2023\/06\/G0082091-stor.jpeg 1280w\" sizes=\"(max-width: 300px) 100vw, 300px\" \/><\/p>\n<p>Dykutrustningen best\u00e5r \u00e4ven av cyklop, f\u00f6tter och regulatorpaket som du monterar p\u00e5 tuben. Det \u00e4r fyra slangar. F\u00f6rsta slangen \u00e4r f\u00f6rstasteget som du s\u00e4tter i munnen. S\u00e5 har du en reserv om inte f\u00f6rstasteget fungerar, octopus. Den s\u00e4tter du i en av fickorna i v\u00e4sten.<\/p>\n<p>Den tredje slangen, inflator regulator, g\u00e5r till v\u00e4sten, f\u00f6r att t\u00f6mma och fylla v\u00e4sten med luft.<\/p>\n<p>En fj\u00e4rde slang, manometer, har m\u00e4tare som visar hur mycket luft du har kvar i tuben. M\u00e4taren g\u00e5r fr\u00e5n 0 till 200 bar, om nu tuben \u00e4r p\u00e5 200 bar.<\/p>\n<p>Ola Roos ber\u00e4ttar att det g\u00e4ller att fylla v\u00e4sten med r\u00e4tt m\u00e4ngd luft. Det bidrar till att du f\u00e5r stabilitet i vattnet.<\/p>\n<p>Slutligen har du \u00e4ven en dykdator f\u00e4st p\u00e5 armleden. Den \u00e4r som en klocka och kontrollerar bland annat djupet och hr l\u00e4nge du varit under ytan.<\/p>\n<p><img loading=\"lazy\" decoding=\"async\" class=\"size-medium wp-image-64350 alignleft\" src=\"https:\/\/lightweb.dev\/l\/svm-temp\/wp-content\/uploads\/2023\/06\/GOPR2079-stor-300x225.jpeg\" alt=\"\" width=\"300\" height=\"225\" srcset=\"https:\/\/lightweb.dev\/l\/svm-temp\/wp-content\/uploads\/2023\/06\/GOPR2079-stor-300x225.jpeg 300w, https:\/\/lightweb.dev\/l\/svm-temp\/wp-content\/uploads\/2023\/06\/GOPR2079-stor-900x675.jpeg 900w, https:\/\/lightweb.dev\/l\/svm-temp\/wp-content\/uploads\/2023\/06\/GOPR2079-stor-768x576.jpeg 768w, https:\/\/lightweb.dev\/l\/svm-temp\/wp-content\/uploads\/2023\/06\/GOPR2079-stor-610x458.jpeg 610w, https:\/\/lightweb.dev\/l\/svm-temp\/wp-content\/uploads\/2023\/06\/GOPR2079-stor-1080x810.jpeg 1080w, https:\/\/lightweb.dev\/l\/svm-temp\/wp-content\/uploads\/2023\/06\/GOPR2079-stor-600x450.jpeg 600w, https:\/\/lightweb.dev\/l\/svm-temp\/wp-content\/uploads\/2023\/06\/GOPR2079-stor.jpeg 1280w\" sizes=\"(max-width: 300px) 100vw, 300px\" \/><\/p>\n<p>&#8211; Och som sagt, allt handlar om s\u00e4kerheten. Det g\u00e4ller att inte g\u00e5 upp till ytan direkt utan s\u00e4kerhetsstopp. Stanna p\u00e5 fem meters djup tre minuter. F\u00f6r att kroppen ska v\u00e4nja sig vid trycket. Ju l\u00e4ngre ner du kommer komprimeras luften och ju h\u00f6gre upp expanderas luften.<\/p>\n<p><strong>S\u00e5 vad v\u00e4ntar n\u00e4sta g\u00e5ng?<\/strong><\/p>\n<p>&#8211; Kommande helg \u00e5ker vi till Gibraltar och dyker. H\u00e4r finns det flera sp\u00e4nnande skeppsvrak.<\/p>\n","protected":false},"excerpt":{"rendered":"<p>La Herradura \u00e4r dykparadiset p\u00e5 kusten. Du dyker l\u00e4ngs en brant klippv\u00e4gg. Det \u00e4r stora f\u00e4rgrika fiskstim. 50 till 70 fiskar som sveper f\u00f6rbi. De \u00e4r nyfikna och f\u00f6ljer efter. Och du ser bl\u00e4ckfisk&#8230;<\/p>\n","protected":false},"author":7,"featured_media":64344,"comment_status":"open","ping_status":"closed","sticky":false,"template":"","format":"standard","meta":{"_et_pb_use_builder":"","_et_pb_old_content":"","_et_gb_content_width":"","footnotes":""},"categories":[396,4],"tags":[],"class_list":["post-64342","post","type-post","status-publish","format-standard","has-post-thumbnail","hentry","category-arkiv-artiklar","category-artiklar"],"yoast_head":"<!-- This site is optimized with the Yoast SEO Premium plugin v26.2 (Yoast SEO v27.4) - https:\/\/yoast.com\/product\/yoast-seo-premium-wordpress\/ -->\n<title>Djupt ner i det bl\u00e5: B\u00e4sta dykningen p\u00e5 kusten - Svenska Magasinet<\/title>\n<meta name=\"description\" content=\"La Herradura \u00e4r dykparadiset p\u00e5 kusten. Du dyker l\u00e4ngs en brant klippv\u00e4gg. Det \u00e4r stora f\u00e4rgrika fiskstim. 50 till 70 fiskar som sveper f\u00f6rbi. De \u00e4r nyfikna och f\u00f6ljer efter. Och du ser bl\u00e4ckfisk.\" \/>\n<meta name=\"robots\" content=\"noindex, follow, max-snippet:-1, max-image-preview:large, max-video-preview:-1\" \/>\n<meta property=\"og:locale\" content=\"sv_SE\" \/>\n<meta property=\"og:type\" content=\"article\" \/>\n<meta property=\"og:title\" content=\"Djupt ner i det bl\u00e5: B\u00e4sta dykningen p\u00e5 kusten\" \/>\n<meta property=\"og:description\" content=\"La Herradura \u00e4r dykparadiset p\u00e5 kusten. Du dyker l\u00e4ngs en brant klippv\u00e4gg. Det \u00e4r stora f\u00e4rgrika fiskstim. 50 till 70 fiskar som sveper f\u00f6rbi. De \u00e4r nyfikna och f\u00f6ljer efter. Och du ser bl\u00e4ckfisk.\" \/>\n<meta property=\"og:url\" content=\"https:\/\/lightweb.dev\/l\/svm-temp\/artiklar\/reportage\/djupt-ner-i-det-bla-basta-dykningen-pa-kusten\/\" \/>\n<meta property=\"og:site_name\" content=\"Svenska Magasinet\" \/>\n<meta property=\"article:publisher\" content=\"https:\/\/www.facebook.com\/svenskamagasinet\" \/>\n<meta property=\"article:published_time\" content=\"2023-06-19T23:00:22+00:00\" \/>\n<meta property=\"article:modified_time\" content=\"2023-06-20T08:17:09+00:00\" \/>\n<meta property=\"og:image\" content=\"https:\/\/lightweb.dev\/l\/svm-temp\/wp-content\/uploads\/2023\/06\/Dive-Trips-stor.jpeg\" \/>\n\t<meta property=\"og:image:width\" content=\"1280\" \/>\n\t<meta property=\"og:image:height\" content=\"853\" \/>\n\t<meta property=\"og:image:type\" content=\"image\/jpeg\" \/>\n<meta name=\"author\" content=\"Ola Josefsson\" \/>\n<meta name=\"twitter:card\" content=\"summary_large_image\" \/>\n<meta name=\"twitter:creator\" content=\"@SvenskaMagasine\" \/>\n<meta name=\"twitter:site\" content=\"@SvenskaMagasine\" \/>\n<script type=\"application\/ld+json\" class=\"yoast-schema-graph\">{\"@context\":\"https:\\\/\\\/schema.org\",\"@graph\":[{\"@type\":\"Article\",\"@id\":\"https:\\\/\\\/lightweb.dev\\\/l\\\/svm-temp\\\/artiklar\\\/reportage\\\/djupt-ner-i-det-bla-basta-dykningen-pa-kusten\\\/#article\",\"isPartOf\":{\"@id\":\"https:\\\/\\\/lightweb.dev\\\/l\\\/svm-temp\\\/artiklar\\\/reportage\\\/djupt-ner-i-det-bla-basta-dykningen-pa-kusten\\\/\"},\"author\":{\"name\":\"Ola Josefsson\",\"@id\":\"https:\\\/\\\/lightweb.dev\\\/l\\\/svm-temp\\\/#\\\/schema\\\/person\\\/7a82b8a73d171d32360a564b6d03508e\"},\"headline\":\"Djupt ner i det bl\u00e5: B\u00e4sta dykningen p\u00e5 kusten\",\"datePublished\":\"2023-06-19T23:00:22+00:00\",\"dateModified\":\"2023-06-20T08:17:09+00:00\",\"mainEntityOfPage\":{\"@id\":\"https:\\\/\\\/lightweb.dev\\\/l\\\/svm-temp\\\/artiklar\\\/reportage\\\/djupt-ner-i-det-bla-basta-dykningen-pa-kusten\\\/\"},\"wordCount\":967,\"commentCount\":1,\"publisher\":{\"@id\":\"https:\\\/\\\/lightweb.dev\\\/l\\\/svm-temp\\\/#organization\"},\"image\":{\"@id\":\"https:\\\/\\\/lightweb.dev\\\/l\\\/svm-temp\\\/artiklar\\\/reportage\\\/djupt-ner-i-det-bla-basta-dykningen-pa-kusten\\\/#primaryimage\"},\"thumbnailUrl\":\"https:\\\/\\\/lightweb.dev\\\/l\\\/svm-temp\\\/wp-content\\\/uploads\\\/2023\\\/06\\\/Dive-Trips-stor.jpeg\",\"articleSection\":[\"Arkiv\",\"Artiklar\"],\"inLanguage\":\"sv-SE\"},{\"@type\":\"WebPage\",\"@id\":\"https:\\\/\\\/lightweb.dev\\\/l\\\/svm-temp\\\/artiklar\\\/reportage\\\/djupt-ner-i-det-bla-basta-dykningen-pa-kusten\\\/\",\"url\":\"https:\\\/\\\/lightweb.dev\\\/l\\\/svm-temp\\\/artiklar\\\/reportage\\\/djupt-ner-i-det-bla-basta-dykningen-pa-kusten\\\/\",\"name\":\"Djupt ner i det bl\u00e5: B\u00e4sta dykningen p\u00e5 kusten - Svenska Magasinet\",\"isPartOf\":{\"@id\":\"https:\\\/\\\/lightweb.dev\\\/l\\\/svm-temp\\\/#website\"},\"primaryImageOfPage\":{\"@id\":\"https:\\\/\\\/lightweb.dev\\\/l\\\/svm-temp\\\/artiklar\\\/reportage\\\/djupt-ner-i-det-bla-basta-dykningen-pa-kusten\\\/#primaryimage\"},\"image\":{\"@id\":\"https:\\\/\\\/lightweb.dev\\\/l\\\/svm-temp\\\/artiklar\\\/reportage\\\/djupt-ner-i-det-bla-basta-dykningen-pa-kusten\\\/#primaryimage\"},\"thumbnailUrl\":\"https:\\\/\\\/lightweb.dev\\\/l\\\/svm-temp\\\/wp-content\\\/uploads\\\/2023\\\/06\\\/Dive-Trips-stor.jpeg\",\"datePublished\":\"2023-06-19T23:00:22+00:00\",\"dateModified\":\"2023-06-20T08:17:09+00:00\",\"description\":\"La Herradura \u00e4r dykparadiset p\u00e5 kusten. Du dyker l\u00e4ngs en brant klippv\u00e4gg. Det \u00e4r stora f\u00e4rgrika fiskstim. 50 till 70 fiskar som sveper f\u00f6rbi. De \u00e4r nyfikna och f\u00f6ljer efter. Och du ser bl\u00e4ckfisk.\",\"breadcrumb\":{\"@id\":\"https:\\\/\\\/lightweb.dev\\\/l\\\/svm-temp\\\/artiklar\\\/reportage\\\/djupt-ner-i-det-bla-basta-dykningen-pa-kusten\\\/#breadcrumb\"},\"inLanguage\":\"sv-SE\",\"potentialAction\":[{\"@type\":\"ReadAction\",\"target\":[\"https:\\\/\\\/lightweb.dev\\\/l\\\/svm-temp\\\/artiklar\\\/reportage\\\/djupt-ner-i-det-bla-basta-dykningen-pa-kusten\\\/\"]}]},{\"@type\":\"ImageObject\",\"inLanguage\":\"sv-SE\",\"@id\":\"https:\\\/\\\/lightweb.dev\\\/l\\\/svm-temp\\\/artiklar\\\/reportage\\\/djupt-ner-i-det-bla-basta-dykningen-pa-kusten\\\/#primaryimage\",\"url\":\"https:\\\/\\\/lightweb.dev\\\/l\\\/svm-temp\\\/wp-content\\\/uploads\\\/2023\\\/06\\\/Dive-Trips-stor.jpeg\",\"contentUrl\":\"https:\\\/\\\/lightweb.dev\\\/l\\\/svm-temp\\\/wp-content\\\/uploads\\\/2023\\\/06\\\/Dive-Trips-stor.jpeg\",\"width\":1280,\"height\":853,\"caption\":\"La Herradura bjuder p\u00e5 b\u00e4sta dykningen\"},{\"@type\":\"BreadcrumbList\",\"@id\":\"https:\\\/\\\/lightweb.dev\\\/l\\\/svm-temp\\\/artiklar\\\/reportage\\\/djupt-ner-i-det-bla-basta-dykningen-pa-kusten\\\/#breadcrumb\",\"itemListElement\":[{\"@type\":\"ListItem\",\"position\":1,\"name\":\"Hem\",\"item\":\"https:\\\/\\\/lightweb.dev\\\/l\\\/svm-temp\\\/\"},{\"@type\":\"ListItem\",\"position\":2,\"name\":\"Djupt ner i det bl\u00e5: B\u00e4sta dykningen p\u00e5 kusten\"}]},{\"@type\":\"WebSite\",\"@id\":\"https:\\\/\\\/lightweb.dev\\\/l\\\/svm-temp\\\/#website\",\"url\":\"https:\\\/\\\/lightweb.dev\\\/l\\\/svm-temp\\\/\",\"name\":\"Svenska Magasinet\",\"description\":\"Dina Spanska nyheter p&aring; Svenska\",\"publisher\":{\"@id\":\"https:\\\/\\\/lightweb.dev\\\/l\\\/svm-temp\\\/#organization\"},\"potentialAction\":[{\"@type\":\"SearchAction\",\"target\":{\"@type\":\"EntryPoint\",\"urlTemplate\":\"https:\\\/\\\/lightweb.dev\\\/l\\\/svm-temp\\\/?s={search_term_string}\"},\"query-input\":{\"@type\":\"PropertyValueSpecification\",\"valueRequired\":true,\"valueName\":\"search_term_string\"}}],\"inLanguage\":\"sv-SE\"},{\"@type\":\"Organization\",\"@id\":\"https:\\\/\\\/lightweb.dev\\\/l\\\/svm-temp\\\/#organization\",\"name\":\"Melkerson y Nott SL\",\"alternateName\":\"Svenska Magasinet\",\"url\":\"https:\\\/\\\/lightweb.dev\\\/l\\\/svm-temp\\\/\",\"logo\":{\"@type\":\"ImageObject\",\"inLanguage\":\"sv-SE\",\"@id\":\"https:\\\/\\\/lightweb.dev\\\/l\\\/svm-temp\\\/#\\\/schema\\\/logo\\\/image\\\/\",\"url\":\"https:\\\/\\\/lightweb.dev\\\/l\\\/svm-temp\\\/wp-content\\\/uploads\\\/2025\\\/02\\\/SvM-logo-Xtra-Centrerad-SVART.png\",\"contentUrl\":\"https:\\\/\\\/lightweb.dev\\\/l\\\/svm-temp\\\/wp-content\\\/uploads\\\/2025\\\/02\\\/SvM-logo-Xtra-Centrerad-SVART.png\",\"width\":300,\"height\":99,\"caption\":\"Melkerson y Nott SL\"},\"image\":{\"@id\":\"https:\\\/\\\/lightweb.dev\\\/l\\\/svm-temp\\\/#\\\/schema\\\/logo\\\/image\\\/\"},\"sameAs\":[\"https:\\\/\\\/www.facebook.com\\\/svenskamagasinet\",\"https:\\\/\\\/x.com\\\/SvenskaMagasine\"]},{\"@type\":\"Person\",\"@id\":\"https:\\\/\\\/lightweb.dev\\\/l\\\/svm-temp\\\/#\\\/schema\\\/person\\\/7a82b8a73d171d32360a564b6d03508e\",\"name\":\"Ola Josefsson\",\"description\":\"Bevakar Solkusten och Spanien sedan 1994.\",\"sameAs\":[\"https:\\\/\\\/lightweb.dev\\\/l\\\/svm-temp\"],\"url\":\"https:\\\/\\\/lightweb.dev\\\/l\\\/svm-temp\\\/reporter\\\/ola-josefsson\\\/\"}]}<\/script>\n<!-- \/ Yoast SEO Premium plugin. -->","yoast_head_json":{"title":"Djupt ner i det bl\u00e5: B\u00e4sta dykningen p\u00e5 kusten - Svenska Magasinet","description":"La Herradura \u00e4r dykparadiset p\u00e5 kusten. Du dyker l\u00e4ngs en brant klippv\u00e4gg. Det \u00e4r stora f\u00e4rgrika fiskstim. 50 till 70 fiskar som sveper f\u00f6rbi. De \u00e4r nyfikna och f\u00f6ljer efter. Och du ser bl\u00e4ckfisk.","robots":{"index":"noindex","follow":"follow","max-snippet":"max-snippet:-1","max-image-preview":"max-image-preview:large","max-video-preview":"max-video-preview:-1"},"og_locale":"sv_SE","og_type":"article","og_title":"Djupt ner i det bl\u00e5: B\u00e4sta dykningen p\u00e5 kusten","og_description":"La Herradura \u00e4r dykparadiset p\u00e5 kusten. Du dyker l\u00e4ngs en brant klippv\u00e4gg. Det \u00e4r stora f\u00e4rgrika fiskstim. 50 till 70 fiskar som sveper f\u00f6rbi. De \u00e4r nyfikna och f\u00f6ljer efter. Och du ser bl\u00e4ckfisk.","og_url":"https:\/\/lightweb.dev\/l\/svm-temp\/artiklar\/reportage\/djupt-ner-i-det-bla-basta-dykningen-pa-kusten\/","og_site_name":"Svenska Magasinet","article_publisher":"https:\/\/www.facebook.com\/svenskamagasinet","article_published_time":"2023-06-19T23:00:22+00:00","article_modified_time":"2023-06-20T08:17:09+00:00","og_image":[{"width":1280,"height":853,"url":"https:\/\/lightweb.dev\/l\/svm-temp\/wp-content\/uploads\/2023\/06\/Dive-Trips-stor.jpeg","type":"image\/jpeg"}],"author":"Ola Josefsson","twitter_card":"summary_large_image","twitter_creator":"@SvenskaMagasine","twitter_site":"@SvenskaMagasine","schema":{"@context":"https:\/\/schema.org","@graph":[{"@type":"Article","@id":"https:\/\/lightweb.dev\/l\/svm-temp\/artiklar\/reportage\/djupt-ner-i-det-bla-basta-dykningen-pa-kusten\/#article","isPartOf":{"@id":"https:\/\/lightweb.dev\/l\/svm-temp\/artiklar\/reportage\/djupt-ner-i-det-bla-basta-dykningen-pa-kusten\/"},"author":{"name":"Ola Josefsson","@id":"https:\/\/lightweb.dev\/l\/svm-temp\/#\/schema\/person\/7a82b8a73d171d32360a564b6d03508e"},"headline":"Djupt ner i det bl\u00e5: B\u00e4sta dykningen p\u00e5 kusten","datePublished":"2023-06-19T23:00:22+00:00","dateModified":"2023-06-20T08:17:09+00:00","mainEntityOfPage":{"@id":"https:\/\/lightweb.dev\/l\/svm-temp\/artiklar\/reportage\/djupt-ner-i-det-bla-basta-dykningen-pa-kusten\/"},"wordCount":967,"commentCount":1,"publisher":{"@id":"https:\/\/lightweb.dev\/l\/svm-temp\/#organization"},"image":{"@id":"https:\/\/lightweb.dev\/l\/svm-temp\/artiklar\/reportage\/djupt-ner-i-det-bla-basta-dykningen-pa-kusten\/#primaryimage"},"thumbnailUrl":"https:\/\/lightweb.dev\/l\/svm-temp\/wp-content\/uploads\/2023\/06\/Dive-Trips-stor.jpeg","articleSection":["Arkiv","Artiklar"],"inLanguage":"sv-SE"},{"@type":"WebPage","@id":"https:\/\/lightweb.dev\/l\/svm-temp\/artiklar\/reportage\/djupt-ner-i-det-bla-basta-dykningen-pa-kusten\/","url":"https:\/\/lightweb.dev\/l\/svm-temp\/artiklar\/reportage\/djupt-ner-i-det-bla-basta-dykningen-pa-kusten\/","name":"Djupt ner i det bl\u00e5: B\u00e4sta dykningen p\u00e5 kusten - Svenska Magasinet","isPartOf":{"@id":"https:\/\/lightweb.dev\/l\/svm-temp\/#website"},"primaryImageOfPage":{"@id":"https:\/\/lightweb.dev\/l\/svm-temp\/artiklar\/reportage\/djupt-ner-i-det-bla-basta-dykningen-pa-kusten\/#primaryimage"},"image":{"@id":"https:\/\/lightweb.dev\/l\/svm-temp\/artiklar\/reportage\/djupt-ner-i-det-bla-basta-dykningen-pa-kusten\/#primaryimage"},"thumbnailUrl":"https:\/\/lightweb.dev\/l\/svm-temp\/wp-content\/uploads\/2023\/06\/Dive-Trips-stor.jpeg","datePublished":"2023-06-19T23:00:22+00:00","dateModified":"2023-06-20T08:17:09+00:00","description":"La Herradura \u00e4r dykparadiset p\u00e5 kusten. Du dyker l\u00e4ngs en brant klippv\u00e4gg. Det \u00e4r stora f\u00e4rgrika fiskstim. 50 till 70 fiskar som sveper f\u00f6rbi. De \u00e4r nyfikna och f\u00f6ljer efter. Och du ser bl\u00e4ckfisk.","breadcrumb":{"@id":"https:\/\/lightweb.dev\/l\/svm-temp\/artiklar\/reportage\/djupt-ner-i-det-bla-basta-dykningen-pa-kusten\/#breadcrumb"},"inLanguage":"sv-SE","potentialAction":[{"@type":"ReadAction","target":["https:\/\/lightweb.dev\/l\/svm-temp\/artiklar\/reportage\/djupt-ner-i-det-bla-basta-dykningen-pa-kusten\/"]}]},{"@type":"ImageObject","inLanguage":"sv-SE","@id":"https:\/\/lightweb.dev\/l\/svm-temp\/artiklar\/reportage\/djupt-ner-i-det-bla-basta-dykningen-pa-kusten\/#primaryimage","url":"https:\/\/lightweb.dev\/l\/svm-temp\/wp-content\/uploads\/2023\/06\/Dive-Trips-stor.jpeg","contentUrl":"https:\/\/lightweb.dev\/l\/svm-temp\/wp-content\/uploads\/2023\/06\/Dive-Trips-stor.jpeg","width":1280,"height":853,"caption":"La Herradura bjuder p\u00e5 b\u00e4sta dykningen"},{"@type":"BreadcrumbList","@id":"https:\/\/lightweb.dev\/l\/svm-temp\/artiklar\/reportage\/djupt-ner-i-det-bla-basta-dykningen-pa-kusten\/#breadcrumb","itemListElement":[{"@type":"ListItem","position":1,"name":"Hem","item":"https:\/\/lightweb.dev\/l\/svm-temp\/"},{"@type":"ListItem","position":2,"name":"Djupt ner i det bl\u00e5: B\u00e4sta dykningen p\u00e5 kusten"}]},{"@type":"WebSite","@id":"https:\/\/lightweb.dev\/l\/svm-temp\/#website","url":"https:\/\/lightweb.dev\/l\/svm-temp\/","name":"Svenska Magasinet","description":"Dina Spanska nyheter p&aring; Svenska","publisher":{"@id":"https:\/\/lightweb.dev\/l\/svm-temp\/#organization"},"potentialAction":[{"@type":"SearchAction","target":{"@type":"EntryPoint","urlTemplate":"https:\/\/lightweb.dev\/l\/svm-temp\/?s={search_term_string}"},"query-input":{"@type":"PropertyValueSpecification","valueRequired":true,"valueName":"search_term_string"}}],"inLanguage":"sv-SE"},{"@type":"Organization","@id":"https:\/\/lightweb.dev\/l\/svm-temp\/#organization","name":"Melkerson y Nott SL","alternateName":"Svenska Magasinet","url":"https:\/\/lightweb.dev\/l\/svm-temp\/","logo":{"@type":"ImageObject","inLanguage":"sv-SE","@id":"https:\/\/lightweb.dev\/l\/svm-temp\/#\/schema\/logo\/image\/","url":"https:\/\/lightweb.dev\/l\/svm-temp\/wp-content\/uploads\/2025\/02\/SvM-logo-Xtra-Centrerad-SVART.png","contentUrl":"https:\/\/lightweb.dev\/l\/svm-temp\/wp-content\/uploads\/2025\/02\/SvM-logo-Xtra-Centrerad-SVART.png","width":300,"height":99,"caption":"Melkerson y Nott SL"},"image":{"@id":"https:\/\/lightweb.dev\/l\/svm-temp\/#\/schema\/logo\/image\/"},"sameAs":["https:\/\/www.facebook.com\/svenskamagasinet","https:\/\/x.com\/SvenskaMagasine"]},{"@type":"Person","@id":"https:\/\/lightweb.dev\/l\/svm-temp\/#\/schema\/person\/7a82b8a73d171d32360a564b6d03508e","name":"Ola Josefsson","description":"Bevakar Solkusten och Spanien sedan 1994.","sameAs":["https:\/\/lightweb.dev\/l\/svm-temp"],"url":"https:\/\/lightweb.dev\/l\/svm-temp\/reporter\/ola-josefsson\/"}]}},"_links":{"self":[{"href":"https:\/\/lightweb.dev\/l\/svm-temp\/wp-json\/wp\/v2\/posts\/64342","targetHints":{"allow":["GET"]}}],"collection":[{"href":"https:\/\/lightweb.dev\/l\/svm-temp\/wp-json\/wp\/v2\/posts"}],"about":[{"href":"https:\/\/lightweb.dev\/l\/svm-temp\/wp-json\/wp\/v2\/types\/post"}],"author":[{"embeddable":true,"href":"https:\/\/lightweb.dev\/l\/svm-temp\/wp-json\/wp\/v2\/users\/7"}],"replies":[{"embeddable":true,"href":"https:\/\/lightweb.dev\/l\/svm-temp\/wp-json\/wp\/v2\/comments?post=64342"}],"version-history":[{"count":0,"href":"https:\/\/lightweb.dev\/l\/svm-temp\/wp-json\/wp\/v2\/posts\/64342\/revisions"}],"wp:featuredmedia":[{"embeddable":true,"href":"https:\/\/lightweb.dev\/l\/svm-temp\/wp-json\/wp\/v2\/media\/64344"}],"wp:attachment":[{"href":"https:\/\/lightweb.dev\/l\/svm-temp\/wp-json\/wp\/v2\/media?parent=64342"}],"wp:term":[{"taxonomy":"category","embeddable":true,"href":"https:\/\/lightweb.dev\/l\/svm-temp\/wp-json\/wp\/v2\/categories?post=64342"},{"taxonomy":"post_tag","embeddable":true,"href":"https:\/\/lightweb.dev\/l\/svm-temp\/wp-json\/wp\/v2\/tags?post=64342"}],"curies":[{"name":"wp","href":"https:\/\/api.w.org\/{rel}","templated":true}]}}