{"id":64352,"date":"2023-06-22T01:00:26","date_gmt":"2023-06-21T23:00:26","guid":{"rendered":"https:\/\/lightweb.dev\/l\/svm-temp\/?p=64352"},"modified":"2023-06-22T10:42:41","modified_gmt":"2023-06-22T08:42:41","slug":"arboristen-som-vagade-hoppa","status":"publish","type":"post","link":"https:\/\/lightweb.dev\/l\/svm-temp\/artiklar\/arboristen-som-vagade-hoppa\/","title":{"rendered":"Solo el cielo es el l\u00edmite: Arboristen som v\u00e5gade hoppa"},"content":{"rendered":"<p><strong>Ena stunden tuktar hon tr\u00e4d hos n\u00e5gon svensk p\u00e5 Costa del Sol, n\u00e4sta kl\u00e4ttrar hon uppf\u00f6r en bergssida i Andalusiens inland, f\u00f6r att lite senare ta ett dopp i Medelhavet och grilla med n\u00e5gra v\u00e4nner.<\/strong><\/p>\n<p><strong>Text &amp; Foto: Paul Danielsson<\/strong><\/p>\n<p>\u00c4ven om det inte precis var s\u00e5 h\u00e4r Fredrika Lundberg f\u00f6rest\u00e4llde sig att livet i s\u00f6dra Spanien skulle bli n\u00e4r hon tog tj\u00e4nstledigt fr\u00e5n sitt jobb som arborist hemma i Malm\u00f6 fr\u00e5n \u00e5rsskiftet, s\u00e5 \u00e4r det exakt s\u00e5 h\u00e4r hon nu vill ha sin tillvaro.<\/p>\n<p><img loading=\"lazy\" decoding=\"async\" class=\"size-full wp-image-64359 alignleft\" src=\"https:\/\/lightweb.dev\/l\/svm-temp\/wp-content\/uploads\/2023\/06\/Skarmavbild-2023-06-05-kl.-09.29.14-stor.jpeg\" alt=\"\" width=\"290\" height=\"286\" srcset=\"https:\/\/lightweb.dev\/l\/svm-temp\/wp-content\/uploads\/2023\/06\/Skarmavbild-2023-06-05-kl.-09.29.14-stor.jpeg 290w, https:\/\/lightweb.dev\/l\/svm-temp\/wp-content\/uploads\/2023\/06\/Skarmavbild-2023-06-05-kl.-09.29.14-stor-100x100.jpeg 100w\" sizes=\"(max-width: 290px) 100vw, 290px\" \/><\/p>\n<p>&#8211; N\u00e4r jag \u00e4r klar med mina arboristuppdrag \u00e4r jag helt fri att ta dagen som den kommer och g\u00f6ra vad jag vill \u2013 kl\u00e4ttra, surfa, l\u00e4sa eller bara ta det lugnt och njuta av tillvaron.<\/p>\n<p>Fredrika ber\u00e4ttar n\u00e4r vi tr\u00e4ffas att hon dagen innan kl\u00e4ttrat med n\u00e5gra v\u00e4nner i bergen ovan Mijas Pueblo:<\/p>\n<p>&#8211; Efter det \u00e5kte jag med vanen och k\u00e4kade middag med en kompis och sov sedan utanf\u00f6r hennes hus, och i f\u00f6rmiddags kl\u00e4ttrade jag med en god v\u00e4n h\u00e4r n\u00e4ra Fuengirola.<\/p>\n<p>&#8211; En hel del \u00e4ventyr men ocks\u00e5 en hel del arbete, allts\u00e5?<\/p>\n<p>&#8211; Ja, och ibland blir det intensivt och ibland inga uppdrag alls. Jag gissar att det i snitt r\u00f6r sig om tv\u00e5 dagar i veckan med tr\u00e4den.<\/p>\n<p>Inte f\u00f6rv\u00e5nande tycker Malm\u00f6tjejen att livet hon lever i Spanien k\u00e4nns mycket friare \u00e4n i Sverige.<\/p>\n<p>&#8211; H\u00e4r \u00e4r det inte lika exakta rutiner f\u00f6r mig. Och inte heller bekymrar det mig att det inte blir uppdrag varje vecka. Det \u00e4r okej.<\/p>\n<h2>Konsten att kliva ut ur ett ekorrhjul<\/h2>\n<div id=\"attachment_64355\" style=\"width: 236px\" class=\"wp-caption alignleft\"><img loading=\"lazy\" decoding=\"async\" aria-describedby=\"caption-attachment-64355\" class=\"size-medium wp-image-64355\" src=\"https:\/\/lightweb.dev\/l\/svm-temp\/wp-content\/uploads\/2023\/06\/2ba247d9-163b-4fc0-86d4-78433536a5d7-stor-226x300.jpeg\" alt=\"\" width=\"226\" height=\"300\" srcset=\"https:\/\/lightweb.dev\/l\/svm-temp\/wp-content\/uploads\/2023\/06\/2ba247d9-163b-4fc0-86d4-78433536a5d7-stor-226x300.jpeg 226w, https:\/\/lightweb.dev\/l\/svm-temp\/wp-content\/uploads\/2023\/06\/2ba247d9-163b-4fc0-86d4-78433536a5d7-stor-677x900.jpeg 677w, https:\/\/lightweb.dev\/l\/svm-temp\/wp-content\/uploads\/2023\/06\/2ba247d9-163b-4fc0-86d4-78433536a5d7-stor-768x1021.jpeg 768w, https:\/\/lightweb.dev\/l\/svm-temp\/wp-content\/uploads\/2023\/06\/2ba247d9-163b-4fc0-86d4-78433536a5d7-stor-610x811.jpeg 610w, https:\/\/lightweb.dev\/l\/svm-temp\/wp-content\/uploads\/2023\/06\/2ba247d9-163b-4fc0-86d4-78433536a5d7-stor-600x798.jpeg 600w, https:\/\/lightweb.dev\/l\/svm-temp\/wp-content\/uploads\/2023\/06\/2ba247d9-163b-4fc0-86d4-78433536a5d7-stor.jpeg 963w\" sizes=\"(max-width: 226px) 100vw, 226px\" \/><p id=\"caption-attachment-64355\" class=\"wp-caption-text\">Fredrika \u00e4r en h\u00e4ngiven sportkl\u00e4ttrare och har valt att leva i Spanien en stor del av \u00e5ret just f\u00f6r den fina kl\u00e4ttringen, som h\u00e4r i Calp n\u00e4ra Alicante. Foto: Privat<\/p><\/div>\n<p>Nu var det ju sanning att s\u00e4ga inte att jobba som arborist som lockade Fredrika mest med ett lite kringflackande liv i Spanien:<\/p>\n<p>&#8211; Nej, det var ju inte s\u00e5 att jag hade en vision av att besk\u00e4ra spanska tr\u00e4d, s\u00e4ger hon och skrattar. Jag jobbar med tr\u00e4d h\u00e4r f\u00f6r att kunna f\u00f6rs\u00f6rja mig f\u00f6r att kunna leva n\u00e4ra b\u00e5de berg och hav.<\/p>\n<p>&#8211; Du jobbade allts\u00e5 och var etablerad i Sverige men k\u00e4nde att du ville g\u00f6ra n\u00e5got annat?<\/p>\n<p>Fredrika nickar best\u00e4mt:<\/p>\n<p>&#8211; Definitivt. Det fattades n\u00e5got. Det k\u00e4nde jag ju. Jag ville inte bara ha mitt jobb och mitt lilla liv d\u00e4r p\u00e5 ett och samma st\u00e4lle. Jag ville utveckla och l\u00e4gga till. Skulle jag forts\u00e4tta att springa runt i det d\u00e4r ekorrhjulet med fast jobb, bostadsl\u00e5n, krav och m\u00e5sten? Jag s\u00e4ger absolut inte att det \u00e4r fel, men jag triggades mer av att f\u00f6rs\u00f6ka skapa en annan tillvaro.<\/p>\n<p>Fredrika tar en sipp av den kalla \u00f6len vi precis f\u00e5tt in:<\/p>\n<p>&#8211; Jag ville nog ocks\u00e5 f\u00f6rs\u00f6ka t\u00e4nka bort det materiella och mer t\u00e4nka p\u00e5 hur jag m\u00e5dde, min mentala v\u00e4lf\u00e4rd. Kanske ville jag helt enkelt f\u00f6rs\u00f6ka skapa mig andra f\u00f6ruts\u00e4ttningar som i sin tur skulle \u00f6ppna upp f\u00f6r andra m\u00f6jligheter.<\/p>\n<h2>Att ge sig ut i det ok\u00e4nda<\/h2>\n<p><img loading=\"lazy\" decoding=\"async\" class=\"size-medium wp-image-64356 alignleft\" src=\"https:\/\/lightweb.dev\/l\/svm-temp\/wp-content\/uploads\/2023\/06\/IMG_4802-stor-200x300.jpeg\" alt=\"\" width=\"200\" height=\"300\" srcset=\"https:\/\/lightweb.dev\/l\/svm-temp\/wp-content\/uploads\/2023\/06\/IMG_4802-stor-200x300.jpeg 200w, https:\/\/lightweb.dev\/l\/svm-temp\/wp-content\/uploads\/2023\/06\/IMG_4802-stor-600x900.jpeg 600w, https:\/\/lightweb.dev\/l\/svm-temp\/wp-content\/uploads\/2023\/06\/IMG_4802-stor-768x1152.jpeg 768w, https:\/\/lightweb.dev\/l\/svm-temp\/wp-content\/uploads\/2023\/06\/IMG_4802-stor-610x915.jpeg 610w, https:\/\/lightweb.dev\/l\/svm-temp\/wp-content\/uploads\/2023\/06\/IMG_4802-stor.jpeg 853w\" sizes=\"(max-width: 200px) 100vw, 200px\" \/><\/p>\n<p>Det var en gammal dr\u00f6m f\u00f6r Fredrika att leva n\u00e4ra b\u00e5de kl\u00e4ttring och surfing, och hon har testat ett liv b\u00e5de Norge och i den svenska sk\u00e4rg\u00e5rden utan att k\u00e4nna sig riktigt hemma.<\/p>\n<p>&#8211; Det finns inget som kan j\u00e4mf\u00f6ra sig med den skandinaviska naturen, v\u00e5ra skogar, fj\u00e4ll och sk\u00e4rg\u00e5rdar kommer jag alltid \u00e4lska. Men \u00e4rligt talat s\u00e5 \u00e4r det bl\u00f6tt och kallt st\u00f6rre delen av \u00e5ret&#8230;<\/p>\n<p>Efter ett par l\u00e4ngre resor med vanen och \u00e5tskilliga timmar letandes klippor och str\u00e4nder p\u00e5 Google Earth, k\u00e4nde Fredrika till slut att s\u00f6dra Spanien var det hon s\u00f6kte.<\/p>\n<p>&#8211; Ja, klimatet, solen, en grymt bra kl\u00e4ttring och s\u00e5 Medelhavet!<\/p>\n<h2>Ett hem p\u00e5 fyra hjul<\/h2>\n<p>En kompis till Fredrika ber\u00e4ttade att hon hade byggt om en van till\u00a0bostad och k\u00f6rde upp i bergen f\u00f6r att\u00a0kl\u00e4ttra och bo precis d\u00e4r hon ville:<\/p>\n<p>&#8211; Det tyckte jag l\u00e4t himla bra! D\u00e5 kan man ju kl\u00e4ttra och surfa var man vill hela tiden och \u00e4nd\u00e5 ha sitt boende med sig!<\/p>\n<p>H\u00f6sten 2019 k\u00f6rde hon till Spanien i den van hon d\u00e5 hade k\u00f6pt och inrett:<\/p>\n<p>&#8211; Jag h\u00f6ll mig kring Alicante och tyckte j\u00e4ttemycket om det. Bara det att helt sj\u00e4lv f\u00e5 forma mitt liv f\u00f6r att kunna f\u00e5 jobba p\u00e5 en plats d\u00e4r jag trivs och vill vara! Pandemin st\u00f6kade s\u00e5klart till mitt liv som alla andras, men Spanien gav mersmak och jag har nu varit d\u00e4r f\u00f6r den tredje svenska vintern.<\/p>\n<p>Vanen har blivit navet i Fredrikas liv, och det \u00e4r med den hon n\u00e4stan alltid tar sig till de platser hon f\u00e5tt uppdrag p\u00e5 \u2013\u00a0och allts\u00e5 bor i mest hela tiden.<\/p>\n<p><strong>\u00c4r din van s\u00e5 komfortabel?<\/strong><\/p>\n<div id=\"attachment_64357\" style=\"width: 310px\" class=\"wp-caption alignleft\"><img loading=\"lazy\" decoding=\"async\" aria-describedby=\"caption-attachment-64357\" class=\"size-medium wp-image-64357\" src=\"https:\/\/lightweb.dev\/l\/svm-temp\/wp-content\/uploads\/2023\/06\/7b2898b7-55e6-4527-aa5f-86d443839fc9-stor-300x225.jpeg\" alt=\"\" width=\"300\" height=\"225\" srcset=\"https:\/\/lightweb.dev\/l\/svm-temp\/wp-content\/uploads\/2023\/06\/7b2898b7-55e6-4527-aa5f-86d443839fc9-stor-300x225.jpeg 300w, https:\/\/lightweb.dev\/l\/svm-temp\/wp-content\/uploads\/2023\/06\/7b2898b7-55e6-4527-aa5f-86d443839fc9-stor-900x675.jpeg 900w, https:\/\/lightweb.dev\/l\/svm-temp\/wp-content\/uploads\/2023\/06\/7b2898b7-55e6-4527-aa5f-86d443839fc9-stor-768x576.jpeg 768w, https:\/\/lightweb.dev\/l\/svm-temp\/wp-content\/uploads\/2023\/06\/7b2898b7-55e6-4527-aa5f-86d443839fc9-stor-610x458.jpeg 610w, https:\/\/lightweb.dev\/l\/svm-temp\/wp-content\/uploads\/2023\/06\/7b2898b7-55e6-4527-aa5f-86d443839fc9-stor-600x450.jpeg 600w, https:\/\/lightweb.dev\/l\/svm-temp\/wp-content\/uploads\/2023\/06\/7b2898b7-55e6-4527-aa5f-86d443839fc9-stor.jpeg 1024w\" sizes=\"(max-width: 300px) 100vw, 300px\" \/><p id=\"caption-attachment-64357\" class=\"wp-caption-text\">Efter en dag vid klippan samlas Fredrika Lundberg och hennes v\u00e4nner f\u00f6r lite \u201defterh\u00e4ng\u201d med en \u00f6l eller kaffe. Fredrika sportkl\u00e4ttrar tre, fyra g\u00e5nger i veckan. Foto: Privat<\/p><\/div>\n<p>&#8211; Ja, jag bor bra, svarar hon snabbt och ler n\u00f6jt. Och jag f\u00e5r allt flera st\u00e4llen hos folk jag l\u00e4rt k\u00e4nna d\u00e4r jag kan parkera bilen och ta en dusch, konstaterar hon med ett leende.<\/p>\n<p>Fredrika ins\u00e5g dock tidigt att hon m\u00e5ste best\u00e4mma sig vart hon ska ta v\u00e4gen inf\u00f6r kv\u00e4llen:<\/p>\n<p>&#8211; Ja, redan n\u00e4r jag jobbat klart, kl\u00e4ttrat eller surfat och satt mej bakom ratten i bilen m\u00e5ste jag ha koll. Annars \u00e4r det l\u00e4tt att man hamnar p\u00e5 en j\u00e4vla mack, f\u00f6rklarar hon och grimaserar \u00e5t tanken. D\u00e4r sitter man klockan \u00e5tta p\u00e5 kv\u00e4llen och tycker att \u201ddet h\u00e4r var ju inte s\u00e5 lattjo\u201d. D\u00e5 \u00e4r det l\u00e4tt att k\u00e4nna sig isolerad och ensam.<\/p>\n<h2>Kunderna finns p\u00e5 n\u00e4tet<\/h2>\n<p>Det \u00e4r hittills fr\u00e4mst p\u00e5 Facebook som Fredrika hittar sina kunder, och hon marknadsf\u00f6r sig idag i flera av grupperna av svenskar p\u00e5 Solkusten. \u00c4ven om Malm\u00f6tjejen klarar sig bra p\u00e5 sin spanska s\u00e5 k\u00e4nns det givet att jobba med just svenskar:<\/p>\n<p>&#8211; Det k\u00e4nns f\u00f6rst\u00e5s sk\u00f6nt f\u00f6r mina kunder att kunna f\u00e5 r\u00e5d och tips av en tr\u00e4dspecialist p\u00e5 sitt eget spr\u00e5k. Jag jobbar \u00e4ven med n\u00e5gra spanska firmor h\u00e4r, bland annat en arborist i M\u00e1laga. Ju mer erfaren jag blir av att jobba h\u00e4r ju mer kommer jag utvidga mina kundkretsar ocks\u00e5. Det handlar n\u00e4stan uteslutande av att skapa kontakter och f\u00f6rst\u00e5 sig p\u00e5 kulturen.<\/p>\n<p><strong>\u00c4r det stor skillnad att vara arborist h\u00e4r j\u00e4mf\u00f6rt ned i Sverige?<\/strong><\/p>\n<p><img loading=\"lazy\" decoding=\"async\" class=\"size-medium wp-image-64358 alignleft\" src=\"https:\/\/lightweb.dev\/l\/svm-temp\/wp-content\/uploads\/2023\/06\/IMG_4927-stor-206x300.jpeg\" alt=\"\" width=\"206\" height=\"300\" srcset=\"https:\/\/lightweb.dev\/l\/svm-temp\/wp-content\/uploads\/2023\/06\/IMG_4927-stor-206x300.jpeg 206w, https:\/\/lightweb.dev\/l\/svm-temp\/wp-content\/uploads\/2023\/06\/IMG_4927-stor-617x900.jpeg 617w, https:\/\/lightweb.dev\/l\/svm-temp\/wp-content\/uploads\/2023\/06\/IMG_4927-stor-768x1120.jpeg 768w, https:\/\/lightweb.dev\/l\/svm-temp\/wp-content\/uploads\/2023\/06\/IMG_4927-stor-610x889.jpeg 610w, https:\/\/lightweb.dev\/l\/svm-temp\/wp-content\/uploads\/2023\/06\/IMG_4927-stor-600x875.jpeg 600w, https:\/\/lightweb.dev\/l\/svm-temp\/wp-content\/uploads\/2023\/06\/IMG_4927-stor.jpeg 878w\" sizes=\"(max-width: 206px) 100vw, 206px\" \/><\/p>\n<p>&#8211; Oj, det g\u00e5r att jobba som arborist p\u00e5 v\u00e4ldigt m\u00e5nga olika s\u00e4tt! En v\u00e4n sa &#8221;tus resultados son tus maestros&#8221;. Dina resultat \u00e4r dina l\u00e4rdomar. Det g\u00e5r att applicera p\u00e5 allting i livet, menar jag.<\/p>\n<p>Fredrika blickar ut \u00f6ver Medelhavet fr\u00e5n baren d\u00e4r vi sitter:<\/p>\n<p>&#8211; H\u00e4r \u00e4r det v\u00e4ldigt varmt! Och alla dessa smala gator! F\u00f6rst\u00e5 bara hur sv\u00e5rt det kan vara att f\u00e5 ut ris fr\u00e5n ett st\u00e4lle. Det kan vara sv\u00e5rt i Sverige men h\u00e4r \u00e4r det m\u00e5nga g\u00e5nger n\u00e4stan hoppl\u00f6st. Bara det att vinka in en lastbil som ska l\u00e4mna en container p\u00e5 en tr\u00e5ng gata, s\u00e5 \u00e4r det en skola som har h\u00e4mtning av ungar f\u00f6r att klockan \u00e4r halv tre, och d\u00e5 \u00e4r det tjugo bilar d\u00e4r pl\u00f6tsligt. D\u00e5 f\u00e5r man inse faktum och ta en kaffepaus, f\u00f6rklarar hon.<\/p>\n<p>Hon tystnar och funderar lite innan hon forts\u00e4tter med ett hj\u00e4rtligt skratt:<\/p>\n<p>&#8211; Och alla dessa missf\u00f6rst\u00e5nd! Jag talar en okej spanska men jag pratar inte yrkesspanska, en \u201darborist\u201d-spanska!<\/p>\n<h2>V\u00e5ga hoppa!<\/h2>\n<p><strong>Tror du att du \u00e4r h\u00e4r ocks\u00e5 om fem \u00e5r?<\/strong><\/p>\n<p>&#8211; Oj, det var en bra fr\u00e5ga. Om fem \u00e5r? D\u00e5 har jag kanske skrivit en bok om ergonomi f\u00f6r arborister. Jag kanske har en etablerad kundbas h\u00e4r men ocks\u00e5 kan jobba med annat. Inte bara som arborist. Kanske har jag f\u00f6rdjupat mej lite mer i personlig utveckling och mental tr\u00e4ning f\u00f6r att f\u00e5 andra att v\u00e5ga g\u00f6ra stora f\u00f6r\u00e4ndringar i sina liv.<\/p>\n<p><strong>Mental tr\u00e4ning? \u00c4r det s\u00e5dant du gillar att studera p\u00e5 fritiden?<\/strong><\/p>\n<p>&#8211; Det \u00e4r s\u00e5 mycket jag vill l\u00e4ra mig. Mental tr\u00e4ning. Meditation. Breath work och det ena med det fj\u00e4rde, f\u00f6rklarar Fredrika och skrattar gott.<\/p>\n<p>Det \u00e4r s\u00e5dant man kan syssla mer med n\u00e4r man har mer tid, forts\u00e4tter hon med mer allvar i blicken:<\/p>\n<p>&#8211; Det \u00e4r det jag k\u00e4nner att jag har ett v\u00e4ldigt stort behov av. Att inte bara vara helt inne i ekorrhjulet utan att ocks\u00e5 ibland kunna st\u00e5 lite bredvid.<\/p>\n<p><strong>Vad vill du s\u00e4ga till n\u00e5gon som funderar p\u00e5 att g\u00f6ra n\u00e5got annorlunda med sitt liv som du?<\/strong><\/p>\n<div id=\"attachment_64360\" style=\"width: 310px\" class=\"wp-caption alignleft\"><img loading=\"lazy\" decoding=\"async\" aria-describedby=\"caption-attachment-64360\" class=\"size-medium wp-image-64360\" src=\"https:\/\/lightweb.dev\/l\/svm-temp\/wp-content\/uploads\/2023\/06\/IMG_4973-stor-300x200.jpeg\" alt=\"\" width=\"300\" height=\"200\" srcset=\"https:\/\/lightweb.dev\/l\/svm-temp\/wp-content\/uploads\/2023\/06\/IMG_4973-stor-300x200.jpeg 300w, https:\/\/lightweb.dev\/l\/svm-temp\/wp-content\/uploads\/2023\/06\/IMG_4973-stor-900x600.jpeg 900w, https:\/\/lightweb.dev\/l\/svm-temp\/wp-content\/uploads\/2023\/06\/IMG_4973-stor-768x512.jpeg 768w, https:\/\/lightweb.dev\/l\/svm-temp\/wp-content\/uploads\/2023\/06\/IMG_4973-stor-610x407.jpeg 610w, https:\/\/lightweb.dev\/l\/svm-temp\/wp-content\/uploads\/2023\/06\/IMG_4973-stor-1080x720.jpeg 1080w, https:\/\/lightweb.dev\/l\/svm-temp\/wp-content\/uploads\/2023\/06\/IMG_4973-stor-600x400.jpeg 600w, https:\/\/lightweb.dev\/l\/svm-temp\/wp-content\/uploads\/2023\/06\/IMG_4973-stor.jpeg 1280w\" sizes=\"(max-width: 300px) 100vw, 300px\" \/><p id=\"caption-attachment-64360\" class=\"wp-caption-text\">Fredrika f\u00e5r ofta uppdrag fr\u00e5n Henrique \u201dKike\u201d Deckler, en arborist med eget f\u00f6retag i M\u00e1laga. Foto: Paul Danielsson<\/p><\/div>\n<p>Fredrika synar tankfullt etiketten p\u00e5 \u00f6lflaskan:<\/p>\n<p>&#8211; Det jag skulle vilja s\u00e4ga f\u00f6r att inspirera andra \u00e4r att v\u00e5ga hoppa!<\/p>\n<p>&#8211; V\u00e5ga hoppa?! Kanske inte ett alldeles bra tips fr\u00e5n en arborist?<\/p>\n<p>Malm\u00f6tjejen skrattar hj\u00e4rtligt:<\/p>\n<p>&#8211; Okej, men d\u00e5 s\u00e4ger jag v\u00e4l ist\u00e4llet att man ska f\u00f6rs\u00f6ka stanna p\u00e5 den d\u00e4r \u201dv\u00e5gen\u201d av alla m\u00f6jligheter som bjuds om man bara tar mod till\u00a0sig\u00a0att se dom. Har man det modet s\u00e5 f\u00e5r man snart en massa kontakter som leder till nya saker!<\/p>\n<p><strong>Sj\u00e4lva grejen \u00e4r allts\u00e5 att v\u00e4lja sitt liv?<\/strong><\/p>\n<p>&#8211; Ja, att ha ett blankt papper framf\u00f6r sig och v\u00e5ga skapa det man sj\u00e4lv innerst inne vill g\u00f6ra. Skapa det liv man dr\u00f6mmer om mest!<\/p>\n","protected":false},"excerpt":{"rendered":"<p>Ena stunden tuktar hon tr\u00e4d hos n\u00e5gon svensk p\u00e5 Costa del Sol, n\u00e4sta kl\u00e4ttrar hon uppf\u00f6r en bergssida i Andalusiens inland, f\u00f6r att lite senare ta ett dopp i Medelhavet och grilla med n\u00e5gra v\u00e4nner&#8230;<\/p>\n","protected":false},"author":8,"featured_media":64354,"comment_status":"open","ping_status":"closed","sticky":false,"template":"","format":"standard","meta":{"_et_pb_use_builder":"","_et_pb_old_content":"","_et_gb_content_width":"","footnotes":""},"categories":[396,4],"tags":[],"class_list":["post-64352","post","type-post","status-publish","format-standard","has-post-thumbnail","hentry","category-arkiv-artiklar","category-artiklar"],"yoast_head":"<!-- This site is optimized with the Yoast SEO Premium plugin v26.2 (Yoast SEO v27.4) - https:\/\/yoast.com\/product\/yoast-seo-premium-wordpress\/ -->\n<title>Solo el cielo es el l\u00edmite: Arboristen som v\u00e5gade hoppa - Svenska Magasinet<\/title>\n<meta name=\"description\" content=\"Ena stunden tuktar hon tr\u00e4d hos n\u00e5gon svensk p\u00e5 Costa del Sol, n\u00e4sta kl\u00e4ttrar hon uppf\u00f6r en bergssida i Andalusiens inland, f\u00f6r att lite senare ta ett dopp i Medelhavet och grilla med n\u00e5gra v\u00e4nner.\" \/>\n<meta name=\"robots\" content=\"noindex, follow, max-snippet:-1, max-image-preview:large, max-video-preview:-1\" \/>\n<meta property=\"og:locale\" content=\"sv_SE\" \/>\n<meta property=\"og:type\" content=\"article\" \/>\n<meta property=\"og:title\" content=\"Solo el cielo es el l\u00edmite: Arboristen som v\u00e5gade hoppa\" \/>\n<meta property=\"og:description\" content=\"Ena stunden tuktar hon tr\u00e4d hos n\u00e5gon svensk p\u00e5 Costa del Sol, n\u00e4sta kl\u00e4ttrar hon uppf\u00f6r en bergssida i Andalusiens inland, f\u00f6r att lite senare ta ett dopp i Medelhavet och grilla med n\u00e5gra v\u00e4nner.\" \/>\n<meta property=\"og:url\" content=\"https:\/\/lightweb.dev\/l\/svm-temp\/artiklar\/reportage\/arboristen-som-vagade-hoppa\/\" \/>\n<meta property=\"og:site_name\" content=\"Svenska Magasinet\" \/>\n<meta property=\"article:publisher\" content=\"https:\/\/www.facebook.com\/svenskamagasinet\" \/>\n<meta property=\"article:published_time\" content=\"2023-06-21T23:00:26+00:00\" \/>\n<meta property=\"article:modified_time\" content=\"2023-06-22T08:42:41+00:00\" \/>\n<meta property=\"og:image\" content=\"https:\/\/lightweb.dev\/l\/svm-temp\/wp-content\/uploads\/2023\/06\/IMG_4922-stor.jpeg\" \/>\n\t<meta property=\"og:image:width\" content=\"853\" \/>\n\t<meta property=\"og:image:height\" content=\"1280\" \/>\n\t<meta property=\"og:image:type\" content=\"image\/jpeg\" \/>\n<meta name=\"author\" content=\"Redaktionen SvM\" \/>\n<meta name=\"twitter:card\" content=\"summary_large_image\" \/>\n<meta name=\"twitter:creator\" content=\"@SvenskaMagasine\" \/>\n<meta name=\"twitter:site\" content=\"@SvenskaMagasine\" \/>\n<script type=\"application\/ld+json\" class=\"yoast-schema-graph\">{\"@context\":\"https:\\\/\\\/schema.org\",\"@graph\":[{\"@type\":\"Article\",\"@id\":\"https:\\\/\\\/lightweb.dev\\\/l\\\/svm-temp\\\/artiklar\\\/reportage\\\/arboristen-som-vagade-hoppa\\\/#article\",\"isPartOf\":{\"@id\":\"https:\\\/\\\/lightweb.dev\\\/l\\\/svm-temp\\\/artiklar\\\/reportage\\\/arboristen-som-vagade-hoppa\\\/\"},\"author\":{\"name\":\"Redaktionen SvM\",\"@id\":\"https:\\\/\\\/lightweb.dev\\\/l\\\/svm-temp\\\/#\\\/schema\\\/person\\\/206a3bda5b607b0c25e1749191e4d837\"},\"headline\":\"Solo el cielo es el l\u00edmite: Arboristen som v\u00e5gade hoppa\",\"datePublished\":\"2023-06-21T23:00:26+00:00\",\"dateModified\":\"2023-06-22T08:42:41+00:00\",\"mainEntityOfPage\":{\"@id\":\"https:\\\/\\\/lightweb.dev\\\/l\\\/svm-temp\\\/artiklar\\\/reportage\\\/arboristen-som-vagade-hoppa\\\/\"},\"wordCount\":1823,\"commentCount\":0,\"publisher\":{\"@id\":\"https:\\\/\\\/lightweb.dev\\\/l\\\/svm-temp\\\/#organization\"},\"image\":{\"@id\":\"https:\\\/\\\/lightweb.dev\\\/l\\\/svm-temp\\\/artiklar\\\/reportage\\\/arboristen-som-vagade-hoppa\\\/#primaryimage\"},\"thumbnailUrl\":\"https:\\\/\\\/lightweb.dev\\\/l\\\/svm-temp\\\/wp-content\\\/uploads\\\/2023\\\/06\\\/IMG_4922-stor.jpeg\",\"articleSection\":[\"Arkiv\",\"Artiklar\"],\"inLanguage\":\"sv-SE\"},{\"@type\":\"WebPage\",\"@id\":\"https:\\\/\\\/lightweb.dev\\\/l\\\/svm-temp\\\/artiklar\\\/reportage\\\/arboristen-som-vagade-hoppa\\\/\",\"url\":\"https:\\\/\\\/lightweb.dev\\\/l\\\/svm-temp\\\/artiklar\\\/reportage\\\/arboristen-som-vagade-hoppa\\\/\",\"name\":\"Solo el cielo es el l\u00edmite: Arboristen som v\u00e5gade hoppa - Svenska Magasinet\",\"isPartOf\":{\"@id\":\"https:\\\/\\\/lightweb.dev\\\/l\\\/svm-temp\\\/#website\"},\"primaryImageOfPage\":{\"@id\":\"https:\\\/\\\/lightweb.dev\\\/l\\\/svm-temp\\\/artiklar\\\/reportage\\\/arboristen-som-vagade-hoppa\\\/#primaryimage\"},\"image\":{\"@id\":\"https:\\\/\\\/lightweb.dev\\\/l\\\/svm-temp\\\/artiklar\\\/reportage\\\/arboristen-som-vagade-hoppa\\\/#primaryimage\"},\"thumbnailUrl\":\"https:\\\/\\\/lightweb.dev\\\/l\\\/svm-temp\\\/wp-content\\\/uploads\\\/2023\\\/06\\\/IMG_4922-stor.jpeg\",\"datePublished\":\"2023-06-21T23:00:26+00:00\",\"dateModified\":\"2023-06-22T08:42:41+00:00\",\"description\":\"Ena stunden tuktar hon tr\u00e4d hos n\u00e5gon svensk p\u00e5 Costa del Sol, n\u00e4sta kl\u00e4ttrar hon uppf\u00f6r en bergssida i Andalusiens inland, f\u00f6r att lite senare ta ett dopp i Medelhavet och grilla med n\u00e5gra v\u00e4nner.\",\"breadcrumb\":{\"@id\":\"https:\\\/\\\/lightweb.dev\\\/l\\\/svm-temp\\\/artiklar\\\/reportage\\\/arboristen-som-vagade-hoppa\\\/#breadcrumb\"},\"inLanguage\":\"sv-SE\",\"potentialAction\":[{\"@type\":\"ReadAction\",\"target\":[\"https:\\\/\\\/lightweb.dev\\\/l\\\/svm-temp\\\/artiklar\\\/reportage\\\/arboristen-som-vagade-hoppa\\\/\"]}]},{\"@type\":\"ImageObject\",\"inLanguage\":\"sv-SE\",\"@id\":\"https:\\\/\\\/lightweb.dev\\\/l\\\/svm-temp\\\/artiklar\\\/reportage\\\/arboristen-som-vagade-hoppa\\\/#primaryimage\",\"url\":\"https:\\\/\\\/lightweb.dev\\\/l\\\/svm-temp\\\/wp-content\\\/uploads\\\/2023\\\/06\\\/IMG_4922-stor.jpeg\",\"contentUrl\":\"https:\\\/\\\/lightweb.dev\\\/l\\\/svm-temp\\\/wp-content\\\/uploads\\\/2023\\\/06\\\/IMG_4922-stor.jpeg\",\"width\":853,\"height\":1280,\"caption\":\"Jag ser inte fram emot att jobba i 45 grader s\u00e5 jag kommer att jobba i Malm\u00f6 i sommar, f\u00f6rklarar Fredrika.\"},{\"@type\":\"BreadcrumbList\",\"@id\":\"https:\\\/\\\/lightweb.dev\\\/l\\\/svm-temp\\\/artiklar\\\/reportage\\\/arboristen-som-vagade-hoppa\\\/#breadcrumb\",\"itemListElement\":[{\"@type\":\"ListItem\",\"position\":1,\"name\":\"Hem\",\"item\":\"https:\\\/\\\/lightweb.dev\\\/l\\\/svm-temp\\\/\"},{\"@type\":\"ListItem\",\"position\":2,\"name\":\"Solo el cielo es el l\u00edmite: Arboristen som v\u00e5gade hoppa\"}]},{\"@type\":\"WebSite\",\"@id\":\"https:\\\/\\\/lightweb.dev\\\/l\\\/svm-temp\\\/#website\",\"url\":\"https:\\\/\\\/lightweb.dev\\\/l\\\/svm-temp\\\/\",\"name\":\"Svenska Magasinet\",\"description\":\"Dina Spanska nyheter p&aring; Svenska\",\"publisher\":{\"@id\":\"https:\\\/\\\/lightweb.dev\\\/l\\\/svm-temp\\\/#organization\"},\"potentialAction\":[{\"@type\":\"SearchAction\",\"target\":{\"@type\":\"EntryPoint\",\"urlTemplate\":\"https:\\\/\\\/lightweb.dev\\\/l\\\/svm-temp\\\/?s={search_term_string}\"},\"query-input\":{\"@type\":\"PropertyValueSpecification\",\"valueRequired\":true,\"valueName\":\"search_term_string\"}}],\"inLanguage\":\"sv-SE\"},{\"@type\":\"Organization\",\"@id\":\"https:\\\/\\\/lightweb.dev\\\/l\\\/svm-temp\\\/#organization\",\"name\":\"Melkerson y Nott SL\",\"alternateName\":\"Svenska Magasinet\",\"url\":\"https:\\\/\\\/lightweb.dev\\\/l\\\/svm-temp\\\/\",\"logo\":{\"@type\":\"ImageObject\",\"inLanguage\":\"sv-SE\",\"@id\":\"https:\\\/\\\/lightweb.dev\\\/l\\\/svm-temp\\\/#\\\/schema\\\/logo\\\/image\\\/\",\"url\":\"https:\\\/\\\/lightweb.dev\\\/l\\\/svm-temp\\\/wp-content\\\/uploads\\\/2025\\\/02\\\/SvM-logo-Xtra-Centrerad-SVART.png\",\"contentUrl\":\"https:\\\/\\\/lightweb.dev\\\/l\\\/svm-temp\\\/wp-content\\\/uploads\\\/2025\\\/02\\\/SvM-logo-Xtra-Centrerad-SVART.png\",\"width\":300,\"height\":99,\"caption\":\"Melkerson y Nott SL\"},\"image\":{\"@id\":\"https:\\\/\\\/lightweb.dev\\\/l\\\/svm-temp\\\/#\\\/schema\\\/logo\\\/image\\\/\"},\"sameAs\":[\"https:\\\/\\\/www.facebook.com\\\/svenskamagasinet\",\"https:\\\/\\\/x.com\\\/SvenskaMagasine\"]},{\"@type\":\"Person\",\"@id\":\"https:\\\/\\\/lightweb.dev\\\/l\\\/svm-temp\\\/#\\\/schema\\\/person\\\/206a3bda5b607b0c25e1749191e4d837\",\"name\":\"Redaktionen SvM\",\"description\":\"Redaktionen\",\"sameAs\":[\"https:\\\/\\\/lightweb.dev\\\/l\\\/svm-temp\"],\"url\":\"https:\\\/\\\/lightweb.dev\\\/l\\\/svm-temp\\\/reporter\\\/redaktionen\\\/\"}]}<\/script>\n<!-- \/ Yoast SEO Premium plugin. -->","yoast_head_json":{"title":"Solo el cielo es el l\u00edmite: Arboristen som v\u00e5gade hoppa - Svenska Magasinet","description":"Ena stunden tuktar hon tr\u00e4d hos n\u00e5gon svensk p\u00e5 Costa del Sol, n\u00e4sta kl\u00e4ttrar hon uppf\u00f6r en bergssida i Andalusiens inland, f\u00f6r att lite senare ta ett dopp i Medelhavet och grilla med n\u00e5gra v\u00e4nner.","robots":{"index":"noindex","follow":"follow","max-snippet":"max-snippet:-1","max-image-preview":"max-image-preview:large","max-video-preview":"max-video-preview:-1"},"og_locale":"sv_SE","og_type":"article","og_title":"Solo el cielo es el l\u00edmite: Arboristen som v\u00e5gade hoppa","og_description":"Ena stunden tuktar hon tr\u00e4d hos n\u00e5gon svensk p\u00e5 Costa del Sol, n\u00e4sta kl\u00e4ttrar hon uppf\u00f6r en bergssida i Andalusiens inland, f\u00f6r att lite senare ta ett dopp i Medelhavet och grilla med n\u00e5gra v\u00e4nner.","og_url":"https:\/\/lightweb.dev\/l\/svm-temp\/artiklar\/reportage\/arboristen-som-vagade-hoppa\/","og_site_name":"Svenska Magasinet","article_publisher":"https:\/\/www.facebook.com\/svenskamagasinet","article_published_time":"2023-06-21T23:00:26+00:00","article_modified_time":"2023-06-22T08:42:41+00:00","og_image":[{"width":853,"height":1280,"url":"https:\/\/lightweb.dev\/l\/svm-temp\/wp-content\/uploads\/2023\/06\/IMG_4922-stor.jpeg","type":"image\/jpeg"}],"author":"Redaktionen SvM","twitter_card":"summary_large_image","twitter_creator":"@SvenskaMagasine","twitter_site":"@SvenskaMagasine","schema":{"@context":"https:\/\/schema.org","@graph":[{"@type":"Article","@id":"https:\/\/lightweb.dev\/l\/svm-temp\/artiklar\/reportage\/arboristen-som-vagade-hoppa\/#article","isPartOf":{"@id":"https:\/\/lightweb.dev\/l\/svm-temp\/artiklar\/reportage\/arboristen-som-vagade-hoppa\/"},"author":{"name":"Redaktionen SvM","@id":"https:\/\/lightweb.dev\/l\/svm-temp\/#\/schema\/person\/206a3bda5b607b0c25e1749191e4d837"},"headline":"Solo el cielo es el l\u00edmite: Arboristen som v\u00e5gade hoppa","datePublished":"2023-06-21T23:00:26+00:00","dateModified":"2023-06-22T08:42:41+00:00","mainEntityOfPage":{"@id":"https:\/\/lightweb.dev\/l\/svm-temp\/artiklar\/reportage\/arboristen-som-vagade-hoppa\/"},"wordCount":1823,"commentCount":0,"publisher":{"@id":"https:\/\/lightweb.dev\/l\/svm-temp\/#organization"},"image":{"@id":"https:\/\/lightweb.dev\/l\/svm-temp\/artiklar\/reportage\/arboristen-som-vagade-hoppa\/#primaryimage"},"thumbnailUrl":"https:\/\/lightweb.dev\/l\/svm-temp\/wp-content\/uploads\/2023\/06\/IMG_4922-stor.jpeg","articleSection":["Arkiv","Artiklar"],"inLanguage":"sv-SE"},{"@type":"WebPage","@id":"https:\/\/lightweb.dev\/l\/svm-temp\/artiklar\/reportage\/arboristen-som-vagade-hoppa\/","url":"https:\/\/lightweb.dev\/l\/svm-temp\/artiklar\/reportage\/arboristen-som-vagade-hoppa\/","name":"Solo el cielo es el l\u00edmite: Arboristen som v\u00e5gade hoppa - Svenska Magasinet","isPartOf":{"@id":"https:\/\/lightweb.dev\/l\/svm-temp\/#website"},"primaryImageOfPage":{"@id":"https:\/\/lightweb.dev\/l\/svm-temp\/artiklar\/reportage\/arboristen-som-vagade-hoppa\/#primaryimage"},"image":{"@id":"https:\/\/lightweb.dev\/l\/svm-temp\/artiklar\/reportage\/arboristen-som-vagade-hoppa\/#primaryimage"},"thumbnailUrl":"https:\/\/lightweb.dev\/l\/svm-temp\/wp-content\/uploads\/2023\/06\/IMG_4922-stor.jpeg","datePublished":"2023-06-21T23:00:26+00:00","dateModified":"2023-06-22T08:42:41+00:00","description":"Ena stunden tuktar hon tr\u00e4d hos n\u00e5gon svensk p\u00e5 Costa del Sol, n\u00e4sta kl\u00e4ttrar hon uppf\u00f6r en bergssida i Andalusiens inland, f\u00f6r att lite senare ta ett dopp i Medelhavet och grilla med n\u00e5gra v\u00e4nner.","breadcrumb":{"@id":"https:\/\/lightweb.dev\/l\/svm-temp\/artiklar\/reportage\/arboristen-som-vagade-hoppa\/#breadcrumb"},"inLanguage":"sv-SE","potentialAction":[{"@type":"ReadAction","target":["https:\/\/lightweb.dev\/l\/svm-temp\/artiklar\/reportage\/arboristen-som-vagade-hoppa\/"]}]},{"@type":"ImageObject","inLanguage":"sv-SE","@id":"https:\/\/lightweb.dev\/l\/svm-temp\/artiklar\/reportage\/arboristen-som-vagade-hoppa\/#primaryimage","url":"https:\/\/lightweb.dev\/l\/svm-temp\/wp-content\/uploads\/2023\/06\/IMG_4922-stor.jpeg","contentUrl":"https:\/\/lightweb.dev\/l\/svm-temp\/wp-content\/uploads\/2023\/06\/IMG_4922-stor.jpeg","width":853,"height":1280,"caption":"Jag ser inte fram emot att jobba i 45 grader s\u00e5 jag kommer att jobba i Malm\u00f6 i sommar, f\u00f6rklarar Fredrika."},{"@type":"BreadcrumbList","@id":"https:\/\/lightweb.dev\/l\/svm-temp\/artiklar\/reportage\/arboristen-som-vagade-hoppa\/#breadcrumb","itemListElement":[{"@type":"ListItem","position":1,"name":"Hem","item":"https:\/\/lightweb.dev\/l\/svm-temp\/"},{"@type":"ListItem","position":2,"name":"Solo el cielo es el l\u00edmite: Arboristen som v\u00e5gade hoppa"}]},{"@type":"WebSite","@id":"https:\/\/lightweb.dev\/l\/svm-temp\/#website","url":"https:\/\/lightweb.dev\/l\/svm-temp\/","name":"Svenska Magasinet","description":"Dina Spanska nyheter p&aring; Svenska","publisher":{"@id":"https:\/\/lightweb.dev\/l\/svm-temp\/#organization"},"potentialAction":[{"@type":"SearchAction","target":{"@type":"EntryPoint","urlTemplate":"https:\/\/lightweb.dev\/l\/svm-temp\/?s={search_term_string}"},"query-input":{"@type":"PropertyValueSpecification","valueRequired":true,"valueName":"search_term_string"}}],"inLanguage":"sv-SE"},{"@type":"Organization","@id":"https:\/\/lightweb.dev\/l\/svm-temp\/#organization","name":"Melkerson y Nott SL","alternateName":"Svenska Magasinet","url":"https:\/\/lightweb.dev\/l\/svm-temp\/","logo":{"@type":"ImageObject","inLanguage":"sv-SE","@id":"https:\/\/lightweb.dev\/l\/svm-temp\/#\/schema\/logo\/image\/","url":"https:\/\/lightweb.dev\/l\/svm-temp\/wp-content\/uploads\/2025\/02\/SvM-logo-Xtra-Centrerad-SVART.png","contentUrl":"https:\/\/lightweb.dev\/l\/svm-temp\/wp-content\/uploads\/2025\/02\/SvM-logo-Xtra-Centrerad-SVART.png","width":300,"height":99,"caption":"Melkerson y Nott SL"},"image":{"@id":"https:\/\/lightweb.dev\/l\/svm-temp\/#\/schema\/logo\/image\/"},"sameAs":["https:\/\/www.facebook.com\/svenskamagasinet","https:\/\/x.com\/SvenskaMagasine"]},{"@type":"Person","@id":"https:\/\/lightweb.dev\/l\/svm-temp\/#\/schema\/person\/206a3bda5b607b0c25e1749191e4d837","name":"Redaktionen SvM","description":"Redaktionen","sameAs":["https:\/\/lightweb.dev\/l\/svm-temp"],"url":"https:\/\/lightweb.dev\/l\/svm-temp\/reporter\/redaktionen\/"}]}},"_links":{"self":[{"href":"https:\/\/lightweb.dev\/l\/svm-temp\/wp-json\/wp\/v2\/posts\/64352","targetHints":{"allow":["GET"]}}],"collection":[{"href":"https:\/\/lightweb.dev\/l\/svm-temp\/wp-json\/wp\/v2\/posts"}],"about":[{"href":"https:\/\/lightweb.dev\/l\/svm-temp\/wp-json\/wp\/v2\/types\/post"}],"author":[{"embeddable":true,"href":"https:\/\/lightweb.dev\/l\/svm-temp\/wp-json\/wp\/v2\/users\/8"}],"replies":[{"embeddable":true,"href":"https:\/\/lightweb.dev\/l\/svm-temp\/wp-json\/wp\/v2\/comments?post=64352"}],"version-history":[{"count":0,"href":"https:\/\/lightweb.dev\/l\/svm-temp\/wp-json\/wp\/v2\/posts\/64352\/revisions"}],"wp:featuredmedia":[{"embeddable":true,"href":"https:\/\/lightweb.dev\/l\/svm-temp\/wp-json\/wp\/v2\/media\/64354"}],"wp:attachment":[{"href":"https:\/\/lightweb.dev\/l\/svm-temp\/wp-json\/wp\/v2\/media?parent=64352"}],"wp:term":[{"taxonomy":"category","embeddable":true,"href":"https:\/\/lightweb.dev\/l\/svm-temp\/wp-json\/wp\/v2\/categories?post=64352"},{"taxonomy":"post_tag","embeddable":true,"href":"https:\/\/lightweb.dev\/l\/svm-temp\/wp-json\/wp\/v2\/tags?post=64352"}],"curies":[{"name":"wp","href":"https:\/\/api.w.org\/{rel}","templated":true}]}}