{"id":64490,"date":"2023-06-27T01:00:51","date_gmt":"2023-06-26T23:00:51","guid":{"rendered":"https:\/\/lightweb.dev\/l\/svm-temp\/?p=64490"},"modified":"2023-06-27T10:48:58","modified_gmt":"2023-06-27T08:48:58","slug":"nar-sommaren-verkligen-slar-till-pa-costa-del-sol","status":"publish","type":"post","link":"https:\/\/lightweb.dev\/l\/svm-temp\/artiklar\/nar-sommaren-verkligen-slar-till-pa-costa-del-sol\/","title":{"rendered":"N\u00e4r sommaren verkligen sl\u00e5r till p\u00e5 Costa del Sol"},"content":{"rendered":"<p class=\"p1\"><b>N\u00e4r sommaren verkligen sl\u00e5r till p\u00e5 Costa del Sol vill man kunna svalka sig p\u00e5 b\u00e4sta s\u00e4tt.<\/b><\/p>\n<p><strong>Text &amp; Foto : Sarah \u00c5berg, Max &amp; Naya<\/strong><\/p>\n<p><img loading=\"lazy\" decoding=\"async\" class=\" wp-image-64492 alignright\" src=\"https:\/\/lightweb.dev\/l\/svm-temp\/wp-content\/uploads\/2023\/06\/WhatsApp-Image-2023-06-07-at-22.50.50-1-675x900.jpeg\" alt=\"\" width=\"262\" height=\"349\" srcset=\"https:\/\/lightweb.dev\/l\/svm-temp\/wp-content\/uploads\/2023\/06\/WhatsApp-Image-2023-06-07-at-22.50.50-1-675x900.jpeg 675w, https:\/\/lightweb.dev\/l\/svm-temp\/wp-content\/uploads\/2023\/06\/WhatsApp-Image-2023-06-07-at-22.50.50-1-225x300.jpeg 225w, https:\/\/lightweb.dev\/l\/svm-temp\/wp-content\/uploads\/2023\/06\/WhatsApp-Image-2023-06-07-at-22.50.50-1-610x813.jpeg 610w, https:\/\/lightweb.dev\/l\/svm-temp\/wp-content\/uploads\/2023\/06\/WhatsApp-Image-2023-06-07-at-22.50.50-1-600x800.jpeg 600w, https:\/\/lightweb.dev\/l\/svm-temp\/wp-content\/uploads\/2023\/06\/WhatsApp-Image-2023-06-07-at-22.50.50-1.jpeg 768w\" sizes=\"(max-width: 262px) 100vw, 262px\" \/><\/p>\n<p class=\"p1\"><span class=\"s1\"><b>I<\/b><\/span><span class=\"s2\"><b>bland kan det vara sv\u00e5rt att komma p\u00e5 nya bad-st\u00e4llen och d\u00e4rf\u00f6r kommer h\u00e4r 3 tips f\u00f6r dig med barn:<\/b><\/span><\/p>\n<p><strong>1<\/strong> <span class=\"s1\">Strax efter Estepona finner du <\/span><span class=\"s2\"><b>Alcazaba Vive Lagoon<\/b><\/span><span class=\"s1\">. En idyllisk plats med alldeles turkostbl\u00e5tt vatten. Du bokar din plats p\u00e5 hemsidan. H\u00e4r finns n\u00e5got f\u00f6r alla. Du kommer fram till den mest magiska lagunen d\u00e4r du i entr\u00e9priset f\u00e5r fri tillg\u00e5ng till att paddla kajak, \u00e5ka trampb\u00e5t eller surfa p\u00e5 en paddleboard. Du kan avnjuta en god lunch i en av restaurangerna. Ett m\u00e5ste om du \u00e4r i n\u00e4rheten av Marbella och \u00f6nskar se n\u00e5got annorlunda.<span class=\"Apple-converted-space\">\u00a0<\/span><\/span><\/p>\n<p><strong>2 <\/strong><span class=\"s1\">Gillar du att bada och \u00e4ta i lunch i en underbar naturupplevelse kring bergen, s\u00e5 \u00e4r <\/span><span class=\"s2\"><b>El Chorro-sj\u00f6n i Malaga<\/b><\/span><span class=\"s1\"> ett m\u00e5ste. Utsikten \u00e4r v\u00e4rt hela resan. Mitt bland bergen finner du en sj\u00f6 d\u00e4r du kan hyra trampb\u00e5tar eller surfbr\u00e4dor eller bara ta ett bad i sj\u00f6n. En riktig idyll. Antigen avnjuter du din medtagna picknick eller s\u00e5 promenerar du upp till restaurangen El Mirador med en hisnade utsikt. F\u00f6r att f\u00e5 njuta sj\u00f6n betalar du en liten entr\u00e9avgift.<img loading=\"lazy\" decoding=\"async\" class=\" wp-image-64493 alignright\" src=\"https:\/\/lightweb.dev\/l\/svm-temp\/wp-content\/uploads\/2023\/06\/WhatsApp-Image-2023-06-07-at-22.50.50-675x900.jpeg\" alt=\"\" width=\"243\" height=\"324\" srcset=\"https:\/\/lightweb.dev\/l\/svm-temp\/wp-content\/uploads\/2023\/06\/WhatsApp-Image-2023-06-07-at-22.50.50-675x900.jpeg 675w, https:\/\/lightweb.dev\/l\/svm-temp\/wp-content\/uploads\/2023\/06\/WhatsApp-Image-2023-06-07-at-22.50.50-225x300.jpeg 225w, https:\/\/lightweb.dev\/l\/svm-temp\/wp-content\/uploads\/2023\/06\/WhatsApp-Image-2023-06-07-at-22.50.50-610x813.jpeg 610w, https:\/\/lightweb.dev\/l\/svm-temp\/wp-content\/uploads\/2023\/06\/WhatsApp-Image-2023-06-07-at-22.50.50-600x800.jpeg 600w, https:\/\/lightweb.dev\/l\/svm-temp\/wp-content\/uploads\/2023\/06\/WhatsApp-Image-2023-06-07-at-22.50.50.jpeg 768w\" sizes=\"(max-width: 243px) 100vw, 243px\" \/><\/span><\/p>\n<p><strong>3 <\/strong><span class=\"s1\">Sist men inte minst tipsar jag om den gratis <\/span><span class=\"s2\"><b>flodvandringen i bergen i Benahavis<\/b><\/span><span class=\"s1\">. Detta \u00e4ventyr \u00e4r f\u00f6r st\u00f6rre, simkunniga barn, d\u00e5 vissa delar \u00e4r ganska avancerade. Ett tips \u00e4r att ta med badskor n\u00e4r du g\u00f6r detta bes\u00f6k d\u00e5 man l\u00e4tt kan f\u00e5 ont i f\u00f6tterna annars. Vill du inte g\u00e5 hela leden, s\u00e5 kan du bara stanna till och bada h\u00f6gst uppe vid klipporna eller \u00e5ka i den sten urgr\u00f6pta rutschkanan som finns alldeles i b\u00f6rjan. Vill du kan ocks\u00e5 b\u00f6rja i slutet av floden om du har mindre barn f\u00f6r mer plask och lek i fin milj\u00f6. Denna vandring kan ocks\u00e5 g\u00f6ras med guide. <\/span><\/p>\n","protected":false},"excerpt":{"rendered":"<p>N\u00e4r sommaren verkligen sl\u00e5r till p\u00e5 Costa del Sol vill man kunna svalka sig p\u00e5 b\u00e4sta s\u00e4tt&#8230;.<\/p>\n","protected":false},"author":8,"featured_media":64494,"comment_status":"open","ping_status":"closed","sticky":false,"template":"","format":"standard","meta":{"_et_pb_use_builder":"","_et_pb_old_content":"","_et_gb_content_width":"","footnotes":""},"categories":[396,4],"tags":[],"class_list":["post-64490","post","type-post","status-publish","format-standard","has-post-thumbnail","hentry","category-arkiv-artiklar","category-artiklar"],"yoast_head":"<!-- This site is optimized with the Yoast SEO Premium plugin v26.2 (Yoast SEO v27.4) - https:\/\/yoast.com\/product\/yoast-seo-premium-wordpress\/ -->\n<title>N\u00e4r sommaren verkligen sl\u00e5r till p\u00e5 Costa del Sol - Svenska Magasinet<\/title>\n<meta name=\"description\" content=\"N\u00e4r sommaren verkligen sl\u00e5r till p\u00e5 Costa del Sol vill man kunna svalka sig p\u00e5 b\u00e4sta s\u00e4tt.\" \/>\n<meta name=\"robots\" content=\"noindex, follow, max-snippet:-1, max-image-preview:large, max-video-preview:-1\" \/>\n<meta property=\"og:locale\" content=\"sv_SE\" \/>\n<meta property=\"og:type\" content=\"article\" \/>\n<meta property=\"og:title\" content=\"N\u00e4r sommaren verkligen sl\u00e5r till p\u00e5 Costa del Sol\" \/>\n<meta property=\"og:description\" content=\"N\u00e4r sommaren verkligen sl\u00e5r till p\u00e5 Costa del Sol vill man kunna svalka sig p\u00e5 b\u00e4sta s\u00e4tt.\" \/>\n<meta property=\"og:url\" content=\"https:\/\/lightweb.dev\/l\/svm-temp\/artiklar\/utflykter\/nar-sommaren-verkligen-slar-till-pa-costa-del-sol\/\" \/>\n<meta property=\"og:site_name\" content=\"Svenska Magasinet\" \/>\n<meta property=\"article:publisher\" content=\"https:\/\/www.facebook.com\/svenskamagasinet\" \/>\n<meta property=\"article:published_time\" content=\"2023-06-26T23:00:51+00:00\" \/>\n<meta property=\"article:modified_time\" content=\"2023-06-27T08:48:58+00:00\" \/>\n<meta property=\"og:image\" content=\"https:\/\/lightweb.dev\/l\/svm-temp\/wp-content\/uploads\/2023\/06\/IMG_0031-scaled.jpg\" \/>\n\t<meta property=\"og:image:width\" content=\"2049\" \/>\n\t<meta property=\"og:image:height\" content=\"2560\" \/>\n\t<meta property=\"og:image:type\" content=\"image\/jpeg\" \/>\n<meta name=\"author\" content=\"Redaktionen SvM\" \/>\n<meta name=\"twitter:card\" content=\"summary_large_image\" \/>\n<meta name=\"twitter:creator\" content=\"@SvenskaMagasine\" \/>\n<meta name=\"twitter:site\" content=\"@SvenskaMagasine\" \/>\n<script type=\"application\/ld+json\" class=\"yoast-schema-graph\">{\"@context\":\"https:\\\/\\\/schema.org\",\"@graph\":[{\"@type\":\"Article\",\"@id\":\"https:\\\/\\\/lightweb.dev\\\/l\\\/svm-temp\\\/artiklar\\\/utflykter\\\/nar-sommaren-verkligen-slar-till-pa-costa-del-sol\\\/#article\",\"isPartOf\":{\"@id\":\"https:\\\/\\\/lightweb.dev\\\/l\\\/svm-temp\\\/artiklar\\\/utflykter\\\/nar-sommaren-verkligen-slar-till-pa-costa-del-sol\\\/\"},\"author\":{\"name\":\"Redaktionen SvM\",\"@id\":\"https:\\\/\\\/lightweb.dev\\\/l\\\/svm-temp\\\/#\\\/schema\\\/person\\\/206a3bda5b607b0c25e1749191e4d837\"},\"headline\":\"N\u00e4r sommaren verkligen sl\u00e5r till p\u00e5 Costa del Sol\",\"datePublished\":\"2023-06-26T23:00:51+00:00\",\"dateModified\":\"2023-06-27T08:48:58+00:00\",\"mainEntityOfPage\":{\"@id\":\"https:\\\/\\\/lightweb.dev\\\/l\\\/svm-temp\\\/artiklar\\\/utflykter\\\/nar-sommaren-verkligen-slar-till-pa-costa-del-sol\\\/\"},\"wordCount\":364,\"commentCount\":2,\"publisher\":{\"@id\":\"https:\\\/\\\/lightweb.dev\\\/l\\\/svm-temp\\\/#organization\"},\"image\":{\"@id\":\"https:\\\/\\\/lightweb.dev\\\/l\\\/svm-temp\\\/artiklar\\\/utflykter\\\/nar-sommaren-verkligen-slar-till-pa-costa-del-sol\\\/#primaryimage\"},\"thumbnailUrl\":\"https:\\\/\\\/lightweb.dev\\\/l\\\/svm-temp\\\/wp-content\\\/uploads\\\/2023\\\/06\\\/IMG_0031-scaled.jpg\",\"articleSection\":[\"Arkiv\",\"Artiklar\"],\"inLanguage\":\"sv-SE\"},{\"@type\":\"WebPage\",\"@id\":\"https:\\\/\\\/lightweb.dev\\\/l\\\/svm-temp\\\/artiklar\\\/utflykter\\\/nar-sommaren-verkligen-slar-till-pa-costa-del-sol\\\/\",\"url\":\"https:\\\/\\\/lightweb.dev\\\/l\\\/svm-temp\\\/artiklar\\\/utflykter\\\/nar-sommaren-verkligen-slar-till-pa-costa-del-sol\\\/\",\"name\":\"N\u00e4r sommaren verkligen sl\u00e5r till p\u00e5 Costa del Sol - Svenska Magasinet\",\"isPartOf\":{\"@id\":\"https:\\\/\\\/lightweb.dev\\\/l\\\/svm-temp\\\/#website\"},\"primaryImageOfPage\":{\"@id\":\"https:\\\/\\\/lightweb.dev\\\/l\\\/svm-temp\\\/artiklar\\\/utflykter\\\/nar-sommaren-verkligen-slar-till-pa-costa-del-sol\\\/#primaryimage\"},\"image\":{\"@id\":\"https:\\\/\\\/lightweb.dev\\\/l\\\/svm-temp\\\/artiklar\\\/utflykter\\\/nar-sommaren-verkligen-slar-till-pa-costa-del-sol\\\/#primaryimage\"},\"thumbnailUrl\":\"https:\\\/\\\/lightweb.dev\\\/l\\\/svm-temp\\\/wp-content\\\/uploads\\\/2023\\\/06\\\/IMG_0031-scaled.jpg\",\"datePublished\":\"2023-06-26T23:00:51+00:00\",\"dateModified\":\"2023-06-27T08:48:58+00:00\",\"description\":\"N\u00e4r sommaren verkligen sl\u00e5r till p\u00e5 Costa del Sol vill man kunna svalka sig p\u00e5 b\u00e4sta s\u00e4tt.\",\"breadcrumb\":{\"@id\":\"https:\\\/\\\/lightweb.dev\\\/l\\\/svm-temp\\\/artiklar\\\/utflykter\\\/nar-sommaren-verkligen-slar-till-pa-costa-del-sol\\\/#breadcrumb\"},\"inLanguage\":\"sv-SE\",\"potentialAction\":[{\"@type\":\"ReadAction\",\"target\":[\"https:\\\/\\\/lightweb.dev\\\/l\\\/svm-temp\\\/artiklar\\\/utflykter\\\/nar-sommaren-verkligen-slar-till-pa-costa-del-sol\\\/\"]}]},{\"@type\":\"ImageObject\",\"inLanguage\":\"sv-SE\",\"@id\":\"https:\\\/\\\/lightweb.dev\\\/l\\\/svm-temp\\\/artiklar\\\/utflykter\\\/nar-sommaren-verkligen-slar-till-pa-costa-del-sol\\\/#primaryimage\",\"url\":\"https:\\\/\\\/lightweb.dev\\\/l\\\/svm-temp\\\/wp-content\\\/uploads\\\/2023\\\/06\\\/IMG_0031-scaled.jpg\",\"contentUrl\":\"https:\\\/\\\/lightweb.dev\\\/l\\\/svm-temp\\\/wp-content\\\/uploads\\\/2023\\\/06\\\/IMG_0031-scaled.jpg\",\"width\":2049,\"height\":2560,\"caption\":\"Alcazaba Vive Lagoon\"},{\"@type\":\"BreadcrumbList\",\"@id\":\"https:\\\/\\\/lightweb.dev\\\/l\\\/svm-temp\\\/artiklar\\\/utflykter\\\/nar-sommaren-verkligen-slar-till-pa-costa-del-sol\\\/#breadcrumb\",\"itemListElement\":[{\"@type\":\"ListItem\",\"position\":1,\"name\":\"Hem\",\"item\":\"https:\\\/\\\/lightweb.dev\\\/l\\\/svm-temp\\\/\"},{\"@type\":\"ListItem\",\"position\":2,\"name\":\"N\u00e4r sommaren verkligen sl\u00e5r till p\u00e5 Costa del Sol\"}]},{\"@type\":\"WebSite\",\"@id\":\"https:\\\/\\\/lightweb.dev\\\/l\\\/svm-temp\\\/#website\",\"url\":\"https:\\\/\\\/lightweb.dev\\\/l\\\/svm-temp\\\/\",\"name\":\"Svenska Magasinet\",\"description\":\"Dina Spanska nyheter p&aring; Svenska\",\"publisher\":{\"@id\":\"https:\\\/\\\/lightweb.dev\\\/l\\\/svm-temp\\\/#organization\"},\"potentialAction\":[{\"@type\":\"SearchAction\",\"target\":{\"@type\":\"EntryPoint\",\"urlTemplate\":\"https:\\\/\\\/lightweb.dev\\\/l\\\/svm-temp\\\/?s={search_term_string}\"},\"query-input\":{\"@type\":\"PropertyValueSpecification\",\"valueRequired\":true,\"valueName\":\"search_term_string\"}}],\"inLanguage\":\"sv-SE\"},{\"@type\":\"Organization\",\"@id\":\"https:\\\/\\\/lightweb.dev\\\/l\\\/svm-temp\\\/#organization\",\"name\":\"Melkerson y Nott SL\",\"alternateName\":\"Svenska Magasinet\",\"url\":\"https:\\\/\\\/lightweb.dev\\\/l\\\/svm-temp\\\/\",\"logo\":{\"@type\":\"ImageObject\",\"inLanguage\":\"sv-SE\",\"@id\":\"https:\\\/\\\/lightweb.dev\\\/l\\\/svm-temp\\\/#\\\/schema\\\/logo\\\/image\\\/\",\"url\":\"https:\\\/\\\/lightweb.dev\\\/l\\\/svm-temp\\\/wp-content\\\/uploads\\\/2025\\\/02\\\/SvM-logo-Xtra-Centrerad-SVART.png\",\"contentUrl\":\"https:\\\/\\\/lightweb.dev\\\/l\\\/svm-temp\\\/wp-content\\\/uploads\\\/2025\\\/02\\\/SvM-logo-Xtra-Centrerad-SVART.png\",\"width\":300,\"height\":99,\"caption\":\"Melkerson y Nott SL\"},\"image\":{\"@id\":\"https:\\\/\\\/lightweb.dev\\\/l\\\/svm-temp\\\/#\\\/schema\\\/logo\\\/image\\\/\"},\"sameAs\":[\"https:\\\/\\\/www.facebook.com\\\/svenskamagasinet\",\"https:\\\/\\\/x.com\\\/SvenskaMagasine\"]},{\"@type\":\"Person\",\"@id\":\"https:\\\/\\\/lightweb.dev\\\/l\\\/svm-temp\\\/#\\\/schema\\\/person\\\/206a3bda5b607b0c25e1749191e4d837\",\"name\":\"Redaktionen SvM\",\"description\":\"Redaktionen\",\"sameAs\":[\"https:\\\/\\\/lightweb.dev\\\/l\\\/svm-temp\"],\"url\":\"https:\\\/\\\/lightweb.dev\\\/l\\\/svm-temp\\\/reporter\\\/redaktionen\\\/\"}]}<\/script>\n<!-- \/ Yoast SEO Premium plugin. -->","yoast_head_json":{"title":"N\u00e4r sommaren verkligen sl\u00e5r till p\u00e5 Costa del Sol - Svenska Magasinet","description":"N\u00e4r sommaren verkligen sl\u00e5r till p\u00e5 Costa del Sol vill man kunna svalka sig p\u00e5 b\u00e4sta s\u00e4tt.","robots":{"index":"noindex","follow":"follow","max-snippet":"max-snippet:-1","max-image-preview":"max-image-preview:large","max-video-preview":"max-video-preview:-1"},"og_locale":"sv_SE","og_type":"article","og_title":"N\u00e4r sommaren verkligen sl\u00e5r till p\u00e5 Costa del Sol","og_description":"N\u00e4r sommaren verkligen sl\u00e5r till p\u00e5 Costa del Sol vill man kunna svalka sig p\u00e5 b\u00e4sta s\u00e4tt.","og_url":"https:\/\/lightweb.dev\/l\/svm-temp\/artiklar\/utflykter\/nar-sommaren-verkligen-slar-till-pa-costa-del-sol\/","og_site_name":"Svenska Magasinet","article_publisher":"https:\/\/www.facebook.com\/svenskamagasinet","article_published_time":"2023-06-26T23:00:51+00:00","article_modified_time":"2023-06-27T08:48:58+00:00","og_image":[{"width":2049,"height":2560,"url":"https:\/\/lightweb.dev\/l\/svm-temp\/wp-content\/uploads\/2023\/06\/IMG_0031-scaled.jpg","type":"image\/jpeg"}],"author":"Redaktionen SvM","twitter_card":"summary_large_image","twitter_creator":"@SvenskaMagasine","twitter_site":"@SvenskaMagasine","schema":{"@context":"https:\/\/schema.org","@graph":[{"@type":"Article","@id":"https:\/\/lightweb.dev\/l\/svm-temp\/artiklar\/utflykter\/nar-sommaren-verkligen-slar-till-pa-costa-del-sol\/#article","isPartOf":{"@id":"https:\/\/lightweb.dev\/l\/svm-temp\/artiklar\/utflykter\/nar-sommaren-verkligen-slar-till-pa-costa-del-sol\/"},"author":{"name":"Redaktionen SvM","@id":"https:\/\/lightweb.dev\/l\/svm-temp\/#\/schema\/person\/206a3bda5b607b0c25e1749191e4d837"},"headline":"N\u00e4r sommaren verkligen sl\u00e5r till p\u00e5 Costa del Sol","datePublished":"2023-06-26T23:00:51+00:00","dateModified":"2023-06-27T08:48:58+00:00","mainEntityOfPage":{"@id":"https:\/\/lightweb.dev\/l\/svm-temp\/artiklar\/utflykter\/nar-sommaren-verkligen-slar-till-pa-costa-del-sol\/"},"wordCount":364,"commentCount":2,"publisher":{"@id":"https:\/\/lightweb.dev\/l\/svm-temp\/#organization"},"image":{"@id":"https:\/\/lightweb.dev\/l\/svm-temp\/artiklar\/utflykter\/nar-sommaren-verkligen-slar-till-pa-costa-del-sol\/#primaryimage"},"thumbnailUrl":"https:\/\/lightweb.dev\/l\/svm-temp\/wp-content\/uploads\/2023\/06\/IMG_0031-scaled.jpg","articleSection":["Arkiv","Artiklar"],"inLanguage":"sv-SE"},{"@type":"WebPage","@id":"https:\/\/lightweb.dev\/l\/svm-temp\/artiklar\/utflykter\/nar-sommaren-verkligen-slar-till-pa-costa-del-sol\/","url":"https:\/\/lightweb.dev\/l\/svm-temp\/artiklar\/utflykter\/nar-sommaren-verkligen-slar-till-pa-costa-del-sol\/","name":"N\u00e4r sommaren verkligen sl\u00e5r till p\u00e5 Costa del Sol - Svenska Magasinet","isPartOf":{"@id":"https:\/\/lightweb.dev\/l\/svm-temp\/#website"},"primaryImageOfPage":{"@id":"https:\/\/lightweb.dev\/l\/svm-temp\/artiklar\/utflykter\/nar-sommaren-verkligen-slar-till-pa-costa-del-sol\/#primaryimage"},"image":{"@id":"https:\/\/lightweb.dev\/l\/svm-temp\/artiklar\/utflykter\/nar-sommaren-verkligen-slar-till-pa-costa-del-sol\/#primaryimage"},"thumbnailUrl":"https:\/\/lightweb.dev\/l\/svm-temp\/wp-content\/uploads\/2023\/06\/IMG_0031-scaled.jpg","datePublished":"2023-06-26T23:00:51+00:00","dateModified":"2023-06-27T08:48:58+00:00","description":"N\u00e4r sommaren verkligen sl\u00e5r till p\u00e5 Costa del Sol vill man kunna svalka sig p\u00e5 b\u00e4sta s\u00e4tt.","breadcrumb":{"@id":"https:\/\/lightweb.dev\/l\/svm-temp\/artiklar\/utflykter\/nar-sommaren-verkligen-slar-till-pa-costa-del-sol\/#breadcrumb"},"inLanguage":"sv-SE","potentialAction":[{"@type":"ReadAction","target":["https:\/\/lightweb.dev\/l\/svm-temp\/artiklar\/utflykter\/nar-sommaren-verkligen-slar-till-pa-costa-del-sol\/"]}]},{"@type":"ImageObject","inLanguage":"sv-SE","@id":"https:\/\/lightweb.dev\/l\/svm-temp\/artiklar\/utflykter\/nar-sommaren-verkligen-slar-till-pa-costa-del-sol\/#primaryimage","url":"https:\/\/lightweb.dev\/l\/svm-temp\/wp-content\/uploads\/2023\/06\/IMG_0031-scaled.jpg","contentUrl":"https:\/\/lightweb.dev\/l\/svm-temp\/wp-content\/uploads\/2023\/06\/IMG_0031-scaled.jpg","width":2049,"height":2560,"caption":"Alcazaba Vive Lagoon"},{"@type":"BreadcrumbList","@id":"https:\/\/lightweb.dev\/l\/svm-temp\/artiklar\/utflykter\/nar-sommaren-verkligen-slar-till-pa-costa-del-sol\/#breadcrumb","itemListElement":[{"@type":"ListItem","position":1,"name":"Hem","item":"https:\/\/lightweb.dev\/l\/svm-temp\/"},{"@type":"ListItem","position":2,"name":"N\u00e4r sommaren verkligen sl\u00e5r till p\u00e5 Costa del Sol"}]},{"@type":"WebSite","@id":"https:\/\/lightweb.dev\/l\/svm-temp\/#website","url":"https:\/\/lightweb.dev\/l\/svm-temp\/","name":"Svenska Magasinet","description":"Dina Spanska nyheter p&aring; Svenska","publisher":{"@id":"https:\/\/lightweb.dev\/l\/svm-temp\/#organization"},"potentialAction":[{"@type":"SearchAction","target":{"@type":"EntryPoint","urlTemplate":"https:\/\/lightweb.dev\/l\/svm-temp\/?s={search_term_string}"},"query-input":{"@type":"PropertyValueSpecification","valueRequired":true,"valueName":"search_term_string"}}],"inLanguage":"sv-SE"},{"@type":"Organization","@id":"https:\/\/lightweb.dev\/l\/svm-temp\/#organization","name":"Melkerson y Nott SL","alternateName":"Svenska Magasinet","url":"https:\/\/lightweb.dev\/l\/svm-temp\/","logo":{"@type":"ImageObject","inLanguage":"sv-SE","@id":"https:\/\/lightweb.dev\/l\/svm-temp\/#\/schema\/logo\/image\/","url":"https:\/\/lightweb.dev\/l\/svm-temp\/wp-content\/uploads\/2025\/02\/SvM-logo-Xtra-Centrerad-SVART.png","contentUrl":"https:\/\/lightweb.dev\/l\/svm-temp\/wp-content\/uploads\/2025\/02\/SvM-logo-Xtra-Centrerad-SVART.png","width":300,"height":99,"caption":"Melkerson y Nott SL"},"image":{"@id":"https:\/\/lightweb.dev\/l\/svm-temp\/#\/schema\/logo\/image\/"},"sameAs":["https:\/\/www.facebook.com\/svenskamagasinet","https:\/\/x.com\/SvenskaMagasine"]},{"@type":"Person","@id":"https:\/\/lightweb.dev\/l\/svm-temp\/#\/schema\/person\/206a3bda5b607b0c25e1749191e4d837","name":"Redaktionen SvM","description":"Redaktionen","sameAs":["https:\/\/lightweb.dev\/l\/svm-temp"],"url":"https:\/\/lightweb.dev\/l\/svm-temp\/reporter\/redaktionen\/"}]}},"_links":{"self":[{"href":"https:\/\/lightweb.dev\/l\/svm-temp\/wp-json\/wp\/v2\/posts\/64490","targetHints":{"allow":["GET"]}}],"collection":[{"href":"https:\/\/lightweb.dev\/l\/svm-temp\/wp-json\/wp\/v2\/posts"}],"about":[{"href":"https:\/\/lightweb.dev\/l\/svm-temp\/wp-json\/wp\/v2\/types\/post"}],"author":[{"embeddable":true,"href":"https:\/\/lightweb.dev\/l\/svm-temp\/wp-json\/wp\/v2\/users\/8"}],"replies":[{"embeddable":true,"href":"https:\/\/lightweb.dev\/l\/svm-temp\/wp-json\/wp\/v2\/comments?post=64490"}],"version-history":[{"count":0,"href":"https:\/\/lightweb.dev\/l\/svm-temp\/wp-json\/wp\/v2\/posts\/64490\/revisions"}],"wp:featuredmedia":[{"embeddable":true,"href":"https:\/\/lightweb.dev\/l\/svm-temp\/wp-json\/wp\/v2\/media\/64494"}],"wp:attachment":[{"href":"https:\/\/lightweb.dev\/l\/svm-temp\/wp-json\/wp\/v2\/media?parent=64490"}],"wp:term":[{"taxonomy":"category","embeddable":true,"href":"https:\/\/lightweb.dev\/l\/svm-temp\/wp-json\/wp\/v2\/categories?post=64490"},{"taxonomy":"post_tag","embeddable":true,"href":"https:\/\/lightweb.dev\/l\/svm-temp\/wp-json\/wp\/v2\/tags?post=64490"}],"curies":[{"name":"wp","href":"https:\/\/api.w.org\/{rel}","templated":true}]}}