{"id":64496,"date":"2023-06-28T01:00:39","date_gmt":"2023-06-27T23:00:39","guid":{"rendered":"https:\/\/lightweb.dev\/l\/svm-temp\/?p=64496"},"modified":"2023-06-28T10:38:07","modified_gmt":"2023-06-28T08:38:07","slug":"hundar-varme","status":"publish","type":"post","link":"https:\/\/lightweb.dev\/l\/svm-temp\/artiklar\/hundar-varme\/","title":{"rendered":"Hundar och v\u00e4rme"},"content":{"rendered":"<p class=\"p1\"><strong><span class=\"s1\">Att v\u00e4rme p\u00e5verkar hunden g\u00e4ller naturligtvis oavsett om vi vistas i Spanien, Sverige eller n\u00e5gon annanstans. Som hund\u00e4gare beh\u00f6ver vi ofta b\u00e5de t\u00e4nka f\u00f6rebyggande f\u00f6r hur vi kan underl\u00e4tta f\u00f6r hunden, samt vad vi g\u00f6r om krisen \u00e4r framme.<\/span><\/strong><\/p>\n<p class=\"p1\"><strong><span class=\"s1\">Hur kan vi f\u00f6rebygga \u00f6verhettning hos v\u00e5r hund, och hur kokar man egen v\u00e4tskeers\u00e4ttning? H\u00e4r kommer sommarens kanske viktigaste tips!<\/span><\/strong><\/p>\n<div id=\"attachment_59397\" style=\"width: 235px\" class=\"wp-caption alignleft\"><img loading=\"lazy\" decoding=\"async\" aria-describedby=\"caption-attachment-59397\" class=\"size-medium wp-image-59397\" src=\"https:\/\/lightweb.dev\/l\/svm-temp\/wp-content\/uploads\/2022\/11\/IMG_1170-Large-225x300.jpeg\" alt=\"\" width=\"225\" height=\"300\" srcset=\"https:\/\/lightweb.dev\/l\/svm-temp\/wp-content\/uploads\/2022\/11\/IMG_1170-Large-225x300.jpeg 225w, https:\/\/lightweb.dev\/l\/svm-temp\/wp-content\/uploads\/2022\/11\/IMG_1170-Large-675x900.jpeg 675w, https:\/\/lightweb.dev\/l\/svm-temp\/wp-content\/uploads\/2022\/11\/IMG_1170-Large-768x1024.jpeg 768w, https:\/\/lightweb.dev\/l\/svm-temp\/wp-content\/uploads\/2022\/11\/IMG_1170-Large-610x813.jpeg 610w, https:\/\/lightweb.dev\/l\/svm-temp\/wp-content\/uploads\/2022\/11\/IMG_1170-Large-600x800.jpeg 600w, https:\/\/lightweb.dev\/l\/svm-temp\/wp-content\/uploads\/2022\/11\/IMG_1170-Large.jpeg 960w\" sizes=\"(max-width: 225px) 100vw, 225px\" \/><p id=\"caption-attachment-59397\" class=\"wp-caption-text\">Av Stina Lundin e-post: stina@ccbreeding.com<\/p><\/div>\n<p class=\"p1\"><span class=\"s1\">H<\/span><span class=\"s1\">undens kroppstemperatur ligger normalt mellan 38 och 39 grader. Om temperaturen \u00f6verstiger 39 brukar det s\u00e4gas att hunden har feber. Redan vid 39,1 kan temperaturen vara ett tecken p\u00e5 exempelvis infektion. Hundens marginaler \u00e4r s\u00e5ledes mer k\u00e4nsliga \u00e4n hos oss m\u00e4nniskor, vilket ocks\u00e5 g\u00f6r dem k\u00e4nsligare f\u00f6r all typ av temperaturf\u00f6r\u00e4ndringar.<\/span><\/p>\n<p class=\"p2\"><span class=\"s1\">Medan vi m\u00e4nniskor svettas ut \u00f6verskottsv\u00e4rme kyler hunden ner sig genom att fl\u00e5sa, den kan ofta \u00e4ven s\u00f6ka sig till ett svalare golv eller skuggparti. Finns inte m\u00f6jligheten att s\u00e4nka kroppstemperaturen vid \u00f6verhettning kan hunden drabbas av v\u00e4rmeslag. De flesta hundar vet sj\u00e4lva hur de ska hantera v\u00e4rmen, medan, oftast yngre hundar, inte sj\u00e4lva har riktigt samma koll innan det \u00e4r f\u00f6rsent. T.ex. yngre hundar som leker och har kul med en hundkompis.<span class=\"Apple-converted-space\"> <img loading=\"lazy\" decoding=\"async\" class=\" wp-image-64498 alignright\" src=\"https:\/\/lightweb.dev\/l\/svm-temp\/wp-content\/uploads\/2023\/06\/pexels-jack-geoghegan-1044056-900x600.jpg\" alt=\"\" width=\"293\" height=\"195\" srcset=\"https:\/\/lightweb.dev\/l\/svm-temp\/wp-content\/uploads\/2023\/06\/pexels-jack-geoghegan-1044056-900x600.jpg 900w, https:\/\/lightweb.dev\/l\/svm-temp\/wp-content\/uploads\/2023\/06\/pexels-jack-geoghegan-1044056-300x200.jpg 300w, https:\/\/lightweb.dev\/l\/svm-temp\/wp-content\/uploads\/2023\/06\/pexels-jack-geoghegan-1044056-768x512.jpg 768w, https:\/\/lightweb.dev\/l\/svm-temp\/wp-content\/uploads\/2023\/06\/pexels-jack-geoghegan-1044056-1536x1024.jpg 1536w, https:\/\/lightweb.dev\/l\/svm-temp\/wp-content\/uploads\/2023\/06\/pexels-jack-geoghegan-1044056-2048x1365.jpg 2048w, https:\/\/lightweb.dev\/l\/svm-temp\/wp-content\/uploads\/2023\/06\/pexels-jack-geoghegan-1044056-610x407.jpg 610w, https:\/\/lightweb.dev\/l\/svm-temp\/wp-content\/uploads\/2023\/06\/pexels-jack-geoghegan-1044056-1080x720.jpg 1080w, https:\/\/lightweb.dev\/l\/svm-temp\/wp-content\/uploads\/2023\/06\/pexels-jack-geoghegan-1044056-600x400.jpg 600w\" sizes=\"(max-width: 293px) 100vw, 293px\" \/><\/span><\/span><\/p>\n<p class=\"p2\"><span class=\"s1\">Till en b\u00f6rjan kan tecknen p\u00e5 v\u00e4rmeslag vara att hunden s\u00f6ker sig till svalka och dricker mycket vatten. Ett annat tecken \u00e4r oro, tr\u00f6tthet och kr\u00e4kningar. Hunden kan till och med, om det \u00e4r riktigt illa, uppvisa sig apatisk, f\u00f6rvirrad eller vinglig. Naturligtvis vill ingen hamna d\u00e4r, s\u00e5 hur f\u00f6rebygger vi vardagen f\u00f6r vovven n\u00e4r solen gassar och v\u00e4rmer som mest?<span class=\"Apple-converted-space\">\u00a0<\/span><\/span><\/p>\n<p class=\"p2\"><span class=\"s1\">Viktigt \u00e4r att bed\u00f6ma om hunden kan beh\u00f6va veterin\u00e4rv\u00e5rd f\u00f6r att stabilisera sig vid v\u00e4rmeslag. Det \u00e4r ocks\u00e5 viktigt att vara f\u00f6rsiktig med nedkylningen s\u00e5 att kylan inte chockar den \u00f6verhettade kroppen. Ta hunden till skuggan eller ett svalt rum och erbjud hunden v\u00e4tska. En bl\u00f6t handduk mot magen, br\u00f6stkorgen och insidan av l\u00e5ren \u00e4r ocks\u00e5 en bra hj\u00e4lp. Vatten \u00e4r naturligtvis en nyckel till att \u00e5terst\u00e4lla hundens m\u00e5ende, men \u00e4n b\u00e4ttre \u00e4r v\u00e4tskeers\u00e4ttning i en s\u00e5dan situation.<\/span><\/p>\n<p class=\"p2\"><span class=\"s1\">V\u00e4tskeers\u00e4ttning \u00e4r b\u00e5de f\u00f6r oss och v\u00e5r fyrfota v\u00e4n ett bra-att-ha. Sommarens b\u00e4sta tips \u00e4r att f\u00f6rebygga \u00f6verhettning hos hunden med extra mycket v\u00e4tska p\u00e5 varma dagar, och l\u00e4ra sig koka egen v\u00e4tskeers\u00e4ttning, som ni b\u00e5da kan smaka!<\/span><\/p>\n<h2 class=\"p5\"><span class=\"s1\"><b>Recept p\u00e5 egen v\u00e4tskeers\u00e4ttning<span class=\"Apple-converted-space\">\u00a0<\/span><\/b><\/span><\/h2>\n<p class=\"p2\"><span class=\"s1\">Koka upp ingredienserna i en kastrull och l\u00e5t svalna innan du ger hunden eller dricker sj\u00e4lv.<\/span><\/p>\n<p class=\"p2\"><span class=\"s1\">1 l vatten<\/span><\/p>\n<p class=\"p2\"><span class=\"s1\">1 msk druvsocker eller honung<\/span><\/p>\n<p class=\"p2\"><span class=\"s1\">1 tsk salt<\/span><\/p>\n<p class=\"p2\"><span class=\"s1\">M\u00e4ngd: 0,5 dl per kroppskilo och dygn.<span class=\"Apple-converted-space\">\u00a0<\/span><\/span><\/p>\n<p class=\"p2\"><span class=\"s1\">Dvs. en hund p\u00e5 5 kg beh\u00f6ver ca 2,5 dl v\u00e4tska per dygn, medan en 30 kg hund 1,5 liter. Kom ih\u00e5g att portionera ut v\u00e4tskeers\u00e4ttningen under dygnet. Om hunden har drabbats av v\u00e4rmeslag och inte vill dricka kan en vanlig plastspruta med v\u00e4tskeers\u00e4ttning p\u00e5 tungan vara ett effektivt s\u00e4tt f\u00f6r f\u00e5 hunden att komma ig\u00e5ng och dricka sj\u00e4lv.<\/span><\/p>\n<p class=\"p2\"><span class=\"s1\">Andra s\u00e4tt att f\u00f6rebygga v\u00e4rmeslag och \u00f6verhettning \u00e4r att med omsorg v\u00e4lja tider f\u00f6r fysiska aktiviteter med hunden. Ta l\u00e5ngpromenaderna tidig morgon eller sen kv\u00e4ll, se till att hunden inte springer runt i gassande sol, leker och stojar. Man kan \u00e4ven h\u00e4lla vatten eller v\u00e4tskeers\u00e4ttningen p\u00e5 hundens mat f\u00f6r att ha koll p\u00e5 att hunden f\u00e5r i sig det den beh\u00f6ver.<\/span><\/p>\n<p class=\"p2\"><span class=\"s1\">Andra tips \u00e4r kylv\u00e4star och kyldynor, de g\u00f6r under f\u00f6r vovven varma dagar och ger en tacksam svalka. Finns i v\u00e4lsorterade djurbutiker i olika storlekar och prisklasser.<\/span><\/p>\n<p><strong>I n\u00e4sta nummer:\u00a0<\/strong>Lagar och regler i Spanien<\/p>\n","protected":false},"excerpt":{"rendered":"<p>Att v\u00e4rme p\u00e5verkar hunden g\u00e4ller naturligtvis oavsett om vi vistas i Spanien, Sverige eller n\u00e5gon annanstans&#8230;<\/p>\n","protected":false},"author":8,"featured_media":64499,"comment_status":"open","ping_status":"closed","sticky":false,"template":"","format":"standard","meta":{"_et_pb_use_builder":"","_et_pb_old_content":"","_et_gb_content_width":"","footnotes":""},"categories":[396,4],"tags":[],"class_list":["post-64496","post","type-post","status-publish","format-standard","has-post-thumbnail","hentry","category-arkiv-artiklar","category-artiklar"],"yoast_head":"<!-- This site is optimized with the Yoast SEO Premium plugin v26.2 (Yoast SEO v27.4) - https:\/\/yoast.com\/product\/yoast-seo-premium-wordpress\/ -->\n<title>Hundar och v\u00e4rme - Svenska Magasinet<\/title>\n<meta name=\"description\" content=\"Att v\u00e4rme p\u00e5verkar hunden g\u00e4ller naturligtvis oavsett om vi vistas i Spanien, Sverige eller n\u00e5gon annanstans. Som hund\u00e4gare beh\u00f6ver vi ofta b\u00e5de t\u00e4nka f\u00f6rebyggande f\u00f6r hur vi kan underl\u00e4tta f\u00f6r hunden, samt vad vi g\u00f6r om krisen \u00e4r framme. Hur kan vi f\u00f6rebygga \u00f6verhettning hos v\u00e5r hund, och hur kokar man egen v\u00e4tskeers\u00e4ttning? H\u00e4r kommer sommarens kanske viktigaste tips!\" \/>\n<meta name=\"robots\" content=\"noindex, follow, max-snippet:-1, max-image-preview:large, max-video-preview:-1\" \/>\n<meta property=\"og:locale\" content=\"sv_SE\" \/>\n<meta property=\"og:type\" content=\"article\" \/>\n<meta property=\"og:title\" content=\"Hundar och v\u00e4rme\" \/>\n<meta property=\"og:description\" content=\"Att v\u00e4rme p\u00e5verkar hunden g\u00e4ller naturligtvis oavsett om vi vistas i Spanien, Sverige eller n\u00e5gon annanstans. Som hund\u00e4gare beh\u00f6ver vi ofta b\u00e5de t\u00e4nka f\u00f6rebyggande f\u00f6r hur vi kan underl\u00e4tta f\u00f6r hunden, samt vad vi g\u00f6r om krisen \u00e4r framme. Hur kan vi f\u00f6rebygga \u00f6verhettning hos v\u00e5r hund, och hur kokar man egen v\u00e4tskeers\u00e4ttning? H\u00e4r kommer sommarens kanske viktigaste tips!\" \/>\n<meta property=\"og:url\" content=\"https:\/\/lightweb.dev\/l\/svm-temp\/artiklar\/tips-inlagg\/hundar-varme\/\" \/>\n<meta property=\"og:site_name\" content=\"Svenska Magasinet\" \/>\n<meta property=\"article:publisher\" content=\"https:\/\/www.facebook.com\/svenskamagasinet\" \/>\n<meta property=\"article:published_time\" content=\"2023-06-27T23:00:39+00:00\" \/>\n<meta property=\"article:modified_time\" content=\"2023-06-28T08:38:07+00:00\" \/>\n<meta property=\"og:image\" content=\"https:\/\/lightweb.dev\/l\/svm-temp\/wp-content\/uploads\/2023\/06\/pexels-rick-josey-12474970.jpg\" \/>\n\t<meta property=\"og:image:width\" content=\"2480\" \/>\n\t<meta property=\"og:image:height\" content=\"1655\" \/>\n\t<meta property=\"og:image:type\" content=\"image\/jpeg\" \/>\n<meta name=\"author\" content=\"Redaktionen SvM\" \/>\n<meta name=\"twitter:card\" content=\"summary_large_image\" \/>\n<meta name=\"twitter:creator\" content=\"@SvenskaMagasine\" \/>\n<meta name=\"twitter:site\" content=\"@SvenskaMagasine\" \/>\n<script type=\"application\/ld+json\" class=\"yoast-schema-graph\">{\"@context\":\"https:\\\/\\\/schema.org\",\"@graph\":[{\"@type\":\"Article\",\"@id\":\"https:\\\/\\\/lightweb.dev\\\/l\\\/svm-temp\\\/artiklar\\\/tips-inlagg\\\/hundar-varme\\\/#article\",\"isPartOf\":{\"@id\":\"https:\\\/\\\/lightweb.dev\\\/l\\\/svm-temp\\\/artiklar\\\/tips-inlagg\\\/hundar-varme\\\/\"},\"author\":{\"name\":\"Redaktionen SvM\",\"@id\":\"https:\\\/\\\/lightweb.dev\\\/l\\\/svm-temp\\\/#\\\/schema\\\/person\\\/206a3bda5b607b0c25e1749191e4d837\"},\"headline\":\"Hundar och v\u00e4rme\",\"datePublished\":\"2023-06-27T23:00:39+00:00\",\"dateModified\":\"2023-06-28T08:38:07+00:00\",\"mainEntityOfPage\":{\"@id\":\"https:\\\/\\\/lightweb.dev\\\/l\\\/svm-temp\\\/artiklar\\\/tips-inlagg\\\/hundar-varme\\\/\"},\"wordCount\":676,\"commentCount\":2,\"publisher\":{\"@id\":\"https:\\\/\\\/lightweb.dev\\\/l\\\/svm-temp\\\/#organization\"},\"image\":{\"@id\":\"https:\\\/\\\/lightweb.dev\\\/l\\\/svm-temp\\\/artiklar\\\/tips-inlagg\\\/hundar-varme\\\/#primaryimage\"},\"thumbnailUrl\":\"https:\\\/\\\/lightweb.dev\\\/l\\\/svm-temp\\\/wp-content\\\/uploads\\\/2023\\\/06\\\/pexels-rick-josey-12474970.jpg\",\"articleSection\":[\"Arkiv\",\"Artiklar\"],\"inLanguage\":\"sv-SE\"},{\"@type\":\"WebPage\",\"@id\":\"https:\\\/\\\/lightweb.dev\\\/l\\\/svm-temp\\\/artiklar\\\/tips-inlagg\\\/hundar-varme\\\/\",\"url\":\"https:\\\/\\\/lightweb.dev\\\/l\\\/svm-temp\\\/artiklar\\\/tips-inlagg\\\/hundar-varme\\\/\",\"name\":\"Hundar och v\u00e4rme - Svenska Magasinet\",\"isPartOf\":{\"@id\":\"https:\\\/\\\/lightweb.dev\\\/l\\\/svm-temp\\\/#website\"},\"primaryImageOfPage\":{\"@id\":\"https:\\\/\\\/lightweb.dev\\\/l\\\/svm-temp\\\/artiklar\\\/tips-inlagg\\\/hundar-varme\\\/#primaryimage\"},\"image\":{\"@id\":\"https:\\\/\\\/lightweb.dev\\\/l\\\/svm-temp\\\/artiklar\\\/tips-inlagg\\\/hundar-varme\\\/#primaryimage\"},\"thumbnailUrl\":\"https:\\\/\\\/lightweb.dev\\\/l\\\/svm-temp\\\/wp-content\\\/uploads\\\/2023\\\/06\\\/pexels-rick-josey-12474970.jpg\",\"datePublished\":\"2023-06-27T23:00:39+00:00\",\"dateModified\":\"2023-06-28T08:38:07+00:00\",\"description\":\"Att v\u00e4rme p\u00e5verkar hunden g\u00e4ller naturligtvis oavsett om vi vistas i Spanien, Sverige eller n\u00e5gon annanstans. Som hund\u00e4gare beh\u00f6ver vi ofta b\u00e5de t\u00e4nka f\u00f6rebyggande f\u00f6r hur vi kan underl\u00e4tta f\u00f6r hunden, samt vad vi g\u00f6r om krisen \u00e4r framme. Hur kan vi f\u00f6rebygga \u00f6verhettning hos v\u00e5r hund, och hur kokar man egen v\u00e4tskeers\u00e4ttning? H\u00e4r kommer sommarens kanske viktigaste tips!\",\"breadcrumb\":{\"@id\":\"https:\\\/\\\/lightweb.dev\\\/l\\\/svm-temp\\\/artiklar\\\/tips-inlagg\\\/hundar-varme\\\/#breadcrumb\"},\"inLanguage\":\"sv-SE\",\"potentialAction\":[{\"@type\":\"ReadAction\",\"target\":[\"https:\\\/\\\/lightweb.dev\\\/l\\\/svm-temp\\\/artiklar\\\/tips-inlagg\\\/hundar-varme\\\/\"]}]},{\"@type\":\"ImageObject\",\"inLanguage\":\"sv-SE\",\"@id\":\"https:\\\/\\\/lightweb.dev\\\/l\\\/svm-temp\\\/artiklar\\\/tips-inlagg\\\/hundar-varme\\\/#primaryimage\",\"url\":\"https:\\\/\\\/lightweb.dev\\\/l\\\/svm-temp\\\/wp-content\\\/uploads\\\/2023\\\/06\\\/pexels-rick-josey-12474970.jpg\",\"contentUrl\":\"https:\\\/\\\/lightweb.dev\\\/l\\\/svm-temp\\\/wp-content\\\/uploads\\\/2023\\\/06\\\/pexels-rick-josey-12474970.jpg\",\"width\":2480,\"height\":1655},{\"@type\":\"BreadcrumbList\",\"@id\":\"https:\\\/\\\/lightweb.dev\\\/l\\\/svm-temp\\\/artiklar\\\/tips-inlagg\\\/hundar-varme\\\/#breadcrumb\",\"itemListElement\":[{\"@type\":\"ListItem\",\"position\":1,\"name\":\"Hem\",\"item\":\"https:\\\/\\\/lightweb.dev\\\/l\\\/svm-temp\\\/\"},{\"@type\":\"ListItem\",\"position\":2,\"name\":\"Hundar och v\u00e4rme\"}]},{\"@type\":\"WebSite\",\"@id\":\"https:\\\/\\\/lightweb.dev\\\/l\\\/svm-temp\\\/#website\",\"url\":\"https:\\\/\\\/lightweb.dev\\\/l\\\/svm-temp\\\/\",\"name\":\"Svenska Magasinet\",\"description\":\"Dina Spanska nyheter p&aring; Svenska\",\"publisher\":{\"@id\":\"https:\\\/\\\/lightweb.dev\\\/l\\\/svm-temp\\\/#organization\"},\"potentialAction\":[{\"@type\":\"SearchAction\",\"target\":{\"@type\":\"EntryPoint\",\"urlTemplate\":\"https:\\\/\\\/lightweb.dev\\\/l\\\/svm-temp\\\/?s={search_term_string}\"},\"query-input\":{\"@type\":\"PropertyValueSpecification\",\"valueRequired\":true,\"valueName\":\"search_term_string\"}}],\"inLanguage\":\"sv-SE\"},{\"@type\":\"Organization\",\"@id\":\"https:\\\/\\\/lightweb.dev\\\/l\\\/svm-temp\\\/#organization\",\"name\":\"Melkerson y Nott SL\",\"alternateName\":\"Svenska Magasinet\",\"url\":\"https:\\\/\\\/lightweb.dev\\\/l\\\/svm-temp\\\/\",\"logo\":{\"@type\":\"ImageObject\",\"inLanguage\":\"sv-SE\",\"@id\":\"https:\\\/\\\/lightweb.dev\\\/l\\\/svm-temp\\\/#\\\/schema\\\/logo\\\/image\\\/\",\"url\":\"https:\\\/\\\/lightweb.dev\\\/l\\\/svm-temp\\\/wp-content\\\/uploads\\\/2025\\\/02\\\/SvM-logo-Xtra-Centrerad-SVART.png\",\"contentUrl\":\"https:\\\/\\\/lightweb.dev\\\/l\\\/svm-temp\\\/wp-content\\\/uploads\\\/2025\\\/02\\\/SvM-logo-Xtra-Centrerad-SVART.png\",\"width\":300,\"height\":99,\"caption\":\"Melkerson y Nott SL\"},\"image\":{\"@id\":\"https:\\\/\\\/lightweb.dev\\\/l\\\/svm-temp\\\/#\\\/schema\\\/logo\\\/image\\\/\"},\"sameAs\":[\"https:\\\/\\\/www.facebook.com\\\/svenskamagasinet\",\"https:\\\/\\\/x.com\\\/SvenskaMagasine\"]},{\"@type\":\"Person\",\"@id\":\"https:\\\/\\\/lightweb.dev\\\/l\\\/svm-temp\\\/#\\\/schema\\\/person\\\/206a3bda5b607b0c25e1749191e4d837\",\"name\":\"Redaktionen SvM\",\"description\":\"Redaktionen\",\"sameAs\":[\"https:\\\/\\\/lightweb.dev\\\/l\\\/svm-temp\"],\"url\":\"https:\\\/\\\/lightweb.dev\\\/l\\\/svm-temp\\\/reporter\\\/redaktionen\\\/\"}]}<\/script>\n<!-- \/ Yoast SEO Premium plugin. -->","yoast_head_json":{"title":"Hundar och v\u00e4rme - Svenska Magasinet","description":"Att v\u00e4rme p\u00e5verkar hunden g\u00e4ller naturligtvis oavsett om vi vistas i Spanien, Sverige eller n\u00e5gon annanstans. Som hund\u00e4gare beh\u00f6ver vi ofta b\u00e5de t\u00e4nka f\u00f6rebyggande f\u00f6r hur vi kan underl\u00e4tta f\u00f6r hunden, samt vad vi g\u00f6r om krisen \u00e4r framme. Hur kan vi f\u00f6rebygga \u00f6verhettning hos v\u00e5r hund, och hur kokar man egen v\u00e4tskeers\u00e4ttning? H\u00e4r kommer sommarens kanske viktigaste tips!","robots":{"index":"noindex","follow":"follow","max-snippet":"max-snippet:-1","max-image-preview":"max-image-preview:large","max-video-preview":"max-video-preview:-1"},"og_locale":"sv_SE","og_type":"article","og_title":"Hundar och v\u00e4rme","og_description":"Att v\u00e4rme p\u00e5verkar hunden g\u00e4ller naturligtvis oavsett om vi vistas i Spanien, Sverige eller n\u00e5gon annanstans. Som hund\u00e4gare beh\u00f6ver vi ofta b\u00e5de t\u00e4nka f\u00f6rebyggande f\u00f6r hur vi kan underl\u00e4tta f\u00f6r hunden, samt vad vi g\u00f6r om krisen \u00e4r framme. Hur kan vi f\u00f6rebygga \u00f6verhettning hos v\u00e5r hund, och hur kokar man egen v\u00e4tskeers\u00e4ttning? H\u00e4r kommer sommarens kanske viktigaste tips!","og_url":"https:\/\/lightweb.dev\/l\/svm-temp\/artiklar\/tips-inlagg\/hundar-varme\/","og_site_name":"Svenska Magasinet","article_publisher":"https:\/\/www.facebook.com\/svenskamagasinet","article_published_time":"2023-06-27T23:00:39+00:00","article_modified_time":"2023-06-28T08:38:07+00:00","og_image":[{"width":2480,"height":1655,"url":"https:\/\/lightweb.dev\/l\/svm-temp\/wp-content\/uploads\/2023\/06\/pexels-rick-josey-12474970.jpg","type":"image\/jpeg"}],"author":"Redaktionen SvM","twitter_card":"summary_large_image","twitter_creator":"@SvenskaMagasine","twitter_site":"@SvenskaMagasine","schema":{"@context":"https:\/\/schema.org","@graph":[{"@type":"Article","@id":"https:\/\/lightweb.dev\/l\/svm-temp\/artiklar\/tips-inlagg\/hundar-varme\/#article","isPartOf":{"@id":"https:\/\/lightweb.dev\/l\/svm-temp\/artiklar\/tips-inlagg\/hundar-varme\/"},"author":{"name":"Redaktionen SvM","@id":"https:\/\/lightweb.dev\/l\/svm-temp\/#\/schema\/person\/206a3bda5b607b0c25e1749191e4d837"},"headline":"Hundar och v\u00e4rme","datePublished":"2023-06-27T23:00:39+00:00","dateModified":"2023-06-28T08:38:07+00:00","mainEntityOfPage":{"@id":"https:\/\/lightweb.dev\/l\/svm-temp\/artiklar\/tips-inlagg\/hundar-varme\/"},"wordCount":676,"commentCount":2,"publisher":{"@id":"https:\/\/lightweb.dev\/l\/svm-temp\/#organization"},"image":{"@id":"https:\/\/lightweb.dev\/l\/svm-temp\/artiklar\/tips-inlagg\/hundar-varme\/#primaryimage"},"thumbnailUrl":"https:\/\/lightweb.dev\/l\/svm-temp\/wp-content\/uploads\/2023\/06\/pexels-rick-josey-12474970.jpg","articleSection":["Arkiv","Artiklar"],"inLanguage":"sv-SE"},{"@type":"WebPage","@id":"https:\/\/lightweb.dev\/l\/svm-temp\/artiklar\/tips-inlagg\/hundar-varme\/","url":"https:\/\/lightweb.dev\/l\/svm-temp\/artiklar\/tips-inlagg\/hundar-varme\/","name":"Hundar och v\u00e4rme - Svenska Magasinet","isPartOf":{"@id":"https:\/\/lightweb.dev\/l\/svm-temp\/#website"},"primaryImageOfPage":{"@id":"https:\/\/lightweb.dev\/l\/svm-temp\/artiklar\/tips-inlagg\/hundar-varme\/#primaryimage"},"image":{"@id":"https:\/\/lightweb.dev\/l\/svm-temp\/artiklar\/tips-inlagg\/hundar-varme\/#primaryimage"},"thumbnailUrl":"https:\/\/lightweb.dev\/l\/svm-temp\/wp-content\/uploads\/2023\/06\/pexels-rick-josey-12474970.jpg","datePublished":"2023-06-27T23:00:39+00:00","dateModified":"2023-06-28T08:38:07+00:00","description":"Att v\u00e4rme p\u00e5verkar hunden g\u00e4ller naturligtvis oavsett om vi vistas i Spanien, Sverige eller n\u00e5gon annanstans. Som hund\u00e4gare beh\u00f6ver vi ofta b\u00e5de t\u00e4nka f\u00f6rebyggande f\u00f6r hur vi kan underl\u00e4tta f\u00f6r hunden, samt vad vi g\u00f6r om krisen \u00e4r framme. Hur kan vi f\u00f6rebygga \u00f6verhettning hos v\u00e5r hund, och hur kokar man egen v\u00e4tskeers\u00e4ttning? H\u00e4r kommer sommarens kanske viktigaste tips!","breadcrumb":{"@id":"https:\/\/lightweb.dev\/l\/svm-temp\/artiklar\/tips-inlagg\/hundar-varme\/#breadcrumb"},"inLanguage":"sv-SE","potentialAction":[{"@type":"ReadAction","target":["https:\/\/lightweb.dev\/l\/svm-temp\/artiklar\/tips-inlagg\/hundar-varme\/"]}]},{"@type":"ImageObject","inLanguage":"sv-SE","@id":"https:\/\/lightweb.dev\/l\/svm-temp\/artiklar\/tips-inlagg\/hundar-varme\/#primaryimage","url":"https:\/\/lightweb.dev\/l\/svm-temp\/wp-content\/uploads\/2023\/06\/pexels-rick-josey-12474970.jpg","contentUrl":"https:\/\/lightweb.dev\/l\/svm-temp\/wp-content\/uploads\/2023\/06\/pexels-rick-josey-12474970.jpg","width":2480,"height":1655},{"@type":"BreadcrumbList","@id":"https:\/\/lightweb.dev\/l\/svm-temp\/artiklar\/tips-inlagg\/hundar-varme\/#breadcrumb","itemListElement":[{"@type":"ListItem","position":1,"name":"Hem","item":"https:\/\/lightweb.dev\/l\/svm-temp\/"},{"@type":"ListItem","position":2,"name":"Hundar och v\u00e4rme"}]},{"@type":"WebSite","@id":"https:\/\/lightweb.dev\/l\/svm-temp\/#website","url":"https:\/\/lightweb.dev\/l\/svm-temp\/","name":"Svenska Magasinet","description":"Dina Spanska nyheter p&aring; Svenska","publisher":{"@id":"https:\/\/lightweb.dev\/l\/svm-temp\/#organization"},"potentialAction":[{"@type":"SearchAction","target":{"@type":"EntryPoint","urlTemplate":"https:\/\/lightweb.dev\/l\/svm-temp\/?s={search_term_string}"},"query-input":{"@type":"PropertyValueSpecification","valueRequired":true,"valueName":"search_term_string"}}],"inLanguage":"sv-SE"},{"@type":"Organization","@id":"https:\/\/lightweb.dev\/l\/svm-temp\/#organization","name":"Melkerson y Nott SL","alternateName":"Svenska Magasinet","url":"https:\/\/lightweb.dev\/l\/svm-temp\/","logo":{"@type":"ImageObject","inLanguage":"sv-SE","@id":"https:\/\/lightweb.dev\/l\/svm-temp\/#\/schema\/logo\/image\/","url":"https:\/\/lightweb.dev\/l\/svm-temp\/wp-content\/uploads\/2025\/02\/SvM-logo-Xtra-Centrerad-SVART.png","contentUrl":"https:\/\/lightweb.dev\/l\/svm-temp\/wp-content\/uploads\/2025\/02\/SvM-logo-Xtra-Centrerad-SVART.png","width":300,"height":99,"caption":"Melkerson y Nott SL"},"image":{"@id":"https:\/\/lightweb.dev\/l\/svm-temp\/#\/schema\/logo\/image\/"},"sameAs":["https:\/\/www.facebook.com\/svenskamagasinet","https:\/\/x.com\/SvenskaMagasine"]},{"@type":"Person","@id":"https:\/\/lightweb.dev\/l\/svm-temp\/#\/schema\/person\/206a3bda5b607b0c25e1749191e4d837","name":"Redaktionen SvM","description":"Redaktionen","sameAs":["https:\/\/lightweb.dev\/l\/svm-temp"],"url":"https:\/\/lightweb.dev\/l\/svm-temp\/reporter\/redaktionen\/"}]}},"_links":{"self":[{"href":"https:\/\/lightweb.dev\/l\/svm-temp\/wp-json\/wp\/v2\/posts\/64496","targetHints":{"allow":["GET"]}}],"collection":[{"href":"https:\/\/lightweb.dev\/l\/svm-temp\/wp-json\/wp\/v2\/posts"}],"about":[{"href":"https:\/\/lightweb.dev\/l\/svm-temp\/wp-json\/wp\/v2\/types\/post"}],"author":[{"embeddable":true,"href":"https:\/\/lightweb.dev\/l\/svm-temp\/wp-json\/wp\/v2\/users\/8"}],"replies":[{"embeddable":true,"href":"https:\/\/lightweb.dev\/l\/svm-temp\/wp-json\/wp\/v2\/comments?post=64496"}],"version-history":[{"count":0,"href":"https:\/\/lightweb.dev\/l\/svm-temp\/wp-json\/wp\/v2\/posts\/64496\/revisions"}],"wp:featuredmedia":[{"embeddable":true,"href":"https:\/\/lightweb.dev\/l\/svm-temp\/wp-json\/wp\/v2\/media\/64499"}],"wp:attachment":[{"href":"https:\/\/lightweb.dev\/l\/svm-temp\/wp-json\/wp\/v2\/media?parent=64496"}],"wp:term":[{"taxonomy":"category","embeddable":true,"href":"https:\/\/lightweb.dev\/l\/svm-temp\/wp-json\/wp\/v2\/categories?post=64496"},{"taxonomy":"post_tag","embeddable":true,"href":"https:\/\/lightweb.dev\/l\/svm-temp\/wp-json\/wp\/v2\/tags?post=64496"}],"curies":[{"name":"wp","href":"https:\/\/api.w.org\/{rel}","templated":true}]}}