{"id":647,"date":"2022-03-02T10:50:00","date_gmt":"2022-03-02T09:50:00","guid":{"rendered":"https:\/\/lightweb.dev\/l\/svm-temp\/sanktioner-drabbar-ryska-kolonin-pa-solkusten\/"},"modified":"2022-03-02T10:50:00","modified_gmt":"2022-03-02T09:50:00","slug":"sanktioner-drabbar-ryska-kolonin-pa-solkusten","status":"publish","type":"post","link":"https:\/\/lightweb.dev\/l\/svm-temp\/nyheter\/sanktioner-drabbar-ryska-kolonin-pa-solkusten\/","title":{"rendered":"Sanktioner drabbar ryska kolonin p\u00e5 Solkusten"},"content":{"rendered":"<p> Med modellen \u201dGolden Visa\u201d har rika ryssar fram till nu f\u00e5tt uppeh\u00e5llstillst\u00e5nd eller visum om de f\u00f6rv\u00e4rvat fastigheter v\u00e4rda mer \u00e4n 500.000 euro p\u00e5 Solkusten. Med inf\u00f6rda sanktioner mot ryska banker stryps m\u00f6jligheten f\u00f6r \u00f6verf\u00f6ringar av pengar fr\u00e5n ryska banker. Det drabbar redan ryska medborgare p\u00e5 Costa del Sol.<br \/>\n Rubeln sjunker som en sten och har tappat n\u00e4stan en tredjedel av sitt v\u00e4rde samtidigt som r\u00e4ntorna stiger. De sanktioner som nu inf\u00f6rs mot Ryssland ger en kedjereaktion som \u00e4ven m\u00e4rks bland ryssar p\u00e5 Solkusten, skriver Diario SUR p\u00e5 onsdagen.<\/p>\n<p>Enligt Spaniens motsvarighet till Statistiska centralbyr\u00e5n INE (Instituto Nacional de Estad\u00edstica) fanns det ifjol 7.379 mantalsskrivna ryska medborgare i M\u00e1lagaprovinsen varav 2.800 var bosatta i Marbella kommun.<\/p>\n<p>Kredit- och bankkort utst\u00e4llda p\u00e5 ryska banker fungerar inte l\u00e4ngre i Spanien liksom betalningsmetoder som Apple Pay och Google Pay. <\/p>\n<p>Svetlana Ciliuta som \u00e4r president i den st\u00f6rsta ryska f\u00f6reningen p\u00e5 Costa del Sol, Nash Dom, s\u00e4ger till tidningen att m\u00e5nga av de ryssar som bor p\u00e5 Solkusten har sina konton i Ryssland. I Marbella finns m\u00e5nga fall d\u00e4r mamman och barnen bor permanent medan pappan arbetar i Ryssland och \u00e4r den som skickar pengar.<\/p>\n<p>\u00c4ven presidenten f\u00f6r utl\u00e4nningarnas sammanslutning Asociaci\u00f3n de Residentes Extranjeros p\u00e5 Costa del Sol, Ricardo Bocanegra, bekr\u00e4ftar oron i den ryska kolonin n\u00e4r inte privatpersoner f\u00e5r fram pengar.<\/p>\n<p>Tidningen till\u00e4gger att inga ryssar \u00f6nskar svara p\u00e5 fr\u00e5gor eller ha med sina namn.<\/p>\n<p>I Marbella finns en rysk koloni med h\u00f6g standard. De har barnen i internationella skolor. Hur barnens skolg\u00e5ng och \u00f6vriga r\u00e4kningar ska betalas pekas ut som ett v\u00e4xande bekymmer.<\/p>\n","protected":false},"excerpt":{"rendered":"<p>Med modellen \u201dGolden Visa\u201d har rika ryssar fram till nu f\u00e5tt uppeh\u00e5llstillst\u00e5nd eller visum om de f\u00f6rv\u00e4rvat fastigheter v\u00e4rda mer \u00e4n 500.000 euro p\u00e5 Solkusten. Med inf\u00f6rda sanktioner mot ryska banker stryps m\u00f6jligheten f\u00f6r \u00f6verf\u00f6ringar av pengar fr\u00e5n ryska banker. Det drabbar redan ryska medborgare p\u00e5 Costa del Sol. Rubeln sjunker som en sten och [&hellip;]<\/p>\n","protected":false},"author":7,"featured_media":648,"comment_status":"open","ping_status":"open","sticky":false,"template":"","format":"standard","meta":{"_et_pb_use_builder":"","_et_pb_old_content":"","_et_gb_content_width":"","footnotes":""},"categories":[395,3],"tags":[],"class_list":["post-647","post","type-post","status-publish","format-standard","has-post-thumbnail","hentry","category-arkiv-nyheter","category-nyheter"],"yoast_head":"<!-- This site is optimized with the Yoast SEO Premium plugin v26.2 (Yoast SEO v27.4) - https:\/\/yoast.com\/product\/yoast-seo-premium-wordpress\/ -->\n<title>Sanktioner drabbar ryska kolonin p\u00e5 Solkusten - Svenska Magasinet<\/title>\n<meta name=\"robots\" content=\"noindex, follow, max-snippet:-1, max-image-preview:large, max-video-preview:-1\" \/>\n<meta property=\"og:locale\" content=\"sv_SE\" \/>\n<meta property=\"og:type\" content=\"article\" \/>\n<meta property=\"og:title\" content=\"Sanktioner drabbar ryska kolonin p\u00e5 Solkusten\" \/>\n<meta property=\"og:description\" content=\"Med modellen \u201dGolden Visa\u201d har rika ryssar fram till nu f\u00e5tt uppeh\u00e5llstillst\u00e5nd eller visum om de f\u00f6rv\u00e4rvat fastigheter v\u00e4rda mer \u00e4n 500.000 euro p\u00e5 Solkusten. Med inf\u00f6rda sanktioner mot ryska banker stryps m\u00f6jligheten f\u00f6r \u00f6verf\u00f6ringar av pengar fr\u00e5n ryska banker. Det drabbar redan ryska medborgare p\u00e5 Costa del Sol. Rubeln sjunker som en sten och [&hellip;]\" \/>\n<meta property=\"og:url\" content=\"https:\/\/lightweb.dev\/l\/svm-temp\/nyheter\/sanktioner-drabbar-ryska-kolonin-pa-solkusten\/\" \/>\n<meta property=\"og:site_name\" content=\"Svenska Magasinet\" \/>\n<meta property=\"article:publisher\" content=\"https:\/\/www.facebook.com\/svenskamagasinet\" \/>\n<meta property=\"article:published_time\" content=\"2022-03-02T09:50:00+00:00\" \/>\n<meta property=\"og:image\" content=\"https:\/\/lightweb.dev\/l\/svm-temp\/wp-content\/uploads\/2022\/04\/sanktioner-drabbar-ryska-kolonin-p-solkusten.png\" \/>\n\t<meta property=\"og:image:width\" content=\"500\" \/>\n\t<meta property=\"og:image:height\" content=\"300\" \/>\n\t<meta property=\"og:image:type\" content=\"image\/png\" \/>\n<meta name=\"author\" content=\"Ola Josefsson\" \/>\n<meta name=\"twitter:card\" content=\"summary_large_image\" \/>\n<meta name=\"twitter:creator\" content=\"@SvenskaMagasine\" \/>\n<meta name=\"twitter:site\" content=\"@SvenskaMagasine\" \/>\n<script type=\"application\/ld+json\" class=\"yoast-schema-graph\">{\"@context\":\"https:\\\/\\\/schema.org\",\"@graph\":[{\"@type\":\"Article\",\"@id\":\"https:\\\/\\\/lightweb.dev\\\/l\\\/svm-temp\\\/nyheter\\\/sanktioner-drabbar-ryska-kolonin-pa-solkusten\\\/#article\",\"isPartOf\":{\"@id\":\"https:\\\/\\\/lightweb.dev\\\/l\\\/svm-temp\\\/nyheter\\\/sanktioner-drabbar-ryska-kolonin-pa-solkusten\\\/\"},\"author\":{\"name\":\"Ola Josefsson\",\"@id\":\"https:\\\/\\\/lightweb.dev\\\/l\\\/svm-temp\\\/#\\\/schema\\\/person\\\/7a82b8a73d171d32360a564b6d03508e\"},\"headline\":\"Sanktioner drabbar ryska kolonin p\u00e5 Solkusten\",\"datePublished\":\"2022-03-02T09:50:00+00:00\",\"mainEntityOfPage\":{\"@id\":\"https:\\\/\\\/lightweb.dev\\\/l\\\/svm-temp\\\/nyheter\\\/sanktioner-drabbar-ryska-kolonin-pa-solkusten\\\/\"},\"wordCount\":303,\"commentCount\":0,\"publisher\":{\"@id\":\"https:\\\/\\\/lightweb.dev\\\/l\\\/svm-temp\\\/#organization\"},\"image\":{\"@id\":\"https:\\\/\\\/lightweb.dev\\\/l\\\/svm-temp\\\/nyheter\\\/sanktioner-drabbar-ryska-kolonin-pa-solkusten\\\/#primaryimage\"},\"thumbnailUrl\":\"https:\\\/\\\/lightweb.dev\\\/l\\\/svm-temp\\\/wp-content\\\/uploads\\\/2022\\\/04\\\/sanktioner-drabbar-ryska-kolonin-p-solkusten.png\",\"articleSection\":[\"Arkiv\",\"Nyheter\"],\"inLanguage\":\"sv-SE\"},{\"@type\":\"WebPage\",\"@id\":\"https:\\\/\\\/lightweb.dev\\\/l\\\/svm-temp\\\/nyheter\\\/sanktioner-drabbar-ryska-kolonin-pa-solkusten\\\/\",\"url\":\"https:\\\/\\\/lightweb.dev\\\/l\\\/svm-temp\\\/nyheter\\\/sanktioner-drabbar-ryska-kolonin-pa-solkusten\\\/\",\"name\":\"Sanktioner drabbar ryska kolonin p\u00e5 Solkusten - Svenska Magasinet\",\"isPartOf\":{\"@id\":\"https:\\\/\\\/lightweb.dev\\\/l\\\/svm-temp\\\/#website\"},\"primaryImageOfPage\":{\"@id\":\"https:\\\/\\\/lightweb.dev\\\/l\\\/svm-temp\\\/nyheter\\\/sanktioner-drabbar-ryska-kolonin-pa-solkusten\\\/#primaryimage\"},\"image\":{\"@id\":\"https:\\\/\\\/lightweb.dev\\\/l\\\/svm-temp\\\/nyheter\\\/sanktioner-drabbar-ryska-kolonin-pa-solkusten\\\/#primaryimage\"},\"thumbnailUrl\":\"https:\\\/\\\/lightweb.dev\\\/l\\\/svm-temp\\\/wp-content\\\/uploads\\\/2022\\\/04\\\/sanktioner-drabbar-ryska-kolonin-p-solkusten.png\",\"datePublished\":\"2022-03-02T09:50:00+00:00\",\"breadcrumb\":{\"@id\":\"https:\\\/\\\/lightweb.dev\\\/l\\\/svm-temp\\\/nyheter\\\/sanktioner-drabbar-ryska-kolonin-pa-solkusten\\\/#breadcrumb\"},\"inLanguage\":\"sv-SE\",\"potentialAction\":[{\"@type\":\"ReadAction\",\"target\":[\"https:\\\/\\\/lightweb.dev\\\/l\\\/svm-temp\\\/nyheter\\\/sanktioner-drabbar-ryska-kolonin-pa-solkusten\\\/\"]}]},{\"@type\":\"ImageObject\",\"inLanguage\":\"sv-SE\",\"@id\":\"https:\\\/\\\/lightweb.dev\\\/l\\\/svm-temp\\\/nyheter\\\/sanktioner-drabbar-ryska-kolonin-pa-solkusten\\\/#primaryimage\",\"url\":\"https:\\\/\\\/lightweb.dev\\\/l\\\/svm-temp\\\/wp-content\\\/uploads\\\/2022\\\/04\\\/sanktioner-drabbar-ryska-kolonin-p-solkusten.png\",\"contentUrl\":\"https:\\\/\\\/lightweb.dev\\\/l\\\/svm-temp\\\/wp-content\\\/uploads\\\/2022\\\/04\\\/sanktioner-drabbar-ryska-kolonin-p-solkusten.png\",\"width\":500,\"height\":300},{\"@type\":\"BreadcrumbList\",\"@id\":\"https:\\\/\\\/lightweb.dev\\\/l\\\/svm-temp\\\/nyheter\\\/sanktioner-drabbar-ryska-kolonin-pa-solkusten\\\/#breadcrumb\",\"itemListElement\":[{\"@type\":\"ListItem\",\"position\":1,\"name\":\"Hem\",\"item\":\"https:\\\/\\\/lightweb.dev\\\/l\\\/svm-temp\\\/\"},{\"@type\":\"ListItem\",\"position\":2,\"name\":\"Sanktioner drabbar ryska kolonin p\u00e5 Solkusten\"}]},{\"@type\":\"WebSite\",\"@id\":\"https:\\\/\\\/lightweb.dev\\\/l\\\/svm-temp\\\/#website\",\"url\":\"https:\\\/\\\/lightweb.dev\\\/l\\\/svm-temp\\\/\",\"name\":\"Svenska Magasinet\",\"description\":\"Dina Spanska nyheter p&aring; Svenska\",\"publisher\":{\"@id\":\"https:\\\/\\\/lightweb.dev\\\/l\\\/svm-temp\\\/#organization\"},\"potentialAction\":[{\"@type\":\"SearchAction\",\"target\":{\"@type\":\"EntryPoint\",\"urlTemplate\":\"https:\\\/\\\/lightweb.dev\\\/l\\\/svm-temp\\\/?s={search_term_string}\"},\"query-input\":{\"@type\":\"PropertyValueSpecification\",\"valueRequired\":true,\"valueName\":\"search_term_string\"}}],\"inLanguage\":\"sv-SE\"},{\"@type\":\"Organization\",\"@id\":\"https:\\\/\\\/lightweb.dev\\\/l\\\/svm-temp\\\/#organization\",\"name\":\"Melkerson y Nott SL\",\"alternateName\":\"Svenska Magasinet\",\"url\":\"https:\\\/\\\/lightweb.dev\\\/l\\\/svm-temp\\\/\",\"logo\":{\"@type\":\"ImageObject\",\"inLanguage\":\"sv-SE\",\"@id\":\"https:\\\/\\\/lightweb.dev\\\/l\\\/svm-temp\\\/#\\\/schema\\\/logo\\\/image\\\/\",\"url\":\"https:\\\/\\\/lightweb.dev\\\/l\\\/svm-temp\\\/wp-content\\\/uploads\\\/2025\\\/02\\\/SvM-logo-Xtra-Centrerad-SVART.png\",\"contentUrl\":\"https:\\\/\\\/lightweb.dev\\\/l\\\/svm-temp\\\/wp-content\\\/uploads\\\/2025\\\/02\\\/SvM-logo-Xtra-Centrerad-SVART.png\",\"width\":300,\"height\":99,\"caption\":\"Melkerson y Nott SL\"},\"image\":{\"@id\":\"https:\\\/\\\/lightweb.dev\\\/l\\\/svm-temp\\\/#\\\/schema\\\/logo\\\/image\\\/\"},\"sameAs\":[\"https:\\\/\\\/www.facebook.com\\\/svenskamagasinet\",\"https:\\\/\\\/x.com\\\/SvenskaMagasine\"]},{\"@type\":\"Person\",\"@id\":\"https:\\\/\\\/lightweb.dev\\\/l\\\/svm-temp\\\/#\\\/schema\\\/person\\\/7a82b8a73d171d32360a564b6d03508e\",\"name\":\"Ola Josefsson\",\"description\":\"Bevakar Solkusten och Spanien sedan 1994.\",\"sameAs\":[\"https:\\\/\\\/lightweb.dev\\\/l\\\/svm-temp\"],\"url\":\"https:\\\/\\\/lightweb.dev\\\/l\\\/svm-temp\\\/reporter\\\/ola-josefsson\\\/\"}]}<\/script>\n<!-- \/ Yoast SEO Premium plugin. -->","yoast_head_json":{"title":"Sanktioner drabbar ryska kolonin p\u00e5 Solkusten - Svenska Magasinet","robots":{"index":"noindex","follow":"follow","max-snippet":"max-snippet:-1","max-image-preview":"max-image-preview:large","max-video-preview":"max-video-preview:-1"},"og_locale":"sv_SE","og_type":"article","og_title":"Sanktioner drabbar ryska kolonin p\u00e5 Solkusten","og_description":"Med modellen \u201dGolden Visa\u201d har rika ryssar fram till nu f\u00e5tt uppeh\u00e5llstillst\u00e5nd eller visum om de f\u00f6rv\u00e4rvat fastigheter v\u00e4rda mer \u00e4n 500.000 euro p\u00e5 Solkusten. Med inf\u00f6rda sanktioner mot ryska banker stryps m\u00f6jligheten f\u00f6r \u00f6verf\u00f6ringar av pengar fr\u00e5n ryska banker. Det drabbar redan ryska medborgare p\u00e5 Costa del Sol. Rubeln sjunker som en sten och [&hellip;]","og_url":"https:\/\/lightweb.dev\/l\/svm-temp\/nyheter\/sanktioner-drabbar-ryska-kolonin-pa-solkusten\/","og_site_name":"Svenska Magasinet","article_publisher":"https:\/\/www.facebook.com\/svenskamagasinet","article_published_time":"2022-03-02T09:50:00+00:00","og_image":[{"width":500,"height":300,"url":"https:\/\/lightweb.dev\/l\/svm-temp\/wp-content\/uploads\/2022\/04\/sanktioner-drabbar-ryska-kolonin-p-solkusten.png","type":"image\/png"}],"author":"Ola Josefsson","twitter_card":"summary_large_image","twitter_creator":"@SvenskaMagasine","twitter_site":"@SvenskaMagasine","schema":{"@context":"https:\/\/schema.org","@graph":[{"@type":"Article","@id":"https:\/\/lightweb.dev\/l\/svm-temp\/nyheter\/sanktioner-drabbar-ryska-kolonin-pa-solkusten\/#article","isPartOf":{"@id":"https:\/\/lightweb.dev\/l\/svm-temp\/nyheter\/sanktioner-drabbar-ryska-kolonin-pa-solkusten\/"},"author":{"name":"Ola Josefsson","@id":"https:\/\/lightweb.dev\/l\/svm-temp\/#\/schema\/person\/7a82b8a73d171d32360a564b6d03508e"},"headline":"Sanktioner drabbar ryska kolonin p\u00e5 Solkusten","datePublished":"2022-03-02T09:50:00+00:00","mainEntityOfPage":{"@id":"https:\/\/lightweb.dev\/l\/svm-temp\/nyheter\/sanktioner-drabbar-ryska-kolonin-pa-solkusten\/"},"wordCount":303,"commentCount":0,"publisher":{"@id":"https:\/\/lightweb.dev\/l\/svm-temp\/#organization"},"image":{"@id":"https:\/\/lightweb.dev\/l\/svm-temp\/nyheter\/sanktioner-drabbar-ryska-kolonin-pa-solkusten\/#primaryimage"},"thumbnailUrl":"https:\/\/lightweb.dev\/l\/svm-temp\/wp-content\/uploads\/2022\/04\/sanktioner-drabbar-ryska-kolonin-p-solkusten.png","articleSection":["Arkiv","Nyheter"],"inLanguage":"sv-SE"},{"@type":"WebPage","@id":"https:\/\/lightweb.dev\/l\/svm-temp\/nyheter\/sanktioner-drabbar-ryska-kolonin-pa-solkusten\/","url":"https:\/\/lightweb.dev\/l\/svm-temp\/nyheter\/sanktioner-drabbar-ryska-kolonin-pa-solkusten\/","name":"Sanktioner drabbar ryska kolonin p\u00e5 Solkusten - Svenska Magasinet","isPartOf":{"@id":"https:\/\/lightweb.dev\/l\/svm-temp\/#website"},"primaryImageOfPage":{"@id":"https:\/\/lightweb.dev\/l\/svm-temp\/nyheter\/sanktioner-drabbar-ryska-kolonin-pa-solkusten\/#primaryimage"},"image":{"@id":"https:\/\/lightweb.dev\/l\/svm-temp\/nyheter\/sanktioner-drabbar-ryska-kolonin-pa-solkusten\/#primaryimage"},"thumbnailUrl":"https:\/\/lightweb.dev\/l\/svm-temp\/wp-content\/uploads\/2022\/04\/sanktioner-drabbar-ryska-kolonin-p-solkusten.png","datePublished":"2022-03-02T09:50:00+00:00","breadcrumb":{"@id":"https:\/\/lightweb.dev\/l\/svm-temp\/nyheter\/sanktioner-drabbar-ryska-kolonin-pa-solkusten\/#breadcrumb"},"inLanguage":"sv-SE","potentialAction":[{"@type":"ReadAction","target":["https:\/\/lightweb.dev\/l\/svm-temp\/nyheter\/sanktioner-drabbar-ryska-kolonin-pa-solkusten\/"]}]},{"@type":"ImageObject","inLanguage":"sv-SE","@id":"https:\/\/lightweb.dev\/l\/svm-temp\/nyheter\/sanktioner-drabbar-ryska-kolonin-pa-solkusten\/#primaryimage","url":"https:\/\/lightweb.dev\/l\/svm-temp\/wp-content\/uploads\/2022\/04\/sanktioner-drabbar-ryska-kolonin-p-solkusten.png","contentUrl":"https:\/\/lightweb.dev\/l\/svm-temp\/wp-content\/uploads\/2022\/04\/sanktioner-drabbar-ryska-kolonin-p-solkusten.png","width":500,"height":300},{"@type":"BreadcrumbList","@id":"https:\/\/lightweb.dev\/l\/svm-temp\/nyheter\/sanktioner-drabbar-ryska-kolonin-pa-solkusten\/#breadcrumb","itemListElement":[{"@type":"ListItem","position":1,"name":"Hem","item":"https:\/\/lightweb.dev\/l\/svm-temp\/"},{"@type":"ListItem","position":2,"name":"Sanktioner drabbar ryska kolonin p\u00e5 Solkusten"}]},{"@type":"WebSite","@id":"https:\/\/lightweb.dev\/l\/svm-temp\/#website","url":"https:\/\/lightweb.dev\/l\/svm-temp\/","name":"Svenska Magasinet","description":"Dina Spanska nyheter p&aring; Svenska","publisher":{"@id":"https:\/\/lightweb.dev\/l\/svm-temp\/#organization"},"potentialAction":[{"@type":"SearchAction","target":{"@type":"EntryPoint","urlTemplate":"https:\/\/lightweb.dev\/l\/svm-temp\/?s={search_term_string}"},"query-input":{"@type":"PropertyValueSpecification","valueRequired":true,"valueName":"search_term_string"}}],"inLanguage":"sv-SE"},{"@type":"Organization","@id":"https:\/\/lightweb.dev\/l\/svm-temp\/#organization","name":"Melkerson y Nott SL","alternateName":"Svenska Magasinet","url":"https:\/\/lightweb.dev\/l\/svm-temp\/","logo":{"@type":"ImageObject","inLanguage":"sv-SE","@id":"https:\/\/lightweb.dev\/l\/svm-temp\/#\/schema\/logo\/image\/","url":"https:\/\/lightweb.dev\/l\/svm-temp\/wp-content\/uploads\/2025\/02\/SvM-logo-Xtra-Centrerad-SVART.png","contentUrl":"https:\/\/lightweb.dev\/l\/svm-temp\/wp-content\/uploads\/2025\/02\/SvM-logo-Xtra-Centrerad-SVART.png","width":300,"height":99,"caption":"Melkerson y Nott SL"},"image":{"@id":"https:\/\/lightweb.dev\/l\/svm-temp\/#\/schema\/logo\/image\/"},"sameAs":["https:\/\/www.facebook.com\/svenskamagasinet","https:\/\/x.com\/SvenskaMagasine"]},{"@type":"Person","@id":"https:\/\/lightweb.dev\/l\/svm-temp\/#\/schema\/person\/7a82b8a73d171d32360a564b6d03508e","name":"Ola Josefsson","description":"Bevakar Solkusten och Spanien sedan 1994.","sameAs":["https:\/\/lightweb.dev\/l\/svm-temp"],"url":"https:\/\/lightweb.dev\/l\/svm-temp\/reporter\/ola-josefsson\/"}]}},"_links":{"self":[{"href":"https:\/\/lightweb.dev\/l\/svm-temp\/wp-json\/wp\/v2\/posts\/647","targetHints":{"allow":["GET"]}}],"collection":[{"href":"https:\/\/lightweb.dev\/l\/svm-temp\/wp-json\/wp\/v2\/posts"}],"about":[{"href":"https:\/\/lightweb.dev\/l\/svm-temp\/wp-json\/wp\/v2\/types\/post"}],"author":[{"embeddable":true,"href":"https:\/\/lightweb.dev\/l\/svm-temp\/wp-json\/wp\/v2\/users\/7"}],"replies":[{"embeddable":true,"href":"https:\/\/lightweb.dev\/l\/svm-temp\/wp-json\/wp\/v2\/comments?post=647"}],"version-history":[{"count":0,"href":"https:\/\/lightweb.dev\/l\/svm-temp\/wp-json\/wp\/v2\/posts\/647\/revisions"}],"wp:featuredmedia":[{"embeddable":true,"href":"https:\/\/lightweb.dev\/l\/svm-temp\/wp-json\/wp\/v2\/media\/648"}],"wp:attachment":[{"href":"https:\/\/lightweb.dev\/l\/svm-temp\/wp-json\/wp\/v2\/media?parent=647"}],"wp:term":[{"taxonomy":"category","embeddable":true,"href":"https:\/\/lightweb.dev\/l\/svm-temp\/wp-json\/wp\/v2\/categories?post=647"},{"taxonomy":"post_tag","embeddable":true,"href":"https:\/\/lightweb.dev\/l\/svm-temp\/wp-json\/wp\/v2\/tags?post=647"}],"curies":[{"name":"wp","href":"https:\/\/api.w.org\/{rel}","templated":true}]}}