{"id":649,"date":"2022-03-02T12:24:00","date_gmt":"2022-03-02T11:24:00","guid":{"rendered":"https:\/\/lightweb.dev\/l\/svm-temp\/kopa-hus-utomlands-nu-ar-vi-tillbaka-i-goteborg\/"},"modified":"2022-03-02T12:24:00","modified_gmt":"2022-03-02T11:24:00","slug":"kopa-hus-utomlands-nu-ar-vi-tillbaka-i-goteborg","status":"publish","type":"post","link":"https:\/\/lightweb.dev\/l\/svm-temp\/nyheter\/kopa-hus-utomlands-nu-ar-vi-tillbaka-i-goteborg\/","title":{"rendered":"K\u00f6pa Hus Utomlands: Nu \u00e4r vi tillbaka i G\u00f6teborg!"},"content":{"rendered":"<p> Efter precis tv\u00e5 \u00e5r \u00e5terkommer utst\u00e4llningen K\u00f6pa Hus Utomlands vid Svenska m\u00e4ssan i G\u00f6teborg. Senaste kvartalet var det \u00f6ver 950 svenskar som k\u00f6pte bostad i Spanien. F\u00f6rhandsbokningarna visar att intresset \u00e4r p\u00e5 topp inf\u00f6r helgens utst\u00e4llning med att hitta sitt dr\u00f6mboende i ett varmt land.<br \/>\n &#8211; Vi hade lite is i magen och lyckades skjuta fram m\u00e4ssorna, alla utom Malm\u00f6, vid den senaste nedst\u00e4ngningen under covid-19-pandemin. Att vi nu f\u00e5r g\u00f6ra m\u00e4ssorna i G\u00f6teborg och Stockholm helt utan restriktioner k\u00e4nns fantastiskt och det kommer att bli v\u00e4ldigt roligt. Att efter tv\u00e5 \u00e5r f\u00e5 h\u00e4lsa alla utst\u00e4llare och bes\u00f6kare i G\u00f6teborg och Stockholm v\u00e4lkomna, s\u00e4ger Bj\u00f6rn Simonsson, VD f\u00f6r arrang\u00f6ren Fair Media International AB<\/p>\n<p>Tredje b\u00e4sta i Malm\u00f6<br \/>\nRedan i oktober arrangerades den f\u00f6rsta utst\u00e4llningen med \u00f6ver 2.000 bes\u00f6kare i Malm\u00f6m\u00e4ssan.<\/p>\n<p>&#8211; Jag trodde det skulle bli h\u00e4lften s\u00e5 m\u00e5nga bes\u00f6kare i Malm\u00f6 \u00e4n vad som kom. Faktum \u00e4r att h\u00f6stens m\u00e4ssa var den tredje b\u00e4sta m\u00e4ssan i Malm\u00f6 sedan vi startade.<\/p>\n<p>&#8211; Med tanke p\u00e5 resultatet i Malm\u00f6 s\u00e5 f\u00f6rv\u00e4ntar vi oss m\u00e5nga bes\u00f6kare \u00e4ven i G\u00f6teborg och Stockholm senare i v\u00e5r.<\/p>\n<p>Det som oroar i nul\u00e4get \u00e4r kriget i Ukraina. N\u00e5got som Bj\u00f6rn Simonsson inte sticker under stol med.<\/p>\n<p>&#8211; Vi har precis krupit upp ur skyttegravarna fr\u00e5n pandemikriget och s\u00e5 blir det krig i Ukraina. I det korta perspektivet tror jag inte det inverkar. Hur det blir p\u00e5 l\u00e4ngre sikt \u00e4r sv\u00e5rt att veta.<\/p>\n<p>Bra intresse<br \/>\nSenast K\u00f6pa Hus Utomlands arrangerades p\u00e5 Svenska m\u00e4ssan i G\u00f6teborg var m\u00e5nadsskiftet februari\/mars 2020.<br \/>\n&#8211; P\u00e5 fredagen dagen f\u00f6re kraschade b\u00f6rsen efter nyheterna om rekord i smittspridning i Italien. Trots det hade vi m\u00e5nga bes\u00f6kare.<\/p>\n<p>Till v\u00e5rens m\u00e4ssa i G\u00f6teborg \u00e4r f\u00f6rhandsintresset p\u00e5 topp.<br \/>\n&#8211; Det \u00e4r mycket bra intresse n\u00e5got som vi m\u00e4rker av p\u00e5 f\u00f6rhandsanm\u00e4lningarna p\u00e5 v\u00e5r webbplats, betonar Bj\u00f6rn Simonsson.<\/p>\n<p>Vid h\u00f6stens m\u00e4ssa i Malm\u00f6 fanns det vissa restriktioner. Nu \u00e4r pandemin ett avslutat kapitel, samtliga restriktioner i Sverige \u00e4r h\u00e4vda.<br \/>\n&#8211; Det k\u00e4nns verkligen som att vi startar upp p\u00e5 nytt.<\/p>\n<p>V\u00e4stsverige<br \/>\nTill m\u00e4ssan i G\u00f6teborg kommer bes\u00f6kare fr\u00e5n V\u00e4stsverige.<br \/>\n&#8211; Upptagningsomr\u00e5det \u00e4r V\u00e4stsverige. Vi k\u00f6r annonser i G\u00f6teborgs-Posten och sociala medier. V\u00e5ra bes\u00f6kare l\u00e4gger g\u00e4rna 90 minuters restid med bil. Vi har bes\u00f6kare \u00e4ven fr\u00e5n Sk\u00e5ne, Halland, V\u00e4rmland och Sm\u00e5land.<\/p>\n<p>&#8211; De \u00e5ker l\u00e4ngre f\u00f6r att komma till m\u00e4ssan i G\u00f6teborg \u00e4n vid andra m\u00e4ssor har vi lagt m\u00e4rke till. <\/p>\n<p>EvaLotta Pettersson och Ola Josefsson fr\u00e5n Svenska Magasinet och systertidningen Spa\u00f1ien Magasinet \u00e4r p\u00e5 plats. Du \u00e4r varmt v\u00e4lkommen att bes\u00f6ka oss och prata Spanien och h\u00e4mta ett gratisex av tidningen.<\/p>\n<p>Fakta\/Fastighetsm\u00e4ssan K\u00f6pa Hus Utomlands<br \/>\nSvenska M\u00e4ssan entr\u00e9 2<br \/>\n\u00d6ppettider: 10.30-17.00<\/p>\n<p>L\u00e4nder representerade v\u00e5ren 2022:<br \/>\nSpanien, Portugal, Albanien, Cypern, Grekland, Italien, Kap Verde, Kroatien, Norra Cypern, Thailand, Turkiet och USA.<\/p>\n<p>Seminarieprogram l\u00f6rdag och s\u00f6ndag:<br \/>\nSal 1<br \/>\n11.30 Spanien<br \/>\n12.30 Portugal<br \/>\n13.30 Skatter vid utflyttning<br \/>\n14.30 Spanien<br \/>\n15.30 K\u00f6pprocessen i Spanien<br \/>\nSal 2<br \/>\n11.00 Thailand<br \/>\n12.00 Turkiet<br \/>\n13.00 Bol\u00e5n i Spanien<br \/>\n14.00 Grekland<br \/>\n15.00 Pensionering utomlands<\/p>\n<p>\u00d6vriga m\u00e4ssor 2022:<br \/>\nStockholm, 26 -27 mars<br \/>\nMalm, 17-18 september<\/p>\n<p>KLICKA H\u00c4R och l\u00e4s mer om m\u00e4ssan i G\u00f6teborg<\/p>\n","protected":false},"excerpt":{"rendered":"<p>Efter precis tv\u00e5 \u00e5r \u00e5terkommer utst\u00e4llningen K\u00f6pa Hus Utomlands vid Svenska m\u00e4ssan i G\u00f6teborg. Senaste kvartalet var det \u00f6ver 950 svenskar som k\u00f6pte bostad i Spanien. F\u00f6rhandsbokningarna visar att intresset \u00e4r p\u00e5 topp inf\u00f6r helgens utst\u00e4llning med att hitta sitt dr\u00f6mboende i ett varmt land. &#8211; Vi hade lite is i magen och lyckades skjuta [&hellip;]<\/p>\n","protected":false},"author":7,"featured_media":650,"comment_status":"open","ping_status":"open","sticky":false,"template":"","format":"standard","meta":{"_et_pb_use_builder":"","_et_pb_old_content":"","_et_gb_content_width":"","footnotes":""},"categories":[395,3],"tags":[],"class_list":["post-649","post","type-post","status-publish","format-standard","has-post-thumbnail","hentry","category-arkiv-nyheter","category-nyheter"],"yoast_head":"<!-- This site is optimized with the Yoast SEO Premium plugin v26.2 (Yoast SEO v27.4) - https:\/\/yoast.com\/product\/yoast-seo-premium-wordpress\/ -->\n<title>K\u00f6pa Hus Utomlands: Nu \u00e4r vi tillbaka i G\u00f6teborg! - Svenska Magasinet<\/title>\n<meta name=\"robots\" content=\"noindex, follow, max-snippet:-1, max-image-preview:large, max-video-preview:-1\" \/>\n<meta property=\"og:locale\" content=\"sv_SE\" \/>\n<meta property=\"og:type\" content=\"article\" \/>\n<meta property=\"og:title\" content=\"K\u00f6pa Hus Utomlands: Nu \u00e4r vi tillbaka i G\u00f6teborg!\" \/>\n<meta property=\"og:description\" content=\"Efter precis tv\u00e5 \u00e5r \u00e5terkommer utst\u00e4llningen K\u00f6pa Hus Utomlands vid Svenska m\u00e4ssan i G\u00f6teborg. Senaste kvartalet var det \u00f6ver 950 svenskar som k\u00f6pte bostad i Spanien. F\u00f6rhandsbokningarna visar att intresset \u00e4r p\u00e5 topp inf\u00f6r helgens utst\u00e4llning med att hitta sitt dr\u00f6mboende i ett varmt land. &#8211; Vi hade lite is i magen och lyckades skjuta [&hellip;]\" \/>\n<meta property=\"og:url\" content=\"https:\/\/lightweb.dev\/l\/svm-temp\/nyheter\/kopa-hus-utomlands-nu-ar-vi-tillbaka-i-goteborg\/\" \/>\n<meta property=\"og:site_name\" content=\"Svenska Magasinet\" \/>\n<meta property=\"article:publisher\" content=\"https:\/\/www.facebook.com\/svenskamagasinet\" \/>\n<meta property=\"article:published_time\" content=\"2022-03-02T11:24:00+00:00\" \/>\n<meta property=\"og:image\" content=\"https:\/\/lightweb.dev\/l\/svm-temp\/wp-content\/uploads\/2022\/04\/kpa-hus-utomlands-nu-r-vi-tillbaka-i-gteborg.png\" \/>\n\t<meta property=\"og:image:width\" content=\"500\" \/>\n\t<meta property=\"og:image:height\" content=\"300\" \/>\n\t<meta property=\"og:image:type\" content=\"image\/png\" \/>\n<meta name=\"author\" content=\"Ola Josefsson\" \/>\n<meta name=\"twitter:card\" content=\"summary_large_image\" \/>\n<meta name=\"twitter:creator\" content=\"@SvenskaMagasine\" \/>\n<meta name=\"twitter:site\" content=\"@SvenskaMagasine\" \/>\n<script type=\"application\/ld+json\" class=\"yoast-schema-graph\">{\"@context\":\"https:\\\/\\\/schema.org\",\"@graph\":[{\"@type\":\"Article\",\"@id\":\"https:\\\/\\\/lightweb.dev\\\/l\\\/svm-temp\\\/nyheter\\\/kopa-hus-utomlands-nu-ar-vi-tillbaka-i-goteborg\\\/#article\",\"isPartOf\":{\"@id\":\"https:\\\/\\\/lightweb.dev\\\/l\\\/svm-temp\\\/nyheter\\\/kopa-hus-utomlands-nu-ar-vi-tillbaka-i-goteborg\\\/\"},\"author\":{\"name\":\"Ola Josefsson\",\"@id\":\"https:\\\/\\\/lightweb.dev\\\/l\\\/svm-temp\\\/#\\\/schema\\\/person\\\/7a82b8a73d171d32360a564b6d03508e\"},\"headline\":\"K\u00f6pa Hus Utomlands: Nu \u00e4r vi tillbaka i G\u00f6teborg!\",\"datePublished\":\"2022-03-02T11:24:00+00:00\",\"mainEntityOfPage\":{\"@id\":\"https:\\\/\\\/lightweb.dev\\\/l\\\/svm-temp\\\/nyheter\\\/kopa-hus-utomlands-nu-ar-vi-tillbaka-i-goteborg\\\/\"},\"wordCount\":618,\"commentCount\":0,\"publisher\":{\"@id\":\"https:\\\/\\\/lightweb.dev\\\/l\\\/svm-temp\\\/#organization\"},\"image\":{\"@id\":\"https:\\\/\\\/lightweb.dev\\\/l\\\/svm-temp\\\/nyheter\\\/kopa-hus-utomlands-nu-ar-vi-tillbaka-i-goteborg\\\/#primaryimage\"},\"thumbnailUrl\":\"https:\\\/\\\/lightweb.dev\\\/l\\\/svm-temp\\\/wp-content\\\/uploads\\\/2022\\\/04\\\/kpa-hus-utomlands-nu-r-vi-tillbaka-i-gteborg.png\",\"articleSection\":[\"Arkiv\",\"Nyheter\"],\"inLanguage\":\"sv-SE\"},{\"@type\":\"WebPage\",\"@id\":\"https:\\\/\\\/lightweb.dev\\\/l\\\/svm-temp\\\/nyheter\\\/kopa-hus-utomlands-nu-ar-vi-tillbaka-i-goteborg\\\/\",\"url\":\"https:\\\/\\\/lightweb.dev\\\/l\\\/svm-temp\\\/nyheter\\\/kopa-hus-utomlands-nu-ar-vi-tillbaka-i-goteborg\\\/\",\"name\":\"K\u00f6pa Hus Utomlands: Nu \u00e4r vi tillbaka i G\u00f6teborg! - Svenska Magasinet\",\"isPartOf\":{\"@id\":\"https:\\\/\\\/lightweb.dev\\\/l\\\/svm-temp\\\/#website\"},\"primaryImageOfPage\":{\"@id\":\"https:\\\/\\\/lightweb.dev\\\/l\\\/svm-temp\\\/nyheter\\\/kopa-hus-utomlands-nu-ar-vi-tillbaka-i-goteborg\\\/#primaryimage\"},\"image\":{\"@id\":\"https:\\\/\\\/lightweb.dev\\\/l\\\/svm-temp\\\/nyheter\\\/kopa-hus-utomlands-nu-ar-vi-tillbaka-i-goteborg\\\/#primaryimage\"},\"thumbnailUrl\":\"https:\\\/\\\/lightweb.dev\\\/l\\\/svm-temp\\\/wp-content\\\/uploads\\\/2022\\\/04\\\/kpa-hus-utomlands-nu-r-vi-tillbaka-i-gteborg.png\",\"datePublished\":\"2022-03-02T11:24:00+00:00\",\"breadcrumb\":{\"@id\":\"https:\\\/\\\/lightweb.dev\\\/l\\\/svm-temp\\\/nyheter\\\/kopa-hus-utomlands-nu-ar-vi-tillbaka-i-goteborg\\\/#breadcrumb\"},\"inLanguage\":\"sv-SE\",\"potentialAction\":[{\"@type\":\"ReadAction\",\"target\":[\"https:\\\/\\\/lightweb.dev\\\/l\\\/svm-temp\\\/nyheter\\\/kopa-hus-utomlands-nu-ar-vi-tillbaka-i-goteborg\\\/\"]}]},{\"@type\":\"ImageObject\",\"inLanguage\":\"sv-SE\",\"@id\":\"https:\\\/\\\/lightweb.dev\\\/l\\\/svm-temp\\\/nyheter\\\/kopa-hus-utomlands-nu-ar-vi-tillbaka-i-goteborg\\\/#primaryimage\",\"url\":\"https:\\\/\\\/lightweb.dev\\\/l\\\/svm-temp\\\/wp-content\\\/uploads\\\/2022\\\/04\\\/kpa-hus-utomlands-nu-r-vi-tillbaka-i-gteborg.png\",\"contentUrl\":\"https:\\\/\\\/lightweb.dev\\\/l\\\/svm-temp\\\/wp-content\\\/uploads\\\/2022\\\/04\\\/kpa-hus-utomlands-nu-r-vi-tillbaka-i-gteborg.png\",\"width\":500,\"height\":300},{\"@type\":\"BreadcrumbList\",\"@id\":\"https:\\\/\\\/lightweb.dev\\\/l\\\/svm-temp\\\/nyheter\\\/kopa-hus-utomlands-nu-ar-vi-tillbaka-i-goteborg\\\/#breadcrumb\",\"itemListElement\":[{\"@type\":\"ListItem\",\"position\":1,\"name\":\"Hem\",\"item\":\"https:\\\/\\\/lightweb.dev\\\/l\\\/svm-temp\\\/\"},{\"@type\":\"ListItem\",\"position\":2,\"name\":\"K\u00f6pa Hus Utomlands: Nu \u00e4r vi tillbaka i G\u00f6teborg!\"}]},{\"@type\":\"WebSite\",\"@id\":\"https:\\\/\\\/lightweb.dev\\\/l\\\/svm-temp\\\/#website\",\"url\":\"https:\\\/\\\/lightweb.dev\\\/l\\\/svm-temp\\\/\",\"name\":\"Svenska Magasinet\",\"description\":\"Dina Spanska nyheter p&aring; Svenska\",\"publisher\":{\"@id\":\"https:\\\/\\\/lightweb.dev\\\/l\\\/svm-temp\\\/#organization\"},\"potentialAction\":[{\"@type\":\"SearchAction\",\"target\":{\"@type\":\"EntryPoint\",\"urlTemplate\":\"https:\\\/\\\/lightweb.dev\\\/l\\\/svm-temp\\\/?s={search_term_string}\"},\"query-input\":{\"@type\":\"PropertyValueSpecification\",\"valueRequired\":true,\"valueName\":\"search_term_string\"}}],\"inLanguage\":\"sv-SE\"},{\"@type\":\"Organization\",\"@id\":\"https:\\\/\\\/lightweb.dev\\\/l\\\/svm-temp\\\/#organization\",\"name\":\"Melkerson y Nott SL\",\"alternateName\":\"Svenska Magasinet\",\"url\":\"https:\\\/\\\/lightweb.dev\\\/l\\\/svm-temp\\\/\",\"logo\":{\"@type\":\"ImageObject\",\"inLanguage\":\"sv-SE\",\"@id\":\"https:\\\/\\\/lightweb.dev\\\/l\\\/svm-temp\\\/#\\\/schema\\\/logo\\\/image\\\/\",\"url\":\"https:\\\/\\\/lightweb.dev\\\/l\\\/svm-temp\\\/wp-content\\\/uploads\\\/2025\\\/02\\\/SvM-logo-Xtra-Centrerad-SVART.png\",\"contentUrl\":\"https:\\\/\\\/lightweb.dev\\\/l\\\/svm-temp\\\/wp-content\\\/uploads\\\/2025\\\/02\\\/SvM-logo-Xtra-Centrerad-SVART.png\",\"width\":300,\"height\":99,\"caption\":\"Melkerson y Nott SL\"},\"image\":{\"@id\":\"https:\\\/\\\/lightweb.dev\\\/l\\\/svm-temp\\\/#\\\/schema\\\/logo\\\/image\\\/\"},\"sameAs\":[\"https:\\\/\\\/www.facebook.com\\\/svenskamagasinet\",\"https:\\\/\\\/x.com\\\/SvenskaMagasine\"]},{\"@type\":\"Person\",\"@id\":\"https:\\\/\\\/lightweb.dev\\\/l\\\/svm-temp\\\/#\\\/schema\\\/person\\\/7a82b8a73d171d32360a564b6d03508e\",\"name\":\"Ola Josefsson\",\"description\":\"Bevakar Solkusten och Spanien sedan 1994.\",\"sameAs\":[\"https:\\\/\\\/lightweb.dev\\\/l\\\/svm-temp\"],\"url\":\"https:\\\/\\\/lightweb.dev\\\/l\\\/svm-temp\\\/reporter\\\/ola-josefsson\\\/\"}]}<\/script>\n<!-- \/ Yoast SEO Premium plugin. -->","yoast_head_json":{"title":"K\u00f6pa Hus Utomlands: Nu \u00e4r vi tillbaka i G\u00f6teborg! - Svenska Magasinet","robots":{"index":"noindex","follow":"follow","max-snippet":"max-snippet:-1","max-image-preview":"max-image-preview:large","max-video-preview":"max-video-preview:-1"},"og_locale":"sv_SE","og_type":"article","og_title":"K\u00f6pa Hus Utomlands: Nu \u00e4r vi tillbaka i G\u00f6teborg!","og_description":"Efter precis tv\u00e5 \u00e5r \u00e5terkommer utst\u00e4llningen K\u00f6pa Hus Utomlands vid Svenska m\u00e4ssan i G\u00f6teborg. Senaste kvartalet var det \u00f6ver 950 svenskar som k\u00f6pte bostad i Spanien. F\u00f6rhandsbokningarna visar att intresset \u00e4r p\u00e5 topp inf\u00f6r helgens utst\u00e4llning med att hitta sitt dr\u00f6mboende i ett varmt land. &#8211; Vi hade lite is i magen och lyckades skjuta [&hellip;]","og_url":"https:\/\/lightweb.dev\/l\/svm-temp\/nyheter\/kopa-hus-utomlands-nu-ar-vi-tillbaka-i-goteborg\/","og_site_name":"Svenska Magasinet","article_publisher":"https:\/\/www.facebook.com\/svenskamagasinet","article_published_time":"2022-03-02T11:24:00+00:00","og_image":[{"width":500,"height":300,"url":"https:\/\/lightweb.dev\/l\/svm-temp\/wp-content\/uploads\/2022\/04\/kpa-hus-utomlands-nu-r-vi-tillbaka-i-gteborg.png","type":"image\/png"}],"author":"Ola Josefsson","twitter_card":"summary_large_image","twitter_creator":"@SvenskaMagasine","twitter_site":"@SvenskaMagasine","schema":{"@context":"https:\/\/schema.org","@graph":[{"@type":"Article","@id":"https:\/\/lightweb.dev\/l\/svm-temp\/nyheter\/kopa-hus-utomlands-nu-ar-vi-tillbaka-i-goteborg\/#article","isPartOf":{"@id":"https:\/\/lightweb.dev\/l\/svm-temp\/nyheter\/kopa-hus-utomlands-nu-ar-vi-tillbaka-i-goteborg\/"},"author":{"name":"Ola Josefsson","@id":"https:\/\/lightweb.dev\/l\/svm-temp\/#\/schema\/person\/7a82b8a73d171d32360a564b6d03508e"},"headline":"K\u00f6pa Hus Utomlands: Nu \u00e4r vi tillbaka i G\u00f6teborg!","datePublished":"2022-03-02T11:24:00+00:00","mainEntityOfPage":{"@id":"https:\/\/lightweb.dev\/l\/svm-temp\/nyheter\/kopa-hus-utomlands-nu-ar-vi-tillbaka-i-goteborg\/"},"wordCount":618,"commentCount":0,"publisher":{"@id":"https:\/\/lightweb.dev\/l\/svm-temp\/#organization"},"image":{"@id":"https:\/\/lightweb.dev\/l\/svm-temp\/nyheter\/kopa-hus-utomlands-nu-ar-vi-tillbaka-i-goteborg\/#primaryimage"},"thumbnailUrl":"https:\/\/lightweb.dev\/l\/svm-temp\/wp-content\/uploads\/2022\/04\/kpa-hus-utomlands-nu-r-vi-tillbaka-i-gteborg.png","articleSection":["Arkiv","Nyheter"],"inLanguage":"sv-SE"},{"@type":"WebPage","@id":"https:\/\/lightweb.dev\/l\/svm-temp\/nyheter\/kopa-hus-utomlands-nu-ar-vi-tillbaka-i-goteborg\/","url":"https:\/\/lightweb.dev\/l\/svm-temp\/nyheter\/kopa-hus-utomlands-nu-ar-vi-tillbaka-i-goteborg\/","name":"K\u00f6pa Hus Utomlands: Nu \u00e4r vi tillbaka i G\u00f6teborg! - Svenska Magasinet","isPartOf":{"@id":"https:\/\/lightweb.dev\/l\/svm-temp\/#website"},"primaryImageOfPage":{"@id":"https:\/\/lightweb.dev\/l\/svm-temp\/nyheter\/kopa-hus-utomlands-nu-ar-vi-tillbaka-i-goteborg\/#primaryimage"},"image":{"@id":"https:\/\/lightweb.dev\/l\/svm-temp\/nyheter\/kopa-hus-utomlands-nu-ar-vi-tillbaka-i-goteborg\/#primaryimage"},"thumbnailUrl":"https:\/\/lightweb.dev\/l\/svm-temp\/wp-content\/uploads\/2022\/04\/kpa-hus-utomlands-nu-r-vi-tillbaka-i-gteborg.png","datePublished":"2022-03-02T11:24:00+00:00","breadcrumb":{"@id":"https:\/\/lightweb.dev\/l\/svm-temp\/nyheter\/kopa-hus-utomlands-nu-ar-vi-tillbaka-i-goteborg\/#breadcrumb"},"inLanguage":"sv-SE","potentialAction":[{"@type":"ReadAction","target":["https:\/\/lightweb.dev\/l\/svm-temp\/nyheter\/kopa-hus-utomlands-nu-ar-vi-tillbaka-i-goteborg\/"]}]},{"@type":"ImageObject","inLanguage":"sv-SE","@id":"https:\/\/lightweb.dev\/l\/svm-temp\/nyheter\/kopa-hus-utomlands-nu-ar-vi-tillbaka-i-goteborg\/#primaryimage","url":"https:\/\/lightweb.dev\/l\/svm-temp\/wp-content\/uploads\/2022\/04\/kpa-hus-utomlands-nu-r-vi-tillbaka-i-gteborg.png","contentUrl":"https:\/\/lightweb.dev\/l\/svm-temp\/wp-content\/uploads\/2022\/04\/kpa-hus-utomlands-nu-r-vi-tillbaka-i-gteborg.png","width":500,"height":300},{"@type":"BreadcrumbList","@id":"https:\/\/lightweb.dev\/l\/svm-temp\/nyheter\/kopa-hus-utomlands-nu-ar-vi-tillbaka-i-goteborg\/#breadcrumb","itemListElement":[{"@type":"ListItem","position":1,"name":"Hem","item":"https:\/\/lightweb.dev\/l\/svm-temp\/"},{"@type":"ListItem","position":2,"name":"K\u00f6pa Hus Utomlands: Nu \u00e4r vi tillbaka i G\u00f6teborg!"}]},{"@type":"WebSite","@id":"https:\/\/lightweb.dev\/l\/svm-temp\/#website","url":"https:\/\/lightweb.dev\/l\/svm-temp\/","name":"Svenska Magasinet","description":"Dina Spanska nyheter p&aring; Svenska","publisher":{"@id":"https:\/\/lightweb.dev\/l\/svm-temp\/#organization"},"potentialAction":[{"@type":"SearchAction","target":{"@type":"EntryPoint","urlTemplate":"https:\/\/lightweb.dev\/l\/svm-temp\/?s={search_term_string}"},"query-input":{"@type":"PropertyValueSpecification","valueRequired":true,"valueName":"search_term_string"}}],"inLanguage":"sv-SE"},{"@type":"Organization","@id":"https:\/\/lightweb.dev\/l\/svm-temp\/#organization","name":"Melkerson y Nott SL","alternateName":"Svenska Magasinet","url":"https:\/\/lightweb.dev\/l\/svm-temp\/","logo":{"@type":"ImageObject","inLanguage":"sv-SE","@id":"https:\/\/lightweb.dev\/l\/svm-temp\/#\/schema\/logo\/image\/","url":"https:\/\/lightweb.dev\/l\/svm-temp\/wp-content\/uploads\/2025\/02\/SvM-logo-Xtra-Centrerad-SVART.png","contentUrl":"https:\/\/lightweb.dev\/l\/svm-temp\/wp-content\/uploads\/2025\/02\/SvM-logo-Xtra-Centrerad-SVART.png","width":300,"height":99,"caption":"Melkerson y Nott SL"},"image":{"@id":"https:\/\/lightweb.dev\/l\/svm-temp\/#\/schema\/logo\/image\/"},"sameAs":["https:\/\/www.facebook.com\/svenskamagasinet","https:\/\/x.com\/SvenskaMagasine"]},{"@type":"Person","@id":"https:\/\/lightweb.dev\/l\/svm-temp\/#\/schema\/person\/7a82b8a73d171d32360a564b6d03508e","name":"Ola Josefsson","description":"Bevakar Solkusten och Spanien sedan 1994.","sameAs":["https:\/\/lightweb.dev\/l\/svm-temp"],"url":"https:\/\/lightweb.dev\/l\/svm-temp\/reporter\/ola-josefsson\/"}]}},"_links":{"self":[{"href":"https:\/\/lightweb.dev\/l\/svm-temp\/wp-json\/wp\/v2\/posts\/649","targetHints":{"allow":["GET"]}}],"collection":[{"href":"https:\/\/lightweb.dev\/l\/svm-temp\/wp-json\/wp\/v2\/posts"}],"about":[{"href":"https:\/\/lightweb.dev\/l\/svm-temp\/wp-json\/wp\/v2\/types\/post"}],"author":[{"embeddable":true,"href":"https:\/\/lightweb.dev\/l\/svm-temp\/wp-json\/wp\/v2\/users\/7"}],"replies":[{"embeddable":true,"href":"https:\/\/lightweb.dev\/l\/svm-temp\/wp-json\/wp\/v2\/comments?post=649"}],"version-history":[{"count":0,"href":"https:\/\/lightweb.dev\/l\/svm-temp\/wp-json\/wp\/v2\/posts\/649\/revisions"}],"wp:featuredmedia":[{"embeddable":true,"href":"https:\/\/lightweb.dev\/l\/svm-temp\/wp-json\/wp\/v2\/media\/650"}],"wp:attachment":[{"href":"https:\/\/lightweb.dev\/l\/svm-temp\/wp-json\/wp\/v2\/media?parent=649"}],"wp:term":[{"taxonomy":"category","embeddable":true,"href":"https:\/\/lightweb.dev\/l\/svm-temp\/wp-json\/wp\/v2\/categories?post=649"},{"taxonomy":"post_tag","embeddable":true,"href":"https:\/\/lightweb.dev\/l\/svm-temp\/wp-json\/wp\/v2\/tags?post=649"}],"curies":[{"name":"wp","href":"https:\/\/api.w.org\/{rel}","templated":true}]}}