{"id":65227,"date":"2023-07-20T17:09:50","date_gmt":"2023-07-20T15:09:50","guid":{"rendered":"https:\/\/lightweb.dev\/l\/svm-temp\/?p=65227"},"modified":"2023-07-23T22:29:24","modified_gmt":"2023-07-23T20:29:24","slug":"komplicerat-lage-vantar-efter-sondagens-val","status":"publish","type":"post","link":"https:\/\/lightweb.dev\/l\/svm-temp\/nyheter\/komplicerat-lage-vantar-efter-sondagens-val\/","title":{"rendered":"Komplicerat l\u00e4ge v\u00e4ntar efter s\u00f6ndagens val"},"content":{"rendered":"<p><strong>P\u00e5 s\u00f6ndag h\u00e5ller Spanien allm\u00e4nna val. I en majoritet av opinionsunders\u00f6kningarna \u00e4r Partido Popular det st\u00f6rsta partiet.<\/strong><\/p>\n<p><strong>Men det \u00e4r j\u00e4mt mellan blocken och komplicerade regeringsf\u00f6rhandlingar \u00e4r att v\u00e4nta.<\/strong><\/p>\n<div id=\"attachment_65231\" style=\"width: 310px\" class=\"wp-caption alignleft\"><img loading=\"lazy\" decoding=\"async\" aria-describedby=\"caption-attachment-65231\" class=\"size-medium wp-image-65231\" src=\"https:\/\/lightweb.dev\/l\/svm-temp\/wp-content\/uploads\/2023\/07\/F1O8OkJXsAE2q7_-stor-300x235.jpeg\" alt=\"\" width=\"300\" height=\"235\" srcset=\"https:\/\/lightweb.dev\/l\/svm-temp\/wp-content\/uploads\/2023\/07\/F1O8OkJXsAE2q7_-stor-300x235.jpeg 300w, https:\/\/lightweb.dev\/l\/svm-temp\/wp-content\/uploads\/2023\/07\/F1O8OkJXsAE2q7_-stor-900x705.jpeg 900w, https:\/\/lightweb.dev\/l\/svm-temp\/wp-content\/uploads\/2023\/07\/F1O8OkJXsAE2q7_-stor-768x601.jpeg 768w, https:\/\/lightweb.dev\/l\/svm-temp\/wp-content\/uploads\/2023\/07\/F1O8OkJXsAE2q7_-stor-610x478.jpeg 610w, https:\/\/lightweb.dev\/l\/svm-temp\/wp-content\/uploads\/2023\/07\/F1O8OkJXsAE2q7_-stor-1080x845.jpeg 1080w, https:\/\/lightweb.dev\/l\/svm-temp\/wp-content\/uploads\/2023\/07\/F1O8OkJXsAE2q7_-stor-600x470.jpeg 600w, https:\/\/lightweb.dev\/l\/svm-temp\/wp-content\/uploads\/2023\/07\/F1O8OkJXsAE2q7_-stor.jpeg 1280w\" sizes=\"(max-width: 300px) 100vw, 300px\" \/><p id=\"caption-attachment-65231\" class=\"wp-caption-text\">J\u00e4mnt mellan blocken enligt unders\u00f6kningen fr\u00e5n CIS<\/p><\/div>\n<p>P\u00e5 s\u00f6ndag h\u00e5ller Spanien allm\u00e4nna val d\u00e4r 37.466.432 \u00e4r r\u00f6stber\u00e4ttigade. Antalet f\u00f6rstag\u00e5ngsv\u00e4ljare \u00e4r 1.639.179, det vill s\u00e4ga de har fyllt 18 \u00e5r sedan valet i november 2019.<\/p>\n<p>2.325.310 spanska medborgare som \u00e4r bosatta i utlandet f\u00e5r r\u00f6sta. I Sverige har r\u00f6stber\u00e4ttigade spanska medborgare kunnat r\u00f6sta p\u00e5 ambassaden p\u00e5 Djurg\u00e5rden fram till den 20 juli.<\/p>\n<h2>Ytterkantspartier<\/h2>\n<p>Varken socialdemokratiska PSOE eller konservativa Partido Popular kommer att f\u00e5 egen majoritet. Spaniens tv\u00e5 st\u00f6rsta partier \u00e4r beroende av st\u00f6d fr\u00e5n ytterkantspartier som befinner sig p\u00e5 var sin sida om det politiska mittf\u00e4ltet.<\/p>\n<p>I PSOE:s fall g\u00e4ller ocks\u00e5 som senast visst passivt st\u00f6d fr\u00e5n regionala partier i Baskien eller Katalonien.<\/p>\n<p>PSOE:s partiledare Pedro S\u00e1nchez och PP-ledaren Alberto N\u00fa\u00f1ez Feij\u00f3o g\u00e5r in i en riktig valrysare. Oavsett vem som vinner valet och f\u00e5r flest r\u00f6ster s\u00e5 v\u00e4ntar sv\u00e5ra regeringsf\u00f6rhandlingar.<\/p>\n<h2>F\u00f6rslag<\/h2>\n<p><img loading=\"lazy\" decoding=\"async\" class=\"size-medium wp-image-65230 alignleft\" src=\"https:\/\/lightweb.dev\/l\/svm-temp\/wp-content\/uploads\/2023\/07\/alberto-nunez-feijoo-pedro-sanchez-santiago-abascal-y-yolanda-diaz_e75b-stor-300x169.jpeg\" alt=\"\" width=\"300\" height=\"169\" srcset=\"https:\/\/lightweb.dev\/l\/svm-temp\/wp-content\/uploads\/2023\/07\/alberto-nunez-feijoo-pedro-sanchez-santiago-abascal-y-yolanda-diaz_e75b-stor-300x169.jpeg 300w, https:\/\/lightweb.dev\/l\/svm-temp\/wp-content\/uploads\/2023\/07\/alberto-nunez-feijoo-pedro-sanchez-santiago-abascal-y-yolanda-diaz_e75b-stor-900x506.jpeg 900w, https:\/\/lightweb.dev\/l\/svm-temp\/wp-content\/uploads\/2023\/07\/alberto-nunez-feijoo-pedro-sanchez-santiago-abascal-y-yolanda-diaz_e75b-stor-768x432.jpeg 768w, https:\/\/lightweb.dev\/l\/svm-temp\/wp-content\/uploads\/2023\/07\/alberto-nunez-feijoo-pedro-sanchez-santiago-abascal-y-yolanda-diaz_e75b-stor-610x343.jpeg 610w, https:\/\/lightweb.dev\/l\/svm-temp\/wp-content\/uploads\/2023\/07\/alberto-nunez-feijoo-pedro-sanchez-santiago-abascal-y-yolanda-diaz_e75b-stor-1080x608.jpeg 1080w, https:\/\/lightweb.dev\/l\/svm-temp\/wp-content\/uploads\/2023\/07\/alberto-nunez-feijoo-pedro-sanchez-santiago-abascal-y-yolanda-diaz_e75b-stor-600x338.jpeg 600w, https:\/\/lightweb.dev\/l\/svm-temp\/wp-content\/uploads\/2023\/07\/alberto-nunez-feijoo-pedro-sanchez-santiago-abascal-y-yolanda-diaz_e75b-stor.jpeg 1200w\" sizes=\"(max-width: 300px) 100vw, 300px\" \/><\/p>\n<p>PP-ledaren Alberto N\u00fa\u00f1ez Feij\u00f3o har f\u00f6reslaget Pedro S\u00e1nchez att det parti som blir st\u00f6rst ska f\u00e5 regera medan det n\u00e4st st\u00f6rsta partiet l\u00e4gger ner sina r\u00f6ster. Anledningen \u00e4r att N\u00fa\u00f1ez Feij\u00f3o inte ska beh\u00f6va f\u00f6rhandla med h\u00f6gerpartiet Vox som politiskt befinner sig till h\u00f6ger om Partido Popular.<\/p>\n<p>Men N\u00fa\u00f1ez Feij\u00f3os f\u00f6rslag f\u00e5r nej inte bara fr\u00e5n Pedro S\u00e1nchez. Det kommer tidig kritik fr\u00e5n delar av den allm\u00e4nna opinionen att avsett vem som vinner ska valresultatet respekteras.<\/p>\n<p>Antingen spanjorerna r\u00f6ster f\u00f6r ett v\u00e4nsterblock eller h\u00f6gerblock.<\/p>\n<h2>PP f\u00e5r flest r\u00f6ster<\/h2>\n<p><img loading=\"lazy\" decoding=\"async\" class=\"size-medium wp-image-65232 alignleft\" src=\"https:\/\/lightweb.dev\/l\/svm-temp\/wp-content\/uploads\/2023\/07\/FyaEb57XgAANCM5-stor-300x300.jpeg\" alt=\"\" width=\"300\" height=\"300\" srcset=\"https:\/\/lightweb.dev\/l\/svm-temp\/wp-content\/uploads\/2023\/07\/FyaEb57XgAANCM5-stor-300x300.jpeg 300w, https:\/\/lightweb.dev\/l\/svm-temp\/wp-content\/uploads\/2023\/07\/FyaEb57XgAANCM5-stor-900x900.jpeg 900w, https:\/\/lightweb.dev\/l\/svm-temp\/wp-content\/uploads\/2023\/07\/FyaEb57XgAANCM5-stor-150x150.jpeg 150w, https:\/\/lightweb.dev\/l\/svm-temp\/wp-content\/uploads\/2023\/07\/FyaEb57XgAANCM5-stor-768x768.jpeg 768w, https:\/\/lightweb.dev\/l\/svm-temp\/wp-content\/uploads\/2023\/07\/FyaEb57XgAANCM5-stor-610x610.jpeg 610w, https:\/\/lightweb.dev\/l\/svm-temp\/wp-content\/uploads\/2023\/07\/FyaEb57XgAANCM5-stor-440x440.jpeg 440w, https:\/\/lightweb.dev\/l\/svm-temp\/wp-content\/uploads\/2023\/07\/FyaEb57XgAANCM5-stor-600x600.jpeg 600w, https:\/\/lightweb.dev\/l\/svm-temp\/wp-content\/uploads\/2023\/07\/FyaEb57XgAANCM5-stor-100x100.jpeg 100w, https:\/\/lightweb.dev\/l\/svm-temp\/wp-content\/uploads\/2023\/07\/FyaEb57XgAANCM5-stor.jpeg 1080w\" sizes=\"(max-width: 300px) 100vw, 300px\" \/><\/p>\n<p>Som det ser ut i dagsl\u00e4get enligt de flesta opinionsunders\u00f6kningar f\u00e5r Partido Popular (PP) flest r\u00f6ster p\u00e5 s\u00f6ndag. Tillsammans med Vox p\u00e5 h\u00f6gerytterkanten skulle de f\u00e5 majoritet.<\/p>\n<p>Om det blir s\u00e5 v\u00e4ntar sv\u00e5ra regeringsf\u00f6rhandlingar.<\/p>\n<p>Vox partiledare Santiago Abascal kan v\u00e4lja tv\u00e5 v\u00e4gar. Antingen s\u00e4tta press med att ing\u00e5 i regeringen och krav p\u00e5 ministerposter eller att visa passivt st\u00f6d genom att l\u00e4gga ner r\u00f6ster a la december\u00f6verenskommelsen.<\/p>\n<p>Om PSOE och Pedro S\u00e1nchez g\u00f6r en stark slutspurt och f\u00e5r flest r\u00f6ster p\u00e5 s\u00f6ndag v\u00e4ntar regeringsf\u00f6rhandlingar med Sumar som \u00e4r en gemensam valplattform med ett tiotal v\u00e4nsterytterpartier som Podemos och Izquierda Unida.<\/p>\n<h2>Tuffa \u00e5r<\/h2>\n<p>Oavsett vem som vinner och kan (?) bilda regering v\u00e4ntar n\u00e5gra tuffa \u00e5r fram\u00f6ver. \u00c4ven om Spanien f\u00f6r tillf\u00e4llet \u00e4r bland EU:s b\u00e4sta tillv\u00e4xtl\u00e4nder s\u00e5 v\u00e4ntar EU-krav p\u00e5 budgetdisciplin. V\u00e4xande statsskuld g\u00f6r att landet har en del att jobba med.<\/p>\n<p>Spanien m\u00e5ste \u00e4ven n\u00e5 tv\u00e5 procent av BNP till f\u00f6rsvaret vilket \u00e4r ett minimum f\u00f6r Nato-l\u00e4nder. H\u00e4r kommer en PSOE-ledd regering f\u00e5 sv\u00e5rt att f\u00e5 med sig v\u00e4nsteralliansen Sumar.<\/p>\n<p>Jordbrukssektorn sl\u00e5s med sv\u00e5r torka och livsmedelspriserna kommer att stiga.<\/p>\n<p>Senaste \u00e5ren har den PSOE-styrda regeringen h\u00f6jt minimil\u00f6ner och pensioner. Samtidigt har en h\u00e5rd nedst\u00e4ngning under Covid-19-pandemin f\u00f6ljt av Ukrainakrigets verkningar inneburit stigande levnadskostnader i landet.<\/p>\n<p>Spanien \u00e4r tillsammans med Italien de l\u00e4nder som f\u00e5tt mest EU-hj\u00e4lp i form av bidrag och l\u00e5n efter pandemin. N\u00e5got som kommande generationer ska betala av.<\/p>\n<p>Du f\u00f6ljer det allm\u00e4nna valet i Spanien via hashtag <a href=\"https:\/\/twitter.com\/hashtag\/ValSpanien?src=hashtag_click&amp;f=live\">#ValSpanien<\/a> eller <a href=\"https:\/\/twitter.com\/hashtag\/ValSpanien2023?src=hashtag_click&amp;f=live\">#ValSpanien2023<\/a><\/p>\n<p><span class=\"VPfGHiKCGEDDzUgwNrn68blpIgYnrM8S90B3QpQ7StMmOkJL01lbJ534xiUFw9fXoY1sOPXcR4VoNWdhRec6kyaI\"><\/p>\n<blockquote class=\"twitter-tweet\" data-width=\"550\" data-dnt=\"true\">\n<p lang=\"sv\" dir=\"ltr\">Vilket parti f\u00e5r din r\u00f6st vid det allm\u00e4nna valet i Spanien p\u00e5 s\u00f6ndag?<\/p>\n<p>&mdash; Svenska Magasinet (@SvenskaMagasine) <a href=\"https:\/\/twitter.com\/SvenskaMagasine\/status\/1682049152304177152?ref_src=twsrc%5Etfw\">July 20, 2023<\/a><\/p><\/blockquote>\n<p><script async src=\"https:\/\/platform.twitter.com\/widgets.js\" charset=\"utf-8\"><\/script><\/span><\/p>\n","protected":false},"excerpt":{"rendered":"<p>P\u00e5 s\u00f6ndag h\u00e5ller Spanien allm\u00e4nna val. I en majoritet av opinionsunders\u00f6kningarna \u00e4r Partido Popular det st\u00f6rsta partiet. Men det \u00e4r j\u00e4mt mellan blocken och komplicerade regeringsf\u00f6rhandlingar \u00e4r att v\u00e4nta&#8230;<\/p>\n","protected":false},"author":7,"featured_media":65229,"comment_status":"open","ping_status":"closed","sticky":false,"template":"","format":"standard","meta":{"_et_pb_use_builder":"","_et_pb_old_content":"","_et_gb_content_width":"","footnotes":""},"categories":[395,3],"tags":[],"class_list":["post-65227","post","type-post","status-publish","format-standard","has-post-thumbnail","hentry","category-arkiv-nyheter","category-nyheter"],"yoast_head":"<!-- This site is optimized with the Yoast SEO Premium plugin v26.2 (Yoast SEO v27.4) - https:\/\/yoast.com\/product\/yoast-seo-premium-wordpress\/ -->\n<title>Komplicerat l\u00e4ge v\u00e4ntar efter s\u00f6ndagens val - Svenska Magasinet<\/title>\n<meta name=\"description\" content=\"P\u00e5 s\u00f6ndag h\u00e5ller Spanien allm\u00e4nna val. I en majoritet av opinionsunders\u00f6kningarna \u00e4r Partido Popular det st\u00f6rsta partiet. Men det \u00e4r j\u00e4mt mellan blocken och komplicerade regeringsf\u00f6rhandlingar \u00e4r att v\u00e4nta.\" \/>\n<meta name=\"robots\" content=\"noindex, follow, max-snippet:-1, max-image-preview:large, max-video-preview:-1\" \/>\n<meta property=\"og:locale\" content=\"sv_SE\" \/>\n<meta property=\"og:type\" content=\"article\" \/>\n<meta property=\"og:title\" content=\"Komplicerat l\u00e4ge v\u00e4ntar efter s\u00f6ndagens val\" \/>\n<meta property=\"og:description\" content=\"P\u00e5 s\u00f6ndag h\u00e5ller Spanien allm\u00e4nna val. I en majoritet av opinionsunders\u00f6kningarna \u00e4r Partido Popular det st\u00f6rsta partiet. Men det \u00e4r j\u00e4mt mellan blocken och komplicerade regeringsf\u00f6rhandlingar \u00e4r att v\u00e4nta.\" \/>\n<meta property=\"og:url\" content=\"https:\/\/lightweb.dev\/l\/svm-temp\/nyheter\/komplicerat-lage-vantar-efter-sondagens-val\/\" \/>\n<meta property=\"og:site_name\" content=\"Svenska Magasinet\" \/>\n<meta property=\"article:publisher\" content=\"https:\/\/www.facebook.com\/svenskamagasinet\" \/>\n<meta property=\"article:published_time\" content=\"2023-07-20T15:09:50+00:00\" \/>\n<meta property=\"article:modified_time\" content=\"2023-07-23T20:29:24+00:00\" \/>\n<meta property=\"og:image\" content=\"https:\/\/lightweb.dev\/l\/svm-temp\/wp-content\/uploads\/2023\/07\/625588eb73882-stor.jpeg\" \/>\n\t<meta property=\"og:image:width\" content=\"1280\" \/>\n\t<meta property=\"og:image:height\" content=\"857\" \/>\n\t<meta property=\"og:image:type\" content=\"image\/jpeg\" \/>\n<meta name=\"author\" content=\"Ola Josefsson\" \/>\n<meta name=\"twitter:card\" content=\"summary_large_image\" \/>\n<meta name=\"twitter:creator\" content=\"@SvenskaMagasine\" \/>\n<meta name=\"twitter:site\" content=\"@SvenskaMagasine\" \/>\n<script type=\"application\/ld+json\" class=\"yoast-schema-graph\">{\"@context\":\"https:\\\/\\\/schema.org\",\"@graph\":[{\"@type\":\"Article\",\"@id\":\"https:\\\/\\\/lightweb.dev\\\/l\\\/svm-temp\\\/nyheter\\\/komplicerat-lage-vantar-efter-sondagens-val\\\/#article\",\"isPartOf\":{\"@id\":\"https:\\\/\\\/lightweb.dev\\\/l\\\/svm-temp\\\/nyheter\\\/komplicerat-lage-vantar-efter-sondagens-val\\\/\"},\"author\":{\"name\":\"Ola Josefsson\",\"@id\":\"https:\\\/\\\/lightweb.dev\\\/l\\\/svm-temp\\\/#\\\/schema\\\/person\\\/7a82b8a73d171d32360a564b6d03508e\"},\"headline\":\"Komplicerat l\u00e4ge v\u00e4ntar efter s\u00f6ndagens val\",\"datePublished\":\"2023-07-20T15:09:50+00:00\",\"dateModified\":\"2023-07-23T20:29:24+00:00\",\"mainEntityOfPage\":{\"@id\":\"https:\\\/\\\/lightweb.dev\\\/l\\\/svm-temp\\\/nyheter\\\/komplicerat-lage-vantar-efter-sondagens-val\\\/\"},\"wordCount\":653,\"commentCount\":1,\"publisher\":{\"@id\":\"https:\\\/\\\/lightweb.dev\\\/l\\\/svm-temp\\\/#organization\"},\"image\":{\"@id\":\"https:\\\/\\\/lightweb.dev\\\/l\\\/svm-temp\\\/nyheter\\\/komplicerat-lage-vantar-efter-sondagens-val\\\/#primaryimage\"},\"thumbnailUrl\":\"https:\\\/\\\/lightweb.dev\\\/l\\\/svm-temp\\\/wp-content\\\/uploads\\\/2023\\\/07\\\/625588eb73882-stor.jpeg\",\"articleSection\":[\"Arkiv\",\"Nyheter\"],\"inLanguage\":\"sv-SE\"},{\"@type\":\"WebPage\",\"@id\":\"https:\\\/\\\/lightweb.dev\\\/l\\\/svm-temp\\\/nyheter\\\/komplicerat-lage-vantar-efter-sondagens-val\\\/\",\"url\":\"https:\\\/\\\/lightweb.dev\\\/l\\\/svm-temp\\\/nyheter\\\/komplicerat-lage-vantar-efter-sondagens-val\\\/\",\"name\":\"Komplicerat l\u00e4ge v\u00e4ntar efter s\u00f6ndagens val - Svenska Magasinet\",\"isPartOf\":{\"@id\":\"https:\\\/\\\/lightweb.dev\\\/l\\\/svm-temp\\\/#website\"},\"primaryImageOfPage\":{\"@id\":\"https:\\\/\\\/lightweb.dev\\\/l\\\/svm-temp\\\/nyheter\\\/komplicerat-lage-vantar-efter-sondagens-val\\\/#primaryimage\"},\"image\":{\"@id\":\"https:\\\/\\\/lightweb.dev\\\/l\\\/svm-temp\\\/nyheter\\\/komplicerat-lage-vantar-efter-sondagens-val\\\/#primaryimage\"},\"thumbnailUrl\":\"https:\\\/\\\/lightweb.dev\\\/l\\\/svm-temp\\\/wp-content\\\/uploads\\\/2023\\\/07\\\/625588eb73882-stor.jpeg\",\"datePublished\":\"2023-07-20T15:09:50+00:00\",\"dateModified\":\"2023-07-23T20:29:24+00:00\",\"description\":\"P\u00e5 s\u00f6ndag h\u00e5ller Spanien allm\u00e4nna val. I en majoritet av opinionsunders\u00f6kningarna \u00e4r Partido Popular det st\u00f6rsta partiet. Men det \u00e4r j\u00e4mt mellan blocken och komplicerade regeringsf\u00f6rhandlingar \u00e4r att v\u00e4nta.\",\"breadcrumb\":{\"@id\":\"https:\\\/\\\/lightweb.dev\\\/l\\\/svm-temp\\\/nyheter\\\/komplicerat-lage-vantar-efter-sondagens-val\\\/#breadcrumb\"},\"inLanguage\":\"sv-SE\",\"potentialAction\":[{\"@type\":\"ReadAction\",\"target\":[\"https:\\\/\\\/lightweb.dev\\\/l\\\/svm-temp\\\/nyheter\\\/komplicerat-lage-vantar-efter-sondagens-val\\\/\"]}]},{\"@type\":\"ImageObject\",\"inLanguage\":\"sv-SE\",\"@id\":\"https:\\\/\\\/lightweb.dev\\\/l\\\/svm-temp\\\/nyheter\\\/komplicerat-lage-vantar-efter-sondagens-val\\\/#primaryimage\",\"url\":\"https:\\\/\\\/lightweb.dev\\\/l\\\/svm-temp\\\/wp-content\\\/uploads\\\/2023\\\/07\\\/625588eb73882-stor.jpeg\",\"contentUrl\":\"https:\\\/\\\/lightweb.dev\\\/l\\\/svm-temp\\\/wp-content\\\/uploads\\\/2023\\\/07\\\/625588eb73882-stor.jpeg\",\"width\":1280,\"height\":857,\"caption\":\"PSOE:s Pedro S\u00e1nchez eller PP:s Alberto N\u00fa\u00f1ez Feij\u00f3o. Vem f\u00e5r flest r\u00f6ster p\u00e5 s\u00f6ndag? (Foto: Regeringskansliet Moncloa)\"},{\"@type\":\"BreadcrumbList\",\"@id\":\"https:\\\/\\\/lightweb.dev\\\/l\\\/svm-temp\\\/nyheter\\\/komplicerat-lage-vantar-efter-sondagens-val\\\/#breadcrumb\",\"itemListElement\":[{\"@type\":\"ListItem\",\"position\":1,\"name\":\"Hem\",\"item\":\"https:\\\/\\\/lightweb.dev\\\/l\\\/svm-temp\\\/\"},{\"@type\":\"ListItem\",\"position\":2,\"name\":\"Komplicerat l\u00e4ge v\u00e4ntar efter s\u00f6ndagens val\"}]},{\"@type\":\"WebSite\",\"@id\":\"https:\\\/\\\/lightweb.dev\\\/l\\\/svm-temp\\\/#website\",\"url\":\"https:\\\/\\\/lightweb.dev\\\/l\\\/svm-temp\\\/\",\"name\":\"Svenska Magasinet\",\"description\":\"Dina Spanska nyheter p&aring; Svenska\",\"publisher\":{\"@id\":\"https:\\\/\\\/lightweb.dev\\\/l\\\/svm-temp\\\/#organization\"},\"potentialAction\":[{\"@type\":\"SearchAction\",\"target\":{\"@type\":\"EntryPoint\",\"urlTemplate\":\"https:\\\/\\\/lightweb.dev\\\/l\\\/svm-temp\\\/?s={search_term_string}\"},\"query-input\":{\"@type\":\"PropertyValueSpecification\",\"valueRequired\":true,\"valueName\":\"search_term_string\"}}],\"inLanguage\":\"sv-SE\"},{\"@type\":\"Organization\",\"@id\":\"https:\\\/\\\/lightweb.dev\\\/l\\\/svm-temp\\\/#organization\",\"name\":\"Melkerson y Nott SL\",\"alternateName\":\"Svenska Magasinet\",\"url\":\"https:\\\/\\\/lightweb.dev\\\/l\\\/svm-temp\\\/\",\"logo\":{\"@type\":\"ImageObject\",\"inLanguage\":\"sv-SE\",\"@id\":\"https:\\\/\\\/lightweb.dev\\\/l\\\/svm-temp\\\/#\\\/schema\\\/logo\\\/image\\\/\",\"url\":\"https:\\\/\\\/lightweb.dev\\\/l\\\/svm-temp\\\/wp-content\\\/uploads\\\/2025\\\/02\\\/SvM-logo-Xtra-Centrerad-SVART.png\",\"contentUrl\":\"https:\\\/\\\/lightweb.dev\\\/l\\\/svm-temp\\\/wp-content\\\/uploads\\\/2025\\\/02\\\/SvM-logo-Xtra-Centrerad-SVART.png\",\"width\":300,\"height\":99,\"caption\":\"Melkerson y Nott SL\"},\"image\":{\"@id\":\"https:\\\/\\\/lightweb.dev\\\/l\\\/svm-temp\\\/#\\\/schema\\\/logo\\\/image\\\/\"},\"sameAs\":[\"https:\\\/\\\/www.facebook.com\\\/svenskamagasinet\",\"https:\\\/\\\/x.com\\\/SvenskaMagasine\"]},{\"@type\":\"Person\",\"@id\":\"https:\\\/\\\/lightweb.dev\\\/l\\\/svm-temp\\\/#\\\/schema\\\/person\\\/7a82b8a73d171d32360a564b6d03508e\",\"name\":\"Ola Josefsson\",\"description\":\"Bevakar Solkusten och Spanien sedan 1994.\",\"sameAs\":[\"https:\\\/\\\/lightweb.dev\\\/l\\\/svm-temp\"],\"url\":\"https:\\\/\\\/lightweb.dev\\\/l\\\/svm-temp\\\/reporter\\\/ola-josefsson\\\/\"}]}<\/script>\n<!-- \/ Yoast SEO Premium plugin. -->","yoast_head_json":{"title":"Komplicerat l\u00e4ge v\u00e4ntar efter s\u00f6ndagens val - Svenska Magasinet","description":"P\u00e5 s\u00f6ndag h\u00e5ller Spanien allm\u00e4nna val. I en majoritet av opinionsunders\u00f6kningarna \u00e4r Partido Popular det st\u00f6rsta partiet. Men det \u00e4r j\u00e4mt mellan blocken och komplicerade regeringsf\u00f6rhandlingar \u00e4r att v\u00e4nta.","robots":{"index":"noindex","follow":"follow","max-snippet":"max-snippet:-1","max-image-preview":"max-image-preview:large","max-video-preview":"max-video-preview:-1"},"og_locale":"sv_SE","og_type":"article","og_title":"Komplicerat l\u00e4ge v\u00e4ntar efter s\u00f6ndagens val","og_description":"P\u00e5 s\u00f6ndag h\u00e5ller Spanien allm\u00e4nna val. I en majoritet av opinionsunders\u00f6kningarna \u00e4r Partido Popular det st\u00f6rsta partiet. Men det \u00e4r j\u00e4mt mellan blocken och komplicerade regeringsf\u00f6rhandlingar \u00e4r att v\u00e4nta.","og_url":"https:\/\/lightweb.dev\/l\/svm-temp\/nyheter\/komplicerat-lage-vantar-efter-sondagens-val\/","og_site_name":"Svenska Magasinet","article_publisher":"https:\/\/www.facebook.com\/svenskamagasinet","article_published_time":"2023-07-20T15:09:50+00:00","article_modified_time":"2023-07-23T20:29:24+00:00","og_image":[{"width":1280,"height":857,"url":"https:\/\/lightweb.dev\/l\/svm-temp\/wp-content\/uploads\/2023\/07\/625588eb73882-stor.jpeg","type":"image\/jpeg"}],"author":"Ola Josefsson","twitter_card":"summary_large_image","twitter_creator":"@SvenskaMagasine","twitter_site":"@SvenskaMagasine","schema":{"@context":"https:\/\/schema.org","@graph":[{"@type":"Article","@id":"https:\/\/lightweb.dev\/l\/svm-temp\/nyheter\/komplicerat-lage-vantar-efter-sondagens-val\/#article","isPartOf":{"@id":"https:\/\/lightweb.dev\/l\/svm-temp\/nyheter\/komplicerat-lage-vantar-efter-sondagens-val\/"},"author":{"name":"Ola Josefsson","@id":"https:\/\/lightweb.dev\/l\/svm-temp\/#\/schema\/person\/7a82b8a73d171d32360a564b6d03508e"},"headline":"Komplicerat l\u00e4ge v\u00e4ntar efter s\u00f6ndagens val","datePublished":"2023-07-20T15:09:50+00:00","dateModified":"2023-07-23T20:29:24+00:00","mainEntityOfPage":{"@id":"https:\/\/lightweb.dev\/l\/svm-temp\/nyheter\/komplicerat-lage-vantar-efter-sondagens-val\/"},"wordCount":653,"commentCount":1,"publisher":{"@id":"https:\/\/lightweb.dev\/l\/svm-temp\/#organization"},"image":{"@id":"https:\/\/lightweb.dev\/l\/svm-temp\/nyheter\/komplicerat-lage-vantar-efter-sondagens-val\/#primaryimage"},"thumbnailUrl":"https:\/\/lightweb.dev\/l\/svm-temp\/wp-content\/uploads\/2023\/07\/625588eb73882-stor.jpeg","articleSection":["Arkiv","Nyheter"],"inLanguage":"sv-SE"},{"@type":"WebPage","@id":"https:\/\/lightweb.dev\/l\/svm-temp\/nyheter\/komplicerat-lage-vantar-efter-sondagens-val\/","url":"https:\/\/lightweb.dev\/l\/svm-temp\/nyheter\/komplicerat-lage-vantar-efter-sondagens-val\/","name":"Komplicerat l\u00e4ge v\u00e4ntar efter s\u00f6ndagens val - Svenska Magasinet","isPartOf":{"@id":"https:\/\/lightweb.dev\/l\/svm-temp\/#website"},"primaryImageOfPage":{"@id":"https:\/\/lightweb.dev\/l\/svm-temp\/nyheter\/komplicerat-lage-vantar-efter-sondagens-val\/#primaryimage"},"image":{"@id":"https:\/\/lightweb.dev\/l\/svm-temp\/nyheter\/komplicerat-lage-vantar-efter-sondagens-val\/#primaryimage"},"thumbnailUrl":"https:\/\/lightweb.dev\/l\/svm-temp\/wp-content\/uploads\/2023\/07\/625588eb73882-stor.jpeg","datePublished":"2023-07-20T15:09:50+00:00","dateModified":"2023-07-23T20:29:24+00:00","description":"P\u00e5 s\u00f6ndag h\u00e5ller Spanien allm\u00e4nna val. I en majoritet av opinionsunders\u00f6kningarna \u00e4r Partido Popular det st\u00f6rsta partiet. Men det \u00e4r j\u00e4mt mellan blocken och komplicerade regeringsf\u00f6rhandlingar \u00e4r att v\u00e4nta.","breadcrumb":{"@id":"https:\/\/lightweb.dev\/l\/svm-temp\/nyheter\/komplicerat-lage-vantar-efter-sondagens-val\/#breadcrumb"},"inLanguage":"sv-SE","potentialAction":[{"@type":"ReadAction","target":["https:\/\/lightweb.dev\/l\/svm-temp\/nyheter\/komplicerat-lage-vantar-efter-sondagens-val\/"]}]},{"@type":"ImageObject","inLanguage":"sv-SE","@id":"https:\/\/lightweb.dev\/l\/svm-temp\/nyheter\/komplicerat-lage-vantar-efter-sondagens-val\/#primaryimage","url":"https:\/\/lightweb.dev\/l\/svm-temp\/wp-content\/uploads\/2023\/07\/625588eb73882-stor.jpeg","contentUrl":"https:\/\/lightweb.dev\/l\/svm-temp\/wp-content\/uploads\/2023\/07\/625588eb73882-stor.jpeg","width":1280,"height":857,"caption":"PSOE:s Pedro S\u00e1nchez eller PP:s Alberto N\u00fa\u00f1ez Feij\u00f3o. Vem f\u00e5r flest r\u00f6ster p\u00e5 s\u00f6ndag? (Foto: Regeringskansliet Moncloa)"},{"@type":"BreadcrumbList","@id":"https:\/\/lightweb.dev\/l\/svm-temp\/nyheter\/komplicerat-lage-vantar-efter-sondagens-val\/#breadcrumb","itemListElement":[{"@type":"ListItem","position":1,"name":"Hem","item":"https:\/\/lightweb.dev\/l\/svm-temp\/"},{"@type":"ListItem","position":2,"name":"Komplicerat l\u00e4ge v\u00e4ntar efter s\u00f6ndagens val"}]},{"@type":"WebSite","@id":"https:\/\/lightweb.dev\/l\/svm-temp\/#website","url":"https:\/\/lightweb.dev\/l\/svm-temp\/","name":"Svenska Magasinet","description":"Dina Spanska nyheter p&aring; Svenska","publisher":{"@id":"https:\/\/lightweb.dev\/l\/svm-temp\/#organization"},"potentialAction":[{"@type":"SearchAction","target":{"@type":"EntryPoint","urlTemplate":"https:\/\/lightweb.dev\/l\/svm-temp\/?s={search_term_string}"},"query-input":{"@type":"PropertyValueSpecification","valueRequired":true,"valueName":"search_term_string"}}],"inLanguage":"sv-SE"},{"@type":"Organization","@id":"https:\/\/lightweb.dev\/l\/svm-temp\/#organization","name":"Melkerson y Nott SL","alternateName":"Svenska Magasinet","url":"https:\/\/lightweb.dev\/l\/svm-temp\/","logo":{"@type":"ImageObject","inLanguage":"sv-SE","@id":"https:\/\/lightweb.dev\/l\/svm-temp\/#\/schema\/logo\/image\/","url":"https:\/\/lightweb.dev\/l\/svm-temp\/wp-content\/uploads\/2025\/02\/SvM-logo-Xtra-Centrerad-SVART.png","contentUrl":"https:\/\/lightweb.dev\/l\/svm-temp\/wp-content\/uploads\/2025\/02\/SvM-logo-Xtra-Centrerad-SVART.png","width":300,"height":99,"caption":"Melkerson y Nott SL"},"image":{"@id":"https:\/\/lightweb.dev\/l\/svm-temp\/#\/schema\/logo\/image\/"},"sameAs":["https:\/\/www.facebook.com\/svenskamagasinet","https:\/\/x.com\/SvenskaMagasine"]},{"@type":"Person","@id":"https:\/\/lightweb.dev\/l\/svm-temp\/#\/schema\/person\/7a82b8a73d171d32360a564b6d03508e","name":"Ola Josefsson","description":"Bevakar Solkusten och Spanien sedan 1994.","sameAs":["https:\/\/lightweb.dev\/l\/svm-temp"],"url":"https:\/\/lightweb.dev\/l\/svm-temp\/reporter\/ola-josefsson\/"}]}},"_links":{"self":[{"href":"https:\/\/lightweb.dev\/l\/svm-temp\/wp-json\/wp\/v2\/posts\/65227","targetHints":{"allow":["GET"]}}],"collection":[{"href":"https:\/\/lightweb.dev\/l\/svm-temp\/wp-json\/wp\/v2\/posts"}],"about":[{"href":"https:\/\/lightweb.dev\/l\/svm-temp\/wp-json\/wp\/v2\/types\/post"}],"author":[{"embeddable":true,"href":"https:\/\/lightweb.dev\/l\/svm-temp\/wp-json\/wp\/v2\/users\/7"}],"replies":[{"embeddable":true,"href":"https:\/\/lightweb.dev\/l\/svm-temp\/wp-json\/wp\/v2\/comments?post=65227"}],"version-history":[{"count":0,"href":"https:\/\/lightweb.dev\/l\/svm-temp\/wp-json\/wp\/v2\/posts\/65227\/revisions"}],"wp:featuredmedia":[{"embeddable":true,"href":"https:\/\/lightweb.dev\/l\/svm-temp\/wp-json\/wp\/v2\/media\/65229"}],"wp:attachment":[{"href":"https:\/\/lightweb.dev\/l\/svm-temp\/wp-json\/wp\/v2\/media?parent=65227"}],"wp:term":[{"taxonomy":"category","embeddable":true,"href":"https:\/\/lightweb.dev\/l\/svm-temp\/wp-json\/wp\/v2\/categories?post=65227"},{"taxonomy":"post_tag","embeddable":true,"href":"https:\/\/lightweb.dev\/l\/svm-temp\/wp-json\/wp\/v2\/tags?post=65227"}],"curies":[{"name":"wp","href":"https:\/\/api.w.org\/{rel}","templated":true}]}}