{"id":65242,"date":"2023-07-21T15:14:28","date_gmt":"2023-07-21T13:14:28","guid":{"rendered":"https:\/\/lightweb.dev\/l\/svm-temp\/?p=65242"},"modified":"2023-07-21T16:32:48","modified_gmt":"2023-07-21T14:32:48","slug":"malagas-pressassociation-hjalper-jordbavningsdrabbade-barn","status":"publish","type":"post","link":"https:\/\/lightweb.dev\/l\/svm-temp\/nyheter\/malagas-pressassociation-hjalper-jordbavningsdrabbade-barn\/","title":{"rendered":"M\u00e1lagas journalistf\u00f6rbund hj\u00e4lper jordb\u00e4vningsdrabbade barn"},"content":{"rendered":"<p><strong>I v\u00e5ras anordnades den sj\u00e4tte upplagan av M\u00e1lagas presslopp som st\u00f6d f\u00f6r pressfriheten. Delar av int\u00e4kterna g\u00e5r varje \u00e5r till v\u00e4lg\u00f6rande \u00e4ndam\u00e5l.\u00a0<\/strong><\/p>\n<p><span style=\"font-weight: 400;\">M\u00e1laga Press Association har donerat en del av pengarna fr\u00e5n den sj\u00e4tte upplagan av sitt presslopp till barnen som drabbades av jordb\u00e4vningen som \u00f6delade delar av Turkiet och Syrien i februari. Pengarna donerades genom UNICEF:s krisplaner. Den icke-statliga organisationen har informerat att de med dessa pengar kommer att kunna k\u00f6pa 73 vaccinsatser. Varje sats inneh\u00e5ller doser f\u00f6r att vaccinera 20 barn mot polio, 20 mot m\u00e4ssling och 20 mot tuberkulos, vilket inneb\u00e4r att fler \u00e4n 1 400 barn kommer att dra nytta av det. Tack vare generositeten hos deltagarna i pressloppet har Malaga Press Association kunnat bidra till det viktiga humanit\u00e4ra arbete som utf\u00f6rs av UNICEF f\u00f6r att skydda barn.<\/span><\/p>\n<h2 class=\"entry-title\">L\u00e4s mer: <a href=\"https:\/\/lightweb.dev\/l\/svm-temp\/nyheter\/pressfrihetens-dag-spanien-backar-pa-listan-over-pressfriheten\/\">Pressfrihetens Dag: Spanien backar p\u00e5 listan \u00f6ver pressfriheten<\/a><\/h2>\n<p><span style=\"font-weight: 400;\">Pressloppet har arrangerats i sex \u00e5r i samband med Pressfrihetsdagen, <\/span><em><span style=\"font-weight: 400;\">World Press Freedom Day<\/span><\/em><span style=\"font-weight: 400;\">. F\u00f6rutom att uppm\u00e4rksamma pressfriheten har loppet ocks\u00e5 ett v\u00e4lg\u00f6renhetssyfte. Turkiet och Syrien drabbades av tv\u00e5 kraftiga jordb\u00e4vningar den sj\u00e4tte februari, en katastrof som p\u00e5verkade miljontals m\u00e4nniskor och ledde till mer \u00e4n 50.000 d\u00f6dsfall. Barn \u00e4r en av de mest utsatta \u00e5ldersgrupperna i s\u00e5dana situationer. I den f\u00f6reg\u00e5ende upplagan gick en del av int\u00e4kterna fr\u00e5n Pressloppet till UNHCR och till folk som tvingats fly efter Rysslands invasion av Ukraina.\u00a0<\/span><\/p>\n<h2 class=\"entry-title\">L\u00e4s mer: <a href=\"https:\/\/lightweb.dev\/l\/svm-temp\/artiklar\/fitness-halsa\/spring-for-barnen-i-turkiet-och-syrien\/\">Spring f\u00f6r barnen i Turkiet och Syrien<\/a><\/h2>\n<p><span style=\"font-weight: 400;\">M\u00e1lagas Press Race h\u00f6lls s\u00f6ndagen den sjunde maj. Mer \u00e4n tusen l\u00f6pare gav sitt st\u00f6d till pressfriheten genom att springa sju kilometer fr\u00e5n La Rosaleda-stadion till Avda. Cervantes (framf\u00f6r stadshuset). Det fanns ocks\u00e5 en solidaritetsmarsch f\u00f6r personer i alla \u00e5ldrar p\u00e5 tv\u00e5 kilometer. Idrottsevenemanget sponsrades av provinsr\u00e5det, M\u00e1lagas kommunfullm\u00e4ktige, idrottsavdelningen i Andalusiens regionalregering , El Corte Ingl\u00e9s, Unicaja Foundation och sjukhuset Quir\u00f3nsalud M\u00e1laga, dessutom n\u00e4rmare 50 olika mediebolag och f\u00f6retag fr\u00e5n Malaga.<\/span><\/p>\n","protected":false},"excerpt":{"rendered":"<p>I v\u00e5ras anordnades den sj\u00e4tte upplagan av M\u00e1lagas presslopp som st\u00f6d f\u00f6r pressfriheten. Delar av int\u00e4kterna g\u00e5r varje \u00e5r till v\u00e4lg\u00f6rande \u00e4ndam\u00e5l&#8230;<\/p>\n","protected":false},"author":14,"featured_media":65244,"comment_status":"open","ping_status":"closed","sticky":false,"template":"","format":"standard","meta":{"_et_pb_use_builder":"","_et_pb_old_content":"","_et_gb_content_width":"","footnotes":""},"categories":[395,3],"tags":[],"class_list":["post-65242","post","type-post","status-publish","format-standard","has-post-thumbnail","hentry","category-arkiv-nyheter","category-nyheter"],"yoast_head":"<!-- This site is optimized with the Yoast SEO Premium plugin v26.2 (Yoast SEO v27.4) - https:\/\/yoast.com\/product\/yoast-seo-premium-wordpress\/ -->\n<title>M\u00e1lagas journalistf\u00f6rbund hj\u00e4lper jordb\u00e4vningsdrabbade barn - Svenska Magasinet<\/title>\n<meta name=\"robots\" content=\"noindex, follow, max-snippet:-1, max-image-preview:large, max-video-preview:-1\" \/>\n<meta property=\"og:locale\" content=\"sv_SE\" \/>\n<meta property=\"og:type\" content=\"article\" \/>\n<meta property=\"og:title\" content=\"M\u00e1lagas journalistf\u00f6rbund hj\u00e4lper jordb\u00e4vningsdrabbade barn\" \/>\n<meta property=\"og:description\" content=\"I v\u00e5ras anordnades den sj\u00e4tte upplagan av M\u00e1lagas presslopp som st\u00f6d f\u00f6r pressfriheten. Delar av int\u00e4kterna g\u00e5r varje \u00e5r till v\u00e4lg\u00f6rande \u00e4ndam\u00e5l...\" \/>\n<meta property=\"og:url\" content=\"https:\/\/lightweb.dev\/l\/svm-temp\/nyheter\/malagas-pressassociation-hjalper-jordbavningsdrabbade-barn\/\" \/>\n<meta property=\"og:site_name\" content=\"Svenska Magasinet\" \/>\n<meta property=\"article:publisher\" content=\"https:\/\/www.facebook.com\/svenskamagasinet\" \/>\n<meta property=\"article:published_time\" content=\"2023-07-21T13:14:28+00:00\" \/>\n<meta property=\"article:modified_time\" content=\"2023-07-21T14:32:48+00:00\" \/>\n<meta property=\"og:image\" content=\"https:\/\/lightweb.dev\/l\/svm-temp\/wp-content\/uploads\/2023\/07\/DIPLOMA-Asoc-Prensa-Malaga-2023_page-0001-696x482-1.jpg\" \/>\n\t<meta property=\"og:image:width\" content=\"696\" \/>\n\t<meta property=\"og:image:height\" content=\"482\" \/>\n\t<meta property=\"og:image:type\" content=\"image\/jpeg\" \/>\n<meta name=\"author\" content=\"Robbie Eriksson\" \/>\n<meta name=\"twitter:card\" content=\"summary_large_image\" \/>\n<meta name=\"twitter:creator\" content=\"@SvenskaMagasine\" \/>\n<meta name=\"twitter:site\" content=\"@SvenskaMagasine\" \/>\n<script type=\"application\/ld+json\" class=\"yoast-schema-graph\">{\"@context\":\"https:\\\/\\\/schema.org\",\"@graph\":[{\"@type\":\"Article\",\"@id\":\"https:\\\/\\\/lightweb.dev\\\/l\\\/svm-temp\\\/nyheter\\\/malagas-pressassociation-hjalper-jordbavningsdrabbade-barn\\\/#article\",\"isPartOf\":{\"@id\":\"https:\\\/\\\/lightweb.dev\\\/l\\\/svm-temp\\\/nyheter\\\/malagas-pressassociation-hjalper-jordbavningsdrabbade-barn\\\/\"},\"author\":{\"name\":\"Robbie Eriksson\",\"@id\":\"https:\\\/\\\/lightweb.dev\\\/l\\\/svm-temp\\\/#\\\/schema\\\/person\\\/caffe038990d25722f5a04a03c906a2b\"},\"headline\":\"M\u00e1lagas journalistf\u00f6rbund hj\u00e4lper jordb\u00e4vningsdrabbade barn\",\"datePublished\":\"2023-07-21T13:14:28+00:00\",\"dateModified\":\"2023-07-21T14:32:48+00:00\",\"mainEntityOfPage\":{\"@id\":\"https:\\\/\\\/lightweb.dev\\\/l\\\/svm-temp\\\/nyheter\\\/malagas-pressassociation-hjalper-jordbavningsdrabbade-barn\\\/\"},\"wordCount\":362,\"commentCount\":1,\"publisher\":{\"@id\":\"https:\\\/\\\/lightweb.dev\\\/l\\\/svm-temp\\\/#organization\"},\"image\":{\"@id\":\"https:\\\/\\\/lightweb.dev\\\/l\\\/svm-temp\\\/nyheter\\\/malagas-pressassociation-hjalper-jordbavningsdrabbade-barn\\\/#primaryimage\"},\"thumbnailUrl\":\"https:\\\/\\\/lightweb.dev\\\/l\\\/svm-temp\\\/wp-content\\\/uploads\\\/2023\\\/07\\\/DIPLOMA-Asoc-Prensa-Malaga-2023_page-0001-696x482-1.jpg\",\"articleSection\":[\"Arkiv\",\"Nyheter\"],\"inLanguage\":\"sv-SE\"},{\"@type\":\"WebPage\",\"@id\":\"https:\\\/\\\/lightweb.dev\\\/l\\\/svm-temp\\\/nyheter\\\/malagas-pressassociation-hjalper-jordbavningsdrabbade-barn\\\/\",\"url\":\"https:\\\/\\\/lightweb.dev\\\/l\\\/svm-temp\\\/nyheter\\\/malagas-pressassociation-hjalper-jordbavningsdrabbade-barn\\\/\",\"name\":\"M\u00e1lagas journalistf\u00f6rbund hj\u00e4lper jordb\u00e4vningsdrabbade barn - Svenska Magasinet\",\"isPartOf\":{\"@id\":\"https:\\\/\\\/lightweb.dev\\\/l\\\/svm-temp\\\/#website\"},\"primaryImageOfPage\":{\"@id\":\"https:\\\/\\\/lightweb.dev\\\/l\\\/svm-temp\\\/nyheter\\\/malagas-pressassociation-hjalper-jordbavningsdrabbade-barn\\\/#primaryimage\"},\"image\":{\"@id\":\"https:\\\/\\\/lightweb.dev\\\/l\\\/svm-temp\\\/nyheter\\\/malagas-pressassociation-hjalper-jordbavningsdrabbade-barn\\\/#primaryimage\"},\"thumbnailUrl\":\"https:\\\/\\\/lightweb.dev\\\/l\\\/svm-temp\\\/wp-content\\\/uploads\\\/2023\\\/07\\\/DIPLOMA-Asoc-Prensa-Malaga-2023_page-0001-696x482-1.jpg\",\"datePublished\":\"2023-07-21T13:14:28+00:00\",\"dateModified\":\"2023-07-21T14:32:48+00:00\",\"breadcrumb\":{\"@id\":\"https:\\\/\\\/lightweb.dev\\\/l\\\/svm-temp\\\/nyheter\\\/malagas-pressassociation-hjalper-jordbavningsdrabbade-barn\\\/#breadcrumb\"},\"inLanguage\":\"sv-SE\",\"potentialAction\":[{\"@type\":\"ReadAction\",\"target\":[\"https:\\\/\\\/lightweb.dev\\\/l\\\/svm-temp\\\/nyheter\\\/malagas-pressassociation-hjalper-jordbavningsdrabbade-barn\\\/\"]}]},{\"@type\":\"ImageObject\",\"inLanguage\":\"sv-SE\",\"@id\":\"https:\\\/\\\/lightweb.dev\\\/l\\\/svm-temp\\\/nyheter\\\/malagas-pressassociation-hjalper-jordbavningsdrabbade-barn\\\/#primaryimage\",\"url\":\"https:\\\/\\\/lightweb.dev\\\/l\\\/svm-temp\\\/wp-content\\\/uploads\\\/2023\\\/07\\\/DIPLOMA-Asoc-Prensa-Malaga-2023_page-0001-696x482-1.jpg\",\"contentUrl\":\"https:\\\/\\\/lightweb.dev\\\/l\\\/svm-temp\\\/wp-content\\\/uploads\\\/2023\\\/07\\\/DIPLOMA-Asoc-Prensa-Malaga-2023_page-0001-696x482-1.jpg\",\"width\":696,\"height\":482,\"caption\":\"Dilpom utdelat fr\u00e5n UNICEF till M\u00e1lagas journalistf\u00f6rbund.\"},{\"@type\":\"BreadcrumbList\",\"@id\":\"https:\\\/\\\/lightweb.dev\\\/l\\\/svm-temp\\\/nyheter\\\/malagas-pressassociation-hjalper-jordbavningsdrabbade-barn\\\/#breadcrumb\",\"itemListElement\":[{\"@type\":\"ListItem\",\"position\":1,\"name\":\"Hem\",\"item\":\"https:\\\/\\\/lightweb.dev\\\/l\\\/svm-temp\\\/\"},{\"@type\":\"ListItem\",\"position\":2,\"name\":\"M\u00e1lagas journalistf\u00f6rbund hj\u00e4lper jordb\u00e4vningsdrabbade barn\"}]},{\"@type\":\"WebSite\",\"@id\":\"https:\\\/\\\/lightweb.dev\\\/l\\\/svm-temp\\\/#website\",\"url\":\"https:\\\/\\\/lightweb.dev\\\/l\\\/svm-temp\\\/\",\"name\":\"Svenska Magasinet\",\"description\":\"Dina Spanska nyheter p&aring; Svenska\",\"publisher\":{\"@id\":\"https:\\\/\\\/lightweb.dev\\\/l\\\/svm-temp\\\/#organization\"},\"potentialAction\":[{\"@type\":\"SearchAction\",\"target\":{\"@type\":\"EntryPoint\",\"urlTemplate\":\"https:\\\/\\\/lightweb.dev\\\/l\\\/svm-temp\\\/?s={search_term_string}\"},\"query-input\":{\"@type\":\"PropertyValueSpecification\",\"valueRequired\":true,\"valueName\":\"search_term_string\"}}],\"inLanguage\":\"sv-SE\"},{\"@type\":\"Organization\",\"@id\":\"https:\\\/\\\/lightweb.dev\\\/l\\\/svm-temp\\\/#organization\",\"name\":\"Melkerson y Nott SL\",\"alternateName\":\"Svenska Magasinet\",\"url\":\"https:\\\/\\\/lightweb.dev\\\/l\\\/svm-temp\\\/\",\"logo\":{\"@type\":\"ImageObject\",\"inLanguage\":\"sv-SE\",\"@id\":\"https:\\\/\\\/lightweb.dev\\\/l\\\/svm-temp\\\/#\\\/schema\\\/logo\\\/image\\\/\",\"url\":\"https:\\\/\\\/lightweb.dev\\\/l\\\/svm-temp\\\/wp-content\\\/uploads\\\/2025\\\/02\\\/SvM-logo-Xtra-Centrerad-SVART.png\",\"contentUrl\":\"https:\\\/\\\/lightweb.dev\\\/l\\\/svm-temp\\\/wp-content\\\/uploads\\\/2025\\\/02\\\/SvM-logo-Xtra-Centrerad-SVART.png\",\"width\":300,\"height\":99,\"caption\":\"Melkerson y Nott SL\"},\"image\":{\"@id\":\"https:\\\/\\\/lightweb.dev\\\/l\\\/svm-temp\\\/#\\\/schema\\\/logo\\\/image\\\/\"},\"sameAs\":[\"https:\\\/\\\/www.facebook.com\\\/svenskamagasinet\",\"https:\\\/\\\/x.com\\\/SvenskaMagasine\"]},{\"@type\":\"Person\",\"@id\":\"https:\\\/\\\/lightweb.dev\\\/l\\\/svm-temp\\\/#\\\/schema\\\/person\\\/caffe038990d25722f5a04a03c906a2b\",\"name\":\"Robbie Eriksson\",\"sameAs\":[\"https:\\\/\\\/lightweb.dev\\\/l\\\/svm-temp\"],\"url\":\"https:\\\/\\\/lightweb.dev\\\/l\\\/svm-temp\\\/reporter\\\/robbie-eriksson\\\/\"}]}<\/script>\n<!-- \/ Yoast SEO Premium plugin. -->","yoast_head_json":{"title":"M\u00e1lagas journalistf\u00f6rbund hj\u00e4lper jordb\u00e4vningsdrabbade barn - Svenska Magasinet","robots":{"index":"noindex","follow":"follow","max-snippet":"max-snippet:-1","max-image-preview":"max-image-preview:large","max-video-preview":"max-video-preview:-1"},"og_locale":"sv_SE","og_type":"article","og_title":"M\u00e1lagas journalistf\u00f6rbund hj\u00e4lper jordb\u00e4vningsdrabbade barn","og_description":"I v\u00e5ras anordnades den sj\u00e4tte upplagan av M\u00e1lagas presslopp som st\u00f6d f\u00f6r pressfriheten. Delar av int\u00e4kterna g\u00e5r varje \u00e5r till v\u00e4lg\u00f6rande \u00e4ndam\u00e5l...","og_url":"https:\/\/lightweb.dev\/l\/svm-temp\/nyheter\/malagas-pressassociation-hjalper-jordbavningsdrabbade-barn\/","og_site_name":"Svenska Magasinet","article_publisher":"https:\/\/www.facebook.com\/svenskamagasinet","article_published_time":"2023-07-21T13:14:28+00:00","article_modified_time":"2023-07-21T14:32:48+00:00","og_image":[{"width":696,"height":482,"url":"https:\/\/lightweb.dev\/l\/svm-temp\/wp-content\/uploads\/2023\/07\/DIPLOMA-Asoc-Prensa-Malaga-2023_page-0001-696x482-1.jpg","type":"image\/jpeg"}],"author":"Robbie Eriksson","twitter_card":"summary_large_image","twitter_creator":"@SvenskaMagasine","twitter_site":"@SvenskaMagasine","schema":{"@context":"https:\/\/schema.org","@graph":[{"@type":"Article","@id":"https:\/\/lightweb.dev\/l\/svm-temp\/nyheter\/malagas-pressassociation-hjalper-jordbavningsdrabbade-barn\/#article","isPartOf":{"@id":"https:\/\/lightweb.dev\/l\/svm-temp\/nyheter\/malagas-pressassociation-hjalper-jordbavningsdrabbade-barn\/"},"author":{"name":"Robbie Eriksson","@id":"https:\/\/lightweb.dev\/l\/svm-temp\/#\/schema\/person\/caffe038990d25722f5a04a03c906a2b"},"headline":"M\u00e1lagas journalistf\u00f6rbund hj\u00e4lper jordb\u00e4vningsdrabbade barn","datePublished":"2023-07-21T13:14:28+00:00","dateModified":"2023-07-21T14:32:48+00:00","mainEntityOfPage":{"@id":"https:\/\/lightweb.dev\/l\/svm-temp\/nyheter\/malagas-pressassociation-hjalper-jordbavningsdrabbade-barn\/"},"wordCount":362,"commentCount":1,"publisher":{"@id":"https:\/\/lightweb.dev\/l\/svm-temp\/#organization"},"image":{"@id":"https:\/\/lightweb.dev\/l\/svm-temp\/nyheter\/malagas-pressassociation-hjalper-jordbavningsdrabbade-barn\/#primaryimage"},"thumbnailUrl":"https:\/\/lightweb.dev\/l\/svm-temp\/wp-content\/uploads\/2023\/07\/DIPLOMA-Asoc-Prensa-Malaga-2023_page-0001-696x482-1.jpg","articleSection":["Arkiv","Nyheter"],"inLanguage":"sv-SE"},{"@type":"WebPage","@id":"https:\/\/lightweb.dev\/l\/svm-temp\/nyheter\/malagas-pressassociation-hjalper-jordbavningsdrabbade-barn\/","url":"https:\/\/lightweb.dev\/l\/svm-temp\/nyheter\/malagas-pressassociation-hjalper-jordbavningsdrabbade-barn\/","name":"M\u00e1lagas journalistf\u00f6rbund hj\u00e4lper jordb\u00e4vningsdrabbade barn - Svenska Magasinet","isPartOf":{"@id":"https:\/\/lightweb.dev\/l\/svm-temp\/#website"},"primaryImageOfPage":{"@id":"https:\/\/lightweb.dev\/l\/svm-temp\/nyheter\/malagas-pressassociation-hjalper-jordbavningsdrabbade-barn\/#primaryimage"},"image":{"@id":"https:\/\/lightweb.dev\/l\/svm-temp\/nyheter\/malagas-pressassociation-hjalper-jordbavningsdrabbade-barn\/#primaryimage"},"thumbnailUrl":"https:\/\/lightweb.dev\/l\/svm-temp\/wp-content\/uploads\/2023\/07\/DIPLOMA-Asoc-Prensa-Malaga-2023_page-0001-696x482-1.jpg","datePublished":"2023-07-21T13:14:28+00:00","dateModified":"2023-07-21T14:32:48+00:00","breadcrumb":{"@id":"https:\/\/lightweb.dev\/l\/svm-temp\/nyheter\/malagas-pressassociation-hjalper-jordbavningsdrabbade-barn\/#breadcrumb"},"inLanguage":"sv-SE","potentialAction":[{"@type":"ReadAction","target":["https:\/\/lightweb.dev\/l\/svm-temp\/nyheter\/malagas-pressassociation-hjalper-jordbavningsdrabbade-barn\/"]}]},{"@type":"ImageObject","inLanguage":"sv-SE","@id":"https:\/\/lightweb.dev\/l\/svm-temp\/nyheter\/malagas-pressassociation-hjalper-jordbavningsdrabbade-barn\/#primaryimage","url":"https:\/\/lightweb.dev\/l\/svm-temp\/wp-content\/uploads\/2023\/07\/DIPLOMA-Asoc-Prensa-Malaga-2023_page-0001-696x482-1.jpg","contentUrl":"https:\/\/lightweb.dev\/l\/svm-temp\/wp-content\/uploads\/2023\/07\/DIPLOMA-Asoc-Prensa-Malaga-2023_page-0001-696x482-1.jpg","width":696,"height":482,"caption":"Dilpom utdelat fr\u00e5n UNICEF till M\u00e1lagas journalistf\u00f6rbund."},{"@type":"BreadcrumbList","@id":"https:\/\/lightweb.dev\/l\/svm-temp\/nyheter\/malagas-pressassociation-hjalper-jordbavningsdrabbade-barn\/#breadcrumb","itemListElement":[{"@type":"ListItem","position":1,"name":"Hem","item":"https:\/\/lightweb.dev\/l\/svm-temp\/"},{"@type":"ListItem","position":2,"name":"M\u00e1lagas journalistf\u00f6rbund hj\u00e4lper jordb\u00e4vningsdrabbade barn"}]},{"@type":"WebSite","@id":"https:\/\/lightweb.dev\/l\/svm-temp\/#website","url":"https:\/\/lightweb.dev\/l\/svm-temp\/","name":"Svenska Magasinet","description":"Dina Spanska nyheter p&aring; Svenska","publisher":{"@id":"https:\/\/lightweb.dev\/l\/svm-temp\/#organization"},"potentialAction":[{"@type":"SearchAction","target":{"@type":"EntryPoint","urlTemplate":"https:\/\/lightweb.dev\/l\/svm-temp\/?s={search_term_string}"},"query-input":{"@type":"PropertyValueSpecification","valueRequired":true,"valueName":"search_term_string"}}],"inLanguage":"sv-SE"},{"@type":"Organization","@id":"https:\/\/lightweb.dev\/l\/svm-temp\/#organization","name":"Melkerson y Nott SL","alternateName":"Svenska Magasinet","url":"https:\/\/lightweb.dev\/l\/svm-temp\/","logo":{"@type":"ImageObject","inLanguage":"sv-SE","@id":"https:\/\/lightweb.dev\/l\/svm-temp\/#\/schema\/logo\/image\/","url":"https:\/\/lightweb.dev\/l\/svm-temp\/wp-content\/uploads\/2025\/02\/SvM-logo-Xtra-Centrerad-SVART.png","contentUrl":"https:\/\/lightweb.dev\/l\/svm-temp\/wp-content\/uploads\/2025\/02\/SvM-logo-Xtra-Centrerad-SVART.png","width":300,"height":99,"caption":"Melkerson y Nott SL"},"image":{"@id":"https:\/\/lightweb.dev\/l\/svm-temp\/#\/schema\/logo\/image\/"},"sameAs":["https:\/\/www.facebook.com\/svenskamagasinet","https:\/\/x.com\/SvenskaMagasine"]},{"@type":"Person","@id":"https:\/\/lightweb.dev\/l\/svm-temp\/#\/schema\/person\/caffe038990d25722f5a04a03c906a2b","name":"Robbie Eriksson","sameAs":["https:\/\/lightweb.dev\/l\/svm-temp"],"url":"https:\/\/lightweb.dev\/l\/svm-temp\/reporter\/robbie-eriksson\/"}]}},"_links":{"self":[{"href":"https:\/\/lightweb.dev\/l\/svm-temp\/wp-json\/wp\/v2\/posts\/65242","targetHints":{"allow":["GET"]}}],"collection":[{"href":"https:\/\/lightweb.dev\/l\/svm-temp\/wp-json\/wp\/v2\/posts"}],"about":[{"href":"https:\/\/lightweb.dev\/l\/svm-temp\/wp-json\/wp\/v2\/types\/post"}],"author":[{"embeddable":true,"href":"https:\/\/lightweb.dev\/l\/svm-temp\/wp-json\/wp\/v2\/users\/14"}],"replies":[{"embeddable":true,"href":"https:\/\/lightweb.dev\/l\/svm-temp\/wp-json\/wp\/v2\/comments?post=65242"}],"version-history":[{"count":0,"href":"https:\/\/lightweb.dev\/l\/svm-temp\/wp-json\/wp\/v2\/posts\/65242\/revisions"}],"wp:featuredmedia":[{"embeddable":true,"href":"https:\/\/lightweb.dev\/l\/svm-temp\/wp-json\/wp\/v2\/media\/65244"}],"wp:attachment":[{"href":"https:\/\/lightweb.dev\/l\/svm-temp\/wp-json\/wp\/v2\/media?parent=65242"}],"wp:term":[{"taxonomy":"category","embeddable":true,"href":"https:\/\/lightweb.dev\/l\/svm-temp\/wp-json\/wp\/v2\/categories?post=65242"},{"taxonomy":"post_tag","embeddable":true,"href":"https:\/\/lightweb.dev\/l\/svm-temp\/wp-json\/wp\/v2\/tags?post=65242"}],"curies":[{"name":"wp","href":"https:\/\/api.w.org\/{rel}","templated":true}]}}