{"id":65252,"date":"2023-07-23T20:37:36","date_gmt":"2023-07-23T18:37:36","guid":{"rendered":"https:\/\/lightweb.dev\/l\/svm-temp\/?p=65252"},"modified":"2023-07-24T16:24:19","modified_gmt":"2023-07-24T14:24:19","slug":"alberto-nunez-feijoo-och-partido-popular-vinner-blir-beroende-av-vox","status":"publish","type":"post","link":"https:\/\/lightweb.dev\/l\/svm-temp\/nyheter\/alberto-nunez-feijoo-och-partido-popular-vinner-blir-beroende-av-vox\/","title":{"rendered":"Alberto N\u00fa\u00f1ez Feij\u00f3o och Partido Popular vinner &#8211; inget av blocken f\u00e5r egen majoritet"},"content":{"rendered":"<p><strong>Alberto N\u00fa\u00f1ez Feij\u00f3o och Partido Popular f\u00e5r flest r\u00f6ster och h\u00f6gerblocket f\u00e5r egen majoritet.<\/strong><\/p>\n<p><strong>Det var vad tv\u00e5 unders\u00f6kningarna som publicerades klockan 20 p\u00e5 s\u00f6ndagen visade.<\/strong><\/p>\n<p><strong>Men valet utvecklade sig till en rysare.<\/strong><\/p>\n<p>N\u00e4r n\u00e4stan samtliga r\u00f6ster var r\u00e4knade hade h\u00f6gerblocket med PP+Vox: 169 mandat medan v\u00e4nsterblocket PSOE+Sumar hade 153. De senare skulle kunna regera tillsammans med regionala separatistiska partier i Baskien och Katalonien, men det \u00e4r h\u00f6gst os\u00e4kert.<\/p>\n<p>Inget av blocken med PP+Vox eller PSOE+Sumar n\u00e5r 176 mandat f\u00f6r att ha majoritet av parlamentets 350 platser.<\/p>\n<p>Det \u00e4r j\u00e4mt mellan blocken och komplicerade regeringsf\u00f6rhandlingar \u00e4r att v\u00e4nta som kan utmynna i nyval i december.<\/p>\n<p>Liberalkonservativa Partido Popular blev valets vinnare med 136 mandat vilket var en uppg\u00e5ng med 47 mandat. Ytterkantsh\u00f6gerpartiet Vox fick 33 mandat vilket var 19 f\u00e4rre j\u00e4mf\u00f6rt med valet 2019.<\/p>\n<h2 class=\"entry-title\">L\u00e4s mer: <a href=\"https:\/\/lightweb.dev\/l\/svm-temp\/nyheter\/komplicerat-lage-vantar-efter-sondagens-val\/\">Komplicerat l\u00e4ge v\u00e4ntar efter s\u00f6ndagens val<\/a><\/h2>\n<p>Socialdemokratiska PSOE och Pedro S\u00e1nchez f\u00e5r 122 mandat och v\u00e4nsteralliansen Sumar med Yolanda D\u00edaz f\u00e5r 31 mandat.<\/p>\n<p>Valdeltagandet hamnade p\u00e5 70,40 procent, med n\u00e4stan 2,5 miljoner postr\u00f6ster. Det var en \u00f6kning med \u00f6ver fyra procent j\u00e4mf\u00f6rt med valet i november 2019.<\/p>\n<p>I dagsl\u00e4get ser det ut som att det politiska kaoset efter valet i april 2019 upprepas. D\u00e5 lyckades inte PSOE och S\u00e1nchez bilda en regering med andra v\u00e4nsterpartier, varp\u00e5 ett nytt val h\u00f6lls p\u00e5 h\u00f6sten.<\/p>\n<p>Nu blev Partido Popular det parti som fick flest r\u00f6ster och som f\u00e5r f\u00f6rs\u00f6ka bilda regering.<\/p>\n<p>Alberto Nu\u00f1ez Feijoo sa i natt:<\/p>\n<p>&#8211; PP har vunnit valet. Som kandidat f\u00f6r det parti som vann flest platser, f\u00f6rmodar jag att det \u00e4r min plikt att f\u00f6rs\u00f6ka bilda en regering.<\/p>\n<p>F\u00f6lj valet p\u00e5 hashtag <a href=\"https:\/\/twitter.com\/hashtag\/valSpanien?src=hashtag_click&amp;f=live\">#valSpanien<\/a><\/p>\n<p><span class=\"GNcOYtMqB9NEZ3d8uzB6MarniveVsyDCpU65Oq7xPb2h4WfvhfiCKLjzyJAmKAQFQkEp2ZulcR\"><\/p>\n<blockquote class=\"twitter-tweet\" data-width=\"550\" data-dnt=\"true\">\n<p lang=\"sv\" dir=\"ltr\">S\u00e5 \u00e4r d\u00e5 samtliga r\u00f6ster r\u00e4knade i spanska valet. <a href=\"https:\/\/twitter.com\/hashtag\/ValSpanien?src=hash&amp;ref_src=twsrc%5Etfw\">#ValSpanien<\/a> <a href=\"https:\/\/twitter.com\/hashtag\/ValSpanien2023?src=hash&amp;ref_src=twsrc%5Etfw\">#ValSpanien2023<\/a> <a href=\"https:\/\/twitter.com\/hashtag\/EleccionesGenerales?src=hash&amp;ref_src=twsrc%5Etfw\">#EleccionesGenerales<\/a> <a href=\"https:\/\/t.co\/zpcaF29XW8\">pic.twitter.com\/zpcaF29XW8<\/a><\/p>\n<p>&mdash; Svenska Magasinet (@SvenskaMagasine) <a href=\"https:\/\/twitter.com\/SvenskaMagasine\/status\/1683482717768253441?ref_src=twsrc%5Etfw\">July 24, 2023<\/a><\/p><\/blockquote>\n<p><script async src=\"https:\/\/platform.twitter.com\/widgets.js\" charset=\"utf-8\"><\/script><\/span><\/p>\n<p>&nbsp;<\/p>\n","protected":false},"excerpt":{"rendered":"<p>Alberto N\u00fa\u00f1ez Feij\u00f3o och Partido Popular f\u00e5r flest r\u00f6ster och h\u00f6gerblocket f\u00e5r egen majoritet. Det var vad tv\u00e5 unders\u00f6kningarna som publicerades klockan 20 p\u00e5 s\u00f6ndagen visade. Men valet utvecklade sig till en rysare. N\u00e4r n\u00e4stan samtliga r\u00f6ster var r\u00e4knade hade h\u00f6gerblocket med PP+Vox: 169 mandat medan v\u00e4nsterblocket PSOE+Sumar hade 153. De senare skulle kunna regera [&hellip;]<\/p>\n","protected":false},"author":7,"featured_media":65278,"comment_status":"open","ping_status":"closed","sticky":false,"template":"","format":"standard","meta":{"_et_pb_use_builder":"","_et_pb_old_content":"","_et_gb_content_width":"","footnotes":""},"categories":[395,3],"tags":[],"class_list":["post-65252","post","type-post","status-publish","format-standard","has-post-thumbnail","hentry","category-arkiv-nyheter","category-nyheter"],"yoast_head":"<!-- This site is optimized with the Yoast SEO Premium plugin v26.2 (Yoast SEO v27.4) - https:\/\/yoast.com\/product\/yoast-seo-premium-wordpress\/ -->\n<title>Alberto N\u00fa\u00f1ez Feij\u00f3o och Partido Popular vinner - inget av blocken f\u00e5r egen majoritet - Svenska Magasinet<\/title>\n<meta name=\"description\" content=\"Alberto N\u00fa\u00f1ez Feij\u00f3o och Partido Popular f\u00e5r flest r\u00f6ster och h\u00f6gerblocket f\u00e5r egen majoritet. Det var vad vallokalsunders\u00f6kningarna som publicerades klockan 20 p\u00e5 s\u00f6ndagen visade.\" \/>\n<meta name=\"robots\" content=\"noindex, follow, max-snippet:-1, max-image-preview:large, max-video-preview:-1\" \/>\n<meta property=\"og:locale\" content=\"sv_SE\" \/>\n<meta property=\"og:type\" content=\"article\" \/>\n<meta property=\"og:title\" content=\"Alberto N\u00fa\u00f1ez Feij\u00f3o och Partido Popular vinner - inget av blocken f\u00e5r egen majoritet\" \/>\n<meta property=\"og:description\" content=\"Alberto N\u00fa\u00f1ez Feij\u00f3o och Partido Popular f\u00e5r flest r\u00f6ster och h\u00f6gerblocket f\u00e5r egen majoritet. Det var vad vallokalsunders\u00f6kningarna som publicerades klockan 20 p\u00e5 s\u00f6ndagen visade.\" \/>\n<meta property=\"og:url\" content=\"https:\/\/lightweb.dev\/l\/svm-temp\/nyheter\/alberto-nunez-feijoo-och-partido-popular-vinner-blir-beroende-av-vox\/\" \/>\n<meta property=\"og:site_name\" content=\"Svenska Magasinet\" \/>\n<meta property=\"article:publisher\" content=\"https:\/\/www.facebook.com\/svenskamagasinet\" \/>\n<meta property=\"article:published_time\" content=\"2023-07-23T18:37:36+00:00\" \/>\n<meta property=\"article:modified_time\" content=\"2023-07-24T14:24:19+00:00\" \/>\n<meta property=\"og:image\" content=\"https:\/\/lightweb.dev\/l\/svm-temp\/wp-content\/uploads\/2023\/07\/F1wasOcWAAId5Qd-stor.jpeg\" \/>\n\t<meta property=\"og:image:width\" content=\"1280\" \/>\n\t<meta property=\"og:image:height\" content=\"853\" \/>\n\t<meta property=\"og:image:type\" content=\"image\/jpeg\" \/>\n<meta name=\"author\" content=\"Ola Josefsson\" \/>\n<meta name=\"twitter:card\" content=\"summary_large_image\" \/>\n<meta name=\"twitter:creator\" content=\"@SvenskaMagasine\" \/>\n<meta name=\"twitter:site\" content=\"@SvenskaMagasine\" \/>\n<script type=\"application\/ld+json\" class=\"yoast-schema-graph\">{\"@context\":\"https:\\\/\\\/schema.org\",\"@graph\":[{\"@type\":\"Article\",\"@id\":\"https:\\\/\\\/lightweb.dev\\\/l\\\/svm-temp\\\/nyheter\\\/alberto-nunez-feijoo-och-partido-popular-vinner-blir-beroende-av-vox\\\/#article\",\"isPartOf\":{\"@id\":\"https:\\\/\\\/lightweb.dev\\\/l\\\/svm-temp\\\/nyheter\\\/alberto-nunez-feijoo-och-partido-popular-vinner-blir-beroende-av-vox\\\/\"},\"author\":{\"name\":\"Ola Josefsson\",\"@id\":\"https:\\\/\\\/lightweb.dev\\\/l\\\/svm-temp\\\/#\\\/schema\\\/person\\\/7a82b8a73d171d32360a564b6d03508e\"},\"headline\":\"Alberto N\u00fa\u00f1ez Feij\u00f3o och Partido Popular vinner &#8211; inget av blocken f\u00e5r egen majoritet\",\"datePublished\":\"2023-07-23T18:37:36+00:00\",\"dateModified\":\"2023-07-24T14:24:19+00:00\",\"mainEntityOfPage\":{\"@id\":\"https:\\\/\\\/lightweb.dev\\\/l\\\/svm-temp\\\/nyheter\\\/alberto-nunez-feijoo-och-partido-popular-vinner-blir-beroende-av-vox\\\/\"},\"wordCount\":339,\"commentCount\":1,\"publisher\":{\"@id\":\"https:\\\/\\\/lightweb.dev\\\/l\\\/svm-temp\\\/#organization\"},\"image\":{\"@id\":\"https:\\\/\\\/lightweb.dev\\\/l\\\/svm-temp\\\/nyheter\\\/alberto-nunez-feijoo-och-partido-popular-vinner-blir-beroende-av-vox\\\/#primaryimage\"},\"thumbnailUrl\":\"https:\\\/\\\/lightweb.dev\\\/l\\\/svm-temp\\\/wp-content\\\/uploads\\\/2023\\\/07\\\/F1wasOcWAAId5Qd-stor.jpeg\",\"articleSection\":[\"Arkiv\",\"Nyheter\"],\"inLanguage\":\"sv-SE\"},{\"@type\":\"WebPage\",\"@id\":\"https:\\\/\\\/lightweb.dev\\\/l\\\/svm-temp\\\/nyheter\\\/alberto-nunez-feijoo-och-partido-popular-vinner-blir-beroende-av-vox\\\/\",\"url\":\"https:\\\/\\\/lightweb.dev\\\/l\\\/svm-temp\\\/nyheter\\\/alberto-nunez-feijoo-och-partido-popular-vinner-blir-beroende-av-vox\\\/\",\"name\":\"Alberto N\u00fa\u00f1ez Feij\u00f3o och Partido Popular vinner - inget av blocken f\u00e5r egen majoritet - Svenska Magasinet\",\"isPartOf\":{\"@id\":\"https:\\\/\\\/lightweb.dev\\\/l\\\/svm-temp\\\/#website\"},\"primaryImageOfPage\":{\"@id\":\"https:\\\/\\\/lightweb.dev\\\/l\\\/svm-temp\\\/nyheter\\\/alberto-nunez-feijoo-och-partido-popular-vinner-blir-beroende-av-vox\\\/#primaryimage\"},\"image\":{\"@id\":\"https:\\\/\\\/lightweb.dev\\\/l\\\/svm-temp\\\/nyheter\\\/alberto-nunez-feijoo-och-partido-popular-vinner-blir-beroende-av-vox\\\/#primaryimage\"},\"thumbnailUrl\":\"https:\\\/\\\/lightweb.dev\\\/l\\\/svm-temp\\\/wp-content\\\/uploads\\\/2023\\\/07\\\/F1wasOcWAAId5Qd-stor.jpeg\",\"datePublished\":\"2023-07-23T18:37:36+00:00\",\"dateModified\":\"2023-07-24T14:24:19+00:00\",\"description\":\"Alberto N\u00fa\u00f1ez Feij\u00f3o och Partido Popular f\u00e5r flest r\u00f6ster och h\u00f6gerblocket f\u00e5r egen majoritet. Det var vad vallokalsunders\u00f6kningarna som publicerades klockan 20 p\u00e5 s\u00f6ndagen visade.\",\"breadcrumb\":{\"@id\":\"https:\\\/\\\/lightweb.dev\\\/l\\\/svm-temp\\\/nyheter\\\/alberto-nunez-feijoo-och-partido-popular-vinner-blir-beroende-av-vox\\\/#breadcrumb\"},\"inLanguage\":\"sv-SE\",\"potentialAction\":[{\"@type\":\"ReadAction\",\"target\":[\"https:\\\/\\\/lightweb.dev\\\/l\\\/svm-temp\\\/nyheter\\\/alberto-nunez-feijoo-och-partido-popular-vinner-blir-beroende-av-vox\\\/\"]}]},{\"@type\":\"ImageObject\",\"inLanguage\":\"sv-SE\",\"@id\":\"https:\\\/\\\/lightweb.dev\\\/l\\\/svm-temp\\\/nyheter\\\/alberto-nunez-feijoo-och-partido-popular-vinner-blir-beroende-av-vox\\\/#primaryimage\",\"url\":\"https:\\\/\\\/lightweb.dev\\\/l\\\/svm-temp\\\/wp-content\\\/uploads\\\/2023\\\/07\\\/F1wasOcWAAId5Qd-stor.jpeg\",\"contentUrl\":\"https:\\\/\\\/lightweb.dev\\\/l\\\/svm-temp\\\/wp-content\\\/uploads\\\/2023\\\/07\\\/F1wasOcWAAId5Qd-stor.jpeg\",\"width\":1280,\"height\":853,\"caption\":\"(Foto: Partido Popular)\"},{\"@type\":\"BreadcrumbList\",\"@id\":\"https:\\\/\\\/lightweb.dev\\\/l\\\/svm-temp\\\/nyheter\\\/alberto-nunez-feijoo-och-partido-popular-vinner-blir-beroende-av-vox\\\/#breadcrumb\",\"itemListElement\":[{\"@type\":\"ListItem\",\"position\":1,\"name\":\"Hem\",\"item\":\"https:\\\/\\\/lightweb.dev\\\/l\\\/svm-temp\\\/\"},{\"@type\":\"ListItem\",\"position\":2,\"name\":\"Alberto N\u00fa\u00f1ez Feij\u00f3o och Partido Popular vinner &#8211; inget av blocken f\u00e5r egen majoritet\"}]},{\"@type\":\"WebSite\",\"@id\":\"https:\\\/\\\/lightweb.dev\\\/l\\\/svm-temp\\\/#website\",\"url\":\"https:\\\/\\\/lightweb.dev\\\/l\\\/svm-temp\\\/\",\"name\":\"Svenska Magasinet\",\"description\":\"Dina Spanska nyheter p&aring; Svenska\",\"publisher\":{\"@id\":\"https:\\\/\\\/lightweb.dev\\\/l\\\/svm-temp\\\/#organization\"},\"potentialAction\":[{\"@type\":\"SearchAction\",\"target\":{\"@type\":\"EntryPoint\",\"urlTemplate\":\"https:\\\/\\\/lightweb.dev\\\/l\\\/svm-temp\\\/?s={search_term_string}\"},\"query-input\":{\"@type\":\"PropertyValueSpecification\",\"valueRequired\":true,\"valueName\":\"search_term_string\"}}],\"inLanguage\":\"sv-SE\"},{\"@type\":\"Organization\",\"@id\":\"https:\\\/\\\/lightweb.dev\\\/l\\\/svm-temp\\\/#organization\",\"name\":\"Melkerson y Nott SL\",\"alternateName\":\"Svenska Magasinet\",\"url\":\"https:\\\/\\\/lightweb.dev\\\/l\\\/svm-temp\\\/\",\"logo\":{\"@type\":\"ImageObject\",\"inLanguage\":\"sv-SE\",\"@id\":\"https:\\\/\\\/lightweb.dev\\\/l\\\/svm-temp\\\/#\\\/schema\\\/logo\\\/image\\\/\",\"url\":\"https:\\\/\\\/lightweb.dev\\\/l\\\/svm-temp\\\/wp-content\\\/uploads\\\/2025\\\/02\\\/SvM-logo-Xtra-Centrerad-SVART.png\",\"contentUrl\":\"https:\\\/\\\/lightweb.dev\\\/l\\\/svm-temp\\\/wp-content\\\/uploads\\\/2025\\\/02\\\/SvM-logo-Xtra-Centrerad-SVART.png\",\"width\":300,\"height\":99,\"caption\":\"Melkerson y Nott SL\"},\"image\":{\"@id\":\"https:\\\/\\\/lightweb.dev\\\/l\\\/svm-temp\\\/#\\\/schema\\\/logo\\\/image\\\/\"},\"sameAs\":[\"https:\\\/\\\/www.facebook.com\\\/svenskamagasinet\",\"https:\\\/\\\/x.com\\\/SvenskaMagasine\"]},{\"@type\":\"Person\",\"@id\":\"https:\\\/\\\/lightweb.dev\\\/l\\\/svm-temp\\\/#\\\/schema\\\/person\\\/7a82b8a73d171d32360a564b6d03508e\",\"name\":\"Ola Josefsson\",\"description\":\"Bevakar Solkusten och Spanien sedan 1994.\",\"sameAs\":[\"https:\\\/\\\/lightweb.dev\\\/l\\\/svm-temp\"],\"url\":\"https:\\\/\\\/lightweb.dev\\\/l\\\/svm-temp\\\/reporter\\\/ola-josefsson\\\/\"}]}<\/script>\n<!-- \/ Yoast SEO Premium plugin. -->","yoast_head_json":{"title":"Alberto N\u00fa\u00f1ez Feij\u00f3o och Partido Popular vinner - inget av blocken f\u00e5r egen majoritet - Svenska Magasinet","description":"Alberto N\u00fa\u00f1ez Feij\u00f3o och Partido Popular f\u00e5r flest r\u00f6ster och h\u00f6gerblocket f\u00e5r egen majoritet. Det var vad vallokalsunders\u00f6kningarna som publicerades klockan 20 p\u00e5 s\u00f6ndagen visade.","robots":{"index":"noindex","follow":"follow","max-snippet":"max-snippet:-1","max-image-preview":"max-image-preview:large","max-video-preview":"max-video-preview:-1"},"og_locale":"sv_SE","og_type":"article","og_title":"Alberto N\u00fa\u00f1ez Feij\u00f3o och Partido Popular vinner - inget av blocken f\u00e5r egen majoritet","og_description":"Alberto N\u00fa\u00f1ez Feij\u00f3o och Partido Popular f\u00e5r flest r\u00f6ster och h\u00f6gerblocket f\u00e5r egen majoritet. Det var vad vallokalsunders\u00f6kningarna som publicerades klockan 20 p\u00e5 s\u00f6ndagen visade.","og_url":"https:\/\/lightweb.dev\/l\/svm-temp\/nyheter\/alberto-nunez-feijoo-och-partido-popular-vinner-blir-beroende-av-vox\/","og_site_name":"Svenska Magasinet","article_publisher":"https:\/\/www.facebook.com\/svenskamagasinet","article_published_time":"2023-07-23T18:37:36+00:00","article_modified_time":"2023-07-24T14:24:19+00:00","og_image":[{"width":1280,"height":853,"url":"https:\/\/lightweb.dev\/l\/svm-temp\/wp-content\/uploads\/2023\/07\/F1wasOcWAAId5Qd-stor.jpeg","type":"image\/jpeg"}],"author":"Ola Josefsson","twitter_card":"summary_large_image","twitter_creator":"@SvenskaMagasine","twitter_site":"@SvenskaMagasine","schema":{"@context":"https:\/\/schema.org","@graph":[{"@type":"Article","@id":"https:\/\/lightweb.dev\/l\/svm-temp\/nyheter\/alberto-nunez-feijoo-och-partido-popular-vinner-blir-beroende-av-vox\/#article","isPartOf":{"@id":"https:\/\/lightweb.dev\/l\/svm-temp\/nyheter\/alberto-nunez-feijoo-och-partido-popular-vinner-blir-beroende-av-vox\/"},"author":{"name":"Ola Josefsson","@id":"https:\/\/lightweb.dev\/l\/svm-temp\/#\/schema\/person\/7a82b8a73d171d32360a564b6d03508e"},"headline":"Alberto N\u00fa\u00f1ez Feij\u00f3o och Partido Popular vinner &#8211; inget av blocken f\u00e5r egen majoritet","datePublished":"2023-07-23T18:37:36+00:00","dateModified":"2023-07-24T14:24:19+00:00","mainEntityOfPage":{"@id":"https:\/\/lightweb.dev\/l\/svm-temp\/nyheter\/alberto-nunez-feijoo-och-partido-popular-vinner-blir-beroende-av-vox\/"},"wordCount":339,"commentCount":1,"publisher":{"@id":"https:\/\/lightweb.dev\/l\/svm-temp\/#organization"},"image":{"@id":"https:\/\/lightweb.dev\/l\/svm-temp\/nyheter\/alberto-nunez-feijoo-och-partido-popular-vinner-blir-beroende-av-vox\/#primaryimage"},"thumbnailUrl":"https:\/\/lightweb.dev\/l\/svm-temp\/wp-content\/uploads\/2023\/07\/F1wasOcWAAId5Qd-stor.jpeg","articleSection":["Arkiv","Nyheter"],"inLanguage":"sv-SE"},{"@type":"WebPage","@id":"https:\/\/lightweb.dev\/l\/svm-temp\/nyheter\/alberto-nunez-feijoo-och-partido-popular-vinner-blir-beroende-av-vox\/","url":"https:\/\/lightweb.dev\/l\/svm-temp\/nyheter\/alberto-nunez-feijoo-och-partido-popular-vinner-blir-beroende-av-vox\/","name":"Alberto N\u00fa\u00f1ez Feij\u00f3o och Partido Popular vinner - inget av blocken f\u00e5r egen majoritet - Svenska Magasinet","isPartOf":{"@id":"https:\/\/lightweb.dev\/l\/svm-temp\/#website"},"primaryImageOfPage":{"@id":"https:\/\/lightweb.dev\/l\/svm-temp\/nyheter\/alberto-nunez-feijoo-och-partido-popular-vinner-blir-beroende-av-vox\/#primaryimage"},"image":{"@id":"https:\/\/lightweb.dev\/l\/svm-temp\/nyheter\/alberto-nunez-feijoo-och-partido-popular-vinner-blir-beroende-av-vox\/#primaryimage"},"thumbnailUrl":"https:\/\/lightweb.dev\/l\/svm-temp\/wp-content\/uploads\/2023\/07\/F1wasOcWAAId5Qd-stor.jpeg","datePublished":"2023-07-23T18:37:36+00:00","dateModified":"2023-07-24T14:24:19+00:00","description":"Alberto N\u00fa\u00f1ez Feij\u00f3o och Partido Popular f\u00e5r flest r\u00f6ster och h\u00f6gerblocket f\u00e5r egen majoritet. Det var vad vallokalsunders\u00f6kningarna som publicerades klockan 20 p\u00e5 s\u00f6ndagen visade.","breadcrumb":{"@id":"https:\/\/lightweb.dev\/l\/svm-temp\/nyheter\/alberto-nunez-feijoo-och-partido-popular-vinner-blir-beroende-av-vox\/#breadcrumb"},"inLanguage":"sv-SE","potentialAction":[{"@type":"ReadAction","target":["https:\/\/lightweb.dev\/l\/svm-temp\/nyheter\/alberto-nunez-feijoo-och-partido-popular-vinner-blir-beroende-av-vox\/"]}]},{"@type":"ImageObject","inLanguage":"sv-SE","@id":"https:\/\/lightweb.dev\/l\/svm-temp\/nyheter\/alberto-nunez-feijoo-och-partido-popular-vinner-blir-beroende-av-vox\/#primaryimage","url":"https:\/\/lightweb.dev\/l\/svm-temp\/wp-content\/uploads\/2023\/07\/F1wasOcWAAId5Qd-stor.jpeg","contentUrl":"https:\/\/lightweb.dev\/l\/svm-temp\/wp-content\/uploads\/2023\/07\/F1wasOcWAAId5Qd-stor.jpeg","width":1280,"height":853,"caption":"(Foto: Partido Popular)"},{"@type":"BreadcrumbList","@id":"https:\/\/lightweb.dev\/l\/svm-temp\/nyheter\/alberto-nunez-feijoo-och-partido-popular-vinner-blir-beroende-av-vox\/#breadcrumb","itemListElement":[{"@type":"ListItem","position":1,"name":"Hem","item":"https:\/\/lightweb.dev\/l\/svm-temp\/"},{"@type":"ListItem","position":2,"name":"Alberto N\u00fa\u00f1ez Feij\u00f3o och Partido Popular vinner &#8211; inget av blocken f\u00e5r egen majoritet"}]},{"@type":"WebSite","@id":"https:\/\/lightweb.dev\/l\/svm-temp\/#website","url":"https:\/\/lightweb.dev\/l\/svm-temp\/","name":"Svenska Magasinet","description":"Dina Spanska nyheter p&aring; Svenska","publisher":{"@id":"https:\/\/lightweb.dev\/l\/svm-temp\/#organization"},"potentialAction":[{"@type":"SearchAction","target":{"@type":"EntryPoint","urlTemplate":"https:\/\/lightweb.dev\/l\/svm-temp\/?s={search_term_string}"},"query-input":{"@type":"PropertyValueSpecification","valueRequired":true,"valueName":"search_term_string"}}],"inLanguage":"sv-SE"},{"@type":"Organization","@id":"https:\/\/lightweb.dev\/l\/svm-temp\/#organization","name":"Melkerson y Nott SL","alternateName":"Svenska Magasinet","url":"https:\/\/lightweb.dev\/l\/svm-temp\/","logo":{"@type":"ImageObject","inLanguage":"sv-SE","@id":"https:\/\/lightweb.dev\/l\/svm-temp\/#\/schema\/logo\/image\/","url":"https:\/\/lightweb.dev\/l\/svm-temp\/wp-content\/uploads\/2025\/02\/SvM-logo-Xtra-Centrerad-SVART.png","contentUrl":"https:\/\/lightweb.dev\/l\/svm-temp\/wp-content\/uploads\/2025\/02\/SvM-logo-Xtra-Centrerad-SVART.png","width":300,"height":99,"caption":"Melkerson y Nott SL"},"image":{"@id":"https:\/\/lightweb.dev\/l\/svm-temp\/#\/schema\/logo\/image\/"},"sameAs":["https:\/\/www.facebook.com\/svenskamagasinet","https:\/\/x.com\/SvenskaMagasine"]},{"@type":"Person","@id":"https:\/\/lightweb.dev\/l\/svm-temp\/#\/schema\/person\/7a82b8a73d171d32360a564b6d03508e","name":"Ola Josefsson","description":"Bevakar Solkusten och Spanien sedan 1994.","sameAs":["https:\/\/lightweb.dev\/l\/svm-temp"],"url":"https:\/\/lightweb.dev\/l\/svm-temp\/reporter\/ola-josefsson\/"}]}},"_links":{"self":[{"href":"https:\/\/lightweb.dev\/l\/svm-temp\/wp-json\/wp\/v2\/posts\/65252","targetHints":{"allow":["GET"]}}],"collection":[{"href":"https:\/\/lightweb.dev\/l\/svm-temp\/wp-json\/wp\/v2\/posts"}],"about":[{"href":"https:\/\/lightweb.dev\/l\/svm-temp\/wp-json\/wp\/v2\/types\/post"}],"author":[{"embeddable":true,"href":"https:\/\/lightweb.dev\/l\/svm-temp\/wp-json\/wp\/v2\/users\/7"}],"replies":[{"embeddable":true,"href":"https:\/\/lightweb.dev\/l\/svm-temp\/wp-json\/wp\/v2\/comments?post=65252"}],"version-history":[{"count":0,"href":"https:\/\/lightweb.dev\/l\/svm-temp\/wp-json\/wp\/v2\/posts\/65252\/revisions"}],"wp:featuredmedia":[{"embeddable":true,"href":"https:\/\/lightweb.dev\/l\/svm-temp\/wp-json\/wp\/v2\/media\/65278"}],"wp:attachment":[{"href":"https:\/\/lightweb.dev\/l\/svm-temp\/wp-json\/wp\/v2\/media?parent=65252"}],"wp:term":[{"taxonomy":"category","embeddable":true,"href":"https:\/\/lightweb.dev\/l\/svm-temp\/wp-json\/wp\/v2\/categories?post=65252"},{"taxonomy":"post_tag","embeddable":true,"href":"https:\/\/lightweb.dev\/l\/svm-temp\/wp-json\/wp\/v2\/tags?post=65252"}],"curies":[{"name":"wp","href":"https:\/\/api.w.org\/{rel}","templated":true}]}}