{"id":65367,"date":"2023-07-27T15:19:33","date_gmt":"2023-07-27T13:19:33","guid":{"rendered":"https:\/\/lightweb.dev\/l\/svm-temp\/?p=65367"},"modified":"2023-07-27T16:34:13","modified_gmt":"2023-07-27T14:34:13","slug":"estepona-kan-bli-europas-stad-for-2023","status":"publish","type":"post","link":"https:\/\/lightweb.dev\/l\/svm-temp\/nyheter\/estepona-kan-bli-europas-stad-for-2023\/","title":{"rendered":"Estepona kan bli Europas Stad f\u00f6r 2023"},"content":{"rendered":"<p><strong>I finalen t\u00e4vlar man mot brittiskt och nederl\u00e4ndsk motst\u00e5nd om titeln \u00c5rets Europeiska Stad.\u00a0<\/strong><\/p>\n<p><span style=\"font-weight: 400;\">Estepona har nominerats som en av tre finalister f\u00f6r 2023 \u00e5rs Europeiska Stad. Den popul\u00e4ra turistorten t\u00e4vlar mot brittiska Exeter och nederl\u00e4ndska Amersfoot. Vinnaren utses av den Londonbaserade organisationen The Academy of Urbanism, som best\u00e5r av experter inom arkitektur och stadsplanering.\u00a0<\/span><\/p>\n<p><span style=\"font-weight: 400;\">Organisationen \u00e4r en icke vinstdrivande organisation vars syfte \u00e4r att uppm\u00e4rksamma olika st\u00e4der som \u201cpraktiserar god stadsplanering\u201d, uppger Esteponas stadshus. I september ska en delegation bes\u00f6ka staden f\u00f6r att utv\u00e4rdera dess livskvalitet, h\u00e5llbarhet, milj\u00f6, kulturutbud och infrastruktur.\u00a0<\/span><\/p>\n<p><span style=\"font-weight: 400;\">The Academy of Urbanism har pekat ut \u201cmodet\u201d som Estepona har visat i sin h\u00e4ngivelse till livskvalitet genom projektet Estepona, Garden of the Costa del Sol. Ett projekt f\u00f6r att f\u00f6rb\u00e4ttra staden p\u00e5 flera plan.<\/span><\/p>\n<p><span style=\"font-weight: 400;\">Stadens borgm\u00e4stare, Jos\u00e9 Mar\u00eda Garc\u00eda Urbano, sade att han var \u201cenormt stolt\u201d \u00f6ver nomineringen. Han kallar staden f\u00f6r \u201cett riktm\u00e4rke p\u00e5 europeisk niv\u00e5 n\u00e4r det g\u00e4ller h\u00e5llbar livsstil, modernitet och respekt f\u00f6r milj\u00f6n\u201d.\u00a0<\/span><\/p>\n<p><span style=\"font-weight: 400;\">Spanska st\u00e4der har vunnit f\u00f6rr<\/span><\/p>\n<p><span style=\"font-weight: 400;\">Bilbao kammade hem priset 2018 och San Sebastian vann 2016. Priset har delats ut sedan 2007. Bland de tidigare vinnarna finns st\u00e4der som K\u00f6penhamn, Lissabon, Berlin, Edinburgh och Rotterdam.\u00a0<\/span><\/p>\n<p><span class=\"IKiy786g9G52hSFqWB4NdsxVf03HXmQCAntLjR1uYZpokzPaO\"><\/p>\n<blockquote class=\"twitter-tweet\" data-width=\"550\" data-dnt=\"true\">\n<p lang=\"es\" dir=\"ltr\">\ud83c\udfc6\ud83d\udc4f\ud83c\udffb <a href=\"https:\/\/twitter.com\/hashtag\/Estepona?src=hash&amp;ref_src=twsrc%5Etfw\">#Estepona<\/a> ha sido elegida por la prestigiosa organizaci\u00f3n internacional The Academy of Urbanism como candidata a \u2018Ciudad Europea del A\u00f1o 2023\u2019.<\/p>\n<p>El galard\u00f3n es concedido por esta entidad independiente, que reconoce las buenas pr\u00e1cticas urban\u00edsticas.<a href=\"https:\/\/t.co\/MX4iEb1Caz\">https:\/\/t.co\/MX4iEb1Caz<\/a> <a href=\"https:\/\/t.co\/HqV89Kd4qc\">pic.twitter.com\/HqV89Kd4qc<\/a><\/p>\n<p>&mdash; Ayto de Estepona (@AytoEstepona) <a href=\"https:\/\/twitter.com\/AytoEstepona\/status\/1682017536521703426?ref_src=twsrc%5Etfw\">July 20, 2023<\/a><\/p><\/blockquote>\n<p><script async src=\"https:\/\/platform.twitter.com\/widgets.js\" charset=\"utf-8\"><\/script><\/span><\/p>\n","protected":false},"excerpt":{"rendered":"<p>I finalen t\u00e4vlar Estepona mot brittiskt och nederl\u00e4ndsk motst\u00e5nd om titeln \u00c5rets Europeiska Stad.\u00a0<\/p>\n","protected":false},"author":14,"featured_media":65384,"comment_status":"open","ping_status":"closed","sticky":false,"template":"","format":"standard","meta":{"_et_pb_use_builder":"","_et_pb_old_content":"","_et_gb_content_width":"","footnotes":""},"categories":[395,3],"tags":[],"class_list":["post-65367","post","type-post","status-publish","format-standard","has-post-thumbnail","hentry","category-arkiv-nyheter","category-nyheter"],"yoast_head":"<!-- This site is optimized with the Yoast SEO Premium plugin v26.2 (Yoast SEO v27.4) - https:\/\/yoast.com\/product\/yoast-seo-premium-wordpress\/ -->\n<title>Estepona kan bli Europas Stad f\u00f6r 2023 - Svenska Magasinet<\/title>\n<meta name=\"robots\" content=\"noindex, follow, max-snippet:-1, max-image-preview:large, max-video-preview:-1\" \/>\n<meta property=\"og:locale\" content=\"sv_SE\" \/>\n<meta property=\"og:type\" content=\"article\" \/>\n<meta property=\"og:title\" content=\"Estepona kan bli Europas Stad f\u00f6r 2023\" \/>\n<meta property=\"og:description\" content=\"I finalen t\u00e4vlar Estepona mot brittiskt och nederl\u00e4ndsk motst\u00e5nd om titeln \u00c5rets Europeiska Stad.\u00a0\" \/>\n<meta property=\"og:url\" content=\"https:\/\/lightweb.dev\/l\/svm-temp\/nyheter\/estepona-kan-bli-europas-stad-for-2023\/\" \/>\n<meta property=\"og:site_name\" content=\"Svenska Magasinet\" \/>\n<meta property=\"article:publisher\" content=\"https:\/\/www.facebook.com\/svenskamagasinet\" \/>\n<meta property=\"article:published_time\" content=\"2023-07-27T13:19:33+00:00\" \/>\n<meta property=\"article:modified_time\" content=\"2023-07-27T14:34:13+00:00\" \/>\n<meta property=\"og:image\" content=\"https:\/\/lightweb.dev\/l\/svm-temp\/wp-content\/uploads\/2023\/07\/F1e6AwlaEAAenLH-stor.jpeg\" \/>\n\t<meta property=\"og:image:width\" content=\"1280\" \/>\n\t<meta property=\"og:image:height\" content=\"853\" \/>\n\t<meta property=\"og:image:type\" content=\"image\/jpeg\" \/>\n<meta name=\"author\" content=\"Robbie Eriksson\" \/>\n<meta name=\"twitter:card\" content=\"summary_large_image\" \/>\n<meta name=\"twitter:creator\" content=\"@SvenskaMagasine\" \/>\n<meta name=\"twitter:site\" content=\"@SvenskaMagasine\" \/>\n<script type=\"application\/ld+json\" class=\"yoast-schema-graph\">{\"@context\":\"https:\\\/\\\/schema.org\",\"@graph\":[{\"@type\":\"Article\",\"@id\":\"https:\\\/\\\/lightweb.dev\\\/l\\\/svm-temp\\\/nyheter\\\/estepona-kan-bli-europas-stad-for-2023\\\/#article\",\"isPartOf\":{\"@id\":\"https:\\\/\\\/lightweb.dev\\\/l\\\/svm-temp\\\/nyheter\\\/estepona-kan-bli-europas-stad-for-2023\\\/\"},\"author\":{\"name\":\"Robbie Eriksson\",\"@id\":\"https:\\\/\\\/lightweb.dev\\\/l\\\/svm-temp\\\/#\\\/schema\\\/person\\\/caffe038990d25722f5a04a03c906a2b\"},\"headline\":\"Estepona kan bli Europas Stad f\u00f6r 2023\",\"datePublished\":\"2023-07-27T13:19:33+00:00\",\"dateModified\":\"2023-07-27T14:34:13+00:00\",\"mainEntityOfPage\":{\"@id\":\"https:\\\/\\\/lightweb.dev\\\/l\\\/svm-temp\\\/nyheter\\\/estepona-kan-bli-europas-stad-for-2023\\\/\"},\"wordCount\":237,\"commentCount\":0,\"publisher\":{\"@id\":\"https:\\\/\\\/lightweb.dev\\\/l\\\/svm-temp\\\/#organization\"},\"image\":{\"@id\":\"https:\\\/\\\/lightweb.dev\\\/l\\\/svm-temp\\\/nyheter\\\/estepona-kan-bli-europas-stad-for-2023\\\/#primaryimage\"},\"thumbnailUrl\":\"https:\\\/\\\/lightweb.dev\\\/l\\\/svm-temp\\\/wp-content\\\/uploads\\\/2023\\\/07\\\/F1e6AwlaEAAenLH-stor.jpeg\",\"articleSection\":[\"Arkiv\",\"Nyheter\"],\"inLanguage\":\"sv-SE\"},{\"@type\":\"WebPage\",\"@id\":\"https:\\\/\\\/lightweb.dev\\\/l\\\/svm-temp\\\/nyheter\\\/estepona-kan-bli-europas-stad-for-2023\\\/\",\"url\":\"https:\\\/\\\/lightweb.dev\\\/l\\\/svm-temp\\\/nyheter\\\/estepona-kan-bli-europas-stad-for-2023\\\/\",\"name\":\"Estepona kan bli Europas Stad f\u00f6r 2023 - Svenska Magasinet\",\"isPartOf\":{\"@id\":\"https:\\\/\\\/lightweb.dev\\\/l\\\/svm-temp\\\/#website\"},\"primaryImageOfPage\":{\"@id\":\"https:\\\/\\\/lightweb.dev\\\/l\\\/svm-temp\\\/nyheter\\\/estepona-kan-bli-europas-stad-for-2023\\\/#primaryimage\"},\"image\":{\"@id\":\"https:\\\/\\\/lightweb.dev\\\/l\\\/svm-temp\\\/nyheter\\\/estepona-kan-bli-europas-stad-for-2023\\\/#primaryimage\"},\"thumbnailUrl\":\"https:\\\/\\\/lightweb.dev\\\/l\\\/svm-temp\\\/wp-content\\\/uploads\\\/2023\\\/07\\\/F1e6AwlaEAAenLH-stor.jpeg\",\"datePublished\":\"2023-07-27T13:19:33+00:00\",\"dateModified\":\"2023-07-27T14:34:13+00:00\",\"breadcrumb\":{\"@id\":\"https:\\\/\\\/lightweb.dev\\\/l\\\/svm-temp\\\/nyheter\\\/estepona-kan-bli-europas-stad-for-2023\\\/#breadcrumb\"},\"inLanguage\":\"sv-SE\",\"potentialAction\":[{\"@type\":\"ReadAction\",\"target\":[\"https:\\\/\\\/lightweb.dev\\\/l\\\/svm-temp\\\/nyheter\\\/estepona-kan-bli-europas-stad-for-2023\\\/\"]}]},{\"@type\":\"ImageObject\",\"inLanguage\":\"sv-SE\",\"@id\":\"https:\\\/\\\/lightweb.dev\\\/l\\\/svm-temp\\\/nyheter\\\/estepona-kan-bli-europas-stad-for-2023\\\/#primaryimage\",\"url\":\"https:\\\/\\\/lightweb.dev\\\/l\\\/svm-temp\\\/wp-content\\\/uploads\\\/2023\\\/07\\\/F1e6AwlaEAAenLH-stor.jpeg\",\"contentUrl\":\"https:\\\/\\\/lightweb.dev\\\/l\\\/svm-temp\\\/wp-content\\\/uploads\\\/2023\\\/07\\\/F1e6AwlaEAAenLH-stor.jpeg\",\"width\":1280,\"height\":853},{\"@type\":\"BreadcrumbList\",\"@id\":\"https:\\\/\\\/lightweb.dev\\\/l\\\/svm-temp\\\/nyheter\\\/estepona-kan-bli-europas-stad-for-2023\\\/#breadcrumb\",\"itemListElement\":[{\"@type\":\"ListItem\",\"position\":1,\"name\":\"Hem\",\"item\":\"https:\\\/\\\/lightweb.dev\\\/l\\\/svm-temp\\\/\"},{\"@type\":\"ListItem\",\"position\":2,\"name\":\"Estepona kan bli Europas Stad f\u00f6r 2023\"}]},{\"@type\":\"WebSite\",\"@id\":\"https:\\\/\\\/lightweb.dev\\\/l\\\/svm-temp\\\/#website\",\"url\":\"https:\\\/\\\/lightweb.dev\\\/l\\\/svm-temp\\\/\",\"name\":\"Svenska Magasinet\",\"description\":\"Dina Spanska nyheter p&aring; Svenska\",\"publisher\":{\"@id\":\"https:\\\/\\\/lightweb.dev\\\/l\\\/svm-temp\\\/#organization\"},\"potentialAction\":[{\"@type\":\"SearchAction\",\"target\":{\"@type\":\"EntryPoint\",\"urlTemplate\":\"https:\\\/\\\/lightweb.dev\\\/l\\\/svm-temp\\\/?s={search_term_string}\"},\"query-input\":{\"@type\":\"PropertyValueSpecification\",\"valueRequired\":true,\"valueName\":\"search_term_string\"}}],\"inLanguage\":\"sv-SE\"},{\"@type\":\"Organization\",\"@id\":\"https:\\\/\\\/lightweb.dev\\\/l\\\/svm-temp\\\/#organization\",\"name\":\"Melkerson y Nott SL\",\"alternateName\":\"Svenska Magasinet\",\"url\":\"https:\\\/\\\/lightweb.dev\\\/l\\\/svm-temp\\\/\",\"logo\":{\"@type\":\"ImageObject\",\"inLanguage\":\"sv-SE\",\"@id\":\"https:\\\/\\\/lightweb.dev\\\/l\\\/svm-temp\\\/#\\\/schema\\\/logo\\\/image\\\/\",\"url\":\"https:\\\/\\\/lightweb.dev\\\/l\\\/svm-temp\\\/wp-content\\\/uploads\\\/2025\\\/02\\\/SvM-logo-Xtra-Centrerad-SVART.png\",\"contentUrl\":\"https:\\\/\\\/lightweb.dev\\\/l\\\/svm-temp\\\/wp-content\\\/uploads\\\/2025\\\/02\\\/SvM-logo-Xtra-Centrerad-SVART.png\",\"width\":300,\"height\":99,\"caption\":\"Melkerson y Nott SL\"},\"image\":{\"@id\":\"https:\\\/\\\/lightweb.dev\\\/l\\\/svm-temp\\\/#\\\/schema\\\/logo\\\/image\\\/\"},\"sameAs\":[\"https:\\\/\\\/www.facebook.com\\\/svenskamagasinet\",\"https:\\\/\\\/x.com\\\/SvenskaMagasine\"]},{\"@type\":\"Person\",\"@id\":\"https:\\\/\\\/lightweb.dev\\\/l\\\/svm-temp\\\/#\\\/schema\\\/person\\\/caffe038990d25722f5a04a03c906a2b\",\"name\":\"Robbie Eriksson\",\"sameAs\":[\"https:\\\/\\\/lightweb.dev\\\/l\\\/svm-temp\"],\"url\":\"https:\\\/\\\/lightweb.dev\\\/l\\\/svm-temp\\\/reporter\\\/robbie-eriksson\\\/\"}]}<\/script>\n<!-- \/ Yoast SEO Premium plugin. -->","yoast_head_json":{"title":"Estepona kan bli Europas Stad f\u00f6r 2023 - Svenska Magasinet","robots":{"index":"noindex","follow":"follow","max-snippet":"max-snippet:-1","max-image-preview":"max-image-preview:large","max-video-preview":"max-video-preview:-1"},"og_locale":"sv_SE","og_type":"article","og_title":"Estepona kan bli Europas Stad f\u00f6r 2023","og_description":"I finalen t\u00e4vlar Estepona mot brittiskt och nederl\u00e4ndsk motst\u00e5nd om titeln \u00c5rets Europeiska Stad.\u00a0","og_url":"https:\/\/lightweb.dev\/l\/svm-temp\/nyheter\/estepona-kan-bli-europas-stad-for-2023\/","og_site_name":"Svenska Magasinet","article_publisher":"https:\/\/www.facebook.com\/svenskamagasinet","article_published_time":"2023-07-27T13:19:33+00:00","article_modified_time":"2023-07-27T14:34:13+00:00","og_image":[{"width":1280,"height":853,"url":"https:\/\/lightweb.dev\/l\/svm-temp\/wp-content\/uploads\/2023\/07\/F1e6AwlaEAAenLH-stor.jpeg","type":"image\/jpeg"}],"author":"Robbie Eriksson","twitter_card":"summary_large_image","twitter_creator":"@SvenskaMagasine","twitter_site":"@SvenskaMagasine","schema":{"@context":"https:\/\/schema.org","@graph":[{"@type":"Article","@id":"https:\/\/lightweb.dev\/l\/svm-temp\/nyheter\/estepona-kan-bli-europas-stad-for-2023\/#article","isPartOf":{"@id":"https:\/\/lightweb.dev\/l\/svm-temp\/nyheter\/estepona-kan-bli-europas-stad-for-2023\/"},"author":{"name":"Robbie Eriksson","@id":"https:\/\/lightweb.dev\/l\/svm-temp\/#\/schema\/person\/caffe038990d25722f5a04a03c906a2b"},"headline":"Estepona kan bli Europas Stad f\u00f6r 2023","datePublished":"2023-07-27T13:19:33+00:00","dateModified":"2023-07-27T14:34:13+00:00","mainEntityOfPage":{"@id":"https:\/\/lightweb.dev\/l\/svm-temp\/nyheter\/estepona-kan-bli-europas-stad-for-2023\/"},"wordCount":237,"commentCount":0,"publisher":{"@id":"https:\/\/lightweb.dev\/l\/svm-temp\/#organization"},"image":{"@id":"https:\/\/lightweb.dev\/l\/svm-temp\/nyheter\/estepona-kan-bli-europas-stad-for-2023\/#primaryimage"},"thumbnailUrl":"https:\/\/lightweb.dev\/l\/svm-temp\/wp-content\/uploads\/2023\/07\/F1e6AwlaEAAenLH-stor.jpeg","articleSection":["Arkiv","Nyheter"],"inLanguage":"sv-SE"},{"@type":"WebPage","@id":"https:\/\/lightweb.dev\/l\/svm-temp\/nyheter\/estepona-kan-bli-europas-stad-for-2023\/","url":"https:\/\/lightweb.dev\/l\/svm-temp\/nyheter\/estepona-kan-bli-europas-stad-for-2023\/","name":"Estepona kan bli Europas Stad f\u00f6r 2023 - Svenska Magasinet","isPartOf":{"@id":"https:\/\/lightweb.dev\/l\/svm-temp\/#website"},"primaryImageOfPage":{"@id":"https:\/\/lightweb.dev\/l\/svm-temp\/nyheter\/estepona-kan-bli-europas-stad-for-2023\/#primaryimage"},"image":{"@id":"https:\/\/lightweb.dev\/l\/svm-temp\/nyheter\/estepona-kan-bli-europas-stad-for-2023\/#primaryimage"},"thumbnailUrl":"https:\/\/lightweb.dev\/l\/svm-temp\/wp-content\/uploads\/2023\/07\/F1e6AwlaEAAenLH-stor.jpeg","datePublished":"2023-07-27T13:19:33+00:00","dateModified":"2023-07-27T14:34:13+00:00","breadcrumb":{"@id":"https:\/\/lightweb.dev\/l\/svm-temp\/nyheter\/estepona-kan-bli-europas-stad-for-2023\/#breadcrumb"},"inLanguage":"sv-SE","potentialAction":[{"@type":"ReadAction","target":["https:\/\/lightweb.dev\/l\/svm-temp\/nyheter\/estepona-kan-bli-europas-stad-for-2023\/"]}]},{"@type":"ImageObject","inLanguage":"sv-SE","@id":"https:\/\/lightweb.dev\/l\/svm-temp\/nyheter\/estepona-kan-bli-europas-stad-for-2023\/#primaryimage","url":"https:\/\/lightweb.dev\/l\/svm-temp\/wp-content\/uploads\/2023\/07\/F1e6AwlaEAAenLH-stor.jpeg","contentUrl":"https:\/\/lightweb.dev\/l\/svm-temp\/wp-content\/uploads\/2023\/07\/F1e6AwlaEAAenLH-stor.jpeg","width":1280,"height":853},{"@type":"BreadcrumbList","@id":"https:\/\/lightweb.dev\/l\/svm-temp\/nyheter\/estepona-kan-bli-europas-stad-for-2023\/#breadcrumb","itemListElement":[{"@type":"ListItem","position":1,"name":"Hem","item":"https:\/\/lightweb.dev\/l\/svm-temp\/"},{"@type":"ListItem","position":2,"name":"Estepona kan bli Europas Stad f\u00f6r 2023"}]},{"@type":"WebSite","@id":"https:\/\/lightweb.dev\/l\/svm-temp\/#website","url":"https:\/\/lightweb.dev\/l\/svm-temp\/","name":"Svenska Magasinet","description":"Dina Spanska nyheter p&aring; Svenska","publisher":{"@id":"https:\/\/lightweb.dev\/l\/svm-temp\/#organization"},"potentialAction":[{"@type":"SearchAction","target":{"@type":"EntryPoint","urlTemplate":"https:\/\/lightweb.dev\/l\/svm-temp\/?s={search_term_string}"},"query-input":{"@type":"PropertyValueSpecification","valueRequired":true,"valueName":"search_term_string"}}],"inLanguage":"sv-SE"},{"@type":"Organization","@id":"https:\/\/lightweb.dev\/l\/svm-temp\/#organization","name":"Melkerson y Nott SL","alternateName":"Svenska Magasinet","url":"https:\/\/lightweb.dev\/l\/svm-temp\/","logo":{"@type":"ImageObject","inLanguage":"sv-SE","@id":"https:\/\/lightweb.dev\/l\/svm-temp\/#\/schema\/logo\/image\/","url":"https:\/\/lightweb.dev\/l\/svm-temp\/wp-content\/uploads\/2025\/02\/SvM-logo-Xtra-Centrerad-SVART.png","contentUrl":"https:\/\/lightweb.dev\/l\/svm-temp\/wp-content\/uploads\/2025\/02\/SvM-logo-Xtra-Centrerad-SVART.png","width":300,"height":99,"caption":"Melkerson y Nott SL"},"image":{"@id":"https:\/\/lightweb.dev\/l\/svm-temp\/#\/schema\/logo\/image\/"},"sameAs":["https:\/\/www.facebook.com\/svenskamagasinet","https:\/\/x.com\/SvenskaMagasine"]},{"@type":"Person","@id":"https:\/\/lightweb.dev\/l\/svm-temp\/#\/schema\/person\/caffe038990d25722f5a04a03c906a2b","name":"Robbie Eriksson","sameAs":["https:\/\/lightweb.dev\/l\/svm-temp"],"url":"https:\/\/lightweb.dev\/l\/svm-temp\/reporter\/robbie-eriksson\/"}]}},"_links":{"self":[{"href":"https:\/\/lightweb.dev\/l\/svm-temp\/wp-json\/wp\/v2\/posts\/65367","targetHints":{"allow":["GET"]}}],"collection":[{"href":"https:\/\/lightweb.dev\/l\/svm-temp\/wp-json\/wp\/v2\/posts"}],"about":[{"href":"https:\/\/lightweb.dev\/l\/svm-temp\/wp-json\/wp\/v2\/types\/post"}],"author":[{"embeddable":true,"href":"https:\/\/lightweb.dev\/l\/svm-temp\/wp-json\/wp\/v2\/users\/14"}],"replies":[{"embeddable":true,"href":"https:\/\/lightweb.dev\/l\/svm-temp\/wp-json\/wp\/v2\/comments?post=65367"}],"version-history":[{"count":0,"href":"https:\/\/lightweb.dev\/l\/svm-temp\/wp-json\/wp\/v2\/posts\/65367\/revisions"}],"wp:featuredmedia":[{"embeddable":true,"href":"https:\/\/lightweb.dev\/l\/svm-temp\/wp-json\/wp\/v2\/media\/65384"}],"wp:attachment":[{"href":"https:\/\/lightweb.dev\/l\/svm-temp\/wp-json\/wp\/v2\/media?parent=65367"}],"wp:term":[{"taxonomy":"category","embeddable":true,"href":"https:\/\/lightweb.dev\/l\/svm-temp\/wp-json\/wp\/v2\/categories?post=65367"},{"taxonomy":"post_tag","embeddable":true,"href":"https:\/\/lightweb.dev\/l\/svm-temp\/wp-json\/wp\/v2\/tags?post=65367"}],"curies":[{"name":"wp","href":"https:\/\/api.w.org\/{rel}","templated":true}]}}