{"id":65370,"date":"2023-07-27T15:22:37","date_gmt":"2023-07-27T13:22:37","guid":{"rendered":"https:\/\/lightweb.dev\/l\/svm-temp\/?p=65370"},"modified":"2023-07-27T16:22:17","modified_gmt":"2023-07-27T14:22:17","slug":"malagas-fyr-utnamnt-till-kulturellt-landmarke","status":"publish","type":"post","link":"https:\/\/lightweb.dev\/l\/svm-temp\/nyheter\/malagas-fyr-utnamnt-till-kulturellt-landmarke\/","title":{"rendered":"M\u00e1lagas fyr utn\u00e4mnt till kulturellt landm\u00e4rke"},"content":{"rendered":"<p><strong>Den v\u00e4lk\u00e4nda fyren vid M\u00e1lagas hamn har utn\u00e4mnts som en tillg\u00e5ng f\u00f6r kulturellt intresse, eller en Bien de Inter\u00e9s Cultural (BIC).<\/strong><\/p>\n<p><strong>Byggnaden La Farola de M\u00e1laga kan nu officiellt kallas ett monument efter att Spaniens regering godk\u00e4nt ett kungligt dekret tidigare i veckan.\u00a0<\/strong><\/p>\n<p><span style=\"font-weight: 400;\">Enligt Kulturministeriet \u00e4r La Farola \u201cen av stadens mest betydande symboler, och har gett sitt namn till gatan den st\u00e5r p\u00e5\u201d samtidigt som den \u201cutf\u00f6r viktigt signaleringsarbete f\u00f6r stadens marina aktivitet\u201d.<\/span><\/p>\n<p><span style=\"font-weight: 400;\">Regeringen slog fast att utm\u00e4rkelsen fr\u00e4mst handlar om att skydda byggnadens \u201chistoriska, konstn\u00e4rliga och tekniska betydelse\u201d. Detta betyder att alla framtida byggprojekt i n\u00e4rheten av fasaden m\u00e5ste ha den i \u00e5tanke. Denna utm\u00e4rkelse kommer dock inte att p\u00e5verka planerna p\u00e5 ett 27-v\u00e5ningshotell som ska byggas i den n\u00e4rliggande Levantehamnen. Projektet \u00e4r k\u00e4nt som Torre del Puerto.\u00a0<\/span><\/p>\n<p><span style=\"font-weight: 400;\">Fyren byggdes 1817 och \u00e4r en av landets \u00e4ldsta. Den designades av Joaqu\u00edn Mar\u00eda Pery y Guzm\u00e1n. Tornet str\u00e4cker sig 38 meter \u00f6ver havsytan och dess lampor ska vara synliga fr\u00e5n l\u00e4ngre \u00e4n 25 sj\u00f6mil bort. Genom \u00e5ren har den skadats av jordb\u00e4vningar och \u00e4ven under det spanska inb\u00f6rdeskriget.<\/span><\/p>\n<p><span class=\"MYAkZBsvpfL54z2VT7cjPwNRgKU0WDFXSIH6Oh8dQEqmt\"><\/p>\n<blockquote class=\"twitter-tweet\" data-width=\"550\" data-dnt=\"true\">\n<p lang=\"es\" dir=\"ltr\">\ud83d\udca1El Consejo de Ministros declara <a href=\"https:\/\/twitter.com\/hashtag\/BIC?src=hash&amp;ref_src=twsrc%5Etfw\">#BIC<\/a> la Farola de <a href=\"https:\/\/twitter.com\/hashtag\/M%C3%A1laga?src=hash&amp;ref_src=twsrc%5Etfw\">#M\u00e1laga<\/a> en la categor\u00eda de Monumento\u2063<\/p>\n<p>\u2705Esta declaraci\u00f3n persigue la protecci\u00f3n patrimonial de los valores hist\u00f3ricos, art\u00edsticos y t\u00e9cnicos de uno de los s\u00edmbolos m\u00e1s significativos de la ciudad<a href=\"https:\/\/twitter.com\/hashtag\/CMin?src=hash&amp;ref_src=twsrc%5Etfw\">#CMin<\/a><a href=\"https:\/\/t.co\/fOK9PVlAh8\">https:\/\/t.co\/fOK9PVlAh8<\/a> <a href=\"https:\/\/t.co\/pa4EXyH5Mv\">pic.twitter.com\/pa4EXyH5Mv<\/a><\/p>\n<p>&mdash; Ministerio de Cultura y Deporte (@culturagob) <a href=\"https:\/\/twitter.com\/culturagob\/status\/1683812777616343040?ref_src=twsrc%5Etfw\">July 25, 2023<\/a><\/p><\/blockquote>\n<p><script async src=\"https:\/\/platform.twitter.com\/widgets.js\" charset=\"utf-8\"><\/script><\/span><\/p>\n","protected":false},"excerpt":{"rendered":"<p>Den v\u00e4lk\u00e4nda fyren vid Malagas hamn har utn\u00e4mnts som en tillg\u00e5ng f\u00f6r kulturellt intresse, eller en Bien de Inter\u00e9s Cultural (BIC)&#8230;<\/p>\n","protected":false},"author":14,"featured_media":20222,"comment_status":"open","ping_status":"closed","sticky":false,"template":"","format":"standard","meta":{"_et_pb_use_builder":"","_et_pb_old_content":"","_et_gb_content_width":"","footnotes":""},"categories":[395,3],"tags":[],"class_list":["post-65370","post","type-post","status-publish","format-standard","has-post-thumbnail","hentry","category-arkiv-nyheter","category-nyheter"],"yoast_head":"<!-- This site is optimized with the Yoast SEO Premium plugin v26.2 (Yoast SEO v27.4) - https:\/\/yoast.com\/product\/yoast-seo-premium-wordpress\/ -->\n<title>M\u00e1lagas fyr utn\u00e4mnt till kulturellt landm\u00e4rke - Svenska Magasinet<\/title>\n<meta name=\"description\" content=\"Den v\u00e4lk\u00e4nda fyren vid Malagas hamn har utn\u00e4mnts som en tillg\u00e5ng f\u00f6r kulturellt intresse, eller en Bien de Inter\u00e9s Cultural (BIC).\" \/>\n<meta name=\"robots\" content=\"noindex, follow, max-snippet:-1, max-image-preview:large, max-video-preview:-1\" \/>\n<meta property=\"og:locale\" content=\"sv_SE\" \/>\n<meta property=\"og:type\" content=\"article\" \/>\n<meta property=\"og:title\" content=\"M\u00e1lagas fyr utn\u00e4mnt till kulturellt landm\u00e4rke\" \/>\n<meta property=\"og:description\" content=\"Den v\u00e4lk\u00e4nda fyren vid Malagas hamn har utn\u00e4mnts som en tillg\u00e5ng f\u00f6r kulturellt intresse, eller en Bien de Inter\u00e9s Cultural (BIC).\" \/>\n<meta property=\"og:url\" content=\"https:\/\/lightweb.dev\/l\/svm-temp\/nyheter\/malagas-fyr-utnamnt-till-kulturellt-landmarke\/\" \/>\n<meta property=\"og:site_name\" content=\"Svenska Magasinet\" \/>\n<meta property=\"article:publisher\" content=\"https:\/\/www.facebook.com\/svenskamagasinet\" \/>\n<meta property=\"article:published_time\" content=\"2023-07-27T13:22:37+00:00\" \/>\n<meta property=\"article:modified_time\" content=\"2023-07-27T14:22:17+00:00\" \/>\n<meta property=\"og:image\" content=\"https:\/\/lightweb.dev\/l\/svm-temp\/wp-content\/uploads\/2022\/06\/la-farola-fyller-idag-200-ar.png\" \/>\n\t<meta property=\"og:image:width\" content=\"299\" \/>\n\t<meta property=\"og:image:height\" content=\"200\" \/>\n\t<meta property=\"og:image:type\" content=\"image\/png\" \/>\n<meta name=\"author\" content=\"Robbie Eriksson\" \/>\n<meta name=\"twitter:card\" content=\"summary_large_image\" \/>\n<meta name=\"twitter:creator\" content=\"@SvenskaMagasine\" \/>\n<meta name=\"twitter:site\" content=\"@SvenskaMagasine\" \/>\n<script type=\"application\/ld+json\" class=\"yoast-schema-graph\">{\"@context\":\"https:\\\/\\\/schema.org\",\"@graph\":[{\"@type\":\"Article\",\"@id\":\"https:\\\/\\\/lightweb.dev\\\/l\\\/svm-temp\\\/nyheter\\\/malagas-fyr-utnamnt-till-kulturellt-landmarke\\\/#article\",\"isPartOf\":{\"@id\":\"https:\\\/\\\/lightweb.dev\\\/l\\\/svm-temp\\\/nyheter\\\/malagas-fyr-utnamnt-till-kulturellt-landmarke\\\/\"},\"author\":{\"name\":\"Robbie Eriksson\",\"@id\":\"https:\\\/\\\/lightweb.dev\\\/l\\\/svm-temp\\\/#\\\/schema\\\/person\\\/caffe038990d25722f5a04a03c906a2b\"},\"headline\":\"M\u00e1lagas fyr utn\u00e4mnt till kulturellt landm\u00e4rke\",\"datePublished\":\"2023-07-27T13:22:37+00:00\",\"dateModified\":\"2023-07-27T14:22:17+00:00\",\"mainEntityOfPage\":{\"@id\":\"https:\\\/\\\/lightweb.dev\\\/l\\\/svm-temp\\\/nyheter\\\/malagas-fyr-utnamnt-till-kulturellt-landmarke\\\/\"},\"wordCount\":224,\"commentCount\":2,\"publisher\":{\"@id\":\"https:\\\/\\\/lightweb.dev\\\/l\\\/svm-temp\\\/#organization\"},\"image\":{\"@id\":\"https:\\\/\\\/lightweb.dev\\\/l\\\/svm-temp\\\/nyheter\\\/malagas-fyr-utnamnt-till-kulturellt-landmarke\\\/#primaryimage\"},\"thumbnailUrl\":\"https:\\\/\\\/lightweb.dev\\\/l\\\/svm-temp\\\/wp-content\\\/uploads\\\/2022\\\/06\\\/la-farola-fyller-idag-200-ar.png\",\"articleSection\":[\"Arkiv\",\"Nyheter\"],\"inLanguage\":\"sv-SE\"},{\"@type\":\"WebPage\",\"@id\":\"https:\\\/\\\/lightweb.dev\\\/l\\\/svm-temp\\\/nyheter\\\/malagas-fyr-utnamnt-till-kulturellt-landmarke\\\/\",\"url\":\"https:\\\/\\\/lightweb.dev\\\/l\\\/svm-temp\\\/nyheter\\\/malagas-fyr-utnamnt-till-kulturellt-landmarke\\\/\",\"name\":\"M\u00e1lagas fyr utn\u00e4mnt till kulturellt landm\u00e4rke - Svenska Magasinet\",\"isPartOf\":{\"@id\":\"https:\\\/\\\/lightweb.dev\\\/l\\\/svm-temp\\\/#website\"},\"primaryImageOfPage\":{\"@id\":\"https:\\\/\\\/lightweb.dev\\\/l\\\/svm-temp\\\/nyheter\\\/malagas-fyr-utnamnt-till-kulturellt-landmarke\\\/#primaryimage\"},\"image\":{\"@id\":\"https:\\\/\\\/lightweb.dev\\\/l\\\/svm-temp\\\/nyheter\\\/malagas-fyr-utnamnt-till-kulturellt-landmarke\\\/#primaryimage\"},\"thumbnailUrl\":\"https:\\\/\\\/lightweb.dev\\\/l\\\/svm-temp\\\/wp-content\\\/uploads\\\/2022\\\/06\\\/la-farola-fyller-idag-200-ar.png\",\"datePublished\":\"2023-07-27T13:22:37+00:00\",\"dateModified\":\"2023-07-27T14:22:17+00:00\",\"description\":\"Den v\u00e4lk\u00e4nda fyren vid Malagas hamn har utn\u00e4mnts som en tillg\u00e5ng f\u00f6r kulturellt intresse, eller en Bien de Inter\u00e9s Cultural (BIC).\",\"breadcrumb\":{\"@id\":\"https:\\\/\\\/lightweb.dev\\\/l\\\/svm-temp\\\/nyheter\\\/malagas-fyr-utnamnt-till-kulturellt-landmarke\\\/#breadcrumb\"},\"inLanguage\":\"sv-SE\",\"potentialAction\":[{\"@type\":\"ReadAction\",\"target\":[\"https:\\\/\\\/lightweb.dev\\\/l\\\/svm-temp\\\/nyheter\\\/malagas-fyr-utnamnt-till-kulturellt-landmarke\\\/\"]}]},{\"@type\":\"ImageObject\",\"inLanguage\":\"sv-SE\",\"@id\":\"https:\\\/\\\/lightweb.dev\\\/l\\\/svm-temp\\\/nyheter\\\/malagas-fyr-utnamnt-till-kulturellt-landmarke\\\/#primaryimage\",\"url\":\"https:\\\/\\\/lightweb.dev\\\/l\\\/svm-temp\\\/wp-content\\\/uploads\\\/2022\\\/06\\\/la-farola-fyller-idag-200-ar.png\",\"contentUrl\":\"https:\\\/\\\/lightweb.dev\\\/l\\\/svm-temp\\\/wp-content\\\/uploads\\\/2022\\\/06\\\/la-farola-fyller-idag-200-ar.png\",\"width\":299,\"height\":200},{\"@type\":\"BreadcrumbList\",\"@id\":\"https:\\\/\\\/lightweb.dev\\\/l\\\/svm-temp\\\/nyheter\\\/malagas-fyr-utnamnt-till-kulturellt-landmarke\\\/#breadcrumb\",\"itemListElement\":[{\"@type\":\"ListItem\",\"position\":1,\"name\":\"Hem\",\"item\":\"https:\\\/\\\/lightweb.dev\\\/l\\\/svm-temp\\\/\"},{\"@type\":\"ListItem\",\"position\":2,\"name\":\"M\u00e1lagas fyr utn\u00e4mnt till kulturellt landm\u00e4rke\"}]},{\"@type\":\"WebSite\",\"@id\":\"https:\\\/\\\/lightweb.dev\\\/l\\\/svm-temp\\\/#website\",\"url\":\"https:\\\/\\\/lightweb.dev\\\/l\\\/svm-temp\\\/\",\"name\":\"Svenska Magasinet\",\"description\":\"Dina Spanska nyheter p&aring; Svenska\",\"publisher\":{\"@id\":\"https:\\\/\\\/lightweb.dev\\\/l\\\/svm-temp\\\/#organization\"},\"potentialAction\":[{\"@type\":\"SearchAction\",\"target\":{\"@type\":\"EntryPoint\",\"urlTemplate\":\"https:\\\/\\\/lightweb.dev\\\/l\\\/svm-temp\\\/?s={search_term_string}\"},\"query-input\":{\"@type\":\"PropertyValueSpecification\",\"valueRequired\":true,\"valueName\":\"search_term_string\"}}],\"inLanguage\":\"sv-SE\"},{\"@type\":\"Organization\",\"@id\":\"https:\\\/\\\/lightweb.dev\\\/l\\\/svm-temp\\\/#organization\",\"name\":\"Melkerson y Nott SL\",\"alternateName\":\"Svenska Magasinet\",\"url\":\"https:\\\/\\\/lightweb.dev\\\/l\\\/svm-temp\\\/\",\"logo\":{\"@type\":\"ImageObject\",\"inLanguage\":\"sv-SE\",\"@id\":\"https:\\\/\\\/lightweb.dev\\\/l\\\/svm-temp\\\/#\\\/schema\\\/logo\\\/image\\\/\",\"url\":\"https:\\\/\\\/lightweb.dev\\\/l\\\/svm-temp\\\/wp-content\\\/uploads\\\/2025\\\/02\\\/SvM-logo-Xtra-Centrerad-SVART.png\",\"contentUrl\":\"https:\\\/\\\/lightweb.dev\\\/l\\\/svm-temp\\\/wp-content\\\/uploads\\\/2025\\\/02\\\/SvM-logo-Xtra-Centrerad-SVART.png\",\"width\":300,\"height\":99,\"caption\":\"Melkerson y Nott SL\"},\"image\":{\"@id\":\"https:\\\/\\\/lightweb.dev\\\/l\\\/svm-temp\\\/#\\\/schema\\\/logo\\\/image\\\/\"},\"sameAs\":[\"https:\\\/\\\/www.facebook.com\\\/svenskamagasinet\",\"https:\\\/\\\/x.com\\\/SvenskaMagasine\"]},{\"@type\":\"Person\",\"@id\":\"https:\\\/\\\/lightweb.dev\\\/l\\\/svm-temp\\\/#\\\/schema\\\/person\\\/caffe038990d25722f5a04a03c906a2b\",\"name\":\"Robbie Eriksson\",\"sameAs\":[\"https:\\\/\\\/lightweb.dev\\\/l\\\/svm-temp\"],\"url\":\"https:\\\/\\\/lightweb.dev\\\/l\\\/svm-temp\\\/reporter\\\/robbie-eriksson\\\/\"}]}<\/script>\n<!-- \/ Yoast SEO Premium plugin. -->","yoast_head_json":{"title":"M\u00e1lagas fyr utn\u00e4mnt till kulturellt landm\u00e4rke - Svenska Magasinet","description":"Den v\u00e4lk\u00e4nda fyren vid Malagas hamn har utn\u00e4mnts som en tillg\u00e5ng f\u00f6r kulturellt intresse, eller en Bien de Inter\u00e9s Cultural (BIC).","robots":{"index":"noindex","follow":"follow","max-snippet":"max-snippet:-1","max-image-preview":"max-image-preview:large","max-video-preview":"max-video-preview:-1"},"og_locale":"sv_SE","og_type":"article","og_title":"M\u00e1lagas fyr utn\u00e4mnt till kulturellt landm\u00e4rke","og_description":"Den v\u00e4lk\u00e4nda fyren vid Malagas hamn har utn\u00e4mnts som en tillg\u00e5ng f\u00f6r kulturellt intresse, eller en Bien de Inter\u00e9s Cultural (BIC).","og_url":"https:\/\/lightweb.dev\/l\/svm-temp\/nyheter\/malagas-fyr-utnamnt-till-kulturellt-landmarke\/","og_site_name":"Svenska Magasinet","article_publisher":"https:\/\/www.facebook.com\/svenskamagasinet","article_published_time":"2023-07-27T13:22:37+00:00","article_modified_time":"2023-07-27T14:22:17+00:00","og_image":[{"width":299,"height":200,"url":"https:\/\/lightweb.dev\/l\/svm-temp\/wp-content\/uploads\/2022\/06\/la-farola-fyller-idag-200-ar.png","type":"image\/png"}],"author":"Robbie Eriksson","twitter_card":"summary_large_image","twitter_creator":"@SvenskaMagasine","twitter_site":"@SvenskaMagasine","schema":{"@context":"https:\/\/schema.org","@graph":[{"@type":"Article","@id":"https:\/\/lightweb.dev\/l\/svm-temp\/nyheter\/malagas-fyr-utnamnt-till-kulturellt-landmarke\/#article","isPartOf":{"@id":"https:\/\/lightweb.dev\/l\/svm-temp\/nyheter\/malagas-fyr-utnamnt-till-kulturellt-landmarke\/"},"author":{"name":"Robbie Eriksson","@id":"https:\/\/lightweb.dev\/l\/svm-temp\/#\/schema\/person\/caffe038990d25722f5a04a03c906a2b"},"headline":"M\u00e1lagas fyr utn\u00e4mnt till kulturellt landm\u00e4rke","datePublished":"2023-07-27T13:22:37+00:00","dateModified":"2023-07-27T14:22:17+00:00","mainEntityOfPage":{"@id":"https:\/\/lightweb.dev\/l\/svm-temp\/nyheter\/malagas-fyr-utnamnt-till-kulturellt-landmarke\/"},"wordCount":224,"commentCount":2,"publisher":{"@id":"https:\/\/lightweb.dev\/l\/svm-temp\/#organization"},"image":{"@id":"https:\/\/lightweb.dev\/l\/svm-temp\/nyheter\/malagas-fyr-utnamnt-till-kulturellt-landmarke\/#primaryimage"},"thumbnailUrl":"https:\/\/lightweb.dev\/l\/svm-temp\/wp-content\/uploads\/2022\/06\/la-farola-fyller-idag-200-ar.png","articleSection":["Arkiv","Nyheter"],"inLanguage":"sv-SE"},{"@type":"WebPage","@id":"https:\/\/lightweb.dev\/l\/svm-temp\/nyheter\/malagas-fyr-utnamnt-till-kulturellt-landmarke\/","url":"https:\/\/lightweb.dev\/l\/svm-temp\/nyheter\/malagas-fyr-utnamnt-till-kulturellt-landmarke\/","name":"M\u00e1lagas fyr utn\u00e4mnt till kulturellt landm\u00e4rke - Svenska Magasinet","isPartOf":{"@id":"https:\/\/lightweb.dev\/l\/svm-temp\/#website"},"primaryImageOfPage":{"@id":"https:\/\/lightweb.dev\/l\/svm-temp\/nyheter\/malagas-fyr-utnamnt-till-kulturellt-landmarke\/#primaryimage"},"image":{"@id":"https:\/\/lightweb.dev\/l\/svm-temp\/nyheter\/malagas-fyr-utnamnt-till-kulturellt-landmarke\/#primaryimage"},"thumbnailUrl":"https:\/\/lightweb.dev\/l\/svm-temp\/wp-content\/uploads\/2022\/06\/la-farola-fyller-idag-200-ar.png","datePublished":"2023-07-27T13:22:37+00:00","dateModified":"2023-07-27T14:22:17+00:00","description":"Den v\u00e4lk\u00e4nda fyren vid Malagas hamn har utn\u00e4mnts som en tillg\u00e5ng f\u00f6r kulturellt intresse, eller en Bien de Inter\u00e9s Cultural (BIC).","breadcrumb":{"@id":"https:\/\/lightweb.dev\/l\/svm-temp\/nyheter\/malagas-fyr-utnamnt-till-kulturellt-landmarke\/#breadcrumb"},"inLanguage":"sv-SE","potentialAction":[{"@type":"ReadAction","target":["https:\/\/lightweb.dev\/l\/svm-temp\/nyheter\/malagas-fyr-utnamnt-till-kulturellt-landmarke\/"]}]},{"@type":"ImageObject","inLanguage":"sv-SE","@id":"https:\/\/lightweb.dev\/l\/svm-temp\/nyheter\/malagas-fyr-utnamnt-till-kulturellt-landmarke\/#primaryimage","url":"https:\/\/lightweb.dev\/l\/svm-temp\/wp-content\/uploads\/2022\/06\/la-farola-fyller-idag-200-ar.png","contentUrl":"https:\/\/lightweb.dev\/l\/svm-temp\/wp-content\/uploads\/2022\/06\/la-farola-fyller-idag-200-ar.png","width":299,"height":200},{"@type":"BreadcrumbList","@id":"https:\/\/lightweb.dev\/l\/svm-temp\/nyheter\/malagas-fyr-utnamnt-till-kulturellt-landmarke\/#breadcrumb","itemListElement":[{"@type":"ListItem","position":1,"name":"Hem","item":"https:\/\/lightweb.dev\/l\/svm-temp\/"},{"@type":"ListItem","position":2,"name":"M\u00e1lagas fyr utn\u00e4mnt till kulturellt landm\u00e4rke"}]},{"@type":"WebSite","@id":"https:\/\/lightweb.dev\/l\/svm-temp\/#website","url":"https:\/\/lightweb.dev\/l\/svm-temp\/","name":"Svenska Magasinet","description":"Dina Spanska nyheter p&aring; Svenska","publisher":{"@id":"https:\/\/lightweb.dev\/l\/svm-temp\/#organization"},"potentialAction":[{"@type":"SearchAction","target":{"@type":"EntryPoint","urlTemplate":"https:\/\/lightweb.dev\/l\/svm-temp\/?s={search_term_string}"},"query-input":{"@type":"PropertyValueSpecification","valueRequired":true,"valueName":"search_term_string"}}],"inLanguage":"sv-SE"},{"@type":"Organization","@id":"https:\/\/lightweb.dev\/l\/svm-temp\/#organization","name":"Melkerson y Nott SL","alternateName":"Svenska Magasinet","url":"https:\/\/lightweb.dev\/l\/svm-temp\/","logo":{"@type":"ImageObject","inLanguage":"sv-SE","@id":"https:\/\/lightweb.dev\/l\/svm-temp\/#\/schema\/logo\/image\/","url":"https:\/\/lightweb.dev\/l\/svm-temp\/wp-content\/uploads\/2025\/02\/SvM-logo-Xtra-Centrerad-SVART.png","contentUrl":"https:\/\/lightweb.dev\/l\/svm-temp\/wp-content\/uploads\/2025\/02\/SvM-logo-Xtra-Centrerad-SVART.png","width":300,"height":99,"caption":"Melkerson y Nott SL"},"image":{"@id":"https:\/\/lightweb.dev\/l\/svm-temp\/#\/schema\/logo\/image\/"},"sameAs":["https:\/\/www.facebook.com\/svenskamagasinet","https:\/\/x.com\/SvenskaMagasine"]},{"@type":"Person","@id":"https:\/\/lightweb.dev\/l\/svm-temp\/#\/schema\/person\/caffe038990d25722f5a04a03c906a2b","name":"Robbie Eriksson","sameAs":["https:\/\/lightweb.dev\/l\/svm-temp"],"url":"https:\/\/lightweb.dev\/l\/svm-temp\/reporter\/robbie-eriksson\/"}]}},"_links":{"self":[{"href":"https:\/\/lightweb.dev\/l\/svm-temp\/wp-json\/wp\/v2\/posts\/65370","targetHints":{"allow":["GET"]}}],"collection":[{"href":"https:\/\/lightweb.dev\/l\/svm-temp\/wp-json\/wp\/v2\/posts"}],"about":[{"href":"https:\/\/lightweb.dev\/l\/svm-temp\/wp-json\/wp\/v2\/types\/post"}],"author":[{"embeddable":true,"href":"https:\/\/lightweb.dev\/l\/svm-temp\/wp-json\/wp\/v2\/users\/14"}],"replies":[{"embeddable":true,"href":"https:\/\/lightweb.dev\/l\/svm-temp\/wp-json\/wp\/v2\/comments?post=65370"}],"version-history":[{"count":0,"href":"https:\/\/lightweb.dev\/l\/svm-temp\/wp-json\/wp\/v2\/posts\/65370\/revisions"}],"wp:featuredmedia":[{"embeddable":true,"href":"https:\/\/lightweb.dev\/l\/svm-temp\/wp-json\/wp\/v2\/media\/20222"}],"wp:attachment":[{"href":"https:\/\/lightweb.dev\/l\/svm-temp\/wp-json\/wp\/v2\/media?parent=65370"}],"wp:term":[{"taxonomy":"category","embeddable":true,"href":"https:\/\/lightweb.dev\/l\/svm-temp\/wp-json\/wp\/v2\/categories?post=65370"},{"taxonomy":"post_tag","embeddable":true,"href":"https:\/\/lightweb.dev\/l\/svm-temp\/wp-json\/wp\/v2\/tags?post=65370"}],"curies":[{"name":"wp","href":"https:\/\/api.w.org\/{rel}","templated":true}]}}