{"id":65376,"date":"2023-07-27T15:29:48","date_gmt":"2023-07-27T13:29:48","guid":{"rendered":"https:\/\/lightweb.dev\/l\/svm-temp\/?p=65376"},"modified":"2023-07-28T10:02:49","modified_gmt":"2023-07-28T08:02:49","slug":"renfe-tillater-husdjur-pa-tagen","status":"publish","type":"post","link":"https:\/\/lightweb.dev\/l\/svm-temp\/nyheter\/renfe-tillater-husdjur-pa-tagen\/","title":{"rendered":"Renfe till\u00e5ter husdjur p\u00e5 t\u00e5gen"},"content":{"rendered":"<p><strong>Spaniens statliga j\u00e4rnv\u00e4gsoperat\u00f6r Renfe till\u00e5ter nu djur som v\u00e4ger upp till 10 kg p\u00e5 sina h\u00f6ghastighetst\u00e5g.<\/strong><\/p>\n<p><strong>Den som vill ha med sin fyrbenta kompis m\u00e5ste k\u00f6pa ett till\u00e4gg till sin biljett som kostar 10 euro.\u00a0<\/strong><\/p>\n<p><span style=\"font-weight: 400;\">Ett djur per person \u00e4r till\u00e5tet och det m\u00e5ste v\u00e4ga mindre \u00e4n 10 kg. Hundar, katter, illrar, marsvin, hamstrar och kaniner \u00e4r alla v\u00e4lkomna ombord p\u00e5 t\u00e5gen meddelar Renfe.\u00a0<\/span><\/p>\n<p><span style=\"font-weight: 400;\">Djuren m\u00e5ste resa i en bur eller beh\u00e5llare som f\u00e5r vara max 60x35x35 centimeter och m\u00e5ste f\u00f6rvaras vid passagerarens f\u00f6tter eller i kn\u00e4t. Beh\u00e5llaren m\u00e5ste dessutom ha m\u00f6jlighet att avl\u00e4gsna djurets avf\u00f6ring p\u00e5 ett s\u00e4kert s\u00e4tt.\u00a0<\/span><\/p>\n<p><span style=\"font-weight: 400;\">Personer som reser med sitt husdjur m\u00e5ste ha uppsyn \u00f6ver det under hela resan och kunna uppvisa officiella dokument f\u00f6r att bevisa \u00e4gandeskap och att djuret \u00e4r f\u00f6rs\u00e4krat.\u00a0<\/span><\/p>\n<p><span style=\"font-weight: 400;\">Hundar som v\u00e4ger mindre \u00e4n 40 kilo \u00e4r v\u00e4lkomna p\u00e5 vissa AVE-t\u00e5g. Dessa t\u00e5g \u00e4r p\u00e5 rutterna mellan Madrid och Barcelona, Madrid och Alicante, samt Madrid och Valencia. P\u00e5 dessa t\u00e5g f\u00e5r det finnas max tv\u00e5 stora hundar och regeln g\u00e4ller en hund per passagerare.<\/span><\/p>\n<p><span class=\"98YCrOtFMyZ7LeXIvwqU7aobKmy2JtVEBzYGAExdxfeSCOduujbQPNzF8s4shhGqTkJc1Xwo6lDfpWA5nmVk\"><\/p>\n<blockquote class=\"twitter-tweet\" data-width=\"550\" data-dnt=\"true\">\n<p lang=\"es\" dir=\"ltr\">Ya puedes viajar en trenes Avlo \ud83d\udc9c con tu mascota de hasta 10 kilos.<\/p>\n<p>Viaja con la mejor compa\u00f1\u00eda: <a href=\"https:\/\/t.co\/eV1qxbFW0A\">https:\/\/t.co\/eV1qxbFW0A<\/a><\/p>\n<p>&mdash; Renfe (@Renfe) <a href=\"https:\/\/twitter.com\/Renfe\/status\/1684194378720346113?ref_src=twsrc%5Etfw\">July 26, 2023<\/a><\/p><\/blockquote>\n<p><script async src=\"https:\/\/platform.twitter.com\/widgets.js\" charset=\"utf-8\"><\/script><\/span><\/p>\n","protected":false},"excerpt":{"rendered":"<p>Spaniens statliga j\u00e4rnv\u00e4gsoperat\u00f6r Renfe till\u00e5ter nu djur som v\u00e4ger upp till 10 kg p\u00e5 sina h\u00f6ghastighetst\u00e5g&#8230;<\/p>\n","protected":false},"author":14,"featured_media":26194,"comment_status":"open","ping_status":"closed","sticky":false,"template":"","format":"standard","meta":{"_et_pb_use_builder":"","_et_pb_old_content":"","_et_gb_content_width":"","footnotes":""},"categories":[395,3],"tags":[],"class_list":["post-65376","post","type-post","status-publish","format-standard","has-post-thumbnail","hentry","category-arkiv-nyheter","category-nyheter"],"yoast_head":"<!-- This site is optimized with the Yoast SEO Premium plugin v26.2 (Yoast SEO v27.4) - https:\/\/yoast.com\/product\/yoast-seo-premium-wordpress\/ -->\n<title>Renfe till\u00e5ter husdjur p\u00e5 t\u00e5gen - Svenska Magasinet<\/title>\n<meta name=\"robots\" content=\"noindex, follow, max-snippet:-1, max-image-preview:large, max-video-preview:-1\" \/>\n<meta property=\"og:locale\" content=\"sv_SE\" \/>\n<meta property=\"og:type\" content=\"article\" \/>\n<meta property=\"og:title\" content=\"Renfe till\u00e5ter husdjur p\u00e5 t\u00e5gen\" \/>\n<meta property=\"og:description\" content=\"Spaniens statliga j\u00e4rnv\u00e4gsoperat\u00f6r Renfe till\u00e5ter nu djur som v\u00e4ger upp till 10 kg p\u00e5 sina h\u00f6ghastighetst\u00e5g...\" \/>\n<meta property=\"og:url\" content=\"https:\/\/lightweb.dev\/l\/svm-temp\/nyheter\/renfe-tillater-husdjur-pa-tagen\/\" \/>\n<meta property=\"og:site_name\" content=\"Svenska Magasinet\" \/>\n<meta property=\"article:publisher\" content=\"https:\/\/www.facebook.com\/svenskamagasinet\" \/>\n<meta property=\"article:published_time\" content=\"2023-07-27T13:29:48+00:00\" \/>\n<meta property=\"article:modified_time\" content=\"2023-07-28T08:02:49+00:00\" \/>\n<meta property=\"og:image\" content=\"https:\/\/lightweb.dev\/l\/svm-temp\/wp-content\/uploads\/2022\/06\/stora-rabatter-pa-snabbtaget-renfe.png\" \/>\n\t<meta property=\"og:image:width\" content=\"300\" \/>\n\t<meta property=\"og:image:height\" content=\"200\" \/>\n\t<meta property=\"og:image:type\" content=\"image\/png\" \/>\n<meta name=\"author\" content=\"Robbie Eriksson\" \/>\n<meta name=\"twitter:card\" content=\"summary_large_image\" \/>\n<meta name=\"twitter:creator\" content=\"@SvenskaMagasine\" \/>\n<meta name=\"twitter:site\" content=\"@SvenskaMagasine\" \/>\n<script type=\"application\/ld+json\" class=\"yoast-schema-graph\">{\"@context\":\"https:\\\/\\\/schema.org\",\"@graph\":[{\"@type\":\"Article\",\"@id\":\"https:\\\/\\\/lightweb.dev\\\/l\\\/svm-temp\\\/nyheter\\\/renfe-tillater-husdjur-pa-tagen\\\/#article\",\"isPartOf\":{\"@id\":\"https:\\\/\\\/lightweb.dev\\\/l\\\/svm-temp\\\/nyheter\\\/renfe-tillater-husdjur-pa-tagen\\\/\"},\"author\":{\"name\":\"Robbie Eriksson\",\"@id\":\"https:\\\/\\\/lightweb.dev\\\/l\\\/svm-temp\\\/#\\\/schema\\\/person\\\/caffe038990d25722f5a04a03c906a2b\"},\"headline\":\"Renfe till\u00e5ter husdjur p\u00e5 t\u00e5gen\",\"datePublished\":\"2023-07-27T13:29:48+00:00\",\"dateModified\":\"2023-07-28T08:02:49+00:00\",\"mainEntityOfPage\":{\"@id\":\"https:\\\/\\\/lightweb.dev\\\/l\\\/svm-temp\\\/nyheter\\\/renfe-tillater-husdjur-pa-tagen\\\/\"},\"wordCount\":225,\"commentCount\":1,\"publisher\":{\"@id\":\"https:\\\/\\\/lightweb.dev\\\/l\\\/svm-temp\\\/#organization\"},\"image\":{\"@id\":\"https:\\\/\\\/lightweb.dev\\\/l\\\/svm-temp\\\/nyheter\\\/renfe-tillater-husdjur-pa-tagen\\\/#primaryimage\"},\"thumbnailUrl\":\"https:\\\/\\\/lightweb.dev\\\/l\\\/svm-temp\\\/wp-content\\\/uploads\\\/2022\\\/06\\\/stora-rabatter-pa-snabbtaget-renfe.png\",\"articleSection\":[\"Arkiv\",\"Nyheter\"],\"inLanguage\":\"sv-SE\"},{\"@type\":\"WebPage\",\"@id\":\"https:\\\/\\\/lightweb.dev\\\/l\\\/svm-temp\\\/nyheter\\\/renfe-tillater-husdjur-pa-tagen\\\/\",\"url\":\"https:\\\/\\\/lightweb.dev\\\/l\\\/svm-temp\\\/nyheter\\\/renfe-tillater-husdjur-pa-tagen\\\/\",\"name\":\"Renfe till\u00e5ter husdjur p\u00e5 t\u00e5gen - Svenska Magasinet\",\"isPartOf\":{\"@id\":\"https:\\\/\\\/lightweb.dev\\\/l\\\/svm-temp\\\/#website\"},\"primaryImageOfPage\":{\"@id\":\"https:\\\/\\\/lightweb.dev\\\/l\\\/svm-temp\\\/nyheter\\\/renfe-tillater-husdjur-pa-tagen\\\/#primaryimage\"},\"image\":{\"@id\":\"https:\\\/\\\/lightweb.dev\\\/l\\\/svm-temp\\\/nyheter\\\/renfe-tillater-husdjur-pa-tagen\\\/#primaryimage\"},\"thumbnailUrl\":\"https:\\\/\\\/lightweb.dev\\\/l\\\/svm-temp\\\/wp-content\\\/uploads\\\/2022\\\/06\\\/stora-rabatter-pa-snabbtaget-renfe.png\",\"datePublished\":\"2023-07-27T13:29:48+00:00\",\"dateModified\":\"2023-07-28T08:02:49+00:00\",\"breadcrumb\":{\"@id\":\"https:\\\/\\\/lightweb.dev\\\/l\\\/svm-temp\\\/nyheter\\\/renfe-tillater-husdjur-pa-tagen\\\/#breadcrumb\"},\"inLanguage\":\"sv-SE\",\"potentialAction\":[{\"@type\":\"ReadAction\",\"target\":[\"https:\\\/\\\/lightweb.dev\\\/l\\\/svm-temp\\\/nyheter\\\/renfe-tillater-husdjur-pa-tagen\\\/\"]}]},{\"@type\":\"ImageObject\",\"inLanguage\":\"sv-SE\",\"@id\":\"https:\\\/\\\/lightweb.dev\\\/l\\\/svm-temp\\\/nyheter\\\/renfe-tillater-husdjur-pa-tagen\\\/#primaryimage\",\"url\":\"https:\\\/\\\/lightweb.dev\\\/l\\\/svm-temp\\\/wp-content\\\/uploads\\\/2022\\\/06\\\/stora-rabatter-pa-snabbtaget-renfe.png\",\"contentUrl\":\"https:\\\/\\\/lightweb.dev\\\/l\\\/svm-temp\\\/wp-content\\\/uploads\\\/2022\\\/06\\\/stora-rabatter-pa-snabbtaget-renfe.png\",\"width\":300,\"height\":200},{\"@type\":\"BreadcrumbList\",\"@id\":\"https:\\\/\\\/lightweb.dev\\\/l\\\/svm-temp\\\/nyheter\\\/renfe-tillater-husdjur-pa-tagen\\\/#breadcrumb\",\"itemListElement\":[{\"@type\":\"ListItem\",\"position\":1,\"name\":\"Hem\",\"item\":\"https:\\\/\\\/lightweb.dev\\\/l\\\/svm-temp\\\/\"},{\"@type\":\"ListItem\",\"position\":2,\"name\":\"Renfe till\u00e5ter husdjur p\u00e5 t\u00e5gen\"}]},{\"@type\":\"WebSite\",\"@id\":\"https:\\\/\\\/lightweb.dev\\\/l\\\/svm-temp\\\/#website\",\"url\":\"https:\\\/\\\/lightweb.dev\\\/l\\\/svm-temp\\\/\",\"name\":\"Svenska Magasinet\",\"description\":\"Dina Spanska nyheter p&aring; Svenska\",\"publisher\":{\"@id\":\"https:\\\/\\\/lightweb.dev\\\/l\\\/svm-temp\\\/#organization\"},\"potentialAction\":[{\"@type\":\"SearchAction\",\"target\":{\"@type\":\"EntryPoint\",\"urlTemplate\":\"https:\\\/\\\/lightweb.dev\\\/l\\\/svm-temp\\\/?s={search_term_string}\"},\"query-input\":{\"@type\":\"PropertyValueSpecification\",\"valueRequired\":true,\"valueName\":\"search_term_string\"}}],\"inLanguage\":\"sv-SE\"},{\"@type\":\"Organization\",\"@id\":\"https:\\\/\\\/lightweb.dev\\\/l\\\/svm-temp\\\/#organization\",\"name\":\"Melkerson y Nott SL\",\"alternateName\":\"Svenska Magasinet\",\"url\":\"https:\\\/\\\/lightweb.dev\\\/l\\\/svm-temp\\\/\",\"logo\":{\"@type\":\"ImageObject\",\"inLanguage\":\"sv-SE\",\"@id\":\"https:\\\/\\\/lightweb.dev\\\/l\\\/svm-temp\\\/#\\\/schema\\\/logo\\\/image\\\/\",\"url\":\"https:\\\/\\\/lightweb.dev\\\/l\\\/svm-temp\\\/wp-content\\\/uploads\\\/2025\\\/02\\\/SvM-logo-Xtra-Centrerad-SVART.png\",\"contentUrl\":\"https:\\\/\\\/lightweb.dev\\\/l\\\/svm-temp\\\/wp-content\\\/uploads\\\/2025\\\/02\\\/SvM-logo-Xtra-Centrerad-SVART.png\",\"width\":300,\"height\":99,\"caption\":\"Melkerson y Nott SL\"},\"image\":{\"@id\":\"https:\\\/\\\/lightweb.dev\\\/l\\\/svm-temp\\\/#\\\/schema\\\/logo\\\/image\\\/\"},\"sameAs\":[\"https:\\\/\\\/www.facebook.com\\\/svenskamagasinet\",\"https:\\\/\\\/x.com\\\/SvenskaMagasine\"]},{\"@type\":\"Person\",\"@id\":\"https:\\\/\\\/lightweb.dev\\\/l\\\/svm-temp\\\/#\\\/schema\\\/person\\\/caffe038990d25722f5a04a03c906a2b\",\"name\":\"Robbie Eriksson\",\"sameAs\":[\"https:\\\/\\\/lightweb.dev\\\/l\\\/svm-temp\"],\"url\":\"https:\\\/\\\/lightweb.dev\\\/l\\\/svm-temp\\\/reporter\\\/robbie-eriksson\\\/\"}]}<\/script>\n<!-- \/ Yoast SEO Premium plugin. -->","yoast_head_json":{"title":"Renfe till\u00e5ter husdjur p\u00e5 t\u00e5gen - Svenska Magasinet","robots":{"index":"noindex","follow":"follow","max-snippet":"max-snippet:-1","max-image-preview":"max-image-preview:large","max-video-preview":"max-video-preview:-1"},"og_locale":"sv_SE","og_type":"article","og_title":"Renfe till\u00e5ter husdjur p\u00e5 t\u00e5gen","og_description":"Spaniens statliga j\u00e4rnv\u00e4gsoperat\u00f6r Renfe till\u00e5ter nu djur som v\u00e4ger upp till 10 kg p\u00e5 sina h\u00f6ghastighetst\u00e5g...","og_url":"https:\/\/lightweb.dev\/l\/svm-temp\/nyheter\/renfe-tillater-husdjur-pa-tagen\/","og_site_name":"Svenska Magasinet","article_publisher":"https:\/\/www.facebook.com\/svenskamagasinet","article_published_time":"2023-07-27T13:29:48+00:00","article_modified_time":"2023-07-28T08:02:49+00:00","og_image":[{"width":300,"height":200,"url":"https:\/\/lightweb.dev\/l\/svm-temp\/wp-content\/uploads\/2022\/06\/stora-rabatter-pa-snabbtaget-renfe.png","type":"image\/png"}],"author":"Robbie Eriksson","twitter_card":"summary_large_image","twitter_creator":"@SvenskaMagasine","twitter_site":"@SvenskaMagasine","schema":{"@context":"https:\/\/schema.org","@graph":[{"@type":"Article","@id":"https:\/\/lightweb.dev\/l\/svm-temp\/nyheter\/renfe-tillater-husdjur-pa-tagen\/#article","isPartOf":{"@id":"https:\/\/lightweb.dev\/l\/svm-temp\/nyheter\/renfe-tillater-husdjur-pa-tagen\/"},"author":{"name":"Robbie Eriksson","@id":"https:\/\/lightweb.dev\/l\/svm-temp\/#\/schema\/person\/caffe038990d25722f5a04a03c906a2b"},"headline":"Renfe till\u00e5ter husdjur p\u00e5 t\u00e5gen","datePublished":"2023-07-27T13:29:48+00:00","dateModified":"2023-07-28T08:02:49+00:00","mainEntityOfPage":{"@id":"https:\/\/lightweb.dev\/l\/svm-temp\/nyheter\/renfe-tillater-husdjur-pa-tagen\/"},"wordCount":225,"commentCount":1,"publisher":{"@id":"https:\/\/lightweb.dev\/l\/svm-temp\/#organization"},"image":{"@id":"https:\/\/lightweb.dev\/l\/svm-temp\/nyheter\/renfe-tillater-husdjur-pa-tagen\/#primaryimage"},"thumbnailUrl":"https:\/\/lightweb.dev\/l\/svm-temp\/wp-content\/uploads\/2022\/06\/stora-rabatter-pa-snabbtaget-renfe.png","articleSection":["Arkiv","Nyheter"],"inLanguage":"sv-SE"},{"@type":"WebPage","@id":"https:\/\/lightweb.dev\/l\/svm-temp\/nyheter\/renfe-tillater-husdjur-pa-tagen\/","url":"https:\/\/lightweb.dev\/l\/svm-temp\/nyheter\/renfe-tillater-husdjur-pa-tagen\/","name":"Renfe till\u00e5ter husdjur p\u00e5 t\u00e5gen - Svenska Magasinet","isPartOf":{"@id":"https:\/\/lightweb.dev\/l\/svm-temp\/#website"},"primaryImageOfPage":{"@id":"https:\/\/lightweb.dev\/l\/svm-temp\/nyheter\/renfe-tillater-husdjur-pa-tagen\/#primaryimage"},"image":{"@id":"https:\/\/lightweb.dev\/l\/svm-temp\/nyheter\/renfe-tillater-husdjur-pa-tagen\/#primaryimage"},"thumbnailUrl":"https:\/\/lightweb.dev\/l\/svm-temp\/wp-content\/uploads\/2022\/06\/stora-rabatter-pa-snabbtaget-renfe.png","datePublished":"2023-07-27T13:29:48+00:00","dateModified":"2023-07-28T08:02:49+00:00","breadcrumb":{"@id":"https:\/\/lightweb.dev\/l\/svm-temp\/nyheter\/renfe-tillater-husdjur-pa-tagen\/#breadcrumb"},"inLanguage":"sv-SE","potentialAction":[{"@type":"ReadAction","target":["https:\/\/lightweb.dev\/l\/svm-temp\/nyheter\/renfe-tillater-husdjur-pa-tagen\/"]}]},{"@type":"ImageObject","inLanguage":"sv-SE","@id":"https:\/\/lightweb.dev\/l\/svm-temp\/nyheter\/renfe-tillater-husdjur-pa-tagen\/#primaryimage","url":"https:\/\/lightweb.dev\/l\/svm-temp\/wp-content\/uploads\/2022\/06\/stora-rabatter-pa-snabbtaget-renfe.png","contentUrl":"https:\/\/lightweb.dev\/l\/svm-temp\/wp-content\/uploads\/2022\/06\/stora-rabatter-pa-snabbtaget-renfe.png","width":300,"height":200},{"@type":"BreadcrumbList","@id":"https:\/\/lightweb.dev\/l\/svm-temp\/nyheter\/renfe-tillater-husdjur-pa-tagen\/#breadcrumb","itemListElement":[{"@type":"ListItem","position":1,"name":"Hem","item":"https:\/\/lightweb.dev\/l\/svm-temp\/"},{"@type":"ListItem","position":2,"name":"Renfe till\u00e5ter husdjur p\u00e5 t\u00e5gen"}]},{"@type":"WebSite","@id":"https:\/\/lightweb.dev\/l\/svm-temp\/#website","url":"https:\/\/lightweb.dev\/l\/svm-temp\/","name":"Svenska Magasinet","description":"Dina Spanska nyheter p&aring; Svenska","publisher":{"@id":"https:\/\/lightweb.dev\/l\/svm-temp\/#organization"},"potentialAction":[{"@type":"SearchAction","target":{"@type":"EntryPoint","urlTemplate":"https:\/\/lightweb.dev\/l\/svm-temp\/?s={search_term_string}"},"query-input":{"@type":"PropertyValueSpecification","valueRequired":true,"valueName":"search_term_string"}}],"inLanguage":"sv-SE"},{"@type":"Organization","@id":"https:\/\/lightweb.dev\/l\/svm-temp\/#organization","name":"Melkerson y Nott SL","alternateName":"Svenska Magasinet","url":"https:\/\/lightweb.dev\/l\/svm-temp\/","logo":{"@type":"ImageObject","inLanguage":"sv-SE","@id":"https:\/\/lightweb.dev\/l\/svm-temp\/#\/schema\/logo\/image\/","url":"https:\/\/lightweb.dev\/l\/svm-temp\/wp-content\/uploads\/2025\/02\/SvM-logo-Xtra-Centrerad-SVART.png","contentUrl":"https:\/\/lightweb.dev\/l\/svm-temp\/wp-content\/uploads\/2025\/02\/SvM-logo-Xtra-Centrerad-SVART.png","width":300,"height":99,"caption":"Melkerson y Nott SL"},"image":{"@id":"https:\/\/lightweb.dev\/l\/svm-temp\/#\/schema\/logo\/image\/"},"sameAs":["https:\/\/www.facebook.com\/svenskamagasinet","https:\/\/x.com\/SvenskaMagasine"]},{"@type":"Person","@id":"https:\/\/lightweb.dev\/l\/svm-temp\/#\/schema\/person\/caffe038990d25722f5a04a03c906a2b","name":"Robbie Eriksson","sameAs":["https:\/\/lightweb.dev\/l\/svm-temp"],"url":"https:\/\/lightweb.dev\/l\/svm-temp\/reporter\/robbie-eriksson\/"}]}},"_links":{"self":[{"href":"https:\/\/lightweb.dev\/l\/svm-temp\/wp-json\/wp\/v2\/posts\/65376","targetHints":{"allow":["GET"]}}],"collection":[{"href":"https:\/\/lightweb.dev\/l\/svm-temp\/wp-json\/wp\/v2\/posts"}],"about":[{"href":"https:\/\/lightweb.dev\/l\/svm-temp\/wp-json\/wp\/v2\/types\/post"}],"author":[{"embeddable":true,"href":"https:\/\/lightweb.dev\/l\/svm-temp\/wp-json\/wp\/v2\/users\/14"}],"replies":[{"embeddable":true,"href":"https:\/\/lightweb.dev\/l\/svm-temp\/wp-json\/wp\/v2\/comments?post=65376"}],"version-history":[{"count":0,"href":"https:\/\/lightweb.dev\/l\/svm-temp\/wp-json\/wp\/v2\/posts\/65376\/revisions"}],"wp:featuredmedia":[{"embeddable":true,"href":"https:\/\/lightweb.dev\/l\/svm-temp\/wp-json\/wp\/v2\/media\/26194"}],"wp:attachment":[{"href":"https:\/\/lightweb.dev\/l\/svm-temp\/wp-json\/wp\/v2\/media?parent=65376"}],"wp:term":[{"taxonomy":"category","embeddable":true,"href":"https:\/\/lightweb.dev\/l\/svm-temp\/wp-json\/wp\/v2\/categories?post=65376"},{"taxonomy":"post_tag","embeddable":true,"href":"https:\/\/lightweb.dev\/l\/svm-temp\/wp-json\/wp\/v2\/tags?post=65376"}],"curies":[{"name":"wp","href":"https:\/\/api.w.org\/{rel}","templated":true}]}}