{"id":65429,"date":"2023-08-01T10:03:53","date_gmt":"2023-08-01T08:03:53","guid":{"rendered":"https:\/\/lightweb.dev\/l\/svm-temp\/?p=65429"},"modified":"2023-08-01T10:17:44","modified_gmt":"2023-08-01T08:17:44","slug":"farre-brander-i-andalusien-an-normalt-senaste-decenniet","status":"publish","type":"post","link":"https:\/\/lightweb.dev\/l\/svm-temp\/nyheter\/farre-brander-i-andalusien-an-normalt-senaste-decenniet\/","title":{"rendered":"F\u00e4rre br\u00e4nder i Andalusien i sommar"},"content":{"rendered":"<p><strong>Det rapporteras om omfattande skogsbr\u00e4nder i \u00f6stra Medelhavet. Andalusien i s\u00f6dra Spanien har bara 700 hektar brunnit fram till juli m\u00e5nad i \u00e5r.<\/strong><\/p>\n<p><strong>Det \u00e4r n\u00e4stan sju g\u00e5nger mindre \u00e4n genomsnittet f\u00f6r det senaste decenniet vid samma tidpunkt.<\/strong><\/p>\n<div id=\"attachment_65432\" style=\"width: 235px\" class=\"wp-caption alignleft\"><img loading=\"lazy\" decoding=\"async\" aria-describedby=\"caption-attachment-65432\" class=\"size-medium wp-image-65432\" src=\"https:\/\/lightweb.dev\/l\/svm-temp\/wp-content\/uploads\/2023\/08\/F2UCSbrW4AAhrS_-stor-225x300.jpeg\" alt=\"\" width=\"225\" height=\"300\" srcset=\"https:\/\/lightweb.dev\/l\/svm-temp\/wp-content\/uploads\/2023\/08\/F2UCSbrW4AAhrS_-stor-225x300.jpeg 225w, https:\/\/lightweb.dev\/l\/svm-temp\/wp-content\/uploads\/2023\/08\/F2UCSbrW4AAhrS_-stor-675x900.jpeg 675w, https:\/\/lightweb.dev\/l\/svm-temp\/wp-content\/uploads\/2023\/08\/F2UCSbrW4AAhrS_-stor-768x1024.jpeg 768w, https:\/\/lightweb.dev\/l\/svm-temp\/wp-content\/uploads\/2023\/08\/F2UCSbrW4AAhrS_-stor-610x813.jpeg 610w, https:\/\/lightweb.dev\/l\/svm-temp\/wp-content\/uploads\/2023\/08\/F2UCSbrW4AAhrS_-stor-600x800.jpeg 600w, https:\/\/lightweb.dev\/l\/svm-temp\/wp-content\/uploads\/2023\/08\/F2UCSbrW4AAhrS_-stor.jpeg 960w\" sizes=\"(max-width: 225px) 100vw, 225px\" \/><p id=\"caption-attachment-65432\" class=\"wp-caption-text\">(Foto: Infoca)<\/p><\/div>\n<p>Trots sv\u00e5r torka och h\u00f6ga temperaturer som fr\u00e4mst drabbat inlandet har Spaniens s\u00f6dra region klarat sig ifr\u00e5n omfattande skogsbr\u00e4nder.<\/p>\n<p>Brandbek\u00e4mpningsmyndigheten Infoca uppger att ingen st\u00f6rre omfattande brand har rapporterats hittills i \u00e5r och endast 700 hektar har hittills drabbats av br\u00e4nder. Det \u00e4r l\u00e5ngt ifr\u00e5n de vanliga siffrorna vid denna tidpunkt.<\/p>\n<p>700 hektar \u00e4r n\u00e4stan sju g\u00e5nger mindre yta \u00e4n vanligt d\u00e5 genomsnittet f\u00f6r det senaste decenniet ligger p\u00e5 4.856,87 eldh\u00e4rjade hektar.<\/p>\n<p>P\u00e5 m\u00e5ndagen framtr\u00e4dde den regionala andalusiska talespersonen Ram\u00f3n Fern\u00e1ndez-Pacheco och uppmanade allm\u00e4nheten till fortsatt f\u00f6rsiktighet s\u00e5 att vi slipper br\u00e4nder som drabbat Italien och Grekland.<\/p>\n<p>&#8211; Vi har b\u00e4r allesammans ett kollektivt ansvar d\u00e5 vi befinner oss under den normalt v\u00e4rsta perioden p\u00e5 \u00e5ret. Vi \u00e4r glada f\u00f6r att vi sluppit ifr\u00e5n omfattande br\u00e4nder hittills i sommar, s\u00e4ger Ram\u00f3n Fern\u00e1ndez-Pacheco vid Junta de Andalucia.<\/p>\n<p>Han oroas f\u00f6r klimatf\u00f6r\u00e4ndringarna som bidragit till stigande temperaturer i havet och ov\u00e4ntade vindf\u00f6r\u00e4ndringar som har bidraget till invasiva v\u00e4xter vid kusterna som asiatiska alger som nu p\u00e5verkar Gibraltarsundet och Solkusten.<\/p>\n","protected":false},"excerpt":{"rendered":"<p>Det rapporteras om omfattande skogsbr\u00e4nder i \u00f6stra Medelhavet. Andalusien i s\u00f6dra Spanien har bara 700 hektar brunnit fram till juli m\u00e5nad i \u00e5r. Det \u00e4r n\u00e4stan sju g\u00e5nger mindre \u00e4n genomsnittet&#8230;<\/p>\n","protected":false},"author":7,"featured_media":65431,"comment_status":"open","ping_status":"closed","sticky":false,"template":"","format":"standard","meta":{"_et_pb_use_builder":"","_et_pb_old_content":"","_et_gb_content_width":"","footnotes":""},"categories":[395,3],"tags":[],"class_list":["post-65429","post","type-post","status-publish","format-standard","has-post-thumbnail","hentry","category-arkiv-nyheter","category-nyheter"],"yoast_head":"<!-- This site is optimized with the Yoast SEO Premium plugin v26.2 (Yoast SEO v27.4) - https:\/\/yoast.com\/product\/yoast-seo-premium-wordpress\/ -->\n<title>F\u00e4rre br\u00e4nder i Andalusien i sommar - Svenska Magasinet<\/title>\n<meta name=\"description\" content=\"Det rapporteras om omfattande skogsbr\u00e4nder i \u00f6stra Medelhavet. Andalusien i s\u00f6dra Spanien har bara 700 hektar brunnit fram till juli m\u00e5nad i \u00e5r.Det \u00e4r n\u00e4stan sju g\u00e5nger mindre \u00e4n genomsnittet.\" \/>\n<meta name=\"robots\" content=\"noindex, follow, max-snippet:-1, max-image-preview:large, max-video-preview:-1\" \/>\n<meta property=\"og:locale\" content=\"sv_SE\" \/>\n<meta property=\"og:type\" content=\"article\" \/>\n<meta property=\"og:title\" content=\"F\u00e4rre br\u00e4nder i Andalusien i sommar\" \/>\n<meta property=\"og:description\" content=\"Det rapporteras om omfattande skogsbr\u00e4nder i \u00f6stra Medelhavet. Andalusien i s\u00f6dra Spanien har bara 700 hektar brunnit fram till juli m\u00e5nad i \u00e5r.Det \u00e4r n\u00e4stan sju g\u00e5nger mindre \u00e4n genomsnittet.\" \/>\n<meta property=\"og:url\" content=\"https:\/\/lightweb.dev\/l\/svm-temp\/nyheter\/farre-brander-i-andalusien-an-normalt-senaste-decenniet\/\" \/>\n<meta property=\"og:site_name\" content=\"Svenska Magasinet\" \/>\n<meta property=\"article:publisher\" content=\"https:\/\/www.facebook.com\/svenskamagasinet\" \/>\n<meta property=\"article:published_time\" content=\"2023-08-01T08:03:53+00:00\" \/>\n<meta property=\"article:modified_time\" content=\"2023-08-01T08:17:44+00:00\" \/>\n<meta property=\"og:image\" content=\"https:\/\/lightweb.dev\/l\/svm-temp\/wp-content\/uploads\/2023\/08\/F2UCSaRWsAEkdvQ-stor.jpeg\" \/>\n\t<meta property=\"og:image:width\" content=\"1280\" \/>\n\t<meta property=\"og:image:height\" content=\"960\" \/>\n\t<meta property=\"og:image:type\" content=\"image\/jpeg\" \/>\n<meta name=\"author\" content=\"Ola Josefsson\" \/>\n<meta name=\"twitter:card\" content=\"summary_large_image\" \/>\n<meta name=\"twitter:creator\" content=\"@SvenskaMagasine\" \/>\n<meta name=\"twitter:site\" content=\"@SvenskaMagasine\" \/>\n<script type=\"application\/ld+json\" class=\"yoast-schema-graph\">{\"@context\":\"https:\\\/\\\/schema.org\",\"@graph\":[{\"@type\":\"Article\",\"@id\":\"https:\\\/\\\/lightweb.dev\\\/l\\\/svm-temp\\\/nyheter\\\/farre-brander-i-andalusien-an-normalt-senaste-decenniet\\\/#article\",\"isPartOf\":{\"@id\":\"https:\\\/\\\/lightweb.dev\\\/l\\\/svm-temp\\\/nyheter\\\/farre-brander-i-andalusien-an-normalt-senaste-decenniet\\\/\"},\"author\":{\"name\":\"Ola Josefsson\",\"@id\":\"https:\\\/\\\/lightweb.dev\\\/l\\\/svm-temp\\\/#\\\/schema\\\/person\\\/7a82b8a73d171d32360a564b6d03508e\"},\"headline\":\"F\u00e4rre br\u00e4nder i Andalusien i sommar\",\"datePublished\":\"2023-08-01T08:03:53+00:00\",\"dateModified\":\"2023-08-01T08:17:44+00:00\",\"mainEntityOfPage\":{\"@id\":\"https:\\\/\\\/lightweb.dev\\\/l\\\/svm-temp\\\/nyheter\\\/farre-brander-i-andalusien-an-normalt-senaste-decenniet\\\/\"},\"wordCount\":262,\"commentCount\":2,\"publisher\":{\"@id\":\"https:\\\/\\\/lightweb.dev\\\/l\\\/svm-temp\\\/#organization\"},\"image\":{\"@id\":\"https:\\\/\\\/lightweb.dev\\\/l\\\/svm-temp\\\/nyheter\\\/farre-brander-i-andalusien-an-normalt-senaste-decenniet\\\/#primaryimage\"},\"thumbnailUrl\":\"https:\\\/\\\/lightweb.dev\\\/l\\\/svm-temp\\\/wp-content\\\/uploads\\\/2023\\\/08\\\/F2UCSaRWsAEkdvQ-stor.jpeg\",\"articleSection\":[\"Arkiv\",\"Nyheter\"],\"inLanguage\":\"sv-SE\"},{\"@type\":\"WebPage\",\"@id\":\"https:\\\/\\\/lightweb.dev\\\/l\\\/svm-temp\\\/nyheter\\\/farre-brander-i-andalusien-an-normalt-senaste-decenniet\\\/\",\"url\":\"https:\\\/\\\/lightweb.dev\\\/l\\\/svm-temp\\\/nyheter\\\/farre-brander-i-andalusien-an-normalt-senaste-decenniet\\\/\",\"name\":\"F\u00e4rre br\u00e4nder i Andalusien i sommar - Svenska Magasinet\",\"isPartOf\":{\"@id\":\"https:\\\/\\\/lightweb.dev\\\/l\\\/svm-temp\\\/#website\"},\"primaryImageOfPage\":{\"@id\":\"https:\\\/\\\/lightweb.dev\\\/l\\\/svm-temp\\\/nyheter\\\/farre-brander-i-andalusien-an-normalt-senaste-decenniet\\\/#primaryimage\"},\"image\":{\"@id\":\"https:\\\/\\\/lightweb.dev\\\/l\\\/svm-temp\\\/nyheter\\\/farre-brander-i-andalusien-an-normalt-senaste-decenniet\\\/#primaryimage\"},\"thumbnailUrl\":\"https:\\\/\\\/lightweb.dev\\\/l\\\/svm-temp\\\/wp-content\\\/uploads\\\/2023\\\/08\\\/F2UCSaRWsAEkdvQ-stor.jpeg\",\"datePublished\":\"2023-08-01T08:03:53+00:00\",\"dateModified\":\"2023-08-01T08:17:44+00:00\",\"description\":\"Det rapporteras om omfattande skogsbr\u00e4nder i \u00f6stra Medelhavet. Andalusien i s\u00f6dra Spanien har bara 700 hektar brunnit fram till juli m\u00e5nad i \u00e5r.Det \u00e4r n\u00e4stan sju g\u00e5nger mindre \u00e4n genomsnittet.\",\"breadcrumb\":{\"@id\":\"https:\\\/\\\/lightweb.dev\\\/l\\\/svm-temp\\\/nyheter\\\/farre-brander-i-andalusien-an-normalt-senaste-decenniet\\\/#breadcrumb\"},\"inLanguage\":\"sv-SE\",\"potentialAction\":[{\"@type\":\"ReadAction\",\"target\":[\"https:\\\/\\\/lightweb.dev\\\/l\\\/svm-temp\\\/nyheter\\\/farre-brander-i-andalusien-an-normalt-senaste-decenniet\\\/\"]}]},{\"@type\":\"ImageObject\",\"inLanguage\":\"sv-SE\",\"@id\":\"https:\\\/\\\/lightweb.dev\\\/l\\\/svm-temp\\\/nyheter\\\/farre-brander-i-andalusien-an-normalt-senaste-decenniet\\\/#primaryimage\",\"url\":\"https:\\\/\\\/lightweb.dev\\\/l\\\/svm-temp\\\/wp-content\\\/uploads\\\/2023\\\/08\\\/F2UCSaRWsAEkdvQ-stor.jpeg\",\"contentUrl\":\"https:\\\/\\\/lightweb.dev\\\/l\\\/svm-temp\\\/wp-content\\\/uploads\\\/2023\\\/08\\\/F2UCSaRWsAEkdvQ-stor.jpeg\",\"width\":1280,\"height\":960,\"caption\":\"Fr\u00e5n utsiktstorn spanar brandbek\u00e4mpningen f\u00f6r att uppt\u00e4cka skogsbr\u00e4nder i tid.\"},{\"@type\":\"BreadcrumbList\",\"@id\":\"https:\\\/\\\/lightweb.dev\\\/l\\\/svm-temp\\\/nyheter\\\/farre-brander-i-andalusien-an-normalt-senaste-decenniet\\\/#breadcrumb\",\"itemListElement\":[{\"@type\":\"ListItem\",\"position\":1,\"name\":\"Hem\",\"item\":\"https:\\\/\\\/lightweb.dev\\\/l\\\/svm-temp\\\/\"},{\"@type\":\"ListItem\",\"position\":2,\"name\":\"F\u00e4rre br\u00e4nder i Andalusien i sommar\"}]},{\"@type\":\"WebSite\",\"@id\":\"https:\\\/\\\/lightweb.dev\\\/l\\\/svm-temp\\\/#website\",\"url\":\"https:\\\/\\\/lightweb.dev\\\/l\\\/svm-temp\\\/\",\"name\":\"Svenska Magasinet\",\"description\":\"Dina Spanska nyheter p&aring; Svenska\",\"publisher\":{\"@id\":\"https:\\\/\\\/lightweb.dev\\\/l\\\/svm-temp\\\/#organization\"},\"potentialAction\":[{\"@type\":\"SearchAction\",\"target\":{\"@type\":\"EntryPoint\",\"urlTemplate\":\"https:\\\/\\\/lightweb.dev\\\/l\\\/svm-temp\\\/?s={search_term_string}\"},\"query-input\":{\"@type\":\"PropertyValueSpecification\",\"valueRequired\":true,\"valueName\":\"search_term_string\"}}],\"inLanguage\":\"sv-SE\"},{\"@type\":\"Organization\",\"@id\":\"https:\\\/\\\/lightweb.dev\\\/l\\\/svm-temp\\\/#organization\",\"name\":\"Melkerson y Nott SL\",\"alternateName\":\"Svenska Magasinet\",\"url\":\"https:\\\/\\\/lightweb.dev\\\/l\\\/svm-temp\\\/\",\"logo\":{\"@type\":\"ImageObject\",\"inLanguage\":\"sv-SE\",\"@id\":\"https:\\\/\\\/lightweb.dev\\\/l\\\/svm-temp\\\/#\\\/schema\\\/logo\\\/image\\\/\",\"url\":\"https:\\\/\\\/lightweb.dev\\\/l\\\/svm-temp\\\/wp-content\\\/uploads\\\/2025\\\/02\\\/SvM-logo-Xtra-Centrerad-SVART.png\",\"contentUrl\":\"https:\\\/\\\/lightweb.dev\\\/l\\\/svm-temp\\\/wp-content\\\/uploads\\\/2025\\\/02\\\/SvM-logo-Xtra-Centrerad-SVART.png\",\"width\":300,\"height\":99,\"caption\":\"Melkerson y Nott SL\"},\"image\":{\"@id\":\"https:\\\/\\\/lightweb.dev\\\/l\\\/svm-temp\\\/#\\\/schema\\\/logo\\\/image\\\/\"},\"sameAs\":[\"https:\\\/\\\/www.facebook.com\\\/svenskamagasinet\",\"https:\\\/\\\/x.com\\\/SvenskaMagasine\"]},{\"@type\":\"Person\",\"@id\":\"https:\\\/\\\/lightweb.dev\\\/l\\\/svm-temp\\\/#\\\/schema\\\/person\\\/7a82b8a73d171d32360a564b6d03508e\",\"name\":\"Ola Josefsson\",\"description\":\"Bevakar Solkusten och Spanien sedan 1994.\",\"sameAs\":[\"https:\\\/\\\/lightweb.dev\\\/l\\\/svm-temp\"],\"url\":\"https:\\\/\\\/lightweb.dev\\\/l\\\/svm-temp\\\/reporter\\\/ola-josefsson\\\/\"}]}<\/script>\n<!-- \/ Yoast SEO Premium plugin. -->","yoast_head_json":{"title":"F\u00e4rre br\u00e4nder i Andalusien i sommar - Svenska Magasinet","description":"Det rapporteras om omfattande skogsbr\u00e4nder i \u00f6stra Medelhavet. Andalusien i s\u00f6dra Spanien har bara 700 hektar brunnit fram till juli m\u00e5nad i \u00e5r.Det \u00e4r n\u00e4stan sju g\u00e5nger mindre \u00e4n genomsnittet.","robots":{"index":"noindex","follow":"follow","max-snippet":"max-snippet:-1","max-image-preview":"max-image-preview:large","max-video-preview":"max-video-preview:-1"},"og_locale":"sv_SE","og_type":"article","og_title":"F\u00e4rre br\u00e4nder i Andalusien i sommar","og_description":"Det rapporteras om omfattande skogsbr\u00e4nder i \u00f6stra Medelhavet. Andalusien i s\u00f6dra Spanien har bara 700 hektar brunnit fram till juli m\u00e5nad i \u00e5r.Det \u00e4r n\u00e4stan sju g\u00e5nger mindre \u00e4n genomsnittet.","og_url":"https:\/\/lightweb.dev\/l\/svm-temp\/nyheter\/farre-brander-i-andalusien-an-normalt-senaste-decenniet\/","og_site_name":"Svenska Magasinet","article_publisher":"https:\/\/www.facebook.com\/svenskamagasinet","article_published_time":"2023-08-01T08:03:53+00:00","article_modified_time":"2023-08-01T08:17:44+00:00","og_image":[{"width":1280,"height":960,"url":"https:\/\/lightweb.dev\/l\/svm-temp\/wp-content\/uploads\/2023\/08\/F2UCSaRWsAEkdvQ-stor.jpeg","type":"image\/jpeg"}],"author":"Ola Josefsson","twitter_card":"summary_large_image","twitter_creator":"@SvenskaMagasine","twitter_site":"@SvenskaMagasine","schema":{"@context":"https:\/\/schema.org","@graph":[{"@type":"Article","@id":"https:\/\/lightweb.dev\/l\/svm-temp\/nyheter\/farre-brander-i-andalusien-an-normalt-senaste-decenniet\/#article","isPartOf":{"@id":"https:\/\/lightweb.dev\/l\/svm-temp\/nyheter\/farre-brander-i-andalusien-an-normalt-senaste-decenniet\/"},"author":{"name":"Ola Josefsson","@id":"https:\/\/lightweb.dev\/l\/svm-temp\/#\/schema\/person\/7a82b8a73d171d32360a564b6d03508e"},"headline":"F\u00e4rre br\u00e4nder i Andalusien i sommar","datePublished":"2023-08-01T08:03:53+00:00","dateModified":"2023-08-01T08:17:44+00:00","mainEntityOfPage":{"@id":"https:\/\/lightweb.dev\/l\/svm-temp\/nyheter\/farre-brander-i-andalusien-an-normalt-senaste-decenniet\/"},"wordCount":262,"commentCount":2,"publisher":{"@id":"https:\/\/lightweb.dev\/l\/svm-temp\/#organization"},"image":{"@id":"https:\/\/lightweb.dev\/l\/svm-temp\/nyheter\/farre-brander-i-andalusien-an-normalt-senaste-decenniet\/#primaryimage"},"thumbnailUrl":"https:\/\/lightweb.dev\/l\/svm-temp\/wp-content\/uploads\/2023\/08\/F2UCSaRWsAEkdvQ-stor.jpeg","articleSection":["Arkiv","Nyheter"],"inLanguage":"sv-SE"},{"@type":"WebPage","@id":"https:\/\/lightweb.dev\/l\/svm-temp\/nyheter\/farre-brander-i-andalusien-an-normalt-senaste-decenniet\/","url":"https:\/\/lightweb.dev\/l\/svm-temp\/nyheter\/farre-brander-i-andalusien-an-normalt-senaste-decenniet\/","name":"F\u00e4rre br\u00e4nder i Andalusien i sommar - Svenska Magasinet","isPartOf":{"@id":"https:\/\/lightweb.dev\/l\/svm-temp\/#website"},"primaryImageOfPage":{"@id":"https:\/\/lightweb.dev\/l\/svm-temp\/nyheter\/farre-brander-i-andalusien-an-normalt-senaste-decenniet\/#primaryimage"},"image":{"@id":"https:\/\/lightweb.dev\/l\/svm-temp\/nyheter\/farre-brander-i-andalusien-an-normalt-senaste-decenniet\/#primaryimage"},"thumbnailUrl":"https:\/\/lightweb.dev\/l\/svm-temp\/wp-content\/uploads\/2023\/08\/F2UCSaRWsAEkdvQ-stor.jpeg","datePublished":"2023-08-01T08:03:53+00:00","dateModified":"2023-08-01T08:17:44+00:00","description":"Det rapporteras om omfattande skogsbr\u00e4nder i \u00f6stra Medelhavet. Andalusien i s\u00f6dra Spanien har bara 700 hektar brunnit fram till juli m\u00e5nad i \u00e5r.Det \u00e4r n\u00e4stan sju g\u00e5nger mindre \u00e4n genomsnittet.","breadcrumb":{"@id":"https:\/\/lightweb.dev\/l\/svm-temp\/nyheter\/farre-brander-i-andalusien-an-normalt-senaste-decenniet\/#breadcrumb"},"inLanguage":"sv-SE","potentialAction":[{"@type":"ReadAction","target":["https:\/\/lightweb.dev\/l\/svm-temp\/nyheter\/farre-brander-i-andalusien-an-normalt-senaste-decenniet\/"]}]},{"@type":"ImageObject","inLanguage":"sv-SE","@id":"https:\/\/lightweb.dev\/l\/svm-temp\/nyheter\/farre-brander-i-andalusien-an-normalt-senaste-decenniet\/#primaryimage","url":"https:\/\/lightweb.dev\/l\/svm-temp\/wp-content\/uploads\/2023\/08\/F2UCSaRWsAEkdvQ-stor.jpeg","contentUrl":"https:\/\/lightweb.dev\/l\/svm-temp\/wp-content\/uploads\/2023\/08\/F2UCSaRWsAEkdvQ-stor.jpeg","width":1280,"height":960,"caption":"Fr\u00e5n utsiktstorn spanar brandbek\u00e4mpningen f\u00f6r att uppt\u00e4cka skogsbr\u00e4nder i tid."},{"@type":"BreadcrumbList","@id":"https:\/\/lightweb.dev\/l\/svm-temp\/nyheter\/farre-brander-i-andalusien-an-normalt-senaste-decenniet\/#breadcrumb","itemListElement":[{"@type":"ListItem","position":1,"name":"Hem","item":"https:\/\/lightweb.dev\/l\/svm-temp\/"},{"@type":"ListItem","position":2,"name":"F\u00e4rre br\u00e4nder i Andalusien i sommar"}]},{"@type":"WebSite","@id":"https:\/\/lightweb.dev\/l\/svm-temp\/#website","url":"https:\/\/lightweb.dev\/l\/svm-temp\/","name":"Svenska Magasinet","description":"Dina Spanska nyheter p&aring; Svenska","publisher":{"@id":"https:\/\/lightweb.dev\/l\/svm-temp\/#organization"},"potentialAction":[{"@type":"SearchAction","target":{"@type":"EntryPoint","urlTemplate":"https:\/\/lightweb.dev\/l\/svm-temp\/?s={search_term_string}"},"query-input":{"@type":"PropertyValueSpecification","valueRequired":true,"valueName":"search_term_string"}}],"inLanguage":"sv-SE"},{"@type":"Organization","@id":"https:\/\/lightweb.dev\/l\/svm-temp\/#organization","name":"Melkerson y Nott SL","alternateName":"Svenska Magasinet","url":"https:\/\/lightweb.dev\/l\/svm-temp\/","logo":{"@type":"ImageObject","inLanguage":"sv-SE","@id":"https:\/\/lightweb.dev\/l\/svm-temp\/#\/schema\/logo\/image\/","url":"https:\/\/lightweb.dev\/l\/svm-temp\/wp-content\/uploads\/2025\/02\/SvM-logo-Xtra-Centrerad-SVART.png","contentUrl":"https:\/\/lightweb.dev\/l\/svm-temp\/wp-content\/uploads\/2025\/02\/SvM-logo-Xtra-Centrerad-SVART.png","width":300,"height":99,"caption":"Melkerson y Nott SL"},"image":{"@id":"https:\/\/lightweb.dev\/l\/svm-temp\/#\/schema\/logo\/image\/"},"sameAs":["https:\/\/www.facebook.com\/svenskamagasinet","https:\/\/x.com\/SvenskaMagasine"]},{"@type":"Person","@id":"https:\/\/lightweb.dev\/l\/svm-temp\/#\/schema\/person\/7a82b8a73d171d32360a564b6d03508e","name":"Ola Josefsson","description":"Bevakar Solkusten och Spanien sedan 1994.","sameAs":["https:\/\/lightweb.dev\/l\/svm-temp"],"url":"https:\/\/lightweb.dev\/l\/svm-temp\/reporter\/ola-josefsson\/"}]}},"_links":{"self":[{"href":"https:\/\/lightweb.dev\/l\/svm-temp\/wp-json\/wp\/v2\/posts\/65429","targetHints":{"allow":["GET"]}}],"collection":[{"href":"https:\/\/lightweb.dev\/l\/svm-temp\/wp-json\/wp\/v2\/posts"}],"about":[{"href":"https:\/\/lightweb.dev\/l\/svm-temp\/wp-json\/wp\/v2\/types\/post"}],"author":[{"embeddable":true,"href":"https:\/\/lightweb.dev\/l\/svm-temp\/wp-json\/wp\/v2\/users\/7"}],"replies":[{"embeddable":true,"href":"https:\/\/lightweb.dev\/l\/svm-temp\/wp-json\/wp\/v2\/comments?post=65429"}],"version-history":[{"count":0,"href":"https:\/\/lightweb.dev\/l\/svm-temp\/wp-json\/wp\/v2\/posts\/65429\/revisions"}],"wp:featuredmedia":[{"embeddable":true,"href":"https:\/\/lightweb.dev\/l\/svm-temp\/wp-json\/wp\/v2\/media\/65431"}],"wp:attachment":[{"href":"https:\/\/lightweb.dev\/l\/svm-temp\/wp-json\/wp\/v2\/media?parent=65429"}],"wp:term":[{"taxonomy":"category","embeddable":true,"href":"https:\/\/lightweb.dev\/l\/svm-temp\/wp-json\/wp\/v2\/categories?post=65429"},{"taxonomy":"post_tag","embeddable":true,"href":"https:\/\/lightweb.dev\/l\/svm-temp\/wp-json\/wp\/v2\/tags?post=65429"}],"curies":[{"name":"wp","href":"https:\/\/api.w.org\/{rel}","templated":true}]}}