{"id":65437,"date":"2023-08-01T11:54:00","date_gmt":"2023-08-01T09:54:00","guid":{"rendered":"https:\/\/lightweb.dev\/l\/svm-temp\/?p=65437"},"modified":"2023-08-01T12:04:26","modified_gmt":"2023-08-01T10:04:26","slug":"uppdrag-granskning-marbella-slar-tittarrekord","status":"publish","type":"post","link":"https:\/\/lightweb.dev\/l\/svm-temp\/nyheter\/uppdrag-granskning-marbella-slar-tittarrekord\/","title":{"rendered":"Uppdrag granskning: Marbella sl\u00e5r tittarrekord"},"content":{"rendered":"<p><strong>Marbella \u00e4r hetare \u00e4n n\u00e5gonsin. N\u00e4r Sveriges Televisions samh\u00e4llsprogram Uppdrag granskning valde att g\u00f6ra ett program om Marbellasvenskarna sk\u00f6t tittarsiffrorna i h\u00f6jden.<\/strong><\/p>\n<p>Axel Bj\u00f6rklund, ansvarig utgivare och projektledare f\u00f6r Uppdrag granskning:<\/p>\n<p>\u2013 Gl\u00e4djande att svenska folket har hittat till denna serie om plus och minus med den spanska Solkusten. Kanske har regnet i Sverige och l\u00e4ngtan s\u00f6derut hj\u00e4lpt till \u2013 oavsett \u00e4r det v\u00e4ldigt v\u00e4rdefullt f\u00f6r oss p\u00e5 Uppdrag granskning att kunna bidra till samh\u00e4llsdebatten och tittandet \u00e4ven p\u00e5 sommaren som normalt \u00e4r l\u00e5gs\u00e4song f\u00f6r oss.<\/p>\n<h2>120.000 f\u00f6rsta veckan<\/h2>\n<p>Det blev tittarrekord f\u00f6r Uppdrag granskning p\u00e5 SVT Play under f\u00f6rsta veckan med 120.000. Och d\u00e5 \u00e4r antalet faktiska tittare dessutom h\u00f6gre eftersom det ofta \u00e4r mer \u00e4n en person som tittar samtidigt.<\/p>\n<h2 class=\"entry-title\">L\u00e4s mer: <a href=\"https:\/\/lightweb.dev\/l\/svm-temp\/nyheter\/uppdrag-granskning-svensk-gangkriminalitet-pa-export\/\">Uppdrag Granskning: Svensk g\u00e4ngkriminalitet p\u00e5 export<\/a><\/h2>\n<p>&#8211; Vi har f\u00e5tt m\u00e5nga positiva reaktioner p\u00e5 Uppdrag gransknings serie om Marbella. Efter tre veckor hade programmet 210.000 tittare p\u00e5 SVT Play, s\u00e4ger Lars-G\u00f6ran Svensson, redakt\u00f6r, och Rebecka Montelius, reporter, till Svenska Magasinet.<\/p>\n<p>Dessutom har omkring 70 procent av de som sett f\u00f6rsta avsnittet fortsatt att se alla fyra 30-minutersavsnitten.<\/p>\n<h2>Lockat \u00f6ver 50 \u00e5r<\/h2>\n<p>Solkusten och Marbella har lockat svenskar i \u00f6ver 50 \u00e5r. Artister och sk\u00e5despelare som Alice Babs, Sylvia Vrethammar, Dolph Lundgren bidrog till att s\u00e4tta platsen p\u00e5 kartan.<\/p>\n<p>Sedan tio-femton \u00e5r \u00e4r Marbella hetare \u00e4n n\u00e5gonsin. K\u00e4ndisar, influencers, m\u00e4klare och vanliga svenskar har hittat sitt paradis i Marbella.<\/p>\n<p>Men det finns ocks\u00e5 en annan bild.<\/p>\n<p>Fr\u00e5n ekobrottslingar har det kriminella klientelet som v\u00e4ljer det ljuva livet i Marbella f\u00f6r\u00e4ndrats. De senaste \u00e5ren har Marbella ocks\u00e5 f\u00f6rknippats med g\u00e4ngkriminalitet, torpeder, penningtv\u00e4tt och narkotikahandel med kopplingar till Sverige.<\/p>\n<p>Om det var Sylvia Vrethammar som sj\u00f6ng om Marbella i l\u00e5ten \u201dEviva Espa\u00f1a\u201d 1973 s\u00e5 \u00e4r det numera unga gangsterrappare som sjunger om Marbella.<\/p>\n<h2>Polissamarbete<\/h2>\n<p>Den senaste tiden har bilden hos den spansk polisen f\u00f6r\u00e4ndrats. Spanien \u00e4r numera det land som Sverige samarbetar mest med inom polisi\u00e4ra \u00e4renden.<\/p>\n<h2 class=\"entry-title\">L\u00e4s mer: <a href=\"https:\/\/lightweb.dev\/l\/svm-temp\/nyheter\/polissamarbete-mellan-spanien-och-sverige-ska-satta-stopp-for-gangkriminaliteten\/\">Polissamarbete mellan Spanien och Sverige ska s\u00e4tta stopp f\u00f6r g\u00e4ngkriminaliteten<\/a><\/h2>\n<p>Och Solkusten \u00e4r navet. N\u00e4ra tusen kriminella svenska medborgare har kopplingar till Marbellaomr\u00e5det.<\/p>\n<p>De fyra avsnitten p\u00e5 vardera trettio minuter i serien Uppdrag granskning: Marbella finns att se p\u00e5 SVT Play.<\/p>\n<p>De fyra avsnitten kommer att klippas ihop till tv\u00e5 delar p\u00e5 vardera en timme f\u00f6r att visas p\u00e5 tv i b\u00f6rjan p\u00e5 september, s\u00e4ger Rebecka Montelius.<\/p>\n<p>Redaktionen vid Uppdrag granskning planerar att g\u00f6ra en uppf\u00f6ljning d\u00e5 flera r\u00e4tteg\u00e5ngar v\u00e4ntar fram\u00f6ver.<\/p>\n<p><a href=\"https:\/\/www.svtplay.se\/uppdrag-granskning-marbella\">Du kan klicka h\u00e4r och se Uppdrag granskning: Marbella<\/a><\/p>\n","protected":false},"excerpt":{"rendered":"<p>Marbella \u00e4r hetare \u00e4n n\u00e5gonsin. N\u00e4r Sveriges Televisions samh\u00e4llsprogram Uppdrag granskning valde att g\u00f6ra ett program om Marbellasvenskarna sk\u00f6t tittarsiffrorna i h\u00f6jden&#8230;<\/p>\n","protected":false},"author":7,"featured_media":64269,"comment_status":"open","ping_status":"closed","sticky":false,"template":"","format":"standard","meta":{"_et_pb_use_builder":"","_et_pb_old_content":"","_et_gb_content_width":"","footnotes":""},"categories":[395,3],"tags":[],"class_list":["post-65437","post","type-post","status-publish","format-standard","has-post-thumbnail","hentry","category-arkiv-nyheter","category-nyheter"],"yoast_head":"<!-- This site is optimized with the Yoast SEO Premium plugin v26.2 (Yoast SEO v27.4) - https:\/\/yoast.com\/product\/yoast-seo-premium-wordpress\/ -->\n<title>Uppdrag granskning: Marbella sl\u00e5r tittarrekord - Svenska Magasinet<\/title>\n<meta name=\"description\" content=\"Marbella \u00e4r hetare \u00e4n n\u00e5gonsin. N\u00e4r Sveriges Televisions samh\u00e4llsprogram Uppdrag granskning valde att g\u00f6ra ett program om Marbellasvenskarna sk\u00f6t tittarsiffrorna i h\u00f6jden.\" \/>\n<meta name=\"robots\" content=\"noindex, follow, max-snippet:-1, max-image-preview:large, max-video-preview:-1\" \/>\n<meta property=\"og:locale\" content=\"sv_SE\" \/>\n<meta property=\"og:type\" content=\"article\" \/>\n<meta property=\"og:title\" content=\"Uppdrag granskning: Marbella sl\u00e5r tittarrekord\" \/>\n<meta property=\"og:description\" content=\"Marbella \u00e4r hetare \u00e4n n\u00e5gonsin. N\u00e4r Sveriges Televisions samh\u00e4llsprogram Uppdrag granskning valde att g\u00f6ra ett program om Marbellasvenskarna sk\u00f6t tittarsiffrorna i h\u00f6jden.\" \/>\n<meta property=\"og:url\" content=\"https:\/\/lightweb.dev\/l\/svm-temp\/nyheter\/uppdrag-granskning-marbella-slar-tittarrekord\/\" \/>\n<meta property=\"og:site_name\" content=\"Svenska Magasinet\" \/>\n<meta property=\"article:publisher\" content=\"https:\/\/www.facebook.com\/svenskamagasinet\" \/>\n<meta property=\"article:published_time\" content=\"2023-08-01T09:54:00+00:00\" \/>\n<meta property=\"article:modified_time\" content=\"2023-08-01T10:04:26+00:00\" \/>\n<meta property=\"og:image\" content=\"https:\/\/lightweb.dev\/l\/svm-temp\/wp-content\/uploads\/2023\/06\/Marbella-foto-SVT-stor.jpeg\" \/>\n\t<meta property=\"og:image:width\" content=\"1280\" \/>\n\t<meta property=\"og:image:height\" content=\"720\" \/>\n\t<meta property=\"og:image:type\" content=\"image\/jpeg\" \/>\n<meta name=\"author\" content=\"Ola Josefsson\" \/>\n<meta name=\"twitter:card\" content=\"summary_large_image\" \/>\n<meta name=\"twitter:creator\" content=\"@SvenskaMagasine\" \/>\n<meta name=\"twitter:site\" content=\"@SvenskaMagasine\" \/>\n<script type=\"application\/ld+json\" class=\"yoast-schema-graph\">{\"@context\":\"https:\\\/\\\/schema.org\",\"@graph\":[{\"@type\":\"Article\",\"@id\":\"https:\\\/\\\/lightweb.dev\\\/l\\\/svm-temp\\\/nyheter\\\/uppdrag-granskning-marbella-slar-tittarrekord\\\/#article\",\"isPartOf\":{\"@id\":\"https:\\\/\\\/lightweb.dev\\\/l\\\/svm-temp\\\/nyheter\\\/uppdrag-granskning-marbella-slar-tittarrekord\\\/\"},\"author\":{\"name\":\"Ola Josefsson\",\"@id\":\"https:\\\/\\\/lightweb.dev\\\/l\\\/svm-temp\\\/#\\\/schema\\\/person\\\/7a82b8a73d171d32360a564b6d03508e\"},\"headline\":\"Uppdrag granskning: Marbella sl\u00e5r tittarrekord\",\"datePublished\":\"2023-08-01T09:54:00+00:00\",\"dateModified\":\"2023-08-01T10:04:26+00:00\",\"mainEntityOfPage\":{\"@id\":\"https:\\\/\\\/lightweb.dev\\\/l\\\/svm-temp\\\/nyheter\\\/uppdrag-granskning-marbella-slar-tittarrekord\\\/\"},\"wordCount\":472,\"commentCount\":1,\"publisher\":{\"@id\":\"https:\\\/\\\/lightweb.dev\\\/l\\\/svm-temp\\\/#organization\"},\"image\":{\"@id\":\"https:\\\/\\\/lightweb.dev\\\/l\\\/svm-temp\\\/nyheter\\\/uppdrag-granskning-marbella-slar-tittarrekord\\\/#primaryimage\"},\"thumbnailUrl\":\"https:\\\/\\\/lightweb.dev\\\/l\\\/svm-temp\\\/wp-content\\\/uploads\\\/2023\\\/06\\\/Marbella-foto-SVT-stor.jpeg\",\"articleSection\":[\"Arkiv\",\"Nyheter\"],\"inLanguage\":\"sv-SE\"},{\"@type\":\"WebPage\",\"@id\":\"https:\\\/\\\/lightweb.dev\\\/l\\\/svm-temp\\\/nyheter\\\/uppdrag-granskning-marbella-slar-tittarrekord\\\/\",\"url\":\"https:\\\/\\\/lightweb.dev\\\/l\\\/svm-temp\\\/nyheter\\\/uppdrag-granskning-marbella-slar-tittarrekord\\\/\",\"name\":\"Uppdrag granskning: Marbella sl\u00e5r tittarrekord - Svenska Magasinet\",\"isPartOf\":{\"@id\":\"https:\\\/\\\/lightweb.dev\\\/l\\\/svm-temp\\\/#website\"},\"primaryImageOfPage\":{\"@id\":\"https:\\\/\\\/lightweb.dev\\\/l\\\/svm-temp\\\/nyheter\\\/uppdrag-granskning-marbella-slar-tittarrekord\\\/#primaryimage\"},\"image\":{\"@id\":\"https:\\\/\\\/lightweb.dev\\\/l\\\/svm-temp\\\/nyheter\\\/uppdrag-granskning-marbella-slar-tittarrekord\\\/#primaryimage\"},\"thumbnailUrl\":\"https:\\\/\\\/lightweb.dev\\\/l\\\/svm-temp\\\/wp-content\\\/uploads\\\/2023\\\/06\\\/Marbella-foto-SVT-stor.jpeg\",\"datePublished\":\"2023-08-01T09:54:00+00:00\",\"dateModified\":\"2023-08-01T10:04:26+00:00\",\"description\":\"Marbella \u00e4r hetare \u00e4n n\u00e5gonsin. N\u00e4r Sveriges Televisions samh\u00e4llsprogram Uppdrag granskning valde att g\u00f6ra ett program om Marbellasvenskarna sk\u00f6t tittarsiffrorna i h\u00f6jden.\",\"breadcrumb\":{\"@id\":\"https:\\\/\\\/lightweb.dev\\\/l\\\/svm-temp\\\/nyheter\\\/uppdrag-granskning-marbella-slar-tittarrekord\\\/#breadcrumb\"},\"inLanguage\":\"sv-SE\",\"potentialAction\":[{\"@type\":\"ReadAction\",\"target\":[\"https:\\\/\\\/lightweb.dev\\\/l\\\/svm-temp\\\/nyheter\\\/uppdrag-granskning-marbella-slar-tittarrekord\\\/\"]}]},{\"@type\":\"ImageObject\",\"inLanguage\":\"sv-SE\",\"@id\":\"https:\\\/\\\/lightweb.dev\\\/l\\\/svm-temp\\\/nyheter\\\/uppdrag-granskning-marbella-slar-tittarrekord\\\/#primaryimage\",\"url\":\"https:\\\/\\\/lightweb.dev\\\/l\\\/svm-temp\\\/wp-content\\\/uploads\\\/2023\\\/06\\\/Marbella-foto-SVT-stor.jpeg\",\"contentUrl\":\"https:\\\/\\\/lightweb.dev\\\/l\\\/svm-temp\\\/wp-content\\\/uploads\\\/2023\\\/06\\\/Marbella-foto-SVT-stor.jpeg\",\"width\":1280,\"height\":720,\"caption\":\"I Uppdrag granskning: Marbella m\u00f6ter du k\u00e4ndisar, influencers, m\u00e4klare och vanliga svenskar som alla hittat sitt paradis. (Foto: Sveriges Television)\"},{\"@type\":\"BreadcrumbList\",\"@id\":\"https:\\\/\\\/lightweb.dev\\\/l\\\/svm-temp\\\/nyheter\\\/uppdrag-granskning-marbella-slar-tittarrekord\\\/#breadcrumb\",\"itemListElement\":[{\"@type\":\"ListItem\",\"position\":1,\"name\":\"Hem\",\"item\":\"https:\\\/\\\/lightweb.dev\\\/l\\\/svm-temp\\\/\"},{\"@type\":\"ListItem\",\"position\":2,\"name\":\"Uppdrag granskning: Marbella sl\u00e5r tittarrekord\"}]},{\"@type\":\"WebSite\",\"@id\":\"https:\\\/\\\/lightweb.dev\\\/l\\\/svm-temp\\\/#website\",\"url\":\"https:\\\/\\\/lightweb.dev\\\/l\\\/svm-temp\\\/\",\"name\":\"Svenska Magasinet\",\"description\":\"Dina Spanska nyheter p&aring; Svenska\",\"publisher\":{\"@id\":\"https:\\\/\\\/lightweb.dev\\\/l\\\/svm-temp\\\/#organization\"},\"potentialAction\":[{\"@type\":\"SearchAction\",\"target\":{\"@type\":\"EntryPoint\",\"urlTemplate\":\"https:\\\/\\\/lightweb.dev\\\/l\\\/svm-temp\\\/?s={search_term_string}\"},\"query-input\":{\"@type\":\"PropertyValueSpecification\",\"valueRequired\":true,\"valueName\":\"search_term_string\"}}],\"inLanguage\":\"sv-SE\"},{\"@type\":\"Organization\",\"@id\":\"https:\\\/\\\/lightweb.dev\\\/l\\\/svm-temp\\\/#organization\",\"name\":\"Melkerson y Nott SL\",\"alternateName\":\"Svenska Magasinet\",\"url\":\"https:\\\/\\\/lightweb.dev\\\/l\\\/svm-temp\\\/\",\"logo\":{\"@type\":\"ImageObject\",\"inLanguage\":\"sv-SE\",\"@id\":\"https:\\\/\\\/lightweb.dev\\\/l\\\/svm-temp\\\/#\\\/schema\\\/logo\\\/image\\\/\",\"url\":\"https:\\\/\\\/lightweb.dev\\\/l\\\/svm-temp\\\/wp-content\\\/uploads\\\/2025\\\/02\\\/SvM-logo-Xtra-Centrerad-SVART.png\",\"contentUrl\":\"https:\\\/\\\/lightweb.dev\\\/l\\\/svm-temp\\\/wp-content\\\/uploads\\\/2025\\\/02\\\/SvM-logo-Xtra-Centrerad-SVART.png\",\"width\":300,\"height\":99,\"caption\":\"Melkerson y Nott SL\"},\"image\":{\"@id\":\"https:\\\/\\\/lightweb.dev\\\/l\\\/svm-temp\\\/#\\\/schema\\\/logo\\\/image\\\/\"},\"sameAs\":[\"https:\\\/\\\/www.facebook.com\\\/svenskamagasinet\",\"https:\\\/\\\/x.com\\\/SvenskaMagasine\"]},{\"@type\":\"Person\",\"@id\":\"https:\\\/\\\/lightweb.dev\\\/l\\\/svm-temp\\\/#\\\/schema\\\/person\\\/7a82b8a73d171d32360a564b6d03508e\",\"name\":\"Ola Josefsson\",\"description\":\"Bevakar Solkusten och Spanien sedan 1994.\",\"sameAs\":[\"https:\\\/\\\/lightweb.dev\\\/l\\\/svm-temp\"],\"url\":\"https:\\\/\\\/lightweb.dev\\\/l\\\/svm-temp\\\/reporter\\\/ola-josefsson\\\/\"}]}<\/script>\n<!-- \/ Yoast SEO Premium plugin. -->","yoast_head_json":{"title":"Uppdrag granskning: Marbella sl\u00e5r tittarrekord - Svenska Magasinet","description":"Marbella \u00e4r hetare \u00e4n n\u00e5gonsin. N\u00e4r Sveriges Televisions samh\u00e4llsprogram Uppdrag granskning valde att g\u00f6ra ett program om Marbellasvenskarna sk\u00f6t tittarsiffrorna i h\u00f6jden.","robots":{"index":"noindex","follow":"follow","max-snippet":"max-snippet:-1","max-image-preview":"max-image-preview:large","max-video-preview":"max-video-preview:-1"},"og_locale":"sv_SE","og_type":"article","og_title":"Uppdrag granskning: Marbella sl\u00e5r tittarrekord","og_description":"Marbella \u00e4r hetare \u00e4n n\u00e5gonsin. N\u00e4r Sveriges Televisions samh\u00e4llsprogram Uppdrag granskning valde att g\u00f6ra ett program om Marbellasvenskarna sk\u00f6t tittarsiffrorna i h\u00f6jden.","og_url":"https:\/\/lightweb.dev\/l\/svm-temp\/nyheter\/uppdrag-granskning-marbella-slar-tittarrekord\/","og_site_name":"Svenska Magasinet","article_publisher":"https:\/\/www.facebook.com\/svenskamagasinet","article_published_time":"2023-08-01T09:54:00+00:00","article_modified_time":"2023-08-01T10:04:26+00:00","og_image":[{"width":1280,"height":720,"url":"https:\/\/lightweb.dev\/l\/svm-temp\/wp-content\/uploads\/2023\/06\/Marbella-foto-SVT-stor.jpeg","type":"image\/jpeg"}],"author":"Ola Josefsson","twitter_card":"summary_large_image","twitter_creator":"@SvenskaMagasine","twitter_site":"@SvenskaMagasine","schema":{"@context":"https:\/\/schema.org","@graph":[{"@type":"Article","@id":"https:\/\/lightweb.dev\/l\/svm-temp\/nyheter\/uppdrag-granskning-marbella-slar-tittarrekord\/#article","isPartOf":{"@id":"https:\/\/lightweb.dev\/l\/svm-temp\/nyheter\/uppdrag-granskning-marbella-slar-tittarrekord\/"},"author":{"name":"Ola Josefsson","@id":"https:\/\/lightweb.dev\/l\/svm-temp\/#\/schema\/person\/7a82b8a73d171d32360a564b6d03508e"},"headline":"Uppdrag granskning: Marbella sl\u00e5r tittarrekord","datePublished":"2023-08-01T09:54:00+00:00","dateModified":"2023-08-01T10:04:26+00:00","mainEntityOfPage":{"@id":"https:\/\/lightweb.dev\/l\/svm-temp\/nyheter\/uppdrag-granskning-marbella-slar-tittarrekord\/"},"wordCount":472,"commentCount":1,"publisher":{"@id":"https:\/\/lightweb.dev\/l\/svm-temp\/#organization"},"image":{"@id":"https:\/\/lightweb.dev\/l\/svm-temp\/nyheter\/uppdrag-granskning-marbella-slar-tittarrekord\/#primaryimage"},"thumbnailUrl":"https:\/\/lightweb.dev\/l\/svm-temp\/wp-content\/uploads\/2023\/06\/Marbella-foto-SVT-stor.jpeg","articleSection":["Arkiv","Nyheter"],"inLanguage":"sv-SE"},{"@type":"WebPage","@id":"https:\/\/lightweb.dev\/l\/svm-temp\/nyheter\/uppdrag-granskning-marbella-slar-tittarrekord\/","url":"https:\/\/lightweb.dev\/l\/svm-temp\/nyheter\/uppdrag-granskning-marbella-slar-tittarrekord\/","name":"Uppdrag granskning: Marbella sl\u00e5r tittarrekord - Svenska Magasinet","isPartOf":{"@id":"https:\/\/lightweb.dev\/l\/svm-temp\/#website"},"primaryImageOfPage":{"@id":"https:\/\/lightweb.dev\/l\/svm-temp\/nyheter\/uppdrag-granskning-marbella-slar-tittarrekord\/#primaryimage"},"image":{"@id":"https:\/\/lightweb.dev\/l\/svm-temp\/nyheter\/uppdrag-granskning-marbella-slar-tittarrekord\/#primaryimage"},"thumbnailUrl":"https:\/\/lightweb.dev\/l\/svm-temp\/wp-content\/uploads\/2023\/06\/Marbella-foto-SVT-stor.jpeg","datePublished":"2023-08-01T09:54:00+00:00","dateModified":"2023-08-01T10:04:26+00:00","description":"Marbella \u00e4r hetare \u00e4n n\u00e5gonsin. N\u00e4r Sveriges Televisions samh\u00e4llsprogram Uppdrag granskning valde att g\u00f6ra ett program om Marbellasvenskarna sk\u00f6t tittarsiffrorna i h\u00f6jden.","breadcrumb":{"@id":"https:\/\/lightweb.dev\/l\/svm-temp\/nyheter\/uppdrag-granskning-marbella-slar-tittarrekord\/#breadcrumb"},"inLanguage":"sv-SE","potentialAction":[{"@type":"ReadAction","target":["https:\/\/lightweb.dev\/l\/svm-temp\/nyheter\/uppdrag-granskning-marbella-slar-tittarrekord\/"]}]},{"@type":"ImageObject","inLanguage":"sv-SE","@id":"https:\/\/lightweb.dev\/l\/svm-temp\/nyheter\/uppdrag-granskning-marbella-slar-tittarrekord\/#primaryimage","url":"https:\/\/lightweb.dev\/l\/svm-temp\/wp-content\/uploads\/2023\/06\/Marbella-foto-SVT-stor.jpeg","contentUrl":"https:\/\/lightweb.dev\/l\/svm-temp\/wp-content\/uploads\/2023\/06\/Marbella-foto-SVT-stor.jpeg","width":1280,"height":720,"caption":"I Uppdrag granskning: Marbella m\u00f6ter du k\u00e4ndisar, influencers, m\u00e4klare och vanliga svenskar som alla hittat sitt paradis. (Foto: Sveriges Television)"},{"@type":"BreadcrumbList","@id":"https:\/\/lightweb.dev\/l\/svm-temp\/nyheter\/uppdrag-granskning-marbella-slar-tittarrekord\/#breadcrumb","itemListElement":[{"@type":"ListItem","position":1,"name":"Hem","item":"https:\/\/lightweb.dev\/l\/svm-temp\/"},{"@type":"ListItem","position":2,"name":"Uppdrag granskning: Marbella sl\u00e5r tittarrekord"}]},{"@type":"WebSite","@id":"https:\/\/lightweb.dev\/l\/svm-temp\/#website","url":"https:\/\/lightweb.dev\/l\/svm-temp\/","name":"Svenska Magasinet","description":"Dina Spanska nyheter p&aring; Svenska","publisher":{"@id":"https:\/\/lightweb.dev\/l\/svm-temp\/#organization"},"potentialAction":[{"@type":"SearchAction","target":{"@type":"EntryPoint","urlTemplate":"https:\/\/lightweb.dev\/l\/svm-temp\/?s={search_term_string}"},"query-input":{"@type":"PropertyValueSpecification","valueRequired":true,"valueName":"search_term_string"}}],"inLanguage":"sv-SE"},{"@type":"Organization","@id":"https:\/\/lightweb.dev\/l\/svm-temp\/#organization","name":"Melkerson y Nott SL","alternateName":"Svenska Magasinet","url":"https:\/\/lightweb.dev\/l\/svm-temp\/","logo":{"@type":"ImageObject","inLanguage":"sv-SE","@id":"https:\/\/lightweb.dev\/l\/svm-temp\/#\/schema\/logo\/image\/","url":"https:\/\/lightweb.dev\/l\/svm-temp\/wp-content\/uploads\/2025\/02\/SvM-logo-Xtra-Centrerad-SVART.png","contentUrl":"https:\/\/lightweb.dev\/l\/svm-temp\/wp-content\/uploads\/2025\/02\/SvM-logo-Xtra-Centrerad-SVART.png","width":300,"height":99,"caption":"Melkerson y Nott SL"},"image":{"@id":"https:\/\/lightweb.dev\/l\/svm-temp\/#\/schema\/logo\/image\/"},"sameAs":["https:\/\/www.facebook.com\/svenskamagasinet","https:\/\/x.com\/SvenskaMagasine"]},{"@type":"Person","@id":"https:\/\/lightweb.dev\/l\/svm-temp\/#\/schema\/person\/7a82b8a73d171d32360a564b6d03508e","name":"Ola Josefsson","description":"Bevakar Solkusten och Spanien sedan 1994.","sameAs":["https:\/\/lightweb.dev\/l\/svm-temp"],"url":"https:\/\/lightweb.dev\/l\/svm-temp\/reporter\/ola-josefsson\/"}]}},"_links":{"self":[{"href":"https:\/\/lightweb.dev\/l\/svm-temp\/wp-json\/wp\/v2\/posts\/65437","targetHints":{"allow":["GET"]}}],"collection":[{"href":"https:\/\/lightweb.dev\/l\/svm-temp\/wp-json\/wp\/v2\/posts"}],"about":[{"href":"https:\/\/lightweb.dev\/l\/svm-temp\/wp-json\/wp\/v2\/types\/post"}],"author":[{"embeddable":true,"href":"https:\/\/lightweb.dev\/l\/svm-temp\/wp-json\/wp\/v2\/users\/7"}],"replies":[{"embeddable":true,"href":"https:\/\/lightweb.dev\/l\/svm-temp\/wp-json\/wp\/v2\/comments?post=65437"}],"version-history":[{"count":0,"href":"https:\/\/lightweb.dev\/l\/svm-temp\/wp-json\/wp\/v2\/posts\/65437\/revisions"}],"wp:featuredmedia":[{"embeddable":true,"href":"https:\/\/lightweb.dev\/l\/svm-temp\/wp-json\/wp\/v2\/media\/64269"}],"wp:attachment":[{"href":"https:\/\/lightweb.dev\/l\/svm-temp\/wp-json\/wp\/v2\/media?parent=65437"}],"wp:term":[{"taxonomy":"category","embeddable":true,"href":"https:\/\/lightweb.dev\/l\/svm-temp\/wp-json\/wp\/v2\/categories?post=65437"},{"taxonomy":"post_tag","embeddable":true,"href":"https:\/\/lightweb.dev\/l\/svm-temp\/wp-json\/wp\/v2\/tags?post=65437"}],"curies":[{"name":"wp","href":"https:\/\/api.w.org\/{rel}","templated":true}]}}