{"id":655,"date":"2022-03-01T10:14:00","date_gmt":"2022-03-01T09:14:00","guid":{"rendered":"https:\/\/lightweb.dev\/l\/svm-temp\/podemos-kritiska-till-vapenleveranser-och-att-stoppa-pro-ryska-medier\/"},"modified":"2022-03-01T10:14:00","modified_gmt":"2022-03-01T09:14:00","slug":"podemos-kritiska-till-vapenleveranser-och-att-stoppa-pro-ryska-medier","status":"publish","type":"post","link":"https:\/\/lightweb.dev\/l\/svm-temp\/nyheter\/podemos-kritiska-till-vapenleveranser-och-att-stoppa-pro-ryska-medier\/","title":{"rendered":"Podemos kritiska till vapenleveranser och att stoppa pro-ryska medier"},"content":{"rendered":"<p> Fr\u00e5n att f\u00f6rst ha f\u00f6rd\u00f6mt Rysslands invasion i Ukraina s\u00e5 kommer nu kritik fr\u00e5n det v\u00e4nsterorienterade radikala partiet Podemos till att EU-l\u00e4nder f\u00f6rser Ukraina med en stor m\u00e4ngd luftv\u00e4rnssystem och 450 miljoner euro till att finansiera vapenk\u00f6p. Dessutom \u00e4r det fel att censurera pro-ryska medier som Russia Today och Sputnik, enligt Podemos.<br \/>\n Historiskt sett har den spanska v\u00e4nstern haft ett komplicerat f\u00f6rh\u00e5llande till Ryssland. Under inb\u00f6rdeskriget fick Stalin v\u00e4rldens fj\u00e4rde st\u00f6rsta guldreserv p\u00e5 635 ton. Det var betalningen fr\u00e5n den spanska republiken f\u00f6r sovjetiskt bist\u00e5nd i form av milit\u00e4r hj\u00e4lp.<\/p>\n<p>Efter att EU beslutat att f\u00f6rse Ukraina med 450 miljoner euro till k\u00f6p av en stor m\u00e4ngd luftv\u00e4rnssystem s\u00e5 kommer kritik fr\u00e5n Unidas Podemos ena talesperson Javier S\u00e1nchez Serna (bilden) som \u00e4ven \u00e4r partiets samordnare i Murcia.<\/p>\n<p>Vid en presstr\u00e4ff p\u00e5 m\u00e5ndagen sa S\u00e1nchez Serna att \u201ddet g\u00e5r inte att kriga i fredens namn\u201d. S\u00e4ndningen av krigsmaterial bidrar endast till att \u201d\u00f6ka upptrappningen av kriget\u201d. Konflikten b\u00f6r l\u00f6sas via samtal och diplomati.<\/p>\n<p>Podemos talesperson varnar ocks\u00e5 f\u00f6r en \u201dfarlig spiral\u201d med censur av rysk media \u00e4ven om det g\u00e4ller \u201dpropaganda\u201d.<\/p>\n<p>Informationsfrihet ska r\u00e5da och risken finns att Ryssland inf\u00f6r f\u00f6rbud av utl\u00e4ndska korrespondenter i landet.<\/p>\n<p>Spaniens v\u00e4nsterpartier Podemos och Izquierda Unida har tidigare f\u00f6rd\u00f6mt att Spanien som NATO-land skickar trupper till Svarta havet.<\/p>\n<p>Podemos vill att EU och Spanien ska fokusera p\u00e5 att skicka humanit\u00e4rt bist\u00e5nd och skydda m\u00e4nniskor som flyr fr\u00e5n kriget.<\/p>\n<p>Den svenska regeringen har meddelat att de skickar krigsmaterial till Ukraina. Att Sverige skickar krigsmaterial till ett krig har inte skett sedan 1939. Den g\u00e5ngen angrep Sovjetunionen Finland.<\/p>\n<p>L\u00e4s mer: DIA:s \u00e4gare tar avst\u00e5nd fr\u00e5n Putin &#8211; EU f\u00f6rv\u00e4ntas frysa hans tillg\u00e5ngar<\/p>\n","protected":false},"excerpt":{"rendered":"<p>Fr\u00e5n att f\u00f6rst ha f\u00f6rd\u00f6mt Rysslands invasion i Ukraina s\u00e5 kommer nu kritik fr\u00e5n det v\u00e4nsterorienterade radikala partiet Podemos till att EU-l\u00e4nder f\u00f6rser Ukraina med en stor m\u00e4ngd luftv\u00e4rnssystem och 450 miljoner euro till att finansiera vapenk\u00f6p. Dessutom \u00e4r det fel att censurera pro-ryska medier som Russia Today och Sputnik, enligt Podemos. Historiskt sett har [&hellip;]<\/p>\n","protected":false},"author":7,"featured_media":656,"comment_status":"open","ping_status":"open","sticky":false,"template":"","format":"standard","meta":{"_et_pb_use_builder":"","_et_pb_old_content":"","_et_gb_content_width":"","footnotes":""},"categories":[395,3],"tags":[],"class_list":["post-655","post","type-post","status-publish","format-standard","has-post-thumbnail","hentry","category-arkiv-nyheter","category-nyheter"],"yoast_head":"<!-- This site is optimized with the Yoast SEO Premium plugin v26.2 (Yoast SEO v27.4) - https:\/\/yoast.com\/product\/yoast-seo-premium-wordpress\/ -->\n<title>Podemos kritiska till vapenleveranser och att stoppa pro-ryska medier - Svenska Magasinet<\/title>\n<meta name=\"robots\" content=\"noindex, follow, max-snippet:-1, max-image-preview:large, max-video-preview:-1\" \/>\n<meta property=\"og:locale\" content=\"sv_SE\" \/>\n<meta property=\"og:type\" content=\"article\" \/>\n<meta property=\"og:title\" content=\"Podemos kritiska till vapenleveranser och att stoppa pro-ryska medier\" \/>\n<meta property=\"og:description\" content=\"Fr\u00e5n att f\u00f6rst ha f\u00f6rd\u00f6mt Rysslands invasion i Ukraina s\u00e5 kommer nu kritik fr\u00e5n det v\u00e4nsterorienterade radikala partiet Podemos till att EU-l\u00e4nder f\u00f6rser Ukraina med en stor m\u00e4ngd luftv\u00e4rnssystem och 450 miljoner euro till att finansiera vapenk\u00f6p. Dessutom \u00e4r det fel att censurera pro-ryska medier som Russia Today och Sputnik, enligt Podemos. Historiskt sett har [&hellip;]\" \/>\n<meta property=\"og:url\" content=\"https:\/\/lightweb.dev\/l\/svm-temp\/nyheter\/podemos-kritiska-till-vapenleveranser-och-att-stoppa-pro-ryska-medier\/\" \/>\n<meta property=\"og:site_name\" content=\"Svenska Magasinet\" \/>\n<meta property=\"article:publisher\" content=\"https:\/\/www.facebook.com\/svenskamagasinet\" \/>\n<meta property=\"article:published_time\" content=\"2022-03-01T09:14:00+00:00\" \/>\n<meta property=\"og:image\" content=\"https:\/\/lightweb.dev\/l\/svm-temp\/wp-content\/uploads\/2022\/04\/podemos-kritiska-till-vapenleveranser-och-att-stoppa-pro-ryska-medier.png\" \/>\n\t<meta property=\"og:image:width\" content=\"500\" \/>\n\t<meta property=\"og:image:height\" content=\"301\" \/>\n\t<meta property=\"og:image:type\" content=\"image\/png\" \/>\n<meta name=\"author\" content=\"Ola Josefsson\" \/>\n<meta name=\"twitter:card\" content=\"summary_large_image\" \/>\n<meta name=\"twitter:creator\" content=\"@SvenskaMagasine\" \/>\n<meta name=\"twitter:site\" content=\"@SvenskaMagasine\" \/>\n<script type=\"application\/ld+json\" class=\"yoast-schema-graph\">{\"@context\":\"https:\\\/\\\/schema.org\",\"@graph\":[{\"@type\":\"Article\",\"@id\":\"https:\\\/\\\/lightweb.dev\\\/l\\\/svm-temp\\\/nyheter\\\/podemos-kritiska-till-vapenleveranser-och-att-stoppa-pro-ryska-medier\\\/#article\",\"isPartOf\":{\"@id\":\"https:\\\/\\\/lightweb.dev\\\/l\\\/svm-temp\\\/nyheter\\\/podemos-kritiska-till-vapenleveranser-och-att-stoppa-pro-ryska-medier\\\/\"},\"author\":{\"name\":\"Ola Josefsson\",\"@id\":\"https:\\\/\\\/lightweb.dev\\\/l\\\/svm-temp\\\/#\\\/schema\\\/person\\\/7a82b8a73d171d32360a564b6d03508e\"},\"headline\":\"Podemos kritiska till vapenleveranser och att stoppa pro-ryska medier\",\"datePublished\":\"2022-03-01T09:14:00+00:00\",\"mainEntityOfPage\":{\"@id\":\"https:\\\/\\\/lightweb.dev\\\/l\\\/svm-temp\\\/nyheter\\\/podemos-kritiska-till-vapenleveranser-och-att-stoppa-pro-ryska-medier\\\/\"},\"wordCount\":337,\"commentCount\":0,\"publisher\":{\"@id\":\"https:\\\/\\\/lightweb.dev\\\/l\\\/svm-temp\\\/#organization\"},\"image\":{\"@id\":\"https:\\\/\\\/lightweb.dev\\\/l\\\/svm-temp\\\/nyheter\\\/podemos-kritiska-till-vapenleveranser-och-att-stoppa-pro-ryska-medier\\\/#primaryimage\"},\"thumbnailUrl\":\"https:\\\/\\\/lightweb.dev\\\/l\\\/svm-temp\\\/wp-content\\\/uploads\\\/2022\\\/04\\\/podemos-kritiska-till-vapenleveranser-och-att-stoppa-pro-ryska-medier.png\",\"articleSection\":[\"Arkiv\",\"Nyheter\"],\"inLanguage\":\"sv-SE\"},{\"@type\":\"WebPage\",\"@id\":\"https:\\\/\\\/lightweb.dev\\\/l\\\/svm-temp\\\/nyheter\\\/podemos-kritiska-till-vapenleveranser-och-att-stoppa-pro-ryska-medier\\\/\",\"url\":\"https:\\\/\\\/lightweb.dev\\\/l\\\/svm-temp\\\/nyheter\\\/podemos-kritiska-till-vapenleveranser-och-att-stoppa-pro-ryska-medier\\\/\",\"name\":\"Podemos kritiska till vapenleveranser och att stoppa pro-ryska medier - Svenska Magasinet\",\"isPartOf\":{\"@id\":\"https:\\\/\\\/lightweb.dev\\\/l\\\/svm-temp\\\/#website\"},\"primaryImageOfPage\":{\"@id\":\"https:\\\/\\\/lightweb.dev\\\/l\\\/svm-temp\\\/nyheter\\\/podemos-kritiska-till-vapenleveranser-och-att-stoppa-pro-ryska-medier\\\/#primaryimage\"},\"image\":{\"@id\":\"https:\\\/\\\/lightweb.dev\\\/l\\\/svm-temp\\\/nyheter\\\/podemos-kritiska-till-vapenleveranser-och-att-stoppa-pro-ryska-medier\\\/#primaryimage\"},\"thumbnailUrl\":\"https:\\\/\\\/lightweb.dev\\\/l\\\/svm-temp\\\/wp-content\\\/uploads\\\/2022\\\/04\\\/podemos-kritiska-till-vapenleveranser-och-att-stoppa-pro-ryska-medier.png\",\"datePublished\":\"2022-03-01T09:14:00+00:00\",\"breadcrumb\":{\"@id\":\"https:\\\/\\\/lightweb.dev\\\/l\\\/svm-temp\\\/nyheter\\\/podemos-kritiska-till-vapenleveranser-och-att-stoppa-pro-ryska-medier\\\/#breadcrumb\"},\"inLanguage\":\"sv-SE\",\"potentialAction\":[{\"@type\":\"ReadAction\",\"target\":[\"https:\\\/\\\/lightweb.dev\\\/l\\\/svm-temp\\\/nyheter\\\/podemos-kritiska-till-vapenleveranser-och-att-stoppa-pro-ryska-medier\\\/\"]}]},{\"@type\":\"ImageObject\",\"inLanguage\":\"sv-SE\",\"@id\":\"https:\\\/\\\/lightweb.dev\\\/l\\\/svm-temp\\\/nyheter\\\/podemos-kritiska-till-vapenleveranser-och-att-stoppa-pro-ryska-medier\\\/#primaryimage\",\"url\":\"https:\\\/\\\/lightweb.dev\\\/l\\\/svm-temp\\\/wp-content\\\/uploads\\\/2022\\\/04\\\/podemos-kritiska-till-vapenleveranser-och-att-stoppa-pro-ryska-medier.png\",\"contentUrl\":\"https:\\\/\\\/lightweb.dev\\\/l\\\/svm-temp\\\/wp-content\\\/uploads\\\/2022\\\/04\\\/podemos-kritiska-till-vapenleveranser-och-att-stoppa-pro-ryska-medier.png\",\"width\":500,\"height\":301},{\"@type\":\"BreadcrumbList\",\"@id\":\"https:\\\/\\\/lightweb.dev\\\/l\\\/svm-temp\\\/nyheter\\\/podemos-kritiska-till-vapenleveranser-och-att-stoppa-pro-ryska-medier\\\/#breadcrumb\",\"itemListElement\":[{\"@type\":\"ListItem\",\"position\":1,\"name\":\"Hem\",\"item\":\"https:\\\/\\\/lightweb.dev\\\/l\\\/svm-temp\\\/\"},{\"@type\":\"ListItem\",\"position\":2,\"name\":\"Podemos kritiska till vapenleveranser och att stoppa pro-ryska medier\"}]},{\"@type\":\"WebSite\",\"@id\":\"https:\\\/\\\/lightweb.dev\\\/l\\\/svm-temp\\\/#website\",\"url\":\"https:\\\/\\\/lightweb.dev\\\/l\\\/svm-temp\\\/\",\"name\":\"Svenska Magasinet\",\"description\":\"Dina Spanska nyheter p&aring; Svenska\",\"publisher\":{\"@id\":\"https:\\\/\\\/lightweb.dev\\\/l\\\/svm-temp\\\/#organization\"},\"potentialAction\":[{\"@type\":\"SearchAction\",\"target\":{\"@type\":\"EntryPoint\",\"urlTemplate\":\"https:\\\/\\\/lightweb.dev\\\/l\\\/svm-temp\\\/?s={search_term_string}\"},\"query-input\":{\"@type\":\"PropertyValueSpecification\",\"valueRequired\":true,\"valueName\":\"search_term_string\"}}],\"inLanguage\":\"sv-SE\"},{\"@type\":\"Organization\",\"@id\":\"https:\\\/\\\/lightweb.dev\\\/l\\\/svm-temp\\\/#organization\",\"name\":\"Melkerson y Nott SL\",\"alternateName\":\"Svenska Magasinet\",\"url\":\"https:\\\/\\\/lightweb.dev\\\/l\\\/svm-temp\\\/\",\"logo\":{\"@type\":\"ImageObject\",\"inLanguage\":\"sv-SE\",\"@id\":\"https:\\\/\\\/lightweb.dev\\\/l\\\/svm-temp\\\/#\\\/schema\\\/logo\\\/image\\\/\",\"url\":\"https:\\\/\\\/lightweb.dev\\\/l\\\/svm-temp\\\/wp-content\\\/uploads\\\/2025\\\/02\\\/SvM-logo-Xtra-Centrerad-SVART.png\",\"contentUrl\":\"https:\\\/\\\/lightweb.dev\\\/l\\\/svm-temp\\\/wp-content\\\/uploads\\\/2025\\\/02\\\/SvM-logo-Xtra-Centrerad-SVART.png\",\"width\":300,\"height\":99,\"caption\":\"Melkerson y Nott SL\"},\"image\":{\"@id\":\"https:\\\/\\\/lightweb.dev\\\/l\\\/svm-temp\\\/#\\\/schema\\\/logo\\\/image\\\/\"},\"sameAs\":[\"https:\\\/\\\/www.facebook.com\\\/svenskamagasinet\",\"https:\\\/\\\/x.com\\\/SvenskaMagasine\"]},{\"@type\":\"Person\",\"@id\":\"https:\\\/\\\/lightweb.dev\\\/l\\\/svm-temp\\\/#\\\/schema\\\/person\\\/7a82b8a73d171d32360a564b6d03508e\",\"name\":\"Ola Josefsson\",\"description\":\"Bevakar Solkusten och Spanien sedan 1994.\",\"sameAs\":[\"https:\\\/\\\/lightweb.dev\\\/l\\\/svm-temp\"],\"url\":\"https:\\\/\\\/lightweb.dev\\\/l\\\/svm-temp\\\/reporter\\\/ola-josefsson\\\/\"}]}<\/script>\n<!-- \/ Yoast SEO Premium plugin. -->","yoast_head_json":{"title":"Podemos kritiska till vapenleveranser och att stoppa pro-ryska medier - Svenska Magasinet","robots":{"index":"noindex","follow":"follow","max-snippet":"max-snippet:-1","max-image-preview":"max-image-preview:large","max-video-preview":"max-video-preview:-1"},"og_locale":"sv_SE","og_type":"article","og_title":"Podemos kritiska till vapenleveranser och att stoppa pro-ryska medier","og_description":"Fr\u00e5n att f\u00f6rst ha f\u00f6rd\u00f6mt Rysslands invasion i Ukraina s\u00e5 kommer nu kritik fr\u00e5n det v\u00e4nsterorienterade radikala partiet Podemos till att EU-l\u00e4nder f\u00f6rser Ukraina med en stor m\u00e4ngd luftv\u00e4rnssystem och 450 miljoner euro till att finansiera vapenk\u00f6p. Dessutom \u00e4r det fel att censurera pro-ryska medier som Russia Today och Sputnik, enligt Podemos. Historiskt sett har [&hellip;]","og_url":"https:\/\/lightweb.dev\/l\/svm-temp\/nyheter\/podemos-kritiska-till-vapenleveranser-och-att-stoppa-pro-ryska-medier\/","og_site_name":"Svenska Magasinet","article_publisher":"https:\/\/www.facebook.com\/svenskamagasinet","article_published_time":"2022-03-01T09:14:00+00:00","og_image":[{"width":500,"height":301,"url":"https:\/\/lightweb.dev\/l\/svm-temp\/wp-content\/uploads\/2022\/04\/podemos-kritiska-till-vapenleveranser-och-att-stoppa-pro-ryska-medier.png","type":"image\/png"}],"author":"Ola Josefsson","twitter_card":"summary_large_image","twitter_creator":"@SvenskaMagasine","twitter_site":"@SvenskaMagasine","schema":{"@context":"https:\/\/schema.org","@graph":[{"@type":"Article","@id":"https:\/\/lightweb.dev\/l\/svm-temp\/nyheter\/podemos-kritiska-till-vapenleveranser-och-att-stoppa-pro-ryska-medier\/#article","isPartOf":{"@id":"https:\/\/lightweb.dev\/l\/svm-temp\/nyheter\/podemos-kritiska-till-vapenleveranser-och-att-stoppa-pro-ryska-medier\/"},"author":{"name":"Ola Josefsson","@id":"https:\/\/lightweb.dev\/l\/svm-temp\/#\/schema\/person\/7a82b8a73d171d32360a564b6d03508e"},"headline":"Podemos kritiska till vapenleveranser och att stoppa pro-ryska medier","datePublished":"2022-03-01T09:14:00+00:00","mainEntityOfPage":{"@id":"https:\/\/lightweb.dev\/l\/svm-temp\/nyheter\/podemos-kritiska-till-vapenleveranser-och-att-stoppa-pro-ryska-medier\/"},"wordCount":337,"commentCount":0,"publisher":{"@id":"https:\/\/lightweb.dev\/l\/svm-temp\/#organization"},"image":{"@id":"https:\/\/lightweb.dev\/l\/svm-temp\/nyheter\/podemos-kritiska-till-vapenleveranser-och-att-stoppa-pro-ryska-medier\/#primaryimage"},"thumbnailUrl":"https:\/\/lightweb.dev\/l\/svm-temp\/wp-content\/uploads\/2022\/04\/podemos-kritiska-till-vapenleveranser-och-att-stoppa-pro-ryska-medier.png","articleSection":["Arkiv","Nyheter"],"inLanguage":"sv-SE"},{"@type":"WebPage","@id":"https:\/\/lightweb.dev\/l\/svm-temp\/nyheter\/podemos-kritiska-till-vapenleveranser-och-att-stoppa-pro-ryska-medier\/","url":"https:\/\/lightweb.dev\/l\/svm-temp\/nyheter\/podemos-kritiska-till-vapenleveranser-och-att-stoppa-pro-ryska-medier\/","name":"Podemos kritiska till vapenleveranser och att stoppa pro-ryska medier - Svenska Magasinet","isPartOf":{"@id":"https:\/\/lightweb.dev\/l\/svm-temp\/#website"},"primaryImageOfPage":{"@id":"https:\/\/lightweb.dev\/l\/svm-temp\/nyheter\/podemos-kritiska-till-vapenleveranser-och-att-stoppa-pro-ryska-medier\/#primaryimage"},"image":{"@id":"https:\/\/lightweb.dev\/l\/svm-temp\/nyheter\/podemos-kritiska-till-vapenleveranser-och-att-stoppa-pro-ryska-medier\/#primaryimage"},"thumbnailUrl":"https:\/\/lightweb.dev\/l\/svm-temp\/wp-content\/uploads\/2022\/04\/podemos-kritiska-till-vapenleveranser-och-att-stoppa-pro-ryska-medier.png","datePublished":"2022-03-01T09:14:00+00:00","breadcrumb":{"@id":"https:\/\/lightweb.dev\/l\/svm-temp\/nyheter\/podemos-kritiska-till-vapenleveranser-och-att-stoppa-pro-ryska-medier\/#breadcrumb"},"inLanguage":"sv-SE","potentialAction":[{"@type":"ReadAction","target":["https:\/\/lightweb.dev\/l\/svm-temp\/nyheter\/podemos-kritiska-till-vapenleveranser-och-att-stoppa-pro-ryska-medier\/"]}]},{"@type":"ImageObject","inLanguage":"sv-SE","@id":"https:\/\/lightweb.dev\/l\/svm-temp\/nyheter\/podemos-kritiska-till-vapenleveranser-och-att-stoppa-pro-ryska-medier\/#primaryimage","url":"https:\/\/lightweb.dev\/l\/svm-temp\/wp-content\/uploads\/2022\/04\/podemos-kritiska-till-vapenleveranser-och-att-stoppa-pro-ryska-medier.png","contentUrl":"https:\/\/lightweb.dev\/l\/svm-temp\/wp-content\/uploads\/2022\/04\/podemos-kritiska-till-vapenleveranser-och-att-stoppa-pro-ryska-medier.png","width":500,"height":301},{"@type":"BreadcrumbList","@id":"https:\/\/lightweb.dev\/l\/svm-temp\/nyheter\/podemos-kritiska-till-vapenleveranser-och-att-stoppa-pro-ryska-medier\/#breadcrumb","itemListElement":[{"@type":"ListItem","position":1,"name":"Hem","item":"https:\/\/lightweb.dev\/l\/svm-temp\/"},{"@type":"ListItem","position":2,"name":"Podemos kritiska till vapenleveranser och att stoppa pro-ryska medier"}]},{"@type":"WebSite","@id":"https:\/\/lightweb.dev\/l\/svm-temp\/#website","url":"https:\/\/lightweb.dev\/l\/svm-temp\/","name":"Svenska Magasinet","description":"Dina Spanska nyheter p&aring; Svenska","publisher":{"@id":"https:\/\/lightweb.dev\/l\/svm-temp\/#organization"},"potentialAction":[{"@type":"SearchAction","target":{"@type":"EntryPoint","urlTemplate":"https:\/\/lightweb.dev\/l\/svm-temp\/?s={search_term_string}"},"query-input":{"@type":"PropertyValueSpecification","valueRequired":true,"valueName":"search_term_string"}}],"inLanguage":"sv-SE"},{"@type":"Organization","@id":"https:\/\/lightweb.dev\/l\/svm-temp\/#organization","name":"Melkerson y Nott SL","alternateName":"Svenska Magasinet","url":"https:\/\/lightweb.dev\/l\/svm-temp\/","logo":{"@type":"ImageObject","inLanguage":"sv-SE","@id":"https:\/\/lightweb.dev\/l\/svm-temp\/#\/schema\/logo\/image\/","url":"https:\/\/lightweb.dev\/l\/svm-temp\/wp-content\/uploads\/2025\/02\/SvM-logo-Xtra-Centrerad-SVART.png","contentUrl":"https:\/\/lightweb.dev\/l\/svm-temp\/wp-content\/uploads\/2025\/02\/SvM-logo-Xtra-Centrerad-SVART.png","width":300,"height":99,"caption":"Melkerson y Nott SL"},"image":{"@id":"https:\/\/lightweb.dev\/l\/svm-temp\/#\/schema\/logo\/image\/"},"sameAs":["https:\/\/www.facebook.com\/svenskamagasinet","https:\/\/x.com\/SvenskaMagasine"]},{"@type":"Person","@id":"https:\/\/lightweb.dev\/l\/svm-temp\/#\/schema\/person\/7a82b8a73d171d32360a564b6d03508e","name":"Ola Josefsson","description":"Bevakar Solkusten och Spanien sedan 1994.","sameAs":["https:\/\/lightweb.dev\/l\/svm-temp"],"url":"https:\/\/lightweb.dev\/l\/svm-temp\/reporter\/ola-josefsson\/"}]}},"_links":{"self":[{"href":"https:\/\/lightweb.dev\/l\/svm-temp\/wp-json\/wp\/v2\/posts\/655","targetHints":{"allow":["GET"]}}],"collection":[{"href":"https:\/\/lightweb.dev\/l\/svm-temp\/wp-json\/wp\/v2\/posts"}],"about":[{"href":"https:\/\/lightweb.dev\/l\/svm-temp\/wp-json\/wp\/v2\/types\/post"}],"author":[{"embeddable":true,"href":"https:\/\/lightweb.dev\/l\/svm-temp\/wp-json\/wp\/v2\/users\/7"}],"replies":[{"embeddable":true,"href":"https:\/\/lightweb.dev\/l\/svm-temp\/wp-json\/wp\/v2\/comments?post=655"}],"version-history":[{"count":0,"href":"https:\/\/lightweb.dev\/l\/svm-temp\/wp-json\/wp\/v2\/posts\/655\/revisions"}],"wp:featuredmedia":[{"embeddable":true,"href":"https:\/\/lightweb.dev\/l\/svm-temp\/wp-json\/wp\/v2\/media\/656"}],"wp:attachment":[{"href":"https:\/\/lightweb.dev\/l\/svm-temp\/wp-json\/wp\/v2\/media?parent=655"}],"wp:term":[{"taxonomy":"category","embeddable":true,"href":"https:\/\/lightweb.dev\/l\/svm-temp\/wp-json\/wp\/v2\/categories?post=655"},{"taxonomy":"post_tag","embeddable":true,"href":"https:\/\/lightweb.dev\/l\/svm-temp\/wp-json\/wp\/v2\/tags?post=655"}],"curies":[{"name":"wp","href":"https:\/\/api.w.org\/{rel}","templated":true}]}}