{"id":657,"date":"2022-03-01T10:46:00","date_gmt":"2022-03-01T09:46:00","guid":{"rendered":"https:\/\/lightweb.dev\/l\/svm-temp\/overdodligheten-i-spanien-nara-12-procent\/"},"modified":"2022-03-01T10:46:00","modified_gmt":"2022-03-01T09:46:00","slug":"overdodligheten-i-spanien-nara-12-procent","status":"publish","type":"post","link":"https:\/\/lightweb.dev\/l\/svm-temp\/nyheter\/overdodligheten-i-spanien-nara-12-procent\/","title":{"rendered":"\u00d6verd\u00f6dligheten i Spanien n\u00e4ra 12 procent"},"content":{"rendered":"<p> Norge, Island och Sverige redovisar l\u00e4gst \u00f6verd\u00f6dlighet under pandemi\u00e5ren 2020-2021 medan Spanien hamnar i mitten p\u00e5 listan av Europas 27 l\u00e4nder. Det visar siffror fr\u00e5n Eurostat.<br \/>\n Spaniens \u00f6verd\u00f6dlighet under de tv\u00e5 pandemi\u00e5ren l\u00e5g p\u00e5 n\u00e4ra 12 procent. I b\u00f6rjan av pandemin hamnade Sveriges h\u00f6ga d\u00f6dstal i v\u00e4rldens fokus. Men Sveriges \u00f6verd\u00f6dlighet n\u00e4r b\u00e5de 2020 och 2021 summeras tillh\u00f6r nu de l\u00e4gsta i Europa, med 3,7 procent.<\/p>\n<p>Norge har l\u00e4gre med 1,7 procent men b\u00e5de Danmark (4,4) och Finland (4,5) har h\u00f6gre \u00f6verd\u00f6dlighet \u00e4n Sverige f\u00f6r \u00e5ren 2020-2021, skriver Svenska Dagbladet som redovisar statistiken fr\u00e5n Eurostat.<\/p>\n<p>Covid-19 har fr\u00e4mst drabbat personer \u00f6ver 70 \u00e5r h\u00e5rt och av den anledningen b\u00f6r man ta h\u00e4nsyn till \u00e5ldersf\u00f6rdelningen i befolkningen.<\/p>\n<p>Italien, Spanien och Frankrike \u00e4r de l\u00e4nder i Europa som har flest \u00e4ldre m\u00e4nniskor.<\/p>\n<p>H\u00f6gst \u00f6verd\u00f6dlighet i Europa under 2020-2021 hade Bulgarien med 24 procent f\u00f6ljt av Slovakien och Polen (n\u00e4ra 23%) och Slovenien (ca 14%).<\/p>\n<p>Spanien ligger p\u00e5 plats 13 av 27 l\u00e4nder.<\/p>\n<p>2020 avled 492.930 i Spanien vilket var den h\u00f6gsta siffran p\u00e5 100 \u00e5r visar siffror fr\u00e5n Spaniens motsvarighet till Statistiska centralbyr\u00e5n INE. Det var en \u00f6kning med 74.227 fler d\u00f6dsfall j\u00e4mf\u00f6rt med 2019. 1920 avled fler m\u00e4nniskor i Spanien, 494.540, i sviterna av spanska sjukan.<\/p>\n<p>2021 avled 452.140 personer i Spanien.<\/p>\n<p>Fotnot. Normalt d\u00f6r cirka 90.000 m\u00e4nniskor per \u00e5r i Sverige. Under 2020 registrerades drygt 98.000 d\u00f6dsfall. 2021 avled knappt 92.000 personer enligt statistik fr\u00e5n Statistiska centralbyr\u00e5n SCB.<\/p>\n","protected":false},"excerpt":{"rendered":"<p>Norge, Island och Sverige redovisar l\u00e4gst \u00f6verd\u00f6dlighet under pandemi\u00e5ren 2020-2021 medan Spanien hamnar i mitten p\u00e5 listan av Europas 27 l\u00e4nder. Det visar siffror fr\u00e5n Eurostat. Spaniens \u00f6verd\u00f6dlighet under de tv\u00e5 pandemi\u00e5ren l\u00e5g p\u00e5 n\u00e4ra 12 procent. I b\u00f6rjan av pandemin hamnade Sveriges h\u00f6ga d\u00f6dstal i v\u00e4rldens fokus. Men Sveriges \u00f6verd\u00f6dlighet n\u00e4r b\u00e5de 2020 och [&hellip;]<\/p>\n","protected":false},"author":7,"featured_media":658,"comment_status":"open","ping_status":"open","sticky":false,"template":"","format":"standard","meta":{"_et_pb_use_builder":"","_et_pb_old_content":"","_et_gb_content_width":"","footnotes":""},"categories":[395,3],"tags":[],"class_list":["post-657","post","type-post","status-publish","format-standard","has-post-thumbnail","hentry","category-arkiv-nyheter","category-nyheter"],"yoast_head":"<!-- This site is optimized with the Yoast SEO Premium plugin v26.2 (Yoast SEO v27.4) - https:\/\/yoast.com\/product\/yoast-seo-premium-wordpress\/ -->\n<title>\u00d6verd\u00f6dligheten i Spanien n\u00e4ra 12 procent - Svenska Magasinet<\/title>\n<meta name=\"robots\" content=\"noindex, follow, max-snippet:-1, max-image-preview:large, max-video-preview:-1\" \/>\n<meta property=\"og:locale\" content=\"sv_SE\" \/>\n<meta property=\"og:type\" content=\"article\" \/>\n<meta property=\"og:title\" content=\"\u00d6verd\u00f6dligheten i Spanien n\u00e4ra 12 procent\" \/>\n<meta property=\"og:description\" content=\"Norge, Island och Sverige redovisar l\u00e4gst \u00f6verd\u00f6dlighet under pandemi\u00e5ren 2020-2021 medan Spanien hamnar i mitten p\u00e5 listan av Europas 27 l\u00e4nder. Det visar siffror fr\u00e5n Eurostat. Spaniens \u00f6verd\u00f6dlighet under de tv\u00e5 pandemi\u00e5ren l\u00e5g p\u00e5 n\u00e4ra 12 procent. I b\u00f6rjan av pandemin hamnade Sveriges h\u00f6ga d\u00f6dstal i v\u00e4rldens fokus. Men Sveriges \u00f6verd\u00f6dlighet n\u00e4r b\u00e5de 2020 och [&hellip;]\" \/>\n<meta property=\"og:url\" content=\"https:\/\/lightweb.dev\/l\/svm-temp\/nyheter\/overdodligheten-i-spanien-nara-12-procent\/\" \/>\n<meta property=\"og:site_name\" content=\"Svenska Magasinet\" \/>\n<meta property=\"article:publisher\" content=\"https:\/\/www.facebook.com\/svenskamagasinet\" \/>\n<meta property=\"article:published_time\" content=\"2022-03-01T09:46:00+00:00\" \/>\n<meta property=\"og:image\" content=\"https:\/\/lightweb.dev\/l\/svm-temp\/wp-content\/uploads\/2022\/04\/verddligheten-i-spanien-nra-12-procent.png\" \/>\n\t<meta property=\"og:image:width\" content=\"500\" \/>\n\t<meta property=\"og:image:height\" content=\"300\" \/>\n\t<meta property=\"og:image:type\" content=\"image\/png\" \/>\n<meta name=\"author\" content=\"Ola Josefsson\" \/>\n<meta name=\"twitter:card\" content=\"summary_large_image\" \/>\n<meta name=\"twitter:creator\" content=\"@SvenskaMagasine\" \/>\n<meta name=\"twitter:site\" content=\"@SvenskaMagasine\" \/>\n<script type=\"application\/ld+json\" class=\"yoast-schema-graph\">{\"@context\":\"https:\\\/\\\/schema.org\",\"@graph\":[{\"@type\":\"Article\",\"@id\":\"https:\\\/\\\/lightweb.dev\\\/l\\\/svm-temp\\\/nyheter\\\/overdodligheten-i-spanien-nara-12-procent\\\/#article\",\"isPartOf\":{\"@id\":\"https:\\\/\\\/lightweb.dev\\\/l\\\/svm-temp\\\/nyheter\\\/overdodligheten-i-spanien-nara-12-procent\\\/\"},\"author\":{\"name\":\"Ola Josefsson\",\"@id\":\"https:\\\/\\\/lightweb.dev\\\/l\\\/svm-temp\\\/#\\\/schema\\\/person\\\/7a82b8a73d171d32360a564b6d03508e\"},\"headline\":\"\u00d6verd\u00f6dligheten i Spanien n\u00e4ra 12 procent\",\"datePublished\":\"2022-03-01T09:46:00+00:00\",\"mainEntityOfPage\":{\"@id\":\"https:\\\/\\\/lightweb.dev\\\/l\\\/svm-temp\\\/nyheter\\\/overdodligheten-i-spanien-nara-12-procent\\\/\"},\"wordCount\":265,\"commentCount\":0,\"publisher\":{\"@id\":\"https:\\\/\\\/lightweb.dev\\\/l\\\/svm-temp\\\/#organization\"},\"image\":{\"@id\":\"https:\\\/\\\/lightweb.dev\\\/l\\\/svm-temp\\\/nyheter\\\/overdodligheten-i-spanien-nara-12-procent\\\/#primaryimage\"},\"thumbnailUrl\":\"https:\\\/\\\/lightweb.dev\\\/l\\\/svm-temp\\\/wp-content\\\/uploads\\\/2022\\\/04\\\/verddligheten-i-spanien-nra-12-procent.png\",\"articleSection\":[\"Arkiv\",\"Nyheter\"],\"inLanguage\":\"sv-SE\"},{\"@type\":\"WebPage\",\"@id\":\"https:\\\/\\\/lightweb.dev\\\/l\\\/svm-temp\\\/nyheter\\\/overdodligheten-i-spanien-nara-12-procent\\\/\",\"url\":\"https:\\\/\\\/lightweb.dev\\\/l\\\/svm-temp\\\/nyheter\\\/overdodligheten-i-spanien-nara-12-procent\\\/\",\"name\":\"\u00d6verd\u00f6dligheten i Spanien n\u00e4ra 12 procent - Svenska Magasinet\",\"isPartOf\":{\"@id\":\"https:\\\/\\\/lightweb.dev\\\/l\\\/svm-temp\\\/#website\"},\"primaryImageOfPage\":{\"@id\":\"https:\\\/\\\/lightweb.dev\\\/l\\\/svm-temp\\\/nyheter\\\/overdodligheten-i-spanien-nara-12-procent\\\/#primaryimage\"},\"image\":{\"@id\":\"https:\\\/\\\/lightweb.dev\\\/l\\\/svm-temp\\\/nyheter\\\/overdodligheten-i-spanien-nara-12-procent\\\/#primaryimage\"},\"thumbnailUrl\":\"https:\\\/\\\/lightweb.dev\\\/l\\\/svm-temp\\\/wp-content\\\/uploads\\\/2022\\\/04\\\/verddligheten-i-spanien-nra-12-procent.png\",\"datePublished\":\"2022-03-01T09:46:00+00:00\",\"breadcrumb\":{\"@id\":\"https:\\\/\\\/lightweb.dev\\\/l\\\/svm-temp\\\/nyheter\\\/overdodligheten-i-spanien-nara-12-procent\\\/#breadcrumb\"},\"inLanguage\":\"sv-SE\",\"potentialAction\":[{\"@type\":\"ReadAction\",\"target\":[\"https:\\\/\\\/lightweb.dev\\\/l\\\/svm-temp\\\/nyheter\\\/overdodligheten-i-spanien-nara-12-procent\\\/\"]}]},{\"@type\":\"ImageObject\",\"inLanguage\":\"sv-SE\",\"@id\":\"https:\\\/\\\/lightweb.dev\\\/l\\\/svm-temp\\\/nyheter\\\/overdodligheten-i-spanien-nara-12-procent\\\/#primaryimage\",\"url\":\"https:\\\/\\\/lightweb.dev\\\/l\\\/svm-temp\\\/wp-content\\\/uploads\\\/2022\\\/04\\\/verddligheten-i-spanien-nra-12-procent.png\",\"contentUrl\":\"https:\\\/\\\/lightweb.dev\\\/l\\\/svm-temp\\\/wp-content\\\/uploads\\\/2022\\\/04\\\/verddligheten-i-spanien-nra-12-procent.png\",\"width\":500,\"height\":300},{\"@type\":\"BreadcrumbList\",\"@id\":\"https:\\\/\\\/lightweb.dev\\\/l\\\/svm-temp\\\/nyheter\\\/overdodligheten-i-spanien-nara-12-procent\\\/#breadcrumb\",\"itemListElement\":[{\"@type\":\"ListItem\",\"position\":1,\"name\":\"Hem\",\"item\":\"https:\\\/\\\/lightweb.dev\\\/l\\\/svm-temp\\\/\"},{\"@type\":\"ListItem\",\"position\":2,\"name\":\"\u00d6verd\u00f6dligheten i Spanien n\u00e4ra 12 procent\"}]},{\"@type\":\"WebSite\",\"@id\":\"https:\\\/\\\/lightweb.dev\\\/l\\\/svm-temp\\\/#website\",\"url\":\"https:\\\/\\\/lightweb.dev\\\/l\\\/svm-temp\\\/\",\"name\":\"Svenska Magasinet\",\"description\":\"Dina Spanska nyheter p&aring; Svenska\",\"publisher\":{\"@id\":\"https:\\\/\\\/lightweb.dev\\\/l\\\/svm-temp\\\/#organization\"},\"potentialAction\":[{\"@type\":\"SearchAction\",\"target\":{\"@type\":\"EntryPoint\",\"urlTemplate\":\"https:\\\/\\\/lightweb.dev\\\/l\\\/svm-temp\\\/?s={search_term_string}\"},\"query-input\":{\"@type\":\"PropertyValueSpecification\",\"valueRequired\":true,\"valueName\":\"search_term_string\"}}],\"inLanguage\":\"sv-SE\"},{\"@type\":\"Organization\",\"@id\":\"https:\\\/\\\/lightweb.dev\\\/l\\\/svm-temp\\\/#organization\",\"name\":\"Melkerson y Nott SL\",\"alternateName\":\"Svenska Magasinet\",\"url\":\"https:\\\/\\\/lightweb.dev\\\/l\\\/svm-temp\\\/\",\"logo\":{\"@type\":\"ImageObject\",\"inLanguage\":\"sv-SE\",\"@id\":\"https:\\\/\\\/lightweb.dev\\\/l\\\/svm-temp\\\/#\\\/schema\\\/logo\\\/image\\\/\",\"url\":\"https:\\\/\\\/lightweb.dev\\\/l\\\/svm-temp\\\/wp-content\\\/uploads\\\/2025\\\/02\\\/SvM-logo-Xtra-Centrerad-SVART.png\",\"contentUrl\":\"https:\\\/\\\/lightweb.dev\\\/l\\\/svm-temp\\\/wp-content\\\/uploads\\\/2025\\\/02\\\/SvM-logo-Xtra-Centrerad-SVART.png\",\"width\":300,\"height\":99,\"caption\":\"Melkerson y Nott SL\"},\"image\":{\"@id\":\"https:\\\/\\\/lightweb.dev\\\/l\\\/svm-temp\\\/#\\\/schema\\\/logo\\\/image\\\/\"},\"sameAs\":[\"https:\\\/\\\/www.facebook.com\\\/svenskamagasinet\",\"https:\\\/\\\/x.com\\\/SvenskaMagasine\"]},{\"@type\":\"Person\",\"@id\":\"https:\\\/\\\/lightweb.dev\\\/l\\\/svm-temp\\\/#\\\/schema\\\/person\\\/7a82b8a73d171d32360a564b6d03508e\",\"name\":\"Ola Josefsson\",\"description\":\"Bevakar Solkusten och Spanien sedan 1994.\",\"sameAs\":[\"https:\\\/\\\/lightweb.dev\\\/l\\\/svm-temp\"],\"url\":\"https:\\\/\\\/lightweb.dev\\\/l\\\/svm-temp\\\/reporter\\\/ola-josefsson\\\/\"}]}<\/script>\n<!-- \/ Yoast SEO Premium plugin. -->","yoast_head_json":{"title":"\u00d6verd\u00f6dligheten i Spanien n\u00e4ra 12 procent - Svenska Magasinet","robots":{"index":"noindex","follow":"follow","max-snippet":"max-snippet:-1","max-image-preview":"max-image-preview:large","max-video-preview":"max-video-preview:-1"},"og_locale":"sv_SE","og_type":"article","og_title":"\u00d6verd\u00f6dligheten i Spanien n\u00e4ra 12 procent","og_description":"Norge, Island och Sverige redovisar l\u00e4gst \u00f6verd\u00f6dlighet under pandemi\u00e5ren 2020-2021 medan Spanien hamnar i mitten p\u00e5 listan av Europas 27 l\u00e4nder. Det visar siffror fr\u00e5n Eurostat. Spaniens \u00f6verd\u00f6dlighet under de tv\u00e5 pandemi\u00e5ren l\u00e5g p\u00e5 n\u00e4ra 12 procent. I b\u00f6rjan av pandemin hamnade Sveriges h\u00f6ga d\u00f6dstal i v\u00e4rldens fokus. Men Sveriges \u00f6verd\u00f6dlighet n\u00e4r b\u00e5de 2020 och [&hellip;]","og_url":"https:\/\/lightweb.dev\/l\/svm-temp\/nyheter\/overdodligheten-i-spanien-nara-12-procent\/","og_site_name":"Svenska Magasinet","article_publisher":"https:\/\/www.facebook.com\/svenskamagasinet","article_published_time":"2022-03-01T09:46:00+00:00","og_image":[{"width":500,"height":300,"url":"https:\/\/lightweb.dev\/l\/svm-temp\/wp-content\/uploads\/2022\/04\/verddligheten-i-spanien-nra-12-procent.png","type":"image\/png"}],"author":"Ola Josefsson","twitter_card":"summary_large_image","twitter_creator":"@SvenskaMagasine","twitter_site":"@SvenskaMagasine","schema":{"@context":"https:\/\/schema.org","@graph":[{"@type":"Article","@id":"https:\/\/lightweb.dev\/l\/svm-temp\/nyheter\/overdodligheten-i-spanien-nara-12-procent\/#article","isPartOf":{"@id":"https:\/\/lightweb.dev\/l\/svm-temp\/nyheter\/overdodligheten-i-spanien-nara-12-procent\/"},"author":{"name":"Ola Josefsson","@id":"https:\/\/lightweb.dev\/l\/svm-temp\/#\/schema\/person\/7a82b8a73d171d32360a564b6d03508e"},"headline":"\u00d6verd\u00f6dligheten i Spanien n\u00e4ra 12 procent","datePublished":"2022-03-01T09:46:00+00:00","mainEntityOfPage":{"@id":"https:\/\/lightweb.dev\/l\/svm-temp\/nyheter\/overdodligheten-i-spanien-nara-12-procent\/"},"wordCount":265,"commentCount":0,"publisher":{"@id":"https:\/\/lightweb.dev\/l\/svm-temp\/#organization"},"image":{"@id":"https:\/\/lightweb.dev\/l\/svm-temp\/nyheter\/overdodligheten-i-spanien-nara-12-procent\/#primaryimage"},"thumbnailUrl":"https:\/\/lightweb.dev\/l\/svm-temp\/wp-content\/uploads\/2022\/04\/verddligheten-i-spanien-nra-12-procent.png","articleSection":["Arkiv","Nyheter"],"inLanguage":"sv-SE"},{"@type":"WebPage","@id":"https:\/\/lightweb.dev\/l\/svm-temp\/nyheter\/overdodligheten-i-spanien-nara-12-procent\/","url":"https:\/\/lightweb.dev\/l\/svm-temp\/nyheter\/overdodligheten-i-spanien-nara-12-procent\/","name":"\u00d6verd\u00f6dligheten i Spanien n\u00e4ra 12 procent - Svenska Magasinet","isPartOf":{"@id":"https:\/\/lightweb.dev\/l\/svm-temp\/#website"},"primaryImageOfPage":{"@id":"https:\/\/lightweb.dev\/l\/svm-temp\/nyheter\/overdodligheten-i-spanien-nara-12-procent\/#primaryimage"},"image":{"@id":"https:\/\/lightweb.dev\/l\/svm-temp\/nyheter\/overdodligheten-i-spanien-nara-12-procent\/#primaryimage"},"thumbnailUrl":"https:\/\/lightweb.dev\/l\/svm-temp\/wp-content\/uploads\/2022\/04\/verddligheten-i-spanien-nra-12-procent.png","datePublished":"2022-03-01T09:46:00+00:00","breadcrumb":{"@id":"https:\/\/lightweb.dev\/l\/svm-temp\/nyheter\/overdodligheten-i-spanien-nara-12-procent\/#breadcrumb"},"inLanguage":"sv-SE","potentialAction":[{"@type":"ReadAction","target":["https:\/\/lightweb.dev\/l\/svm-temp\/nyheter\/overdodligheten-i-spanien-nara-12-procent\/"]}]},{"@type":"ImageObject","inLanguage":"sv-SE","@id":"https:\/\/lightweb.dev\/l\/svm-temp\/nyheter\/overdodligheten-i-spanien-nara-12-procent\/#primaryimage","url":"https:\/\/lightweb.dev\/l\/svm-temp\/wp-content\/uploads\/2022\/04\/verddligheten-i-spanien-nra-12-procent.png","contentUrl":"https:\/\/lightweb.dev\/l\/svm-temp\/wp-content\/uploads\/2022\/04\/verddligheten-i-spanien-nra-12-procent.png","width":500,"height":300},{"@type":"BreadcrumbList","@id":"https:\/\/lightweb.dev\/l\/svm-temp\/nyheter\/overdodligheten-i-spanien-nara-12-procent\/#breadcrumb","itemListElement":[{"@type":"ListItem","position":1,"name":"Hem","item":"https:\/\/lightweb.dev\/l\/svm-temp\/"},{"@type":"ListItem","position":2,"name":"\u00d6verd\u00f6dligheten i Spanien n\u00e4ra 12 procent"}]},{"@type":"WebSite","@id":"https:\/\/lightweb.dev\/l\/svm-temp\/#website","url":"https:\/\/lightweb.dev\/l\/svm-temp\/","name":"Svenska Magasinet","description":"Dina Spanska nyheter p&aring; Svenska","publisher":{"@id":"https:\/\/lightweb.dev\/l\/svm-temp\/#organization"},"potentialAction":[{"@type":"SearchAction","target":{"@type":"EntryPoint","urlTemplate":"https:\/\/lightweb.dev\/l\/svm-temp\/?s={search_term_string}"},"query-input":{"@type":"PropertyValueSpecification","valueRequired":true,"valueName":"search_term_string"}}],"inLanguage":"sv-SE"},{"@type":"Organization","@id":"https:\/\/lightweb.dev\/l\/svm-temp\/#organization","name":"Melkerson y Nott SL","alternateName":"Svenska Magasinet","url":"https:\/\/lightweb.dev\/l\/svm-temp\/","logo":{"@type":"ImageObject","inLanguage":"sv-SE","@id":"https:\/\/lightweb.dev\/l\/svm-temp\/#\/schema\/logo\/image\/","url":"https:\/\/lightweb.dev\/l\/svm-temp\/wp-content\/uploads\/2025\/02\/SvM-logo-Xtra-Centrerad-SVART.png","contentUrl":"https:\/\/lightweb.dev\/l\/svm-temp\/wp-content\/uploads\/2025\/02\/SvM-logo-Xtra-Centrerad-SVART.png","width":300,"height":99,"caption":"Melkerson y Nott SL"},"image":{"@id":"https:\/\/lightweb.dev\/l\/svm-temp\/#\/schema\/logo\/image\/"},"sameAs":["https:\/\/www.facebook.com\/svenskamagasinet","https:\/\/x.com\/SvenskaMagasine"]},{"@type":"Person","@id":"https:\/\/lightweb.dev\/l\/svm-temp\/#\/schema\/person\/7a82b8a73d171d32360a564b6d03508e","name":"Ola Josefsson","description":"Bevakar Solkusten och Spanien sedan 1994.","sameAs":["https:\/\/lightweb.dev\/l\/svm-temp"],"url":"https:\/\/lightweb.dev\/l\/svm-temp\/reporter\/ola-josefsson\/"}]}},"_links":{"self":[{"href":"https:\/\/lightweb.dev\/l\/svm-temp\/wp-json\/wp\/v2\/posts\/657","targetHints":{"allow":["GET"]}}],"collection":[{"href":"https:\/\/lightweb.dev\/l\/svm-temp\/wp-json\/wp\/v2\/posts"}],"about":[{"href":"https:\/\/lightweb.dev\/l\/svm-temp\/wp-json\/wp\/v2\/types\/post"}],"author":[{"embeddable":true,"href":"https:\/\/lightweb.dev\/l\/svm-temp\/wp-json\/wp\/v2\/users\/7"}],"replies":[{"embeddable":true,"href":"https:\/\/lightweb.dev\/l\/svm-temp\/wp-json\/wp\/v2\/comments?post=657"}],"version-history":[{"count":0,"href":"https:\/\/lightweb.dev\/l\/svm-temp\/wp-json\/wp\/v2\/posts\/657\/revisions"}],"wp:featuredmedia":[{"embeddable":true,"href":"https:\/\/lightweb.dev\/l\/svm-temp\/wp-json\/wp\/v2\/media\/658"}],"wp:attachment":[{"href":"https:\/\/lightweb.dev\/l\/svm-temp\/wp-json\/wp\/v2\/media?parent=657"}],"wp:term":[{"taxonomy":"category","embeddable":true,"href":"https:\/\/lightweb.dev\/l\/svm-temp\/wp-json\/wp\/v2\/categories?post=657"},{"taxonomy":"post_tag","embeddable":true,"href":"https:\/\/lightweb.dev\/l\/svm-temp\/wp-json\/wp\/v2\/tags?post=657"}],"curies":[{"name":"wp","href":"https:\/\/api.w.org\/{rel}","templated":true}]}}