{"id":659,"date":"2022-03-01T11:31:00","date_gmt":"2022-03-01T10:31:00","guid":{"rendered":"https:\/\/lightweb.dev\/l\/svm-temp\/dias-agare-tar-avstand-fran-putin-eu-forvantas-frysa-hans-tillgangar\/"},"modified":"2022-03-01T11:31:00","modified_gmt":"2022-03-01T10:31:00","slug":"dias-agare-tar-avstand-fran-putin-eu-forvantas-frysa-hans-tillgangar","status":"publish","type":"post","link":"https:\/\/lightweb.dev\/l\/svm-temp\/nyheter\/dias-agare-tar-avstand-fran-putin-eu-forvantas-frysa-hans-tillgangar\/","title":{"rendered":"DIA:s \u00e4gare tar avst\u00e5nd fr\u00e5n Putin &#8211; EU f\u00f6rv\u00e4ntas frysa hans tillg\u00e5ngar"},"content":{"rendered":"<p> \u201dKrig \u00e4r inte svaret. Detta m\u00e5ste stoppas\u201d s\u00e4ger Mikhail Fridman som pekas ut som rysk oligark i Spanien som \u00e4gare till livsmedelskedjan DIA. I ett brev till de anst\u00e4llda i LetterOne som \u00e4ger DIA tar Fridman avst\u00e5nd fr\u00e5n Putin.<br \/>\n Svenska Magasinet ber\u00e4ttade i fredags om Mikhail Fridman som en av de ryska oligarker som sticker ut i Spanien. Efter en strid i nationaldomstolen 2019 tog Fridman kontrollen \u00f6ver livsmedelskedjan Dia med 77 procent genom sitt f\u00f6retag LetterOne.<\/p>\n<p>Mikhail Fridman \u00e4r \u00e4gare till en av de fr\u00e4msta livsmedelskedjorna i Spanien. I ett brev till de anst\u00e4llda i LetterOne som \u00e4ger DIA tar den ryske oligarken avst\u00e5nd fr\u00e5n aggressionen mot Ukraina.<\/p>\n<p>\u201dKrig \u00e4r aldrig svaret och denna blodsutgjutelse m\u00e5ste upph\u00f6ra\u201d skriver Fridman.<\/p>\n<p>Dagstidningen El Mundo som citerar k\u00e4llor vid DIA har brevet riktats till anst\u00e4llda i moderbolaget. Mikhail Fridman blir bland de f\u00f6rsta av oligarkerna som tar avst\u00e5nd fr\u00e5n Putins aggressioner.<\/p>\n<p>\u201dJag \u00e4r aff\u00e4rsman med ansvar f\u00f6r flera tusen anst\u00e4llda i Ryssland och Ukraina och jag g\u00f6r inga politiska uttalanden. Jag \u00e4r dock \u00f6vertygad om att krig aldrig \u00e4r ett r\u00e4tt svar. Krisen kommer att kosta liv och skada tv\u00e5 nationer som har varit i familj i hundratals \u00e5r\u201d menar en kritisk Fridman som \u00e4r rysk medborgare men f\u00f6ddes i v\u00e4stra Ukraina av ukrainska medborgare.<\/p>\n<p>Enligt El Mundos uppgifter kontrollerar Mikhail Fridman 77 procent av DIA genom Letter One i Luxemburg till ett v\u00e4rde av 1,2 miljarder euro.<\/p>\n<p>I Ryssland har livsmedelskedjor monopolst\u00e4llning och det \u00e4r sv\u00e5rt med konkurrens om man inte \u00e4r en del av eliten n\u00e4ra Putin. Fridman \u00e4r en av fler ryska oligarker som har drabbats av brittiska sanktioner.<\/p>\n<p>Sanktionerna p\u00e5verkar Fridman som \u00e4r en av aktie\u00e4garna i den st\u00f6rsta privat\u00e4gda banken i Ryssland Alpha Bank. En av de stora aktie\u00e4garna, Petr Aven, var inbjuden n\u00e4r Putin ber\u00e4ttade om den planerade invasionen av Ukraina.<\/p>\n<p>El Pa\u00eds uppgav p\u00e5 m\u00e5ndagen att EU inkluderar Mikhail Fridman p\u00e5 svarta listan \u00f6ver sanktionerade ryska oligarker. K\u00e4llor vid EU:s r\u00e5d f\u00f6r utrikesfr\u00e5gor s\u00e4ger att \u201dhan har odlat starka band med Vladimir Putins administration och har varit en av finansi\u00e4rerna i Putins n\u00e4ra krets\u201d.<\/p>\n<p>Hans tillg\u00e5ngar kommer att frysas. Mikhail Fridman f\u00f6rm\u00f6genhet uppg\u00e5r till cirka 12 miljarder dollar, enligt tidskriften Forbes.<\/p>\n<p>I en kommentar p\u00e5 tisdagen s\u00e4ger Fridman att sanktionerna \u00e4r &#8221;or\u00e4ttvisa och baserade p\u00e5 avsiktliga felaktiga uppgifter&#8221;. Han \u00e4r djupt besviken p\u00e5 beslutet fr\u00e5n Bryssel, skriver ABC.<\/p>\n<p>(Foto: Av LetterOne Group &#8211; Mikhail Fridman, CC BY 2.0, https:\/\/commons.wikimedia.org\/w\/index.php?curid=51306940)<\/p>\n<p>L\u00e4s mer: Podemos kritiska till vapenleveranser och att stoppa pro-ryska medier<\/p>\n","protected":false},"excerpt":{"rendered":"<p>\u201dKrig \u00e4r inte svaret. Detta m\u00e5ste stoppas\u201d s\u00e4ger Mikhail Fridman som pekas ut som rysk oligark i Spanien som \u00e4gare till livsmedelskedjan DIA. I ett brev till de anst\u00e4llda i LetterOne som \u00e4ger DIA tar Fridman avst\u00e5nd fr\u00e5n Putin. Svenska Magasinet ber\u00e4ttade i fredags om Mikhail Fridman som en av de ryska oligarker som sticker [&hellip;]<\/p>\n","protected":false},"author":7,"featured_media":660,"comment_status":"open","ping_status":"open","sticky":false,"template":"","format":"standard","meta":{"_et_pb_use_builder":"","_et_pb_old_content":"","_et_gb_content_width":"","footnotes":""},"categories":[395,3],"tags":[],"class_list":["post-659","post","type-post","status-publish","format-standard","has-post-thumbnail","hentry","category-arkiv-nyheter","category-nyheter"],"yoast_head":"<!-- This site is optimized with the Yoast SEO Premium plugin v26.2 (Yoast SEO v27.4) - https:\/\/yoast.com\/product\/yoast-seo-premium-wordpress\/ -->\n<title>DIA:s \u00e4gare tar avst\u00e5nd fr\u00e5n Putin - EU f\u00f6rv\u00e4ntas frysa hans tillg\u00e5ngar - Svenska Magasinet<\/title>\n<meta name=\"robots\" content=\"noindex, follow, max-snippet:-1, max-image-preview:large, max-video-preview:-1\" \/>\n<meta property=\"og:locale\" content=\"sv_SE\" \/>\n<meta property=\"og:type\" content=\"article\" \/>\n<meta property=\"og:title\" content=\"DIA:s \u00e4gare tar avst\u00e5nd fr\u00e5n Putin - EU f\u00f6rv\u00e4ntas frysa hans tillg\u00e5ngar\" \/>\n<meta property=\"og:description\" content=\"\u201dKrig \u00e4r inte svaret. Detta m\u00e5ste stoppas\u201d s\u00e4ger Mikhail Fridman som pekas ut som rysk oligark i Spanien som \u00e4gare till livsmedelskedjan DIA. I ett brev till de anst\u00e4llda i LetterOne som \u00e4ger DIA tar Fridman avst\u00e5nd fr\u00e5n Putin. Svenska Magasinet ber\u00e4ttade i fredags om Mikhail Fridman som en av de ryska oligarker som sticker [&hellip;]\" \/>\n<meta property=\"og:url\" content=\"https:\/\/lightweb.dev\/l\/svm-temp\/nyheter\/dias-agare-tar-avstand-fran-putin-eu-forvantas-frysa-hans-tillgangar\/\" \/>\n<meta property=\"og:site_name\" content=\"Svenska Magasinet\" \/>\n<meta property=\"article:publisher\" content=\"https:\/\/www.facebook.com\/svenskamagasinet\" \/>\n<meta property=\"article:published_time\" content=\"2022-03-01T10:31:00+00:00\" \/>\n<meta property=\"og:image\" content=\"https:\/\/lightweb.dev\/l\/svm-temp\/wp-content\/uploads\/2022\/04\/dia-s-gare-tar-avstnd-frn-putin-eu-frvntas-frysa-hans-tillgngar.png\" \/>\n\t<meta property=\"og:image:width\" content=\"500\" \/>\n\t<meta property=\"og:image:height\" content=\"300\" \/>\n\t<meta property=\"og:image:type\" content=\"image\/png\" \/>\n<meta name=\"author\" content=\"Ola Josefsson\" \/>\n<meta name=\"twitter:card\" content=\"summary_large_image\" \/>\n<meta name=\"twitter:creator\" content=\"@SvenskaMagasine\" \/>\n<meta name=\"twitter:site\" content=\"@SvenskaMagasine\" \/>\n<script type=\"application\/ld+json\" class=\"yoast-schema-graph\">{\"@context\":\"https:\\\/\\\/schema.org\",\"@graph\":[{\"@type\":\"Article\",\"@id\":\"https:\\\/\\\/lightweb.dev\\\/l\\\/svm-temp\\\/nyheter\\\/dias-agare-tar-avstand-fran-putin-eu-forvantas-frysa-hans-tillgangar\\\/#article\",\"isPartOf\":{\"@id\":\"https:\\\/\\\/lightweb.dev\\\/l\\\/svm-temp\\\/nyheter\\\/dias-agare-tar-avstand-fran-putin-eu-forvantas-frysa-hans-tillgangar\\\/\"},\"author\":{\"name\":\"Ola Josefsson\",\"@id\":\"https:\\\/\\\/lightweb.dev\\\/l\\\/svm-temp\\\/#\\\/schema\\\/person\\\/7a82b8a73d171d32360a564b6d03508e\"},\"headline\":\"DIA:s \u00e4gare tar avst\u00e5nd fr\u00e5n Putin &#8211; EU f\u00f6rv\u00e4ntas frysa hans tillg\u00e5ngar\",\"datePublished\":\"2022-03-01T10:31:00+00:00\",\"mainEntityOfPage\":{\"@id\":\"https:\\\/\\\/lightweb.dev\\\/l\\\/svm-temp\\\/nyheter\\\/dias-agare-tar-avstand-fran-putin-eu-forvantas-frysa-hans-tillgangar\\\/\"},\"wordCount\":488,\"commentCount\":0,\"publisher\":{\"@id\":\"https:\\\/\\\/lightweb.dev\\\/l\\\/svm-temp\\\/#organization\"},\"image\":{\"@id\":\"https:\\\/\\\/lightweb.dev\\\/l\\\/svm-temp\\\/nyheter\\\/dias-agare-tar-avstand-fran-putin-eu-forvantas-frysa-hans-tillgangar\\\/#primaryimage\"},\"thumbnailUrl\":\"https:\\\/\\\/lightweb.dev\\\/l\\\/svm-temp\\\/wp-content\\\/uploads\\\/2022\\\/04\\\/dia-s-gare-tar-avstnd-frn-putin-eu-frvntas-frysa-hans-tillgngar.png\",\"articleSection\":[\"Arkiv\",\"Nyheter\"],\"inLanguage\":\"sv-SE\"},{\"@type\":\"WebPage\",\"@id\":\"https:\\\/\\\/lightweb.dev\\\/l\\\/svm-temp\\\/nyheter\\\/dias-agare-tar-avstand-fran-putin-eu-forvantas-frysa-hans-tillgangar\\\/\",\"url\":\"https:\\\/\\\/lightweb.dev\\\/l\\\/svm-temp\\\/nyheter\\\/dias-agare-tar-avstand-fran-putin-eu-forvantas-frysa-hans-tillgangar\\\/\",\"name\":\"DIA:s \u00e4gare tar avst\u00e5nd fr\u00e5n Putin - EU f\u00f6rv\u00e4ntas frysa hans tillg\u00e5ngar - Svenska Magasinet\",\"isPartOf\":{\"@id\":\"https:\\\/\\\/lightweb.dev\\\/l\\\/svm-temp\\\/#website\"},\"primaryImageOfPage\":{\"@id\":\"https:\\\/\\\/lightweb.dev\\\/l\\\/svm-temp\\\/nyheter\\\/dias-agare-tar-avstand-fran-putin-eu-forvantas-frysa-hans-tillgangar\\\/#primaryimage\"},\"image\":{\"@id\":\"https:\\\/\\\/lightweb.dev\\\/l\\\/svm-temp\\\/nyheter\\\/dias-agare-tar-avstand-fran-putin-eu-forvantas-frysa-hans-tillgangar\\\/#primaryimage\"},\"thumbnailUrl\":\"https:\\\/\\\/lightweb.dev\\\/l\\\/svm-temp\\\/wp-content\\\/uploads\\\/2022\\\/04\\\/dia-s-gare-tar-avstnd-frn-putin-eu-frvntas-frysa-hans-tillgngar.png\",\"datePublished\":\"2022-03-01T10:31:00+00:00\",\"breadcrumb\":{\"@id\":\"https:\\\/\\\/lightweb.dev\\\/l\\\/svm-temp\\\/nyheter\\\/dias-agare-tar-avstand-fran-putin-eu-forvantas-frysa-hans-tillgangar\\\/#breadcrumb\"},\"inLanguage\":\"sv-SE\",\"potentialAction\":[{\"@type\":\"ReadAction\",\"target\":[\"https:\\\/\\\/lightweb.dev\\\/l\\\/svm-temp\\\/nyheter\\\/dias-agare-tar-avstand-fran-putin-eu-forvantas-frysa-hans-tillgangar\\\/\"]}]},{\"@type\":\"ImageObject\",\"inLanguage\":\"sv-SE\",\"@id\":\"https:\\\/\\\/lightweb.dev\\\/l\\\/svm-temp\\\/nyheter\\\/dias-agare-tar-avstand-fran-putin-eu-forvantas-frysa-hans-tillgangar\\\/#primaryimage\",\"url\":\"https:\\\/\\\/lightweb.dev\\\/l\\\/svm-temp\\\/wp-content\\\/uploads\\\/2022\\\/04\\\/dia-s-gare-tar-avstnd-frn-putin-eu-frvntas-frysa-hans-tillgngar.png\",\"contentUrl\":\"https:\\\/\\\/lightweb.dev\\\/l\\\/svm-temp\\\/wp-content\\\/uploads\\\/2022\\\/04\\\/dia-s-gare-tar-avstnd-frn-putin-eu-frvntas-frysa-hans-tillgngar.png\",\"width\":500,\"height\":300},{\"@type\":\"BreadcrumbList\",\"@id\":\"https:\\\/\\\/lightweb.dev\\\/l\\\/svm-temp\\\/nyheter\\\/dias-agare-tar-avstand-fran-putin-eu-forvantas-frysa-hans-tillgangar\\\/#breadcrumb\",\"itemListElement\":[{\"@type\":\"ListItem\",\"position\":1,\"name\":\"Hem\",\"item\":\"https:\\\/\\\/lightweb.dev\\\/l\\\/svm-temp\\\/\"},{\"@type\":\"ListItem\",\"position\":2,\"name\":\"DIA:s \u00e4gare tar avst\u00e5nd fr\u00e5n Putin &#8211; EU f\u00f6rv\u00e4ntas frysa hans tillg\u00e5ngar\"}]},{\"@type\":\"WebSite\",\"@id\":\"https:\\\/\\\/lightweb.dev\\\/l\\\/svm-temp\\\/#website\",\"url\":\"https:\\\/\\\/lightweb.dev\\\/l\\\/svm-temp\\\/\",\"name\":\"Svenska Magasinet\",\"description\":\"Dina Spanska nyheter p&aring; Svenska\",\"publisher\":{\"@id\":\"https:\\\/\\\/lightweb.dev\\\/l\\\/svm-temp\\\/#organization\"},\"potentialAction\":[{\"@type\":\"SearchAction\",\"target\":{\"@type\":\"EntryPoint\",\"urlTemplate\":\"https:\\\/\\\/lightweb.dev\\\/l\\\/svm-temp\\\/?s={search_term_string}\"},\"query-input\":{\"@type\":\"PropertyValueSpecification\",\"valueRequired\":true,\"valueName\":\"search_term_string\"}}],\"inLanguage\":\"sv-SE\"},{\"@type\":\"Organization\",\"@id\":\"https:\\\/\\\/lightweb.dev\\\/l\\\/svm-temp\\\/#organization\",\"name\":\"Melkerson y Nott SL\",\"alternateName\":\"Svenska Magasinet\",\"url\":\"https:\\\/\\\/lightweb.dev\\\/l\\\/svm-temp\\\/\",\"logo\":{\"@type\":\"ImageObject\",\"inLanguage\":\"sv-SE\",\"@id\":\"https:\\\/\\\/lightweb.dev\\\/l\\\/svm-temp\\\/#\\\/schema\\\/logo\\\/image\\\/\",\"url\":\"https:\\\/\\\/lightweb.dev\\\/l\\\/svm-temp\\\/wp-content\\\/uploads\\\/2025\\\/02\\\/SvM-logo-Xtra-Centrerad-SVART.png\",\"contentUrl\":\"https:\\\/\\\/lightweb.dev\\\/l\\\/svm-temp\\\/wp-content\\\/uploads\\\/2025\\\/02\\\/SvM-logo-Xtra-Centrerad-SVART.png\",\"width\":300,\"height\":99,\"caption\":\"Melkerson y Nott SL\"},\"image\":{\"@id\":\"https:\\\/\\\/lightweb.dev\\\/l\\\/svm-temp\\\/#\\\/schema\\\/logo\\\/image\\\/\"},\"sameAs\":[\"https:\\\/\\\/www.facebook.com\\\/svenskamagasinet\",\"https:\\\/\\\/x.com\\\/SvenskaMagasine\"]},{\"@type\":\"Person\",\"@id\":\"https:\\\/\\\/lightweb.dev\\\/l\\\/svm-temp\\\/#\\\/schema\\\/person\\\/7a82b8a73d171d32360a564b6d03508e\",\"name\":\"Ola Josefsson\",\"description\":\"Bevakar Solkusten och Spanien sedan 1994.\",\"sameAs\":[\"https:\\\/\\\/lightweb.dev\\\/l\\\/svm-temp\"],\"url\":\"https:\\\/\\\/lightweb.dev\\\/l\\\/svm-temp\\\/reporter\\\/ola-josefsson\\\/\"}]}<\/script>\n<!-- \/ Yoast SEO Premium plugin. -->","yoast_head_json":{"title":"DIA:s \u00e4gare tar avst\u00e5nd fr\u00e5n Putin - EU f\u00f6rv\u00e4ntas frysa hans tillg\u00e5ngar - Svenska Magasinet","robots":{"index":"noindex","follow":"follow","max-snippet":"max-snippet:-1","max-image-preview":"max-image-preview:large","max-video-preview":"max-video-preview:-1"},"og_locale":"sv_SE","og_type":"article","og_title":"DIA:s \u00e4gare tar avst\u00e5nd fr\u00e5n Putin - EU f\u00f6rv\u00e4ntas frysa hans tillg\u00e5ngar","og_description":"\u201dKrig \u00e4r inte svaret. Detta m\u00e5ste stoppas\u201d s\u00e4ger Mikhail Fridman som pekas ut som rysk oligark i Spanien som \u00e4gare till livsmedelskedjan DIA. I ett brev till de anst\u00e4llda i LetterOne som \u00e4ger DIA tar Fridman avst\u00e5nd fr\u00e5n Putin. Svenska Magasinet ber\u00e4ttade i fredags om Mikhail Fridman som en av de ryska oligarker som sticker [&hellip;]","og_url":"https:\/\/lightweb.dev\/l\/svm-temp\/nyheter\/dias-agare-tar-avstand-fran-putin-eu-forvantas-frysa-hans-tillgangar\/","og_site_name":"Svenska Magasinet","article_publisher":"https:\/\/www.facebook.com\/svenskamagasinet","article_published_time":"2022-03-01T10:31:00+00:00","og_image":[{"width":500,"height":300,"url":"https:\/\/lightweb.dev\/l\/svm-temp\/wp-content\/uploads\/2022\/04\/dia-s-gare-tar-avstnd-frn-putin-eu-frvntas-frysa-hans-tillgngar.png","type":"image\/png"}],"author":"Ola Josefsson","twitter_card":"summary_large_image","twitter_creator":"@SvenskaMagasine","twitter_site":"@SvenskaMagasine","schema":{"@context":"https:\/\/schema.org","@graph":[{"@type":"Article","@id":"https:\/\/lightweb.dev\/l\/svm-temp\/nyheter\/dias-agare-tar-avstand-fran-putin-eu-forvantas-frysa-hans-tillgangar\/#article","isPartOf":{"@id":"https:\/\/lightweb.dev\/l\/svm-temp\/nyheter\/dias-agare-tar-avstand-fran-putin-eu-forvantas-frysa-hans-tillgangar\/"},"author":{"name":"Ola Josefsson","@id":"https:\/\/lightweb.dev\/l\/svm-temp\/#\/schema\/person\/7a82b8a73d171d32360a564b6d03508e"},"headline":"DIA:s \u00e4gare tar avst\u00e5nd fr\u00e5n Putin &#8211; EU f\u00f6rv\u00e4ntas frysa hans tillg\u00e5ngar","datePublished":"2022-03-01T10:31:00+00:00","mainEntityOfPage":{"@id":"https:\/\/lightweb.dev\/l\/svm-temp\/nyheter\/dias-agare-tar-avstand-fran-putin-eu-forvantas-frysa-hans-tillgangar\/"},"wordCount":488,"commentCount":0,"publisher":{"@id":"https:\/\/lightweb.dev\/l\/svm-temp\/#organization"},"image":{"@id":"https:\/\/lightweb.dev\/l\/svm-temp\/nyheter\/dias-agare-tar-avstand-fran-putin-eu-forvantas-frysa-hans-tillgangar\/#primaryimage"},"thumbnailUrl":"https:\/\/lightweb.dev\/l\/svm-temp\/wp-content\/uploads\/2022\/04\/dia-s-gare-tar-avstnd-frn-putin-eu-frvntas-frysa-hans-tillgngar.png","articleSection":["Arkiv","Nyheter"],"inLanguage":"sv-SE"},{"@type":"WebPage","@id":"https:\/\/lightweb.dev\/l\/svm-temp\/nyheter\/dias-agare-tar-avstand-fran-putin-eu-forvantas-frysa-hans-tillgangar\/","url":"https:\/\/lightweb.dev\/l\/svm-temp\/nyheter\/dias-agare-tar-avstand-fran-putin-eu-forvantas-frysa-hans-tillgangar\/","name":"DIA:s \u00e4gare tar avst\u00e5nd fr\u00e5n Putin - EU f\u00f6rv\u00e4ntas frysa hans tillg\u00e5ngar - Svenska Magasinet","isPartOf":{"@id":"https:\/\/lightweb.dev\/l\/svm-temp\/#website"},"primaryImageOfPage":{"@id":"https:\/\/lightweb.dev\/l\/svm-temp\/nyheter\/dias-agare-tar-avstand-fran-putin-eu-forvantas-frysa-hans-tillgangar\/#primaryimage"},"image":{"@id":"https:\/\/lightweb.dev\/l\/svm-temp\/nyheter\/dias-agare-tar-avstand-fran-putin-eu-forvantas-frysa-hans-tillgangar\/#primaryimage"},"thumbnailUrl":"https:\/\/lightweb.dev\/l\/svm-temp\/wp-content\/uploads\/2022\/04\/dia-s-gare-tar-avstnd-frn-putin-eu-frvntas-frysa-hans-tillgngar.png","datePublished":"2022-03-01T10:31:00+00:00","breadcrumb":{"@id":"https:\/\/lightweb.dev\/l\/svm-temp\/nyheter\/dias-agare-tar-avstand-fran-putin-eu-forvantas-frysa-hans-tillgangar\/#breadcrumb"},"inLanguage":"sv-SE","potentialAction":[{"@type":"ReadAction","target":["https:\/\/lightweb.dev\/l\/svm-temp\/nyheter\/dias-agare-tar-avstand-fran-putin-eu-forvantas-frysa-hans-tillgangar\/"]}]},{"@type":"ImageObject","inLanguage":"sv-SE","@id":"https:\/\/lightweb.dev\/l\/svm-temp\/nyheter\/dias-agare-tar-avstand-fran-putin-eu-forvantas-frysa-hans-tillgangar\/#primaryimage","url":"https:\/\/lightweb.dev\/l\/svm-temp\/wp-content\/uploads\/2022\/04\/dia-s-gare-tar-avstnd-frn-putin-eu-frvntas-frysa-hans-tillgngar.png","contentUrl":"https:\/\/lightweb.dev\/l\/svm-temp\/wp-content\/uploads\/2022\/04\/dia-s-gare-tar-avstnd-frn-putin-eu-frvntas-frysa-hans-tillgngar.png","width":500,"height":300},{"@type":"BreadcrumbList","@id":"https:\/\/lightweb.dev\/l\/svm-temp\/nyheter\/dias-agare-tar-avstand-fran-putin-eu-forvantas-frysa-hans-tillgangar\/#breadcrumb","itemListElement":[{"@type":"ListItem","position":1,"name":"Hem","item":"https:\/\/lightweb.dev\/l\/svm-temp\/"},{"@type":"ListItem","position":2,"name":"DIA:s \u00e4gare tar avst\u00e5nd fr\u00e5n Putin &#8211; EU f\u00f6rv\u00e4ntas frysa hans tillg\u00e5ngar"}]},{"@type":"WebSite","@id":"https:\/\/lightweb.dev\/l\/svm-temp\/#website","url":"https:\/\/lightweb.dev\/l\/svm-temp\/","name":"Svenska Magasinet","description":"Dina Spanska nyheter p&aring; Svenska","publisher":{"@id":"https:\/\/lightweb.dev\/l\/svm-temp\/#organization"},"potentialAction":[{"@type":"SearchAction","target":{"@type":"EntryPoint","urlTemplate":"https:\/\/lightweb.dev\/l\/svm-temp\/?s={search_term_string}"},"query-input":{"@type":"PropertyValueSpecification","valueRequired":true,"valueName":"search_term_string"}}],"inLanguage":"sv-SE"},{"@type":"Organization","@id":"https:\/\/lightweb.dev\/l\/svm-temp\/#organization","name":"Melkerson y Nott SL","alternateName":"Svenska Magasinet","url":"https:\/\/lightweb.dev\/l\/svm-temp\/","logo":{"@type":"ImageObject","inLanguage":"sv-SE","@id":"https:\/\/lightweb.dev\/l\/svm-temp\/#\/schema\/logo\/image\/","url":"https:\/\/lightweb.dev\/l\/svm-temp\/wp-content\/uploads\/2025\/02\/SvM-logo-Xtra-Centrerad-SVART.png","contentUrl":"https:\/\/lightweb.dev\/l\/svm-temp\/wp-content\/uploads\/2025\/02\/SvM-logo-Xtra-Centrerad-SVART.png","width":300,"height":99,"caption":"Melkerson y Nott SL"},"image":{"@id":"https:\/\/lightweb.dev\/l\/svm-temp\/#\/schema\/logo\/image\/"},"sameAs":["https:\/\/www.facebook.com\/svenskamagasinet","https:\/\/x.com\/SvenskaMagasine"]},{"@type":"Person","@id":"https:\/\/lightweb.dev\/l\/svm-temp\/#\/schema\/person\/7a82b8a73d171d32360a564b6d03508e","name":"Ola Josefsson","description":"Bevakar Solkusten och Spanien sedan 1994.","sameAs":["https:\/\/lightweb.dev\/l\/svm-temp"],"url":"https:\/\/lightweb.dev\/l\/svm-temp\/reporter\/ola-josefsson\/"}]}},"_links":{"self":[{"href":"https:\/\/lightweb.dev\/l\/svm-temp\/wp-json\/wp\/v2\/posts\/659","targetHints":{"allow":["GET"]}}],"collection":[{"href":"https:\/\/lightweb.dev\/l\/svm-temp\/wp-json\/wp\/v2\/posts"}],"about":[{"href":"https:\/\/lightweb.dev\/l\/svm-temp\/wp-json\/wp\/v2\/types\/post"}],"author":[{"embeddable":true,"href":"https:\/\/lightweb.dev\/l\/svm-temp\/wp-json\/wp\/v2\/users\/7"}],"replies":[{"embeddable":true,"href":"https:\/\/lightweb.dev\/l\/svm-temp\/wp-json\/wp\/v2\/comments?post=659"}],"version-history":[{"count":0,"href":"https:\/\/lightweb.dev\/l\/svm-temp\/wp-json\/wp\/v2\/posts\/659\/revisions"}],"wp:featuredmedia":[{"embeddable":true,"href":"https:\/\/lightweb.dev\/l\/svm-temp\/wp-json\/wp\/v2\/media\/660"}],"wp:attachment":[{"href":"https:\/\/lightweb.dev\/l\/svm-temp\/wp-json\/wp\/v2\/media?parent=659"}],"wp:term":[{"taxonomy":"category","embeddable":true,"href":"https:\/\/lightweb.dev\/l\/svm-temp\/wp-json\/wp\/v2\/categories?post=659"},{"taxonomy":"post_tag","embeddable":true,"href":"https:\/\/lightweb.dev\/l\/svm-temp\/wp-json\/wp\/v2\/tags?post=659"}],"curies":[{"name":"wp","href":"https:\/\/api.w.org\/{rel}","templated":true}]}}