{"id":663,"date":"2022-02-28T10:17:00","date_gmt":"2022-02-28T09:17:00","guid":{"rendered":"https:\/\/lightweb.dev\/l\/svm-temp\/ny-trafiksakerhetsforordning-fran-21-mars\/"},"modified":"2022-02-28T10:17:00","modified_gmt":"2022-02-28T09:17:00","slug":"ny-trafiksakerhetsforordning-fran-21-mars","status":"publish","type":"post","link":"https:\/\/lightweb.dev\/l\/svm-temp\/nyheter\/ny-trafiksakerhetsforordning-fran-21-mars\/","title":{"rendered":"Ny trafiks\u00e4kerhetsf\u00f6rordning fr\u00e5n 21 mars"},"content":{"rendered":"<p> Den 21 mars tr\u00e4der den nya trafiks\u00e4kerhetsf\u00f6rordningen i kraft i Spanien. Det betyder exempelvis att den som blir avsl\u00f6jad med att prata i mobiltelefon under k\u00f6rning mister sex po\u00e4ng (tidigare tre po\u00e4ng) eller \u201dpuntos\u201d i det system som Spanien har med k\u00f6rkort. Och fyra po\u00e4ng ryker f\u00f6r den som inte har b\u00e4lte eller b\u00e4r hj\u00e4lm.<br \/>\n Pere Navarro, generaldirekt\u00f6r vid spanska trafiks\u00e4kerhetsverket, s\u00e4ger att det \u00e4r n\u00f6dv\u00e4ndigt att bilister och \u00f6vriga trafikanter k\u00e4nner till de nya f\u00f6r\u00e4ndringarna som tr\u00e4der i kraft fr\u00e5n den 21 mars.<\/p>\n<p>Om en trafikant uppger att denne inte k\u00e4nner till f\u00f6r\u00e4ndringarna s\u00e5 betyder inte det att personen i fr\u00e5ga undg\u00e5r sanktioner.  <\/p>\n<p>Det \u00e4r en orsak till att trafiks\u00e4kerhetsverket DGT har lanserat en kampanj under temat \u201dNuevos tiempos. Nuevas normas\u201d Nya tider. Nya normer. Under hashtag #NuevosTiemposNuevasNormas publiceras den nya trafikf\u00f6rordningen i medier (som Svenska Magasinet), radio och tv samt i sociala n\u00e4tverk som Twitter mellan den 15 februari och 21 mars.<\/p>\n<p>F\u00f6r att informera allm\u00e4nheten men ocks\u00e5 de m\u00e5nga utl\u00e4nningar som \u00e4r bosatta i Spanien eller som bes\u00f6ker landet regelbundet.<\/p>\n<p>F\u00f6r att f\u00e5 tillbaka po\u00e4ngen eller \u201dpuntos\u201d s\u00e5 g\u00e4ller det att ha k\u00f6rt felfritt i tv\u00e5 \u00e5r.<\/p>\n<p>\u201dPuntos\u201d-systemet inf\u00f6rdes p\u00e5 spanska k\u00f6rkort 2006 d\u00e4r k\u00f6rkortsinnehavaren har 12 \u201dpuntos\u201d eller po\u00e4ng fr\u00e5n b\u00f6rjan. Eller \u00e5tta po\u00e4ng under de tre f\u00f6rsta \u00e5ren som innehavare till nytt k\u00f6rkort.<\/p>\n<p>En f\u00f6rare som har k\u00f6rt felfritt i sex \u00e5r f\u00e5r totalt 15 \u201dpuntos\u201d.<\/p>\n<p>Flera f\u00f6r\u00e4ndringar har inf\u00f6rts i trafikl\u00e4gen. En specifik webbplats har skapats f\u00f6r att informera om samtliga f\u00f6r\u00e4ndringar. Sidan finns \u00e4ven p\u00e5 engelska, KLICKA H\u00c4R<\/p>\n","protected":false},"excerpt":{"rendered":"<p>Den 21 mars tr\u00e4der den nya trafiks\u00e4kerhetsf\u00f6rordningen i kraft i Spanien. Det betyder exempelvis att den som blir avsl\u00f6jad med att prata i mobiltelefon under k\u00f6rning mister sex po\u00e4ng (tidigare tre po\u00e4ng) eller \u201dpuntos\u201d i det system som Spanien har med k\u00f6rkort. Och fyra po\u00e4ng ryker f\u00f6r den som inte har b\u00e4lte eller b\u00e4r hj\u00e4lm. [&hellip;]<\/p>\n","protected":false},"author":7,"featured_media":664,"comment_status":"open","ping_status":"open","sticky":false,"template":"","format":"standard","meta":{"_et_pb_use_builder":"","_et_pb_old_content":"","_et_gb_content_width":"","footnotes":""},"categories":[395,3],"tags":[],"class_list":["post-663","post","type-post","status-publish","format-standard","has-post-thumbnail","hentry","category-arkiv-nyheter","category-nyheter"],"yoast_head":"<!-- This site is optimized with the Yoast SEO Premium plugin v26.2 (Yoast SEO v27.4) - https:\/\/yoast.com\/product\/yoast-seo-premium-wordpress\/ -->\n<title>Ny trafiks\u00e4kerhetsf\u00f6rordning fr\u00e5n 21 mars - Svenska Magasinet<\/title>\n<meta name=\"robots\" content=\"noindex, follow, max-snippet:-1, max-image-preview:large, max-video-preview:-1\" \/>\n<meta property=\"og:locale\" content=\"sv_SE\" \/>\n<meta property=\"og:type\" content=\"article\" \/>\n<meta property=\"og:title\" content=\"Ny trafiks\u00e4kerhetsf\u00f6rordning fr\u00e5n 21 mars\" \/>\n<meta property=\"og:description\" content=\"Den 21 mars tr\u00e4der den nya trafiks\u00e4kerhetsf\u00f6rordningen i kraft i Spanien. Det betyder exempelvis att den som blir avsl\u00f6jad med att prata i mobiltelefon under k\u00f6rning mister sex po\u00e4ng (tidigare tre po\u00e4ng) eller \u201dpuntos\u201d i det system som Spanien har med k\u00f6rkort. Och fyra po\u00e4ng ryker f\u00f6r den som inte har b\u00e4lte eller b\u00e4r hj\u00e4lm. [&hellip;]\" \/>\n<meta property=\"og:url\" content=\"https:\/\/lightweb.dev\/l\/svm-temp\/nyheter\/ny-trafiksakerhetsforordning-fran-21-mars\/\" \/>\n<meta property=\"og:site_name\" content=\"Svenska Magasinet\" \/>\n<meta property=\"article:publisher\" content=\"https:\/\/www.facebook.com\/svenskamagasinet\" \/>\n<meta property=\"article:published_time\" content=\"2022-02-28T09:17:00+00:00\" \/>\n<meta property=\"og:image\" content=\"https:\/\/lightweb.dev\/l\/svm-temp\/wp-content\/uploads\/2022\/04\/ny-trafikskerhetsfrordning-frn-21-mars.png\" \/>\n\t<meta property=\"og:image:width\" content=\"500\" \/>\n\t<meta property=\"og:image:height\" content=\"300\" \/>\n\t<meta property=\"og:image:type\" content=\"image\/png\" \/>\n<meta name=\"author\" content=\"Ola Josefsson\" \/>\n<meta name=\"twitter:card\" content=\"summary_large_image\" \/>\n<meta name=\"twitter:creator\" content=\"@SvenskaMagasine\" \/>\n<meta name=\"twitter:site\" content=\"@SvenskaMagasine\" \/>\n<script type=\"application\/ld+json\" class=\"yoast-schema-graph\">{\"@context\":\"https:\\\/\\\/schema.org\",\"@graph\":[{\"@type\":\"Article\",\"@id\":\"https:\\\/\\\/lightweb.dev\\\/l\\\/svm-temp\\\/nyheter\\\/ny-trafiksakerhetsforordning-fran-21-mars\\\/#article\",\"isPartOf\":{\"@id\":\"https:\\\/\\\/lightweb.dev\\\/l\\\/svm-temp\\\/nyheter\\\/ny-trafiksakerhetsforordning-fran-21-mars\\\/\"},\"author\":{\"name\":\"Ola Josefsson\",\"@id\":\"https:\\\/\\\/lightweb.dev\\\/l\\\/svm-temp\\\/#\\\/schema\\\/person\\\/7a82b8a73d171d32360a564b6d03508e\"},\"headline\":\"Ny trafiks\u00e4kerhetsf\u00f6rordning fr\u00e5n 21 mars\",\"datePublished\":\"2022-02-28T09:17:00+00:00\",\"mainEntityOfPage\":{\"@id\":\"https:\\\/\\\/lightweb.dev\\\/l\\\/svm-temp\\\/nyheter\\\/ny-trafiksakerhetsforordning-fran-21-mars\\\/\"},\"wordCount\":317,\"commentCount\":0,\"publisher\":{\"@id\":\"https:\\\/\\\/lightweb.dev\\\/l\\\/svm-temp\\\/#organization\"},\"image\":{\"@id\":\"https:\\\/\\\/lightweb.dev\\\/l\\\/svm-temp\\\/nyheter\\\/ny-trafiksakerhetsforordning-fran-21-mars\\\/#primaryimage\"},\"thumbnailUrl\":\"https:\\\/\\\/lightweb.dev\\\/l\\\/svm-temp\\\/wp-content\\\/uploads\\\/2022\\\/04\\\/ny-trafikskerhetsfrordning-frn-21-mars.png\",\"articleSection\":[\"Arkiv\",\"Nyheter\"],\"inLanguage\":\"sv-SE\"},{\"@type\":\"WebPage\",\"@id\":\"https:\\\/\\\/lightweb.dev\\\/l\\\/svm-temp\\\/nyheter\\\/ny-trafiksakerhetsforordning-fran-21-mars\\\/\",\"url\":\"https:\\\/\\\/lightweb.dev\\\/l\\\/svm-temp\\\/nyheter\\\/ny-trafiksakerhetsforordning-fran-21-mars\\\/\",\"name\":\"Ny trafiks\u00e4kerhetsf\u00f6rordning fr\u00e5n 21 mars - Svenska Magasinet\",\"isPartOf\":{\"@id\":\"https:\\\/\\\/lightweb.dev\\\/l\\\/svm-temp\\\/#website\"},\"primaryImageOfPage\":{\"@id\":\"https:\\\/\\\/lightweb.dev\\\/l\\\/svm-temp\\\/nyheter\\\/ny-trafiksakerhetsforordning-fran-21-mars\\\/#primaryimage\"},\"image\":{\"@id\":\"https:\\\/\\\/lightweb.dev\\\/l\\\/svm-temp\\\/nyheter\\\/ny-trafiksakerhetsforordning-fran-21-mars\\\/#primaryimage\"},\"thumbnailUrl\":\"https:\\\/\\\/lightweb.dev\\\/l\\\/svm-temp\\\/wp-content\\\/uploads\\\/2022\\\/04\\\/ny-trafikskerhetsfrordning-frn-21-mars.png\",\"datePublished\":\"2022-02-28T09:17:00+00:00\",\"breadcrumb\":{\"@id\":\"https:\\\/\\\/lightweb.dev\\\/l\\\/svm-temp\\\/nyheter\\\/ny-trafiksakerhetsforordning-fran-21-mars\\\/#breadcrumb\"},\"inLanguage\":\"sv-SE\",\"potentialAction\":[{\"@type\":\"ReadAction\",\"target\":[\"https:\\\/\\\/lightweb.dev\\\/l\\\/svm-temp\\\/nyheter\\\/ny-trafiksakerhetsforordning-fran-21-mars\\\/\"]}]},{\"@type\":\"ImageObject\",\"inLanguage\":\"sv-SE\",\"@id\":\"https:\\\/\\\/lightweb.dev\\\/l\\\/svm-temp\\\/nyheter\\\/ny-trafiksakerhetsforordning-fran-21-mars\\\/#primaryimage\",\"url\":\"https:\\\/\\\/lightweb.dev\\\/l\\\/svm-temp\\\/wp-content\\\/uploads\\\/2022\\\/04\\\/ny-trafikskerhetsfrordning-frn-21-mars.png\",\"contentUrl\":\"https:\\\/\\\/lightweb.dev\\\/l\\\/svm-temp\\\/wp-content\\\/uploads\\\/2022\\\/04\\\/ny-trafikskerhetsfrordning-frn-21-mars.png\",\"width\":500,\"height\":300},{\"@type\":\"BreadcrumbList\",\"@id\":\"https:\\\/\\\/lightweb.dev\\\/l\\\/svm-temp\\\/nyheter\\\/ny-trafiksakerhetsforordning-fran-21-mars\\\/#breadcrumb\",\"itemListElement\":[{\"@type\":\"ListItem\",\"position\":1,\"name\":\"Hem\",\"item\":\"https:\\\/\\\/lightweb.dev\\\/l\\\/svm-temp\\\/\"},{\"@type\":\"ListItem\",\"position\":2,\"name\":\"Ny trafiks\u00e4kerhetsf\u00f6rordning fr\u00e5n 21 mars\"}]},{\"@type\":\"WebSite\",\"@id\":\"https:\\\/\\\/lightweb.dev\\\/l\\\/svm-temp\\\/#website\",\"url\":\"https:\\\/\\\/lightweb.dev\\\/l\\\/svm-temp\\\/\",\"name\":\"Svenska Magasinet\",\"description\":\"Dina Spanska nyheter p&aring; Svenska\",\"publisher\":{\"@id\":\"https:\\\/\\\/lightweb.dev\\\/l\\\/svm-temp\\\/#organization\"},\"potentialAction\":[{\"@type\":\"SearchAction\",\"target\":{\"@type\":\"EntryPoint\",\"urlTemplate\":\"https:\\\/\\\/lightweb.dev\\\/l\\\/svm-temp\\\/?s={search_term_string}\"},\"query-input\":{\"@type\":\"PropertyValueSpecification\",\"valueRequired\":true,\"valueName\":\"search_term_string\"}}],\"inLanguage\":\"sv-SE\"},{\"@type\":\"Organization\",\"@id\":\"https:\\\/\\\/lightweb.dev\\\/l\\\/svm-temp\\\/#organization\",\"name\":\"Melkerson y Nott SL\",\"alternateName\":\"Svenska Magasinet\",\"url\":\"https:\\\/\\\/lightweb.dev\\\/l\\\/svm-temp\\\/\",\"logo\":{\"@type\":\"ImageObject\",\"inLanguage\":\"sv-SE\",\"@id\":\"https:\\\/\\\/lightweb.dev\\\/l\\\/svm-temp\\\/#\\\/schema\\\/logo\\\/image\\\/\",\"url\":\"https:\\\/\\\/lightweb.dev\\\/l\\\/svm-temp\\\/wp-content\\\/uploads\\\/2025\\\/02\\\/SvM-logo-Xtra-Centrerad-SVART.png\",\"contentUrl\":\"https:\\\/\\\/lightweb.dev\\\/l\\\/svm-temp\\\/wp-content\\\/uploads\\\/2025\\\/02\\\/SvM-logo-Xtra-Centrerad-SVART.png\",\"width\":300,\"height\":99,\"caption\":\"Melkerson y Nott SL\"},\"image\":{\"@id\":\"https:\\\/\\\/lightweb.dev\\\/l\\\/svm-temp\\\/#\\\/schema\\\/logo\\\/image\\\/\"},\"sameAs\":[\"https:\\\/\\\/www.facebook.com\\\/svenskamagasinet\",\"https:\\\/\\\/x.com\\\/SvenskaMagasine\"]},{\"@type\":\"Person\",\"@id\":\"https:\\\/\\\/lightweb.dev\\\/l\\\/svm-temp\\\/#\\\/schema\\\/person\\\/7a82b8a73d171d32360a564b6d03508e\",\"name\":\"Ola Josefsson\",\"description\":\"Bevakar Solkusten och Spanien sedan 1994.\",\"sameAs\":[\"https:\\\/\\\/lightweb.dev\\\/l\\\/svm-temp\"],\"url\":\"https:\\\/\\\/lightweb.dev\\\/l\\\/svm-temp\\\/reporter\\\/ola-josefsson\\\/\"}]}<\/script>\n<!-- \/ Yoast SEO Premium plugin. -->","yoast_head_json":{"title":"Ny trafiks\u00e4kerhetsf\u00f6rordning fr\u00e5n 21 mars - Svenska Magasinet","robots":{"index":"noindex","follow":"follow","max-snippet":"max-snippet:-1","max-image-preview":"max-image-preview:large","max-video-preview":"max-video-preview:-1"},"og_locale":"sv_SE","og_type":"article","og_title":"Ny trafiks\u00e4kerhetsf\u00f6rordning fr\u00e5n 21 mars","og_description":"Den 21 mars tr\u00e4der den nya trafiks\u00e4kerhetsf\u00f6rordningen i kraft i Spanien. Det betyder exempelvis att den som blir avsl\u00f6jad med att prata i mobiltelefon under k\u00f6rning mister sex po\u00e4ng (tidigare tre po\u00e4ng) eller \u201dpuntos\u201d i det system som Spanien har med k\u00f6rkort. Och fyra po\u00e4ng ryker f\u00f6r den som inte har b\u00e4lte eller b\u00e4r hj\u00e4lm. [&hellip;]","og_url":"https:\/\/lightweb.dev\/l\/svm-temp\/nyheter\/ny-trafiksakerhetsforordning-fran-21-mars\/","og_site_name":"Svenska Magasinet","article_publisher":"https:\/\/www.facebook.com\/svenskamagasinet","article_published_time":"2022-02-28T09:17:00+00:00","og_image":[{"width":500,"height":300,"url":"https:\/\/lightweb.dev\/l\/svm-temp\/wp-content\/uploads\/2022\/04\/ny-trafikskerhetsfrordning-frn-21-mars.png","type":"image\/png"}],"author":"Ola Josefsson","twitter_card":"summary_large_image","twitter_creator":"@SvenskaMagasine","twitter_site":"@SvenskaMagasine","schema":{"@context":"https:\/\/schema.org","@graph":[{"@type":"Article","@id":"https:\/\/lightweb.dev\/l\/svm-temp\/nyheter\/ny-trafiksakerhetsforordning-fran-21-mars\/#article","isPartOf":{"@id":"https:\/\/lightweb.dev\/l\/svm-temp\/nyheter\/ny-trafiksakerhetsforordning-fran-21-mars\/"},"author":{"name":"Ola Josefsson","@id":"https:\/\/lightweb.dev\/l\/svm-temp\/#\/schema\/person\/7a82b8a73d171d32360a564b6d03508e"},"headline":"Ny trafiks\u00e4kerhetsf\u00f6rordning fr\u00e5n 21 mars","datePublished":"2022-02-28T09:17:00+00:00","mainEntityOfPage":{"@id":"https:\/\/lightweb.dev\/l\/svm-temp\/nyheter\/ny-trafiksakerhetsforordning-fran-21-mars\/"},"wordCount":317,"commentCount":0,"publisher":{"@id":"https:\/\/lightweb.dev\/l\/svm-temp\/#organization"},"image":{"@id":"https:\/\/lightweb.dev\/l\/svm-temp\/nyheter\/ny-trafiksakerhetsforordning-fran-21-mars\/#primaryimage"},"thumbnailUrl":"https:\/\/lightweb.dev\/l\/svm-temp\/wp-content\/uploads\/2022\/04\/ny-trafikskerhetsfrordning-frn-21-mars.png","articleSection":["Arkiv","Nyheter"],"inLanguage":"sv-SE"},{"@type":"WebPage","@id":"https:\/\/lightweb.dev\/l\/svm-temp\/nyheter\/ny-trafiksakerhetsforordning-fran-21-mars\/","url":"https:\/\/lightweb.dev\/l\/svm-temp\/nyheter\/ny-trafiksakerhetsforordning-fran-21-mars\/","name":"Ny trafiks\u00e4kerhetsf\u00f6rordning fr\u00e5n 21 mars - Svenska Magasinet","isPartOf":{"@id":"https:\/\/lightweb.dev\/l\/svm-temp\/#website"},"primaryImageOfPage":{"@id":"https:\/\/lightweb.dev\/l\/svm-temp\/nyheter\/ny-trafiksakerhetsforordning-fran-21-mars\/#primaryimage"},"image":{"@id":"https:\/\/lightweb.dev\/l\/svm-temp\/nyheter\/ny-trafiksakerhetsforordning-fran-21-mars\/#primaryimage"},"thumbnailUrl":"https:\/\/lightweb.dev\/l\/svm-temp\/wp-content\/uploads\/2022\/04\/ny-trafikskerhetsfrordning-frn-21-mars.png","datePublished":"2022-02-28T09:17:00+00:00","breadcrumb":{"@id":"https:\/\/lightweb.dev\/l\/svm-temp\/nyheter\/ny-trafiksakerhetsforordning-fran-21-mars\/#breadcrumb"},"inLanguage":"sv-SE","potentialAction":[{"@type":"ReadAction","target":["https:\/\/lightweb.dev\/l\/svm-temp\/nyheter\/ny-trafiksakerhetsforordning-fran-21-mars\/"]}]},{"@type":"ImageObject","inLanguage":"sv-SE","@id":"https:\/\/lightweb.dev\/l\/svm-temp\/nyheter\/ny-trafiksakerhetsforordning-fran-21-mars\/#primaryimage","url":"https:\/\/lightweb.dev\/l\/svm-temp\/wp-content\/uploads\/2022\/04\/ny-trafikskerhetsfrordning-frn-21-mars.png","contentUrl":"https:\/\/lightweb.dev\/l\/svm-temp\/wp-content\/uploads\/2022\/04\/ny-trafikskerhetsfrordning-frn-21-mars.png","width":500,"height":300},{"@type":"BreadcrumbList","@id":"https:\/\/lightweb.dev\/l\/svm-temp\/nyheter\/ny-trafiksakerhetsforordning-fran-21-mars\/#breadcrumb","itemListElement":[{"@type":"ListItem","position":1,"name":"Hem","item":"https:\/\/lightweb.dev\/l\/svm-temp\/"},{"@type":"ListItem","position":2,"name":"Ny trafiks\u00e4kerhetsf\u00f6rordning fr\u00e5n 21 mars"}]},{"@type":"WebSite","@id":"https:\/\/lightweb.dev\/l\/svm-temp\/#website","url":"https:\/\/lightweb.dev\/l\/svm-temp\/","name":"Svenska Magasinet","description":"Dina Spanska nyheter p&aring; Svenska","publisher":{"@id":"https:\/\/lightweb.dev\/l\/svm-temp\/#organization"},"potentialAction":[{"@type":"SearchAction","target":{"@type":"EntryPoint","urlTemplate":"https:\/\/lightweb.dev\/l\/svm-temp\/?s={search_term_string}"},"query-input":{"@type":"PropertyValueSpecification","valueRequired":true,"valueName":"search_term_string"}}],"inLanguage":"sv-SE"},{"@type":"Organization","@id":"https:\/\/lightweb.dev\/l\/svm-temp\/#organization","name":"Melkerson y Nott SL","alternateName":"Svenska Magasinet","url":"https:\/\/lightweb.dev\/l\/svm-temp\/","logo":{"@type":"ImageObject","inLanguage":"sv-SE","@id":"https:\/\/lightweb.dev\/l\/svm-temp\/#\/schema\/logo\/image\/","url":"https:\/\/lightweb.dev\/l\/svm-temp\/wp-content\/uploads\/2025\/02\/SvM-logo-Xtra-Centrerad-SVART.png","contentUrl":"https:\/\/lightweb.dev\/l\/svm-temp\/wp-content\/uploads\/2025\/02\/SvM-logo-Xtra-Centrerad-SVART.png","width":300,"height":99,"caption":"Melkerson y Nott SL"},"image":{"@id":"https:\/\/lightweb.dev\/l\/svm-temp\/#\/schema\/logo\/image\/"},"sameAs":["https:\/\/www.facebook.com\/svenskamagasinet","https:\/\/x.com\/SvenskaMagasine"]},{"@type":"Person","@id":"https:\/\/lightweb.dev\/l\/svm-temp\/#\/schema\/person\/7a82b8a73d171d32360a564b6d03508e","name":"Ola Josefsson","description":"Bevakar Solkusten och Spanien sedan 1994.","sameAs":["https:\/\/lightweb.dev\/l\/svm-temp"],"url":"https:\/\/lightweb.dev\/l\/svm-temp\/reporter\/ola-josefsson\/"}]}},"_links":{"self":[{"href":"https:\/\/lightweb.dev\/l\/svm-temp\/wp-json\/wp\/v2\/posts\/663","targetHints":{"allow":["GET"]}}],"collection":[{"href":"https:\/\/lightweb.dev\/l\/svm-temp\/wp-json\/wp\/v2\/posts"}],"about":[{"href":"https:\/\/lightweb.dev\/l\/svm-temp\/wp-json\/wp\/v2\/types\/post"}],"author":[{"embeddable":true,"href":"https:\/\/lightweb.dev\/l\/svm-temp\/wp-json\/wp\/v2\/users\/7"}],"replies":[{"embeddable":true,"href":"https:\/\/lightweb.dev\/l\/svm-temp\/wp-json\/wp\/v2\/comments?post=663"}],"version-history":[{"count":0,"href":"https:\/\/lightweb.dev\/l\/svm-temp\/wp-json\/wp\/v2\/posts\/663\/revisions"}],"wp:featuredmedia":[{"embeddable":true,"href":"https:\/\/lightweb.dev\/l\/svm-temp\/wp-json\/wp\/v2\/media\/664"}],"wp:attachment":[{"href":"https:\/\/lightweb.dev\/l\/svm-temp\/wp-json\/wp\/v2\/media?parent=663"}],"wp:term":[{"taxonomy":"category","embeddable":true,"href":"https:\/\/lightweb.dev\/l\/svm-temp\/wp-json\/wp\/v2\/categories?post=663"},{"taxonomy":"post_tag","embeddable":true,"href":"https:\/\/lightweb.dev\/l\/svm-temp\/wp-json\/wp\/v2\/tags?post=663"}],"curies":[{"name":"wp","href":"https:\/\/api.w.org\/{rel}","templated":true}]}}