{"id":66342,"date":"2023-09-11T12:01:33","date_gmt":"2023-09-11T10:01:33","guid":{"rendered":"https:\/\/lightweb.dev\/l\/svm-temp\/?p=66342"},"modified":"2023-09-11T12:08:42","modified_gmt":"2023-09-11T10:08:42","slug":"generosare-rut-och-rot-avdrag-nasta-ar","status":"publish","type":"post","link":"https:\/\/lightweb.dev\/l\/svm-temp\/nyheter\/generosare-rut-och-rot-avdrag-nasta-ar\/","title":{"rendered":"Gener\u00f6sare rut- och rot-avdrag n\u00e4sta \u00e5r"},"content":{"rendered":"<p><strong>Sveriges regering h\u00f6jer taket f\u00f6r b\u00e5de rot- och rutavdraget n\u00e4sta \u00e5r med 25.000 SEK fr\u00e5n 50.000 till 75.000 SEK.<\/strong><\/p>\n<p><strong>Sedan tidigare \u00e4r det m\u00e5nga svenskar som renoverar sina bost\u00e4der billigare tack vare rot-avdraget.<\/strong><\/p>\n<p><strong>136 miljoner SEK hade Skatteverket betalat ut till spanska f\u00f6retag som st\u00e4dar och renoverar \u00e5t svenskar i Spanien fram till ifjol.<\/strong><\/p>\n<p>Regeringen kommer att f\u00f6resl\u00e5 att taket f\u00f6r rotavdraget tillf\u00e4lligt ska h\u00f6jas fr\u00e5n 50.000 kronor till 75.000 SEK per person under 2024 och att det tillf\u00e4lligt inf\u00f6rs separata tak f\u00f6r rot- respektive rutavdraget.<\/p>\n<p>F\u00f6rslaget f\u00f6resl\u00e5s tr\u00e4da i kraft den 1 juli 2024.<\/p>\n<p>Det tillf\u00e4lligt h\u00f6jda taket f\u00f6resl\u00e5s g\u00e4lla f\u00f6r hela 2024. Det kommer dock endast g\u00e5 att nyttja 50.000 SEK i rotavdrag under f\u00f6rsta halv\u00e5ret 2024.<\/p>\n<p>\u00c4ndringen tr\u00e4der i kraft den 1 juli och inneb\u00e4r att avdraget f\u00f6r hel\u00e5ret uppg\u00e5r till 75.000 SEK, b\u00e5de f\u00f6r rut- och rot-avdrag, skriver regeringen i ett <a href=\"https:\/\/regeringen.se\/pressmeddelanden\/2023\/09\/hojt-tak-for-rotavdrag-och-andra-atgarder-for-att-starka-bygg--och-bostadssektorn\/\">pressmeddelande.<\/a><\/p>\n<p>Vid en presstr\u00e4ff p\u00e5 m\u00e5ndagen ber\u00e4ttade finansminister Elisabeth Svantesson (M) och infrastruktur- och bostadsminister Andreas Carlson (KD) att rut-avdraget blir gener\u00f6sare.<\/p>\n<p>&#8211; Vi g\u00f6r detta f\u00f6r att rut-avdraget inte ska tr\u00e4nga undan viktiga investeringar i renoveringar f\u00f6r hush\u00e5llen, s\u00e4ger finansminister Elisabeth Svantesson (M) under en presstr\u00e4ff.<\/p>\n<p>Sedan tidigare anv\u00e4nder svenskar dessa avdrag f\u00f6r att renovera bostaden i exempelvis Spanien d\u00e4r rut- och rotavdraget. H\u00e4r anv\u00e4nds dessa avdrag i h\u00f6gre grad \u00e4n i andra l\u00e4nder som Portugal, Frankrike och Grekland d\u00e4r ocks\u00e5 svenskar har boende.<\/p>\n<p>Avdragen finns f\u00f6r att undvika svartjobb i Sverige, men best\u00e4mmelserna g\u00e4ller hela EU f\u00f6r att inte inkr\u00e4kta p\u00e5 den fria r\u00f6rligheten.<\/p>\n<h2>Fakta\/Regler f\u00f6r att nyttja ROT-avdrag i utlandet<\/h2>\n<p>Det f\u00f6rsta som \u00e4r viktigt att k\u00e4nna till \u00e4r att du m\u00e5ste vara svensk medborgare och betala din skatt i Sverige f\u00f6r att nyttja ROT-avdraget. Om du g\u00f6r det s\u00e5 har du r\u00e4tt att anlita en hantverkare var som helst inom EU f\u00f6r ett arbete som \u00e4r ROT-giltigt. S\u00e5 h\u00e4r fungerar det i korthet:<\/p>\n<p>Du m\u00e5ste ha tillr\u00e4ckligt inbetald skatt i Sverige f\u00f6r att t\u00e4cka ROT-avdraget.<\/p>\n<p>Du m\u00e5ste \u00e4ga bostaden som arbetet ska utf\u00f6ras p\u00e5 (helt eller delvis, det g\u00e5r bra att bara \u00e4ga en andel av ett hus).<\/p>\n<p>Om hantverkaren du anlitar inte \u00e4r fr\u00e5n Sverige m\u00e5ste du f\u00e5 ett intyg som bevisar att hantverkaren inte har n\u00e5gra skatteskulder i sitt hemland.<\/p>\n<p>K\u00e4lla: rotavdragen.se<\/p>\n","protected":false},"excerpt":{"rendered":"<p>Sveriges regering h\u00f6jer taket f\u00f6r b\u00e5de rot- och rutavdraget n\u00e4sta \u00e5r med 25.000 SEK fr\u00e5n 50.000 till 75.000 SEK. Sedan tidigare \u00e4r det m\u00e5nga svenskar&#8230;<\/p>\n","protected":false},"author":7,"featured_media":64373,"comment_status":"open","ping_status":"closed","sticky":false,"template":"","format":"standard","meta":{"_et_pb_use_builder":"","_et_pb_old_content":"","_et_gb_content_width":"","footnotes":""},"categories":[395,3],"tags":[],"class_list":["post-66342","post","type-post","status-publish","format-standard","has-post-thumbnail","hentry","category-arkiv-nyheter","category-nyheter"],"yoast_head":"<!-- This site is optimized with the Yoast SEO Premium plugin v26.2 (Yoast SEO v27.4) - https:\/\/yoast.com\/product\/yoast-seo-premium-wordpress\/ -->\n<title>Gener\u00f6sare rut- och rot-avdrag n\u00e4sta \u00e5r - Svenska Magasinet<\/title>\n<meta name=\"description\" content=\"Sveriges regering h\u00f6jer taket f\u00f6r b\u00e5de rot- och rutavdraget n\u00e4sta \u00e5r med 25.000 SEK fr\u00e5n 50.000 till 75.000 SEK. Sedan tidigare \u00e4r det m\u00e5nga svenskar som renoverar sina bost\u00e4der billigare tack vare rot-avdraget. 136 miljoner SEK har Skatteverket betalat ut till spanska f\u00f6retag som st\u00e4dar och renoverar \u00e5t svenskar i Spanien de senaste \u00e5ren.\" \/>\n<meta name=\"robots\" content=\"noindex, follow, max-snippet:-1, max-image-preview:large, max-video-preview:-1\" \/>\n<meta property=\"og:locale\" content=\"sv_SE\" \/>\n<meta property=\"og:type\" content=\"article\" \/>\n<meta property=\"og:title\" content=\"Gener\u00f6sare rut- och rot-avdrag n\u00e4sta \u00e5r\" \/>\n<meta property=\"og:description\" content=\"Sveriges regering h\u00f6jer taket f\u00f6r b\u00e5de rot- och rutavdraget n\u00e4sta \u00e5r med 25.000 SEK fr\u00e5n 50.000 till 75.000 SEK. Sedan tidigare \u00e4r det m\u00e5nga svenskar som renoverar sina bost\u00e4der billigare tack vare rot-avdraget. 136 miljoner SEK har Skatteverket betalat ut till spanska f\u00f6retag som st\u00e4dar och renoverar \u00e5t svenskar i Spanien de senaste \u00e5ren.\" \/>\n<meta property=\"og:url\" content=\"https:\/\/lightweb.dev\/l\/svm-temp\/artiklar\/hem-bostad\/generosare-rut-och-rot-avdrag-nasta-ar\/\" \/>\n<meta property=\"og:site_name\" content=\"Svenska Magasinet\" \/>\n<meta property=\"article:publisher\" content=\"https:\/\/www.facebook.com\/svenskamagasinet\" \/>\n<meta property=\"article:published_time\" content=\"2023-09-11T10:01:33+00:00\" \/>\n<meta property=\"article:modified_time\" content=\"2023-09-11T10:08:42+00:00\" \/>\n<meta property=\"og:image\" content=\"https:\/\/lightweb.dev\/l\/svm-temp\/wp-content\/uploads\/2023\/06\/DSC_6708-stor.jpeg\" \/>\n\t<meta property=\"og:image:width\" content=\"1280\" \/>\n\t<meta property=\"og:image:height\" content=\"859\" \/>\n\t<meta property=\"og:image:type\" content=\"image\/jpeg\" \/>\n<meta name=\"author\" content=\"Ola Josefsson\" \/>\n<meta name=\"twitter:card\" content=\"summary_large_image\" \/>\n<meta name=\"twitter:creator\" content=\"@SvenskaMagasine\" \/>\n<meta name=\"twitter:site\" content=\"@SvenskaMagasine\" \/>\n<script type=\"application\/ld+json\" class=\"yoast-schema-graph\">{\"@context\":\"https:\\\/\\\/schema.org\",\"@graph\":[{\"@type\":\"Article\",\"@id\":\"https:\\\/\\\/lightweb.dev\\\/l\\\/svm-temp\\\/artiklar\\\/hem-bostad\\\/generosare-rut-och-rot-avdrag-nasta-ar\\\/#article\",\"isPartOf\":{\"@id\":\"https:\\\/\\\/lightweb.dev\\\/l\\\/svm-temp\\\/artiklar\\\/hem-bostad\\\/generosare-rut-och-rot-avdrag-nasta-ar\\\/\"},\"author\":{\"name\":\"Ola Josefsson\",\"@id\":\"https:\\\/\\\/lightweb.dev\\\/l\\\/svm-temp\\\/#\\\/schema\\\/person\\\/7a82b8a73d171d32360a564b6d03508e\"},\"headline\":\"Gener\u00f6sare rut- och rot-avdrag n\u00e4sta \u00e5r\",\"datePublished\":\"2023-09-11T10:01:33+00:00\",\"dateModified\":\"2023-09-11T10:08:42+00:00\",\"mainEntityOfPage\":{\"@id\":\"https:\\\/\\\/lightweb.dev\\\/l\\\/svm-temp\\\/artiklar\\\/hem-bostad\\\/generosare-rut-och-rot-avdrag-nasta-ar\\\/\"},\"wordCount\":450,\"commentCount\":0,\"publisher\":{\"@id\":\"https:\\\/\\\/lightweb.dev\\\/l\\\/svm-temp\\\/#organization\"},\"image\":{\"@id\":\"https:\\\/\\\/lightweb.dev\\\/l\\\/svm-temp\\\/artiklar\\\/hem-bostad\\\/generosare-rut-och-rot-avdrag-nasta-ar\\\/#primaryimage\"},\"thumbnailUrl\":\"https:\\\/\\\/lightweb.dev\\\/l\\\/svm-temp\\\/wp-content\\\/uploads\\\/2023\\\/06\\\/DSC_6708-stor.jpeg\",\"articleSection\":[\"Arkiv\",\"Nyheter\"],\"inLanguage\":\"sv-SE\"},{\"@type\":\"WebPage\",\"@id\":\"https:\\\/\\\/lightweb.dev\\\/l\\\/svm-temp\\\/artiklar\\\/hem-bostad\\\/generosare-rut-och-rot-avdrag-nasta-ar\\\/\",\"url\":\"https:\\\/\\\/lightweb.dev\\\/l\\\/svm-temp\\\/artiklar\\\/hem-bostad\\\/generosare-rut-och-rot-avdrag-nasta-ar\\\/\",\"name\":\"Gener\u00f6sare rut- och rot-avdrag n\u00e4sta \u00e5r - Svenska Magasinet\",\"isPartOf\":{\"@id\":\"https:\\\/\\\/lightweb.dev\\\/l\\\/svm-temp\\\/#website\"},\"primaryImageOfPage\":{\"@id\":\"https:\\\/\\\/lightweb.dev\\\/l\\\/svm-temp\\\/artiklar\\\/hem-bostad\\\/generosare-rut-och-rot-avdrag-nasta-ar\\\/#primaryimage\"},\"image\":{\"@id\":\"https:\\\/\\\/lightweb.dev\\\/l\\\/svm-temp\\\/artiklar\\\/hem-bostad\\\/generosare-rut-och-rot-avdrag-nasta-ar\\\/#primaryimage\"},\"thumbnailUrl\":\"https:\\\/\\\/lightweb.dev\\\/l\\\/svm-temp\\\/wp-content\\\/uploads\\\/2023\\\/06\\\/DSC_6708-stor.jpeg\",\"datePublished\":\"2023-09-11T10:01:33+00:00\",\"dateModified\":\"2023-09-11T10:08:42+00:00\",\"description\":\"Sveriges regering h\u00f6jer taket f\u00f6r b\u00e5de rot- och rutavdraget n\u00e4sta \u00e5r med 25.000 SEK fr\u00e5n 50.000 till 75.000 SEK. Sedan tidigare \u00e4r det m\u00e5nga svenskar som renoverar sina bost\u00e4der billigare tack vare rot-avdraget. 136 miljoner SEK har Skatteverket betalat ut till spanska f\u00f6retag som st\u00e4dar och renoverar \u00e5t svenskar i Spanien de senaste \u00e5ren.\",\"breadcrumb\":{\"@id\":\"https:\\\/\\\/lightweb.dev\\\/l\\\/svm-temp\\\/artiklar\\\/hem-bostad\\\/generosare-rut-och-rot-avdrag-nasta-ar\\\/#breadcrumb\"},\"inLanguage\":\"sv-SE\",\"potentialAction\":[{\"@type\":\"ReadAction\",\"target\":[\"https:\\\/\\\/lightweb.dev\\\/l\\\/svm-temp\\\/artiklar\\\/hem-bostad\\\/generosare-rut-och-rot-avdrag-nasta-ar\\\/\"]}]},{\"@type\":\"ImageObject\",\"inLanguage\":\"sv-SE\",\"@id\":\"https:\\\/\\\/lightweb.dev\\\/l\\\/svm-temp\\\/artiklar\\\/hem-bostad\\\/generosare-rut-och-rot-avdrag-nasta-ar\\\/#primaryimage\",\"url\":\"https:\\\/\\\/lightweb.dev\\\/l\\\/svm-temp\\\/wp-content\\\/uploads\\\/2023\\\/06\\\/DSC_6708-stor.jpeg\",\"contentUrl\":\"https:\\\/\\\/lightweb.dev\\\/l\\\/svm-temp\\\/wp-content\\\/uploads\\\/2023\\\/06\\\/DSC_6708-stor.jpeg\",\"width\":1280,\"height\":859},{\"@type\":\"BreadcrumbList\",\"@id\":\"https:\\\/\\\/lightweb.dev\\\/l\\\/svm-temp\\\/artiklar\\\/hem-bostad\\\/generosare-rut-och-rot-avdrag-nasta-ar\\\/#breadcrumb\",\"itemListElement\":[{\"@type\":\"ListItem\",\"position\":1,\"name\":\"Hem\",\"item\":\"https:\\\/\\\/lightweb.dev\\\/l\\\/svm-temp\\\/\"},{\"@type\":\"ListItem\",\"position\":2,\"name\":\"Gener\u00f6sare rut- och rot-avdrag n\u00e4sta \u00e5r\"}]},{\"@type\":\"WebSite\",\"@id\":\"https:\\\/\\\/lightweb.dev\\\/l\\\/svm-temp\\\/#website\",\"url\":\"https:\\\/\\\/lightweb.dev\\\/l\\\/svm-temp\\\/\",\"name\":\"Svenska Magasinet\",\"description\":\"Dina Spanska nyheter p&aring; Svenska\",\"publisher\":{\"@id\":\"https:\\\/\\\/lightweb.dev\\\/l\\\/svm-temp\\\/#organization\"},\"potentialAction\":[{\"@type\":\"SearchAction\",\"target\":{\"@type\":\"EntryPoint\",\"urlTemplate\":\"https:\\\/\\\/lightweb.dev\\\/l\\\/svm-temp\\\/?s={search_term_string}\"},\"query-input\":{\"@type\":\"PropertyValueSpecification\",\"valueRequired\":true,\"valueName\":\"search_term_string\"}}],\"inLanguage\":\"sv-SE\"},{\"@type\":\"Organization\",\"@id\":\"https:\\\/\\\/lightweb.dev\\\/l\\\/svm-temp\\\/#organization\",\"name\":\"Melkerson y Nott SL\",\"alternateName\":\"Svenska Magasinet\",\"url\":\"https:\\\/\\\/lightweb.dev\\\/l\\\/svm-temp\\\/\",\"logo\":{\"@type\":\"ImageObject\",\"inLanguage\":\"sv-SE\",\"@id\":\"https:\\\/\\\/lightweb.dev\\\/l\\\/svm-temp\\\/#\\\/schema\\\/logo\\\/image\\\/\",\"url\":\"https:\\\/\\\/lightweb.dev\\\/l\\\/svm-temp\\\/wp-content\\\/uploads\\\/2025\\\/02\\\/SvM-logo-Xtra-Centrerad-SVART.png\",\"contentUrl\":\"https:\\\/\\\/lightweb.dev\\\/l\\\/svm-temp\\\/wp-content\\\/uploads\\\/2025\\\/02\\\/SvM-logo-Xtra-Centrerad-SVART.png\",\"width\":300,\"height\":99,\"caption\":\"Melkerson y Nott SL\"},\"image\":{\"@id\":\"https:\\\/\\\/lightweb.dev\\\/l\\\/svm-temp\\\/#\\\/schema\\\/logo\\\/image\\\/\"},\"sameAs\":[\"https:\\\/\\\/www.facebook.com\\\/svenskamagasinet\",\"https:\\\/\\\/x.com\\\/SvenskaMagasine\"]},{\"@type\":\"Person\",\"@id\":\"https:\\\/\\\/lightweb.dev\\\/l\\\/svm-temp\\\/#\\\/schema\\\/person\\\/7a82b8a73d171d32360a564b6d03508e\",\"name\":\"Ola Josefsson\",\"description\":\"Bevakar Solkusten och Spanien sedan 1994.\",\"sameAs\":[\"https:\\\/\\\/lightweb.dev\\\/l\\\/svm-temp\"],\"url\":\"https:\\\/\\\/lightweb.dev\\\/l\\\/svm-temp\\\/reporter\\\/ola-josefsson\\\/\"}]}<\/script>\n<!-- \/ Yoast SEO Premium plugin. -->","yoast_head_json":{"title":"Gener\u00f6sare rut- och rot-avdrag n\u00e4sta \u00e5r - Svenska Magasinet","description":"Sveriges regering h\u00f6jer taket f\u00f6r b\u00e5de rot- och rutavdraget n\u00e4sta \u00e5r med 25.000 SEK fr\u00e5n 50.000 till 75.000 SEK. Sedan tidigare \u00e4r det m\u00e5nga svenskar som renoverar sina bost\u00e4der billigare tack vare rot-avdraget. 136 miljoner SEK har Skatteverket betalat ut till spanska f\u00f6retag som st\u00e4dar och renoverar \u00e5t svenskar i Spanien de senaste \u00e5ren.","robots":{"index":"noindex","follow":"follow","max-snippet":"max-snippet:-1","max-image-preview":"max-image-preview:large","max-video-preview":"max-video-preview:-1"},"og_locale":"sv_SE","og_type":"article","og_title":"Gener\u00f6sare rut- och rot-avdrag n\u00e4sta \u00e5r","og_description":"Sveriges regering h\u00f6jer taket f\u00f6r b\u00e5de rot- och rutavdraget n\u00e4sta \u00e5r med 25.000 SEK fr\u00e5n 50.000 till 75.000 SEK. Sedan tidigare \u00e4r det m\u00e5nga svenskar som renoverar sina bost\u00e4der billigare tack vare rot-avdraget. 136 miljoner SEK har Skatteverket betalat ut till spanska f\u00f6retag som st\u00e4dar och renoverar \u00e5t svenskar i Spanien de senaste \u00e5ren.","og_url":"https:\/\/lightweb.dev\/l\/svm-temp\/artiklar\/hem-bostad\/generosare-rut-och-rot-avdrag-nasta-ar\/","og_site_name":"Svenska Magasinet","article_publisher":"https:\/\/www.facebook.com\/svenskamagasinet","article_published_time":"2023-09-11T10:01:33+00:00","article_modified_time":"2023-09-11T10:08:42+00:00","og_image":[{"width":1280,"height":859,"url":"https:\/\/lightweb.dev\/l\/svm-temp\/wp-content\/uploads\/2023\/06\/DSC_6708-stor.jpeg","type":"image\/jpeg"}],"author":"Ola Josefsson","twitter_card":"summary_large_image","twitter_creator":"@SvenskaMagasine","twitter_site":"@SvenskaMagasine","schema":{"@context":"https:\/\/schema.org","@graph":[{"@type":"Article","@id":"https:\/\/lightweb.dev\/l\/svm-temp\/artiklar\/hem-bostad\/generosare-rut-och-rot-avdrag-nasta-ar\/#article","isPartOf":{"@id":"https:\/\/lightweb.dev\/l\/svm-temp\/artiklar\/hem-bostad\/generosare-rut-och-rot-avdrag-nasta-ar\/"},"author":{"name":"Ola Josefsson","@id":"https:\/\/lightweb.dev\/l\/svm-temp\/#\/schema\/person\/7a82b8a73d171d32360a564b6d03508e"},"headline":"Gener\u00f6sare rut- och rot-avdrag n\u00e4sta \u00e5r","datePublished":"2023-09-11T10:01:33+00:00","dateModified":"2023-09-11T10:08:42+00:00","mainEntityOfPage":{"@id":"https:\/\/lightweb.dev\/l\/svm-temp\/artiklar\/hem-bostad\/generosare-rut-och-rot-avdrag-nasta-ar\/"},"wordCount":450,"commentCount":0,"publisher":{"@id":"https:\/\/lightweb.dev\/l\/svm-temp\/#organization"},"image":{"@id":"https:\/\/lightweb.dev\/l\/svm-temp\/artiklar\/hem-bostad\/generosare-rut-och-rot-avdrag-nasta-ar\/#primaryimage"},"thumbnailUrl":"https:\/\/lightweb.dev\/l\/svm-temp\/wp-content\/uploads\/2023\/06\/DSC_6708-stor.jpeg","articleSection":["Arkiv","Nyheter"],"inLanguage":"sv-SE"},{"@type":"WebPage","@id":"https:\/\/lightweb.dev\/l\/svm-temp\/artiklar\/hem-bostad\/generosare-rut-och-rot-avdrag-nasta-ar\/","url":"https:\/\/lightweb.dev\/l\/svm-temp\/artiklar\/hem-bostad\/generosare-rut-och-rot-avdrag-nasta-ar\/","name":"Gener\u00f6sare rut- och rot-avdrag n\u00e4sta \u00e5r - Svenska Magasinet","isPartOf":{"@id":"https:\/\/lightweb.dev\/l\/svm-temp\/#website"},"primaryImageOfPage":{"@id":"https:\/\/lightweb.dev\/l\/svm-temp\/artiklar\/hem-bostad\/generosare-rut-och-rot-avdrag-nasta-ar\/#primaryimage"},"image":{"@id":"https:\/\/lightweb.dev\/l\/svm-temp\/artiklar\/hem-bostad\/generosare-rut-och-rot-avdrag-nasta-ar\/#primaryimage"},"thumbnailUrl":"https:\/\/lightweb.dev\/l\/svm-temp\/wp-content\/uploads\/2023\/06\/DSC_6708-stor.jpeg","datePublished":"2023-09-11T10:01:33+00:00","dateModified":"2023-09-11T10:08:42+00:00","description":"Sveriges regering h\u00f6jer taket f\u00f6r b\u00e5de rot- och rutavdraget n\u00e4sta \u00e5r med 25.000 SEK fr\u00e5n 50.000 till 75.000 SEK. Sedan tidigare \u00e4r det m\u00e5nga svenskar som renoverar sina bost\u00e4der billigare tack vare rot-avdraget. 136 miljoner SEK har Skatteverket betalat ut till spanska f\u00f6retag som st\u00e4dar och renoverar \u00e5t svenskar i Spanien de senaste \u00e5ren.","breadcrumb":{"@id":"https:\/\/lightweb.dev\/l\/svm-temp\/artiklar\/hem-bostad\/generosare-rut-och-rot-avdrag-nasta-ar\/#breadcrumb"},"inLanguage":"sv-SE","potentialAction":[{"@type":"ReadAction","target":["https:\/\/lightweb.dev\/l\/svm-temp\/artiklar\/hem-bostad\/generosare-rut-och-rot-avdrag-nasta-ar\/"]}]},{"@type":"ImageObject","inLanguage":"sv-SE","@id":"https:\/\/lightweb.dev\/l\/svm-temp\/artiklar\/hem-bostad\/generosare-rut-och-rot-avdrag-nasta-ar\/#primaryimage","url":"https:\/\/lightweb.dev\/l\/svm-temp\/wp-content\/uploads\/2023\/06\/DSC_6708-stor.jpeg","contentUrl":"https:\/\/lightweb.dev\/l\/svm-temp\/wp-content\/uploads\/2023\/06\/DSC_6708-stor.jpeg","width":1280,"height":859},{"@type":"BreadcrumbList","@id":"https:\/\/lightweb.dev\/l\/svm-temp\/artiklar\/hem-bostad\/generosare-rut-och-rot-avdrag-nasta-ar\/#breadcrumb","itemListElement":[{"@type":"ListItem","position":1,"name":"Hem","item":"https:\/\/lightweb.dev\/l\/svm-temp\/"},{"@type":"ListItem","position":2,"name":"Gener\u00f6sare rut- och rot-avdrag n\u00e4sta \u00e5r"}]},{"@type":"WebSite","@id":"https:\/\/lightweb.dev\/l\/svm-temp\/#website","url":"https:\/\/lightweb.dev\/l\/svm-temp\/","name":"Svenska Magasinet","description":"Dina Spanska nyheter p&aring; Svenska","publisher":{"@id":"https:\/\/lightweb.dev\/l\/svm-temp\/#organization"},"potentialAction":[{"@type":"SearchAction","target":{"@type":"EntryPoint","urlTemplate":"https:\/\/lightweb.dev\/l\/svm-temp\/?s={search_term_string}"},"query-input":{"@type":"PropertyValueSpecification","valueRequired":true,"valueName":"search_term_string"}}],"inLanguage":"sv-SE"},{"@type":"Organization","@id":"https:\/\/lightweb.dev\/l\/svm-temp\/#organization","name":"Melkerson y Nott SL","alternateName":"Svenska Magasinet","url":"https:\/\/lightweb.dev\/l\/svm-temp\/","logo":{"@type":"ImageObject","inLanguage":"sv-SE","@id":"https:\/\/lightweb.dev\/l\/svm-temp\/#\/schema\/logo\/image\/","url":"https:\/\/lightweb.dev\/l\/svm-temp\/wp-content\/uploads\/2025\/02\/SvM-logo-Xtra-Centrerad-SVART.png","contentUrl":"https:\/\/lightweb.dev\/l\/svm-temp\/wp-content\/uploads\/2025\/02\/SvM-logo-Xtra-Centrerad-SVART.png","width":300,"height":99,"caption":"Melkerson y Nott SL"},"image":{"@id":"https:\/\/lightweb.dev\/l\/svm-temp\/#\/schema\/logo\/image\/"},"sameAs":["https:\/\/www.facebook.com\/svenskamagasinet","https:\/\/x.com\/SvenskaMagasine"]},{"@type":"Person","@id":"https:\/\/lightweb.dev\/l\/svm-temp\/#\/schema\/person\/7a82b8a73d171d32360a564b6d03508e","name":"Ola Josefsson","description":"Bevakar Solkusten och Spanien sedan 1994.","sameAs":["https:\/\/lightweb.dev\/l\/svm-temp"],"url":"https:\/\/lightweb.dev\/l\/svm-temp\/reporter\/ola-josefsson\/"}]}},"_links":{"self":[{"href":"https:\/\/lightweb.dev\/l\/svm-temp\/wp-json\/wp\/v2\/posts\/66342","targetHints":{"allow":["GET"]}}],"collection":[{"href":"https:\/\/lightweb.dev\/l\/svm-temp\/wp-json\/wp\/v2\/posts"}],"about":[{"href":"https:\/\/lightweb.dev\/l\/svm-temp\/wp-json\/wp\/v2\/types\/post"}],"author":[{"embeddable":true,"href":"https:\/\/lightweb.dev\/l\/svm-temp\/wp-json\/wp\/v2\/users\/7"}],"replies":[{"embeddable":true,"href":"https:\/\/lightweb.dev\/l\/svm-temp\/wp-json\/wp\/v2\/comments?post=66342"}],"version-history":[{"count":0,"href":"https:\/\/lightweb.dev\/l\/svm-temp\/wp-json\/wp\/v2\/posts\/66342\/revisions"}],"wp:featuredmedia":[{"embeddable":true,"href":"https:\/\/lightweb.dev\/l\/svm-temp\/wp-json\/wp\/v2\/media\/64373"}],"wp:attachment":[{"href":"https:\/\/lightweb.dev\/l\/svm-temp\/wp-json\/wp\/v2\/media?parent=66342"}],"wp:term":[{"taxonomy":"category","embeddable":true,"href":"https:\/\/lightweb.dev\/l\/svm-temp\/wp-json\/wp\/v2\/categories?post=66342"},{"taxonomy":"post_tag","embeddable":true,"href":"https:\/\/lightweb.dev\/l\/svm-temp\/wp-json\/wp\/v2\/tags?post=66342"}],"curies":[{"name":"wp","href":"https:\/\/api.w.org\/{rel}","templated":true}]}}