{"id":66369,"date":"2023-09-11T13:37:54","date_gmt":"2023-09-11T11:37:54","guid":{"rendered":"https:\/\/lightweb.dev\/l\/svm-temp\/?p=66369"},"modified":"2023-09-11T14:54:18","modified_gmt":"2023-09-11T12:54:18","slug":"luis-rubiales-avgar","status":"publish","type":"post","link":"https:\/\/lightweb.dev\/l\/svm-temp\/nyheter\/luis-rubiales-avgar\/","title":{"rendered":"Luis Rubiales avg\u00e5r"},"content":{"rendered":"<p><strong>Den skandalomsusade presidenten l\u00e4mnar nu sin post p\u00e5 det spanska fotbollsf\u00f6rbundet.\u00a0<\/strong><\/p>\n<p><span style=\"font-weight: 400;\">Efter att Spanien vunnit VM i Australien kysste Rubiales guldvinnaren Jenni Hermoso p\u00e5 munnen under firandet i Sydney. H\u00e4ndelsen skapade en storm i fotbollsv\u00e4rlden och r\u00f6ster fr\u00e5n hela v\u00e4rlden har kr\u00e4vt att Rubiales l\u00e4mnar sitt uppdrag. Bland annat har 81 spanska spelare, d\u00e4r alla VM-vinnarna ingick, skrivit ett \u00f6ppet brev d\u00e4r de meddelade att de bojkottar landslaget s\u00e5 l\u00e4nge han sitter kvar.\u00a0<\/span><\/p>\n<p><span style=\"font-weight: 400;\">Strax efter firandet h\u00f6ll Rubiales en omtalad presskonferens d\u00e4r han f\u00f6rkunnade att han inte hade f\u00f6r avsikt att avg\u00e5. Men nu har han allts\u00e5 \u00e4ndrat sig.\u00a0<\/span><\/p>\n<p><span style=\"font-weight: 400;\">&#8211; Jag kommer att avg\u00e5. Jag kan inte forts\u00e4tta mitt arbete, meddelade han i en intervju med den brittiske programledaren Piers Morgan.\u00a0<\/span><\/p>\n<p><span style=\"font-weight: 400;\">I intervjun f\u00f6rklarar Rubiales att det var samtal med familj och v\u00e4nner som fick honom att ta beslutet. Han ber\u00e4ttar att de f\u00e5tt honom att inse att det skulle skada personer och sporten han \u00e4lskar om han satt kvar. Han meddelar ocks\u00e5 i ett \u00f6ppet brev att han avg\u00e5r som vice president f\u00f6r UEFA.\u00a0<\/span><\/p>\n<p><span style=\"font-weight: 400;\">Kyssen har lett till flera h\u00e4ndelser. Bland annat har spanska toppolitiker kr\u00e4vt hans avg\u00e5ng eller avsked vilket fick honom att svara med en verbal attack mot regeringen. Hans mor har hungerstrejkat f\u00f6r att visa st\u00f6d f\u00f6r honom. Fotbollsf\u00f6rbundet har tagit hans sida men hunnit \u00e4ndra sig och v\u00e4nt sig mot honom. Han har blivit avst\u00e4ngd fr\u00e5n Fifa. Och en utredning om sexuella \u00f6vergrepp har inletts emot honom.\u00a0\u00a0<\/span><\/p>\n<h2><strong>M\u00f6ter Sverige<\/strong><\/h2>\n<p><span style=\"font-weight: 400;\">Fredag den 22 september st\u00e4lls det spanska landslaget mot Sverige i en Nations League match p\u00e5 Gamla Ullevi i G\u00f6teborg. Matchen blir en repris p\u00e5 VM-semifinalen f\u00f6r n\u00e5gra veckor sedan och kan bli avg\u00f6rande f\u00f6r vilket land som g\u00e5r till OS i Paris 2024.\u00a0<\/span><\/p>\n<p><span style=\"font-weight: 400;\">De spanska spelarna har sagt att de bojkottar landslaget s\u00e5 l\u00e4nge \u201csamma personer\u201d sitter p\u00e5 sina poster. Men nu har Rubiales l\u00e4mnat och den sedan tidigare illa omtyckta f\u00f6rbundskaptenen Jorge Vilda fick sparken i tisdags. Det \u00e5terst\u00e5r att se vad detta betyder f\u00f6r de spanska spelarnas medverkan.\u00a0\u00a0<\/span><\/p>\n<p>&nbsp;<\/p>\n","protected":false},"excerpt":{"rendered":"<p>Den skandalomsusade presidenten l\u00e4mnar nu sin post p\u00e5 det spanska fotbollsf\u00f6rbundet&#8230;.<\/p>\n","protected":false},"author":14,"featured_media":66390,"comment_status":"open","ping_status":"closed","sticky":false,"template":"","format":"standard","meta":{"_et_pb_use_builder":"","_et_pb_old_content":"","_et_gb_content_width":"","footnotes":""},"categories":[3,352],"tags":[],"class_list":["post-66369","post","type-post","status-publish","format-standard","has-post-thumbnail","hentry","category-nyheter","category-sport"],"yoast_head":"<!-- This site is optimized with the Yoast SEO Premium plugin v26.2 (Yoast SEO v27.4) - https:\/\/yoast.com\/product\/yoast-seo-premium-wordpress\/ -->\n<title>Luis Rubiales avg\u00e5r - Svenska Magasinet<\/title>\n<meta name=\"description\" content=\"Den skandalomsusade presidenten l\u00e4mnar nu sin post p\u00e5 det spanska fotbollsf\u00f6rbundet.\u00a0\" \/>\n<meta name=\"robots\" content=\"noindex, follow, max-snippet:-1, max-image-preview:large, max-video-preview:-1\" \/>\n<meta property=\"og:locale\" content=\"sv_SE\" \/>\n<meta property=\"og:type\" content=\"article\" \/>\n<meta property=\"og:title\" content=\"Luis Rubiales avg\u00e5r\" \/>\n<meta property=\"og:description\" content=\"Den skandalomsusade presidenten l\u00e4mnar nu sin post p\u00e5 det spanska fotbollsf\u00f6rbundet.\u00a0\" \/>\n<meta property=\"og:url\" content=\"https:\/\/lightweb.dev\/l\/svm-temp\/nyheter\/luis-rubiales-avgar\/\" \/>\n<meta property=\"og:site_name\" content=\"Svenska Magasinet\" \/>\n<meta property=\"article:publisher\" content=\"https:\/\/www.facebook.com\/svenskamagasinet\" \/>\n<meta property=\"article:published_time\" content=\"2023-09-11T11:37:54+00:00\" \/>\n<meta property=\"article:modified_time\" content=\"2023-09-11T12:54:18+00:00\" \/>\n<meta property=\"og:image\" content=\"https:\/\/lightweb.dev\/l\/svm-temp\/wp-content\/uploads\/2023\/09\/Screenshot_20230911_123518_X.jpg\" \/>\n\t<meta property=\"og:image:width\" content=\"922\" \/>\n\t<meta property=\"og:image:height\" content=\"586\" \/>\n\t<meta property=\"og:image:type\" content=\"image\/jpeg\" \/>\n<meta name=\"author\" content=\"Robbie Eriksson\" \/>\n<meta name=\"twitter:card\" content=\"summary_large_image\" \/>\n<meta name=\"twitter:creator\" content=\"@SvenskaMagasine\" \/>\n<meta name=\"twitter:site\" content=\"@SvenskaMagasine\" \/>\n<script type=\"application\/ld+json\" class=\"yoast-schema-graph\">{\"@context\":\"https:\\\/\\\/schema.org\",\"@graph\":[{\"@type\":\"Article\",\"@id\":\"https:\\\/\\\/lightweb.dev\\\/l\\\/svm-temp\\\/nyheter\\\/luis-rubiales-avgar\\\/#article\",\"isPartOf\":{\"@id\":\"https:\\\/\\\/lightweb.dev\\\/l\\\/svm-temp\\\/nyheter\\\/luis-rubiales-avgar\\\/\"},\"author\":{\"name\":\"Robbie Eriksson\",\"@id\":\"https:\\\/\\\/lightweb.dev\\\/l\\\/svm-temp\\\/#\\\/schema\\\/person\\\/caffe038990d25722f5a04a03c906a2b\"},\"headline\":\"Luis Rubiales avg\u00e5r\",\"datePublished\":\"2023-09-11T11:37:54+00:00\",\"dateModified\":\"2023-09-11T12:54:18+00:00\",\"mainEntityOfPage\":{\"@id\":\"https:\\\/\\\/lightweb.dev\\\/l\\\/svm-temp\\\/nyheter\\\/luis-rubiales-avgar\\\/\"},\"wordCount\":383,\"commentCount\":0,\"publisher\":{\"@id\":\"https:\\\/\\\/lightweb.dev\\\/l\\\/svm-temp\\\/#organization\"},\"image\":{\"@id\":\"https:\\\/\\\/lightweb.dev\\\/l\\\/svm-temp\\\/nyheter\\\/luis-rubiales-avgar\\\/#primaryimage\"},\"thumbnailUrl\":\"https:\\\/\\\/lightweb.dev\\\/l\\\/svm-temp\\\/wp-content\\\/uploads\\\/2023\\\/09\\\/Screenshot_20230911_123518_X.jpg\",\"articleSection\":[\"Nyheter\",\"Sport\"],\"inLanguage\":\"sv-SE\"},{\"@type\":\"WebPage\",\"@id\":\"https:\\\/\\\/lightweb.dev\\\/l\\\/svm-temp\\\/nyheter\\\/luis-rubiales-avgar\\\/\",\"url\":\"https:\\\/\\\/lightweb.dev\\\/l\\\/svm-temp\\\/nyheter\\\/luis-rubiales-avgar\\\/\",\"name\":\"Luis Rubiales avg\u00e5r - Svenska Magasinet\",\"isPartOf\":{\"@id\":\"https:\\\/\\\/lightweb.dev\\\/l\\\/svm-temp\\\/#website\"},\"primaryImageOfPage\":{\"@id\":\"https:\\\/\\\/lightweb.dev\\\/l\\\/svm-temp\\\/nyheter\\\/luis-rubiales-avgar\\\/#primaryimage\"},\"image\":{\"@id\":\"https:\\\/\\\/lightweb.dev\\\/l\\\/svm-temp\\\/nyheter\\\/luis-rubiales-avgar\\\/#primaryimage\"},\"thumbnailUrl\":\"https:\\\/\\\/lightweb.dev\\\/l\\\/svm-temp\\\/wp-content\\\/uploads\\\/2023\\\/09\\\/Screenshot_20230911_123518_X.jpg\",\"datePublished\":\"2023-09-11T11:37:54+00:00\",\"dateModified\":\"2023-09-11T12:54:18+00:00\",\"description\":\"Den skandalomsusade presidenten l\u00e4mnar nu sin post p\u00e5 det spanska fotbollsf\u00f6rbundet.\u00a0\",\"breadcrumb\":{\"@id\":\"https:\\\/\\\/lightweb.dev\\\/l\\\/svm-temp\\\/nyheter\\\/luis-rubiales-avgar\\\/#breadcrumb\"},\"inLanguage\":\"sv-SE\",\"potentialAction\":[{\"@type\":\"ReadAction\",\"target\":[\"https:\\\/\\\/lightweb.dev\\\/l\\\/svm-temp\\\/nyheter\\\/luis-rubiales-avgar\\\/\"]}]},{\"@type\":\"ImageObject\",\"inLanguage\":\"sv-SE\",\"@id\":\"https:\\\/\\\/lightweb.dev\\\/l\\\/svm-temp\\\/nyheter\\\/luis-rubiales-avgar\\\/#primaryimage\",\"url\":\"https:\\\/\\\/lightweb.dev\\\/l\\\/svm-temp\\\/wp-content\\\/uploads\\\/2023\\\/09\\\/Screenshot_20230911_123518_X.jpg\",\"contentUrl\":\"https:\\\/\\\/lightweb.dev\\\/l\\\/svm-temp\\\/wp-content\\\/uploads\\\/2023\\\/09\\\/Screenshot_20230911_123518_X.jpg\",\"width\":922,\"height\":586,\"caption\":\"Luis Rubiales ska upp i r\u00e4tten denna fredag.\"},{\"@type\":\"BreadcrumbList\",\"@id\":\"https:\\\/\\\/lightweb.dev\\\/l\\\/svm-temp\\\/nyheter\\\/luis-rubiales-avgar\\\/#breadcrumb\",\"itemListElement\":[{\"@type\":\"ListItem\",\"position\":1,\"name\":\"Hem\",\"item\":\"https:\\\/\\\/lightweb.dev\\\/l\\\/svm-temp\\\/\"},{\"@type\":\"ListItem\",\"position\":2,\"name\":\"Luis Rubiales avg\u00e5r\"}]},{\"@type\":\"WebSite\",\"@id\":\"https:\\\/\\\/lightweb.dev\\\/l\\\/svm-temp\\\/#website\",\"url\":\"https:\\\/\\\/lightweb.dev\\\/l\\\/svm-temp\\\/\",\"name\":\"Svenska Magasinet\",\"description\":\"Dina Spanska nyheter p&aring; Svenska\",\"publisher\":{\"@id\":\"https:\\\/\\\/lightweb.dev\\\/l\\\/svm-temp\\\/#organization\"},\"potentialAction\":[{\"@type\":\"SearchAction\",\"target\":{\"@type\":\"EntryPoint\",\"urlTemplate\":\"https:\\\/\\\/lightweb.dev\\\/l\\\/svm-temp\\\/?s={search_term_string}\"},\"query-input\":{\"@type\":\"PropertyValueSpecification\",\"valueRequired\":true,\"valueName\":\"search_term_string\"}}],\"inLanguage\":\"sv-SE\"},{\"@type\":\"Organization\",\"@id\":\"https:\\\/\\\/lightweb.dev\\\/l\\\/svm-temp\\\/#organization\",\"name\":\"Melkerson y Nott SL\",\"alternateName\":\"Svenska Magasinet\",\"url\":\"https:\\\/\\\/lightweb.dev\\\/l\\\/svm-temp\\\/\",\"logo\":{\"@type\":\"ImageObject\",\"inLanguage\":\"sv-SE\",\"@id\":\"https:\\\/\\\/lightweb.dev\\\/l\\\/svm-temp\\\/#\\\/schema\\\/logo\\\/image\\\/\",\"url\":\"https:\\\/\\\/lightweb.dev\\\/l\\\/svm-temp\\\/wp-content\\\/uploads\\\/2025\\\/02\\\/SvM-logo-Xtra-Centrerad-SVART.png\",\"contentUrl\":\"https:\\\/\\\/lightweb.dev\\\/l\\\/svm-temp\\\/wp-content\\\/uploads\\\/2025\\\/02\\\/SvM-logo-Xtra-Centrerad-SVART.png\",\"width\":300,\"height\":99,\"caption\":\"Melkerson y Nott SL\"},\"image\":{\"@id\":\"https:\\\/\\\/lightweb.dev\\\/l\\\/svm-temp\\\/#\\\/schema\\\/logo\\\/image\\\/\"},\"sameAs\":[\"https:\\\/\\\/www.facebook.com\\\/svenskamagasinet\",\"https:\\\/\\\/x.com\\\/SvenskaMagasine\"]},{\"@type\":\"Person\",\"@id\":\"https:\\\/\\\/lightweb.dev\\\/l\\\/svm-temp\\\/#\\\/schema\\\/person\\\/caffe038990d25722f5a04a03c906a2b\",\"name\":\"Robbie Eriksson\",\"sameAs\":[\"https:\\\/\\\/lightweb.dev\\\/l\\\/svm-temp\"],\"url\":\"https:\\\/\\\/lightweb.dev\\\/l\\\/svm-temp\\\/reporter\\\/robbie-eriksson\\\/\"}]}<\/script>\n<!-- \/ Yoast SEO Premium plugin. -->","yoast_head_json":{"title":"Luis Rubiales avg\u00e5r - Svenska Magasinet","description":"Den skandalomsusade presidenten l\u00e4mnar nu sin post p\u00e5 det spanska fotbollsf\u00f6rbundet.\u00a0","robots":{"index":"noindex","follow":"follow","max-snippet":"max-snippet:-1","max-image-preview":"max-image-preview:large","max-video-preview":"max-video-preview:-1"},"og_locale":"sv_SE","og_type":"article","og_title":"Luis Rubiales avg\u00e5r","og_description":"Den skandalomsusade presidenten l\u00e4mnar nu sin post p\u00e5 det spanska fotbollsf\u00f6rbundet.\u00a0","og_url":"https:\/\/lightweb.dev\/l\/svm-temp\/nyheter\/luis-rubiales-avgar\/","og_site_name":"Svenska Magasinet","article_publisher":"https:\/\/www.facebook.com\/svenskamagasinet","article_published_time":"2023-09-11T11:37:54+00:00","article_modified_time":"2023-09-11T12:54:18+00:00","og_image":[{"width":922,"height":586,"url":"https:\/\/lightweb.dev\/l\/svm-temp\/wp-content\/uploads\/2023\/09\/Screenshot_20230911_123518_X.jpg","type":"image\/jpeg"}],"author":"Robbie Eriksson","twitter_card":"summary_large_image","twitter_creator":"@SvenskaMagasine","twitter_site":"@SvenskaMagasine","schema":{"@context":"https:\/\/schema.org","@graph":[{"@type":"Article","@id":"https:\/\/lightweb.dev\/l\/svm-temp\/nyheter\/luis-rubiales-avgar\/#article","isPartOf":{"@id":"https:\/\/lightweb.dev\/l\/svm-temp\/nyheter\/luis-rubiales-avgar\/"},"author":{"name":"Robbie Eriksson","@id":"https:\/\/lightweb.dev\/l\/svm-temp\/#\/schema\/person\/caffe038990d25722f5a04a03c906a2b"},"headline":"Luis Rubiales avg\u00e5r","datePublished":"2023-09-11T11:37:54+00:00","dateModified":"2023-09-11T12:54:18+00:00","mainEntityOfPage":{"@id":"https:\/\/lightweb.dev\/l\/svm-temp\/nyheter\/luis-rubiales-avgar\/"},"wordCount":383,"commentCount":0,"publisher":{"@id":"https:\/\/lightweb.dev\/l\/svm-temp\/#organization"},"image":{"@id":"https:\/\/lightweb.dev\/l\/svm-temp\/nyheter\/luis-rubiales-avgar\/#primaryimage"},"thumbnailUrl":"https:\/\/lightweb.dev\/l\/svm-temp\/wp-content\/uploads\/2023\/09\/Screenshot_20230911_123518_X.jpg","articleSection":["Nyheter","Sport"],"inLanguage":"sv-SE"},{"@type":"WebPage","@id":"https:\/\/lightweb.dev\/l\/svm-temp\/nyheter\/luis-rubiales-avgar\/","url":"https:\/\/lightweb.dev\/l\/svm-temp\/nyheter\/luis-rubiales-avgar\/","name":"Luis Rubiales avg\u00e5r - Svenska Magasinet","isPartOf":{"@id":"https:\/\/lightweb.dev\/l\/svm-temp\/#website"},"primaryImageOfPage":{"@id":"https:\/\/lightweb.dev\/l\/svm-temp\/nyheter\/luis-rubiales-avgar\/#primaryimage"},"image":{"@id":"https:\/\/lightweb.dev\/l\/svm-temp\/nyheter\/luis-rubiales-avgar\/#primaryimage"},"thumbnailUrl":"https:\/\/lightweb.dev\/l\/svm-temp\/wp-content\/uploads\/2023\/09\/Screenshot_20230911_123518_X.jpg","datePublished":"2023-09-11T11:37:54+00:00","dateModified":"2023-09-11T12:54:18+00:00","description":"Den skandalomsusade presidenten l\u00e4mnar nu sin post p\u00e5 det spanska fotbollsf\u00f6rbundet.\u00a0","breadcrumb":{"@id":"https:\/\/lightweb.dev\/l\/svm-temp\/nyheter\/luis-rubiales-avgar\/#breadcrumb"},"inLanguage":"sv-SE","potentialAction":[{"@type":"ReadAction","target":["https:\/\/lightweb.dev\/l\/svm-temp\/nyheter\/luis-rubiales-avgar\/"]}]},{"@type":"ImageObject","inLanguage":"sv-SE","@id":"https:\/\/lightweb.dev\/l\/svm-temp\/nyheter\/luis-rubiales-avgar\/#primaryimage","url":"https:\/\/lightweb.dev\/l\/svm-temp\/wp-content\/uploads\/2023\/09\/Screenshot_20230911_123518_X.jpg","contentUrl":"https:\/\/lightweb.dev\/l\/svm-temp\/wp-content\/uploads\/2023\/09\/Screenshot_20230911_123518_X.jpg","width":922,"height":586,"caption":"Luis Rubiales ska upp i r\u00e4tten denna fredag."},{"@type":"BreadcrumbList","@id":"https:\/\/lightweb.dev\/l\/svm-temp\/nyheter\/luis-rubiales-avgar\/#breadcrumb","itemListElement":[{"@type":"ListItem","position":1,"name":"Hem","item":"https:\/\/lightweb.dev\/l\/svm-temp\/"},{"@type":"ListItem","position":2,"name":"Luis Rubiales avg\u00e5r"}]},{"@type":"WebSite","@id":"https:\/\/lightweb.dev\/l\/svm-temp\/#website","url":"https:\/\/lightweb.dev\/l\/svm-temp\/","name":"Svenska Magasinet","description":"Dina Spanska nyheter p&aring; Svenska","publisher":{"@id":"https:\/\/lightweb.dev\/l\/svm-temp\/#organization"},"potentialAction":[{"@type":"SearchAction","target":{"@type":"EntryPoint","urlTemplate":"https:\/\/lightweb.dev\/l\/svm-temp\/?s={search_term_string}"},"query-input":{"@type":"PropertyValueSpecification","valueRequired":true,"valueName":"search_term_string"}}],"inLanguage":"sv-SE"},{"@type":"Organization","@id":"https:\/\/lightweb.dev\/l\/svm-temp\/#organization","name":"Melkerson y Nott SL","alternateName":"Svenska Magasinet","url":"https:\/\/lightweb.dev\/l\/svm-temp\/","logo":{"@type":"ImageObject","inLanguage":"sv-SE","@id":"https:\/\/lightweb.dev\/l\/svm-temp\/#\/schema\/logo\/image\/","url":"https:\/\/lightweb.dev\/l\/svm-temp\/wp-content\/uploads\/2025\/02\/SvM-logo-Xtra-Centrerad-SVART.png","contentUrl":"https:\/\/lightweb.dev\/l\/svm-temp\/wp-content\/uploads\/2025\/02\/SvM-logo-Xtra-Centrerad-SVART.png","width":300,"height":99,"caption":"Melkerson y Nott SL"},"image":{"@id":"https:\/\/lightweb.dev\/l\/svm-temp\/#\/schema\/logo\/image\/"},"sameAs":["https:\/\/www.facebook.com\/svenskamagasinet","https:\/\/x.com\/SvenskaMagasine"]},{"@type":"Person","@id":"https:\/\/lightweb.dev\/l\/svm-temp\/#\/schema\/person\/caffe038990d25722f5a04a03c906a2b","name":"Robbie Eriksson","sameAs":["https:\/\/lightweb.dev\/l\/svm-temp"],"url":"https:\/\/lightweb.dev\/l\/svm-temp\/reporter\/robbie-eriksson\/"}]}},"_links":{"self":[{"href":"https:\/\/lightweb.dev\/l\/svm-temp\/wp-json\/wp\/v2\/posts\/66369","targetHints":{"allow":["GET"]}}],"collection":[{"href":"https:\/\/lightweb.dev\/l\/svm-temp\/wp-json\/wp\/v2\/posts"}],"about":[{"href":"https:\/\/lightweb.dev\/l\/svm-temp\/wp-json\/wp\/v2\/types\/post"}],"author":[{"embeddable":true,"href":"https:\/\/lightweb.dev\/l\/svm-temp\/wp-json\/wp\/v2\/users\/14"}],"replies":[{"embeddable":true,"href":"https:\/\/lightweb.dev\/l\/svm-temp\/wp-json\/wp\/v2\/comments?post=66369"}],"version-history":[{"count":0,"href":"https:\/\/lightweb.dev\/l\/svm-temp\/wp-json\/wp\/v2\/posts\/66369\/revisions"}],"wp:featuredmedia":[{"embeddable":true,"href":"https:\/\/lightweb.dev\/l\/svm-temp\/wp-json\/wp\/v2\/media\/66390"}],"wp:attachment":[{"href":"https:\/\/lightweb.dev\/l\/svm-temp\/wp-json\/wp\/v2\/media?parent=66369"}],"wp:term":[{"taxonomy":"category","embeddable":true,"href":"https:\/\/lightweb.dev\/l\/svm-temp\/wp-json\/wp\/v2\/categories?post=66369"},{"taxonomy":"post_tag","embeddable":true,"href":"https:\/\/lightweb.dev\/l\/svm-temp\/wp-json\/wp\/v2\/tags?post=66369"}],"curies":[{"name":"wp","href":"https:\/\/api.w.org\/{rel}","templated":true}]}}