{"id":66393,"date":"2023-09-11T13:45:58","date_gmt":"2023-09-11T11:45:58","guid":{"rendered":"https:\/\/lightweb.dev\/l\/svm-temp\/?p=66393"},"modified":"2023-09-11T14:57:43","modified_gmt":"2023-09-11T12:57:43","slug":"sammetsgetingen-en-fara-for-manniskor-och-natur","status":"publish","type":"post","link":"https:\/\/lightweb.dev\/l\/svm-temp\/nyheter\/sammetsgetingen-en-fara-for-manniskor-och-natur\/","title":{"rendered":"Sammetsgetingen &#8211; en fara f\u00f6r m\u00e4nniskor och natur"},"content":{"rendered":"<p><strong>Spanska myndigheter varnar f\u00f6r invasiva getingar som kan inneb\u00e4ra fara f\u00f6r m\u00e4nniskor.<\/strong><\/p>\n<p><span style=\"font-weight: 400;\">Sammetsgetingen (Vespa Velutina, eller Asian Hornet p\u00e5 engelska) uppt\u00e4cktes f\u00f6rst i Europa \u00e5r 2004. Sedan dess har flera myndigheter varnat f\u00f6r den. Den inneb\u00e4r fara f\u00f6r andra insekter som \u00e4r viktiga f\u00f6r ekosystemet men kan ocks\u00e5 skada m\u00e4nniskor, s\u00e4ger Jos\u00e9 Ignacio L\u00f3pez och Jos\u00e9 Luis Garc\u00eda som \u00e4r medlemmar i Ecologistas en Acci\u00f3n.<\/span><\/p>\n<p><span style=\"font-weight: 400;\">Enligt experterna \u00e4r Sammetsgetingen en stor och v\u00e4ldigt aggressiv art. Likt andra typer av getingar attackerar den andra insekter som fj\u00e4rilar, skalbaggar, myror, bin och m\u00e5nga andra. Den g\u00e5r \u00e4ven snabbt till angrepp mot allt som n\u00e4rmar sig deras bon.\u00a0<\/span><\/p>\n<p><span style=\"font-weight: 400;\">Sedan de f\u00f6rst uppt\u00e4cktes i Frankrike under 2004 har de \u00f6kat i antal och spritt sig till iberiska halv\u00f6n och Balearerna. De orsakar i snitt fyra eller fem d\u00f6dsfall \u00e5rligen i Spanien. Sammetsgetingen kommer ursprungligen fr\u00e5n s\u00f6dra Kina och norra Indien men klarar sig i subtropiska klimat ocks\u00e5.<\/span><\/p>\n<p><span style=\"font-weight: 400;\">Sammetsgetingen k\u00e4nns igen genom dess svarta mage och gulsvartrandiga bakdel. Deras huvudsakliga f\u00f6da \u00e4r bin och en geting kan d\u00f6da mellan 25 och 50 bin per dag.\u00a0<\/span><\/p>\n<p><span style=\"font-weight: 400;\">De har redan etablerat sig i regionerna Baskien, Navarra, Kantabrien, Asturien, Galicien och Katalonien. Enligt experten Leopoldo Castro \u00e4r det dock inte troligt att den sprider sig till inlandet p\u00e5 grund av klimatet.\u00a0<\/span><\/p>\n<p><span style=\"font-weight: 400;\">Getingarna inneb\u00e4r en allvarlig risk f\u00f6r m\u00e4nniskor som n\u00e4rmar sig deras bon och de medf\u00f6r stora problem f\u00f6r biodlare som f\u00f6rs\u00f6ker f\u00f6rsvara sina bikupor. D\u00f6dsfall kopplade till dem har rapporterats sedan 2015.<\/span><\/p>\n","protected":false},"excerpt":{"rendered":"<p>Spanska myndigheter varnar f\u00f6r invasiva getingar som kan inneb\u00e4ra fara f\u00f6r m\u00e4nniskor&#8230;.<\/p>\n","protected":false},"author":14,"featured_media":66397,"comment_status":"open","ping_status":"closed","sticky":false,"template":"","format":"standard","meta":{"_et_pb_use_builder":"","_et_pb_old_content":"","_et_gb_content_width":"","footnotes":""},"categories":[395,3],"tags":[],"class_list":["post-66393","post","type-post","status-publish","format-standard","has-post-thumbnail","hentry","category-arkiv-nyheter","category-nyheter"],"yoast_head":"<!-- This site is optimized with the Yoast SEO Premium plugin v26.2 (Yoast SEO v27.4) - https:\/\/yoast.com\/product\/yoast-seo-premium-wordpress\/ -->\n<title>Sammetsgetingen - en fara f\u00f6r m\u00e4nniskor och natur - Svenska Magasinet<\/title>\n<meta name=\"description\" content=\"Spanska myndigheter varnar f\u00f6r invasiva getingar som kan inneb\u00e4ra fara f\u00f6r m\u00e4nniskor.\" \/>\n<meta name=\"robots\" content=\"noindex, follow, max-snippet:-1, max-image-preview:large, max-video-preview:-1\" \/>\n<meta property=\"og:locale\" content=\"sv_SE\" \/>\n<meta property=\"og:type\" content=\"article\" \/>\n<meta property=\"og:title\" content=\"Sammetsgetingen - en fara f\u00f6r m\u00e4nniskor och natur\" \/>\n<meta property=\"og:description\" content=\"Spanska myndigheter varnar f\u00f6r invasiva getingar som kan inneb\u00e4ra fara f\u00f6r m\u00e4nniskor.\" \/>\n<meta property=\"og:url\" content=\"https:\/\/lightweb.dev\/l\/svm-temp\/nyheter\/sammetsgetingen-en-fara-for-manniskor-och-natur\/\" \/>\n<meta property=\"og:site_name\" content=\"Svenska Magasinet\" \/>\n<meta property=\"article:publisher\" content=\"https:\/\/www.facebook.com\/svenskamagasinet\" \/>\n<meta property=\"article:published_time\" content=\"2023-09-11T11:45:58+00:00\" \/>\n<meta property=\"article:modified_time\" content=\"2023-09-11T12:57:43+00:00\" \/>\n<meta property=\"og:image\" content=\"https:\/\/lightweb.dev\/l\/svm-temp\/wp-content\/uploads\/2023\/09\/Vespa_velutina_up.jpg\" \/>\n\t<meta property=\"og:image:width\" content=\"709\" \/>\n\t<meta property=\"og:image:height\" content=\"599\" \/>\n\t<meta property=\"og:image:type\" content=\"image\/jpeg\" \/>\n<meta name=\"author\" content=\"Robbie Eriksson\" \/>\n<meta name=\"twitter:card\" content=\"summary_large_image\" \/>\n<meta name=\"twitter:creator\" content=\"@SvenskaMagasine\" \/>\n<meta name=\"twitter:site\" content=\"@SvenskaMagasine\" \/>\n<script type=\"application\/ld+json\" class=\"yoast-schema-graph\">{\"@context\":\"https:\\\/\\\/schema.org\",\"@graph\":[{\"@type\":\"Article\",\"@id\":\"https:\\\/\\\/lightweb.dev\\\/l\\\/svm-temp\\\/nyheter\\\/sammetsgetingen-en-fara-for-manniskor-och-natur\\\/#article\",\"isPartOf\":{\"@id\":\"https:\\\/\\\/lightweb.dev\\\/l\\\/svm-temp\\\/nyheter\\\/sammetsgetingen-en-fara-for-manniskor-och-natur\\\/\"},\"author\":{\"name\":\"Robbie Eriksson\",\"@id\":\"https:\\\/\\\/lightweb.dev\\\/l\\\/svm-temp\\\/#\\\/schema\\\/person\\\/caffe038990d25722f5a04a03c906a2b\"},\"headline\":\"Sammetsgetingen &#8211; en fara f\u00f6r m\u00e4nniskor och natur\",\"datePublished\":\"2023-09-11T11:45:58+00:00\",\"dateModified\":\"2023-09-11T12:57:43+00:00\",\"mainEntityOfPage\":{\"@id\":\"https:\\\/\\\/lightweb.dev\\\/l\\\/svm-temp\\\/nyheter\\\/sammetsgetingen-en-fara-for-manniskor-och-natur\\\/\"},\"wordCount\":289,\"commentCount\":1,\"publisher\":{\"@id\":\"https:\\\/\\\/lightweb.dev\\\/l\\\/svm-temp\\\/#organization\"},\"image\":{\"@id\":\"https:\\\/\\\/lightweb.dev\\\/l\\\/svm-temp\\\/nyheter\\\/sammetsgetingen-en-fara-for-manniskor-och-natur\\\/#primaryimage\"},\"thumbnailUrl\":\"https:\\\/\\\/lightweb.dev\\\/l\\\/svm-temp\\\/wp-content\\\/uploads\\\/2023\\\/09\\\/Vespa_velutina_up.jpg\",\"articleSection\":[\"Arkiv\",\"Nyheter\"],\"inLanguage\":\"sv-SE\"},{\"@type\":\"WebPage\",\"@id\":\"https:\\\/\\\/lightweb.dev\\\/l\\\/svm-temp\\\/nyheter\\\/sammetsgetingen-en-fara-for-manniskor-och-natur\\\/\",\"url\":\"https:\\\/\\\/lightweb.dev\\\/l\\\/svm-temp\\\/nyheter\\\/sammetsgetingen-en-fara-for-manniskor-och-natur\\\/\",\"name\":\"Sammetsgetingen - en fara f\u00f6r m\u00e4nniskor och natur - Svenska Magasinet\",\"isPartOf\":{\"@id\":\"https:\\\/\\\/lightweb.dev\\\/l\\\/svm-temp\\\/#website\"},\"primaryImageOfPage\":{\"@id\":\"https:\\\/\\\/lightweb.dev\\\/l\\\/svm-temp\\\/nyheter\\\/sammetsgetingen-en-fara-for-manniskor-och-natur\\\/#primaryimage\"},\"image\":{\"@id\":\"https:\\\/\\\/lightweb.dev\\\/l\\\/svm-temp\\\/nyheter\\\/sammetsgetingen-en-fara-for-manniskor-och-natur\\\/#primaryimage\"},\"thumbnailUrl\":\"https:\\\/\\\/lightweb.dev\\\/l\\\/svm-temp\\\/wp-content\\\/uploads\\\/2023\\\/09\\\/Vespa_velutina_up.jpg\",\"datePublished\":\"2023-09-11T11:45:58+00:00\",\"dateModified\":\"2023-09-11T12:57:43+00:00\",\"description\":\"Spanska myndigheter varnar f\u00f6r invasiva getingar som kan inneb\u00e4ra fara f\u00f6r m\u00e4nniskor.\",\"breadcrumb\":{\"@id\":\"https:\\\/\\\/lightweb.dev\\\/l\\\/svm-temp\\\/nyheter\\\/sammetsgetingen-en-fara-for-manniskor-och-natur\\\/#breadcrumb\"},\"inLanguage\":\"sv-SE\",\"potentialAction\":[{\"@type\":\"ReadAction\",\"target\":[\"https:\\\/\\\/lightweb.dev\\\/l\\\/svm-temp\\\/nyheter\\\/sammetsgetingen-en-fara-for-manniskor-och-natur\\\/\"]}]},{\"@type\":\"ImageObject\",\"inLanguage\":\"sv-SE\",\"@id\":\"https:\\\/\\\/lightweb.dev\\\/l\\\/svm-temp\\\/nyheter\\\/sammetsgetingen-en-fara-for-manniskor-och-natur\\\/#primaryimage\",\"url\":\"https:\\\/\\\/lightweb.dev\\\/l\\\/svm-temp\\\/wp-content\\\/uploads\\\/2023\\\/09\\\/Vespa_velutina_up.jpg\",\"contentUrl\":\"https:\\\/\\\/lightweb.dev\\\/l\\\/svm-temp\\\/wp-content\\\/uploads\\\/2023\\\/09\\\/Vespa_velutina_up.jpg\",\"width\":709,\"height\":599,\"caption\":\"Sammetsgeting. Bild: Siga\"},{\"@type\":\"BreadcrumbList\",\"@id\":\"https:\\\/\\\/lightweb.dev\\\/l\\\/svm-temp\\\/nyheter\\\/sammetsgetingen-en-fara-for-manniskor-och-natur\\\/#breadcrumb\",\"itemListElement\":[{\"@type\":\"ListItem\",\"position\":1,\"name\":\"Hem\",\"item\":\"https:\\\/\\\/lightweb.dev\\\/l\\\/svm-temp\\\/\"},{\"@type\":\"ListItem\",\"position\":2,\"name\":\"Sammetsgetingen &#8211; en fara f\u00f6r m\u00e4nniskor och natur\"}]},{\"@type\":\"WebSite\",\"@id\":\"https:\\\/\\\/lightweb.dev\\\/l\\\/svm-temp\\\/#website\",\"url\":\"https:\\\/\\\/lightweb.dev\\\/l\\\/svm-temp\\\/\",\"name\":\"Svenska Magasinet\",\"description\":\"Dina Spanska nyheter p&aring; Svenska\",\"publisher\":{\"@id\":\"https:\\\/\\\/lightweb.dev\\\/l\\\/svm-temp\\\/#organization\"},\"potentialAction\":[{\"@type\":\"SearchAction\",\"target\":{\"@type\":\"EntryPoint\",\"urlTemplate\":\"https:\\\/\\\/lightweb.dev\\\/l\\\/svm-temp\\\/?s={search_term_string}\"},\"query-input\":{\"@type\":\"PropertyValueSpecification\",\"valueRequired\":true,\"valueName\":\"search_term_string\"}}],\"inLanguage\":\"sv-SE\"},{\"@type\":\"Organization\",\"@id\":\"https:\\\/\\\/lightweb.dev\\\/l\\\/svm-temp\\\/#organization\",\"name\":\"Melkerson y Nott SL\",\"alternateName\":\"Svenska Magasinet\",\"url\":\"https:\\\/\\\/lightweb.dev\\\/l\\\/svm-temp\\\/\",\"logo\":{\"@type\":\"ImageObject\",\"inLanguage\":\"sv-SE\",\"@id\":\"https:\\\/\\\/lightweb.dev\\\/l\\\/svm-temp\\\/#\\\/schema\\\/logo\\\/image\\\/\",\"url\":\"https:\\\/\\\/lightweb.dev\\\/l\\\/svm-temp\\\/wp-content\\\/uploads\\\/2025\\\/02\\\/SvM-logo-Xtra-Centrerad-SVART.png\",\"contentUrl\":\"https:\\\/\\\/lightweb.dev\\\/l\\\/svm-temp\\\/wp-content\\\/uploads\\\/2025\\\/02\\\/SvM-logo-Xtra-Centrerad-SVART.png\",\"width\":300,\"height\":99,\"caption\":\"Melkerson y Nott SL\"},\"image\":{\"@id\":\"https:\\\/\\\/lightweb.dev\\\/l\\\/svm-temp\\\/#\\\/schema\\\/logo\\\/image\\\/\"},\"sameAs\":[\"https:\\\/\\\/www.facebook.com\\\/svenskamagasinet\",\"https:\\\/\\\/x.com\\\/SvenskaMagasine\"]},{\"@type\":\"Person\",\"@id\":\"https:\\\/\\\/lightweb.dev\\\/l\\\/svm-temp\\\/#\\\/schema\\\/person\\\/caffe038990d25722f5a04a03c906a2b\",\"name\":\"Robbie Eriksson\",\"sameAs\":[\"https:\\\/\\\/lightweb.dev\\\/l\\\/svm-temp\"],\"url\":\"https:\\\/\\\/lightweb.dev\\\/l\\\/svm-temp\\\/reporter\\\/robbie-eriksson\\\/\"}]}<\/script>\n<!-- \/ Yoast SEO Premium plugin. -->","yoast_head_json":{"title":"Sammetsgetingen - en fara f\u00f6r m\u00e4nniskor och natur - Svenska Magasinet","description":"Spanska myndigheter varnar f\u00f6r invasiva getingar som kan inneb\u00e4ra fara f\u00f6r m\u00e4nniskor.","robots":{"index":"noindex","follow":"follow","max-snippet":"max-snippet:-1","max-image-preview":"max-image-preview:large","max-video-preview":"max-video-preview:-1"},"og_locale":"sv_SE","og_type":"article","og_title":"Sammetsgetingen - en fara f\u00f6r m\u00e4nniskor och natur","og_description":"Spanska myndigheter varnar f\u00f6r invasiva getingar som kan inneb\u00e4ra fara f\u00f6r m\u00e4nniskor.","og_url":"https:\/\/lightweb.dev\/l\/svm-temp\/nyheter\/sammetsgetingen-en-fara-for-manniskor-och-natur\/","og_site_name":"Svenska Magasinet","article_publisher":"https:\/\/www.facebook.com\/svenskamagasinet","article_published_time":"2023-09-11T11:45:58+00:00","article_modified_time":"2023-09-11T12:57:43+00:00","og_image":[{"width":709,"height":599,"url":"https:\/\/lightweb.dev\/l\/svm-temp\/wp-content\/uploads\/2023\/09\/Vespa_velutina_up.jpg","type":"image\/jpeg"}],"author":"Robbie Eriksson","twitter_card":"summary_large_image","twitter_creator":"@SvenskaMagasine","twitter_site":"@SvenskaMagasine","schema":{"@context":"https:\/\/schema.org","@graph":[{"@type":"Article","@id":"https:\/\/lightweb.dev\/l\/svm-temp\/nyheter\/sammetsgetingen-en-fara-for-manniskor-och-natur\/#article","isPartOf":{"@id":"https:\/\/lightweb.dev\/l\/svm-temp\/nyheter\/sammetsgetingen-en-fara-for-manniskor-och-natur\/"},"author":{"name":"Robbie Eriksson","@id":"https:\/\/lightweb.dev\/l\/svm-temp\/#\/schema\/person\/caffe038990d25722f5a04a03c906a2b"},"headline":"Sammetsgetingen &#8211; en fara f\u00f6r m\u00e4nniskor och natur","datePublished":"2023-09-11T11:45:58+00:00","dateModified":"2023-09-11T12:57:43+00:00","mainEntityOfPage":{"@id":"https:\/\/lightweb.dev\/l\/svm-temp\/nyheter\/sammetsgetingen-en-fara-for-manniskor-och-natur\/"},"wordCount":289,"commentCount":1,"publisher":{"@id":"https:\/\/lightweb.dev\/l\/svm-temp\/#organization"},"image":{"@id":"https:\/\/lightweb.dev\/l\/svm-temp\/nyheter\/sammetsgetingen-en-fara-for-manniskor-och-natur\/#primaryimage"},"thumbnailUrl":"https:\/\/lightweb.dev\/l\/svm-temp\/wp-content\/uploads\/2023\/09\/Vespa_velutina_up.jpg","articleSection":["Arkiv","Nyheter"],"inLanguage":"sv-SE"},{"@type":"WebPage","@id":"https:\/\/lightweb.dev\/l\/svm-temp\/nyheter\/sammetsgetingen-en-fara-for-manniskor-och-natur\/","url":"https:\/\/lightweb.dev\/l\/svm-temp\/nyheter\/sammetsgetingen-en-fara-for-manniskor-och-natur\/","name":"Sammetsgetingen - en fara f\u00f6r m\u00e4nniskor och natur - Svenska Magasinet","isPartOf":{"@id":"https:\/\/lightweb.dev\/l\/svm-temp\/#website"},"primaryImageOfPage":{"@id":"https:\/\/lightweb.dev\/l\/svm-temp\/nyheter\/sammetsgetingen-en-fara-for-manniskor-och-natur\/#primaryimage"},"image":{"@id":"https:\/\/lightweb.dev\/l\/svm-temp\/nyheter\/sammetsgetingen-en-fara-for-manniskor-och-natur\/#primaryimage"},"thumbnailUrl":"https:\/\/lightweb.dev\/l\/svm-temp\/wp-content\/uploads\/2023\/09\/Vespa_velutina_up.jpg","datePublished":"2023-09-11T11:45:58+00:00","dateModified":"2023-09-11T12:57:43+00:00","description":"Spanska myndigheter varnar f\u00f6r invasiva getingar som kan inneb\u00e4ra fara f\u00f6r m\u00e4nniskor.","breadcrumb":{"@id":"https:\/\/lightweb.dev\/l\/svm-temp\/nyheter\/sammetsgetingen-en-fara-for-manniskor-och-natur\/#breadcrumb"},"inLanguage":"sv-SE","potentialAction":[{"@type":"ReadAction","target":["https:\/\/lightweb.dev\/l\/svm-temp\/nyheter\/sammetsgetingen-en-fara-for-manniskor-och-natur\/"]}]},{"@type":"ImageObject","inLanguage":"sv-SE","@id":"https:\/\/lightweb.dev\/l\/svm-temp\/nyheter\/sammetsgetingen-en-fara-for-manniskor-och-natur\/#primaryimage","url":"https:\/\/lightweb.dev\/l\/svm-temp\/wp-content\/uploads\/2023\/09\/Vespa_velutina_up.jpg","contentUrl":"https:\/\/lightweb.dev\/l\/svm-temp\/wp-content\/uploads\/2023\/09\/Vespa_velutina_up.jpg","width":709,"height":599,"caption":"Sammetsgeting. Bild: Siga"},{"@type":"BreadcrumbList","@id":"https:\/\/lightweb.dev\/l\/svm-temp\/nyheter\/sammetsgetingen-en-fara-for-manniskor-och-natur\/#breadcrumb","itemListElement":[{"@type":"ListItem","position":1,"name":"Hem","item":"https:\/\/lightweb.dev\/l\/svm-temp\/"},{"@type":"ListItem","position":2,"name":"Sammetsgetingen &#8211; en fara f\u00f6r m\u00e4nniskor och natur"}]},{"@type":"WebSite","@id":"https:\/\/lightweb.dev\/l\/svm-temp\/#website","url":"https:\/\/lightweb.dev\/l\/svm-temp\/","name":"Svenska Magasinet","description":"Dina Spanska nyheter p&aring; Svenska","publisher":{"@id":"https:\/\/lightweb.dev\/l\/svm-temp\/#organization"},"potentialAction":[{"@type":"SearchAction","target":{"@type":"EntryPoint","urlTemplate":"https:\/\/lightweb.dev\/l\/svm-temp\/?s={search_term_string}"},"query-input":{"@type":"PropertyValueSpecification","valueRequired":true,"valueName":"search_term_string"}}],"inLanguage":"sv-SE"},{"@type":"Organization","@id":"https:\/\/lightweb.dev\/l\/svm-temp\/#organization","name":"Melkerson y Nott SL","alternateName":"Svenska Magasinet","url":"https:\/\/lightweb.dev\/l\/svm-temp\/","logo":{"@type":"ImageObject","inLanguage":"sv-SE","@id":"https:\/\/lightweb.dev\/l\/svm-temp\/#\/schema\/logo\/image\/","url":"https:\/\/lightweb.dev\/l\/svm-temp\/wp-content\/uploads\/2025\/02\/SvM-logo-Xtra-Centrerad-SVART.png","contentUrl":"https:\/\/lightweb.dev\/l\/svm-temp\/wp-content\/uploads\/2025\/02\/SvM-logo-Xtra-Centrerad-SVART.png","width":300,"height":99,"caption":"Melkerson y Nott SL"},"image":{"@id":"https:\/\/lightweb.dev\/l\/svm-temp\/#\/schema\/logo\/image\/"},"sameAs":["https:\/\/www.facebook.com\/svenskamagasinet","https:\/\/x.com\/SvenskaMagasine"]},{"@type":"Person","@id":"https:\/\/lightweb.dev\/l\/svm-temp\/#\/schema\/person\/caffe038990d25722f5a04a03c906a2b","name":"Robbie Eriksson","sameAs":["https:\/\/lightweb.dev\/l\/svm-temp"],"url":"https:\/\/lightweb.dev\/l\/svm-temp\/reporter\/robbie-eriksson\/"}]}},"_links":{"self":[{"href":"https:\/\/lightweb.dev\/l\/svm-temp\/wp-json\/wp\/v2\/posts\/66393","targetHints":{"allow":["GET"]}}],"collection":[{"href":"https:\/\/lightweb.dev\/l\/svm-temp\/wp-json\/wp\/v2\/posts"}],"about":[{"href":"https:\/\/lightweb.dev\/l\/svm-temp\/wp-json\/wp\/v2\/types\/post"}],"author":[{"embeddable":true,"href":"https:\/\/lightweb.dev\/l\/svm-temp\/wp-json\/wp\/v2\/users\/14"}],"replies":[{"embeddable":true,"href":"https:\/\/lightweb.dev\/l\/svm-temp\/wp-json\/wp\/v2\/comments?post=66393"}],"version-history":[{"count":0,"href":"https:\/\/lightweb.dev\/l\/svm-temp\/wp-json\/wp\/v2\/posts\/66393\/revisions"}],"wp:featuredmedia":[{"embeddable":true,"href":"https:\/\/lightweb.dev\/l\/svm-temp\/wp-json\/wp\/v2\/media\/66397"}],"wp:attachment":[{"href":"https:\/\/lightweb.dev\/l\/svm-temp\/wp-json\/wp\/v2\/media?parent=66393"}],"wp:term":[{"taxonomy":"category","embeddable":true,"href":"https:\/\/lightweb.dev\/l\/svm-temp\/wp-json\/wp\/v2\/categories?post=66393"},{"taxonomy":"post_tag","embeddable":true,"href":"https:\/\/lightweb.dev\/l\/svm-temp\/wp-json\/wp\/v2\/tags?post=66393"}],"curies":[{"name":"wp","href":"https:\/\/api.w.org\/{rel}","templated":true}]}}