{"id":66447,"date":"2023-09-12T09:56:05","date_gmt":"2023-09-12T07:56:05","guid":{"rendered":"https:\/\/lightweb.dev\/l\/svm-temp\/?p=66447"},"modified":"2023-09-12T09:57:18","modified_gmt":"2023-09-12T07:57:18","slug":"pasarela-larios-europas-langsta-catwalk-i-malaga","status":"publish","type":"post","link":"https:\/\/lightweb.dev\/l\/svm-temp\/nyheter\/pasarela-larios-europas-langsta-catwalk-i-malaga\/","title":{"rendered":"Pasarela Larios: Europas l\u00e4ngsta catwalk i M\u00e1laga"},"content":{"rendered":"<p><strong>Till helgen \u00e4r det dags f\u00f6r Pasarela Larios M\u00e1laga Fashion Week d\u00e5 en 350 meter l\u00e5ng matta rullas ut l\u00e4ngs calle Larios i M\u00e1laga.<\/strong><\/p>\n<p><strong>Det blir Europas l\u00e4ngsta catwalk.<\/strong><\/p>\n<p>Inte mindre \u00e4n tretton kl\u00e4ddesigners fr\u00e5n provinsen medverkar under varum\u00e4rket M\u00e1laga de Moda f\u00f6r att lyfta fram lokala f\u00f6rm\u00e5gor i det internationella ljuset.<\/p>\n<p>Det \u00e4r den tolfte upplagan sedan starten och aldrig har det varit med fler designers som i \u00e5r.<\/p>\n<p>&#8211; Det \u00e4r fler \u00e4n tidigare. Och det \u00e4r en marknad som stadigt v\u00e4xer, s\u00e4ger Esperanza Gonz\u00e1lez, vid provinsstyrelsen som \u00e4r med och st\u00f6ttar evenemanget som p\u00e5g\u00e5r fredag till l\u00f6rdag.<\/p>\n<p>Catwalken blir p\u00e5 l\u00f6rdag fr\u00e5n klockan 16 till klockan 22 p\u00e5 calle Larios. N\u00e5gra lokala designers att h\u00e5lla \u00f6gonen p\u00e5 \u00e4r Inma de la Riva, Violeta Vergara, Macarena Delgado, Shamat, Celia Perg\u00e1z, Blackpier, Alejandra Marineto, Mar\u00eda Jurado och Sandra Rojas.<\/p>\n<p>Dessutom medverkar flera internationellt k\u00e4nda med sina skapelser som den M\u00e1lagaf\u00f6dde Pepe Canela samt Livia Montecarlo, \u00c1gatha Ruiz de la Prada, Bananamoon, Cala, Hassan Bouchiki Style, Rahma Kaba Fashion Style, Niza (Dolores Promesas) och V\u00e9rtize Gala.<\/p>\n<p>Redan p\u00e5 fredag \u00e4r det en lokal catwalk med kl\u00e4der skapade av Jes\u00fas Segado, Lebrel och Susana Hidalgo tillsammans med Romina Brunelli, Jokoth, Montesco, \u00c1ngel Schlesser, La Mosquita Spain, Romeo Couture och Lina Sevilla.<\/p>\n<p><span class=\"VYSrnytOp1hXLUwBmD7oOlZfS8PH3BbqHWTwGcXbMdF7sToeWghfiaLVJQYGqK2ERkD0CuNaAlz2FyK\"><\/p>\n<blockquote class=\"twitter-tweet\" data-width=\"550\" data-dnt=\"true\">\n<p lang=\"es\" dir=\"ltr\">Trece <a href=\"https:\/\/twitter.com\/hashtag\/dise%C3%B1adores?src=hash&amp;ref_src=twsrc%5Etfw\">#dise\u00f1adores<\/a> de <a href=\"https:\/\/twitter.com\/MalagaDeModa?ref_src=twsrc%5Etfw\">@MalagaDeModa<\/a> desfilar\u00e1n en <a href=\"https:\/\/twitter.com\/hashtag\/PasarelaLarios?src=hash&amp;ref_src=twsrc%5Etfw\">#PasarelaLarios<\/a> <a href=\"https:\/\/twitter.com\/hashtag\/M%C3%A1lagaFashionWeek?src=hash&amp;ref_src=twsrc%5Etfw\">#M\u00e1lagaFashionWeek<\/a>.<\/p>\n<p>\u2714\ufe0fLos d\u00edas 15 y 16 de septiembre, la calle Larios se convertir\u00e1 en la pasarela m\u00e1s larga de Europa con la colaboraci\u00f3n de <a href=\"https:\/\/twitter.com\/diputacionMLG?ref_src=twsrc%5Etfw\">@diputacionMLG<\/a> <\/p>\n<p>\ud83d\udc49 <a href=\"https:\/\/t.co\/eKuUv6WdTx\">https:\/\/t.co\/eKuUv6WdTx<\/a><a href=\"https:\/\/twitter.com\/NuevaModa?ref_src=twsrc%5Etfw\">@NuevaModa<\/a> <a href=\"https:\/\/twitter.com\/juanrosasgallar?ref_src=twsrc%5Etfw\">@juanrosasgallar<\/a> <a href=\"https:\/\/t.co\/BuKSKv2p5h\">pic.twitter.com\/BuKSKv2p5h<\/a><\/p>\n<p>&mdash; Diputaci\u00f3n de M\u00e1laga (@diputacionMLG) <a href=\"https:\/\/twitter.com\/diputacionMLG\/status\/1701195881792389344?ref_src=twsrc%5Etfw\">September 11, 2023<\/a><\/p><\/blockquote>\n<p><script async src=\"https:\/\/platform.twitter.com\/widgets.js\" charset=\"utf-8\"><\/script><\/span><\/p>\n","protected":false},"excerpt":{"rendered":"<p>Till helgen \u00e4r det dags f\u00f6r Pasarela Larios M\u00e1laga Fashion Week d\u00e5 en 350 meter l\u00e5ng matta rullas ut l\u00e4ngs calle Larios i M\u00e1laga. Det blir Europas l\u00e4ngsta catwalk&#8230;<\/p>\n","protected":false},"author":7,"featured_media":66449,"comment_status":"open","ping_status":"closed","sticky":false,"template":"","format":"standard","meta":{"_et_pb_use_builder":"","_et_pb_old_content":"","_et_gb_content_width":"","footnotes":""},"categories":[395,3],"tags":[],"class_list":["post-66447","post","type-post","status-publish","format-standard","has-post-thumbnail","hentry","category-arkiv-nyheter","category-nyheter"],"yoast_head":"<!-- This site is optimized with the Yoast SEO Premium plugin v26.2 (Yoast SEO v27.4) - https:\/\/yoast.com\/product\/yoast-seo-premium-wordpress\/ -->\n<title>Pasarela Larios: Europas l\u00e4ngsta catwalk i M\u00e1laga - Svenska Magasinet<\/title>\n<meta name=\"description\" content=\"Till helgen \u00e4r det dags f\u00f6r Pasarela Larios M\u00e1laga Fashion Week d\u00e5 en 350 meter l\u00e5ng matta rullas ut l\u00e4ngs calle Larios i M\u00e1laga. Det blir Europas l\u00e4ngsta catwalk.\" \/>\n<meta name=\"robots\" content=\"noindex, follow, max-snippet:-1, max-image-preview:large, max-video-preview:-1\" \/>\n<meta property=\"og:locale\" content=\"sv_SE\" \/>\n<meta property=\"og:type\" content=\"article\" \/>\n<meta property=\"og:title\" content=\"Pasarela Larios: Europas l\u00e4ngsta catwalk i M\u00e1laga\" \/>\n<meta property=\"og:description\" content=\"Till helgen \u00e4r det dags f\u00f6r Pasarela Larios M\u00e1laga Fashion Week d\u00e5 en 350 meter l\u00e5ng matta rullas ut l\u00e4ngs calle Larios i M\u00e1laga. Det blir Europas l\u00e4ngsta catwalk.\" \/>\n<meta property=\"og:url\" content=\"https:\/\/lightweb.dev\/l\/svm-temp\/nyheter\/pasarela-larios-europas-langsta-catwalk-i-malaga\/\" \/>\n<meta property=\"og:site_name\" content=\"Svenska Magasinet\" \/>\n<meta property=\"article:publisher\" content=\"https:\/\/www.facebook.com\/svenskamagasinet\" \/>\n<meta property=\"article:published_time\" content=\"2023-09-12T07:56:05+00:00\" \/>\n<meta property=\"article:modified_time\" content=\"2023-09-12T07:57:18+00:00\" \/>\n<meta property=\"og:image\" content=\"https:\/\/lightweb.dev\/l\/svm-temp\/wp-content\/uploads\/2023\/09\/IMG_5289-scaled-stor.jpeg\" \/>\n\t<meta property=\"og:image:width\" content=\"1280\" \/>\n\t<meta property=\"og:image:height\" content=\"854\" \/>\n\t<meta property=\"og:image:type\" content=\"image\/jpeg\" \/>\n<meta name=\"author\" content=\"Ola Josefsson\" \/>\n<meta name=\"twitter:card\" content=\"summary_large_image\" \/>\n<meta name=\"twitter:creator\" content=\"@SvenskaMagasine\" \/>\n<meta name=\"twitter:site\" content=\"@SvenskaMagasine\" \/>\n<script type=\"application\/ld+json\" class=\"yoast-schema-graph\">{\"@context\":\"https:\\\/\\\/schema.org\",\"@graph\":[{\"@type\":\"Article\",\"@id\":\"https:\\\/\\\/lightweb.dev\\\/l\\\/svm-temp\\\/nyheter\\\/pasarela-larios-europas-langsta-catwalk-i-malaga\\\/#article\",\"isPartOf\":{\"@id\":\"https:\\\/\\\/lightweb.dev\\\/l\\\/svm-temp\\\/nyheter\\\/pasarela-larios-europas-langsta-catwalk-i-malaga\\\/\"},\"author\":{\"name\":\"Ola Josefsson\",\"@id\":\"https:\\\/\\\/lightweb.dev\\\/l\\\/svm-temp\\\/#\\\/schema\\\/person\\\/7a82b8a73d171d32360a564b6d03508e\"},\"headline\":\"Pasarela Larios: Europas l\u00e4ngsta catwalk i M\u00e1laga\",\"datePublished\":\"2023-09-12T07:56:05+00:00\",\"dateModified\":\"2023-09-12T07:57:18+00:00\",\"mainEntityOfPage\":{\"@id\":\"https:\\\/\\\/lightweb.dev\\\/l\\\/svm-temp\\\/nyheter\\\/pasarela-larios-europas-langsta-catwalk-i-malaga\\\/\"},\"wordCount\":256,\"commentCount\":0,\"publisher\":{\"@id\":\"https:\\\/\\\/lightweb.dev\\\/l\\\/svm-temp\\\/#organization\"},\"image\":{\"@id\":\"https:\\\/\\\/lightweb.dev\\\/l\\\/svm-temp\\\/nyheter\\\/pasarela-larios-europas-langsta-catwalk-i-malaga\\\/#primaryimage\"},\"thumbnailUrl\":\"https:\\\/\\\/lightweb.dev\\\/l\\\/svm-temp\\\/wp-content\\\/uploads\\\/2023\\\/09\\\/IMG_5289-scaled-stor.jpeg\",\"articleSection\":[\"Arkiv\",\"Nyheter\"],\"inLanguage\":\"sv-SE\"},{\"@type\":\"WebPage\",\"@id\":\"https:\\\/\\\/lightweb.dev\\\/l\\\/svm-temp\\\/nyheter\\\/pasarela-larios-europas-langsta-catwalk-i-malaga\\\/\",\"url\":\"https:\\\/\\\/lightweb.dev\\\/l\\\/svm-temp\\\/nyheter\\\/pasarela-larios-europas-langsta-catwalk-i-malaga\\\/\",\"name\":\"Pasarela Larios: Europas l\u00e4ngsta catwalk i M\u00e1laga - Svenska Magasinet\",\"isPartOf\":{\"@id\":\"https:\\\/\\\/lightweb.dev\\\/l\\\/svm-temp\\\/#website\"},\"primaryImageOfPage\":{\"@id\":\"https:\\\/\\\/lightweb.dev\\\/l\\\/svm-temp\\\/nyheter\\\/pasarela-larios-europas-langsta-catwalk-i-malaga\\\/#primaryimage\"},\"image\":{\"@id\":\"https:\\\/\\\/lightweb.dev\\\/l\\\/svm-temp\\\/nyheter\\\/pasarela-larios-europas-langsta-catwalk-i-malaga\\\/#primaryimage\"},\"thumbnailUrl\":\"https:\\\/\\\/lightweb.dev\\\/l\\\/svm-temp\\\/wp-content\\\/uploads\\\/2023\\\/09\\\/IMG_5289-scaled-stor.jpeg\",\"datePublished\":\"2023-09-12T07:56:05+00:00\",\"dateModified\":\"2023-09-12T07:57:18+00:00\",\"description\":\"Till helgen \u00e4r det dags f\u00f6r Pasarela Larios M\u00e1laga Fashion Week d\u00e5 en 350 meter l\u00e5ng matta rullas ut l\u00e4ngs calle Larios i M\u00e1laga. Det blir Europas l\u00e4ngsta catwalk.\",\"breadcrumb\":{\"@id\":\"https:\\\/\\\/lightweb.dev\\\/l\\\/svm-temp\\\/nyheter\\\/pasarela-larios-europas-langsta-catwalk-i-malaga\\\/#breadcrumb\"},\"inLanguage\":\"sv-SE\",\"potentialAction\":[{\"@type\":\"ReadAction\",\"target\":[\"https:\\\/\\\/lightweb.dev\\\/l\\\/svm-temp\\\/nyheter\\\/pasarela-larios-europas-langsta-catwalk-i-malaga\\\/\"]}]},{\"@type\":\"ImageObject\",\"inLanguage\":\"sv-SE\",\"@id\":\"https:\\\/\\\/lightweb.dev\\\/l\\\/svm-temp\\\/nyheter\\\/pasarela-larios-europas-langsta-catwalk-i-malaga\\\/#primaryimage\",\"url\":\"https:\\\/\\\/lightweb.dev\\\/l\\\/svm-temp\\\/wp-content\\\/uploads\\\/2023\\\/09\\\/IMG_5289-scaled-stor.jpeg\",\"contentUrl\":\"https:\\\/\\\/lightweb.dev\\\/l\\\/svm-temp\\\/wp-content\\\/uploads\\\/2023\\\/09\\\/IMG_5289-scaled-stor.jpeg\",\"width\":1280,\"height\":854},{\"@type\":\"BreadcrumbList\",\"@id\":\"https:\\\/\\\/lightweb.dev\\\/l\\\/svm-temp\\\/nyheter\\\/pasarela-larios-europas-langsta-catwalk-i-malaga\\\/#breadcrumb\",\"itemListElement\":[{\"@type\":\"ListItem\",\"position\":1,\"name\":\"Hem\",\"item\":\"https:\\\/\\\/lightweb.dev\\\/l\\\/svm-temp\\\/\"},{\"@type\":\"ListItem\",\"position\":2,\"name\":\"Pasarela Larios: Europas l\u00e4ngsta catwalk i M\u00e1laga\"}]},{\"@type\":\"WebSite\",\"@id\":\"https:\\\/\\\/lightweb.dev\\\/l\\\/svm-temp\\\/#website\",\"url\":\"https:\\\/\\\/lightweb.dev\\\/l\\\/svm-temp\\\/\",\"name\":\"Svenska Magasinet\",\"description\":\"Dina Spanska nyheter p&aring; Svenska\",\"publisher\":{\"@id\":\"https:\\\/\\\/lightweb.dev\\\/l\\\/svm-temp\\\/#organization\"},\"potentialAction\":[{\"@type\":\"SearchAction\",\"target\":{\"@type\":\"EntryPoint\",\"urlTemplate\":\"https:\\\/\\\/lightweb.dev\\\/l\\\/svm-temp\\\/?s={search_term_string}\"},\"query-input\":{\"@type\":\"PropertyValueSpecification\",\"valueRequired\":true,\"valueName\":\"search_term_string\"}}],\"inLanguage\":\"sv-SE\"},{\"@type\":\"Organization\",\"@id\":\"https:\\\/\\\/lightweb.dev\\\/l\\\/svm-temp\\\/#organization\",\"name\":\"Melkerson y Nott SL\",\"alternateName\":\"Svenska Magasinet\",\"url\":\"https:\\\/\\\/lightweb.dev\\\/l\\\/svm-temp\\\/\",\"logo\":{\"@type\":\"ImageObject\",\"inLanguage\":\"sv-SE\",\"@id\":\"https:\\\/\\\/lightweb.dev\\\/l\\\/svm-temp\\\/#\\\/schema\\\/logo\\\/image\\\/\",\"url\":\"https:\\\/\\\/lightweb.dev\\\/l\\\/svm-temp\\\/wp-content\\\/uploads\\\/2025\\\/02\\\/SvM-logo-Xtra-Centrerad-SVART.png\",\"contentUrl\":\"https:\\\/\\\/lightweb.dev\\\/l\\\/svm-temp\\\/wp-content\\\/uploads\\\/2025\\\/02\\\/SvM-logo-Xtra-Centrerad-SVART.png\",\"width\":300,\"height\":99,\"caption\":\"Melkerson y Nott SL\"},\"image\":{\"@id\":\"https:\\\/\\\/lightweb.dev\\\/l\\\/svm-temp\\\/#\\\/schema\\\/logo\\\/image\\\/\"},\"sameAs\":[\"https:\\\/\\\/www.facebook.com\\\/svenskamagasinet\",\"https:\\\/\\\/x.com\\\/SvenskaMagasine\"]},{\"@type\":\"Person\",\"@id\":\"https:\\\/\\\/lightweb.dev\\\/l\\\/svm-temp\\\/#\\\/schema\\\/person\\\/7a82b8a73d171d32360a564b6d03508e\",\"name\":\"Ola Josefsson\",\"description\":\"Bevakar Solkusten och Spanien sedan 1994.\",\"sameAs\":[\"https:\\\/\\\/lightweb.dev\\\/l\\\/svm-temp\"],\"url\":\"https:\\\/\\\/lightweb.dev\\\/l\\\/svm-temp\\\/reporter\\\/ola-josefsson\\\/\"}]}<\/script>\n<!-- \/ Yoast SEO Premium plugin. -->","yoast_head_json":{"title":"Pasarela Larios: Europas l\u00e4ngsta catwalk i M\u00e1laga - Svenska Magasinet","description":"Till helgen \u00e4r det dags f\u00f6r Pasarela Larios M\u00e1laga Fashion Week d\u00e5 en 350 meter l\u00e5ng matta rullas ut l\u00e4ngs calle Larios i M\u00e1laga. Det blir Europas l\u00e4ngsta catwalk.","robots":{"index":"noindex","follow":"follow","max-snippet":"max-snippet:-1","max-image-preview":"max-image-preview:large","max-video-preview":"max-video-preview:-1"},"og_locale":"sv_SE","og_type":"article","og_title":"Pasarela Larios: Europas l\u00e4ngsta catwalk i M\u00e1laga","og_description":"Till helgen \u00e4r det dags f\u00f6r Pasarela Larios M\u00e1laga Fashion Week d\u00e5 en 350 meter l\u00e5ng matta rullas ut l\u00e4ngs calle Larios i M\u00e1laga. Det blir Europas l\u00e4ngsta catwalk.","og_url":"https:\/\/lightweb.dev\/l\/svm-temp\/nyheter\/pasarela-larios-europas-langsta-catwalk-i-malaga\/","og_site_name":"Svenska Magasinet","article_publisher":"https:\/\/www.facebook.com\/svenskamagasinet","article_published_time":"2023-09-12T07:56:05+00:00","article_modified_time":"2023-09-12T07:57:18+00:00","og_image":[{"width":1280,"height":854,"url":"https:\/\/lightweb.dev\/l\/svm-temp\/wp-content\/uploads\/2023\/09\/IMG_5289-scaled-stor.jpeg","type":"image\/jpeg"}],"author":"Ola Josefsson","twitter_card":"summary_large_image","twitter_creator":"@SvenskaMagasine","twitter_site":"@SvenskaMagasine","schema":{"@context":"https:\/\/schema.org","@graph":[{"@type":"Article","@id":"https:\/\/lightweb.dev\/l\/svm-temp\/nyheter\/pasarela-larios-europas-langsta-catwalk-i-malaga\/#article","isPartOf":{"@id":"https:\/\/lightweb.dev\/l\/svm-temp\/nyheter\/pasarela-larios-europas-langsta-catwalk-i-malaga\/"},"author":{"name":"Ola Josefsson","@id":"https:\/\/lightweb.dev\/l\/svm-temp\/#\/schema\/person\/7a82b8a73d171d32360a564b6d03508e"},"headline":"Pasarela Larios: Europas l\u00e4ngsta catwalk i M\u00e1laga","datePublished":"2023-09-12T07:56:05+00:00","dateModified":"2023-09-12T07:57:18+00:00","mainEntityOfPage":{"@id":"https:\/\/lightweb.dev\/l\/svm-temp\/nyheter\/pasarela-larios-europas-langsta-catwalk-i-malaga\/"},"wordCount":256,"commentCount":0,"publisher":{"@id":"https:\/\/lightweb.dev\/l\/svm-temp\/#organization"},"image":{"@id":"https:\/\/lightweb.dev\/l\/svm-temp\/nyheter\/pasarela-larios-europas-langsta-catwalk-i-malaga\/#primaryimage"},"thumbnailUrl":"https:\/\/lightweb.dev\/l\/svm-temp\/wp-content\/uploads\/2023\/09\/IMG_5289-scaled-stor.jpeg","articleSection":["Arkiv","Nyheter"],"inLanguage":"sv-SE"},{"@type":"WebPage","@id":"https:\/\/lightweb.dev\/l\/svm-temp\/nyheter\/pasarela-larios-europas-langsta-catwalk-i-malaga\/","url":"https:\/\/lightweb.dev\/l\/svm-temp\/nyheter\/pasarela-larios-europas-langsta-catwalk-i-malaga\/","name":"Pasarela Larios: Europas l\u00e4ngsta catwalk i M\u00e1laga - Svenska Magasinet","isPartOf":{"@id":"https:\/\/lightweb.dev\/l\/svm-temp\/#website"},"primaryImageOfPage":{"@id":"https:\/\/lightweb.dev\/l\/svm-temp\/nyheter\/pasarela-larios-europas-langsta-catwalk-i-malaga\/#primaryimage"},"image":{"@id":"https:\/\/lightweb.dev\/l\/svm-temp\/nyheter\/pasarela-larios-europas-langsta-catwalk-i-malaga\/#primaryimage"},"thumbnailUrl":"https:\/\/lightweb.dev\/l\/svm-temp\/wp-content\/uploads\/2023\/09\/IMG_5289-scaled-stor.jpeg","datePublished":"2023-09-12T07:56:05+00:00","dateModified":"2023-09-12T07:57:18+00:00","description":"Till helgen \u00e4r det dags f\u00f6r Pasarela Larios M\u00e1laga Fashion Week d\u00e5 en 350 meter l\u00e5ng matta rullas ut l\u00e4ngs calle Larios i M\u00e1laga. Det blir Europas l\u00e4ngsta catwalk.","breadcrumb":{"@id":"https:\/\/lightweb.dev\/l\/svm-temp\/nyheter\/pasarela-larios-europas-langsta-catwalk-i-malaga\/#breadcrumb"},"inLanguage":"sv-SE","potentialAction":[{"@type":"ReadAction","target":["https:\/\/lightweb.dev\/l\/svm-temp\/nyheter\/pasarela-larios-europas-langsta-catwalk-i-malaga\/"]}]},{"@type":"ImageObject","inLanguage":"sv-SE","@id":"https:\/\/lightweb.dev\/l\/svm-temp\/nyheter\/pasarela-larios-europas-langsta-catwalk-i-malaga\/#primaryimage","url":"https:\/\/lightweb.dev\/l\/svm-temp\/wp-content\/uploads\/2023\/09\/IMG_5289-scaled-stor.jpeg","contentUrl":"https:\/\/lightweb.dev\/l\/svm-temp\/wp-content\/uploads\/2023\/09\/IMG_5289-scaled-stor.jpeg","width":1280,"height":854},{"@type":"BreadcrumbList","@id":"https:\/\/lightweb.dev\/l\/svm-temp\/nyheter\/pasarela-larios-europas-langsta-catwalk-i-malaga\/#breadcrumb","itemListElement":[{"@type":"ListItem","position":1,"name":"Hem","item":"https:\/\/lightweb.dev\/l\/svm-temp\/"},{"@type":"ListItem","position":2,"name":"Pasarela Larios: Europas l\u00e4ngsta catwalk i M\u00e1laga"}]},{"@type":"WebSite","@id":"https:\/\/lightweb.dev\/l\/svm-temp\/#website","url":"https:\/\/lightweb.dev\/l\/svm-temp\/","name":"Svenska Magasinet","description":"Dina Spanska nyheter p&aring; Svenska","publisher":{"@id":"https:\/\/lightweb.dev\/l\/svm-temp\/#organization"},"potentialAction":[{"@type":"SearchAction","target":{"@type":"EntryPoint","urlTemplate":"https:\/\/lightweb.dev\/l\/svm-temp\/?s={search_term_string}"},"query-input":{"@type":"PropertyValueSpecification","valueRequired":true,"valueName":"search_term_string"}}],"inLanguage":"sv-SE"},{"@type":"Organization","@id":"https:\/\/lightweb.dev\/l\/svm-temp\/#organization","name":"Melkerson y Nott SL","alternateName":"Svenska Magasinet","url":"https:\/\/lightweb.dev\/l\/svm-temp\/","logo":{"@type":"ImageObject","inLanguage":"sv-SE","@id":"https:\/\/lightweb.dev\/l\/svm-temp\/#\/schema\/logo\/image\/","url":"https:\/\/lightweb.dev\/l\/svm-temp\/wp-content\/uploads\/2025\/02\/SvM-logo-Xtra-Centrerad-SVART.png","contentUrl":"https:\/\/lightweb.dev\/l\/svm-temp\/wp-content\/uploads\/2025\/02\/SvM-logo-Xtra-Centrerad-SVART.png","width":300,"height":99,"caption":"Melkerson y Nott SL"},"image":{"@id":"https:\/\/lightweb.dev\/l\/svm-temp\/#\/schema\/logo\/image\/"},"sameAs":["https:\/\/www.facebook.com\/svenskamagasinet","https:\/\/x.com\/SvenskaMagasine"]},{"@type":"Person","@id":"https:\/\/lightweb.dev\/l\/svm-temp\/#\/schema\/person\/7a82b8a73d171d32360a564b6d03508e","name":"Ola Josefsson","description":"Bevakar Solkusten och Spanien sedan 1994.","sameAs":["https:\/\/lightweb.dev\/l\/svm-temp"],"url":"https:\/\/lightweb.dev\/l\/svm-temp\/reporter\/ola-josefsson\/"}]}},"_links":{"self":[{"href":"https:\/\/lightweb.dev\/l\/svm-temp\/wp-json\/wp\/v2\/posts\/66447","targetHints":{"allow":["GET"]}}],"collection":[{"href":"https:\/\/lightweb.dev\/l\/svm-temp\/wp-json\/wp\/v2\/posts"}],"about":[{"href":"https:\/\/lightweb.dev\/l\/svm-temp\/wp-json\/wp\/v2\/types\/post"}],"author":[{"embeddable":true,"href":"https:\/\/lightweb.dev\/l\/svm-temp\/wp-json\/wp\/v2\/users\/7"}],"replies":[{"embeddable":true,"href":"https:\/\/lightweb.dev\/l\/svm-temp\/wp-json\/wp\/v2\/comments?post=66447"}],"version-history":[{"count":0,"href":"https:\/\/lightweb.dev\/l\/svm-temp\/wp-json\/wp\/v2\/posts\/66447\/revisions"}],"wp:featuredmedia":[{"embeddable":true,"href":"https:\/\/lightweb.dev\/l\/svm-temp\/wp-json\/wp\/v2\/media\/66449"}],"wp:attachment":[{"href":"https:\/\/lightweb.dev\/l\/svm-temp\/wp-json\/wp\/v2\/media?parent=66447"}],"wp:term":[{"taxonomy":"category","embeddable":true,"href":"https:\/\/lightweb.dev\/l\/svm-temp\/wp-json\/wp\/v2\/categories?post=66447"},{"taxonomy":"post_tag","embeddable":true,"href":"https:\/\/lightweb.dev\/l\/svm-temp\/wp-json\/wp\/v2\/tags?post=66447"}],"curies":[{"name":"wp","href":"https:\/\/api.w.org\/{rel}","templated":true}]}}