{"id":66452,"date":"2023-09-12T10:30:16","date_gmt":"2023-09-12T08:30:16","guid":{"rendered":"https:\/\/lightweb.dev\/l\/svm-temp\/?p=66452"},"modified":"2023-09-12T10:31:43","modified_gmt":"2023-09-12T08:31:43","slug":"sjalvstandighet-eller-ingenting","status":"publish","type":"post","link":"https:\/\/lightweb.dev\/l\/svm-temp\/nyheter\/sjalvstandighet-eller-ingenting\/","title":{"rendered":"\u201dSj\u00e4lvst\u00e4ndighet eller ingenting\u201d"},"content":{"rendered":"<p><strong>Ig\u00e5r var det Kataloniens dag, Diada. Ett tillf\u00e4lle som katalanska separatister g\u00e4rna utnyttjar f\u00f6r att h\u00f6ja r\u00f6sten och br\u00f6sta upp sig med budskapet om ett sj\u00e4lvst\u00e4ndigt Katalonien.<\/strong><\/p>\n<p>Runt 115.000 var samlade under g\u00e5rdagen till en manifestation. Antalet uppges vara l\u00e4gre \u00e4n tidigare \u00e5r.<\/p>\n<p>ANC uppgav att 800.000 var samlade till manifestationen p\u00e5 m\u00e5ndagen.<\/p>\n<p>Ungdomar ur v\u00e4nsterextrema Arran och CUP br\u00e4nde spanska flaggor och docka som f\u00f6rest\u00e4llde Vox partiledare Santiago Abascal.<\/p>\n<h2 class=\"entry-title\">L\u00e4s mer: <a href=\"https:\/\/lightweb.dev\/l\/svm-temp\/nyheter\/felipe-gonzalez-varnar-for-att-urholka-grundlagens-principer\/\">Felipe Gonz\u00e1lez varnar f\u00f6r att urholka grundlagens principer<\/a><\/h2>\n<p>\u201dSj\u00e4lvst\u00e4ndighet eller ingenting\u201d var budskapet fr\u00e5n den katalanska separatistf\u00f6reningen ANC till partier som ERC och Junts, politiker som Puigdemont och Jungqueras, och andra inblandade som i nul\u00e4get f\u00f6rhandlar med Pedro S\u00e1nchez.<\/p>\n<p>De katalanska separatistpartierna tillsammans med regionala partier i Baskien och Navarra har en v\u00e5gm\u00e4starroll. Pedro S\u00e1nchez m\u00e5ste ha deras st\u00f6d f\u00f6r att kunna bilda regering.<\/p>\n<p>Det handlar om Pedro S\u00e1nchez lagf\u00f6rslag om en amnestilag som markerar en ny tid i spansk politik. Att de som tidigare d\u00f6mdes f\u00f6r uppvigling och uppror i samband med den olagliga folkomr\u00f6stningen om Kataloniens sj\u00e4lvst\u00e4ndighet i oktober 2017 ska frik\u00e4nnas.<\/p>\n<p>Men f\u00f6rslaget orsakar huvudbry bland socialisterna och det st\u00f6rsta oppositionspartiet Partido Popular f\u00f6rbereder en strid p\u00e5 alla fronter.<\/p>\n<p>Samtidigt \u00e4r den katalanska sj\u00e4lvst\u00e4ndighetsr\u00f6relsen splittrad p\u00e5 alla dess fronter och spretar \u00e5t m\u00e5nga h\u00e5ll. Vid de senaste valen har st\u00f6det minskat f\u00f6r separatistpartierna och en viss panik i leden kan m\u00e4rkas.<\/p>\n<p>Separatistf\u00f6reningarna ANC och \u00d2mnium Cultural g\u00e5r inte heller i j\u00e4mn takt d\u00e4r de senare \u00e4r positiva till att f\u00f6rhandla med Pedro S\u00e1nchez.<\/p>\n","protected":false},"excerpt":{"rendered":"<p>Ig\u00e5r var det Kataloniens dag, Diada. Ett tillf\u00e4lle som katalanska separatister g\u00e4rna utnyttjar f\u00f6r att h\u00f6ja r\u00f6sten och br\u00f6sta upp sig med budskapet om ett sj\u00e4lvst\u00e4ndigt Katalonien&#8230;<\/p>\n","protected":false},"author":7,"featured_media":66454,"comment_status":"open","ping_status":"closed","sticky":false,"template":"","format":"standard","meta":{"_et_pb_use_builder":"","_et_pb_old_content":"","_et_gb_content_width":"","footnotes":""},"categories":[395,3],"tags":[],"class_list":["post-66452","post","type-post","status-publish","format-standard","has-post-thumbnail","hentry","category-arkiv-nyheter","category-nyheter"],"yoast_head":"<!-- This site is optimized with the Yoast SEO Premium plugin v26.2 (Yoast SEO v27.4) - https:\/\/yoast.com\/product\/yoast-seo-premium-wordpress\/ -->\n<title>\u201dSj\u00e4lvst\u00e4ndighet eller ingenting\u201d - Svenska Magasinet<\/title>\n<meta name=\"description\" content=\"Ig\u00e5r var det Kataloniens dag, Diada. Ett tillf\u00e4lle som katalanska separatister g\u00e4rna utnyttjar f\u00f6r att h\u00f6ja r\u00f6sten och br\u00f6sta upp sig med budskapet om ett sj\u00e4lvst\u00e4ndigt Katalonien.\" \/>\n<meta name=\"robots\" content=\"noindex, follow, max-snippet:-1, max-image-preview:large, max-video-preview:-1\" \/>\n<meta property=\"og:locale\" content=\"sv_SE\" \/>\n<meta property=\"og:type\" content=\"article\" \/>\n<meta property=\"og:title\" content=\"\u201dSj\u00e4lvst\u00e4ndighet eller ingenting\u201d\" \/>\n<meta property=\"og:description\" content=\"Ig\u00e5r var det Kataloniens dag, Diada. Ett tillf\u00e4lle som katalanska separatister g\u00e4rna utnyttjar f\u00f6r att h\u00f6ja r\u00f6sten och br\u00f6sta upp sig med budskapet om ett sj\u00e4lvst\u00e4ndigt Katalonien.\" \/>\n<meta property=\"og:url\" content=\"https:\/\/lightweb.dev\/l\/svm-temp\/nyheter\/sjalvstandighet-eller-ingenting\/\" \/>\n<meta property=\"og:site_name\" content=\"Svenska Magasinet\" \/>\n<meta property=\"article:publisher\" content=\"https:\/\/www.facebook.com\/svenskamagasinet\" \/>\n<meta property=\"article:published_time\" content=\"2023-09-12T08:30:16+00:00\" \/>\n<meta property=\"article:modified_time\" content=\"2023-09-12T08:31:43+00:00\" \/>\n<meta property=\"og:image\" content=\"https:\/\/lightweb.dev\/l\/svm-temp\/wp-content\/uploads\/2023\/09\/F5ws2MNXEAADGtk-stor.jpeg\" \/>\n\t<meta property=\"og:image:width\" content=\"1236\" \/>\n\t<meta property=\"og:image:height\" content=\"824\" \/>\n\t<meta property=\"og:image:type\" content=\"image\/jpeg\" \/>\n<meta name=\"author\" content=\"Ola Josefsson\" \/>\n<meta name=\"twitter:card\" content=\"summary_large_image\" \/>\n<meta name=\"twitter:creator\" content=\"@SvenskaMagasine\" \/>\n<meta name=\"twitter:site\" content=\"@SvenskaMagasine\" \/>\n<script type=\"application\/ld+json\" class=\"yoast-schema-graph\">{\"@context\":\"https:\\\/\\\/schema.org\",\"@graph\":[{\"@type\":\"Article\",\"@id\":\"https:\\\/\\\/lightweb.dev\\\/l\\\/svm-temp\\\/nyheter\\\/sjalvstandighet-eller-ingenting\\\/#article\",\"isPartOf\":{\"@id\":\"https:\\\/\\\/lightweb.dev\\\/l\\\/svm-temp\\\/nyheter\\\/sjalvstandighet-eller-ingenting\\\/\"},\"author\":{\"name\":\"Ola Josefsson\",\"@id\":\"https:\\\/\\\/lightweb.dev\\\/l\\\/svm-temp\\\/#\\\/schema\\\/person\\\/7a82b8a73d171d32360a564b6d03508e\"},\"headline\":\"\u201dSj\u00e4lvst\u00e4ndighet eller ingenting\u201d\",\"datePublished\":\"2023-09-12T08:30:16+00:00\",\"dateModified\":\"2023-09-12T08:31:43+00:00\",\"mainEntityOfPage\":{\"@id\":\"https:\\\/\\\/lightweb.dev\\\/l\\\/svm-temp\\\/nyheter\\\/sjalvstandighet-eller-ingenting\\\/\"},\"wordCount\":307,\"commentCount\":1,\"publisher\":{\"@id\":\"https:\\\/\\\/lightweb.dev\\\/l\\\/svm-temp\\\/#organization\"},\"image\":{\"@id\":\"https:\\\/\\\/lightweb.dev\\\/l\\\/svm-temp\\\/nyheter\\\/sjalvstandighet-eller-ingenting\\\/#primaryimage\"},\"thumbnailUrl\":\"https:\\\/\\\/lightweb.dev\\\/l\\\/svm-temp\\\/wp-content\\\/uploads\\\/2023\\\/09\\\/F5ws2MNXEAADGtk-stor.jpeg\",\"articleSection\":[\"Arkiv\",\"Nyheter\"],\"inLanguage\":\"sv-SE\"},{\"@type\":\"WebPage\",\"@id\":\"https:\\\/\\\/lightweb.dev\\\/l\\\/svm-temp\\\/nyheter\\\/sjalvstandighet-eller-ingenting\\\/\",\"url\":\"https:\\\/\\\/lightweb.dev\\\/l\\\/svm-temp\\\/nyheter\\\/sjalvstandighet-eller-ingenting\\\/\",\"name\":\"\u201dSj\u00e4lvst\u00e4ndighet eller ingenting\u201d - Svenska Magasinet\",\"isPartOf\":{\"@id\":\"https:\\\/\\\/lightweb.dev\\\/l\\\/svm-temp\\\/#website\"},\"primaryImageOfPage\":{\"@id\":\"https:\\\/\\\/lightweb.dev\\\/l\\\/svm-temp\\\/nyheter\\\/sjalvstandighet-eller-ingenting\\\/#primaryimage\"},\"image\":{\"@id\":\"https:\\\/\\\/lightweb.dev\\\/l\\\/svm-temp\\\/nyheter\\\/sjalvstandighet-eller-ingenting\\\/#primaryimage\"},\"thumbnailUrl\":\"https:\\\/\\\/lightweb.dev\\\/l\\\/svm-temp\\\/wp-content\\\/uploads\\\/2023\\\/09\\\/F5ws2MNXEAADGtk-stor.jpeg\",\"datePublished\":\"2023-09-12T08:30:16+00:00\",\"dateModified\":\"2023-09-12T08:31:43+00:00\",\"description\":\"Ig\u00e5r var det Kataloniens dag, Diada. Ett tillf\u00e4lle som katalanska separatister g\u00e4rna utnyttjar f\u00f6r att h\u00f6ja r\u00f6sten och br\u00f6sta upp sig med budskapet om ett sj\u00e4lvst\u00e4ndigt Katalonien.\",\"breadcrumb\":{\"@id\":\"https:\\\/\\\/lightweb.dev\\\/l\\\/svm-temp\\\/nyheter\\\/sjalvstandighet-eller-ingenting\\\/#breadcrumb\"},\"inLanguage\":\"sv-SE\",\"potentialAction\":[{\"@type\":\"ReadAction\",\"target\":[\"https:\\\/\\\/lightweb.dev\\\/l\\\/svm-temp\\\/nyheter\\\/sjalvstandighet-eller-ingenting\\\/\"]}]},{\"@type\":\"ImageObject\",\"inLanguage\":\"sv-SE\",\"@id\":\"https:\\\/\\\/lightweb.dev\\\/l\\\/svm-temp\\\/nyheter\\\/sjalvstandighet-eller-ingenting\\\/#primaryimage\",\"url\":\"https:\\\/\\\/lightweb.dev\\\/l\\\/svm-temp\\\/wp-content\\\/uploads\\\/2023\\\/09\\\/F5ws2MNXEAADGtk-stor.jpeg\",\"contentUrl\":\"https:\\\/\\\/lightweb.dev\\\/l\\\/svm-temp\\\/wp-content\\\/uploads\\\/2023\\\/09\\\/F5ws2MNXEAADGtk-stor.jpeg\",\"width\":1236,\"height\":824},{\"@type\":\"BreadcrumbList\",\"@id\":\"https:\\\/\\\/lightweb.dev\\\/l\\\/svm-temp\\\/nyheter\\\/sjalvstandighet-eller-ingenting\\\/#breadcrumb\",\"itemListElement\":[{\"@type\":\"ListItem\",\"position\":1,\"name\":\"Hem\",\"item\":\"https:\\\/\\\/lightweb.dev\\\/l\\\/svm-temp\\\/\"},{\"@type\":\"ListItem\",\"position\":2,\"name\":\"\u201dSj\u00e4lvst\u00e4ndighet eller ingenting\u201d\"}]},{\"@type\":\"WebSite\",\"@id\":\"https:\\\/\\\/lightweb.dev\\\/l\\\/svm-temp\\\/#website\",\"url\":\"https:\\\/\\\/lightweb.dev\\\/l\\\/svm-temp\\\/\",\"name\":\"Svenska Magasinet\",\"description\":\"Dina Spanska nyheter p&aring; Svenska\",\"publisher\":{\"@id\":\"https:\\\/\\\/lightweb.dev\\\/l\\\/svm-temp\\\/#organization\"},\"potentialAction\":[{\"@type\":\"SearchAction\",\"target\":{\"@type\":\"EntryPoint\",\"urlTemplate\":\"https:\\\/\\\/lightweb.dev\\\/l\\\/svm-temp\\\/?s={search_term_string}\"},\"query-input\":{\"@type\":\"PropertyValueSpecification\",\"valueRequired\":true,\"valueName\":\"search_term_string\"}}],\"inLanguage\":\"sv-SE\"},{\"@type\":\"Organization\",\"@id\":\"https:\\\/\\\/lightweb.dev\\\/l\\\/svm-temp\\\/#organization\",\"name\":\"Melkerson y Nott SL\",\"alternateName\":\"Svenska Magasinet\",\"url\":\"https:\\\/\\\/lightweb.dev\\\/l\\\/svm-temp\\\/\",\"logo\":{\"@type\":\"ImageObject\",\"inLanguage\":\"sv-SE\",\"@id\":\"https:\\\/\\\/lightweb.dev\\\/l\\\/svm-temp\\\/#\\\/schema\\\/logo\\\/image\\\/\",\"url\":\"https:\\\/\\\/lightweb.dev\\\/l\\\/svm-temp\\\/wp-content\\\/uploads\\\/2025\\\/02\\\/SvM-logo-Xtra-Centrerad-SVART.png\",\"contentUrl\":\"https:\\\/\\\/lightweb.dev\\\/l\\\/svm-temp\\\/wp-content\\\/uploads\\\/2025\\\/02\\\/SvM-logo-Xtra-Centrerad-SVART.png\",\"width\":300,\"height\":99,\"caption\":\"Melkerson y Nott SL\"},\"image\":{\"@id\":\"https:\\\/\\\/lightweb.dev\\\/l\\\/svm-temp\\\/#\\\/schema\\\/logo\\\/image\\\/\"},\"sameAs\":[\"https:\\\/\\\/www.facebook.com\\\/svenskamagasinet\",\"https:\\\/\\\/x.com\\\/SvenskaMagasine\"]},{\"@type\":\"Person\",\"@id\":\"https:\\\/\\\/lightweb.dev\\\/l\\\/svm-temp\\\/#\\\/schema\\\/person\\\/7a82b8a73d171d32360a564b6d03508e\",\"name\":\"Ola Josefsson\",\"description\":\"Bevakar Solkusten och Spanien sedan 1994.\",\"sameAs\":[\"https:\\\/\\\/lightweb.dev\\\/l\\\/svm-temp\"],\"url\":\"https:\\\/\\\/lightweb.dev\\\/l\\\/svm-temp\\\/reporter\\\/ola-josefsson\\\/\"}]}<\/script>\n<!-- \/ Yoast SEO Premium plugin. -->","yoast_head_json":{"title":"\u201dSj\u00e4lvst\u00e4ndighet eller ingenting\u201d - Svenska Magasinet","description":"Ig\u00e5r var det Kataloniens dag, Diada. Ett tillf\u00e4lle som katalanska separatister g\u00e4rna utnyttjar f\u00f6r att h\u00f6ja r\u00f6sten och br\u00f6sta upp sig med budskapet om ett sj\u00e4lvst\u00e4ndigt Katalonien.","robots":{"index":"noindex","follow":"follow","max-snippet":"max-snippet:-1","max-image-preview":"max-image-preview:large","max-video-preview":"max-video-preview:-1"},"og_locale":"sv_SE","og_type":"article","og_title":"\u201dSj\u00e4lvst\u00e4ndighet eller ingenting\u201d","og_description":"Ig\u00e5r var det Kataloniens dag, Diada. Ett tillf\u00e4lle som katalanska separatister g\u00e4rna utnyttjar f\u00f6r att h\u00f6ja r\u00f6sten och br\u00f6sta upp sig med budskapet om ett sj\u00e4lvst\u00e4ndigt Katalonien.","og_url":"https:\/\/lightweb.dev\/l\/svm-temp\/nyheter\/sjalvstandighet-eller-ingenting\/","og_site_name":"Svenska Magasinet","article_publisher":"https:\/\/www.facebook.com\/svenskamagasinet","article_published_time":"2023-09-12T08:30:16+00:00","article_modified_time":"2023-09-12T08:31:43+00:00","og_image":[{"width":1236,"height":824,"url":"https:\/\/lightweb.dev\/l\/svm-temp\/wp-content\/uploads\/2023\/09\/F5ws2MNXEAADGtk-stor.jpeg","type":"image\/jpeg"}],"author":"Ola Josefsson","twitter_card":"summary_large_image","twitter_creator":"@SvenskaMagasine","twitter_site":"@SvenskaMagasine","schema":{"@context":"https:\/\/schema.org","@graph":[{"@type":"Article","@id":"https:\/\/lightweb.dev\/l\/svm-temp\/nyheter\/sjalvstandighet-eller-ingenting\/#article","isPartOf":{"@id":"https:\/\/lightweb.dev\/l\/svm-temp\/nyheter\/sjalvstandighet-eller-ingenting\/"},"author":{"name":"Ola Josefsson","@id":"https:\/\/lightweb.dev\/l\/svm-temp\/#\/schema\/person\/7a82b8a73d171d32360a564b6d03508e"},"headline":"\u201dSj\u00e4lvst\u00e4ndighet eller ingenting\u201d","datePublished":"2023-09-12T08:30:16+00:00","dateModified":"2023-09-12T08:31:43+00:00","mainEntityOfPage":{"@id":"https:\/\/lightweb.dev\/l\/svm-temp\/nyheter\/sjalvstandighet-eller-ingenting\/"},"wordCount":307,"commentCount":1,"publisher":{"@id":"https:\/\/lightweb.dev\/l\/svm-temp\/#organization"},"image":{"@id":"https:\/\/lightweb.dev\/l\/svm-temp\/nyheter\/sjalvstandighet-eller-ingenting\/#primaryimage"},"thumbnailUrl":"https:\/\/lightweb.dev\/l\/svm-temp\/wp-content\/uploads\/2023\/09\/F5ws2MNXEAADGtk-stor.jpeg","articleSection":["Arkiv","Nyheter"],"inLanguage":"sv-SE"},{"@type":"WebPage","@id":"https:\/\/lightweb.dev\/l\/svm-temp\/nyheter\/sjalvstandighet-eller-ingenting\/","url":"https:\/\/lightweb.dev\/l\/svm-temp\/nyheter\/sjalvstandighet-eller-ingenting\/","name":"\u201dSj\u00e4lvst\u00e4ndighet eller ingenting\u201d - Svenska Magasinet","isPartOf":{"@id":"https:\/\/lightweb.dev\/l\/svm-temp\/#website"},"primaryImageOfPage":{"@id":"https:\/\/lightweb.dev\/l\/svm-temp\/nyheter\/sjalvstandighet-eller-ingenting\/#primaryimage"},"image":{"@id":"https:\/\/lightweb.dev\/l\/svm-temp\/nyheter\/sjalvstandighet-eller-ingenting\/#primaryimage"},"thumbnailUrl":"https:\/\/lightweb.dev\/l\/svm-temp\/wp-content\/uploads\/2023\/09\/F5ws2MNXEAADGtk-stor.jpeg","datePublished":"2023-09-12T08:30:16+00:00","dateModified":"2023-09-12T08:31:43+00:00","description":"Ig\u00e5r var det Kataloniens dag, Diada. Ett tillf\u00e4lle som katalanska separatister g\u00e4rna utnyttjar f\u00f6r att h\u00f6ja r\u00f6sten och br\u00f6sta upp sig med budskapet om ett sj\u00e4lvst\u00e4ndigt Katalonien.","breadcrumb":{"@id":"https:\/\/lightweb.dev\/l\/svm-temp\/nyheter\/sjalvstandighet-eller-ingenting\/#breadcrumb"},"inLanguage":"sv-SE","potentialAction":[{"@type":"ReadAction","target":["https:\/\/lightweb.dev\/l\/svm-temp\/nyheter\/sjalvstandighet-eller-ingenting\/"]}]},{"@type":"ImageObject","inLanguage":"sv-SE","@id":"https:\/\/lightweb.dev\/l\/svm-temp\/nyheter\/sjalvstandighet-eller-ingenting\/#primaryimage","url":"https:\/\/lightweb.dev\/l\/svm-temp\/wp-content\/uploads\/2023\/09\/F5ws2MNXEAADGtk-stor.jpeg","contentUrl":"https:\/\/lightweb.dev\/l\/svm-temp\/wp-content\/uploads\/2023\/09\/F5ws2MNXEAADGtk-stor.jpeg","width":1236,"height":824},{"@type":"BreadcrumbList","@id":"https:\/\/lightweb.dev\/l\/svm-temp\/nyheter\/sjalvstandighet-eller-ingenting\/#breadcrumb","itemListElement":[{"@type":"ListItem","position":1,"name":"Hem","item":"https:\/\/lightweb.dev\/l\/svm-temp\/"},{"@type":"ListItem","position":2,"name":"\u201dSj\u00e4lvst\u00e4ndighet eller ingenting\u201d"}]},{"@type":"WebSite","@id":"https:\/\/lightweb.dev\/l\/svm-temp\/#website","url":"https:\/\/lightweb.dev\/l\/svm-temp\/","name":"Svenska Magasinet","description":"Dina Spanska nyheter p&aring; Svenska","publisher":{"@id":"https:\/\/lightweb.dev\/l\/svm-temp\/#organization"},"potentialAction":[{"@type":"SearchAction","target":{"@type":"EntryPoint","urlTemplate":"https:\/\/lightweb.dev\/l\/svm-temp\/?s={search_term_string}"},"query-input":{"@type":"PropertyValueSpecification","valueRequired":true,"valueName":"search_term_string"}}],"inLanguage":"sv-SE"},{"@type":"Organization","@id":"https:\/\/lightweb.dev\/l\/svm-temp\/#organization","name":"Melkerson y Nott SL","alternateName":"Svenska Magasinet","url":"https:\/\/lightweb.dev\/l\/svm-temp\/","logo":{"@type":"ImageObject","inLanguage":"sv-SE","@id":"https:\/\/lightweb.dev\/l\/svm-temp\/#\/schema\/logo\/image\/","url":"https:\/\/lightweb.dev\/l\/svm-temp\/wp-content\/uploads\/2025\/02\/SvM-logo-Xtra-Centrerad-SVART.png","contentUrl":"https:\/\/lightweb.dev\/l\/svm-temp\/wp-content\/uploads\/2025\/02\/SvM-logo-Xtra-Centrerad-SVART.png","width":300,"height":99,"caption":"Melkerson y Nott SL"},"image":{"@id":"https:\/\/lightweb.dev\/l\/svm-temp\/#\/schema\/logo\/image\/"},"sameAs":["https:\/\/www.facebook.com\/svenskamagasinet","https:\/\/x.com\/SvenskaMagasine"]},{"@type":"Person","@id":"https:\/\/lightweb.dev\/l\/svm-temp\/#\/schema\/person\/7a82b8a73d171d32360a564b6d03508e","name":"Ola Josefsson","description":"Bevakar Solkusten och Spanien sedan 1994.","sameAs":["https:\/\/lightweb.dev\/l\/svm-temp"],"url":"https:\/\/lightweb.dev\/l\/svm-temp\/reporter\/ola-josefsson\/"}]}},"_links":{"self":[{"href":"https:\/\/lightweb.dev\/l\/svm-temp\/wp-json\/wp\/v2\/posts\/66452","targetHints":{"allow":["GET"]}}],"collection":[{"href":"https:\/\/lightweb.dev\/l\/svm-temp\/wp-json\/wp\/v2\/posts"}],"about":[{"href":"https:\/\/lightweb.dev\/l\/svm-temp\/wp-json\/wp\/v2\/types\/post"}],"author":[{"embeddable":true,"href":"https:\/\/lightweb.dev\/l\/svm-temp\/wp-json\/wp\/v2\/users\/7"}],"replies":[{"embeddable":true,"href":"https:\/\/lightweb.dev\/l\/svm-temp\/wp-json\/wp\/v2\/comments?post=66452"}],"version-history":[{"count":0,"href":"https:\/\/lightweb.dev\/l\/svm-temp\/wp-json\/wp\/v2\/posts\/66452\/revisions"}],"wp:featuredmedia":[{"embeddable":true,"href":"https:\/\/lightweb.dev\/l\/svm-temp\/wp-json\/wp\/v2\/media\/66454"}],"wp:attachment":[{"href":"https:\/\/lightweb.dev\/l\/svm-temp\/wp-json\/wp\/v2\/media?parent=66452"}],"wp:term":[{"taxonomy":"category","embeddable":true,"href":"https:\/\/lightweb.dev\/l\/svm-temp\/wp-json\/wp\/v2\/categories?post=66452"},{"taxonomy":"post_tag","embeddable":true,"href":"https:\/\/lightweb.dev\/l\/svm-temp\/wp-json\/wp\/v2\/tags?post=66452"}],"curies":[{"name":"wp","href":"https:\/\/api.w.org\/{rel}","templated":true}]}}