{"id":665,"date":"2022-02-28T11:07:00","date_gmt":"2022-02-28T10:07:00","guid":{"rendered":"https:\/\/lightweb.dev\/l\/svm-temp\/hogsta-inflationen-pa-arsbasis-sedan-1980-talet\/"},"modified":"2022-02-28T11:07:00","modified_gmt":"2022-02-28T10:07:00","slug":"hogsta-inflationen-pa-arsbasis-sedan-1980-talet","status":"publish","type":"post","link":"https:\/\/lightweb.dev\/l\/svm-temp\/nyheter\/hogsta-inflationen-pa-arsbasis-sedan-1980-talet\/","title":{"rendered":"H\u00f6gsta inflationen p\u00e5 \u00e5rsbasis sedan 1980-talet"},"content":{"rendered":"<p> Stigande elpriser, dyrare drivmedel och baslivsmedel, h\u00f6g inflation och \u00f6kad os\u00e4kerhet kring r\u00e4ntan. Det blir resultatet av det p\u00e5g\u00e5ende kriget i Ukraina som skapar turbulens p\u00e5 finansmarknaderna.<br \/>\n Det tycks inte finnas n\u00e5got som stoppar inflationen. F\u00f6rhoppningarna om att de skenande energipriserna skulle avta har krossats av den ryska invasionen av Ukraina. Den globala ekonomin st\u00e5r nu inf\u00f6r ett scenario med of\u00f6rutsebara konsekvenser.<\/p>\n<p>N\u00e4r siffrorna \u00f6ver konsumentprisindex (KPI) presenterades p\u00e5 m\u00e5ndagen visade det sig att priserna under februari \u00f6kade med 0,6 procent j\u00e4mf\u00f6rt med januari. P\u00e5 \u00e5rsbasis blir det en \u00f6kning p\u00e5 7,4 procent, den h\u00f6gsta p\u00e5 33 \u00e5r sedan juli 1989. Det visar f\u00e4rska siffror fr\u00e5n Spaniens motsvarighet till Statistiska centralbyr\u00e5n INE (Instituto Nacional de Estad\u00edstica).<\/p>\n<p>Konsumentprisindex (KPI) eller IPC (\u00cdndice de Precios de Consumo) p\u00e5 spanska, m\u00e4ter den genomsnittliga prisutvecklingen f\u00f6r hela den privata inhemska konsumtionen, de priser konsumenten faktiskt betalar.<\/p>\n<p>Den spanska regeringens h\u00f6jning av minimil\u00f6nen inneb\u00e4r ocks\u00e5 h\u00f6jda priser. Det blir konsumenterna som f\u00e5r betala f\u00f6r l\u00f6ne\u00f6kningar.<\/p>\n<p>Och ytterligare l\u00f6nef\u00f6rhandlingar \u00e4r att v\u00e4nta. F\u00f6r bara femton dagar sedan kr\u00e4vde facket UGT en l\u00f6ne\u00f6kning f\u00f6r 2022 p\u00e5 cirka 4 procent med en fallande inflationssiffra fr\u00e5n 6 procent.<\/p>\n<p>Med den nya siffran p\u00e5 7,4 procent p\u00e5 \u00e5rsbasis \u00e4r nya l\u00f6nef\u00f6rhandlingar oundvikliga.<\/p>\n<p>De spanska f\u00f6retagen oroas \u00f6ver den allt h\u00f6gre h\u00f6gre inflation p\u00e5 grund av den ryska invasionen i Ukraina. D\u00e5 basf\u00f6rn\u00f6denheter, el och drivmedelspriser p\u00e5verkas.<\/p>\n<p>Jordbrukssektorn \u00e4r en av de mest drabbade. Anledningen \u00e4r att Ukraina \u00e4r en av de st\u00f6rsta export\u00f6rerna av djurfoder. P\u00e5 grund av torkan i Spanien \u00e4r jordbrukare och boskapsuppf\u00f6dare i stort behov av djurfoder.<\/p>\n<p>Spanien st\u00e4nger luftrummet f\u00f6r ryska flyg<br \/>\nP\u00e5 s\u00f6ndagen kom det besked att EU st\u00e4nger luftrummet f\u00f6r ryska flygbolag. Spanien f\u00f6ljer riktlinjerna fr\u00e5n EU och st\u00e4nger luftrummet f\u00f6r ryska flygbolag.<\/p>\n<p>Klockan 13 p\u00e5 s\u00f6ndagen lyfte det sista Aeroflot-flyget fr\u00e5n M\u00e1laga p\u00e5 v\u00e4g till Moskva. Normalt g\u00e5r fyra flyg i veckan, en efterfr\u00e5gad rutt f\u00f6r den ryska kolonin i fr\u00e4mst Marbella-omr\u00e5det. Under fjol\u00e5ret hade linjen 14.395 resen\u00e4rer. 2019 var det 50.000 resen\u00e4r.<\/p>\n<p>Sanktionerna \u00e4r ett led i att p\u00e5verka Putins krets av oligarker som var och en \u00e4r god f\u00f6r miljarder dollar. De har sina lyxjakter i Medelhavet och \u00e5ker till Spanien, Cypern och andra Medelhavsl\u00e4nder f\u00f6r att njuta av den \u00f6ppna v\u00e4sterl\u00e4ndska demokratin med shopping och aff\u00e4rsm\u00f6jligheter. Flera har sina barn i internationella skolor. <\/p>\n<p>Spaniens transportminister Raquel S\u00e1nchez meddelar p\u00e5 m\u00e5ndagen att regeringen \u00f6verv\u00e4ger att f\u00f6rbjuda ryskflaggade fartyg i spanska hamnar.<\/p>\n<p>L\u00e4s tidigare artiklar hur Ryssland genom att st\u00f6dja katalanska separatister f\u00f6rs\u00f6kt destabilisera EU:<\/p>\n<p>Ryssland erbj\u00f6d 10.000 soldater till katalansk sj\u00e4lvst\u00e4ndighetsprocess<\/p>\n<p>EU utreder kopplingar mellan katalanska separatister och Ryssland<\/p>\n","protected":false},"excerpt":{"rendered":"<p>Stigande elpriser, dyrare drivmedel och baslivsmedel, h\u00f6g inflation och \u00f6kad os\u00e4kerhet kring r\u00e4ntan. Det blir resultatet av det p\u00e5g\u00e5ende kriget i Ukraina som skapar turbulens p\u00e5 finansmarknaderna. Det tycks inte finnas n\u00e5got som stoppar inflationen. F\u00f6rhoppningarna om att de skenande energipriserna skulle avta har krossats av den ryska invasionen av Ukraina. Den globala ekonomin st\u00e5r [&hellip;]<\/p>\n","protected":false},"author":7,"featured_media":666,"comment_status":"open","ping_status":"open","sticky":false,"template":"","format":"standard","meta":{"_et_pb_use_builder":"","_et_pb_old_content":"","_et_gb_content_width":"","footnotes":""},"categories":[395,3],"tags":[],"class_list":["post-665","post","type-post","status-publish","format-standard","has-post-thumbnail","hentry","category-arkiv-nyheter","category-nyheter"],"yoast_head":"<!-- This site is optimized with the Yoast SEO Premium plugin v26.2 (Yoast SEO v27.4) - https:\/\/yoast.com\/product\/yoast-seo-premium-wordpress\/ -->\n<title>H\u00f6gsta inflationen p\u00e5 \u00e5rsbasis sedan 1980-talet - Svenska Magasinet<\/title>\n<meta name=\"robots\" content=\"noindex, follow, max-snippet:-1, max-image-preview:large, max-video-preview:-1\" \/>\n<meta property=\"og:locale\" content=\"sv_SE\" \/>\n<meta property=\"og:type\" content=\"article\" \/>\n<meta property=\"og:title\" content=\"H\u00f6gsta inflationen p\u00e5 \u00e5rsbasis sedan 1980-talet\" \/>\n<meta property=\"og:description\" content=\"Stigande elpriser, dyrare drivmedel och baslivsmedel, h\u00f6g inflation och \u00f6kad os\u00e4kerhet kring r\u00e4ntan. Det blir resultatet av det p\u00e5g\u00e5ende kriget i Ukraina som skapar turbulens p\u00e5 finansmarknaderna. Det tycks inte finnas n\u00e5got som stoppar inflationen. F\u00f6rhoppningarna om att de skenande energipriserna skulle avta har krossats av den ryska invasionen av Ukraina. Den globala ekonomin st\u00e5r [&hellip;]\" \/>\n<meta property=\"og:url\" content=\"https:\/\/lightweb.dev\/l\/svm-temp\/nyheter\/hogsta-inflationen-pa-arsbasis-sedan-1980-talet\/\" \/>\n<meta property=\"og:site_name\" content=\"Svenska Magasinet\" \/>\n<meta property=\"article:publisher\" content=\"https:\/\/www.facebook.com\/svenskamagasinet\" \/>\n<meta property=\"article:published_time\" content=\"2022-02-28T10:07:00+00:00\" \/>\n<meta property=\"og:image\" content=\"https:\/\/lightweb.dev\/l\/svm-temp\/wp-content\/uploads\/2022\/04\/hgsta-inflationen-p-rsbasis-sedan-1980-talet.png\" \/>\n\t<meta property=\"og:image:width\" content=\"500\" \/>\n\t<meta property=\"og:image:height\" content=\"300\" \/>\n\t<meta property=\"og:image:type\" content=\"image\/png\" \/>\n<meta name=\"author\" content=\"Ola Josefsson\" \/>\n<meta name=\"twitter:card\" content=\"summary_large_image\" \/>\n<meta name=\"twitter:creator\" content=\"@SvenskaMagasine\" \/>\n<meta name=\"twitter:site\" content=\"@SvenskaMagasine\" \/>\n<script type=\"application\/ld+json\" class=\"yoast-schema-graph\">{\"@context\":\"https:\\\/\\\/schema.org\",\"@graph\":[{\"@type\":\"Article\",\"@id\":\"https:\\\/\\\/lightweb.dev\\\/l\\\/svm-temp\\\/nyheter\\\/hogsta-inflationen-pa-arsbasis-sedan-1980-talet\\\/#article\",\"isPartOf\":{\"@id\":\"https:\\\/\\\/lightweb.dev\\\/l\\\/svm-temp\\\/nyheter\\\/hogsta-inflationen-pa-arsbasis-sedan-1980-talet\\\/\"},\"author\":{\"name\":\"Ola Josefsson\",\"@id\":\"https:\\\/\\\/lightweb.dev\\\/l\\\/svm-temp\\\/#\\\/schema\\\/person\\\/7a82b8a73d171d32360a564b6d03508e\"},\"headline\":\"H\u00f6gsta inflationen p\u00e5 \u00e5rsbasis sedan 1980-talet\",\"datePublished\":\"2022-02-28T10:07:00+00:00\",\"mainEntityOfPage\":{\"@id\":\"https:\\\/\\\/lightweb.dev\\\/l\\\/svm-temp\\\/nyheter\\\/hogsta-inflationen-pa-arsbasis-sedan-1980-talet\\\/\"},\"wordCount\":511,\"commentCount\":0,\"publisher\":{\"@id\":\"https:\\\/\\\/lightweb.dev\\\/l\\\/svm-temp\\\/#organization\"},\"image\":{\"@id\":\"https:\\\/\\\/lightweb.dev\\\/l\\\/svm-temp\\\/nyheter\\\/hogsta-inflationen-pa-arsbasis-sedan-1980-talet\\\/#primaryimage\"},\"thumbnailUrl\":\"https:\\\/\\\/lightweb.dev\\\/l\\\/svm-temp\\\/wp-content\\\/uploads\\\/2022\\\/04\\\/hgsta-inflationen-p-rsbasis-sedan-1980-talet.png\",\"articleSection\":[\"Arkiv\",\"Nyheter\"],\"inLanguage\":\"sv-SE\"},{\"@type\":\"WebPage\",\"@id\":\"https:\\\/\\\/lightweb.dev\\\/l\\\/svm-temp\\\/nyheter\\\/hogsta-inflationen-pa-arsbasis-sedan-1980-talet\\\/\",\"url\":\"https:\\\/\\\/lightweb.dev\\\/l\\\/svm-temp\\\/nyheter\\\/hogsta-inflationen-pa-arsbasis-sedan-1980-talet\\\/\",\"name\":\"H\u00f6gsta inflationen p\u00e5 \u00e5rsbasis sedan 1980-talet - Svenska Magasinet\",\"isPartOf\":{\"@id\":\"https:\\\/\\\/lightweb.dev\\\/l\\\/svm-temp\\\/#website\"},\"primaryImageOfPage\":{\"@id\":\"https:\\\/\\\/lightweb.dev\\\/l\\\/svm-temp\\\/nyheter\\\/hogsta-inflationen-pa-arsbasis-sedan-1980-talet\\\/#primaryimage\"},\"image\":{\"@id\":\"https:\\\/\\\/lightweb.dev\\\/l\\\/svm-temp\\\/nyheter\\\/hogsta-inflationen-pa-arsbasis-sedan-1980-talet\\\/#primaryimage\"},\"thumbnailUrl\":\"https:\\\/\\\/lightweb.dev\\\/l\\\/svm-temp\\\/wp-content\\\/uploads\\\/2022\\\/04\\\/hgsta-inflationen-p-rsbasis-sedan-1980-talet.png\",\"datePublished\":\"2022-02-28T10:07:00+00:00\",\"breadcrumb\":{\"@id\":\"https:\\\/\\\/lightweb.dev\\\/l\\\/svm-temp\\\/nyheter\\\/hogsta-inflationen-pa-arsbasis-sedan-1980-talet\\\/#breadcrumb\"},\"inLanguage\":\"sv-SE\",\"potentialAction\":[{\"@type\":\"ReadAction\",\"target\":[\"https:\\\/\\\/lightweb.dev\\\/l\\\/svm-temp\\\/nyheter\\\/hogsta-inflationen-pa-arsbasis-sedan-1980-talet\\\/\"]}]},{\"@type\":\"ImageObject\",\"inLanguage\":\"sv-SE\",\"@id\":\"https:\\\/\\\/lightweb.dev\\\/l\\\/svm-temp\\\/nyheter\\\/hogsta-inflationen-pa-arsbasis-sedan-1980-talet\\\/#primaryimage\",\"url\":\"https:\\\/\\\/lightweb.dev\\\/l\\\/svm-temp\\\/wp-content\\\/uploads\\\/2022\\\/04\\\/hgsta-inflationen-p-rsbasis-sedan-1980-talet.png\",\"contentUrl\":\"https:\\\/\\\/lightweb.dev\\\/l\\\/svm-temp\\\/wp-content\\\/uploads\\\/2022\\\/04\\\/hgsta-inflationen-p-rsbasis-sedan-1980-talet.png\",\"width\":500,\"height\":300},{\"@type\":\"BreadcrumbList\",\"@id\":\"https:\\\/\\\/lightweb.dev\\\/l\\\/svm-temp\\\/nyheter\\\/hogsta-inflationen-pa-arsbasis-sedan-1980-talet\\\/#breadcrumb\",\"itemListElement\":[{\"@type\":\"ListItem\",\"position\":1,\"name\":\"Hem\",\"item\":\"https:\\\/\\\/lightweb.dev\\\/l\\\/svm-temp\\\/\"},{\"@type\":\"ListItem\",\"position\":2,\"name\":\"H\u00f6gsta inflationen p\u00e5 \u00e5rsbasis sedan 1980-talet\"}]},{\"@type\":\"WebSite\",\"@id\":\"https:\\\/\\\/lightweb.dev\\\/l\\\/svm-temp\\\/#website\",\"url\":\"https:\\\/\\\/lightweb.dev\\\/l\\\/svm-temp\\\/\",\"name\":\"Svenska Magasinet\",\"description\":\"Dina Spanska nyheter p&aring; Svenska\",\"publisher\":{\"@id\":\"https:\\\/\\\/lightweb.dev\\\/l\\\/svm-temp\\\/#organization\"},\"potentialAction\":[{\"@type\":\"SearchAction\",\"target\":{\"@type\":\"EntryPoint\",\"urlTemplate\":\"https:\\\/\\\/lightweb.dev\\\/l\\\/svm-temp\\\/?s={search_term_string}\"},\"query-input\":{\"@type\":\"PropertyValueSpecification\",\"valueRequired\":true,\"valueName\":\"search_term_string\"}}],\"inLanguage\":\"sv-SE\"},{\"@type\":\"Organization\",\"@id\":\"https:\\\/\\\/lightweb.dev\\\/l\\\/svm-temp\\\/#organization\",\"name\":\"Melkerson y Nott SL\",\"alternateName\":\"Svenska Magasinet\",\"url\":\"https:\\\/\\\/lightweb.dev\\\/l\\\/svm-temp\\\/\",\"logo\":{\"@type\":\"ImageObject\",\"inLanguage\":\"sv-SE\",\"@id\":\"https:\\\/\\\/lightweb.dev\\\/l\\\/svm-temp\\\/#\\\/schema\\\/logo\\\/image\\\/\",\"url\":\"https:\\\/\\\/lightweb.dev\\\/l\\\/svm-temp\\\/wp-content\\\/uploads\\\/2025\\\/02\\\/SvM-logo-Xtra-Centrerad-SVART.png\",\"contentUrl\":\"https:\\\/\\\/lightweb.dev\\\/l\\\/svm-temp\\\/wp-content\\\/uploads\\\/2025\\\/02\\\/SvM-logo-Xtra-Centrerad-SVART.png\",\"width\":300,\"height\":99,\"caption\":\"Melkerson y Nott SL\"},\"image\":{\"@id\":\"https:\\\/\\\/lightweb.dev\\\/l\\\/svm-temp\\\/#\\\/schema\\\/logo\\\/image\\\/\"},\"sameAs\":[\"https:\\\/\\\/www.facebook.com\\\/svenskamagasinet\",\"https:\\\/\\\/x.com\\\/SvenskaMagasine\"]},{\"@type\":\"Person\",\"@id\":\"https:\\\/\\\/lightweb.dev\\\/l\\\/svm-temp\\\/#\\\/schema\\\/person\\\/7a82b8a73d171d32360a564b6d03508e\",\"name\":\"Ola Josefsson\",\"description\":\"Bevakar Solkusten och Spanien sedan 1994.\",\"sameAs\":[\"https:\\\/\\\/lightweb.dev\\\/l\\\/svm-temp\"],\"url\":\"https:\\\/\\\/lightweb.dev\\\/l\\\/svm-temp\\\/reporter\\\/ola-josefsson\\\/\"}]}<\/script>\n<!-- \/ Yoast SEO Premium plugin. -->","yoast_head_json":{"title":"H\u00f6gsta inflationen p\u00e5 \u00e5rsbasis sedan 1980-talet - Svenska Magasinet","robots":{"index":"noindex","follow":"follow","max-snippet":"max-snippet:-1","max-image-preview":"max-image-preview:large","max-video-preview":"max-video-preview:-1"},"og_locale":"sv_SE","og_type":"article","og_title":"H\u00f6gsta inflationen p\u00e5 \u00e5rsbasis sedan 1980-talet","og_description":"Stigande elpriser, dyrare drivmedel och baslivsmedel, h\u00f6g inflation och \u00f6kad os\u00e4kerhet kring r\u00e4ntan. Det blir resultatet av det p\u00e5g\u00e5ende kriget i Ukraina som skapar turbulens p\u00e5 finansmarknaderna. Det tycks inte finnas n\u00e5got som stoppar inflationen. F\u00f6rhoppningarna om att de skenande energipriserna skulle avta har krossats av den ryska invasionen av Ukraina. Den globala ekonomin st\u00e5r [&hellip;]","og_url":"https:\/\/lightweb.dev\/l\/svm-temp\/nyheter\/hogsta-inflationen-pa-arsbasis-sedan-1980-talet\/","og_site_name":"Svenska Magasinet","article_publisher":"https:\/\/www.facebook.com\/svenskamagasinet","article_published_time":"2022-02-28T10:07:00+00:00","og_image":[{"width":500,"height":300,"url":"https:\/\/lightweb.dev\/l\/svm-temp\/wp-content\/uploads\/2022\/04\/hgsta-inflationen-p-rsbasis-sedan-1980-talet.png","type":"image\/png"}],"author":"Ola Josefsson","twitter_card":"summary_large_image","twitter_creator":"@SvenskaMagasine","twitter_site":"@SvenskaMagasine","schema":{"@context":"https:\/\/schema.org","@graph":[{"@type":"Article","@id":"https:\/\/lightweb.dev\/l\/svm-temp\/nyheter\/hogsta-inflationen-pa-arsbasis-sedan-1980-talet\/#article","isPartOf":{"@id":"https:\/\/lightweb.dev\/l\/svm-temp\/nyheter\/hogsta-inflationen-pa-arsbasis-sedan-1980-talet\/"},"author":{"name":"Ola Josefsson","@id":"https:\/\/lightweb.dev\/l\/svm-temp\/#\/schema\/person\/7a82b8a73d171d32360a564b6d03508e"},"headline":"H\u00f6gsta inflationen p\u00e5 \u00e5rsbasis sedan 1980-talet","datePublished":"2022-02-28T10:07:00+00:00","mainEntityOfPage":{"@id":"https:\/\/lightweb.dev\/l\/svm-temp\/nyheter\/hogsta-inflationen-pa-arsbasis-sedan-1980-talet\/"},"wordCount":511,"commentCount":0,"publisher":{"@id":"https:\/\/lightweb.dev\/l\/svm-temp\/#organization"},"image":{"@id":"https:\/\/lightweb.dev\/l\/svm-temp\/nyheter\/hogsta-inflationen-pa-arsbasis-sedan-1980-talet\/#primaryimage"},"thumbnailUrl":"https:\/\/lightweb.dev\/l\/svm-temp\/wp-content\/uploads\/2022\/04\/hgsta-inflationen-p-rsbasis-sedan-1980-talet.png","articleSection":["Arkiv","Nyheter"],"inLanguage":"sv-SE"},{"@type":"WebPage","@id":"https:\/\/lightweb.dev\/l\/svm-temp\/nyheter\/hogsta-inflationen-pa-arsbasis-sedan-1980-talet\/","url":"https:\/\/lightweb.dev\/l\/svm-temp\/nyheter\/hogsta-inflationen-pa-arsbasis-sedan-1980-talet\/","name":"H\u00f6gsta inflationen p\u00e5 \u00e5rsbasis sedan 1980-talet - Svenska Magasinet","isPartOf":{"@id":"https:\/\/lightweb.dev\/l\/svm-temp\/#website"},"primaryImageOfPage":{"@id":"https:\/\/lightweb.dev\/l\/svm-temp\/nyheter\/hogsta-inflationen-pa-arsbasis-sedan-1980-talet\/#primaryimage"},"image":{"@id":"https:\/\/lightweb.dev\/l\/svm-temp\/nyheter\/hogsta-inflationen-pa-arsbasis-sedan-1980-talet\/#primaryimage"},"thumbnailUrl":"https:\/\/lightweb.dev\/l\/svm-temp\/wp-content\/uploads\/2022\/04\/hgsta-inflationen-p-rsbasis-sedan-1980-talet.png","datePublished":"2022-02-28T10:07:00+00:00","breadcrumb":{"@id":"https:\/\/lightweb.dev\/l\/svm-temp\/nyheter\/hogsta-inflationen-pa-arsbasis-sedan-1980-talet\/#breadcrumb"},"inLanguage":"sv-SE","potentialAction":[{"@type":"ReadAction","target":["https:\/\/lightweb.dev\/l\/svm-temp\/nyheter\/hogsta-inflationen-pa-arsbasis-sedan-1980-talet\/"]}]},{"@type":"ImageObject","inLanguage":"sv-SE","@id":"https:\/\/lightweb.dev\/l\/svm-temp\/nyheter\/hogsta-inflationen-pa-arsbasis-sedan-1980-talet\/#primaryimage","url":"https:\/\/lightweb.dev\/l\/svm-temp\/wp-content\/uploads\/2022\/04\/hgsta-inflationen-p-rsbasis-sedan-1980-talet.png","contentUrl":"https:\/\/lightweb.dev\/l\/svm-temp\/wp-content\/uploads\/2022\/04\/hgsta-inflationen-p-rsbasis-sedan-1980-talet.png","width":500,"height":300},{"@type":"BreadcrumbList","@id":"https:\/\/lightweb.dev\/l\/svm-temp\/nyheter\/hogsta-inflationen-pa-arsbasis-sedan-1980-talet\/#breadcrumb","itemListElement":[{"@type":"ListItem","position":1,"name":"Hem","item":"https:\/\/lightweb.dev\/l\/svm-temp\/"},{"@type":"ListItem","position":2,"name":"H\u00f6gsta inflationen p\u00e5 \u00e5rsbasis sedan 1980-talet"}]},{"@type":"WebSite","@id":"https:\/\/lightweb.dev\/l\/svm-temp\/#website","url":"https:\/\/lightweb.dev\/l\/svm-temp\/","name":"Svenska Magasinet","description":"Dina Spanska nyheter p&aring; Svenska","publisher":{"@id":"https:\/\/lightweb.dev\/l\/svm-temp\/#organization"},"potentialAction":[{"@type":"SearchAction","target":{"@type":"EntryPoint","urlTemplate":"https:\/\/lightweb.dev\/l\/svm-temp\/?s={search_term_string}"},"query-input":{"@type":"PropertyValueSpecification","valueRequired":true,"valueName":"search_term_string"}}],"inLanguage":"sv-SE"},{"@type":"Organization","@id":"https:\/\/lightweb.dev\/l\/svm-temp\/#organization","name":"Melkerson y Nott SL","alternateName":"Svenska Magasinet","url":"https:\/\/lightweb.dev\/l\/svm-temp\/","logo":{"@type":"ImageObject","inLanguage":"sv-SE","@id":"https:\/\/lightweb.dev\/l\/svm-temp\/#\/schema\/logo\/image\/","url":"https:\/\/lightweb.dev\/l\/svm-temp\/wp-content\/uploads\/2025\/02\/SvM-logo-Xtra-Centrerad-SVART.png","contentUrl":"https:\/\/lightweb.dev\/l\/svm-temp\/wp-content\/uploads\/2025\/02\/SvM-logo-Xtra-Centrerad-SVART.png","width":300,"height":99,"caption":"Melkerson y Nott SL"},"image":{"@id":"https:\/\/lightweb.dev\/l\/svm-temp\/#\/schema\/logo\/image\/"},"sameAs":["https:\/\/www.facebook.com\/svenskamagasinet","https:\/\/x.com\/SvenskaMagasine"]},{"@type":"Person","@id":"https:\/\/lightweb.dev\/l\/svm-temp\/#\/schema\/person\/7a82b8a73d171d32360a564b6d03508e","name":"Ola Josefsson","description":"Bevakar Solkusten och Spanien sedan 1994.","sameAs":["https:\/\/lightweb.dev\/l\/svm-temp"],"url":"https:\/\/lightweb.dev\/l\/svm-temp\/reporter\/ola-josefsson\/"}]}},"_links":{"self":[{"href":"https:\/\/lightweb.dev\/l\/svm-temp\/wp-json\/wp\/v2\/posts\/665","targetHints":{"allow":["GET"]}}],"collection":[{"href":"https:\/\/lightweb.dev\/l\/svm-temp\/wp-json\/wp\/v2\/posts"}],"about":[{"href":"https:\/\/lightweb.dev\/l\/svm-temp\/wp-json\/wp\/v2\/types\/post"}],"author":[{"embeddable":true,"href":"https:\/\/lightweb.dev\/l\/svm-temp\/wp-json\/wp\/v2\/users\/7"}],"replies":[{"embeddable":true,"href":"https:\/\/lightweb.dev\/l\/svm-temp\/wp-json\/wp\/v2\/comments?post=665"}],"version-history":[{"count":0,"href":"https:\/\/lightweb.dev\/l\/svm-temp\/wp-json\/wp\/v2\/posts\/665\/revisions"}],"wp:featuredmedia":[{"embeddable":true,"href":"https:\/\/lightweb.dev\/l\/svm-temp\/wp-json\/wp\/v2\/media\/666"}],"wp:attachment":[{"href":"https:\/\/lightweb.dev\/l\/svm-temp\/wp-json\/wp\/v2\/media?parent=665"}],"wp:term":[{"taxonomy":"category","embeddable":true,"href":"https:\/\/lightweb.dev\/l\/svm-temp\/wp-json\/wp\/v2\/categories?post=665"},{"taxonomy":"post_tag","embeddable":true,"href":"https:\/\/lightweb.dev\/l\/svm-temp\/wp-json\/wp\/v2\/tags?post=665"}],"curies":[{"name":"wp","href":"https:\/\/api.w.org\/{rel}","templated":true}]}}