{"id":66502,"date":"2023-09-12T15:23:44","date_gmt":"2023-09-12T13:23:44","guid":{"rendered":"https:\/\/lightweb.dev\/l\/svm-temp\/?p=66502"},"modified":"2023-09-14T15:16:41","modified_gmt":"2023-09-14T13:16:41","slug":"nya-augustirekord-for-spanska-flygplatser","status":"publish","type":"post","link":"https:\/\/lightweb.dev\/l\/svm-temp\/nyheter\/nya-augustirekord-for-spanska-flygplatser\/","title":{"rendered":"Nya augustirekord f\u00f6r spanska flygplatser"},"content":{"rendered":"<p><strong>Flygplatserna p\u00e5 Costa del Sol och Costa Blanca satte nya rekord under augusti m\u00e5nad.<\/strong><\/p>\n<p><strong>Alicante-Elche hade 1,7 miljoner resen\u00e4rer och M\u00e1laga registrerade 2,4 miljoner vilket var en \u00f6kning med tio procent j\u00e4mf\u00f6rt med rekord\u00e5ret 2019.<\/strong><\/p>\n<p><img loading=\"lazy\" decoding=\"async\" class=\"size-medium wp-image-66505 alignleft\" src=\"https:\/\/lightweb.dev\/l\/svm-temp\/wp-content\/uploads\/2023\/09\/F5QneG0WIAA-rld-stor-300x183.jpeg\" alt=\"\" width=\"300\" height=\"183\" srcset=\"https:\/\/lightweb.dev\/l\/svm-temp\/wp-content\/uploads\/2023\/09\/F5QneG0WIAA-rld-stor-300x183.jpeg 300w, https:\/\/lightweb.dev\/l\/svm-temp\/wp-content\/uploads\/2023\/09\/F5QneG0WIAA-rld-stor-900x548.jpeg 900w, https:\/\/lightweb.dev\/l\/svm-temp\/wp-content\/uploads\/2023\/09\/F5QneG0WIAA-rld-stor-768x467.jpeg 768w, https:\/\/lightweb.dev\/l\/svm-temp\/wp-content\/uploads\/2023\/09\/F5QneG0WIAA-rld-stor-610x371.jpeg 610w, https:\/\/lightweb.dev\/l\/svm-temp\/wp-content\/uploads\/2023\/09\/F5QneG0WIAA-rld-stor-1080x657.jpeg 1080w, https:\/\/lightweb.dev\/l\/svm-temp\/wp-content\/uploads\/2023\/09\/F5QneG0WIAA-rld-stor-600x365.jpeg 600w, https:\/\/lightweb.dev\/l\/svm-temp\/wp-content\/uploads\/2023\/09\/F5QneG0WIAA-rld-stor.jpeg 1280w\" sizes=\"(max-width: 300px) 100vw, 300px\" \/><\/p>\n<p>Vi som har rest i sommar har haft det p\u00e5 k\u00e4nn. Det har varit l\u00e5nga k\u00f6er och m\u00e5nga resen\u00e4rer.<\/p>\n<p>N\u00e4r spanska luftfartsverket Aena p\u00e5 tisdagen publicerade siffrorna f\u00f6r augusti bekr\u00e4ftade bara det vad vi k\u00e4nde.<\/p>\n<p>Alicante-Elche Miguel Hern\u00e1ndez slog nytt augustirekord med 1.702.139 resen\u00e4rer vilket kan j\u00e4mf\u00f6ras med 1.692.011 f\u00f6r 2019.<\/p>\n<p>M\u00e1laga flygplats g\u00f6r sin b\u00e4sta augustim\u00e5nad i historien med 2,4 miljoner resen\u00e4rer vilket var en \u00f6kning med n\u00e4ra 18 procent j\u00e4mf\u00f6rt med ifjol.<\/p>\n<p>Den 20 augusti var det br\u00e5da dagar f\u00f6r flygplatspersonalen som hanterade 583 avg\u00e5ngar och ankomster.<\/p>\n<div id=\"attachment_66522\" style=\"width: 310px\" class=\"wp-caption alignleft\"><img loading=\"lazy\" decoding=\"async\" aria-describedby=\"caption-attachment-66522\" class=\"size-medium wp-image-66522\" src=\"https:\/\/lightweb.dev\/l\/svm-temp\/wp-content\/uploads\/2023\/09\/Controladora-aerea-de-ENAIRE-de-Torre-en-Barcelona-stor-300x200.jpeg\" alt=\"\" width=\"300\" height=\"200\" srcset=\"https:\/\/lightweb.dev\/l\/svm-temp\/wp-content\/uploads\/2023\/09\/Controladora-aerea-de-ENAIRE-de-Torre-en-Barcelona-stor-300x200.jpeg 300w, https:\/\/lightweb.dev\/l\/svm-temp\/wp-content\/uploads\/2023\/09\/Controladora-aerea-de-ENAIRE-de-Torre-en-Barcelona-stor-900x600.jpeg 900w, https:\/\/lightweb.dev\/l\/svm-temp\/wp-content\/uploads\/2023\/09\/Controladora-aerea-de-ENAIRE-de-Torre-en-Barcelona-stor-768x512.jpeg 768w, https:\/\/lightweb.dev\/l\/svm-temp\/wp-content\/uploads\/2023\/09\/Controladora-aerea-de-ENAIRE-de-Torre-en-Barcelona-stor-610x407.jpeg 610w, https:\/\/lightweb.dev\/l\/svm-temp\/wp-content\/uploads\/2023\/09\/Controladora-aerea-de-ENAIRE-de-Torre-en-Barcelona-stor-1080x720.jpeg 1080w, https:\/\/lightweb.dev\/l\/svm-temp\/wp-content\/uploads\/2023\/09\/Controladora-aerea-de-ENAIRE-de-Torre-en-Barcelona-stor-600x400.jpeg 600w, https:\/\/lightweb.dev\/l\/svm-temp\/wp-content\/uploads\/2023\/09\/Controladora-aerea-de-ENAIRE-de-Torre-en-Barcelona-stor.jpeg 1280w\" sizes=\"(max-width: 300px) 100vw, 300px\" \/><p id=\"caption-attachment-66522\" class=\"wp-caption-text\">Enaire som ansvarar f\u00f6r flygtrafiken i Spanien har under sommaren hanterat n\u00e4ra 7.200 dagliga operationer. Vilket \u00e4r rekord.<\/p><\/div>\n<p>Under \u00e5rets \u00e5tta f\u00f6rsta m\u00e5nader registrerar Solkustens flygplats 14.921.595 resen\u00e4rer. Det \u00e4r en \u00f6kning med 9,3 procent j\u00e4mf\u00f6rt med 2019.<\/p>\n<p>M\u00e1laga placerar sig p\u00e5 plats fyra bland landets st\u00f6rsta flygplatser i augusti efter Madrid, Barcelona och Palma de Mallorca. D\u00e4refter kommer Alicante-Elche Miguel Hern\u00e1ndez, Ibiza, Gran Canaria och Valencia.<\/p>\n<p>Aenas 46 flygplatser och tv\u00e5 helikopterplatser hade under augusti m\u00e5nad 29,8 miljoner resen\u00e4rer. Det \u00e4r 9,5 procent fler \u00e4n ifjol och 1,4 procent mer \u00e4n 2019. Totalt under \u00e5rets \u00e5tta f\u00f6rsta m\u00e5nader registreras 189 miljoner resen\u00e4rer en uppg\u00e5ng med 18,7 procent j\u00e4mf\u00f6rt med samma period ifjol och 1,2 procent mer \u00e4n motsvarande period 2019.<\/p>\n<p>Flygexperten Jan Ohlsson s\u00e4ger i en kommentar till Svenska Magasinet:<\/p>\n<p>&#8211; Tr\u00e5kig tr\u00e4ngsel \u00e4r dock ett tecken p\u00e5 fungerande konkurrens. Vintern blir nog lite dyrare. Fler flygbolag tycker f\u00f6rsiktigtvis det \u00e4r billigare att ha m\u00e5nga plan p\u00e5 marken.<\/p>\n<p>&#8211; Men till sommaren skruvar man nog p\u00e5 trafiken igen och kan man inte fylla drygt 90 procent av 189 stolar kommer de dra in turer f\u00f6r att h\u00e5lla uppe priserna. F\u00e5 \u00e4r konkurrens och l\u00e5ga kostnader nyckeln.<\/p>\n<p>&#8211; SAS och Norwegian gjorde f\u00f6rv\u00e5nansv\u00e4rt l\u00e5ga vinster om man ser till priserna. Men volymm\u00e5l klarar sig.<\/p>\n","protected":false},"excerpt":{"rendered":"<p>Flygplatserna p\u00e5 Costa del Sol och Costa Blanca satte nya rekord under augusti m\u00e5nad. Alicante-Elche hade 1,7 miljoner resen\u00e4rer och M\u00e1laga registrerade 2,4 miljoner&#8230;<\/p>\n","protected":false},"author":7,"featured_media":66504,"comment_status":"open","ping_status":"closed","sticky":false,"template":"","format":"standard","meta":{"_et_pb_use_builder":"","_et_pb_old_content":"","_et_gb_content_width":"","footnotes":""},"categories":[395,3],"tags":[],"class_list":["post-66502","post","type-post","status-publish","format-standard","has-post-thumbnail","hentry","category-arkiv-nyheter","category-nyheter"],"yoast_head":"<!-- This site is optimized with the Yoast SEO Premium plugin v26.2 (Yoast SEO v27.4) - https:\/\/yoast.com\/product\/yoast-seo-premium-wordpress\/ -->\n<title>Nya augustirekord f\u00f6r spanska flygplatser - Svenska Magasinet<\/title>\n<meta name=\"description\" content=\"Flygplatserna p\u00e5 Costa del Sol och Costa Blanca satte nya rekord under augusti m\u00e5nad. Alicante-Elche hade 1,7 miljoner resen\u00e4rer och M\u00e1laga registrerade 2,4 miljoner vilket var en \u00f6kning med tio procent j\u00e4mf\u00f6rt med rekord\u00e5ret 2019.\" \/>\n<meta name=\"robots\" content=\"noindex, follow, max-snippet:-1, max-image-preview:large, max-video-preview:-1\" \/>\n<meta property=\"og:locale\" content=\"sv_SE\" \/>\n<meta property=\"og:type\" content=\"article\" \/>\n<meta property=\"og:title\" content=\"Nya augustirekord f\u00f6r spanska flygplatser\" \/>\n<meta property=\"og:description\" content=\"Flygplatserna p\u00e5 Costa del Sol och Costa Blanca satte nya rekord under augusti m\u00e5nad. Alicante-Elche hade 1,7 miljoner resen\u00e4rer och M\u00e1laga registrerade 2,4 miljoner vilket var en \u00f6kning med tio procent j\u00e4mf\u00f6rt med rekord\u00e5ret 2019.\" \/>\n<meta property=\"og:url\" content=\"https:\/\/lightweb.dev\/l\/svm-temp\/nyheter\/nya-augustirekord-for-spanska-flygplatser\/\" \/>\n<meta property=\"og:site_name\" content=\"Svenska Magasinet\" \/>\n<meta property=\"article:publisher\" content=\"https:\/\/www.facebook.com\/svenskamagasinet\" \/>\n<meta property=\"article:published_time\" content=\"2023-09-12T13:23:44+00:00\" \/>\n<meta property=\"article:modified_time\" content=\"2023-09-14T13:16:41+00:00\" \/>\n<meta property=\"og:image\" content=\"https:\/\/lightweb.dev\/l\/svm-temp\/wp-content\/uploads\/2023\/09\/F5K70zWXoAAt7wj-stor.jpeg\" \/>\n\t<meta property=\"og:image:width\" content=\"1280\" \/>\n\t<meta property=\"og:image:height\" content=\"548\" \/>\n\t<meta property=\"og:image:type\" content=\"image\/jpeg\" \/>\n<meta name=\"author\" content=\"Ola Josefsson\" \/>\n<meta name=\"twitter:card\" content=\"summary_large_image\" \/>\n<meta name=\"twitter:creator\" content=\"@SvenskaMagasine\" \/>\n<meta name=\"twitter:site\" content=\"@SvenskaMagasine\" \/>\n<script type=\"application\/ld+json\" class=\"yoast-schema-graph\">{\"@context\":\"https:\\\/\\\/schema.org\",\"@graph\":[{\"@type\":\"Article\",\"@id\":\"https:\\\/\\\/lightweb.dev\\\/l\\\/svm-temp\\\/nyheter\\\/nya-augustirekord-for-spanska-flygplatser\\\/#article\",\"isPartOf\":{\"@id\":\"https:\\\/\\\/lightweb.dev\\\/l\\\/svm-temp\\\/nyheter\\\/nya-augustirekord-for-spanska-flygplatser\\\/\"},\"author\":{\"name\":\"Ola Josefsson\",\"@id\":\"https:\\\/\\\/lightweb.dev\\\/l\\\/svm-temp\\\/#\\\/schema\\\/person\\\/7a82b8a73d171d32360a564b6d03508e\"},\"headline\":\"Nya augustirekord f\u00f6r spanska flygplatser\",\"datePublished\":\"2023-09-12T13:23:44+00:00\",\"dateModified\":\"2023-09-14T13:16:41+00:00\",\"mainEntityOfPage\":{\"@id\":\"https:\\\/\\\/lightweb.dev\\\/l\\\/svm-temp\\\/nyheter\\\/nya-augustirekord-for-spanska-flygplatser\\\/\"},\"wordCount\":389,\"commentCount\":1,\"publisher\":{\"@id\":\"https:\\\/\\\/lightweb.dev\\\/l\\\/svm-temp\\\/#organization\"},\"image\":{\"@id\":\"https:\\\/\\\/lightweb.dev\\\/l\\\/svm-temp\\\/nyheter\\\/nya-augustirekord-for-spanska-flygplatser\\\/#primaryimage\"},\"thumbnailUrl\":\"https:\\\/\\\/lightweb.dev\\\/l\\\/svm-temp\\\/wp-content\\\/uploads\\\/2023\\\/09\\\/F5K70zWXoAAt7wj-stor.jpeg\",\"articleSection\":[\"Arkiv\",\"Nyheter\"],\"inLanguage\":\"sv-SE\"},{\"@type\":\"WebPage\",\"@id\":\"https:\\\/\\\/lightweb.dev\\\/l\\\/svm-temp\\\/nyheter\\\/nya-augustirekord-for-spanska-flygplatser\\\/\",\"url\":\"https:\\\/\\\/lightweb.dev\\\/l\\\/svm-temp\\\/nyheter\\\/nya-augustirekord-for-spanska-flygplatser\\\/\",\"name\":\"Nya augustirekord f\u00f6r spanska flygplatser - Svenska Magasinet\",\"isPartOf\":{\"@id\":\"https:\\\/\\\/lightweb.dev\\\/l\\\/svm-temp\\\/#website\"},\"primaryImageOfPage\":{\"@id\":\"https:\\\/\\\/lightweb.dev\\\/l\\\/svm-temp\\\/nyheter\\\/nya-augustirekord-for-spanska-flygplatser\\\/#primaryimage\"},\"image\":{\"@id\":\"https:\\\/\\\/lightweb.dev\\\/l\\\/svm-temp\\\/nyheter\\\/nya-augustirekord-for-spanska-flygplatser\\\/#primaryimage\"},\"thumbnailUrl\":\"https:\\\/\\\/lightweb.dev\\\/l\\\/svm-temp\\\/wp-content\\\/uploads\\\/2023\\\/09\\\/F5K70zWXoAAt7wj-stor.jpeg\",\"datePublished\":\"2023-09-12T13:23:44+00:00\",\"dateModified\":\"2023-09-14T13:16:41+00:00\",\"description\":\"Flygplatserna p\u00e5 Costa del Sol och Costa Blanca satte nya rekord under augusti m\u00e5nad. Alicante-Elche hade 1,7 miljoner resen\u00e4rer och M\u00e1laga registrerade 2,4 miljoner vilket var en \u00f6kning med tio procent j\u00e4mf\u00f6rt med rekord\u00e5ret 2019.\",\"breadcrumb\":{\"@id\":\"https:\\\/\\\/lightweb.dev\\\/l\\\/svm-temp\\\/nyheter\\\/nya-augustirekord-for-spanska-flygplatser\\\/#breadcrumb\"},\"inLanguage\":\"sv-SE\",\"potentialAction\":[{\"@type\":\"ReadAction\",\"target\":[\"https:\\\/\\\/lightweb.dev\\\/l\\\/svm-temp\\\/nyheter\\\/nya-augustirekord-for-spanska-flygplatser\\\/\"]}]},{\"@type\":\"ImageObject\",\"inLanguage\":\"sv-SE\",\"@id\":\"https:\\\/\\\/lightweb.dev\\\/l\\\/svm-temp\\\/nyheter\\\/nya-augustirekord-for-spanska-flygplatser\\\/#primaryimage\",\"url\":\"https:\\\/\\\/lightweb.dev\\\/l\\\/svm-temp\\\/wp-content\\\/uploads\\\/2023\\\/09\\\/F5K70zWXoAAt7wj-stor.jpeg\",\"contentUrl\":\"https:\\\/\\\/lightweb.dev\\\/l\\\/svm-temp\\\/wp-content\\\/uploads\\\/2023\\\/09\\\/F5K70zWXoAAt7wj-stor.jpeg\",\"width\":1280,\"height\":548,\"caption\":\"(Foto: Aena)\"},{\"@type\":\"BreadcrumbList\",\"@id\":\"https:\\\/\\\/lightweb.dev\\\/l\\\/svm-temp\\\/nyheter\\\/nya-augustirekord-for-spanska-flygplatser\\\/#breadcrumb\",\"itemListElement\":[{\"@type\":\"ListItem\",\"position\":1,\"name\":\"Hem\",\"item\":\"https:\\\/\\\/lightweb.dev\\\/l\\\/svm-temp\\\/\"},{\"@type\":\"ListItem\",\"position\":2,\"name\":\"Nya augustirekord f\u00f6r spanska flygplatser\"}]},{\"@type\":\"WebSite\",\"@id\":\"https:\\\/\\\/lightweb.dev\\\/l\\\/svm-temp\\\/#website\",\"url\":\"https:\\\/\\\/lightweb.dev\\\/l\\\/svm-temp\\\/\",\"name\":\"Svenska Magasinet\",\"description\":\"Dina Spanska nyheter p&aring; Svenska\",\"publisher\":{\"@id\":\"https:\\\/\\\/lightweb.dev\\\/l\\\/svm-temp\\\/#organization\"},\"potentialAction\":[{\"@type\":\"SearchAction\",\"target\":{\"@type\":\"EntryPoint\",\"urlTemplate\":\"https:\\\/\\\/lightweb.dev\\\/l\\\/svm-temp\\\/?s={search_term_string}\"},\"query-input\":{\"@type\":\"PropertyValueSpecification\",\"valueRequired\":true,\"valueName\":\"search_term_string\"}}],\"inLanguage\":\"sv-SE\"},{\"@type\":\"Organization\",\"@id\":\"https:\\\/\\\/lightweb.dev\\\/l\\\/svm-temp\\\/#organization\",\"name\":\"Melkerson y Nott SL\",\"alternateName\":\"Svenska Magasinet\",\"url\":\"https:\\\/\\\/lightweb.dev\\\/l\\\/svm-temp\\\/\",\"logo\":{\"@type\":\"ImageObject\",\"inLanguage\":\"sv-SE\",\"@id\":\"https:\\\/\\\/lightweb.dev\\\/l\\\/svm-temp\\\/#\\\/schema\\\/logo\\\/image\\\/\",\"url\":\"https:\\\/\\\/lightweb.dev\\\/l\\\/svm-temp\\\/wp-content\\\/uploads\\\/2025\\\/02\\\/SvM-logo-Xtra-Centrerad-SVART.png\",\"contentUrl\":\"https:\\\/\\\/lightweb.dev\\\/l\\\/svm-temp\\\/wp-content\\\/uploads\\\/2025\\\/02\\\/SvM-logo-Xtra-Centrerad-SVART.png\",\"width\":300,\"height\":99,\"caption\":\"Melkerson y Nott SL\"},\"image\":{\"@id\":\"https:\\\/\\\/lightweb.dev\\\/l\\\/svm-temp\\\/#\\\/schema\\\/logo\\\/image\\\/\"},\"sameAs\":[\"https:\\\/\\\/www.facebook.com\\\/svenskamagasinet\",\"https:\\\/\\\/x.com\\\/SvenskaMagasine\"]},{\"@type\":\"Person\",\"@id\":\"https:\\\/\\\/lightweb.dev\\\/l\\\/svm-temp\\\/#\\\/schema\\\/person\\\/7a82b8a73d171d32360a564b6d03508e\",\"name\":\"Ola Josefsson\",\"description\":\"Bevakar Solkusten och Spanien sedan 1994.\",\"sameAs\":[\"https:\\\/\\\/lightweb.dev\\\/l\\\/svm-temp\"],\"url\":\"https:\\\/\\\/lightweb.dev\\\/l\\\/svm-temp\\\/reporter\\\/ola-josefsson\\\/\"}]}<\/script>\n<!-- \/ Yoast SEO Premium plugin. -->","yoast_head_json":{"title":"Nya augustirekord f\u00f6r spanska flygplatser - Svenska Magasinet","description":"Flygplatserna p\u00e5 Costa del Sol och Costa Blanca satte nya rekord under augusti m\u00e5nad. Alicante-Elche hade 1,7 miljoner resen\u00e4rer och M\u00e1laga registrerade 2,4 miljoner vilket var en \u00f6kning med tio procent j\u00e4mf\u00f6rt med rekord\u00e5ret 2019.","robots":{"index":"noindex","follow":"follow","max-snippet":"max-snippet:-1","max-image-preview":"max-image-preview:large","max-video-preview":"max-video-preview:-1"},"og_locale":"sv_SE","og_type":"article","og_title":"Nya augustirekord f\u00f6r spanska flygplatser","og_description":"Flygplatserna p\u00e5 Costa del Sol och Costa Blanca satte nya rekord under augusti m\u00e5nad. Alicante-Elche hade 1,7 miljoner resen\u00e4rer och M\u00e1laga registrerade 2,4 miljoner vilket var en \u00f6kning med tio procent j\u00e4mf\u00f6rt med rekord\u00e5ret 2019.","og_url":"https:\/\/lightweb.dev\/l\/svm-temp\/nyheter\/nya-augustirekord-for-spanska-flygplatser\/","og_site_name":"Svenska Magasinet","article_publisher":"https:\/\/www.facebook.com\/svenskamagasinet","article_published_time":"2023-09-12T13:23:44+00:00","article_modified_time":"2023-09-14T13:16:41+00:00","og_image":[{"width":1280,"height":548,"url":"https:\/\/lightweb.dev\/l\/svm-temp\/wp-content\/uploads\/2023\/09\/F5K70zWXoAAt7wj-stor.jpeg","type":"image\/jpeg"}],"author":"Ola Josefsson","twitter_card":"summary_large_image","twitter_creator":"@SvenskaMagasine","twitter_site":"@SvenskaMagasine","schema":{"@context":"https:\/\/schema.org","@graph":[{"@type":"Article","@id":"https:\/\/lightweb.dev\/l\/svm-temp\/nyheter\/nya-augustirekord-for-spanska-flygplatser\/#article","isPartOf":{"@id":"https:\/\/lightweb.dev\/l\/svm-temp\/nyheter\/nya-augustirekord-for-spanska-flygplatser\/"},"author":{"name":"Ola Josefsson","@id":"https:\/\/lightweb.dev\/l\/svm-temp\/#\/schema\/person\/7a82b8a73d171d32360a564b6d03508e"},"headline":"Nya augustirekord f\u00f6r spanska flygplatser","datePublished":"2023-09-12T13:23:44+00:00","dateModified":"2023-09-14T13:16:41+00:00","mainEntityOfPage":{"@id":"https:\/\/lightweb.dev\/l\/svm-temp\/nyheter\/nya-augustirekord-for-spanska-flygplatser\/"},"wordCount":389,"commentCount":1,"publisher":{"@id":"https:\/\/lightweb.dev\/l\/svm-temp\/#organization"},"image":{"@id":"https:\/\/lightweb.dev\/l\/svm-temp\/nyheter\/nya-augustirekord-for-spanska-flygplatser\/#primaryimage"},"thumbnailUrl":"https:\/\/lightweb.dev\/l\/svm-temp\/wp-content\/uploads\/2023\/09\/F5K70zWXoAAt7wj-stor.jpeg","articleSection":["Arkiv","Nyheter"],"inLanguage":"sv-SE"},{"@type":"WebPage","@id":"https:\/\/lightweb.dev\/l\/svm-temp\/nyheter\/nya-augustirekord-for-spanska-flygplatser\/","url":"https:\/\/lightweb.dev\/l\/svm-temp\/nyheter\/nya-augustirekord-for-spanska-flygplatser\/","name":"Nya augustirekord f\u00f6r spanska flygplatser - Svenska Magasinet","isPartOf":{"@id":"https:\/\/lightweb.dev\/l\/svm-temp\/#website"},"primaryImageOfPage":{"@id":"https:\/\/lightweb.dev\/l\/svm-temp\/nyheter\/nya-augustirekord-for-spanska-flygplatser\/#primaryimage"},"image":{"@id":"https:\/\/lightweb.dev\/l\/svm-temp\/nyheter\/nya-augustirekord-for-spanska-flygplatser\/#primaryimage"},"thumbnailUrl":"https:\/\/lightweb.dev\/l\/svm-temp\/wp-content\/uploads\/2023\/09\/F5K70zWXoAAt7wj-stor.jpeg","datePublished":"2023-09-12T13:23:44+00:00","dateModified":"2023-09-14T13:16:41+00:00","description":"Flygplatserna p\u00e5 Costa del Sol och Costa Blanca satte nya rekord under augusti m\u00e5nad. Alicante-Elche hade 1,7 miljoner resen\u00e4rer och M\u00e1laga registrerade 2,4 miljoner vilket var en \u00f6kning med tio procent j\u00e4mf\u00f6rt med rekord\u00e5ret 2019.","breadcrumb":{"@id":"https:\/\/lightweb.dev\/l\/svm-temp\/nyheter\/nya-augustirekord-for-spanska-flygplatser\/#breadcrumb"},"inLanguage":"sv-SE","potentialAction":[{"@type":"ReadAction","target":["https:\/\/lightweb.dev\/l\/svm-temp\/nyheter\/nya-augustirekord-for-spanska-flygplatser\/"]}]},{"@type":"ImageObject","inLanguage":"sv-SE","@id":"https:\/\/lightweb.dev\/l\/svm-temp\/nyheter\/nya-augustirekord-for-spanska-flygplatser\/#primaryimage","url":"https:\/\/lightweb.dev\/l\/svm-temp\/wp-content\/uploads\/2023\/09\/F5K70zWXoAAt7wj-stor.jpeg","contentUrl":"https:\/\/lightweb.dev\/l\/svm-temp\/wp-content\/uploads\/2023\/09\/F5K70zWXoAAt7wj-stor.jpeg","width":1280,"height":548,"caption":"(Foto: Aena)"},{"@type":"BreadcrumbList","@id":"https:\/\/lightweb.dev\/l\/svm-temp\/nyheter\/nya-augustirekord-for-spanska-flygplatser\/#breadcrumb","itemListElement":[{"@type":"ListItem","position":1,"name":"Hem","item":"https:\/\/lightweb.dev\/l\/svm-temp\/"},{"@type":"ListItem","position":2,"name":"Nya augustirekord f\u00f6r spanska flygplatser"}]},{"@type":"WebSite","@id":"https:\/\/lightweb.dev\/l\/svm-temp\/#website","url":"https:\/\/lightweb.dev\/l\/svm-temp\/","name":"Svenska Magasinet","description":"Dina Spanska nyheter p&aring; Svenska","publisher":{"@id":"https:\/\/lightweb.dev\/l\/svm-temp\/#organization"},"potentialAction":[{"@type":"SearchAction","target":{"@type":"EntryPoint","urlTemplate":"https:\/\/lightweb.dev\/l\/svm-temp\/?s={search_term_string}"},"query-input":{"@type":"PropertyValueSpecification","valueRequired":true,"valueName":"search_term_string"}}],"inLanguage":"sv-SE"},{"@type":"Organization","@id":"https:\/\/lightweb.dev\/l\/svm-temp\/#organization","name":"Melkerson y Nott SL","alternateName":"Svenska Magasinet","url":"https:\/\/lightweb.dev\/l\/svm-temp\/","logo":{"@type":"ImageObject","inLanguage":"sv-SE","@id":"https:\/\/lightweb.dev\/l\/svm-temp\/#\/schema\/logo\/image\/","url":"https:\/\/lightweb.dev\/l\/svm-temp\/wp-content\/uploads\/2025\/02\/SvM-logo-Xtra-Centrerad-SVART.png","contentUrl":"https:\/\/lightweb.dev\/l\/svm-temp\/wp-content\/uploads\/2025\/02\/SvM-logo-Xtra-Centrerad-SVART.png","width":300,"height":99,"caption":"Melkerson y Nott SL"},"image":{"@id":"https:\/\/lightweb.dev\/l\/svm-temp\/#\/schema\/logo\/image\/"},"sameAs":["https:\/\/www.facebook.com\/svenskamagasinet","https:\/\/x.com\/SvenskaMagasine"]},{"@type":"Person","@id":"https:\/\/lightweb.dev\/l\/svm-temp\/#\/schema\/person\/7a82b8a73d171d32360a564b6d03508e","name":"Ola Josefsson","description":"Bevakar Solkusten och Spanien sedan 1994.","sameAs":["https:\/\/lightweb.dev\/l\/svm-temp"],"url":"https:\/\/lightweb.dev\/l\/svm-temp\/reporter\/ola-josefsson\/"}]}},"_links":{"self":[{"href":"https:\/\/lightweb.dev\/l\/svm-temp\/wp-json\/wp\/v2\/posts\/66502","targetHints":{"allow":["GET"]}}],"collection":[{"href":"https:\/\/lightweb.dev\/l\/svm-temp\/wp-json\/wp\/v2\/posts"}],"about":[{"href":"https:\/\/lightweb.dev\/l\/svm-temp\/wp-json\/wp\/v2\/types\/post"}],"author":[{"embeddable":true,"href":"https:\/\/lightweb.dev\/l\/svm-temp\/wp-json\/wp\/v2\/users\/7"}],"replies":[{"embeddable":true,"href":"https:\/\/lightweb.dev\/l\/svm-temp\/wp-json\/wp\/v2\/comments?post=66502"}],"version-history":[{"count":0,"href":"https:\/\/lightweb.dev\/l\/svm-temp\/wp-json\/wp\/v2\/posts\/66502\/revisions"}],"wp:featuredmedia":[{"embeddable":true,"href":"https:\/\/lightweb.dev\/l\/svm-temp\/wp-json\/wp\/v2\/media\/66504"}],"wp:attachment":[{"href":"https:\/\/lightweb.dev\/l\/svm-temp\/wp-json\/wp\/v2\/media?parent=66502"}],"wp:term":[{"taxonomy":"category","embeddable":true,"href":"https:\/\/lightweb.dev\/l\/svm-temp\/wp-json\/wp\/v2\/categories?post=66502"},{"taxonomy":"post_tag","embeddable":true,"href":"https:\/\/lightweb.dev\/l\/svm-temp\/wp-json\/wp\/v2\/tags?post=66502"}],"curies":[{"name":"wp","href":"https:\/\/api.w.org\/{rel}","templated":true}]}}