{"id":66509,"date":"2023-09-13T10:10:07","date_gmt":"2023-09-13T08:10:07","guid":{"rendered":"https:\/\/lightweb.dev\/l\/svm-temp\/?p=66509"},"modified":"2023-09-13T10:11:24","modified_gmt":"2023-09-13T08:11:24","slug":"francisco-salado-spaniens-feministiska-regering-glommer-solheim-cup","status":"publish","type":"post","link":"https:\/\/lightweb.dev\/l\/svm-temp\/nyheter\/francisco-salado-spaniens-feministiska-regering-glommer-solheim-cup\/","title":{"rendered":"Francisco Salado: Spaniens feministiska regering gl\u00f6mmer Solheim Cup"},"content":{"rendered":"<p><strong>N\u00e4sta vecka v\u00e4ntar v\u00e4rldens st\u00f6rsta golfshow f\u00f6r damer d\u00e5 Solheim Cup avg\u00f6rs i Casares p\u00e5 v\u00e4stra Costa del Sol. Uppm\u00e4rksamheten \u00e4r stor d\u00e5 Europas b\u00e4sta golfspelare m\u00f6ter USA.<\/strong><\/p>\n<p><strong>Men hos den spanska regeringen har intresset varit svalt i fem \u00e5r.<\/strong><\/p>\n<p>De v\u00e4ljer hellre att satsa p\u00e5 ans\u00f6kan att f\u00e5 Ryder Cup till Katalonien. Det g\u00e4ller ju att stryka katalanska separatistpartier medh\u00e5rs.<\/p>\n<p>Provinsstyrelsens ordf\u00f6rande Francisco Salado riktar skarp kritik mot Pedro S\u00e1nchez regering f\u00f6r att inte visa st\u00f6d f\u00f6r j\u00e4tteevenemanget p\u00e5 Golfklusten.<\/p>\n<p>&#8211; Solheim Cup \u00e4r bara ett exempel p\u00e5 hur regeringen ignorerar och trampar p\u00e5 oss. Det \u00e4r ett gigantiskt evenemang som kommer att f\u00f6ljas av hundratals miljoner tv-tittare runt om i v\u00e4rlden. Men den spanska staten bidrar till noll (0) euro, s\u00e4ger Salado kritiskt.<\/p>\n<p>Centralregeringen i Madrid hade f\u00f6rst meddelat att staten skulle vara med och bidra med 1,7 miljoner euro till t\u00e4vlingen som g\u00e5r p\u00e5 Finca Cortes\u00edn den 22 till 24 september.<\/p>\n<p>Men enligt idrottsdepartementet har det inte blivit n\u00e5gra pengar p\u00e5 grund av att regeringen i nul\u00e4get \u00e4r en st\u00e4llf\u00f6retr\u00e4dande regering p\u00e5 grund av det oklara valresultatet i juli.<\/p>\n<p>Francisco Salado drar en j\u00e4mf\u00f6relse med att regeringen har \u00e5tagit sig att bidra med 50 miljoner euro till Ryder Cup 2031 i Katalonien.<\/p>\n<p>&#8211; Noll euro till damgolfen i Andalusien j\u00e4mf\u00f6rt med femtio miljoner till herrgolfen i Katalonien. Och de kallar sig f\u00f6re en feministisk regering.<\/p>\n<p>&#8211; Det \u00e4r regeringens normala inst\u00e4llning att feminism bara anv\u00e4nds n\u00e4r det intresserar dem.<\/p>\n<p>Provinsstyrelsens ordf\u00f6rande menar att det \u00e4r en or\u00e4ttvis situation som uppkommit d\u00e5 b\u00e5de regionregeringen Junta de Andaluc\u00eda, provinsstyrelsen och kommunerna bidrar till evenemanget sedan fem \u00e5r.<\/p>\n<p>&#8211; Det har funnits tid att visa sin goda vilja.<\/p>\n<p>Solheim Cup i Casares subventioneras av Junta de Andaluc\u00eda (2,1 miljoner), M\u00e1lagas provinsr\u00e5d (tv\u00e5 miljoner), Acosol (2 miljoner), Marbella kommun (1,5 miljoner) och Benahav\u00eds kommun (1,5 miljoner).<\/p>\n<p>Alicia Garrido, ordf\u00f6rande vid Deporte &amp; Business som arrangerar t\u00e4vlingen s\u00e4ger att \u00f6ver 90.000 biljetter \u00e4r s\u00e5lda vilket \u00e4r en historisk milstolpe f\u00f6r damidrott i Spanien.<\/p>\n","protected":false},"excerpt":{"rendered":"<p>N\u00e4sta vecka v\u00e4ntar v\u00e4rldens st\u00f6rsta golfshow f\u00f6r damer d\u00e5 Solheim Cup avg\u00f6rs i Casares p\u00e5 v\u00e4stra Costa del Sol. Uppm\u00e4rksamheten \u00e4r stor d\u00e5 Europas b\u00e4sta golfspelare m\u00f6ter USA&#8230;<\/p>\n","protected":false},"author":7,"featured_media":66511,"comment_status":"open","ping_status":"closed","sticky":false,"template":"","format":"standard","meta":{"_et_pb_use_builder":"","_et_pb_old_content":"","_et_gb_content_width":"","footnotes":""},"categories":[3,352],"tags":[],"class_list":["post-66509","post","type-post","status-publish","format-standard","has-post-thumbnail","hentry","category-nyheter","category-sport"],"yoast_head":"<!-- This site is optimized with the Yoast SEO Premium plugin v26.2 (Yoast SEO v27.4) - https:\/\/yoast.com\/product\/yoast-seo-premium-wordpress\/ -->\n<title>Francisco Salado: Spaniens feministiska regering gl\u00f6mmer Solheim Cup - Svenska Magasinet<\/title>\n<meta name=\"description\" content=\"N\u00e4sta vecka v\u00e4ntar v\u00e4rldens st\u00f6rsta golfshow f\u00f6r damer d\u00e5 Solheim Cup avg\u00f6rs i Casares p\u00e5 v\u00e4stra Costa del Sol. Uppm\u00e4rksamheten \u00e4r stor d\u00e5 Europas b\u00e4sta golfspelare m\u00f6ter USA. Men hos den spanska regeringen har intresset varit svalt i fem \u00e5r.\" \/>\n<meta name=\"robots\" content=\"noindex, follow, max-snippet:-1, max-image-preview:large, max-video-preview:-1\" \/>\n<meta property=\"og:locale\" content=\"sv_SE\" \/>\n<meta property=\"og:type\" content=\"article\" \/>\n<meta property=\"og:title\" content=\"Francisco Salado: Spaniens feministiska regering gl\u00f6mmer Solheim Cup\" \/>\n<meta property=\"og:description\" content=\"N\u00e4sta vecka v\u00e4ntar v\u00e4rldens st\u00f6rsta golfshow f\u00f6r damer d\u00e5 Solheim Cup avg\u00f6rs i Casares p\u00e5 v\u00e4stra Costa del Sol. Uppm\u00e4rksamheten \u00e4r stor d\u00e5 Europas b\u00e4sta golfspelare m\u00f6ter USA. Men hos den spanska regeringen har intresset varit svalt i fem \u00e5r.\" \/>\n<meta property=\"og:url\" content=\"https:\/\/lightweb.dev\/l\/svm-temp\/artiklar\/golf-sport\/francisco-salado-spaniens-feministiska-regering-glommer-solheim-cup\/\" \/>\n<meta property=\"og:site_name\" content=\"Svenska Magasinet\" \/>\n<meta property=\"article:publisher\" content=\"https:\/\/www.facebook.com\/svenskamagasinet\" \/>\n<meta property=\"article:published_time\" content=\"2023-09-13T08:10:07+00:00\" \/>\n<meta property=\"article:modified_time\" content=\"2023-09-13T08:11:24+00:00\" \/>\n<meta property=\"og:image\" content=\"https:\/\/lightweb.dev\/l\/svm-temp\/wp-content\/uploads\/2023\/09\/francisco-salado-2-stor.jpeg\" \/>\n\t<meta property=\"og:image:width\" content=\"1280\" \/>\n\t<meta property=\"og:image:height\" content=\"960\" \/>\n\t<meta property=\"og:image:type\" content=\"image\/jpeg\" \/>\n<meta name=\"author\" content=\"Ola Josefsson\" \/>\n<meta name=\"twitter:card\" content=\"summary_large_image\" \/>\n<meta name=\"twitter:creator\" content=\"@SvenskaMagasine\" \/>\n<meta name=\"twitter:site\" content=\"@SvenskaMagasine\" \/>\n<script type=\"application\/ld+json\" class=\"yoast-schema-graph\">{\"@context\":\"https:\\\/\\\/schema.org\",\"@graph\":[{\"@type\":\"Article\",\"@id\":\"https:\\\/\\\/lightweb.dev\\\/l\\\/svm-temp\\\/artiklar\\\/golf-sport\\\/francisco-salado-spaniens-feministiska-regering-glommer-solheim-cup\\\/#article\",\"isPartOf\":{\"@id\":\"https:\\\/\\\/lightweb.dev\\\/l\\\/svm-temp\\\/artiklar\\\/golf-sport\\\/francisco-salado-spaniens-feministiska-regering-glommer-solheim-cup\\\/\"},\"author\":{\"name\":\"Ola Josefsson\",\"@id\":\"https:\\\/\\\/lightweb.dev\\\/l\\\/svm-temp\\\/#\\\/schema\\\/person\\\/7a82b8a73d171d32360a564b6d03508e\"},\"headline\":\"Francisco Salado: Spaniens feministiska regering gl\u00f6mmer Solheim Cup\",\"datePublished\":\"2023-09-13T08:10:07+00:00\",\"dateModified\":\"2023-09-13T08:11:24+00:00\",\"mainEntityOfPage\":{\"@id\":\"https:\\\/\\\/lightweb.dev\\\/l\\\/svm-temp\\\/artiklar\\\/golf-sport\\\/francisco-salado-spaniens-feministiska-regering-glommer-solheim-cup\\\/\"},\"wordCount\":382,\"commentCount\":1,\"publisher\":{\"@id\":\"https:\\\/\\\/lightweb.dev\\\/l\\\/svm-temp\\\/#organization\"},\"image\":{\"@id\":\"https:\\\/\\\/lightweb.dev\\\/l\\\/svm-temp\\\/artiklar\\\/golf-sport\\\/francisco-salado-spaniens-feministiska-regering-glommer-solheim-cup\\\/#primaryimage\"},\"thumbnailUrl\":\"https:\\\/\\\/lightweb.dev\\\/l\\\/svm-temp\\\/wp-content\\\/uploads\\\/2023\\\/09\\\/francisco-salado-2-stor.jpeg\",\"articleSection\":[\"Nyheter\",\"Sport\"],\"inLanguage\":\"sv-SE\"},{\"@type\":\"WebPage\",\"@id\":\"https:\\\/\\\/lightweb.dev\\\/l\\\/svm-temp\\\/artiklar\\\/golf-sport\\\/francisco-salado-spaniens-feministiska-regering-glommer-solheim-cup\\\/\",\"url\":\"https:\\\/\\\/lightweb.dev\\\/l\\\/svm-temp\\\/artiklar\\\/golf-sport\\\/francisco-salado-spaniens-feministiska-regering-glommer-solheim-cup\\\/\",\"name\":\"Francisco Salado: Spaniens feministiska regering gl\u00f6mmer Solheim Cup - Svenska Magasinet\",\"isPartOf\":{\"@id\":\"https:\\\/\\\/lightweb.dev\\\/l\\\/svm-temp\\\/#website\"},\"primaryImageOfPage\":{\"@id\":\"https:\\\/\\\/lightweb.dev\\\/l\\\/svm-temp\\\/artiklar\\\/golf-sport\\\/francisco-salado-spaniens-feministiska-regering-glommer-solheim-cup\\\/#primaryimage\"},\"image\":{\"@id\":\"https:\\\/\\\/lightweb.dev\\\/l\\\/svm-temp\\\/artiklar\\\/golf-sport\\\/francisco-salado-spaniens-feministiska-regering-glommer-solheim-cup\\\/#primaryimage\"},\"thumbnailUrl\":\"https:\\\/\\\/lightweb.dev\\\/l\\\/svm-temp\\\/wp-content\\\/uploads\\\/2023\\\/09\\\/francisco-salado-2-stor.jpeg\",\"datePublished\":\"2023-09-13T08:10:07+00:00\",\"dateModified\":\"2023-09-13T08:11:24+00:00\",\"description\":\"N\u00e4sta vecka v\u00e4ntar v\u00e4rldens st\u00f6rsta golfshow f\u00f6r damer d\u00e5 Solheim Cup avg\u00f6rs i Casares p\u00e5 v\u00e4stra Costa del Sol. Uppm\u00e4rksamheten \u00e4r stor d\u00e5 Europas b\u00e4sta golfspelare m\u00f6ter USA. Men hos den spanska regeringen har intresset varit svalt i fem \u00e5r.\",\"breadcrumb\":{\"@id\":\"https:\\\/\\\/lightweb.dev\\\/l\\\/svm-temp\\\/artiklar\\\/golf-sport\\\/francisco-salado-spaniens-feministiska-regering-glommer-solheim-cup\\\/#breadcrumb\"},\"inLanguage\":\"sv-SE\",\"potentialAction\":[{\"@type\":\"ReadAction\",\"target\":[\"https:\\\/\\\/lightweb.dev\\\/l\\\/svm-temp\\\/artiklar\\\/golf-sport\\\/francisco-salado-spaniens-feministiska-regering-glommer-solheim-cup\\\/\"]}]},{\"@type\":\"ImageObject\",\"inLanguage\":\"sv-SE\",\"@id\":\"https:\\\/\\\/lightweb.dev\\\/l\\\/svm-temp\\\/artiklar\\\/golf-sport\\\/francisco-salado-spaniens-feministiska-regering-glommer-solheim-cup\\\/#primaryimage\",\"url\":\"https:\\\/\\\/lightweb.dev\\\/l\\\/svm-temp\\\/wp-content\\\/uploads\\\/2023\\\/09\\\/francisco-salado-2-stor.jpeg\",\"contentUrl\":\"https:\\\/\\\/lightweb.dev\\\/l\\\/svm-temp\\\/wp-content\\\/uploads\\\/2023\\\/09\\\/francisco-salado-2-stor.jpeg\",\"width\":1280,\"height\":960,\"caption\":\"Francisco Salado \u00e4r kritisk till regeringens bristande intresse f\u00f6r Solheim Cup\"},{\"@type\":\"BreadcrumbList\",\"@id\":\"https:\\\/\\\/lightweb.dev\\\/l\\\/svm-temp\\\/artiklar\\\/golf-sport\\\/francisco-salado-spaniens-feministiska-regering-glommer-solheim-cup\\\/#breadcrumb\",\"itemListElement\":[{\"@type\":\"ListItem\",\"position\":1,\"name\":\"Hem\",\"item\":\"https:\\\/\\\/lightweb.dev\\\/l\\\/svm-temp\\\/\"},{\"@type\":\"ListItem\",\"position\":2,\"name\":\"Francisco Salado: Spaniens feministiska regering gl\u00f6mmer Solheim Cup\"}]},{\"@type\":\"WebSite\",\"@id\":\"https:\\\/\\\/lightweb.dev\\\/l\\\/svm-temp\\\/#website\",\"url\":\"https:\\\/\\\/lightweb.dev\\\/l\\\/svm-temp\\\/\",\"name\":\"Svenska Magasinet\",\"description\":\"Dina Spanska nyheter p&aring; Svenska\",\"publisher\":{\"@id\":\"https:\\\/\\\/lightweb.dev\\\/l\\\/svm-temp\\\/#organization\"},\"potentialAction\":[{\"@type\":\"SearchAction\",\"target\":{\"@type\":\"EntryPoint\",\"urlTemplate\":\"https:\\\/\\\/lightweb.dev\\\/l\\\/svm-temp\\\/?s={search_term_string}\"},\"query-input\":{\"@type\":\"PropertyValueSpecification\",\"valueRequired\":true,\"valueName\":\"search_term_string\"}}],\"inLanguage\":\"sv-SE\"},{\"@type\":\"Organization\",\"@id\":\"https:\\\/\\\/lightweb.dev\\\/l\\\/svm-temp\\\/#organization\",\"name\":\"Melkerson y Nott SL\",\"alternateName\":\"Svenska Magasinet\",\"url\":\"https:\\\/\\\/lightweb.dev\\\/l\\\/svm-temp\\\/\",\"logo\":{\"@type\":\"ImageObject\",\"inLanguage\":\"sv-SE\",\"@id\":\"https:\\\/\\\/lightweb.dev\\\/l\\\/svm-temp\\\/#\\\/schema\\\/logo\\\/image\\\/\",\"url\":\"https:\\\/\\\/lightweb.dev\\\/l\\\/svm-temp\\\/wp-content\\\/uploads\\\/2025\\\/02\\\/SvM-logo-Xtra-Centrerad-SVART.png\",\"contentUrl\":\"https:\\\/\\\/lightweb.dev\\\/l\\\/svm-temp\\\/wp-content\\\/uploads\\\/2025\\\/02\\\/SvM-logo-Xtra-Centrerad-SVART.png\",\"width\":300,\"height\":99,\"caption\":\"Melkerson y Nott SL\"},\"image\":{\"@id\":\"https:\\\/\\\/lightweb.dev\\\/l\\\/svm-temp\\\/#\\\/schema\\\/logo\\\/image\\\/\"},\"sameAs\":[\"https:\\\/\\\/www.facebook.com\\\/svenskamagasinet\",\"https:\\\/\\\/x.com\\\/SvenskaMagasine\"]},{\"@type\":\"Person\",\"@id\":\"https:\\\/\\\/lightweb.dev\\\/l\\\/svm-temp\\\/#\\\/schema\\\/person\\\/7a82b8a73d171d32360a564b6d03508e\",\"name\":\"Ola Josefsson\",\"description\":\"Bevakar Solkusten och Spanien sedan 1994.\",\"sameAs\":[\"https:\\\/\\\/lightweb.dev\\\/l\\\/svm-temp\"],\"url\":\"https:\\\/\\\/lightweb.dev\\\/l\\\/svm-temp\\\/reporter\\\/ola-josefsson\\\/\"}]}<\/script>\n<!-- \/ Yoast SEO Premium plugin. -->","yoast_head_json":{"title":"Francisco Salado: Spaniens feministiska regering gl\u00f6mmer Solheim Cup - Svenska Magasinet","description":"N\u00e4sta vecka v\u00e4ntar v\u00e4rldens st\u00f6rsta golfshow f\u00f6r damer d\u00e5 Solheim Cup avg\u00f6rs i Casares p\u00e5 v\u00e4stra Costa del Sol. Uppm\u00e4rksamheten \u00e4r stor d\u00e5 Europas b\u00e4sta golfspelare m\u00f6ter USA. Men hos den spanska regeringen har intresset varit svalt i fem \u00e5r.","robots":{"index":"noindex","follow":"follow","max-snippet":"max-snippet:-1","max-image-preview":"max-image-preview:large","max-video-preview":"max-video-preview:-1"},"og_locale":"sv_SE","og_type":"article","og_title":"Francisco Salado: Spaniens feministiska regering gl\u00f6mmer Solheim Cup","og_description":"N\u00e4sta vecka v\u00e4ntar v\u00e4rldens st\u00f6rsta golfshow f\u00f6r damer d\u00e5 Solheim Cup avg\u00f6rs i Casares p\u00e5 v\u00e4stra Costa del Sol. Uppm\u00e4rksamheten \u00e4r stor d\u00e5 Europas b\u00e4sta golfspelare m\u00f6ter USA. Men hos den spanska regeringen har intresset varit svalt i fem \u00e5r.","og_url":"https:\/\/lightweb.dev\/l\/svm-temp\/artiklar\/golf-sport\/francisco-salado-spaniens-feministiska-regering-glommer-solheim-cup\/","og_site_name":"Svenska Magasinet","article_publisher":"https:\/\/www.facebook.com\/svenskamagasinet","article_published_time":"2023-09-13T08:10:07+00:00","article_modified_time":"2023-09-13T08:11:24+00:00","og_image":[{"width":1280,"height":960,"url":"https:\/\/lightweb.dev\/l\/svm-temp\/wp-content\/uploads\/2023\/09\/francisco-salado-2-stor.jpeg","type":"image\/jpeg"}],"author":"Ola Josefsson","twitter_card":"summary_large_image","twitter_creator":"@SvenskaMagasine","twitter_site":"@SvenskaMagasine","schema":{"@context":"https:\/\/schema.org","@graph":[{"@type":"Article","@id":"https:\/\/lightweb.dev\/l\/svm-temp\/artiklar\/golf-sport\/francisco-salado-spaniens-feministiska-regering-glommer-solheim-cup\/#article","isPartOf":{"@id":"https:\/\/lightweb.dev\/l\/svm-temp\/artiklar\/golf-sport\/francisco-salado-spaniens-feministiska-regering-glommer-solheim-cup\/"},"author":{"name":"Ola Josefsson","@id":"https:\/\/lightweb.dev\/l\/svm-temp\/#\/schema\/person\/7a82b8a73d171d32360a564b6d03508e"},"headline":"Francisco Salado: Spaniens feministiska regering gl\u00f6mmer Solheim Cup","datePublished":"2023-09-13T08:10:07+00:00","dateModified":"2023-09-13T08:11:24+00:00","mainEntityOfPage":{"@id":"https:\/\/lightweb.dev\/l\/svm-temp\/artiklar\/golf-sport\/francisco-salado-spaniens-feministiska-regering-glommer-solheim-cup\/"},"wordCount":382,"commentCount":1,"publisher":{"@id":"https:\/\/lightweb.dev\/l\/svm-temp\/#organization"},"image":{"@id":"https:\/\/lightweb.dev\/l\/svm-temp\/artiklar\/golf-sport\/francisco-salado-spaniens-feministiska-regering-glommer-solheim-cup\/#primaryimage"},"thumbnailUrl":"https:\/\/lightweb.dev\/l\/svm-temp\/wp-content\/uploads\/2023\/09\/francisco-salado-2-stor.jpeg","articleSection":["Nyheter","Sport"],"inLanguage":"sv-SE"},{"@type":"WebPage","@id":"https:\/\/lightweb.dev\/l\/svm-temp\/artiklar\/golf-sport\/francisco-salado-spaniens-feministiska-regering-glommer-solheim-cup\/","url":"https:\/\/lightweb.dev\/l\/svm-temp\/artiklar\/golf-sport\/francisco-salado-spaniens-feministiska-regering-glommer-solheim-cup\/","name":"Francisco Salado: Spaniens feministiska regering gl\u00f6mmer Solheim Cup - Svenska Magasinet","isPartOf":{"@id":"https:\/\/lightweb.dev\/l\/svm-temp\/#website"},"primaryImageOfPage":{"@id":"https:\/\/lightweb.dev\/l\/svm-temp\/artiklar\/golf-sport\/francisco-salado-spaniens-feministiska-regering-glommer-solheim-cup\/#primaryimage"},"image":{"@id":"https:\/\/lightweb.dev\/l\/svm-temp\/artiklar\/golf-sport\/francisco-salado-spaniens-feministiska-regering-glommer-solheim-cup\/#primaryimage"},"thumbnailUrl":"https:\/\/lightweb.dev\/l\/svm-temp\/wp-content\/uploads\/2023\/09\/francisco-salado-2-stor.jpeg","datePublished":"2023-09-13T08:10:07+00:00","dateModified":"2023-09-13T08:11:24+00:00","description":"N\u00e4sta vecka v\u00e4ntar v\u00e4rldens st\u00f6rsta golfshow f\u00f6r damer d\u00e5 Solheim Cup avg\u00f6rs i Casares p\u00e5 v\u00e4stra Costa del Sol. Uppm\u00e4rksamheten \u00e4r stor d\u00e5 Europas b\u00e4sta golfspelare m\u00f6ter USA. Men hos den spanska regeringen har intresset varit svalt i fem \u00e5r.","breadcrumb":{"@id":"https:\/\/lightweb.dev\/l\/svm-temp\/artiklar\/golf-sport\/francisco-salado-spaniens-feministiska-regering-glommer-solheim-cup\/#breadcrumb"},"inLanguage":"sv-SE","potentialAction":[{"@type":"ReadAction","target":["https:\/\/lightweb.dev\/l\/svm-temp\/artiklar\/golf-sport\/francisco-salado-spaniens-feministiska-regering-glommer-solheim-cup\/"]}]},{"@type":"ImageObject","inLanguage":"sv-SE","@id":"https:\/\/lightweb.dev\/l\/svm-temp\/artiklar\/golf-sport\/francisco-salado-spaniens-feministiska-regering-glommer-solheim-cup\/#primaryimage","url":"https:\/\/lightweb.dev\/l\/svm-temp\/wp-content\/uploads\/2023\/09\/francisco-salado-2-stor.jpeg","contentUrl":"https:\/\/lightweb.dev\/l\/svm-temp\/wp-content\/uploads\/2023\/09\/francisco-salado-2-stor.jpeg","width":1280,"height":960,"caption":"Francisco Salado \u00e4r kritisk till regeringens bristande intresse f\u00f6r Solheim Cup"},{"@type":"BreadcrumbList","@id":"https:\/\/lightweb.dev\/l\/svm-temp\/artiklar\/golf-sport\/francisco-salado-spaniens-feministiska-regering-glommer-solheim-cup\/#breadcrumb","itemListElement":[{"@type":"ListItem","position":1,"name":"Hem","item":"https:\/\/lightweb.dev\/l\/svm-temp\/"},{"@type":"ListItem","position":2,"name":"Francisco Salado: Spaniens feministiska regering gl\u00f6mmer Solheim Cup"}]},{"@type":"WebSite","@id":"https:\/\/lightweb.dev\/l\/svm-temp\/#website","url":"https:\/\/lightweb.dev\/l\/svm-temp\/","name":"Svenska Magasinet","description":"Dina Spanska nyheter p&aring; Svenska","publisher":{"@id":"https:\/\/lightweb.dev\/l\/svm-temp\/#organization"},"potentialAction":[{"@type":"SearchAction","target":{"@type":"EntryPoint","urlTemplate":"https:\/\/lightweb.dev\/l\/svm-temp\/?s={search_term_string}"},"query-input":{"@type":"PropertyValueSpecification","valueRequired":true,"valueName":"search_term_string"}}],"inLanguage":"sv-SE"},{"@type":"Organization","@id":"https:\/\/lightweb.dev\/l\/svm-temp\/#organization","name":"Melkerson y Nott SL","alternateName":"Svenska Magasinet","url":"https:\/\/lightweb.dev\/l\/svm-temp\/","logo":{"@type":"ImageObject","inLanguage":"sv-SE","@id":"https:\/\/lightweb.dev\/l\/svm-temp\/#\/schema\/logo\/image\/","url":"https:\/\/lightweb.dev\/l\/svm-temp\/wp-content\/uploads\/2025\/02\/SvM-logo-Xtra-Centrerad-SVART.png","contentUrl":"https:\/\/lightweb.dev\/l\/svm-temp\/wp-content\/uploads\/2025\/02\/SvM-logo-Xtra-Centrerad-SVART.png","width":300,"height":99,"caption":"Melkerson y Nott SL"},"image":{"@id":"https:\/\/lightweb.dev\/l\/svm-temp\/#\/schema\/logo\/image\/"},"sameAs":["https:\/\/www.facebook.com\/svenskamagasinet","https:\/\/x.com\/SvenskaMagasine"]},{"@type":"Person","@id":"https:\/\/lightweb.dev\/l\/svm-temp\/#\/schema\/person\/7a82b8a73d171d32360a564b6d03508e","name":"Ola Josefsson","description":"Bevakar Solkusten och Spanien sedan 1994.","sameAs":["https:\/\/lightweb.dev\/l\/svm-temp"],"url":"https:\/\/lightweb.dev\/l\/svm-temp\/reporter\/ola-josefsson\/"}]}},"_links":{"self":[{"href":"https:\/\/lightweb.dev\/l\/svm-temp\/wp-json\/wp\/v2\/posts\/66509","targetHints":{"allow":["GET"]}}],"collection":[{"href":"https:\/\/lightweb.dev\/l\/svm-temp\/wp-json\/wp\/v2\/posts"}],"about":[{"href":"https:\/\/lightweb.dev\/l\/svm-temp\/wp-json\/wp\/v2\/types\/post"}],"author":[{"embeddable":true,"href":"https:\/\/lightweb.dev\/l\/svm-temp\/wp-json\/wp\/v2\/users\/7"}],"replies":[{"embeddable":true,"href":"https:\/\/lightweb.dev\/l\/svm-temp\/wp-json\/wp\/v2\/comments?post=66509"}],"version-history":[{"count":0,"href":"https:\/\/lightweb.dev\/l\/svm-temp\/wp-json\/wp\/v2\/posts\/66509\/revisions"}],"wp:featuredmedia":[{"embeddable":true,"href":"https:\/\/lightweb.dev\/l\/svm-temp\/wp-json\/wp\/v2\/media\/66511"}],"wp:attachment":[{"href":"https:\/\/lightweb.dev\/l\/svm-temp\/wp-json\/wp\/v2\/media?parent=66509"}],"wp:term":[{"taxonomy":"category","embeddable":true,"href":"https:\/\/lightweb.dev\/l\/svm-temp\/wp-json\/wp\/v2\/categories?post=66509"},{"taxonomy":"post_tag","embeddable":true,"href":"https:\/\/lightweb.dev\/l\/svm-temp\/wp-json\/wp\/v2\/tags?post=66509"}],"curies":[{"name":"wp","href":"https:\/\/api.w.org\/{rel}","templated":true}]}}