{"id":66529,"date":"2023-09-13T15:17:15","date_gmt":"2023-09-13T13:17:15","guid":{"rendered":"https:\/\/lightweb.dev\/l\/svm-temp\/?p=66529"},"modified":"2023-09-13T15:17:15","modified_gmt":"2023-09-13T13:17:15","slug":"rubiales-infor-ratta","status":"publish","type":"post","link":"https:\/\/lightweb.dev\/l\/svm-temp\/nyheter\/rubiales-infor-ratta\/","title":{"rendered":"Rubiales inf\u00f6r r\u00e4tta"},"content":{"rendered":"<p><strong>I s\u00f6ndags avgick Luis Rubiales som president f\u00f6r det spanska fotbollsf\u00f6rbundet till f\u00f6ljd av efterspelet till kyssen han delade ut till Jenni Hermoso under VM-guldfirandet i Sydney.\u00a0<\/strong><\/p>\n<p><strong>Nu st\u00e4lls den tidigare presidenten \u00e4ven inf\u00f6r r\u00e4tta.\u00a0<\/strong><\/p>\n<p><span style=\"font-weight: 400;\">Francisco de Jorge, som \u00e4r domare vid Spaniens nationella domstol, har kallat Rubiales f\u00f6r att vittna till sitt f\u00f6rsvar p\u00e5 fredagen den 15 september. Rubiales m\u00e5ste delta i egen person och ska vara p\u00e5 plats fr\u00e5n 12.00 och fram\u00e5t.\u00a0<\/span><\/p>\n<p><span style=\"font-weight: 400;\">I m\u00e5ndags antog domaren \u00e5klagarmyndighetens utredningen mot Rubiales och nu st\u00e5r han \u00e5talad f\u00f6r sexuellt ofredande i samband med firandet av Spaniens VM-guld den 20 augusti tidigare i \u00e5r. F\u00f6rutom den samtyckesl\u00f6sa kyssen p\u00e5 Jenni Hermoso ska hans hantering av situationen som uppkom efter\u00e5t behandlas under r\u00e4ttsprocessen.<\/span><\/p>\n<p><span style=\"font-weight: 400;\">Domare de Jorge har beg\u00e4rt ut allt r\u00f6rligt material fr\u00e5n TV-kanalen RTVE, som bevakade firandet, s\u00e5 att kyssen, minuterna innan den och direkt efter kan analyseras fr\u00e5n alla vinklar. Dessutom ska en video som publicerades av El Pais som visar lagets firande i omkl\u00e4dningsrummet samt en omtalad video fr\u00e5n spelarbussen efter firandet granskas. I Rubiales l\u00e4ger hoppas man att den senare ska vara till hans f\u00f6rdel d\u00e5 den visar en avslappnad attityd till h\u00e4ndelsen fr\u00e5n Hermoso och flera av de andra spelarna.\u00a0<\/span><\/p>\n<h2><span style=\"font-weight: 400;\">Riskerar fyra \u00e5rs f\u00e4ngelse<\/span><\/h2>\n<p><span style=\"font-weight: 400;\">Om Rubiales blir d\u00f6md kan han f\u00e5 f\u00e4ngelse i mellan ett och fyra \u00e5r. Skulle han d\u00f6mas till ett \u00e5r kan dock f\u00e4ngelsetiden ers\u00e4ttas med kraftiga b\u00f6ter.<\/span><\/p>\n<p><span style=\"font-weight: 400;\">\u00c5klagarmyndigheten anser att Rubiales gjort sig skyldig till tv\u00e5 \u00f6vergrepp under firandet. Delvis kyssen men ocks\u00e5 s\u00e4ttet han greppade Hermosos huvud i samband med den. Ut\u00f6ver det kommer det \u00e4ven att avhandlas om Rubiales gjort sig skyldig till olovliga p\u00e5tryckningar mot Hermoso efter kyssen. \u00c5klagarna s\u00e4ger att \u201cHermoso och hennes familj har drabbats av konstanta och upprepade p\u00e5tryckningar fr\u00e5n Rubiales och personer i hans n\u00e4rhet\u201d. M\u00e5let med dessa ska ha varit att f\u00e5 Hermoso att g\u00e5 ut och \u201coffentligt r\u00e4ttf\u00e4rdiga och godk\u00e4nna handlingen som skedde mot hennes vilja.\u201d\u00a0<\/span><\/p>\n<p><span style=\"font-weight: 400;\">Enligt \u00e5klagarna ska Rubiales redan p\u00e5 planet hem till Spanien ha f\u00f6rs\u00f6kt f\u00e5 Hermoso att st\u00e4lla upp p\u00e5 ett filmklipp. Tanken med klippet var att han skulle be henne om urs\u00e4kt f\u00f6r h\u00e4ndelsen och att hon skulle f\u00f6rl\u00e5ta honom. Det p\u00e5st\u00e5s att han d\u00e5 ska ha bett Hermoso st\u00e4lla upp p\u00e5 videon f\u00f6r hans d\u00f6ttrars skull. Hermoso v\u00e4grade medverka i n\u00e5gon s\u00e5dan inspelning.\u00a0<\/span><\/p>\n","protected":false},"excerpt":{"rendered":"<p>I s\u00f6ndags avgick Luis Rubiales som president f\u00f6r det spanska fotbollsf\u00f6rbundet till f\u00f6ljd av efterspelet till kyssen han delade ut till Jenni Hermoso under VM-guldfirandet i Sydney.\u00a0<\/p>\n<p>Nu st\u00e4lls den tidigare presidenten \u00e4ven inf\u00f6r r\u00e4tta.\u00a0<\/p>\n","protected":false},"author":14,"featured_media":66390,"comment_status":"open","ping_status":"closed","sticky":false,"template":"","format":"standard","meta":{"_et_pb_use_builder":"","_et_pb_old_content":"","_et_gb_content_width":"","footnotes":""},"categories":[3,352],"tags":[],"class_list":["post-66529","post","type-post","status-publish","format-standard","has-post-thumbnail","hentry","category-nyheter","category-sport"],"yoast_head":"<!-- This site is optimized with the Yoast SEO Premium plugin v26.2 (Yoast SEO v27.4) - https:\/\/yoast.com\/product\/yoast-seo-premium-wordpress\/ -->\n<title>Rubiales inf\u00f6r r\u00e4tta - Svenska Magasinet<\/title>\n<meta name=\"robots\" content=\"noindex, follow, max-snippet:-1, max-image-preview:large, max-video-preview:-1\" \/>\n<meta property=\"og:locale\" content=\"sv_SE\" \/>\n<meta property=\"og:type\" content=\"article\" \/>\n<meta property=\"og:title\" content=\"Rubiales inf\u00f6r r\u00e4tta\" \/>\n<meta property=\"og:description\" content=\"I s\u00f6ndags avgick Luis Rubiales som president f\u00f6r det spanska fotbollsf\u00f6rbundet till f\u00f6ljd av efterspelet till kyssen han delade ut till Jenni Hermoso under VM-guldfirandet i Sydney.\u00a0  Nu st\u00e4lls den tidigare presidenten \u00e4ven inf\u00f6r r\u00e4tta.\u00a0\" \/>\n<meta property=\"og:url\" content=\"https:\/\/lightweb.dev\/l\/svm-temp\/nyheter\/rubiales-infor-ratta\/\" \/>\n<meta property=\"og:site_name\" content=\"Svenska Magasinet\" \/>\n<meta property=\"article:publisher\" content=\"https:\/\/www.facebook.com\/svenskamagasinet\" \/>\n<meta property=\"article:published_time\" content=\"2023-09-13T13:17:15+00:00\" \/>\n<meta property=\"og:image\" content=\"https:\/\/lightweb.dev\/l\/svm-temp\/wp-content\/uploads\/2023\/09\/Screenshot_20230911_123518_X.jpg\" \/>\n\t<meta property=\"og:image:width\" content=\"922\" \/>\n\t<meta property=\"og:image:height\" content=\"586\" \/>\n\t<meta property=\"og:image:type\" content=\"image\/jpeg\" \/>\n<meta name=\"author\" content=\"Robbie Eriksson\" \/>\n<meta name=\"twitter:card\" content=\"summary_large_image\" \/>\n<meta name=\"twitter:creator\" content=\"@SvenskaMagasine\" \/>\n<meta name=\"twitter:site\" content=\"@SvenskaMagasine\" \/>\n<script type=\"application\/ld+json\" class=\"yoast-schema-graph\">{\"@context\":\"https:\\\/\\\/schema.org\",\"@graph\":[{\"@type\":\"Article\",\"@id\":\"https:\\\/\\\/lightweb.dev\\\/l\\\/svm-temp\\\/nyheter\\\/rubiales-infor-ratta\\\/#article\",\"isPartOf\":{\"@id\":\"https:\\\/\\\/lightweb.dev\\\/l\\\/svm-temp\\\/nyheter\\\/rubiales-infor-ratta\\\/\"},\"author\":{\"name\":\"Robbie Eriksson\",\"@id\":\"https:\\\/\\\/lightweb.dev\\\/l\\\/svm-temp\\\/#\\\/schema\\\/person\\\/caffe038990d25722f5a04a03c906a2b\"},\"headline\":\"Rubiales inf\u00f6r r\u00e4tta\",\"datePublished\":\"2023-09-13T13:17:15+00:00\",\"mainEntityOfPage\":{\"@id\":\"https:\\\/\\\/lightweb.dev\\\/l\\\/svm-temp\\\/nyheter\\\/rubiales-infor-ratta\\\/\"},\"wordCount\":450,\"commentCount\":1,\"publisher\":{\"@id\":\"https:\\\/\\\/lightweb.dev\\\/l\\\/svm-temp\\\/#organization\"},\"image\":{\"@id\":\"https:\\\/\\\/lightweb.dev\\\/l\\\/svm-temp\\\/nyheter\\\/rubiales-infor-ratta\\\/#primaryimage\"},\"thumbnailUrl\":\"https:\\\/\\\/lightweb.dev\\\/l\\\/svm-temp\\\/wp-content\\\/uploads\\\/2023\\\/09\\\/Screenshot_20230911_123518_X.jpg\",\"articleSection\":[\"Nyheter\",\"Sport\"],\"inLanguage\":\"sv-SE\"},{\"@type\":\"WebPage\",\"@id\":\"https:\\\/\\\/lightweb.dev\\\/l\\\/svm-temp\\\/nyheter\\\/rubiales-infor-ratta\\\/\",\"url\":\"https:\\\/\\\/lightweb.dev\\\/l\\\/svm-temp\\\/nyheter\\\/rubiales-infor-ratta\\\/\",\"name\":\"Rubiales inf\u00f6r r\u00e4tta - Svenska Magasinet\",\"isPartOf\":{\"@id\":\"https:\\\/\\\/lightweb.dev\\\/l\\\/svm-temp\\\/#website\"},\"primaryImageOfPage\":{\"@id\":\"https:\\\/\\\/lightweb.dev\\\/l\\\/svm-temp\\\/nyheter\\\/rubiales-infor-ratta\\\/#primaryimage\"},\"image\":{\"@id\":\"https:\\\/\\\/lightweb.dev\\\/l\\\/svm-temp\\\/nyheter\\\/rubiales-infor-ratta\\\/#primaryimage\"},\"thumbnailUrl\":\"https:\\\/\\\/lightweb.dev\\\/l\\\/svm-temp\\\/wp-content\\\/uploads\\\/2023\\\/09\\\/Screenshot_20230911_123518_X.jpg\",\"datePublished\":\"2023-09-13T13:17:15+00:00\",\"breadcrumb\":{\"@id\":\"https:\\\/\\\/lightweb.dev\\\/l\\\/svm-temp\\\/nyheter\\\/rubiales-infor-ratta\\\/#breadcrumb\"},\"inLanguage\":\"sv-SE\",\"potentialAction\":[{\"@type\":\"ReadAction\",\"target\":[\"https:\\\/\\\/lightweb.dev\\\/l\\\/svm-temp\\\/nyheter\\\/rubiales-infor-ratta\\\/\"]}]},{\"@type\":\"ImageObject\",\"inLanguage\":\"sv-SE\",\"@id\":\"https:\\\/\\\/lightweb.dev\\\/l\\\/svm-temp\\\/nyheter\\\/rubiales-infor-ratta\\\/#primaryimage\",\"url\":\"https:\\\/\\\/lightweb.dev\\\/l\\\/svm-temp\\\/wp-content\\\/uploads\\\/2023\\\/09\\\/Screenshot_20230911_123518_X.jpg\",\"contentUrl\":\"https:\\\/\\\/lightweb.dev\\\/l\\\/svm-temp\\\/wp-content\\\/uploads\\\/2023\\\/09\\\/Screenshot_20230911_123518_X.jpg\",\"width\":922,\"height\":586,\"caption\":\"Luis Rubiales ska upp i r\u00e4tten denna fredag.\"},{\"@type\":\"BreadcrumbList\",\"@id\":\"https:\\\/\\\/lightweb.dev\\\/l\\\/svm-temp\\\/nyheter\\\/rubiales-infor-ratta\\\/#breadcrumb\",\"itemListElement\":[{\"@type\":\"ListItem\",\"position\":1,\"name\":\"Hem\",\"item\":\"https:\\\/\\\/lightweb.dev\\\/l\\\/svm-temp\\\/\"},{\"@type\":\"ListItem\",\"position\":2,\"name\":\"Rubiales inf\u00f6r r\u00e4tta\"}]},{\"@type\":\"WebSite\",\"@id\":\"https:\\\/\\\/lightweb.dev\\\/l\\\/svm-temp\\\/#website\",\"url\":\"https:\\\/\\\/lightweb.dev\\\/l\\\/svm-temp\\\/\",\"name\":\"Svenska Magasinet\",\"description\":\"Dina Spanska nyheter p&aring; Svenska\",\"publisher\":{\"@id\":\"https:\\\/\\\/lightweb.dev\\\/l\\\/svm-temp\\\/#organization\"},\"potentialAction\":[{\"@type\":\"SearchAction\",\"target\":{\"@type\":\"EntryPoint\",\"urlTemplate\":\"https:\\\/\\\/lightweb.dev\\\/l\\\/svm-temp\\\/?s={search_term_string}\"},\"query-input\":{\"@type\":\"PropertyValueSpecification\",\"valueRequired\":true,\"valueName\":\"search_term_string\"}}],\"inLanguage\":\"sv-SE\"},{\"@type\":\"Organization\",\"@id\":\"https:\\\/\\\/lightweb.dev\\\/l\\\/svm-temp\\\/#organization\",\"name\":\"Melkerson y Nott SL\",\"alternateName\":\"Svenska Magasinet\",\"url\":\"https:\\\/\\\/lightweb.dev\\\/l\\\/svm-temp\\\/\",\"logo\":{\"@type\":\"ImageObject\",\"inLanguage\":\"sv-SE\",\"@id\":\"https:\\\/\\\/lightweb.dev\\\/l\\\/svm-temp\\\/#\\\/schema\\\/logo\\\/image\\\/\",\"url\":\"https:\\\/\\\/lightweb.dev\\\/l\\\/svm-temp\\\/wp-content\\\/uploads\\\/2025\\\/02\\\/SvM-logo-Xtra-Centrerad-SVART.png\",\"contentUrl\":\"https:\\\/\\\/lightweb.dev\\\/l\\\/svm-temp\\\/wp-content\\\/uploads\\\/2025\\\/02\\\/SvM-logo-Xtra-Centrerad-SVART.png\",\"width\":300,\"height\":99,\"caption\":\"Melkerson y Nott SL\"},\"image\":{\"@id\":\"https:\\\/\\\/lightweb.dev\\\/l\\\/svm-temp\\\/#\\\/schema\\\/logo\\\/image\\\/\"},\"sameAs\":[\"https:\\\/\\\/www.facebook.com\\\/svenskamagasinet\",\"https:\\\/\\\/x.com\\\/SvenskaMagasine\"]},{\"@type\":\"Person\",\"@id\":\"https:\\\/\\\/lightweb.dev\\\/l\\\/svm-temp\\\/#\\\/schema\\\/person\\\/caffe038990d25722f5a04a03c906a2b\",\"name\":\"Robbie Eriksson\",\"sameAs\":[\"https:\\\/\\\/lightweb.dev\\\/l\\\/svm-temp\"],\"url\":\"https:\\\/\\\/lightweb.dev\\\/l\\\/svm-temp\\\/reporter\\\/robbie-eriksson\\\/\"}]}<\/script>\n<!-- \/ Yoast SEO Premium plugin. -->","yoast_head_json":{"title":"Rubiales inf\u00f6r r\u00e4tta - Svenska Magasinet","robots":{"index":"noindex","follow":"follow","max-snippet":"max-snippet:-1","max-image-preview":"max-image-preview:large","max-video-preview":"max-video-preview:-1"},"og_locale":"sv_SE","og_type":"article","og_title":"Rubiales inf\u00f6r r\u00e4tta","og_description":"I s\u00f6ndags avgick Luis Rubiales som president f\u00f6r det spanska fotbollsf\u00f6rbundet till f\u00f6ljd av efterspelet till kyssen han delade ut till Jenni Hermoso under VM-guldfirandet i Sydney.\u00a0  Nu st\u00e4lls den tidigare presidenten \u00e4ven inf\u00f6r r\u00e4tta.\u00a0","og_url":"https:\/\/lightweb.dev\/l\/svm-temp\/nyheter\/rubiales-infor-ratta\/","og_site_name":"Svenska Magasinet","article_publisher":"https:\/\/www.facebook.com\/svenskamagasinet","article_published_time":"2023-09-13T13:17:15+00:00","og_image":[{"width":922,"height":586,"url":"https:\/\/lightweb.dev\/l\/svm-temp\/wp-content\/uploads\/2023\/09\/Screenshot_20230911_123518_X.jpg","type":"image\/jpeg"}],"author":"Robbie Eriksson","twitter_card":"summary_large_image","twitter_creator":"@SvenskaMagasine","twitter_site":"@SvenskaMagasine","schema":{"@context":"https:\/\/schema.org","@graph":[{"@type":"Article","@id":"https:\/\/lightweb.dev\/l\/svm-temp\/nyheter\/rubiales-infor-ratta\/#article","isPartOf":{"@id":"https:\/\/lightweb.dev\/l\/svm-temp\/nyheter\/rubiales-infor-ratta\/"},"author":{"name":"Robbie Eriksson","@id":"https:\/\/lightweb.dev\/l\/svm-temp\/#\/schema\/person\/caffe038990d25722f5a04a03c906a2b"},"headline":"Rubiales inf\u00f6r r\u00e4tta","datePublished":"2023-09-13T13:17:15+00:00","mainEntityOfPage":{"@id":"https:\/\/lightweb.dev\/l\/svm-temp\/nyheter\/rubiales-infor-ratta\/"},"wordCount":450,"commentCount":1,"publisher":{"@id":"https:\/\/lightweb.dev\/l\/svm-temp\/#organization"},"image":{"@id":"https:\/\/lightweb.dev\/l\/svm-temp\/nyheter\/rubiales-infor-ratta\/#primaryimage"},"thumbnailUrl":"https:\/\/lightweb.dev\/l\/svm-temp\/wp-content\/uploads\/2023\/09\/Screenshot_20230911_123518_X.jpg","articleSection":["Nyheter","Sport"],"inLanguage":"sv-SE"},{"@type":"WebPage","@id":"https:\/\/lightweb.dev\/l\/svm-temp\/nyheter\/rubiales-infor-ratta\/","url":"https:\/\/lightweb.dev\/l\/svm-temp\/nyheter\/rubiales-infor-ratta\/","name":"Rubiales inf\u00f6r r\u00e4tta - Svenska Magasinet","isPartOf":{"@id":"https:\/\/lightweb.dev\/l\/svm-temp\/#website"},"primaryImageOfPage":{"@id":"https:\/\/lightweb.dev\/l\/svm-temp\/nyheter\/rubiales-infor-ratta\/#primaryimage"},"image":{"@id":"https:\/\/lightweb.dev\/l\/svm-temp\/nyheter\/rubiales-infor-ratta\/#primaryimage"},"thumbnailUrl":"https:\/\/lightweb.dev\/l\/svm-temp\/wp-content\/uploads\/2023\/09\/Screenshot_20230911_123518_X.jpg","datePublished":"2023-09-13T13:17:15+00:00","breadcrumb":{"@id":"https:\/\/lightweb.dev\/l\/svm-temp\/nyheter\/rubiales-infor-ratta\/#breadcrumb"},"inLanguage":"sv-SE","potentialAction":[{"@type":"ReadAction","target":["https:\/\/lightweb.dev\/l\/svm-temp\/nyheter\/rubiales-infor-ratta\/"]}]},{"@type":"ImageObject","inLanguage":"sv-SE","@id":"https:\/\/lightweb.dev\/l\/svm-temp\/nyheter\/rubiales-infor-ratta\/#primaryimage","url":"https:\/\/lightweb.dev\/l\/svm-temp\/wp-content\/uploads\/2023\/09\/Screenshot_20230911_123518_X.jpg","contentUrl":"https:\/\/lightweb.dev\/l\/svm-temp\/wp-content\/uploads\/2023\/09\/Screenshot_20230911_123518_X.jpg","width":922,"height":586,"caption":"Luis Rubiales ska upp i r\u00e4tten denna fredag."},{"@type":"BreadcrumbList","@id":"https:\/\/lightweb.dev\/l\/svm-temp\/nyheter\/rubiales-infor-ratta\/#breadcrumb","itemListElement":[{"@type":"ListItem","position":1,"name":"Hem","item":"https:\/\/lightweb.dev\/l\/svm-temp\/"},{"@type":"ListItem","position":2,"name":"Rubiales inf\u00f6r r\u00e4tta"}]},{"@type":"WebSite","@id":"https:\/\/lightweb.dev\/l\/svm-temp\/#website","url":"https:\/\/lightweb.dev\/l\/svm-temp\/","name":"Svenska Magasinet","description":"Dina Spanska nyheter p&aring; Svenska","publisher":{"@id":"https:\/\/lightweb.dev\/l\/svm-temp\/#organization"},"potentialAction":[{"@type":"SearchAction","target":{"@type":"EntryPoint","urlTemplate":"https:\/\/lightweb.dev\/l\/svm-temp\/?s={search_term_string}"},"query-input":{"@type":"PropertyValueSpecification","valueRequired":true,"valueName":"search_term_string"}}],"inLanguage":"sv-SE"},{"@type":"Organization","@id":"https:\/\/lightweb.dev\/l\/svm-temp\/#organization","name":"Melkerson y Nott SL","alternateName":"Svenska Magasinet","url":"https:\/\/lightweb.dev\/l\/svm-temp\/","logo":{"@type":"ImageObject","inLanguage":"sv-SE","@id":"https:\/\/lightweb.dev\/l\/svm-temp\/#\/schema\/logo\/image\/","url":"https:\/\/lightweb.dev\/l\/svm-temp\/wp-content\/uploads\/2025\/02\/SvM-logo-Xtra-Centrerad-SVART.png","contentUrl":"https:\/\/lightweb.dev\/l\/svm-temp\/wp-content\/uploads\/2025\/02\/SvM-logo-Xtra-Centrerad-SVART.png","width":300,"height":99,"caption":"Melkerson y Nott SL"},"image":{"@id":"https:\/\/lightweb.dev\/l\/svm-temp\/#\/schema\/logo\/image\/"},"sameAs":["https:\/\/www.facebook.com\/svenskamagasinet","https:\/\/x.com\/SvenskaMagasine"]},{"@type":"Person","@id":"https:\/\/lightweb.dev\/l\/svm-temp\/#\/schema\/person\/caffe038990d25722f5a04a03c906a2b","name":"Robbie Eriksson","sameAs":["https:\/\/lightweb.dev\/l\/svm-temp"],"url":"https:\/\/lightweb.dev\/l\/svm-temp\/reporter\/robbie-eriksson\/"}]}},"_links":{"self":[{"href":"https:\/\/lightweb.dev\/l\/svm-temp\/wp-json\/wp\/v2\/posts\/66529","targetHints":{"allow":["GET"]}}],"collection":[{"href":"https:\/\/lightweb.dev\/l\/svm-temp\/wp-json\/wp\/v2\/posts"}],"about":[{"href":"https:\/\/lightweb.dev\/l\/svm-temp\/wp-json\/wp\/v2\/types\/post"}],"author":[{"embeddable":true,"href":"https:\/\/lightweb.dev\/l\/svm-temp\/wp-json\/wp\/v2\/users\/14"}],"replies":[{"embeddable":true,"href":"https:\/\/lightweb.dev\/l\/svm-temp\/wp-json\/wp\/v2\/comments?post=66529"}],"version-history":[{"count":0,"href":"https:\/\/lightweb.dev\/l\/svm-temp\/wp-json\/wp\/v2\/posts\/66529\/revisions"}],"wp:featuredmedia":[{"embeddable":true,"href":"https:\/\/lightweb.dev\/l\/svm-temp\/wp-json\/wp\/v2\/media\/66390"}],"wp:attachment":[{"href":"https:\/\/lightweb.dev\/l\/svm-temp\/wp-json\/wp\/v2\/media?parent=66529"}],"wp:term":[{"taxonomy":"category","embeddable":true,"href":"https:\/\/lightweb.dev\/l\/svm-temp\/wp-json\/wp\/v2\/categories?post=66529"},{"taxonomy":"post_tag","embeddable":true,"href":"https:\/\/lightweb.dev\/l\/svm-temp\/wp-json\/wp\/v2\/tags?post=66529"}],"curies":[{"name":"wp","href":"https:\/\/api.w.org\/{rel}","templated":true}]}}