{"id":66633,"date":"2023-09-19T13:47:06","date_gmt":"2023-09-19T11:47:06","guid":{"rendered":"https:\/\/lightweb.dev\/l\/svm-temp\/?p=66633"},"modified":"2023-09-20T18:54:54","modified_gmt":"2023-09-20T16:54:54","slug":"nya-utmaningar-for-albert-holm","status":"publish","type":"post","link":"https:\/\/lightweb.dev\/l\/svm-temp\/nyheter\/nya-utmaningar-for-albert-holm\/","title":{"rendered":"Nya utmaningar f\u00f6r Albert Holm"},"content":{"rendered":"<p><strong>Den lovande svenska m\u00e5lvakten har hunnit fylla 20 \u00e5r och tar nu n\u00e4sta steg i karri\u00e4ren. <\/strong><\/p>\n<p><strong>Inf\u00f6r s\u00e4songen skrev han p\u00e5 ett A-lagskontrakt med Antequera CF efter spelat med Malagas C-lag.\u00a0<\/strong><\/p>\n<p><span style=\"font-weight: 400;\">Sommaren har som vanligt pr\u00e4glats av fotboll och tr\u00e4ning f\u00f6r Alberts del.\u00a0<\/span><\/p>\n<p><span style=\"font-weight: 400;\">&#8211; Jag har inte gjort n\u00e5gonting annat egentligen. Bara k\u00f6rt p\u00e5. Jag hade en och en halv m\u00e5nad ledigt n\u00e4r jag var mellan klubbar men d\u00e5 k\u00f6rde jag p\u00e5 egen hand f\u00f6r att komma v\u00e4l f\u00f6rberedd inf\u00f6r h\u00f6sten.\u00a0\u00a0<\/span><\/p>\n<p><span style=\"font-weight: 400;\">Under sommaren har han haft m\u00f6jlighet att tr\u00e4na med flera stora namn som semestrat i Marbella. D\u00e4ribland Chelseas ivorianske anfallare David Fofana, som just nu \u00e4r utl\u00e5nad till tyska Union Berlin. Tyler Roberts som spelar f\u00f6r Birmingham F. C. Samt en handfull spelare fr\u00e5n den tyska ligan.\u00a0<\/span><\/p>\n<p><span style=\"font-weight: 400;\">Det fanns n\u00e5gra alternativ f\u00f6r Albert under sommaren. Bland annat visade Tyska Hamburger SV intresse men han k\u00e4nde att det inte riktigt var l\u00e4ge att flytta fr\u00e5n Spanien \u00e4nnu och tog det lugnt i v\u00e4ntan p\u00e5 n\u00e5got som k\u00e4ndes r\u00e4tt. Mot slutet av sommaren ringde Antequeras m\u00e5lvaktstr\u00e4nare. De k\u00e4nner varandra sedan tidigare d\u00e5 Albert k\u00f6rde en del pass med honom p\u00e5 fritiden i Marbella.\u00a0<\/span><\/p>\n<p><span style=\"font-weight: 400;\">&#8211; Han vet hur han ska f\u00e5 ut max av mig. N\u00e4r han s\u00e5g att mitt kontrakt med Malaga hade l\u00f6pt ut ringde han upp mig och jag tvekade inte. Projektet k\u00e4nns helt r\u00e4tt. Det \u00e4r en klubb som tar in unga spelare med m\u00e5let att s\u00e4lja dem vidare. Det \u00e4r m\u00e5nga \u00e4ldre spelare i ligan men just Antequera har m\u00e5nga yngre.\u00a0\u00a0<\/span><\/p>\n<p><span style=\"font-weight: 400;\">Under sin tid i M\u00e1laga CF vaktade han m\u00e5let i C-laget. Under det sista \u00e5ret spelade han 28 matcher och sl\u00e4ppte endast in 15 m\u00e5l, vilket var b\u00e4st bland m\u00e5lvakterna i ligan. I Antequera v\u00e4ntar A-lagsspel f\u00f6r Albert. <\/span><\/p>\n<p><span style=\"font-weight: 400;\">&#8211; Jag kan inte spela i B eller C-laget nu n\u00e4r jag har A-lagskontrakt. Just nu \u00e4r jag tredjem\u00e5lvakt men ska k\u00e4mpa h\u00e5rt f\u00f6r att bli nummer ett. M\u00e5let med s\u00e4songen \u00e4r att f\u00e5 s\u00e5 mycket speltid som m\u00f6jligt.\u00a0<\/span><\/p>\n<p><span style=\"font-weight: 400;\">Albert har tr\u00e4nat med laget i ungef\u00e4r en m\u00e5nad och beskriver tr\u00e4ningarna som h\u00e5rda. Antequera spelar fr\u00e5n den h\u00e4r s\u00e4songen i <\/span><span style=\"font-weight: 400;\">Primera Federaci\u00f3n, den spanska tredjeligan, efter att ha tagit steget upp fr\u00e5n fj\u00e4rde divisionen f\u00f6rra s\u00e4songen. I den kommer de att m\u00f6ta Alberts f\u00f6rra klubb <\/span><span style=\"font-weight: 400;\">M\u00e1laga CF.\u00a0<\/span><\/p>\n<p><span style=\"font-weight: 400;\">Att m\u00f6ta sin gamla klubb kommer att bli en ny erfarenhet.\u00a0<\/span><\/p>\n<p><span style=\"font-weight: 400;\">&#8211; Det blir kanske lite konstigt men det k\u00e4nns kul och inspirerande. Jag utvecklades mycket i M\u00e1laga och hade en j\u00e4ttebra tid d\u00e4r. D\u00e4r det b\u00e4sta minnet var n\u00e4r vi vann ligan med C-laget under mitt sista \u00e5r. Man f\u00e5r respektera att M\u00e1laga \u00e4r en toppklubb i den h\u00e4r serien men Antequera \u00e4r p\u00e5 v\u00e4g upp.\u00a0<\/span><\/p>\n<p>&nbsp;<\/p>\n","protected":false},"excerpt":{"rendered":"<p>Den lovande svenska m\u00e5lvakten har hunnit fylla 20 \u00e5r och tar nu n\u00e4sta steg i karri\u00e4ren.<\/p>\n<p>Inf\u00f6r s\u00e4songen skrev han p\u00e5 ett A-lagskontrakt med Antequera CF efter spelat med Malagas C-lag.\u00a0<\/p>\n","protected":false},"author":14,"featured_media":66635,"comment_status":"open","ping_status":"closed","sticky":false,"template":"","format":"standard","meta":{"_et_pb_use_builder":"","_et_pb_old_content":"","_et_gb_content_width":"","footnotes":""},"categories":[395,3],"tags":[],"class_list":["post-66633","post","type-post","status-publish","format-standard","has-post-thumbnail","hentry","category-arkiv-nyheter","category-nyheter"],"yoast_head":"<!-- This site is optimized with the Yoast SEO Premium plugin v26.2 (Yoast SEO v27.4) - https:\/\/yoast.com\/product\/yoast-seo-premium-wordpress\/ -->\n<title>Nya utmaningar f\u00f6r Albert Holm - Svenska Magasinet<\/title>\n<meta name=\"robots\" content=\"noindex, follow, max-snippet:-1, max-image-preview:large, max-video-preview:-1\" \/>\n<meta property=\"og:locale\" content=\"sv_SE\" \/>\n<meta property=\"og:type\" content=\"article\" \/>\n<meta property=\"og:title\" content=\"Nya utmaningar f\u00f6r Albert Holm\" \/>\n<meta property=\"og:description\" content=\"Den lovande svenska m\u00e5lvakten har hunnit fylla 20 \u00e5r och tar nu n\u00e4sta steg i karri\u00e4ren.  Inf\u00f6r s\u00e4songen skrev han p\u00e5 ett A-lagskontrakt med Antequera CF efter spelat med Malagas C-lag.\u00a0\" \/>\n<meta property=\"og:url\" content=\"https:\/\/lightweb.dev\/l\/svm-temp\/nyheter\/nya-utmaningar-for-albert-holm\/\" \/>\n<meta property=\"og:site_name\" content=\"Svenska Magasinet\" \/>\n<meta property=\"article:publisher\" content=\"https:\/\/www.facebook.com\/svenskamagasinet\" \/>\n<meta property=\"article:published_time\" content=\"2023-09-19T11:47:06+00:00\" \/>\n<meta property=\"article:modified_time\" content=\"2023-09-20T16:54:54+00:00\" \/>\n<meta property=\"og:image\" content=\"https:\/\/lightweb.dev\/l\/svm-temp\/wp-content\/uploads\/2023\/09\/Screenshot_20230919_123948_Instagram.jpg\" \/>\n\t<meta property=\"og:image:width\" content=\"1080\" \/>\n\t<meta property=\"og:image:height\" content=\"674\" \/>\n\t<meta property=\"og:image:type\" content=\"image\/jpeg\" \/>\n<meta name=\"author\" content=\"Robbie Eriksson\" \/>\n<meta name=\"twitter:card\" content=\"summary_large_image\" \/>\n<meta name=\"twitter:creator\" content=\"@SvenskaMagasine\" \/>\n<meta name=\"twitter:site\" content=\"@SvenskaMagasine\" \/>\n<script type=\"application\/ld+json\" class=\"yoast-schema-graph\">{\"@context\":\"https:\\\/\\\/schema.org\",\"@graph\":[{\"@type\":\"Article\",\"@id\":\"https:\\\/\\\/lightweb.dev\\\/l\\\/svm-temp\\\/nyheter\\\/nya-utmaningar-for-albert-holm\\\/#article\",\"isPartOf\":{\"@id\":\"https:\\\/\\\/lightweb.dev\\\/l\\\/svm-temp\\\/nyheter\\\/nya-utmaningar-for-albert-holm\\\/\"},\"author\":{\"name\":\"Robbie Eriksson\",\"@id\":\"https:\\\/\\\/lightweb.dev\\\/l\\\/svm-temp\\\/#\\\/schema\\\/person\\\/caffe038990d25722f5a04a03c906a2b\"},\"headline\":\"Nya utmaningar f\u00f6r Albert Holm\",\"datePublished\":\"2023-09-19T11:47:06+00:00\",\"dateModified\":\"2023-09-20T16:54:54+00:00\",\"mainEntityOfPage\":{\"@id\":\"https:\\\/\\\/lightweb.dev\\\/l\\\/svm-temp\\\/nyheter\\\/nya-utmaningar-for-albert-holm\\\/\"},\"wordCount\":540,\"commentCount\":1,\"publisher\":{\"@id\":\"https:\\\/\\\/lightweb.dev\\\/l\\\/svm-temp\\\/#organization\"},\"image\":{\"@id\":\"https:\\\/\\\/lightweb.dev\\\/l\\\/svm-temp\\\/nyheter\\\/nya-utmaningar-for-albert-holm\\\/#primaryimage\"},\"thumbnailUrl\":\"https:\\\/\\\/lightweb.dev\\\/l\\\/svm-temp\\\/wp-content\\\/uploads\\\/2023\\\/09\\\/Screenshot_20230919_123948_Instagram.jpg\",\"articleSection\":[\"Arkiv\",\"Nyheter\"],\"inLanguage\":\"sv-SE\"},{\"@type\":\"WebPage\",\"@id\":\"https:\\\/\\\/lightweb.dev\\\/l\\\/svm-temp\\\/nyheter\\\/nya-utmaningar-for-albert-holm\\\/\",\"url\":\"https:\\\/\\\/lightweb.dev\\\/l\\\/svm-temp\\\/nyheter\\\/nya-utmaningar-for-albert-holm\\\/\",\"name\":\"Nya utmaningar f\u00f6r Albert Holm - Svenska Magasinet\",\"isPartOf\":{\"@id\":\"https:\\\/\\\/lightweb.dev\\\/l\\\/svm-temp\\\/#website\"},\"primaryImageOfPage\":{\"@id\":\"https:\\\/\\\/lightweb.dev\\\/l\\\/svm-temp\\\/nyheter\\\/nya-utmaningar-for-albert-holm\\\/#primaryimage\"},\"image\":{\"@id\":\"https:\\\/\\\/lightweb.dev\\\/l\\\/svm-temp\\\/nyheter\\\/nya-utmaningar-for-albert-holm\\\/#primaryimage\"},\"thumbnailUrl\":\"https:\\\/\\\/lightweb.dev\\\/l\\\/svm-temp\\\/wp-content\\\/uploads\\\/2023\\\/09\\\/Screenshot_20230919_123948_Instagram.jpg\",\"datePublished\":\"2023-09-19T11:47:06+00:00\",\"dateModified\":\"2023-09-20T16:54:54+00:00\",\"breadcrumb\":{\"@id\":\"https:\\\/\\\/lightweb.dev\\\/l\\\/svm-temp\\\/nyheter\\\/nya-utmaningar-for-albert-holm\\\/#breadcrumb\"},\"inLanguage\":\"sv-SE\",\"potentialAction\":[{\"@type\":\"ReadAction\",\"target\":[\"https:\\\/\\\/lightweb.dev\\\/l\\\/svm-temp\\\/nyheter\\\/nya-utmaningar-for-albert-holm\\\/\"]}]},{\"@type\":\"ImageObject\",\"inLanguage\":\"sv-SE\",\"@id\":\"https:\\\/\\\/lightweb.dev\\\/l\\\/svm-temp\\\/nyheter\\\/nya-utmaningar-for-albert-holm\\\/#primaryimage\",\"url\":\"https:\\\/\\\/lightweb.dev\\\/l\\\/svm-temp\\\/wp-content\\\/uploads\\\/2023\\\/09\\\/Screenshot_20230919_123948_Instagram.jpg\",\"contentUrl\":\"https:\\\/\\\/lightweb.dev\\\/l\\\/svm-temp\\\/wp-content\\\/uploads\\\/2023\\\/09\\\/Screenshot_20230919_123948_Instagram.jpg\",\"width\":1080,\"height\":674,\"caption\":\"BIld: Antequera CF\"},{\"@type\":\"BreadcrumbList\",\"@id\":\"https:\\\/\\\/lightweb.dev\\\/l\\\/svm-temp\\\/nyheter\\\/nya-utmaningar-for-albert-holm\\\/#breadcrumb\",\"itemListElement\":[{\"@type\":\"ListItem\",\"position\":1,\"name\":\"Hem\",\"item\":\"https:\\\/\\\/lightweb.dev\\\/l\\\/svm-temp\\\/\"},{\"@type\":\"ListItem\",\"position\":2,\"name\":\"Nya utmaningar f\u00f6r Albert Holm\"}]},{\"@type\":\"WebSite\",\"@id\":\"https:\\\/\\\/lightweb.dev\\\/l\\\/svm-temp\\\/#website\",\"url\":\"https:\\\/\\\/lightweb.dev\\\/l\\\/svm-temp\\\/\",\"name\":\"Svenska Magasinet\",\"description\":\"Dina Spanska nyheter p&aring; Svenska\",\"publisher\":{\"@id\":\"https:\\\/\\\/lightweb.dev\\\/l\\\/svm-temp\\\/#organization\"},\"potentialAction\":[{\"@type\":\"SearchAction\",\"target\":{\"@type\":\"EntryPoint\",\"urlTemplate\":\"https:\\\/\\\/lightweb.dev\\\/l\\\/svm-temp\\\/?s={search_term_string}\"},\"query-input\":{\"@type\":\"PropertyValueSpecification\",\"valueRequired\":true,\"valueName\":\"search_term_string\"}}],\"inLanguage\":\"sv-SE\"},{\"@type\":\"Organization\",\"@id\":\"https:\\\/\\\/lightweb.dev\\\/l\\\/svm-temp\\\/#organization\",\"name\":\"Melkerson y Nott SL\",\"alternateName\":\"Svenska Magasinet\",\"url\":\"https:\\\/\\\/lightweb.dev\\\/l\\\/svm-temp\\\/\",\"logo\":{\"@type\":\"ImageObject\",\"inLanguage\":\"sv-SE\",\"@id\":\"https:\\\/\\\/lightweb.dev\\\/l\\\/svm-temp\\\/#\\\/schema\\\/logo\\\/image\\\/\",\"url\":\"https:\\\/\\\/lightweb.dev\\\/l\\\/svm-temp\\\/wp-content\\\/uploads\\\/2025\\\/02\\\/SvM-logo-Xtra-Centrerad-SVART.png\",\"contentUrl\":\"https:\\\/\\\/lightweb.dev\\\/l\\\/svm-temp\\\/wp-content\\\/uploads\\\/2025\\\/02\\\/SvM-logo-Xtra-Centrerad-SVART.png\",\"width\":300,\"height\":99,\"caption\":\"Melkerson y Nott SL\"},\"image\":{\"@id\":\"https:\\\/\\\/lightweb.dev\\\/l\\\/svm-temp\\\/#\\\/schema\\\/logo\\\/image\\\/\"},\"sameAs\":[\"https:\\\/\\\/www.facebook.com\\\/svenskamagasinet\",\"https:\\\/\\\/x.com\\\/SvenskaMagasine\"]},{\"@type\":\"Person\",\"@id\":\"https:\\\/\\\/lightweb.dev\\\/l\\\/svm-temp\\\/#\\\/schema\\\/person\\\/caffe038990d25722f5a04a03c906a2b\",\"name\":\"Robbie Eriksson\",\"sameAs\":[\"https:\\\/\\\/lightweb.dev\\\/l\\\/svm-temp\"],\"url\":\"https:\\\/\\\/lightweb.dev\\\/l\\\/svm-temp\\\/reporter\\\/robbie-eriksson\\\/\"}]}<\/script>\n<!-- \/ Yoast SEO Premium plugin. -->","yoast_head_json":{"title":"Nya utmaningar f\u00f6r Albert Holm - Svenska Magasinet","robots":{"index":"noindex","follow":"follow","max-snippet":"max-snippet:-1","max-image-preview":"max-image-preview:large","max-video-preview":"max-video-preview:-1"},"og_locale":"sv_SE","og_type":"article","og_title":"Nya utmaningar f\u00f6r Albert Holm","og_description":"Den lovande svenska m\u00e5lvakten har hunnit fylla 20 \u00e5r och tar nu n\u00e4sta steg i karri\u00e4ren.  Inf\u00f6r s\u00e4songen skrev han p\u00e5 ett A-lagskontrakt med Antequera CF efter spelat med Malagas C-lag.\u00a0","og_url":"https:\/\/lightweb.dev\/l\/svm-temp\/nyheter\/nya-utmaningar-for-albert-holm\/","og_site_name":"Svenska Magasinet","article_publisher":"https:\/\/www.facebook.com\/svenskamagasinet","article_published_time":"2023-09-19T11:47:06+00:00","article_modified_time":"2023-09-20T16:54:54+00:00","og_image":[{"width":1080,"height":674,"url":"https:\/\/lightweb.dev\/l\/svm-temp\/wp-content\/uploads\/2023\/09\/Screenshot_20230919_123948_Instagram.jpg","type":"image\/jpeg"}],"author":"Robbie Eriksson","twitter_card":"summary_large_image","twitter_creator":"@SvenskaMagasine","twitter_site":"@SvenskaMagasine","schema":{"@context":"https:\/\/schema.org","@graph":[{"@type":"Article","@id":"https:\/\/lightweb.dev\/l\/svm-temp\/nyheter\/nya-utmaningar-for-albert-holm\/#article","isPartOf":{"@id":"https:\/\/lightweb.dev\/l\/svm-temp\/nyheter\/nya-utmaningar-for-albert-holm\/"},"author":{"name":"Robbie Eriksson","@id":"https:\/\/lightweb.dev\/l\/svm-temp\/#\/schema\/person\/caffe038990d25722f5a04a03c906a2b"},"headline":"Nya utmaningar f\u00f6r Albert Holm","datePublished":"2023-09-19T11:47:06+00:00","dateModified":"2023-09-20T16:54:54+00:00","mainEntityOfPage":{"@id":"https:\/\/lightweb.dev\/l\/svm-temp\/nyheter\/nya-utmaningar-for-albert-holm\/"},"wordCount":540,"commentCount":1,"publisher":{"@id":"https:\/\/lightweb.dev\/l\/svm-temp\/#organization"},"image":{"@id":"https:\/\/lightweb.dev\/l\/svm-temp\/nyheter\/nya-utmaningar-for-albert-holm\/#primaryimage"},"thumbnailUrl":"https:\/\/lightweb.dev\/l\/svm-temp\/wp-content\/uploads\/2023\/09\/Screenshot_20230919_123948_Instagram.jpg","articleSection":["Arkiv","Nyheter"],"inLanguage":"sv-SE"},{"@type":"WebPage","@id":"https:\/\/lightweb.dev\/l\/svm-temp\/nyheter\/nya-utmaningar-for-albert-holm\/","url":"https:\/\/lightweb.dev\/l\/svm-temp\/nyheter\/nya-utmaningar-for-albert-holm\/","name":"Nya utmaningar f\u00f6r Albert Holm - Svenska Magasinet","isPartOf":{"@id":"https:\/\/lightweb.dev\/l\/svm-temp\/#website"},"primaryImageOfPage":{"@id":"https:\/\/lightweb.dev\/l\/svm-temp\/nyheter\/nya-utmaningar-for-albert-holm\/#primaryimage"},"image":{"@id":"https:\/\/lightweb.dev\/l\/svm-temp\/nyheter\/nya-utmaningar-for-albert-holm\/#primaryimage"},"thumbnailUrl":"https:\/\/lightweb.dev\/l\/svm-temp\/wp-content\/uploads\/2023\/09\/Screenshot_20230919_123948_Instagram.jpg","datePublished":"2023-09-19T11:47:06+00:00","dateModified":"2023-09-20T16:54:54+00:00","breadcrumb":{"@id":"https:\/\/lightweb.dev\/l\/svm-temp\/nyheter\/nya-utmaningar-for-albert-holm\/#breadcrumb"},"inLanguage":"sv-SE","potentialAction":[{"@type":"ReadAction","target":["https:\/\/lightweb.dev\/l\/svm-temp\/nyheter\/nya-utmaningar-for-albert-holm\/"]}]},{"@type":"ImageObject","inLanguage":"sv-SE","@id":"https:\/\/lightweb.dev\/l\/svm-temp\/nyheter\/nya-utmaningar-for-albert-holm\/#primaryimage","url":"https:\/\/lightweb.dev\/l\/svm-temp\/wp-content\/uploads\/2023\/09\/Screenshot_20230919_123948_Instagram.jpg","contentUrl":"https:\/\/lightweb.dev\/l\/svm-temp\/wp-content\/uploads\/2023\/09\/Screenshot_20230919_123948_Instagram.jpg","width":1080,"height":674,"caption":"BIld: Antequera CF"},{"@type":"BreadcrumbList","@id":"https:\/\/lightweb.dev\/l\/svm-temp\/nyheter\/nya-utmaningar-for-albert-holm\/#breadcrumb","itemListElement":[{"@type":"ListItem","position":1,"name":"Hem","item":"https:\/\/lightweb.dev\/l\/svm-temp\/"},{"@type":"ListItem","position":2,"name":"Nya utmaningar f\u00f6r Albert Holm"}]},{"@type":"WebSite","@id":"https:\/\/lightweb.dev\/l\/svm-temp\/#website","url":"https:\/\/lightweb.dev\/l\/svm-temp\/","name":"Svenska Magasinet","description":"Dina Spanska nyheter p&aring; Svenska","publisher":{"@id":"https:\/\/lightweb.dev\/l\/svm-temp\/#organization"},"potentialAction":[{"@type":"SearchAction","target":{"@type":"EntryPoint","urlTemplate":"https:\/\/lightweb.dev\/l\/svm-temp\/?s={search_term_string}"},"query-input":{"@type":"PropertyValueSpecification","valueRequired":true,"valueName":"search_term_string"}}],"inLanguage":"sv-SE"},{"@type":"Organization","@id":"https:\/\/lightweb.dev\/l\/svm-temp\/#organization","name":"Melkerson y Nott SL","alternateName":"Svenska Magasinet","url":"https:\/\/lightweb.dev\/l\/svm-temp\/","logo":{"@type":"ImageObject","inLanguage":"sv-SE","@id":"https:\/\/lightweb.dev\/l\/svm-temp\/#\/schema\/logo\/image\/","url":"https:\/\/lightweb.dev\/l\/svm-temp\/wp-content\/uploads\/2025\/02\/SvM-logo-Xtra-Centrerad-SVART.png","contentUrl":"https:\/\/lightweb.dev\/l\/svm-temp\/wp-content\/uploads\/2025\/02\/SvM-logo-Xtra-Centrerad-SVART.png","width":300,"height":99,"caption":"Melkerson y Nott SL"},"image":{"@id":"https:\/\/lightweb.dev\/l\/svm-temp\/#\/schema\/logo\/image\/"},"sameAs":["https:\/\/www.facebook.com\/svenskamagasinet","https:\/\/x.com\/SvenskaMagasine"]},{"@type":"Person","@id":"https:\/\/lightweb.dev\/l\/svm-temp\/#\/schema\/person\/caffe038990d25722f5a04a03c906a2b","name":"Robbie Eriksson","sameAs":["https:\/\/lightweb.dev\/l\/svm-temp"],"url":"https:\/\/lightweb.dev\/l\/svm-temp\/reporter\/robbie-eriksson\/"}]}},"_links":{"self":[{"href":"https:\/\/lightweb.dev\/l\/svm-temp\/wp-json\/wp\/v2\/posts\/66633","targetHints":{"allow":["GET"]}}],"collection":[{"href":"https:\/\/lightweb.dev\/l\/svm-temp\/wp-json\/wp\/v2\/posts"}],"about":[{"href":"https:\/\/lightweb.dev\/l\/svm-temp\/wp-json\/wp\/v2\/types\/post"}],"author":[{"embeddable":true,"href":"https:\/\/lightweb.dev\/l\/svm-temp\/wp-json\/wp\/v2\/users\/14"}],"replies":[{"embeddable":true,"href":"https:\/\/lightweb.dev\/l\/svm-temp\/wp-json\/wp\/v2\/comments?post=66633"}],"version-history":[{"count":0,"href":"https:\/\/lightweb.dev\/l\/svm-temp\/wp-json\/wp\/v2\/posts\/66633\/revisions"}],"wp:featuredmedia":[{"embeddable":true,"href":"https:\/\/lightweb.dev\/l\/svm-temp\/wp-json\/wp\/v2\/media\/66635"}],"wp:attachment":[{"href":"https:\/\/lightweb.dev\/l\/svm-temp\/wp-json\/wp\/v2\/media?parent=66633"}],"wp:term":[{"taxonomy":"category","embeddable":true,"href":"https:\/\/lightweb.dev\/l\/svm-temp\/wp-json\/wp\/v2\/categories?post=66633"},{"taxonomy":"post_tag","embeddable":true,"href":"https:\/\/lightweb.dev\/l\/svm-temp\/wp-json\/wp\/v2\/tags?post=66633"}],"curies":[{"name":"wp","href":"https:\/\/api.w.org\/{rel}","templated":true}]}}