{"id":66647,"date":"2023-09-20T15:55:41","date_gmt":"2023-09-20T13:55:41","guid":{"rendered":"https:\/\/lightweb.dev\/l\/svm-temp\/?p=66647"},"modified":"2023-09-20T15:55:41","modified_gmt":"2023-09-20T13:55:41","slug":"kropp-identifierad-i-torremolinos","status":"publish","type":"post","link":"https:\/\/lightweb.dev\/l\/svm-temp\/nyheter\/kropp-identifierad-i-torremolinos\/","title":{"rendered":"Kropp identifierad i Torremolinos"},"content":{"rendered":"<p><strong>Rikspolisen har identifierat kroppen p\u00e5 en 21-\u00e5rig kvinna fr\u00e5n Norge.<\/strong><\/p>\n<p><strong>Hon tros ha kv\u00e4vts ihj\u00e4l innan hon l\u00e4mnades p\u00e5 en gata i Torremolinos.\u00a0<\/strong><\/p>\n<p><span style=\"font-weight: 400;\">Utredarna kunde verifiera hennes identitet genom att skicka uppgifter till norska myndigheter som bekr\u00e4ftade dem tidigare i veckan. Den spanska polisen var redan innan svaret fr\u00e5n Norge relativt s\u00e4kra p\u00e5 vem kroppen tillh\u00f6rde och hade inlett en unders\u00f6kning i Playamaromr\u00e5det.\u00a0<\/span><\/p>\n<p><span style=\"font-weight: 400;\">Enligt personer n\u00e4ra offret flyttade hon till Spanien f\u00f6r ett \u00e5r sedan och bodde i <\/span><span style=\"font-weight: 400;\">M\u00e1laga<\/span><span style=\"font-weight: 400;\">. Hennes kropp uppt\u00e4cktes runt 01.30 p\u00e5 morgonen den 13 september av n\u00e5gra ungdomar som var p\u00e5 v\u00e4g hem. I nul\u00e4get \u00e4r det ok\u00e4nt hur den hamnade d\u00e4r.\u00a0<\/span><\/p>\n<p><span style=\"font-weight: 400;\">Kroppen l\u00e5g bredvid ett \u00f6verg\u00e5ngsst\u00e4lle vid ing\u00e5ngen till Benyamina Norte, tv\u00e5 kvarter som ligger i den \u00f6vre delen av Playamar. Vid offret hittades ocks\u00e5 en tygp\u00e5se som ska ha varit i stort sett tom.\u00a0<\/span><\/p>\n<p><span style=\"font-weight: 400;\">Det f\u00f6rsta larmet gick till lokalpolisen som skickade en patrull och sjukv\u00e5rdspersonal f\u00f6r att f\u00f6rs\u00f6ka \u00e5teruppliva kvinnan. L\u00e4karen som kom till platsen s\u00e5g att hon troligen varit d\u00f6d i flera timmar och kunde inte g\u00f6ra n\u00e5got f\u00f6r att r\u00e4dda henne.\u00a0<\/span><\/p>\n<p><span style=\"font-weight: 400;\">Eftersom det r\u00f6rde sig om ett d\u00f6dsfall p\u00e5 allm\u00e4nna v\u00e4gar och att v\u00e5ld misst\u00e4nks ha varit inblandat kontaktade lokalpolisen specialister fr\u00e5n enheten UDEV, som utreder v\u00e5ldsbrott. Dessutom blandades jourhavande domare, en advokat fr\u00e5n Justitief\u00f6rvaltningen (LAJ) och en r\u00e4ttsl\u00e4kare in under bortf\u00f6randet av kroppen som varade l\u00e5ngt in p\u00e5 morgonen.\u00a0<\/span><\/p>\n<p><span style=\"font-weight: 400;\">Kroppen togs f\u00f6rst till ett sjukhus i <\/span><span style=\"font-weight: 400;\">M\u00e1laga <\/span><span style=\"font-weight: 400;\">f\u00f6r r\u00f6ntgen f\u00f6r att se om det fanns inre frakturer eller andra tecken p\u00e5 v\u00e5ld. Senare utf\u00f6rdes en obduktion p\u00e5 det r\u00e4ttsmedicinska institutet. Polisen v\u00e4ntar fortfarande p\u00e5 resultatet.<\/span><\/p>\n<p><span style=\"font-weight: 400;\">Utredningen tyder p\u00e5 att kvinnan dog av kv\u00e4vning, men det \u00e4r inte fastst\u00e4llt vilken typ. Polisen arbetar under tesen att hon drabbats av v\u00e5ld men det kan inte uteslutas att hon har drunknat. Utredarna \u00e4r dock klara \u00f6ver att n\u00e5gon har flyttat hennes kropp.<\/span><\/p>\n","protected":false},"excerpt":{"rendered":"<p>Rikspolisen har identifierat kroppen p\u00e5 en 21-\u00e5rig kvinna fr\u00e5n Norge.<\/p>\n<p>Hon tros ha kv\u00e4vts ihj\u00e4l innan hon l\u00e4mnades p\u00e5 en gata i Torremolinos.\u00a0<\/p>\n","protected":false},"author":14,"featured_media":44812,"comment_status":"open","ping_status":"closed","sticky":false,"template":"","format":"standard","meta":{"_et_pb_use_builder":"","_et_pb_old_content":"","_et_gb_content_width":"","footnotes":""},"categories":[395,3],"tags":[],"class_list":["post-66647","post","type-post","status-publish","format-standard","has-post-thumbnail","hentry","category-arkiv-nyheter","category-nyheter"],"yoast_head":"<!-- This site is optimized with the Yoast SEO Premium plugin v26.2 (Yoast SEO v27.4) - https:\/\/yoast.com\/product\/yoast-seo-premium-wordpress\/ -->\n<title>Kropp identifierad i Torremolinos - Svenska Magasinet<\/title>\n<meta name=\"robots\" content=\"noindex, follow, max-snippet:-1, max-image-preview:large, max-video-preview:-1\" \/>\n<meta property=\"og:locale\" content=\"sv_SE\" \/>\n<meta property=\"og:type\" content=\"article\" \/>\n<meta property=\"og:title\" content=\"Kropp identifierad i Torremolinos\" \/>\n<meta property=\"og:description\" content=\"Rikspolisen har identifierat kroppen p\u00e5 en 21-\u00e5rig kvinna fr\u00e5n Norge.  Hon tros ha kv\u00e4vts ihj\u00e4l innan hon l\u00e4mnades p\u00e5 en gata i Torremolinos.\u00a0\" \/>\n<meta property=\"og:url\" content=\"https:\/\/lightweb.dev\/l\/svm-temp\/nyheter\/kropp-identifierad-i-torremolinos\/\" \/>\n<meta property=\"og:site_name\" content=\"Svenska Magasinet\" \/>\n<meta property=\"article:publisher\" content=\"https:\/\/www.facebook.com\/svenskamagasinet\" \/>\n<meta property=\"article:published_time\" content=\"2023-09-20T13:55:41+00:00\" \/>\n<meta property=\"og:image\" content=\"https:\/\/lightweb.dev\/l\/svm-temp\/wp-content\/uploads\/2022\/06\/fyra-lokalpoliser-i-mijas-haktade-for-narkotikabrott.png\" \/>\n\t<meta property=\"og:image:width\" content=\"299\" \/>\n\t<meta property=\"og:image:height\" content=\"200\" \/>\n\t<meta property=\"og:image:type\" content=\"image\/png\" \/>\n<meta name=\"author\" content=\"Robbie Eriksson\" \/>\n<meta name=\"twitter:card\" content=\"summary_large_image\" \/>\n<meta name=\"twitter:creator\" content=\"@SvenskaMagasine\" \/>\n<meta name=\"twitter:site\" content=\"@SvenskaMagasine\" \/>\n<script type=\"application\/ld+json\" class=\"yoast-schema-graph\">{\"@context\":\"https:\\\/\\\/schema.org\",\"@graph\":[{\"@type\":\"Article\",\"@id\":\"https:\\\/\\\/lightweb.dev\\\/l\\\/svm-temp\\\/nyheter\\\/kropp-identifierad-i-torremolinos\\\/#article\",\"isPartOf\":{\"@id\":\"https:\\\/\\\/lightweb.dev\\\/l\\\/svm-temp\\\/nyheter\\\/kropp-identifierad-i-torremolinos\\\/\"},\"author\":{\"name\":\"Robbie Eriksson\",\"@id\":\"https:\\\/\\\/lightweb.dev\\\/l\\\/svm-temp\\\/#\\\/schema\\\/person\\\/caffe038990d25722f5a04a03c906a2b\"},\"headline\":\"Kropp identifierad i Torremolinos\",\"datePublished\":\"2023-09-20T13:55:41+00:00\",\"mainEntityOfPage\":{\"@id\":\"https:\\\/\\\/lightweb.dev\\\/l\\\/svm-temp\\\/nyheter\\\/kropp-identifierad-i-torremolinos\\\/\"},\"wordCount\":375,\"commentCount\":1,\"publisher\":{\"@id\":\"https:\\\/\\\/lightweb.dev\\\/l\\\/svm-temp\\\/#organization\"},\"image\":{\"@id\":\"https:\\\/\\\/lightweb.dev\\\/l\\\/svm-temp\\\/nyheter\\\/kropp-identifierad-i-torremolinos\\\/#primaryimage\"},\"thumbnailUrl\":\"https:\\\/\\\/lightweb.dev\\\/l\\\/svm-temp\\\/wp-content\\\/uploads\\\/2022\\\/06\\\/fyra-lokalpoliser-i-mijas-haktade-for-narkotikabrott.png\",\"articleSection\":[\"Arkiv\",\"Nyheter\"],\"inLanguage\":\"sv-SE\"},{\"@type\":\"WebPage\",\"@id\":\"https:\\\/\\\/lightweb.dev\\\/l\\\/svm-temp\\\/nyheter\\\/kropp-identifierad-i-torremolinos\\\/\",\"url\":\"https:\\\/\\\/lightweb.dev\\\/l\\\/svm-temp\\\/nyheter\\\/kropp-identifierad-i-torremolinos\\\/\",\"name\":\"Kropp identifierad i Torremolinos - Svenska Magasinet\",\"isPartOf\":{\"@id\":\"https:\\\/\\\/lightweb.dev\\\/l\\\/svm-temp\\\/#website\"},\"primaryImageOfPage\":{\"@id\":\"https:\\\/\\\/lightweb.dev\\\/l\\\/svm-temp\\\/nyheter\\\/kropp-identifierad-i-torremolinos\\\/#primaryimage\"},\"image\":{\"@id\":\"https:\\\/\\\/lightweb.dev\\\/l\\\/svm-temp\\\/nyheter\\\/kropp-identifierad-i-torremolinos\\\/#primaryimage\"},\"thumbnailUrl\":\"https:\\\/\\\/lightweb.dev\\\/l\\\/svm-temp\\\/wp-content\\\/uploads\\\/2022\\\/06\\\/fyra-lokalpoliser-i-mijas-haktade-for-narkotikabrott.png\",\"datePublished\":\"2023-09-20T13:55:41+00:00\",\"breadcrumb\":{\"@id\":\"https:\\\/\\\/lightweb.dev\\\/l\\\/svm-temp\\\/nyheter\\\/kropp-identifierad-i-torremolinos\\\/#breadcrumb\"},\"inLanguage\":\"sv-SE\",\"potentialAction\":[{\"@type\":\"ReadAction\",\"target\":[\"https:\\\/\\\/lightweb.dev\\\/l\\\/svm-temp\\\/nyheter\\\/kropp-identifierad-i-torremolinos\\\/\"]}]},{\"@type\":\"ImageObject\",\"inLanguage\":\"sv-SE\",\"@id\":\"https:\\\/\\\/lightweb.dev\\\/l\\\/svm-temp\\\/nyheter\\\/kropp-identifierad-i-torremolinos\\\/#primaryimage\",\"url\":\"https:\\\/\\\/lightweb.dev\\\/l\\\/svm-temp\\\/wp-content\\\/uploads\\\/2022\\\/06\\\/fyra-lokalpoliser-i-mijas-haktade-for-narkotikabrott.png\",\"contentUrl\":\"https:\\\/\\\/lightweb.dev\\\/l\\\/svm-temp\\\/wp-content\\\/uploads\\\/2022\\\/06\\\/fyra-lokalpoliser-i-mijas-haktade-for-narkotikabrott.png\",\"width\":299,\"height\":200,\"caption\":\"Lokalpolisen var f\u00f6rst p\u00e5 plats efter att kroppen rapporterats.\"},{\"@type\":\"BreadcrumbList\",\"@id\":\"https:\\\/\\\/lightweb.dev\\\/l\\\/svm-temp\\\/nyheter\\\/kropp-identifierad-i-torremolinos\\\/#breadcrumb\",\"itemListElement\":[{\"@type\":\"ListItem\",\"position\":1,\"name\":\"Hem\",\"item\":\"https:\\\/\\\/lightweb.dev\\\/l\\\/svm-temp\\\/\"},{\"@type\":\"ListItem\",\"position\":2,\"name\":\"Kropp identifierad i Torremolinos\"}]},{\"@type\":\"WebSite\",\"@id\":\"https:\\\/\\\/lightweb.dev\\\/l\\\/svm-temp\\\/#website\",\"url\":\"https:\\\/\\\/lightweb.dev\\\/l\\\/svm-temp\\\/\",\"name\":\"Svenska Magasinet\",\"description\":\"Dina Spanska nyheter p&aring; Svenska\",\"publisher\":{\"@id\":\"https:\\\/\\\/lightweb.dev\\\/l\\\/svm-temp\\\/#organization\"},\"potentialAction\":[{\"@type\":\"SearchAction\",\"target\":{\"@type\":\"EntryPoint\",\"urlTemplate\":\"https:\\\/\\\/lightweb.dev\\\/l\\\/svm-temp\\\/?s={search_term_string}\"},\"query-input\":{\"@type\":\"PropertyValueSpecification\",\"valueRequired\":true,\"valueName\":\"search_term_string\"}}],\"inLanguage\":\"sv-SE\"},{\"@type\":\"Organization\",\"@id\":\"https:\\\/\\\/lightweb.dev\\\/l\\\/svm-temp\\\/#organization\",\"name\":\"Melkerson y Nott SL\",\"alternateName\":\"Svenska Magasinet\",\"url\":\"https:\\\/\\\/lightweb.dev\\\/l\\\/svm-temp\\\/\",\"logo\":{\"@type\":\"ImageObject\",\"inLanguage\":\"sv-SE\",\"@id\":\"https:\\\/\\\/lightweb.dev\\\/l\\\/svm-temp\\\/#\\\/schema\\\/logo\\\/image\\\/\",\"url\":\"https:\\\/\\\/lightweb.dev\\\/l\\\/svm-temp\\\/wp-content\\\/uploads\\\/2025\\\/02\\\/SvM-logo-Xtra-Centrerad-SVART.png\",\"contentUrl\":\"https:\\\/\\\/lightweb.dev\\\/l\\\/svm-temp\\\/wp-content\\\/uploads\\\/2025\\\/02\\\/SvM-logo-Xtra-Centrerad-SVART.png\",\"width\":300,\"height\":99,\"caption\":\"Melkerson y Nott SL\"},\"image\":{\"@id\":\"https:\\\/\\\/lightweb.dev\\\/l\\\/svm-temp\\\/#\\\/schema\\\/logo\\\/image\\\/\"},\"sameAs\":[\"https:\\\/\\\/www.facebook.com\\\/svenskamagasinet\",\"https:\\\/\\\/x.com\\\/SvenskaMagasine\"]},{\"@type\":\"Person\",\"@id\":\"https:\\\/\\\/lightweb.dev\\\/l\\\/svm-temp\\\/#\\\/schema\\\/person\\\/caffe038990d25722f5a04a03c906a2b\",\"name\":\"Robbie Eriksson\",\"sameAs\":[\"https:\\\/\\\/lightweb.dev\\\/l\\\/svm-temp\"],\"url\":\"https:\\\/\\\/lightweb.dev\\\/l\\\/svm-temp\\\/reporter\\\/robbie-eriksson\\\/\"}]}<\/script>\n<!-- \/ Yoast SEO Premium plugin. -->","yoast_head_json":{"title":"Kropp identifierad i Torremolinos - Svenska Magasinet","robots":{"index":"noindex","follow":"follow","max-snippet":"max-snippet:-1","max-image-preview":"max-image-preview:large","max-video-preview":"max-video-preview:-1"},"og_locale":"sv_SE","og_type":"article","og_title":"Kropp identifierad i Torremolinos","og_description":"Rikspolisen har identifierat kroppen p\u00e5 en 21-\u00e5rig kvinna fr\u00e5n Norge.  Hon tros ha kv\u00e4vts ihj\u00e4l innan hon l\u00e4mnades p\u00e5 en gata i Torremolinos.\u00a0","og_url":"https:\/\/lightweb.dev\/l\/svm-temp\/nyheter\/kropp-identifierad-i-torremolinos\/","og_site_name":"Svenska Magasinet","article_publisher":"https:\/\/www.facebook.com\/svenskamagasinet","article_published_time":"2023-09-20T13:55:41+00:00","og_image":[{"width":299,"height":200,"url":"https:\/\/lightweb.dev\/l\/svm-temp\/wp-content\/uploads\/2022\/06\/fyra-lokalpoliser-i-mijas-haktade-for-narkotikabrott.png","type":"image\/png"}],"author":"Robbie Eriksson","twitter_card":"summary_large_image","twitter_creator":"@SvenskaMagasine","twitter_site":"@SvenskaMagasine","schema":{"@context":"https:\/\/schema.org","@graph":[{"@type":"Article","@id":"https:\/\/lightweb.dev\/l\/svm-temp\/nyheter\/kropp-identifierad-i-torremolinos\/#article","isPartOf":{"@id":"https:\/\/lightweb.dev\/l\/svm-temp\/nyheter\/kropp-identifierad-i-torremolinos\/"},"author":{"name":"Robbie Eriksson","@id":"https:\/\/lightweb.dev\/l\/svm-temp\/#\/schema\/person\/caffe038990d25722f5a04a03c906a2b"},"headline":"Kropp identifierad i Torremolinos","datePublished":"2023-09-20T13:55:41+00:00","mainEntityOfPage":{"@id":"https:\/\/lightweb.dev\/l\/svm-temp\/nyheter\/kropp-identifierad-i-torremolinos\/"},"wordCount":375,"commentCount":1,"publisher":{"@id":"https:\/\/lightweb.dev\/l\/svm-temp\/#organization"},"image":{"@id":"https:\/\/lightweb.dev\/l\/svm-temp\/nyheter\/kropp-identifierad-i-torremolinos\/#primaryimage"},"thumbnailUrl":"https:\/\/lightweb.dev\/l\/svm-temp\/wp-content\/uploads\/2022\/06\/fyra-lokalpoliser-i-mijas-haktade-for-narkotikabrott.png","articleSection":["Arkiv","Nyheter"],"inLanguage":"sv-SE"},{"@type":"WebPage","@id":"https:\/\/lightweb.dev\/l\/svm-temp\/nyheter\/kropp-identifierad-i-torremolinos\/","url":"https:\/\/lightweb.dev\/l\/svm-temp\/nyheter\/kropp-identifierad-i-torremolinos\/","name":"Kropp identifierad i Torremolinos - Svenska Magasinet","isPartOf":{"@id":"https:\/\/lightweb.dev\/l\/svm-temp\/#website"},"primaryImageOfPage":{"@id":"https:\/\/lightweb.dev\/l\/svm-temp\/nyheter\/kropp-identifierad-i-torremolinos\/#primaryimage"},"image":{"@id":"https:\/\/lightweb.dev\/l\/svm-temp\/nyheter\/kropp-identifierad-i-torremolinos\/#primaryimage"},"thumbnailUrl":"https:\/\/lightweb.dev\/l\/svm-temp\/wp-content\/uploads\/2022\/06\/fyra-lokalpoliser-i-mijas-haktade-for-narkotikabrott.png","datePublished":"2023-09-20T13:55:41+00:00","breadcrumb":{"@id":"https:\/\/lightweb.dev\/l\/svm-temp\/nyheter\/kropp-identifierad-i-torremolinos\/#breadcrumb"},"inLanguage":"sv-SE","potentialAction":[{"@type":"ReadAction","target":["https:\/\/lightweb.dev\/l\/svm-temp\/nyheter\/kropp-identifierad-i-torremolinos\/"]}]},{"@type":"ImageObject","inLanguage":"sv-SE","@id":"https:\/\/lightweb.dev\/l\/svm-temp\/nyheter\/kropp-identifierad-i-torremolinos\/#primaryimage","url":"https:\/\/lightweb.dev\/l\/svm-temp\/wp-content\/uploads\/2022\/06\/fyra-lokalpoliser-i-mijas-haktade-for-narkotikabrott.png","contentUrl":"https:\/\/lightweb.dev\/l\/svm-temp\/wp-content\/uploads\/2022\/06\/fyra-lokalpoliser-i-mijas-haktade-for-narkotikabrott.png","width":299,"height":200,"caption":"Lokalpolisen var f\u00f6rst p\u00e5 plats efter att kroppen rapporterats."},{"@type":"BreadcrumbList","@id":"https:\/\/lightweb.dev\/l\/svm-temp\/nyheter\/kropp-identifierad-i-torremolinos\/#breadcrumb","itemListElement":[{"@type":"ListItem","position":1,"name":"Hem","item":"https:\/\/lightweb.dev\/l\/svm-temp\/"},{"@type":"ListItem","position":2,"name":"Kropp identifierad i Torremolinos"}]},{"@type":"WebSite","@id":"https:\/\/lightweb.dev\/l\/svm-temp\/#website","url":"https:\/\/lightweb.dev\/l\/svm-temp\/","name":"Svenska Magasinet","description":"Dina Spanska nyheter p&aring; Svenska","publisher":{"@id":"https:\/\/lightweb.dev\/l\/svm-temp\/#organization"},"potentialAction":[{"@type":"SearchAction","target":{"@type":"EntryPoint","urlTemplate":"https:\/\/lightweb.dev\/l\/svm-temp\/?s={search_term_string}"},"query-input":{"@type":"PropertyValueSpecification","valueRequired":true,"valueName":"search_term_string"}}],"inLanguage":"sv-SE"},{"@type":"Organization","@id":"https:\/\/lightweb.dev\/l\/svm-temp\/#organization","name":"Melkerson y Nott SL","alternateName":"Svenska Magasinet","url":"https:\/\/lightweb.dev\/l\/svm-temp\/","logo":{"@type":"ImageObject","inLanguage":"sv-SE","@id":"https:\/\/lightweb.dev\/l\/svm-temp\/#\/schema\/logo\/image\/","url":"https:\/\/lightweb.dev\/l\/svm-temp\/wp-content\/uploads\/2025\/02\/SvM-logo-Xtra-Centrerad-SVART.png","contentUrl":"https:\/\/lightweb.dev\/l\/svm-temp\/wp-content\/uploads\/2025\/02\/SvM-logo-Xtra-Centrerad-SVART.png","width":300,"height":99,"caption":"Melkerson y Nott SL"},"image":{"@id":"https:\/\/lightweb.dev\/l\/svm-temp\/#\/schema\/logo\/image\/"},"sameAs":["https:\/\/www.facebook.com\/svenskamagasinet","https:\/\/x.com\/SvenskaMagasine"]},{"@type":"Person","@id":"https:\/\/lightweb.dev\/l\/svm-temp\/#\/schema\/person\/caffe038990d25722f5a04a03c906a2b","name":"Robbie Eriksson","sameAs":["https:\/\/lightweb.dev\/l\/svm-temp"],"url":"https:\/\/lightweb.dev\/l\/svm-temp\/reporter\/robbie-eriksson\/"}]}},"_links":{"self":[{"href":"https:\/\/lightweb.dev\/l\/svm-temp\/wp-json\/wp\/v2\/posts\/66647","targetHints":{"allow":["GET"]}}],"collection":[{"href":"https:\/\/lightweb.dev\/l\/svm-temp\/wp-json\/wp\/v2\/posts"}],"about":[{"href":"https:\/\/lightweb.dev\/l\/svm-temp\/wp-json\/wp\/v2\/types\/post"}],"author":[{"embeddable":true,"href":"https:\/\/lightweb.dev\/l\/svm-temp\/wp-json\/wp\/v2\/users\/14"}],"replies":[{"embeddable":true,"href":"https:\/\/lightweb.dev\/l\/svm-temp\/wp-json\/wp\/v2\/comments?post=66647"}],"version-history":[{"count":0,"href":"https:\/\/lightweb.dev\/l\/svm-temp\/wp-json\/wp\/v2\/posts\/66647\/revisions"}],"wp:featuredmedia":[{"embeddable":true,"href":"https:\/\/lightweb.dev\/l\/svm-temp\/wp-json\/wp\/v2\/media\/44812"}],"wp:attachment":[{"href":"https:\/\/lightweb.dev\/l\/svm-temp\/wp-json\/wp\/v2\/media?parent=66647"}],"wp:term":[{"taxonomy":"category","embeddable":true,"href":"https:\/\/lightweb.dev\/l\/svm-temp\/wp-json\/wp\/v2\/categories?post=66647"},{"taxonomy":"post_tag","embeddable":true,"href":"https:\/\/lightweb.dev\/l\/svm-temp\/wp-json\/wp\/v2\/tags?post=66647"}],"curies":[{"name":"wp","href":"https:\/\/api.w.org\/{rel}","templated":true}]}}