{"id":669,"date":"2022-02-25T11:58:00","date_gmt":"2022-02-25T10:58:00","guid":{"rendered":"https:\/\/lightweb.dev\/l\/svm-temp\/sanktioner-putins-oligarker-har-investerat-i-spanska-fastighetssektorn\/"},"modified":"2022-02-25T11:58:00","modified_gmt":"2022-02-25T10:58:00","slug":"sanktioner-putins-oligarker-har-investerat-i-spanska-fastighetssektorn","status":"publish","type":"post","link":"https:\/\/lightweb.dev\/l\/svm-temp\/nyheter\/sanktioner-putins-oligarker-har-investerat-i-spanska-fastighetssektorn\/","title":{"rendered":"Sanktioner: Putins oligarker har investerat i spanska fastighetssektorn"},"content":{"rendered":"<p> Det finns 11.500 ukrainska medborgare bosatta p\u00e5 Solkusten som med stor oro f\u00f6ljer utvecklingen i sitt hemland efter att Rysslands president Vladimir Putin klockan 4 i torsdags morse meddelat att han godk\u00e4nt \u201den s\u00e4rskild milit\u00e4r operation\u201d.<br \/>\n EU:s utrikesminister, spanjoren Josep Borrell, beskriver utvecklingen som \u201dbland de m\u00f6rkaste timmarna i Europa sedan andra v\u00e4rldskriget\u201d. <\/p>\n<p>Ryssland \u00e4r inte bland de l\u00e4nder som Spanien har mest handelsutbyte med. Under fjol\u00e5ret 2021 var den spanska exporten till Ryssland 2.213 miljoner euro. I storlek kan det j\u00e4mf\u00f6ras med exporten till Kanada och Danmark.<\/p>\n<p>Omv\u00e4nt \u00e4r v\u00e4rdet p\u00e5 den ryska exporten till Spanien, fr\u00e4mst olja och gas, tre g\u00e5nger h\u00f6gre, 6.033,6 miljoner euro. Det \u00e4r 1,8 procent av Spaniens totala import. Siffran ligger n\u00e4ra siffrorna f\u00f6r Polen eller Nigeria. <\/p>\n<p>Turistn\u00e4ringen<br \/>\nRyska medborgare som har en stark k\u00f6pkraft beskrivs som viktiga f\u00f6r den spanska turistn\u00e4ringen. Och det \u00e4r fr\u00e4mst personer i Putins n\u00e4rhet som gjort sig rika.<\/p>\n<p>Kriget i Ukraina uppges komma att p\u00e5verka ankomsten av ryska turister till Spanien. F\u00f6re pandemin anl\u00e4nde 1,3 miljoner ryska bes\u00f6kare 2019 totalt till Spanien. Under fjol\u00e5ret 2021 anl\u00e4nde 14.000 resen\u00e4rer fr\u00e5n Ryssland till M\u00e1laga flygplats.<\/p>\n<p>Oligarker<br \/>\nVladimir Putins maktbas \u00e4r uppbyggd av oligarker som har placerat sina rikedomar i l\u00e4nder d\u00e4r de \u00e5tnjuter v\u00e4stv\u00e4rldens frihet. Bland annat i Spanien och p\u00e5 Costa del Sol, fr\u00e4mst i Marbella inom fastighetsbranschen.<\/p>\n<p>Spanien har sett mellan fingrarna med detta under flera \u00e5r sedan Rysslands annektering av Krim och invasionen i Donbass 2014.<\/p>\n<p>Det \u00e4r ingen hemlighet att Marbella kommun har gjort stora anstr\u00e4ngningar med bes\u00f6k i Moskva att locka till sig ryssar med tjock pl\u00e5nbok. 2017 efter annekteringen av Krim bes\u00f6kte Marbellas d\u00e5varande socialistiska borgm\u00e4stare Jos\u00e9 Bernal, och kommunalr\u00e5det f\u00f6r turism, Javier Porcuna, Rysslands st\u00f6rsta turistm\u00e4ssa MITT i Moskva. De hade \u00e4ven m\u00f6te med Putins tj\u00e4nstem\u00e4n i Kremlin.<\/p>\n<p>R\u00f6ster har h\u00f6jts f\u00f6r att de ut\u00f6kade sanktioner som inf\u00f6rs mot Ryssland ska drabba Putins oligarker med frysta tillg\u00e5ngar som resultat.<\/p>\n<p>\u00c4ven om ryska oligarker investerar i Spanien s\u00e5 \u00e4r Cypern (10.859 miljoner dollar), Storbritannien (3.815 miljoner dollar) och Nederl\u00e4ndska Antillerna (3.126 miljoner dollar) de platser som n\u00e4mns i f\u00f6rsta hand.<\/p>\n<p>Fastigheter<br \/>\nRyska investeringar i Spanien och p\u00e5 Costa del Sol \u00e4r fokuserade p\u00e5 fastigheter och byggsektorn (\u00f6ver 45 %), hotell och turistboende (35 %) och industri (ca 4 %) enligt siffror fr\u00e5n spanska utrikesdepartementet.<\/p>\n<p>Bland de ryssar som sticker ut finns Mijail Fridman som 2019 efter en strid i nationaldomstolen tog kontrollen \u00f6ver livsmedelskedjan Dia med 77 procent genom sitt f\u00f6retag Letterone.<\/p>\n<p>F\u00f6r ett \u00e5r sedan meddelade den ryska livsmedelskedjan Mere att de skulle etablera sig i Spanien. Men de har dragit sig ur det projektet.<\/p>\n<p>Resor<br \/>\nKriget i Ukraina inverkar inte p\u00e5 flygtrafiken mellan Sverige och Spanien. <\/p>\n<p>Tillsammans med Katalonien och Costa Blanca tillh\u00f6r Costa del Sol ryssarnas favoritresm\u00e5l i Spanien. Aeroflot har f\u00f6r n\u00e4rvarande fyra flygningar i veckan mellan M\u00e1laga och Moskva, m\u00e5ndagar, torsdagar, l\u00f6rdagar och s\u00f6ndagar.<\/p>\n<p>N\u00e5gra EU-sanktioner mot ryskt flyg finns \u00e4nnu inte i skrivande stund. Det har Storbritannien inf\u00f6rt, och det \u00e4r f\u00f6rbjudet f\u00f6r ryskt flyg att vara i brittiskt luftrum och att landa p\u00e5 brittiska flygplatser.<\/p>\n<p>Spanska luftfartss\u00e4kerhetsmyndigheten (Aesa) har uppmanat spanska flygbolag att inte flyga i luftrum \u00f6ver Ukraina, Vitryssland, Moldavien och Ryssland.<\/p>\n","protected":false},"excerpt":{"rendered":"<p>Det finns 11.500 ukrainska medborgare bosatta p\u00e5 Solkusten som med stor oro f\u00f6ljer utvecklingen i sitt hemland efter att Rysslands president Vladimir Putin klockan 4 i torsdags morse meddelat att han godk\u00e4nt \u201den s\u00e4rskild milit\u00e4r operation\u201d. EU:s utrikesminister, spanjoren Josep Borrell, beskriver utvecklingen som \u201dbland de m\u00f6rkaste timmarna i Europa sedan andra v\u00e4rldskriget\u201d. Ryssland \u00e4r [&hellip;]<\/p>\n","protected":false},"author":7,"featured_media":670,"comment_status":"open","ping_status":"open","sticky":false,"template":"","format":"standard","meta":{"_et_pb_use_builder":"","_et_pb_old_content":"","_et_gb_content_width":"","footnotes":""},"categories":[395,3],"tags":[],"class_list":["post-669","post","type-post","status-publish","format-standard","has-post-thumbnail","hentry","category-arkiv-nyheter","category-nyheter"],"yoast_head":"<!-- This site is optimized with the Yoast SEO Premium plugin v26.2 (Yoast SEO v27.4) - https:\/\/yoast.com\/product\/yoast-seo-premium-wordpress\/ -->\n<title>Sanktioner: Putins oligarker har investerat i spanska fastighetssektorn - Svenska Magasinet<\/title>\n<meta name=\"robots\" content=\"noindex, follow, max-snippet:-1, max-image-preview:large, max-video-preview:-1\" \/>\n<meta property=\"og:locale\" content=\"sv_SE\" \/>\n<meta property=\"og:type\" content=\"article\" \/>\n<meta property=\"og:title\" content=\"Sanktioner: Putins oligarker har investerat i spanska fastighetssektorn\" \/>\n<meta property=\"og:description\" content=\"Det finns 11.500 ukrainska medborgare bosatta p\u00e5 Solkusten som med stor oro f\u00f6ljer utvecklingen i sitt hemland efter att Rysslands president Vladimir Putin klockan 4 i torsdags morse meddelat att han godk\u00e4nt \u201den s\u00e4rskild milit\u00e4r operation\u201d. EU:s utrikesminister, spanjoren Josep Borrell, beskriver utvecklingen som \u201dbland de m\u00f6rkaste timmarna i Europa sedan andra v\u00e4rldskriget\u201d. Ryssland \u00e4r [&hellip;]\" \/>\n<meta property=\"og:url\" content=\"https:\/\/lightweb.dev\/l\/svm-temp\/nyheter\/sanktioner-putins-oligarker-har-investerat-i-spanska-fastighetssektorn\/\" \/>\n<meta property=\"og:site_name\" content=\"Svenska Magasinet\" \/>\n<meta property=\"article:publisher\" content=\"https:\/\/www.facebook.com\/svenskamagasinet\" \/>\n<meta property=\"article:published_time\" content=\"2022-02-25T10:58:00+00:00\" \/>\n<meta property=\"og:image\" content=\"https:\/\/lightweb.dev\/l\/svm-temp\/wp-content\/uploads\/2022\/04\/sanktioner-putins-oligarker-har-investerat-i-spanska-fastighetssektorn.png\" \/>\n\t<meta property=\"og:image:width\" content=\"500\" \/>\n\t<meta property=\"og:image:height\" content=\"301\" \/>\n\t<meta property=\"og:image:type\" content=\"image\/png\" \/>\n<meta name=\"author\" content=\"Ola Josefsson\" \/>\n<meta name=\"twitter:card\" content=\"summary_large_image\" \/>\n<meta name=\"twitter:creator\" content=\"@SvenskaMagasine\" \/>\n<meta name=\"twitter:site\" content=\"@SvenskaMagasine\" \/>\n<script type=\"application\/ld+json\" class=\"yoast-schema-graph\">{\"@context\":\"https:\\\/\\\/schema.org\",\"@graph\":[{\"@type\":\"Article\",\"@id\":\"https:\\\/\\\/lightweb.dev\\\/l\\\/svm-temp\\\/nyheter\\\/sanktioner-putins-oligarker-har-investerat-i-spanska-fastighetssektorn\\\/#article\",\"isPartOf\":{\"@id\":\"https:\\\/\\\/lightweb.dev\\\/l\\\/svm-temp\\\/nyheter\\\/sanktioner-putins-oligarker-har-investerat-i-spanska-fastighetssektorn\\\/\"},\"author\":{\"name\":\"Ola Josefsson\",\"@id\":\"https:\\\/\\\/lightweb.dev\\\/l\\\/svm-temp\\\/#\\\/schema\\\/person\\\/7a82b8a73d171d32360a564b6d03508e\"},\"headline\":\"Sanktioner: Putins oligarker har investerat i spanska fastighetssektorn\",\"datePublished\":\"2022-02-25T10:58:00+00:00\",\"mainEntityOfPage\":{\"@id\":\"https:\\\/\\\/lightweb.dev\\\/l\\\/svm-temp\\\/nyheter\\\/sanktioner-putins-oligarker-har-investerat-i-spanska-fastighetssektorn\\\/\"},\"wordCount\":587,\"commentCount\":0,\"publisher\":{\"@id\":\"https:\\\/\\\/lightweb.dev\\\/l\\\/svm-temp\\\/#organization\"},\"image\":{\"@id\":\"https:\\\/\\\/lightweb.dev\\\/l\\\/svm-temp\\\/nyheter\\\/sanktioner-putins-oligarker-har-investerat-i-spanska-fastighetssektorn\\\/#primaryimage\"},\"thumbnailUrl\":\"https:\\\/\\\/lightweb.dev\\\/l\\\/svm-temp\\\/wp-content\\\/uploads\\\/2022\\\/04\\\/sanktioner-putins-oligarker-har-investerat-i-spanska-fastighetssektorn.png\",\"articleSection\":[\"Arkiv\",\"Nyheter\"],\"inLanguage\":\"sv-SE\"},{\"@type\":\"WebPage\",\"@id\":\"https:\\\/\\\/lightweb.dev\\\/l\\\/svm-temp\\\/nyheter\\\/sanktioner-putins-oligarker-har-investerat-i-spanska-fastighetssektorn\\\/\",\"url\":\"https:\\\/\\\/lightweb.dev\\\/l\\\/svm-temp\\\/nyheter\\\/sanktioner-putins-oligarker-har-investerat-i-spanska-fastighetssektorn\\\/\",\"name\":\"Sanktioner: Putins oligarker har investerat i spanska fastighetssektorn - Svenska Magasinet\",\"isPartOf\":{\"@id\":\"https:\\\/\\\/lightweb.dev\\\/l\\\/svm-temp\\\/#website\"},\"primaryImageOfPage\":{\"@id\":\"https:\\\/\\\/lightweb.dev\\\/l\\\/svm-temp\\\/nyheter\\\/sanktioner-putins-oligarker-har-investerat-i-spanska-fastighetssektorn\\\/#primaryimage\"},\"image\":{\"@id\":\"https:\\\/\\\/lightweb.dev\\\/l\\\/svm-temp\\\/nyheter\\\/sanktioner-putins-oligarker-har-investerat-i-spanska-fastighetssektorn\\\/#primaryimage\"},\"thumbnailUrl\":\"https:\\\/\\\/lightweb.dev\\\/l\\\/svm-temp\\\/wp-content\\\/uploads\\\/2022\\\/04\\\/sanktioner-putins-oligarker-har-investerat-i-spanska-fastighetssektorn.png\",\"datePublished\":\"2022-02-25T10:58:00+00:00\",\"breadcrumb\":{\"@id\":\"https:\\\/\\\/lightweb.dev\\\/l\\\/svm-temp\\\/nyheter\\\/sanktioner-putins-oligarker-har-investerat-i-spanska-fastighetssektorn\\\/#breadcrumb\"},\"inLanguage\":\"sv-SE\",\"potentialAction\":[{\"@type\":\"ReadAction\",\"target\":[\"https:\\\/\\\/lightweb.dev\\\/l\\\/svm-temp\\\/nyheter\\\/sanktioner-putins-oligarker-har-investerat-i-spanska-fastighetssektorn\\\/\"]}]},{\"@type\":\"ImageObject\",\"inLanguage\":\"sv-SE\",\"@id\":\"https:\\\/\\\/lightweb.dev\\\/l\\\/svm-temp\\\/nyheter\\\/sanktioner-putins-oligarker-har-investerat-i-spanska-fastighetssektorn\\\/#primaryimage\",\"url\":\"https:\\\/\\\/lightweb.dev\\\/l\\\/svm-temp\\\/wp-content\\\/uploads\\\/2022\\\/04\\\/sanktioner-putins-oligarker-har-investerat-i-spanska-fastighetssektorn.png\",\"contentUrl\":\"https:\\\/\\\/lightweb.dev\\\/l\\\/svm-temp\\\/wp-content\\\/uploads\\\/2022\\\/04\\\/sanktioner-putins-oligarker-har-investerat-i-spanska-fastighetssektorn.png\",\"width\":500,\"height\":301},{\"@type\":\"BreadcrumbList\",\"@id\":\"https:\\\/\\\/lightweb.dev\\\/l\\\/svm-temp\\\/nyheter\\\/sanktioner-putins-oligarker-har-investerat-i-spanska-fastighetssektorn\\\/#breadcrumb\",\"itemListElement\":[{\"@type\":\"ListItem\",\"position\":1,\"name\":\"Hem\",\"item\":\"https:\\\/\\\/lightweb.dev\\\/l\\\/svm-temp\\\/\"},{\"@type\":\"ListItem\",\"position\":2,\"name\":\"Sanktioner: Putins oligarker har investerat i spanska fastighetssektorn\"}]},{\"@type\":\"WebSite\",\"@id\":\"https:\\\/\\\/lightweb.dev\\\/l\\\/svm-temp\\\/#website\",\"url\":\"https:\\\/\\\/lightweb.dev\\\/l\\\/svm-temp\\\/\",\"name\":\"Svenska Magasinet\",\"description\":\"Dina Spanska nyheter p&aring; Svenska\",\"publisher\":{\"@id\":\"https:\\\/\\\/lightweb.dev\\\/l\\\/svm-temp\\\/#organization\"},\"potentialAction\":[{\"@type\":\"SearchAction\",\"target\":{\"@type\":\"EntryPoint\",\"urlTemplate\":\"https:\\\/\\\/lightweb.dev\\\/l\\\/svm-temp\\\/?s={search_term_string}\"},\"query-input\":{\"@type\":\"PropertyValueSpecification\",\"valueRequired\":true,\"valueName\":\"search_term_string\"}}],\"inLanguage\":\"sv-SE\"},{\"@type\":\"Organization\",\"@id\":\"https:\\\/\\\/lightweb.dev\\\/l\\\/svm-temp\\\/#organization\",\"name\":\"Melkerson y Nott SL\",\"alternateName\":\"Svenska Magasinet\",\"url\":\"https:\\\/\\\/lightweb.dev\\\/l\\\/svm-temp\\\/\",\"logo\":{\"@type\":\"ImageObject\",\"inLanguage\":\"sv-SE\",\"@id\":\"https:\\\/\\\/lightweb.dev\\\/l\\\/svm-temp\\\/#\\\/schema\\\/logo\\\/image\\\/\",\"url\":\"https:\\\/\\\/lightweb.dev\\\/l\\\/svm-temp\\\/wp-content\\\/uploads\\\/2025\\\/02\\\/SvM-logo-Xtra-Centrerad-SVART.png\",\"contentUrl\":\"https:\\\/\\\/lightweb.dev\\\/l\\\/svm-temp\\\/wp-content\\\/uploads\\\/2025\\\/02\\\/SvM-logo-Xtra-Centrerad-SVART.png\",\"width\":300,\"height\":99,\"caption\":\"Melkerson y Nott SL\"},\"image\":{\"@id\":\"https:\\\/\\\/lightweb.dev\\\/l\\\/svm-temp\\\/#\\\/schema\\\/logo\\\/image\\\/\"},\"sameAs\":[\"https:\\\/\\\/www.facebook.com\\\/svenskamagasinet\",\"https:\\\/\\\/x.com\\\/SvenskaMagasine\"]},{\"@type\":\"Person\",\"@id\":\"https:\\\/\\\/lightweb.dev\\\/l\\\/svm-temp\\\/#\\\/schema\\\/person\\\/7a82b8a73d171d32360a564b6d03508e\",\"name\":\"Ola Josefsson\",\"description\":\"Bevakar Solkusten och Spanien sedan 1994.\",\"sameAs\":[\"https:\\\/\\\/lightweb.dev\\\/l\\\/svm-temp\"],\"url\":\"https:\\\/\\\/lightweb.dev\\\/l\\\/svm-temp\\\/reporter\\\/ola-josefsson\\\/\"}]}<\/script>\n<!-- \/ Yoast SEO Premium plugin. -->","yoast_head_json":{"title":"Sanktioner: Putins oligarker har investerat i spanska fastighetssektorn - Svenska Magasinet","robots":{"index":"noindex","follow":"follow","max-snippet":"max-snippet:-1","max-image-preview":"max-image-preview:large","max-video-preview":"max-video-preview:-1"},"og_locale":"sv_SE","og_type":"article","og_title":"Sanktioner: Putins oligarker har investerat i spanska fastighetssektorn","og_description":"Det finns 11.500 ukrainska medborgare bosatta p\u00e5 Solkusten som med stor oro f\u00f6ljer utvecklingen i sitt hemland efter att Rysslands president Vladimir Putin klockan 4 i torsdags morse meddelat att han godk\u00e4nt \u201den s\u00e4rskild milit\u00e4r operation\u201d. EU:s utrikesminister, spanjoren Josep Borrell, beskriver utvecklingen som \u201dbland de m\u00f6rkaste timmarna i Europa sedan andra v\u00e4rldskriget\u201d. Ryssland \u00e4r [&hellip;]","og_url":"https:\/\/lightweb.dev\/l\/svm-temp\/nyheter\/sanktioner-putins-oligarker-har-investerat-i-spanska-fastighetssektorn\/","og_site_name":"Svenska Magasinet","article_publisher":"https:\/\/www.facebook.com\/svenskamagasinet","article_published_time":"2022-02-25T10:58:00+00:00","og_image":[{"width":500,"height":301,"url":"https:\/\/lightweb.dev\/l\/svm-temp\/wp-content\/uploads\/2022\/04\/sanktioner-putins-oligarker-har-investerat-i-spanska-fastighetssektorn.png","type":"image\/png"}],"author":"Ola Josefsson","twitter_card":"summary_large_image","twitter_creator":"@SvenskaMagasine","twitter_site":"@SvenskaMagasine","schema":{"@context":"https:\/\/schema.org","@graph":[{"@type":"Article","@id":"https:\/\/lightweb.dev\/l\/svm-temp\/nyheter\/sanktioner-putins-oligarker-har-investerat-i-spanska-fastighetssektorn\/#article","isPartOf":{"@id":"https:\/\/lightweb.dev\/l\/svm-temp\/nyheter\/sanktioner-putins-oligarker-har-investerat-i-spanska-fastighetssektorn\/"},"author":{"name":"Ola Josefsson","@id":"https:\/\/lightweb.dev\/l\/svm-temp\/#\/schema\/person\/7a82b8a73d171d32360a564b6d03508e"},"headline":"Sanktioner: Putins oligarker har investerat i spanska fastighetssektorn","datePublished":"2022-02-25T10:58:00+00:00","mainEntityOfPage":{"@id":"https:\/\/lightweb.dev\/l\/svm-temp\/nyheter\/sanktioner-putins-oligarker-har-investerat-i-spanska-fastighetssektorn\/"},"wordCount":587,"commentCount":0,"publisher":{"@id":"https:\/\/lightweb.dev\/l\/svm-temp\/#organization"},"image":{"@id":"https:\/\/lightweb.dev\/l\/svm-temp\/nyheter\/sanktioner-putins-oligarker-har-investerat-i-spanska-fastighetssektorn\/#primaryimage"},"thumbnailUrl":"https:\/\/lightweb.dev\/l\/svm-temp\/wp-content\/uploads\/2022\/04\/sanktioner-putins-oligarker-har-investerat-i-spanska-fastighetssektorn.png","articleSection":["Arkiv","Nyheter"],"inLanguage":"sv-SE"},{"@type":"WebPage","@id":"https:\/\/lightweb.dev\/l\/svm-temp\/nyheter\/sanktioner-putins-oligarker-har-investerat-i-spanska-fastighetssektorn\/","url":"https:\/\/lightweb.dev\/l\/svm-temp\/nyheter\/sanktioner-putins-oligarker-har-investerat-i-spanska-fastighetssektorn\/","name":"Sanktioner: Putins oligarker har investerat i spanska fastighetssektorn - Svenska Magasinet","isPartOf":{"@id":"https:\/\/lightweb.dev\/l\/svm-temp\/#website"},"primaryImageOfPage":{"@id":"https:\/\/lightweb.dev\/l\/svm-temp\/nyheter\/sanktioner-putins-oligarker-har-investerat-i-spanska-fastighetssektorn\/#primaryimage"},"image":{"@id":"https:\/\/lightweb.dev\/l\/svm-temp\/nyheter\/sanktioner-putins-oligarker-har-investerat-i-spanska-fastighetssektorn\/#primaryimage"},"thumbnailUrl":"https:\/\/lightweb.dev\/l\/svm-temp\/wp-content\/uploads\/2022\/04\/sanktioner-putins-oligarker-har-investerat-i-spanska-fastighetssektorn.png","datePublished":"2022-02-25T10:58:00+00:00","breadcrumb":{"@id":"https:\/\/lightweb.dev\/l\/svm-temp\/nyheter\/sanktioner-putins-oligarker-har-investerat-i-spanska-fastighetssektorn\/#breadcrumb"},"inLanguage":"sv-SE","potentialAction":[{"@type":"ReadAction","target":["https:\/\/lightweb.dev\/l\/svm-temp\/nyheter\/sanktioner-putins-oligarker-har-investerat-i-spanska-fastighetssektorn\/"]}]},{"@type":"ImageObject","inLanguage":"sv-SE","@id":"https:\/\/lightweb.dev\/l\/svm-temp\/nyheter\/sanktioner-putins-oligarker-har-investerat-i-spanska-fastighetssektorn\/#primaryimage","url":"https:\/\/lightweb.dev\/l\/svm-temp\/wp-content\/uploads\/2022\/04\/sanktioner-putins-oligarker-har-investerat-i-spanska-fastighetssektorn.png","contentUrl":"https:\/\/lightweb.dev\/l\/svm-temp\/wp-content\/uploads\/2022\/04\/sanktioner-putins-oligarker-har-investerat-i-spanska-fastighetssektorn.png","width":500,"height":301},{"@type":"BreadcrumbList","@id":"https:\/\/lightweb.dev\/l\/svm-temp\/nyheter\/sanktioner-putins-oligarker-har-investerat-i-spanska-fastighetssektorn\/#breadcrumb","itemListElement":[{"@type":"ListItem","position":1,"name":"Hem","item":"https:\/\/lightweb.dev\/l\/svm-temp\/"},{"@type":"ListItem","position":2,"name":"Sanktioner: Putins oligarker har investerat i spanska fastighetssektorn"}]},{"@type":"WebSite","@id":"https:\/\/lightweb.dev\/l\/svm-temp\/#website","url":"https:\/\/lightweb.dev\/l\/svm-temp\/","name":"Svenska Magasinet","description":"Dina Spanska nyheter p&aring; Svenska","publisher":{"@id":"https:\/\/lightweb.dev\/l\/svm-temp\/#organization"},"potentialAction":[{"@type":"SearchAction","target":{"@type":"EntryPoint","urlTemplate":"https:\/\/lightweb.dev\/l\/svm-temp\/?s={search_term_string}"},"query-input":{"@type":"PropertyValueSpecification","valueRequired":true,"valueName":"search_term_string"}}],"inLanguage":"sv-SE"},{"@type":"Organization","@id":"https:\/\/lightweb.dev\/l\/svm-temp\/#organization","name":"Melkerson y Nott SL","alternateName":"Svenska Magasinet","url":"https:\/\/lightweb.dev\/l\/svm-temp\/","logo":{"@type":"ImageObject","inLanguage":"sv-SE","@id":"https:\/\/lightweb.dev\/l\/svm-temp\/#\/schema\/logo\/image\/","url":"https:\/\/lightweb.dev\/l\/svm-temp\/wp-content\/uploads\/2025\/02\/SvM-logo-Xtra-Centrerad-SVART.png","contentUrl":"https:\/\/lightweb.dev\/l\/svm-temp\/wp-content\/uploads\/2025\/02\/SvM-logo-Xtra-Centrerad-SVART.png","width":300,"height":99,"caption":"Melkerson y Nott SL"},"image":{"@id":"https:\/\/lightweb.dev\/l\/svm-temp\/#\/schema\/logo\/image\/"},"sameAs":["https:\/\/www.facebook.com\/svenskamagasinet","https:\/\/x.com\/SvenskaMagasine"]},{"@type":"Person","@id":"https:\/\/lightweb.dev\/l\/svm-temp\/#\/schema\/person\/7a82b8a73d171d32360a564b6d03508e","name":"Ola Josefsson","description":"Bevakar Solkusten och Spanien sedan 1994.","sameAs":["https:\/\/lightweb.dev\/l\/svm-temp"],"url":"https:\/\/lightweb.dev\/l\/svm-temp\/reporter\/ola-josefsson\/"}]}},"_links":{"self":[{"href":"https:\/\/lightweb.dev\/l\/svm-temp\/wp-json\/wp\/v2\/posts\/669","targetHints":{"allow":["GET"]}}],"collection":[{"href":"https:\/\/lightweb.dev\/l\/svm-temp\/wp-json\/wp\/v2\/posts"}],"about":[{"href":"https:\/\/lightweb.dev\/l\/svm-temp\/wp-json\/wp\/v2\/types\/post"}],"author":[{"embeddable":true,"href":"https:\/\/lightweb.dev\/l\/svm-temp\/wp-json\/wp\/v2\/users\/7"}],"replies":[{"embeddable":true,"href":"https:\/\/lightweb.dev\/l\/svm-temp\/wp-json\/wp\/v2\/comments?post=669"}],"version-history":[{"count":0,"href":"https:\/\/lightweb.dev\/l\/svm-temp\/wp-json\/wp\/v2\/posts\/669\/revisions"}],"wp:featuredmedia":[{"embeddable":true,"href":"https:\/\/lightweb.dev\/l\/svm-temp\/wp-json\/wp\/v2\/media\/670"}],"wp:attachment":[{"href":"https:\/\/lightweb.dev\/l\/svm-temp\/wp-json\/wp\/v2\/media?parent=669"}],"wp:term":[{"taxonomy":"category","embeddable":true,"href":"https:\/\/lightweb.dev\/l\/svm-temp\/wp-json\/wp\/v2\/categories?post=669"},{"taxonomy":"post_tag","embeddable":true,"href":"https:\/\/lightweb.dev\/l\/svm-temp\/wp-json\/wp\/v2\/tags?post=669"}],"curies":[{"name":"wp","href":"https:\/\/api.w.org\/{rel}","templated":true}]}}