{"id":671,"date":"2022-02-25T12:49:00","date_gmt":"2022-02-25T11:49:00","guid":{"rendered":"https:\/\/lightweb.dev\/l\/svm-temp\/costa-del-sol-satsar-pa-reklamkampanj-i-sverige\/"},"modified":"2022-02-25T12:49:00","modified_gmt":"2022-02-25T11:49:00","slug":"costa-del-sol-satsar-pa-reklamkampanj-i-sverige","status":"publish","type":"post","link":"https:\/\/lightweb.dev\/l\/svm-temp\/nyheter\/costa-del-sol-satsar-pa-reklamkampanj-i-sverige\/","title":{"rendered":"Costa del Sol satsar p\u00e5 reklamkampanj i Sverige"},"content":{"rendered":"<p> Under fjol\u00e5ret 2021 anl\u00e4nde 184.111 svenska turister till Costa del Sol vilket var en uppg\u00e5ng med 86 procent j\u00e4mf\u00f6rt med 2020. Och nu ska de svenska turisterna bli fler p\u00e5 den spanska Solkusten.<br \/>\n Vid en presstr\u00e4ff ber\u00e4ttade Francisco Salado, ordf\u00f6rande vid provinsstyrelsen Diputaci\u00f3n och vid det offentliga f\u00f6retaget Turismo, att under 2022 g\u00f6rs en st\u00f6rre PR-kampanj i l\u00e4nder som Tyskland, Belgien, Frankrike, Danmark och Sverige.<\/p>\n<p>1,6 miljoner euro satsas i reklamkampanjer i flera l\u00e4nder d\u00e4ribland Sverige och Danmark.<\/p>\n<p>&#8211; Vi t\u00e4nker inte bli helt beroende av Storbritannien och vi ska inte heller \u00f6verge v\u00e5r nationella marknad, den spanska, men vi vill forts\u00e4tta att v\u00e4xa i l\u00e4nder som redan visar goda resultat, s\u00e4ger Salado.<\/p>\n<p>Nu tar turistbranschen p\u00e5 Costa del Sol och i M\u00e1lagaprovinsen sikte p\u00e5 andra l\u00e4nders turister som \u00f6kade stort under fjol\u00e5ret och som under 2022 f\u00f6rv\u00e4ntas \u00f6ka ytterligare.<\/p>\n<p>Det g\u00e4ller Tyskland som med 353.431 passagerare f\u00f6rra \u00e5ret \u00f6kade med 87,6 procent j\u00e4mf\u00f6rt med 2020. Frankrike registrerade 291.780 +69 %, Belgien 244.244 +86%, Danmark 203.272 passagerare +131% och fr\u00e5n Sverige kom 184.111 passagerare vilket var 86 procent fler \u00e4n 2020.<\/p>\n<p>Salado f\u00f6rklarar att bakom satsningen ligger en noggrann gjord kundprofil.<br \/>\n&#8211; Vi vet att tyska resen\u00e4rer prioriterar kvalitet f\u00f6re pris och h\u00e5llbarhet. De f\u00f6redrar familjeturism, inlandsturism och lyx.<\/p>\n<p>Salado s\u00e4ger vidare att danskars och svenskars \u00f6nskem\u00e5l \u00e4r ganska lika. Det \u00e4r allt fr\u00e5n golf, upplevelseturism, bes\u00f6k i inlandet till sol och strand.<\/p>\n<p>85 procent av svenskarna bokar online. Deras vistelse vara i genomsnitt tio dagar med en resebudget p\u00e5 1.331 euro.<\/p>\n","protected":false},"excerpt":{"rendered":"<p>Under fjol\u00e5ret 2021 anl\u00e4nde 184.111 svenska turister till Costa del Sol vilket var en uppg\u00e5ng med 86 procent j\u00e4mf\u00f6rt med 2020. Och nu ska de svenska turisterna bli fler p\u00e5 den spanska Solkusten. Vid en presstr\u00e4ff ber\u00e4ttade Francisco Salado, ordf\u00f6rande vid provinsstyrelsen Diputaci\u00f3n och vid det offentliga f\u00f6retaget Turismo, att under 2022 g\u00f6rs en st\u00f6rre [&hellip;]<\/p>\n","protected":false},"author":7,"featured_media":672,"comment_status":"open","ping_status":"open","sticky":false,"template":"","format":"standard","meta":{"_et_pb_use_builder":"","_et_pb_old_content":"","_et_gb_content_width":"","footnotes":""},"categories":[395,3],"tags":[],"class_list":["post-671","post","type-post","status-publish","format-standard","has-post-thumbnail","hentry","category-arkiv-nyheter","category-nyheter"],"yoast_head":"<!-- This site is optimized with the Yoast SEO Premium plugin v26.2 (Yoast SEO v27.4) - https:\/\/yoast.com\/product\/yoast-seo-premium-wordpress\/ -->\n<title>Costa del Sol satsar p\u00e5 reklamkampanj i Sverige - Svenska Magasinet<\/title>\n<meta name=\"robots\" content=\"noindex, follow, max-snippet:-1, max-image-preview:large, max-video-preview:-1\" \/>\n<meta property=\"og:locale\" content=\"sv_SE\" \/>\n<meta property=\"og:type\" content=\"article\" \/>\n<meta property=\"og:title\" content=\"Costa del Sol satsar p\u00e5 reklamkampanj i Sverige\" \/>\n<meta property=\"og:description\" content=\"Under fjol\u00e5ret 2021 anl\u00e4nde 184.111 svenska turister till Costa del Sol vilket var en uppg\u00e5ng med 86 procent j\u00e4mf\u00f6rt med 2020. Och nu ska de svenska turisterna bli fler p\u00e5 den spanska Solkusten. Vid en presstr\u00e4ff ber\u00e4ttade Francisco Salado, ordf\u00f6rande vid provinsstyrelsen Diputaci\u00f3n och vid det offentliga f\u00f6retaget Turismo, att under 2022 g\u00f6rs en st\u00f6rre [&hellip;]\" \/>\n<meta property=\"og:url\" content=\"https:\/\/lightweb.dev\/l\/svm-temp\/nyheter\/costa-del-sol-satsar-pa-reklamkampanj-i-sverige\/\" \/>\n<meta property=\"og:site_name\" content=\"Svenska Magasinet\" \/>\n<meta property=\"article:publisher\" content=\"https:\/\/www.facebook.com\/svenskamagasinet\" \/>\n<meta property=\"article:published_time\" content=\"2022-02-25T11:49:00+00:00\" \/>\n<meta property=\"og:image\" content=\"https:\/\/lightweb.dev\/l\/svm-temp\/wp-content\/uploads\/2022\/04\/costa-del-sol-satsar-p-reklamkampanj-i-sverige.png\" \/>\n\t<meta property=\"og:image:width\" content=\"500\" \/>\n\t<meta property=\"og:image:height\" content=\"300\" \/>\n\t<meta property=\"og:image:type\" content=\"image\/png\" \/>\n<meta name=\"author\" content=\"Ola Josefsson\" \/>\n<meta name=\"twitter:card\" content=\"summary_large_image\" \/>\n<meta name=\"twitter:creator\" content=\"@SvenskaMagasine\" \/>\n<meta name=\"twitter:site\" content=\"@SvenskaMagasine\" \/>\n<script type=\"application\/ld+json\" class=\"yoast-schema-graph\">{\"@context\":\"https:\\\/\\\/schema.org\",\"@graph\":[{\"@type\":\"Article\",\"@id\":\"https:\\\/\\\/lightweb.dev\\\/l\\\/svm-temp\\\/nyheter\\\/costa-del-sol-satsar-pa-reklamkampanj-i-sverige\\\/#article\",\"isPartOf\":{\"@id\":\"https:\\\/\\\/lightweb.dev\\\/l\\\/svm-temp\\\/nyheter\\\/costa-del-sol-satsar-pa-reklamkampanj-i-sverige\\\/\"},\"author\":{\"name\":\"Ola Josefsson\",\"@id\":\"https:\\\/\\\/lightweb.dev\\\/l\\\/svm-temp\\\/#\\\/schema\\\/person\\\/7a82b8a73d171d32360a564b6d03508e\"},\"headline\":\"Costa del Sol satsar p\u00e5 reklamkampanj i Sverige\",\"datePublished\":\"2022-02-25T11:49:00+00:00\",\"mainEntityOfPage\":{\"@id\":\"https:\\\/\\\/lightweb.dev\\\/l\\\/svm-temp\\\/nyheter\\\/costa-del-sol-satsar-pa-reklamkampanj-i-sverige\\\/\"},\"wordCount\":278,\"commentCount\":0,\"publisher\":{\"@id\":\"https:\\\/\\\/lightweb.dev\\\/l\\\/svm-temp\\\/#organization\"},\"image\":{\"@id\":\"https:\\\/\\\/lightweb.dev\\\/l\\\/svm-temp\\\/nyheter\\\/costa-del-sol-satsar-pa-reklamkampanj-i-sverige\\\/#primaryimage\"},\"thumbnailUrl\":\"https:\\\/\\\/lightweb.dev\\\/l\\\/svm-temp\\\/wp-content\\\/uploads\\\/2022\\\/04\\\/costa-del-sol-satsar-p-reklamkampanj-i-sverige.png\",\"articleSection\":[\"Arkiv\",\"Nyheter\"],\"inLanguage\":\"sv-SE\"},{\"@type\":\"WebPage\",\"@id\":\"https:\\\/\\\/lightweb.dev\\\/l\\\/svm-temp\\\/nyheter\\\/costa-del-sol-satsar-pa-reklamkampanj-i-sverige\\\/\",\"url\":\"https:\\\/\\\/lightweb.dev\\\/l\\\/svm-temp\\\/nyheter\\\/costa-del-sol-satsar-pa-reklamkampanj-i-sverige\\\/\",\"name\":\"Costa del Sol satsar p\u00e5 reklamkampanj i Sverige - Svenska Magasinet\",\"isPartOf\":{\"@id\":\"https:\\\/\\\/lightweb.dev\\\/l\\\/svm-temp\\\/#website\"},\"primaryImageOfPage\":{\"@id\":\"https:\\\/\\\/lightweb.dev\\\/l\\\/svm-temp\\\/nyheter\\\/costa-del-sol-satsar-pa-reklamkampanj-i-sverige\\\/#primaryimage\"},\"image\":{\"@id\":\"https:\\\/\\\/lightweb.dev\\\/l\\\/svm-temp\\\/nyheter\\\/costa-del-sol-satsar-pa-reklamkampanj-i-sverige\\\/#primaryimage\"},\"thumbnailUrl\":\"https:\\\/\\\/lightweb.dev\\\/l\\\/svm-temp\\\/wp-content\\\/uploads\\\/2022\\\/04\\\/costa-del-sol-satsar-p-reklamkampanj-i-sverige.png\",\"datePublished\":\"2022-02-25T11:49:00+00:00\",\"breadcrumb\":{\"@id\":\"https:\\\/\\\/lightweb.dev\\\/l\\\/svm-temp\\\/nyheter\\\/costa-del-sol-satsar-pa-reklamkampanj-i-sverige\\\/#breadcrumb\"},\"inLanguage\":\"sv-SE\",\"potentialAction\":[{\"@type\":\"ReadAction\",\"target\":[\"https:\\\/\\\/lightweb.dev\\\/l\\\/svm-temp\\\/nyheter\\\/costa-del-sol-satsar-pa-reklamkampanj-i-sverige\\\/\"]}]},{\"@type\":\"ImageObject\",\"inLanguage\":\"sv-SE\",\"@id\":\"https:\\\/\\\/lightweb.dev\\\/l\\\/svm-temp\\\/nyheter\\\/costa-del-sol-satsar-pa-reklamkampanj-i-sverige\\\/#primaryimage\",\"url\":\"https:\\\/\\\/lightweb.dev\\\/l\\\/svm-temp\\\/wp-content\\\/uploads\\\/2022\\\/04\\\/costa-del-sol-satsar-p-reklamkampanj-i-sverige.png\",\"contentUrl\":\"https:\\\/\\\/lightweb.dev\\\/l\\\/svm-temp\\\/wp-content\\\/uploads\\\/2022\\\/04\\\/costa-del-sol-satsar-p-reklamkampanj-i-sverige.png\",\"width\":500,\"height\":300},{\"@type\":\"BreadcrumbList\",\"@id\":\"https:\\\/\\\/lightweb.dev\\\/l\\\/svm-temp\\\/nyheter\\\/costa-del-sol-satsar-pa-reklamkampanj-i-sverige\\\/#breadcrumb\",\"itemListElement\":[{\"@type\":\"ListItem\",\"position\":1,\"name\":\"Hem\",\"item\":\"https:\\\/\\\/lightweb.dev\\\/l\\\/svm-temp\\\/\"},{\"@type\":\"ListItem\",\"position\":2,\"name\":\"Costa del Sol satsar p\u00e5 reklamkampanj i Sverige\"}]},{\"@type\":\"WebSite\",\"@id\":\"https:\\\/\\\/lightweb.dev\\\/l\\\/svm-temp\\\/#website\",\"url\":\"https:\\\/\\\/lightweb.dev\\\/l\\\/svm-temp\\\/\",\"name\":\"Svenska Magasinet\",\"description\":\"Dina Spanska nyheter p&aring; Svenska\",\"publisher\":{\"@id\":\"https:\\\/\\\/lightweb.dev\\\/l\\\/svm-temp\\\/#organization\"},\"potentialAction\":[{\"@type\":\"SearchAction\",\"target\":{\"@type\":\"EntryPoint\",\"urlTemplate\":\"https:\\\/\\\/lightweb.dev\\\/l\\\/svm-temp\\\/?s={search_term_string}\"},\"query-input\":{\"@type\":\"PropertyValueSpecification\",\"valueRequired\":true,\"valueName\":\"search_term_string\"}}],\"inLanguage\":\"sv-SE\"},{\"@type\":\"Organization\",\"@id\":\"https:\\\/\\\/lightweb.dev\\\/l\\\/svm-temp\\\/#organization\",\"name\":\"Melkerson y Nott SL\",\"alternateName\":\"Svenska Magasinet\",\"url\":\"https:\\\/\\\/lightweb.dev\\\/l\\\/svm-temp\\\/\",\"logo\":{\"@type\":\"ImageObject\",\"inLanguage\":\"sv-SE\",\"@id\":\"https:\\\/\\\/lightweb.dev\\\/l\\\/svm-temp\\\/#\\\/schema\\\/logo\\\/image\\\/\",\"url\":\"https:\\\/\\\/lightweb.dev\\\/l\\\/svm-temp\\\/wp-content\\\/uploads\\\/2025\\\/02\\\/SvM-logo-Xtra-Centrerad-SVART.png\",\"contentUrl\":\"https:\\\/\\\/lightweb.dev\\\/l\\\/svm-temp\\\/wp-content\\\/uploads\\\/2025\\\/02\\\/SvM-logo-Xtra-Centrerad-SVART.png\",\"width\":300,\"height\":99,\"caption\":\"Melkerson y Nott SL\"},\"image\":{\"@id\":\"https:\\\/\\\/lightweb.dev\\\/l\\\/svm-temp\\\/#\\\/schema\\\/logo\\\/image\\\/\"},\"sameAs\":[\"https:\\\/\\\/www.facebook.com\\\/svenskamagasinet\",\"https:\\\/\\\/x.com\\\/SvenskaMagasine\"]},{\"@type\":\"Person\",\"@id\":\"https:\\\/\\\/lightweb.dev\\\/l\\\/svm-temp\\\/#\\\/schema\\\/person\\\/7a82b8a73d171d32360a564b6d03508e\",\"name\":\"Ola Josefsson\",\"description\":\"Bevakar Solkusten och Spanien sedan 1994.\",\"sameAs\":[\"https:\\\/\\\/lightweb.dev\\\/l\\\/svm-temp\"],\"url\":\"https:\\\/\\\/lightweb.dev\\\/l\\\/svm-temp\\\/reporter\\\/ola-josefsson\\\/\"}]}<\/script>\n<!-- \/ Yoast SEO Premium plugin. -->","yoast_head_json":{"title":"Costa del Sol satsar p\u00e5 reklamkampanj i Sverige - Svenska Magasinet","robots":{"index":"noindex","follow":"follow","max-snippet":"max-snippet:-1","max-image-preview":"max-image-preview:large","max-video-preview":"max-video-preview:-1"},"og_locale":"sv_SE","og_type":"article","og_title":"Costa del Sol satsar p\u00e5 reklamkampanj i Sverige","og_description":"Under fjol\u00e5ret 2021 anl\u00e4nde 184.111 svenska turister till Costa del Sol vilket var en uppg\u00e5ng med 86 procent j\u00e4mf\u00f6rt med 2020. Och nu ska de svenska turisterna bli fler p\u00e5 den spanska Solkusten. Vid en presstr\u00e4ff ber\u00e4ttade Francisco Salado, ordf\u00f6rande vid provinsstyrelsen Diputaci\u00f3n och vid det offentliga f\u00f6retaget Turismo, att under 2022 g\u00f6rs en st\u00f6rre [&hellip;]","og_url":"https:\/\/lightweb.dev\/l\/svm-temp\/nyheter\/costa-del-sol-satsar-pa-reklamkampanj-i-sverige\/","og_site_name":"Svenska Magasinet","article_publisher":"https:\/\/www.facebook.com\/svenskamagasinet","article_published_time":"2022-02-25T11:49:00+00:00","og_image":[{"width":500,"height":300,"url":"https:\/\/lightweb.dev\/l\/svm-temp\/wp-content\/uploads\/2022\/04\/costa-del-sol-satsar-p-reklamkampanj-i-sverige.png","type":"image\/png"}],"author":"Ola Josefsson","twitter_card":"summary_large_image","twitter_creator":"@SvenskaMagasine","twitter_site":"@SvenskaMagasine","schema":{"@context":"https:\/\/schema.org","@graph":[{"@type":"Article","@id":"https:\/\/lightweb.dev\/l\/svm-temp\/nyheter\/costa-del-sol-satsar-pa-reklamkampanj-i-sverige\/#article","isPartOf":{"@id":"https:\/\/lightweb.dev\/l\/svm-temp\/nyheter\/costa-del-sol-satsar-pa-reklamkampanj-i-sverige\/"},"author":{"name":"Ola Josefsson","@id":"https:\/\/lightweb.dev\/l\/svm-temp\/#\/schema\/person\/7a82b8a73d171d32360a564b6d03508e"},"headline":"Costa del Sol satsar p\u00e5 reklamkampanj i Sverige","datePublished":"2022-02-25T11:49:00+00:00","mainEntityOfPage":{"@id":"https:\/\/lightweb.dev\/l\/svm-temp\/nyheter\/costa-del-sol-satsar-pa-reklamkampanj-i-sverige\/"},"wordCount":278,"commentCount":0,"publisher":{"@id":"https:\/\/lightweb.dev\/l\/svm-temp\/#organization"},"image":{"@id":"https:\/\/lightweb.dev\/l\/svm-temp\/nyheter\/costa-del-sol-satsar-pa-reklamkampanj-i-sverige\/#primaryimage"},"thumbnailUrl":"https:\/\/lightweb.dev\/l\/svm-temp\/wp-content\/uploads\/2022\/04\/costa-del-sol-satsar-p-reklamkampanj-i-sverige.png","articleSection":["Arkiv","Nyheter"],"inLanguage":"sv-SE"},{"@type":"WebPage","@id":"https:\/\/lightweb.dev\/l\/svm-temp\/nyheter\/costa-del-sol-satsar-pa-reklamkampanj-i-sverige\/","url":"https:\/\/lightweb.dev\/l\/svm-temp\/nyheter\/costa-del-sol-satsar-pa-reklamkampanj-i-sverige\/","name":"Costa del Sol satsar p\u00e5 reklamkampanj i Sverige - Svenska Magasinet","isPartOf":{"@id":"https:\/\/lightweb.dev\/l\/svm-temp\/#website"},"primaryImageOfPage":{"@id":"https:\/\/lightweb.dev\/l\/svm-temp\/nyheter\/costa-del-sol-satsar-pa-reklamkampanj-i-sverige\/#primaryimage"},"image":{"@id":"https:\/\/lightweb.dev\/l\/svm-temp\/nyheter\/costa-del-sol-satsar-pa-reklamkampanj-i-sverige\/#primaryimage"},"thumbnailUrl":"https:\/\/lightweb.dev\/l\/svm-temp\/wp-content\/uploads\/2022\/04\/costa-del-sol-satsar-p-reklamkampanj-i-sverige.png","datePublished":"2022-02-25T11:49:00+00:00","breadcrumb":{"@id":"https:\/\/lightweb.dev\/l\/svm-temp\/nyheter\/costa-del-sol-satsar-pa-reklamkampanj-i-sverige\/#breadcrumb"},"inLanguage":"sv-SE","potentialAction":[{"@type":"ReadAction","target":["https:\/\/lightweb.dev\/l\/svm-temp\/nyheter\/costa-del-sol-satsar-pa-reklamkampanj-i-sverige\/"]}]},{"@type":"ImageObject","inLanguage":"sv-SE","@id":"https:\/\/lightweb.dev\/l\/svm-temp\/nyheter\/costa-del-sol-satsar-pa-reklamkampanj-i-sverige\/#primaryimage","url":"https:\/\/lightweb.dev\/l\/svm-temp\/wp-content\/uploads\/2022\/04\/costa-del-sol-satsar-p-reklamkampanj-i-sverige.png","contentUrl":"https:\/\/lightweb.dev\/l\/svm-temp\/wp-content\/uploads\/2022\/04\/costa-del-sol-satsar-p-reklamkampanj-i-sverige.png","width":500,"height":300},{"@type":"BreadcrumbList","@id":"https:\/\/lightweb.dev\/l\/svm-temp\/nyheter\/costa-del-sol-satsar-pa-reklamkampanj-i-sverige\/#breadcrumb","itemListElement":[{"@type":"ListItem","position":1,"name":"Hem","item":"https:\/\/lightweb.dev\/l\/svm-temp\/"},{"@type":"ListItem","position":2,"name":"Costa del Sol satsar p\u00e5 reklamkampanj i Sverige"}]},{"@type":"WebSite","@id":"https:\/\/lightweb.dev\/l\/svm-temp\/#website","url":"https:\/\/lightweb.dev\/l\/svm-temp\/","name":"Svenska Magasinet","description":"Dina Spanska nyheter p&aring; Svenska","publisher":{"@id":"https:\/\/lightweb.dev\/l\/svm-temp\/#organization"},"potentialAction":[{"@type":"SearchAction","target":{"@type":"EntryPoint","urlTemplate":"https:\/\/lightweb.dev\/l\/svm-temp\/?s={search_term_string}"},"query-input":{"@type":"PropertyValueSpecification","valueRequired":true,"valueName":"search_term_string"}}],"inLanguage":"sv-SE"},{"@type":"Organization","@id":"https:\/\/lightweb.dev\/l\/svm-temp\/#organization","name":"Melkerson y Nott SL","alternateName":"Svenska Magasinet","url":"https:\/\/lightweb.dev\/l\/svm-temp\/","logo":{"@type":"ImageObject","inLanguage":"sv-SE","@id":"https:\/\/lightweb.dev\/l\/svm-temp\/#\/schema\/logo\/image\/","url":"https:\/\/lightweb.dev\/l\/svm-temp\/wp-content\/uploads\/2025\/02\/SvM-logo-Xtra-Centrerad-SVART.png","contentUrl":"https:\/\/lightweb.dev\/l\/svm-temp\/wp-content\/uploads\/2025\/02\/SvM-logo-Xtra-Centrerad-SVART.png","width":300,"height":99,"caption":"Melkerson y Nott SL"},"image":{"@id":"https:\/\/lightweb.dev\/l\/svm-temp\/#\/schema\/logo\/image\/"},"sameAs":["https:\/\/www.facebook.com\/svenskamagasinet","https:\/\/x.com\/SvenskaMagasine"]},{"@type":"Person","@id":"https:\/\/lightweb.dev\/l\/svm-temp\/#\/schema\/person\/7a82b8a73d171d32360a564b6d03508e","name":"Ola Josefsson","description":"Bevakar Solkusten och Spanien sedan 1994.","sameAs":["https:\/\/lightweb.dev\/l\/svm-temp"],"url":"https:\/\/lightweb.dev\/l\/svm-temp\/reporter\/ola-josefsson\/"}]}},"_links":{"self":[{"href":"https:\/\/lightweb.dev\/l\/svm-temp\/wp-json\/wp\/v2\/posts\/671","targetHints":{"allow":["GET"]}}],"collection":[{"href":"https:\/\/lightweb.dev\/l\/svm-temp\/wp-json\/wp\/v2\/posts"}],"about":[{"href":"https:\/\/lightweb.dev\/l\/svm-temp\/wp-json\/wp\/v2\/types\/post"}],"author":[{"embeddable":true,"href":"https:\/\/lightweb.dev\/l\/svm-temp\/wp-json\/wp\/v2\/users\/7"}],"replies":[{"embeddable":true,"href":"https:\/\/lightweb.dev\/l\/svm-temp\/wp-json\/wp\/v2\/comments?post=671"}],"version-history":[{"count":0,"href":"https:\/\/lightweb.dev\/l\/svm-temp\/wp-json\/wp\/v2\/posts\/671\/revisions"}],"wp:featuredmedia":[{"embeddable":true,"href":"https:\/\/lightweb.dev\/l\/svm-temp\/wp-json\/wp\/v2\/media\/672"}],"wp:attachment":[{"href":"https:\/\/lightweb.dev\/l\/svm-temp\/wp-json\/wp\/v2\/media?parent=671"}],"wp:term":[{"taxonomy":"category","embeddable":true,"href":"https:\/\/lightweb.dev\/l\/svm-temp\/wp-json\/wp\/v2\/categories?post=671"},{"taxonomy":"post_tag","embeddable":true,"href":"https:\/\/lightweb.dev\/l\/svm-temp\/wp-json\/wp\/v2\/tags?post=671"}],"curies":[{"name":"wp","href":"https:\/\/api.w.org\/{rel}","templated":true}]}}