{"id":67109,"date":"2023-11-02T01:00:35","date_gmt":"2023-11-02T00:00:35","guid":{"rendered":"https:\/\/lightweb.dev\/l\/svm-temp\/?p=67109"},"modified":"2023-11-02T12:40:13","modified_gmt":"2023-11-02T11:40:13","slug":"maklarspalten-salja-bostad-i-spanien-skattefakta-for-battre-avkastning","status":"publish","type":"post","link":"https:\/\/lightweb.dev\/l\/svm-temp\/artiklar\/maklarspalten-salja-bostad-i-spanien-skattefakta-for-battre-avkastning\/","title":{"rendered":"S\u00e4lja bostad i Spanien? Skattefakta f\u00f6r b\u00e4ttre avkastning!"},"content":{"rendered":"<p><strong>I tidigare utg\u00e5va betonade vi den ypperliga tidpunkt som nu utg\u00f6r f\u00f6r svenska bostads\u00e4gare p\u00e5 Costa del Sol i Spanien att s\u00e4lja sina bost\u00e4der.<\/strong><\/p>\n<p><strong>Den blomstrande fastighetsmarknaden och den gynnsamma valutakursen till svenska kronan skapar en optimal period f\u00f6r att maximera avkastningen p\u00e5 f\u00f6rs\u00e4ljningen.<\/strong><\/p>\n<div id=\"attachment_67110\" style=\"width: 310px\" class=\"wp-caption alignleft\"><img loading=\"lazy\" decoding=\"async\" aria-describedby=\"caption-attachment-67110\" class=\"size-medium wp-image-67110\" src=\"https:\/\/lightweb.dev\/l\/svm-temp\/wp-content\/uploads\/2023\/10\/1597156735533-stor-300x300.jpeg\" alt=\"\" width=\"300\" height=\"300\" srcset=\"https:\/\/lightweb.dev\/l\/svm-temp\/wp-content\/uploads\/2023\/10\/1597156735533-stor-300x300.jpeg 300w, https:\/\/lightweb.dev\/l\/svm-temp\/wp-content\/uploads\/2023\/10\/1597156735533-stor-150x150.jpeg 150w, https:\/\/lightweb.dev\/l\/svm-temp\/wp-content\/uploads\/2023\/10\/1597156735533-stor-610x610.jpeg 610w, https:\/\/lightweb.dev\/l\/svm-temp\/wp-content\/uploads\/2023\/10\/1597156735533-stor-440x440.jpeg 440w, https:\/\/lightweb.dev\/l\/svm-temp\/wp-content\/uploads\/2023\/10\/1597156735533-stor-600x600.jpeg 600w, https:\/\/lightweb.dev\/l\/svm-temp\/wp-content\/uploads\/2023\/10\/1597156735533-stor-100x100.jpeg 100w, https:\/\/lightweb.dev\/l\/svm-temp\/wp-content\/uploads\/2023\/10\/1597156735533-stor.jpeg 675w\" sizes=\"(max-width: 300px) 100vw, 300px\" \/><p id=\"caption-attachment-67110\" class=\"wp-caption-text\">Gustav H\u00e5kansson, franchisetagare p\u00e5 SkandiaM\u00e4klarna Costa del Sol. Tel: +34 684 130 020<\/p><\/div>\n<p>F\u00f6r att hj\u00e4lpa dig optimera denna m\u00f6jlighet, guidar Gustav H\u00e5kansson, Franchisetagare p\u00e5 SkandiaM\u00e4klarna Costa del Sol, oss genom de viktiga skatteaspekterna som du b\u00f6r vara medveten om innan du s\u00e4tter ig\u00e5ng.<\/p>\n<h2><strong>Vad kostar det att s\u00e4lja en bostad i Spanien?<\/strong><\/h2>\n<ul>\n<li>Jag f\u00e5r ofta fr\u00e5gor relaterade till skatter i samband med en bostadsf\u00f6rs\u00e4ljning.<\/li>\n<\/ul>\n<p>Eftersom bostadspriserna har stigit stabilt sedan 2014 \u00e4r det m\u00e5nga som idag s\u00e4ljer med vinst och den f\u00f6rsta parametern att ha i ber\u00e4kningarna vid en f\u00f6rs\u00e4ljning \u00e4r just kapitalvinstskatt eller reavinstskatten.<\/p>\n<p>Om man som s\u00e4ljare \u00e4r \u201dicke-resident\u201d i Spanien betalar man 19% av vinsten efter avdrag f\u00f6r kostnader som \u00e4r direkt kopplade till f\u00f6rs\u00e4ljningen.<\/p>\n<p>\u00c4r man d\u00e4remot resident och fast bosatt i Spanien g\u00e4ller en trappa mellan 19 \u2013 28% beroende p\u00e5 hur stor vinsten \u00e4r.<\/p>\n<p>Upp till 6.000\u20ac i vinst \u00e4r skatten 19%, p\u00e5 summan mellan 6.000\u20ac och 50.000\u20ac \u00e4r skatten 21%, summan mellan 50.000\u20ac och 200.000\u20ac \u00e4r skatten 23%, mellan 200.000\u20ac och 300.000\u20ac \u00e4r det 27% och slutligen betalar man 28% p\u00e5 all vinst \u00f6ver 300.000\u20ac.<\/p>\n<p>50% av skatten g\u00e5r till spanska staten och den andra h\u00e4lften g\u00e5r till den autonoma regionen som till exempel Andalucia.<\/p>\n<p>Spanska Skatteverket har en metod f\u00f6r att s\u00e4kerst\u00e4lla att \u201dicke-residenta\u201d s\u00e4ljare inte l\u00e4mnar landet utan att betala f\u00f6r sig. Det g\u00f6r man via att h\u00e5lla in 3% av f\u00f6rs\u00e4ljningsbeloppet som ett f\u00f6rskott p\u00e5 eventuell reavinst. \u00c4r vinsten mindre \u00e4n det beloppet s\u00e5 betalas mellanskillnaden ut till s\u00e4ljaren, och \u00e4r beloppet st\u00f6rre f\u00e5r man g\u00f6ra en extra inbetalning. Jag brukar r\u00e4kna med att det kan ta upp till 1 \u00e5r att f\u00e5 tillbaka mellanskillnaden.<\/p>\n<p>Den andra skatten som man betalar vid en f\u00f6rs\u00e4ljning heter Plusvalia p\u00e5 spanska.<\/p>\n<p>Det \u00e4r en kommunal skatt som baseras p\u00e5 taxeringsv\u00e4rdet mellan k\u00f6p och f\u00f6rs\u00e4ljning. Utr\u00e4kningen g\u00f6rs via en multipel p\u00e5 taxeringsv\u00e4rdet som variera beroende p\u00e5 vart bostaden \u00e4r bel\u00e4gen och hur l\u00e4nge man har \u00e4gt bostaden. Det spelar allts\u00e5 ingen roll om man faktiskt har s\u00e5lt med vinst eller inte.<\/p>\n<p>Detta \u00e4r n\u00e5got som din m\u00e4klare b\u00f6r ta fram \u00e5t dig inf\u00f6r en f\u00f6rs\u00e4ljning.<\/p>\n<p>En annan vanlig fr\u00e5ga \u00e4r om man ska ta upp f\u00f6rs\u00e4ljningen i sin svenska deklaration. Det enkla svaret p\u00e5 den fr\u00e5gan \u00e4r ja. Eftersom den spanska vinstskatten \u00e4r 19% och den svenska \u00e4r 22% b\u00f6r du deklarera skillnaden p\u00e5 3% i din svenska deklaration, s\u00e4ger Gustav H\u00e5kansson hos SkandiaM\u00e4klarna Costa del Sol.<\/p>\n<h2><strong>Sammanfattning:<\/strong><\/h2>\n<p><strong><em>Kapitalvinstskatt p\u00e5 reavinsten: <\/em><\/strong><\/p>\n<ul>\n<li>19% f\u00f6r icke-residenta s\u00e4ljare<\/li>\n<li>Stege mellan 19% &#8211; 28% f\u00f6r residenta s\u00e4ljare<\/li>\n<\/ul>\n<p>Spanska skattemyndigheten h\u00e5ller inne 3% av f\u00f6rs\u00e4ljningsbeloppet som ett f\u00f6rskott p\u00e5 vinstskatten.<\/p>\n<p>Skatteskillnaden f\u00f6r reavinsten b\u00f6r tas upp i din svenska deklaration.<\/p>\n<p><strong><em>Plusvalia:<\/em><\/strong><\/p>\n<p>Kommunal skatt som baseras p\u00e5 taxeringsv\u00e4rdet och varierar beroende p\u00e5 hur l\u00e4nge man \u00e4gt bostaden och vart den \u00e4r bel\u00e4gen.<\/p>\n<h2><strong>Vill du veta mer?<\/strong><\/h2>\n<p>Vi kan hj\u00e4lpa dig med b\u00e5de f\u00f6rs\u00e4ljning och k\u00f6p av bostad. Kom f\u00f6rbi v\u00e5rt kontor i Fuengirola eller Marbella f\u00f6r att ta en fika tillsammans och diskutera mer.<\/p>\n","protected":false},"excerpt":{"rendered":"<p>I tidigare utg\u00e5va betonade vi den ypperliga tidpunkt som nu utg\u00f6r f\u00f6r svenska bostads\u00e4gare p\u00e5 Costa del Sol i Spanien att s\u00e4lja sina bost\u00e4der. Den blomstrande fastighetsmarknaden&#8230;<\/p>\n","protected":false},"author":8,"featured_media":58382,"comment_status":"open","ping_status":"closed","sticky":false,"template":"","format":"standard","meta":{"_et_pb_use_builder":"","_et_pb_old_content":"","_et_gb_content_width":"","footnotes":""},"categories":[396,4],"tags":[],"class_list":["post-67109","post","type-post","status-publish","format-standard","has-post-thumbnail","hentry","category-arkiv-artiklar","category-artiklar"],"yoast_head":"<!-- This site is optimized with the Yoast SEO Premium plugin v26.2 (Yoast SEO v27.4) - https:\/\/yoast.com\/product\/yoast-seo-premium-wordpress\/ -->\n<title>S\u00e4lja bostad i Spanien? Skattefakta f\u00f6r b\u00e4ttre avkastning! - Svenska Magasinet<\/title>\n<meta name=\"description\" content=\"I tidigare utg\u00e5va betonade vi den ypperliga tidpunkt som nu utg\u00f6r f\u00f6r svenska bostads\u00e4gare p\u00e5 Costa del Sol i Spanien att s\u00e4lja sina bost\u00e4der. Den blomstrande fastighetsmarknaden och den gynnsamma valutakursen till svenska kronan skapar en optimal period f\u00f6r att maximera avkastningen p\u00e5 f\u00f6rs\u00e4ljningen.\" \/>\n<meta name=\"robots\" content=\"noindex, follow, max-snippet:-1, max-image-preview:large, max-video-preview:-1\" \/>\n<meta property=\"og:locale\" content=\"sv_SE\" \/>\n<meta property=\"og:type\" content=\"article\" \/>\n<meta property=\"og:title\" content=\"S\u00e4lja bostad i Spanien? Skattefakta f\u00f6r b\u00e4ttre avkastning!\" \/>\n<meta property=\"og:description\" content=\"I tidigare utg\u00e5va betonade vi den ypperliga tidpunkt som nu utg\u00f6r f\u00f6r svenska bostads\u00e4gare p\u00e5 Costa del Sol i Spanien att s\u00e4lja sina bost\u00e4der. Den blomstrande fastighetsmarknaden och den gynnsamma valutakursen till svenska kronan skapar en optimal period f\u00f6r att maximera avkastningen p\u00e5 f\u00f6rs\u00e4ljningen.\" \/>\n<meta property=\"og:url\" content=\"https:\/\/lightweb.dev\/l\/svm-temp\/artiklar\/hem-bostad\/maklarspalten-salja-bostad-i-spanien-skattefakta-for-battre-avkastning\/\" \/>\n<meta property=\"og:site_name\" content=\"Svenska Magasinet\" \/>\n<meta property=\"article:publisher\" content=\"https:\/\/www.facebook.com\/svenskamagasinet\" \/>\n<meta property=\"article:published_time\" content=\"2023-11-02T00:00:35+00:00\" \/>\n<meta property=\"article:modified_time\" content=\"2023-11-02T11:40:13+00:00\" \/>\n<meta property=\"og:image\" content=\"https:\/\/lightweb.dev\/l\/svm-temp\/wp-content\/uploads\/2022\/10\/Asa-Pettersson-17-Stor.jpeg\" \/>\n\t<meta property=\"og:image:width\" content=\"1280\" \/>\n\t<meta property=\"og:image:height\" content=\"853\" \/>\n\t<meta property=\"og:image:type\" content=\"image\/jpeg\" \/>\n<meta name=\"author\" content=\"Redaktionen SvM\" \/>\n<meta name=\"twitter:card\" content=\"summary_large_image\" \/>\n<meta name=\"twitter:creator\" content=\"@SvenskaMagasine\" \/>\n<meta name=\"twitter:site\" content=\"@SvenskaMagasine\" \/>\n<script type=\"application\/ld+json\" class=\"yoast-schema-graph\">{\"@context\":\"https:\\\/\\\/schema.org\",\"@graph\":[{\"@type\":\"Article\",\"@id\":\"https:\\\/\\\/lightweb.dev\\\/l\\\/svm-temp\\\/artiklar\\\/hem-bostad\\\/maklarspalten-salja-bostad-i-spanien-skattefakta-for-battre-avkastning\\\/#article\",\"isPartOf\":{\"@id\":\"https:\\\/\\\/lightweb.dev\\\/l\\\/svm-temp\\\/artiklar\\\/hem-bostad\\\/maklarspalten-salja-bostad-i-spanien-skattefakta-for-battre-avkastning\\\/\"},\"author\":{\"name\":\"Redaktionen SvM\",\"@id\":\"https:\\\/\\\/lightweb.dev\\\/l\\\/svm-temp\\\/#\\\/schema\\\/person\\\/206a3bda5b607b0c25e1749191e4d837\"},\"headline\":\"S\u00e4lja bostad i Spanien? Skattefakta f\u00f6r b\u00e4ttre avkastning!\",\"datePublished\":\"2023-11-02T00:00:35+00:00\",\"dateModified\":\"2023-11-02T11:40:13+00:00\",\"mainEntityOfPage\":{\"@id\":\"https:\\\/\\\/lightweb.dev\\\/l\\\/svm-temp\\\/artiklar\\\/hem-bostad\\\/maklarspalten-salja-bostad-i-spanien-skattefakta-for-battre-avkastning\\\/\"},\"wordCount\":627,\"commentCount\":4,\"publisher\":{\"@id\":\"https:\\\/\\\/lightweb.dev\\\/l\\\/svm-temp\\\/#organization\"},\"image\":{\"@id\":\"https:\\\/\\\/lightweb.dev\\\/l\\\/svm-temp\\\/artiklar\\\/hem-bostad\\\/maklarspalten-salja-bostad-i-spanien-skattefakta-for-battre-avkastning\\\/#primaryimage\"},\"thumbnailUrl\":\"https:\\\/\\\/lightweb.dev\\\/l\\\/svm-temp\\\/wp-content\\\/uploads\\\/2022\\\/10\\\/Asa-Pettersson-17-Stor.jpeg\",\"articleSection\":[\"Arkiv\",\"Artiklar\"],\"inLanguage\":\"sv-SE\"},{\"@type\":\"WebPage\",\"@id\":\"https:\\\/\\\/lightweb.dev\\\/l\\\/svm-temp\\\/artiklar\\\/hem-bostad\\\/maklarspalten-salja-bostad-i-spanien-skattefakta-for-battre-avkastning\\\/\",\"url\":\"https:\\\/\\\/lightweb.dev\\\/l\\\/svm-temp\\\/artiklar\\\/hem-bostad\\\/maklarspalten-salja-bostad-i-spanien-skattefakta-for-battre-avkastning\\\/\",\"name\":\"S\u00e4lja bostad i Spanien? Skattefakta f\u00f6r b\u00e4ttre avkastning! - Svenska Magasinet\",\"isPartOf\":{\"@id\":\"https:\\\/\\\/lightweb.dev\\\/l\\\/svm-temp\\\/#website\"},\"primaryImageOfPage\":{\"@id\":\"https:\\\/\\\/lightweb.dev\\\/l\\\/svm-temp\\\/artiklar\\\/hem-bostad\\\/maklarspalten-salja-bostad-i-spanien-skattefakta-for-battre-avkastning\\\/#primaryimage\"},\"image\":{\"@id\":\"https:\\\/\\\/lightweb.dev\\\/l\\\/svm-temp\\\/artiklar\\\/hem-bostad\\\/maklarspalten-salja-bostad-i-spanien-skattefakta-for-battre-avkastning\\\/#primaryimage\"},\"thumbnailUrl\":\"https:\\\/\\\/lightweb.dev\\\/l\\\/svm-temp\\\/wp-content\\\/uploads\\\/2022\\\/10\\\/Asa-Pettersson-17-Stor.jpeg\",\"datePublished\":\"2023-11-02T00:00:35+00:00\",\"dateModified\":\"2023-11-02T11:40:13+00:00\",\"description\":\"I tidigare utg\u00e5va betonade vi den ypperliga tidpunkt som nu utg\u00f6r f\u00f6r svenska bostads\u00e4gare p\u00e5 Costa del Sol i Spanien att s\u00e4lja sina bost\u00e4der. Den blomstrande fastighetsmarknaden och den gynnsamma valutakursen till svenska kronan skapar en optimal period f\u00f6r att maximera avkastningen p\u00e5 f\u00f6rs\u00e4ljningen.\",\"breadcrumb\":{\"@id\":\"https:\\\/\\\/lightweb.dev\\\/l\\\/svm-temp\\\/artiklar\\\/hem-bostad\\\/maklarspalten-salja-bostad-i-spanien-skattefakta-for-battre-avkastning\\\/#breadcrumb\"},\"inLanguage\":\"sv-SE\",\"potentialAction\":[{\"@type\":\"ReadAction\",\"target\":[\"https:\\\/\\\/lightweb.dev\\\/l\\\/svm-temp\\\/artiklar\\\/hem-bostad\\\/maklarspalten-salja-bostad-i-spanien-skattefakta-for-battre-avkastning\\\/\"]}]},{\"@type\":\"ImageObject\",\"inLanguage\":\"sv-SE\",\"@id\":\"https:\\\/\\\/lightweb.dev\\\/l\\\/svm-temp\\\/artiklar\\\/hem-bostad\\\/maklarspalten-salja-bostad-i-spanien-skattefakta-for-battre-avkastning\\\/#primaryimage\",\"url\":\"https:\\\/\\\/lightweb.dev\\\/l\\\/svm-temp\\\/wp-content\\\/uploads\\\/2022\\\/10\\\/Asa-Pettersson-17-Stor.jpeg\",\"contentUrl\":\"https:\\\/\\\/lightweb.dev\\\/l\\\/svm-temp\\\/wp-content\\\/uploads\\\/2022\\\/10\\\/Asa-Pettersson-17-Stor.jpeg\",\"width\":1280,\"height\":853},{\"@type\":\"BreadcrumbList\",\"@id\":\"https:\\\/\\\/lightweb.dev\\\/l\\\/svm-temp\\\/artiklar\\\/hem-bostad\\\/maklarspalten-salja-bostad-i-spanien-skattefakta-for-battre-avkastning\\\/#breadcrumb\",\"itemListElement\":[{\"@type\":\"ListItem\",\"position\":1,\"name\":\"Hem\",\"item\":\"https:\\\/\\\/lightweb.dev\\\/l\\\/svm-temp\\\/\"},{\"@type\":\"ListItem\",\"position\":2,\"name\":\"S\u00e4lja bostad i Spanien? Skattefakta f\u00f6r b\u00e4ttre avkastning!\"}]},{\"@type\":\"WebSite\",\"@id\":\"https:\\\/\\\/lightweb.dev\\\/l\\\/svm-temp\\\/#website\",\"url\":\"https:\\\/\\\/lightweb.dev\\\/l\\\/svm-temp\\\/\",\"name\":\"Svenska Magasinet\",\"description\":\"Dina Spanska nyheter p&aring; Svenska\",\"publisher\":{\"@id\":\"https:\\\/\\\/lightweb.dev\\\/l\\\/svm-temp\\\/#organization\"},\"potentialAction\":[{\"@type\":\"SearchAction\",\"target\":{\"@type\":\"EntryPoint\",\"urlTemplate\":\"https:\\\/\\\/lightweb.dev\\\/l\\\/svm-temp\\\/?s={search_term_string}\"},\"query-input\":{\"@type\":\"PropertyValueSpecification\",\"valueRequired\":true,\"valueName\":\"search_term_string\"}}],\"inLanguage\":\"sv-SE\"},{\"@type\":\"Organization\",\"@id\":\"https:\\\/\\\/lightweb.dev\\\/l\\\/svm-temp\\\/#organization\",\"name\":\"Melkerson y Nott SL\",\"alternateName\":\"Svenska Magasinet\",\"url\":\"https:\\\/\\\/lightweb.dev\\\/l\\\/svm-temp\\\/\",\"logo\":{\"@type\":\"ImageObject\",\"inLanguage\":\"sv-SE\",\"@id\":\"https:\\\/\\\/lightweb.dev\\\/l\\\/svm-temp\\\/#\\\/schema\\\/logo\\\/image\\\/\",\"url\":\"https:\\\/\\\/lightweb.dev\\\/l\\\/svm-temp\\\/wp-content\\\/uploads\\\/2025\\\/02\\\/SvM-logo-Xtra-Centrerad-SVART.png\",\"contentUrl\":\"https:\\\/\\\/lightweb.dev\\\/l\\\/svm-temp\\\/wp-content\\\/uploads\\\/2025\\\/02\\\/SvM-logo-Xtra-Centrerad-SVART.png\",\"width\":300,\"height\":99,\"caption\":\"Melkerson y Nott SL\"},\"image\":{\"@id\":\"https:\\\/\\\/lightweb.dev\\\/l\\\/svm-temp\\\/#\\\/schema\\\/logo\\\/image\\\/\"},\"sameAs\":[\"https:\\\/\\\/www.facebook.com\\\/svenskamagasinet\",\"https:\\\/\\\/x.com\\\/SvenskaMagasine\"]},{\"@type\":\"Person\",\"@id\":\"https:\\\/\\\/lightweb.dev\\\/l\\\/svm-temp\\\/#\\\/schema\\\/person\\\/206a3bda5b607b0c25e1749191e4d837\",\"name\":\"Redaktionen SvM\",\"description\":\"Redaktionen\",\"sameAs\":[\"https:\\\/\\\/lightweb.dev\\\/l\\\/svm-temp\"],\"url\":\"https:\\\/\\\/lightweb.dev\\\/l\\\/svm-temp\\\/reporter\\\/redaktionen\\\/\"}]}<\/script>\n<!-- \/ Yoast SEO Premium plugin. -->","yoast_head_json":{"title":"S\u00e4lja bostad i Spanien? Skattefakta f\u00f6r b\u00e4ttre avkastning! - Svenska Magasinet","description":"I tidigare utg\u00e5va betonade vi den ypperliga tidpunkt som nu utg\u00f6r f\u00f6r svenska bostads\u00e4gare p\u00e5 Costa del Sol i Spanien att s\u00e4lja sina bost\u00e4der. Den blomstrande fastighetsmarknaden och den gynnsamma valutakursen till svenska kronan skapar en optimal period f\u00f6r att maximera avkastningen p\u00e5 f\u00f6rs\u00e4ljningen.","robots":{"index":"noindex","follow":"follow","max-snippet":"max-snippet:-1","max-image-preview":"max-image-preview:large","max-video-preview":"max-video-preview:-1"},"og_locale":"sv_SE","og_type":"article","og_title":"S\u00e4lja bostad i Spanien? Skattefakta f\u00f6r b\u00e4ttre avkastning!","og_description":"I tidigare utg\u00e5va betonade vi den ypperliga tidpunkt som nu utg\u00f6r f\u00f6r svenska bostads\u00e4gare p\u00e5 Costa del Sol i Spanien att s\u00e4lja sina bost\u00e4der. Den blomstrande fastighetsmarknaden och den gynnsamma valutakursen till svenska kronan skapar en optimal period f\u00f6r att maximera avkastningen p\u00e5 f\u00f6rs\u00e4ljningen.","og_url":"https:\/\/lightweb.dev\/l\/svm-temp\/artiklar\/hem-bostad\/maklarspalten-salja-bostad-i-spanien-skattefakta-for-battre-avkastning\/","og_site_name":"Svenska Magasinet","article_publisher":"https:\/\/www.facebook.com\/svenskamagasinet","article_published_time":"2023-11-02T00:00:35+00:00","article_modified_time":"2023-11-02T11:40:13+00:00","og_image":[{"width":1280,"height":853,"url":"https:\/\/lightweb.dev\/l\/svm-temp\/wp-content\/uploads\/2022\/10\/Asa-Pettersson-17-Stor.jpeg","type":"image\/jpeg"}],"author":"Redaktionen SvM","twitter_card":"summary_large_image","twitter_creator":"@SvenskaMagasine","twitter_site":"@SvenskaMagasine","schema":{"@context":"https:\/\/schema.org","@graph":[{"@type":"Article","@id":"https:\/\/lightweb.dev\/l\/svm-temp\/artiklar\/hem-bostad\/maklarspalten-salja-bostad-i-spanien-skattefakta-for-battre-avkastning\/#article","isPartOf":{"@id":"https:\/\/lightweb.dev\/l\/svm-temp\/artiklar\/hem-bostad\/maklarspalten-salja-bostad-i-spanien-skattefakta-for-battre-avkastning\/"},"author":{"name":"Redaktionen SvM","@id":"https:\/\/lightweb.dev\/l\/svm-temp\/#\/schema\/person\/206a3bda5b607b0c25e1749191e4d837"},"headline":"S\u00e4lja bostad i Spanien? Skattefakta f\u00f6r b\u00e4ttre avkastning!","datePublished":"2023-11-02T00:00:35+00:00","dateModified":"2023-11-02T11:40:13+00:00","mainEntityOfPage":{"@id":"https:\/\/lightweb.dev\/l\/svm-temp\/artiklar\/hem-bostad\/maklarspalten-salja-bostad-i-spanien-skattefakta-for-battre-avkastning\/"},"wordCount":627,"commentCount":4,"publisher":{"@id":"https:\/\/lightweb.dev\/l\/svm-temp\/#organization"},"image":{"@id":"https:\/\/lightweb.dev\/l\/svm-temp\/artiklar\/hem-bostad\/maklarspalten-salja-bostad-i-spanien-skattefakta-for-battre-avkastning\/#primaryimage"},"thumbnailUrl":"https:\/\/lightweb.dev\/l\/svm-temp\/wp-content\/uploads\/2022\/10\/Asa-Pettersson-17-Stor.jpeg","articleSection":["Arkiv","Artiklar"],"inLanguage":"sv-SE"},{"@type":"WebPage","@id":"https:\/\/lightweb.dev\/l\/svm-temp\/artiklar\/hem-bostad\/maklarspalten-salja-bostad-i-spanien-skattefakta-for-battre-avkastning\/","url":"https:\/\/lightweb.dev\/l\/svm-temp\/artiklar\/hem-bostad\/maklarspalten-salja-bostad-i-spanien-skattefakta-for-battre-avkastning\/","name":"S\u00e4lja bostad i Spanien? Skattefakta f\u00f6r b\u00e4ttre avkastning! - Svenska Magasinet","isPartOf":{"@id":"https:\/\/lightweb.dev\/l\/svm-temp\/#website"},"primaryImageOfPage":{"@id":"https:\/\/lightweb.dev\/l\/svm-temp\/artiklar\/hem-bostad\/maklarspalten-salja-bostad-i-spanien-skattefakta-for-battre-avkastning\/#primaryimage"},"image":{"@id":"https:\/\/lightweb.dev\/l\/svm-temp\/artiklar\/hem-bostad\/maklarspalten-salja-bostad-i-spanien-skattefakta-for-battre-avkastning\/#primaryimage"},"thumbnailUrl":"https:\/\/lightweb.dev\/l\/svm-temp\/wp-content\/uploads\/2022\/10\/Asa-Pettersson-17-Stor.jpeg","datePublished":"2023-11-02T00:00:35+00:00","dateModified":"2023-11-02T11:40:13+00:00","description":"I tidigare utg\u00e5va betonade vi den ypperliga tidpunkt som nu utg\u00f6r f\u00f6r svenska bostads\u00e4gare p\u00e5 Costa del Sol i Spanien att s\u00e4lja sina bost\u00e4der. Den blomstrande fastighetsmarknaden och den gynnsamma valutakursen till svenska kronan skapar en optimal period f\u00f6r att maximera avkastningen p\u00e5 f\u00f6rs\u00e4ljningen.","breadcrumb":{"@id":"https:\/\/lightweb.dev\/l\/svm-temp\/artiklar\/hem-bostad\/maklarspalten-salja-bostad-i-spanien-skattefakta-for-battre-avkastning\/#breadcrumb"},"inLanguage":"sv-SE","potentialAction":[{"@type":"ReadAction","target":["https:\/\/lightweb.dev\/l\/svm-temp\/artiklar\/hem-bostad\/maklarspalten-salja-bostad-i-spanien-skattefakta-for-battre-avkastning\/"]}]},{"@type":"ImageObject","inLanguage":"sv-SE","@id":"https:\/\/lightweb.dev\/l\/svm-temp\/artiklar\/hem-bostad\/maklarspalten-salja-bostad-i-spanien-skattefakta-for-battre-avkastning\/#primaryimage","url":"https:\/\/lightweb.dev\/l\/svm-temp\/wp-content\/uploads\/2022\/10\/Asa-Pettersson-17-Stor.jpeg","contentUrl":"https:\/\/lightweb.dev\/l\/svm-temp\/wp-content\/uploads\/2022\/10\/Asa-Pettersson-17-Stor.jpeg","width":1280,"height":853},{"@type":"BreadcrumbList","@id":"https:\/\/lightweb.dev\/l\/svm-temp\/artiklar\/hem-bostad\/maklarspalten-salja-bostad-i-spanien-skattefakta-for-battre-avkastning\/#breadcrumb","itemListElement":[{"@type":"ListItem","position":1,"name":"Hem","item":"https:\/\/lightweb.dev\/l\/svm-temp\/"},{"@type":"ListItem","position":2,"name":"S\u00e4lja bostad i Spanien? Skattefakta f\u00f6r b\u00e4ttre avkastning!"}]},{"@type":"WebSite","@id":"https:\/\/lightweb.dev\/l\/svm-temp\/#website","url":"https:\/\/lightweb.dev\/l\/svm-temp\/","name":"Svenska Magasinet","description":"Dina Spanska nyheter p&aring; Svenska","publisher":{"@id":"https:\/\/lightweb.dev\/l\/svm-temp\/#organization"},"potentialAction":[{"@type":"SearchAction","target":{"@type":"EntryPoint","urlTemplate":"https:\/\/lightweb.dev\/l\/svm-temp\/?s={search_term_string}"},"query-input":{"@type":"PropertyValueSpecification","valueRequired":true,"valueName":"search_term_string"}}],"inLanguage":"sv-SE"},{"@type":"Organization","@id":"https:\/\/lightweb.dev\/l\/svm-temp\/#organization","name":"Melkerson y Nott SL","alternateName":"Svenska Magasinet","url":"https:\/\/lightweb.dev\/l\/svm-temp\/","logo":{"@type":"ImageObject","inLanguage":"sv-SE","@id":"https:\/\/lightweb.dev\/l\/svm-temp\/#\/schema\/logo\/image\/","url":"https:\/\/lightweb.dev\/l\/svm-temp\/wp-content\/uploads\/2025\/02\/SvM-logo-Xtra-Centrerad-SVART.png","contentUrl":"https:\/\/lightweb.dev\/l\/svm-temp\/wp-content\/uploads\/2025\/02\/SvM-logo-Xtra-Centrerad-SVART.png","width":300,"height":99,"caption":"Melkerson y Nott SL"},"image":{"@id":"https:\/\/lightweb.dev\/l\/svm-temp\/#\/schema\/logo\/image\/"},"sameAs":["https:\/\/www.facebook.com\/svenskamagasinet","https:\/\/x.com\/SvenskaMagasine"]},{"@type":"Person","@id":"https:\/\/lightweb.dev\/l\/svm-temp\/#\/schema\/person\/206a3bda5b607b0c25e1749191e4d837","name":"Redaktionen SvM","description":"Redaktionen","sameAs":["https:\/\/lightweb.dev\/l\/svm-temp"],"url":"https:\/\/lightweb.dev\/l\/svm-temp\/reporter\/redaktionen\/"}]}},"_links":{"self":[{"href":"https:\/\/lightweb.dev\/l\/svm-temp\/wp-json\/wp\/v2\/posts\/67109","targetHints":{"allow":["GET"]}}],"collection":[{"href":"https:\/\/lightweb.dev\/l\/svm-temp\/wp-json\/wp\/v2\/posts"}],"about":[{"href":"https:\/\/lightweb.dev\/l\/svm-temp\/wp-json\/wp\/v2\/types\/post"}],"author":[{"embeddable":true,"href":"https:\/\/lightweb.dev\/l\/svm-temp\/wp-json\/wp\/v2\/users\/8"}],"replies":[{"embeddable":true,"href":"https:\/\/lightweb.dev\/l\/svm-temp\/wp-json\/wp\/v2\/comments?post=67109"}],"version-history":[{"count":0,"href":"https:\/\/lightweb.dev\/l\/svm-temp\/wp-json\/wp\/v2\/posts\/67109\/revisions"}],"wp:featuredmedia":[{"embeddable":true,"href":"https:\/\/lightweb.dev\/l\/svm-temp\/wp-json\/wp\/v2\/media\/58382"}],"wp:attachment":[{"href":"https:\/\/lightweb.dev\/l\/svm-temp\/wp-json\/wp\/v2\/media?parent=67109"}],"wp:term":[{"taxonomy":"category","embeddable":true,"href":"https:\/\/lightweb.dev\/l\/svm-temp\/wp-json\/wp\/v2\/categories?post=67109"},{"taxonomy":"post_tag","embeddable":true,"href":"https:\/\/lightweb.dev\/l\/svm-temp\/wp-json\/wp\/v2\/tags?post=67109"}],"curies":[{"name":"wp","href":"https:\/\/api.w.org\/{rel}","templated":true}]}}