{"id":673,"date":"2022-02-25T16:31:00","date_gmt":"2022-02-25T15:31:00","guid":{"rendered":"https:\/\/lightweb.dev\/l\/svm-temp\/indisk-nattfjaril-har-patraffats-pa-costa-tropical\/"},"modified":"2022-02-25T16:31:00","modified_gmt":"2022-02-25T15:31:00","slug":"indisk-nattfjaril-har-patraffats-pa-costa-tropical","status":"publish","type":"post","link":"https:\/\/lightweb.dev\/l\/svm-temp\/nyheter\/indisk-nattfjaril-har-patraffats-pa-costa-tropical\/","title":{"rendered":"Indisk nattfj\u00e4ril har p\u00e5tr\u00e4ffats p\u00e5 Costa Tropical"},"content":{"rendered":"<p> Volont\u00e4rer vid f\u00f6reningen Buxus har i lagunen Charca de Su\u00e1rez i Motril p\u00e5tr\u00e4ffat ett exemplar av Labdia semicoccinea Stainton 1859 som normalt \u00e4r en asiatisk nattfj\u00e4ril som finns i Calcutta i Indien. Den har bara p\u00e5tr\u00e4ffats en g\u00e5ng tidigare i Europa.<br \/>\n I februarinumret ber\u00e4ttar Svenska Magasinet om lagunen Charca de Su\u00e1rez p\u00e5 Costa Tropical som drar till sig ovanliga f\u00e5glar som kamsoth\u00f6nan (Fulica cristata).<\/p>\n<p>Volont\u00e4rer vid lagunen har uppt\u00e4ckt en nattfj\u00e4ril som tidigare aldrig har p\u00e5tr\u00e4ffats p\u00e5 Iberiska halv\u00f6n. Den tillh\u00f6r familjen Cosmopterigidae och har orange och svagt bruna r\u00e4nder. Den som p\u00e5tr\u00e4ffades \u00e4r inte fullvuxen.<\/p>\n<p>Under de senaste sju \u00e5ren har Asociaci\u00f3n Buxus bedrivit forskning vid lagunen och identifierat inte mindre \u00e4n 200 arter av nattfj\u00e4rilar och 15 dagfj\u00e4rilar.<\/p>\n<p>Uppt\u00e4ckten av den indiska nattfj\u00e4rilen i Motrilreservatet kopplas till klimatf\u00f6r\u00e4ndringarna och en v\u00e4rld med \u00f6kade kommunikationer.<\/p>\n","protected":false},"excerpt":{"rendered":"<p>Volont\u00e4rer vid f\u00f6reningen Buxus har i lagunen Charca de Su\u00e1rez i Motril p\u00e5tr\u00e4ffat ett exemplar av Labdia semicoccinea Stainton 1859 som normalt \u00e4r en asiatisk nattfj\u00e4ril som finns i Calcutta i Indien. Den har bara p\u00e5tr\u00e4ffats en g\u00e5ng tidigare i Europa. I februarinumret ber\u00e4ttar Svenska Magasinet om lagunen Charca de Su\u00e1rez p\u00e5 Costa Tropical som [&hellip;]<\/p>\n","protected":false},"author":7,"featured_media":674,"comment_status":"open","ping_status":"open","sticky":false,"template":"","format":"standard","meta":{"_et_pb_use_builder":"","_et_pb_old_content":"","_et_gb_content_width":"","footnotes":""},"categories":[395,3],"tags":[],"class_list":["post-673","post","type-post","status-publish","format-standard","has-post-thumbnail","hentry","category-arkiv-nyheter","category-nyheter"],"yoast_head":"<!-- This site is optimized with the Yoast SEO Premium plugin v26.2 (Yoast SEO v27.4) - https:\/\/yoast.com\/product\/yoast-seo-premium-wordpress\/ -->\n<title>Indisk nattfj\u00e4ril har p\u00e5tr\u00e4ffats p\u00e5 Costa Tropical - Svenska Magasinet<\/title>\n<meta name=\"robots\" content=\"noindex, follow, max-snippet:-1, max-image-preview:large, max-video-preview:-1\" \/>\n<meta property=\"og:locale\" content=\"sv_SE\" \/>\n<meta property=\"og:type\" content=\"article\" \/>\n<meta property=\"og:title\" content=\"Indisk nattfj\u00e4ril har p\u00e5tr\u00e4ffats p\u00e5 Costa Tropical\" \/>\n<meta property=\"og:description\" content=\"Volont\u00e4rer vid f\u00f6reningen Buxus har i lagunen Charca de Su\u00e1rez i Motril p\u00e5tr\u00e4ffat ett exemplar av Labdia semicoccinea Stainton 1859 som normalt \u00e4r en asiatisk nattfj\u00e4ril som finns i Calcutta i Indien. Den har bara p\u00e5tr\u00e4ffats en g\u00e5ng tidigare i Europa. I februarinumret ber\u00e4ttar Svenska Magasinet om lagunen Charca de Su\u00e1rez p\u00e5 Costa Tropical som [&hellip;]\" \/>\n<meta property=\"og:url\" content=\"https:\/\/lightweb.dev\/l\/svm-temp\/nyheter\/indisk-nattfjaril-har-patraffats-pa-costa-tropical\/\" \/>\n<meta property=\"og:site_name\" content=\"Svenska Magasinet\" \/>\n<meta property=\"article:publisher\" content=\"https:\/\/www.facebook.com\/svenskamagasinet\" \/>\n<meta property=\"article:published_time\" content=\"2022-02-25T15:31:00+00:00\" \/>\n<meta property=\"og:image\" content=\"https:\/\/lightweb.dev\/l\/svm-temp\/wp-content\/uploads\/2022\/04\/indisk-nattfjril-har-ptrffats-p-costa-tropical.png\" \/>\n\t<meta property=\"og:image:width\" content=\"500\" \/>\n\t<meta property=\"og:image:height\" content=\"300\" \/>\n\t<meta property=\"og:image:type\" content=\"image\/png\" \/>\n<meta name=\"author\" content=\"Ola Josefsson\" \/>\n<meta name=\"twitter:card\" content=\"summary_large_image\" \/>\n<meta name=\"twitter:creator\" content=\"@SvenskaMagasine\" \/>\n<meta name=\"twitter:site\" content=\"@SvenskaMagasine\" \/>\n<script type=\"application\/ld+json\" class=\"yoast-schema-graph\">{\"@context\":\"https:\\\/\\\/schema.org\",\"@graph\":[{\"@type\":\"Article\",\"@id\":\"https:\\\/\\\/lightweb.dev\\\/l\\\/svm-temp\\\/nyheter\\\/indisk-nattfjaril-har-patraffats-pa-costa-tropical\\\/#article\",\"isPartOf\":{\"@id\":\"https:\\\/\\\/lightweb.dev\\\/l\\\/svm-temp\\\/nyheter\\\/indisk-nattfjaril-har-patraffats-pa-costa-tropical\\\/\"},\"author\":{\"name\":\"Ola Josefsson\",\"@id\":\"https:\\\/\\\/lightweb.dev\\\/l\\\/svm-temp\\\/#\\\/schema\\\/person\\\/7a82b8a73d171d32360a564b6d03508e\"},\"headline\":\"Indisk nattfj\u00e4ril har p\u00e5tr\u00e4ffats p\u00e5 Costa Tropical\",\"datePublished\":\"2022-02-25T15:31:00+00:00\",\"mainEntityOfPage\":{\"@id\":\"https:\\\/\\\/lightweb.dev\\\/l\\\/svm-temp\\\/nyheter\\\/indisk-nattfjaril-har-patraffats-pa-costa-tropical\\\/\"},\"wordCount\":174,\"commentCount\":0,\"publisher\":{\"@id\":\"https:\\\/\\\/lightweb.dev\\\/l\\\/svm-temp\\\/#organization\"},\"image\":{\"@id\":\"https:\\\/\\\/lightweb.dev\\\/l\\\/svm-temp\\\/nyheter\\\/indisk-nattfjaril-har-patraffats-pa-costa-tropical\\\/#primaryimage\"},\"thumbnailUrl\":\"https:\\\/\\\/lightweb.dev\\\/l\\\/svm-temp\\\/wp-content\\\/uploads\\\/2022\\\/04\\\/indisk-nattfjril-har-ptrffats-p-costa-tropical.png\",\"articleSection\":[\"Arkiv\",\"Nyheter\"],\"inLanguage\":\"sv-SE\"},{\"@type\":\"WebPage\",\"@id\":\"https:\\\/\\\/lightweb.dev\\\/l\\\/svm-temp\\\/nyheter\\\/indisk-nattfjaril-har-patraffats-pa-costa-tropical\\\/\",\"url\":\"https:\\\/\\\/lightweb.dev\\\/l\\\/svm-temp\\\/nyheter\\\/indisk-nattfjaril-har-patraffats-pa-costa-tropical\\\/\",\"name\":\"Indisk nattfj\u00e4ril har p\u00e5tr\u00e4ffats p\u00e5 Costa Tropical - Svenska Magasinet\",\"isPartOf\":{\"@id\":\"https:\\\/\\\/lightweb.dev\\\/l\\\/svm-temp\\\/#website\"},\"primaryImageOfPage\":{\"@id\":\"https:\\\/\\\/lightweb.dev\\\/l\\\/svm-temp\\\/nyheter\\\/indisk-nattfjaril-har-patraffats-pa-costa-tropical\\\/#primaryimage\"},\"image\":{\"@id\":\"https:\\\/\\\/lightweb.dev\\\/l\\\/svm-temp\\\/nyheter\\\/indisk-nattfjaril-har-patraffats-pa-costa-tropical\\\/#primaryimage\"},\"thumbnailUrl\":\"https:\\\/\\\/lightweb.dev\\\/l\\\/svm-temp\\\/wp-content\\\/uploads\\\/2022\\\/04\\\/indisk-nattfjril-har-ptrffats-p-costa-tropical.png\",\"datePublished\":\"2022-02-25T15:31:00+00:00\",\"breadcrumb\":{\"@id\":\"https:\\\/\\\/lightweb.dev\\\/l\\\/svm-temp\\\/nyheter\\\/indisk-nattfjaril-har-patraffats-pa-costa-tropical\\\/#breadcrumb\"},\"inLanguage\":\"sv-SE\",\"potentialAction\":[{\"@type\":\"ReadAction\",\"target\":[\"https:\\\/\\\/lightweb.dev\\\/l\\\/svm-temp\\\/nyheter\\\/indisk-nattfjaril-har-patraffats-pa-costa-tropical\\\/\"]}]},{\"@type\":\"ImageObject\",\"inLanguage\":\"sv-SE\",\"@id\":\"https:\\\/\\\/lightweb.dev\\\/l\\\/svm-temp\\\/nyheter\\\/indisk-nattfjaril-har-patraffats-pa-costa-tropical\\\/#primaryimage\",\"url\":\"https:\\\/\\\/lightweb.dev\\\/l\\\/svm-temp\\\/wp-content\\\/uploads\\\/2022\\\/04\\\/indisk-nattfjril-har-ptrffats-p-costa-tropical.png\",\"contentUrl\":\"https:\\\/\\\/lightweb.dev\\\/l\\\/svm-temp\\\/wp-content\\\/uploads\\\/2022\\\/04\\\/indisk-nattfjril-har-ptrffats-p-costa-tropical.png\",\"width\":500,\"height\":300},{\"@type\":\"BreadcrumbList\",\"@id\":\"https:\\\/\\\/lightweb.dev\\\/l\\\/svm-temp\\\/nyheter\\\/indisk-nattfjaril-har-patraffats-pa-costa-tropical\\\/#breadcrumb\",\"itemListElement\":[{\"@type\":\"ListItem\",\"position\":1,\"name\":\"Hem\",\"item\":\"https:\\\/\\\/lightweb.dev\\\/l\\\/svm-temp\\\/\"},{\"@type\":\"ListItem\",\"position\":2,\"name\":\"Indisk nattfj\u00e4ril har p\u00e5tr\u00e4ffats p\u00e5 Costa Tropical\"}]},{\"@type\":\"WebSite\",\"@id\":\"https:\\\/\\\/lightweb.dev\\\/l\\\/svm-temp\\\/#website\",\"url\":\"https:\\\/\\\/lightweb.dev\\\/l\\\/svm-temp\\\/\",\"name\":\"Svenska Magasinet\",\"description\":\"Dina Spanska nyheter p&aring; Svenska\",\"publisher\":{\"@id\":\"https:\\\/\\\/lightweb.dev\\\/l\\\/svm-temp\\\/#organization\"},\"potentialAction\":[{\"@type\":\"SearchAction\",\"target\":{\"@type\":\"EntryPoint\",\"urlTemplate\":\"https:\\\/\\\/lightweb.dev\\\/l\\\/svm-temp\\\/?s={search_term_string}\"},\"query-input\":{\"@type\":\"PropertyValueSpecification\",\"valueRequired\":true,\"valueName\":\"search_term_string\"}}],\"inLanguage\":\"sv-SE\"},{\"@type\":\"Organization\",\"@id\":\"https:\\\/\\\/lightweb.dev\\\/l\\\/svm-temp\\\/#organization\",\"name\":\"Melkerson y Nott SL\",\"alternateName\":\"Svenska Magasinet\",\"url\":\"https:\\\/\\\/lightweb.dev\\\/l\\\/svm-temp\\\/\",\"logo\":{\"@type\":\"ImageObject\",\"inLanguage\":\"sv-SE\",\"@id\":\"https:\\\/\\\/lightweb.dev\\\/l\\\/svm-temp\\\/#\\\/schema\\\/logo\\\/image\\\/\",\"url\":\"https:\\\/\\\/lightweb.dev\\\/l\\\/svm-temp\\\/wp-content\\\/uploads\\\/2025\\\/02\\\/SvM-logo-Xtra-Centrerad-SVART.png\",\"contentUrl\":\"https:\\\/\\\/lightweb.dev\\\/l\\\/svm-temp\\\/wp-content\\\/uploads\\\/2025\\\/02\\\/SvM-logo-Xtra-Centrerad-SVART.png\",\"width\":300,\"height\":99,\"caption\":\"Melkerson y Nott SL\"},\"image\":{\"@id\":\"https:\\\/\\\/lightweb.dev\\\/l\\\/svm-temp\\\/#\\\/schema\\\/logo\\\/image\\\/\"},\"sameAs\":[\"https:\\\/\\\/www.facebook.com\\\/svenskamagasinet\",\"https:\\\/\\\/x.com\\\/SvenskaMagasine\"]},{\"@type\":\"Person\",\"@id\":\"https:\\\/\\\/lightweb.dev\\\/l\\\/svm-temp\\\/#\\\/schema\\\/person\\\/7a82b8a73d171d32360a564b6d03508e\",\"name\":\"Ola Josefsson\",\"description\":\"Bevakar Solkusten och Spanien sedan 1994.\",\"sameAs\":[\"https:\\\/\\\/lightweb.dev\\\/l\\\/svm-temp\"],\"url\":\"https:\\\/\\\/lightweb.dev\\\/l\\\/svm-temp\\\/reporter\\\/ola-josefsson\\\/\"}]}<\/script>\n<!-- \/ Yoast SEO Premium plugin. -->","yoast_head_json":{"title":"Indisk nattfj\u00e4ril har p\u00e5tr\u00e4ffats p\u00e5 Costa Tropical - Svenska Magasinet","robots":{"index":"noindex","follow":"follow","max-snippet":"max-snippet:-1","max-image-preview":"max-image-preview:large","max-video-preview":"max-video-preview:-1"},"og_locale":"sv_SE","og_type":"article","og_title":"Indisk nattfj\u00e4ril har p\u00e5tr\u00e4ffats p\u00e5 Costa Tropical","og_description":"Volont\u00e4rer vid f\u00f6reningen Buxus har i lagunen Charca de Su\u00e1rez i Motril p\u00e5tr\u00e4ffat ett exemplar av Labdia semicoccinea Stainton 1859 som normalt \u00e4r en asiatisk nattfj\u00e4ril som finns i Calcutta i Indien. Den har bara p\u00e5tr\u00e4ffats en g\u00e5ng tidigare i Europa. I februarinumret ber\u00e4ttar Svenska Magasinet om lagunen Charca de Su\u00e1rez p\u00e5 Costa Tropical som [&hellip;]","og_url":"https:\/\/lightweb.dev\/l\/svm-temp\/nyheter\/indisk-nattfjaril-har-patraffats-pa-costa-tropical\/","og_site_name":"Svenska Magasinet","article_publisher":"https:\/\/www.facebook.com\/svenskamagasinet","article_published_time":"2022-02-25T15:31:00+00:00","og_image":[{"width":500,"height":300,"url":"https:\/\/lightweb.dev\/l\/svm-temp\/wp-content\/uploads\/2022\/04\/indisk-nattfjril-har-ptrffats-p-costa-tropical.png","type":"image\/png"}],"author":"Ola Josefsson","twitter_card":"summary_large_image","twitter_creator":"@SvenskaMagasine","twitter_site":"@SvenskaMagasine","schema":{"@context":"https:\/\/schema.org","@graph":[{"@type":"Article","@id":"https:\/\/lightweb.dev\/l\/svm-temp\/nyheter\/indisk-nattfjaril-har-patraffats-pa-costa-tropical\/#article","isPartOf":{"@id":"https:\/\/lightweb.dev\/l\/svm-temp\/nyheter\/indisk-nattfjaril-har-patraffats-pa-costa-tropical\/"},"author":{"name":"Ola Josefsson","@id":"https:\/\/lightweb.dev\/l\/svm-temp\/#\/schema\/person\/7a82b8a73d171d32360a564b6d03508e"},"headline":"Indisk nattfj\u00e4ril har p\u00e5tr\u00e4ffats p\u00e5 Costa Tropical","datePublished":"2022-02-25T15:31:00+00:00","mainEntityOfPage":{"@id":"https:\/\/lightweb.dev\/l\/svm-temp\/nyheter\/indisk-nattfjaril-har-patraffats-pa-costa-tropical\/"},"wordCount":174,"commentCount":0,"publisher":{"@id":"https:\/\/lightweb.dev\/l\/svm-temp\/#organization"},"image":{"@id":"https:\/\/lightweb.dev\/l\/svm-temp\/nyheter\/indisk-nattfjaril-har-patraffats-pa-costa-tropical\/#primaryimage"},"thumbnailUrl":"https:\/\/lightweb.dev\/l\/svm-temp\/wp-content\/uploads\/2022\/04\/indisk-nattfjril-har-ptrffats-p-costa-tropical.png","articleSection":["Arkiv","Nyheter"],"inLanguage":"sv-SE"},{"@type":"WebPage","@id":"https:\/\/lightweb.dev\/l\/svm-temp\/nyheter\/indisk-nattfjaril-har-patraffats-pa-costa-tropical\/","url":"https:\/\/lightweb.dev\/l\/svm-temp\/nyheter\/indisk-nattfjaril-har-patraffats-pa-costa-tropical\/","name":"Indisk nattfj\u00e4ril har p\u00e5tr\u00e4ffats p\u00e5 Costa Tropical - Svenska Magasinet","isPartOf":{"@id":"https:\/\/lightweb.dev\/l\/svm-temp\/#website"},"primaryImageOfPage":{"@id":"https:\/\/lightweb.dev\/l\/svm-temp\/nyheter\/indisk-nattfjaril-har-patraffats-pa-costa-tropical\/#primaryimage"},"image":{"@id":"https:\/\/lightweb.dev\/l\/svm-temp\/nyheter\/indisk-nattfjaril-har-patraffats-pa-costa-tropical\/#primaryimage"},"thumbnailUrl":"https:\/\/lightweb.dev\/l\/svm-temp\/wp-content\/uploads\/2022\/04\/indisk-nattfjril-har-ptrffats-p-costa-tropical.png","datePublished":"2022-02-25T15:31:00+00:00","breadcrumb":{"@id":"https:\/\/lightweb.dev\/l\/svm-temp\/nyheter\/indisk-nattfjaril-har-patraffats-pa-costa-tropical\/#breadcrumb"},"inLanguage":"sv-SE","potentialAction":[{"@type":"ReadAction","target":["https:\/\/lightweb.dev\/l\/svm-temp\/nyheter\/indisk-nattfjaril-har-patraffats-pa-costa-tropical\/"]}]},{"@type":"ImageObject","inLanguage":"sv-SE","@id":"https:\/\/lightweb.dev\/l\/svm-temp\/nyheter\/indisk-nattfjaril-har-patraffats-pa-costa-tropical\/#primaryimage","url":"https:\/\/lightweb.dev\/l\/svm-temp\/wp-content\/uploads\/2022\/04\/indisk-nattfjril-har-ptrffats-p-costa-tropical.png","contentUrl":"https:\/\/lightweb.dev\/l\/svm-temp\/wp-content\/uploads\/2022\/04\/indisk-nattfjril-har-ptrffats-p-costa-tropical.png","width":500,"height":300},{"@type":"BreadcrumbList","@id":"https:\/\/lightweb.dev\/l\/svm-temp\/nyheter\/indisk-nattfjaril-har-patraffats-pa-costa-tropical\/#breadcrumb","itemListElement":[{"@type":"ListItem","position":1,"name":"Hem","item":"https:\/\/lightweb.dev\/l\/svm-temp\/"},{"@type":"ListItem","position":2,"name":"Indisk nattfj\u00e4ril har p\u00e5tr\u00e4ffats p\u00e5 Costa Tropical"}]},{"@type":"WebSite","@id":"https:\/\/lightweb.dev\/l\/svm-temp\/#website","url":"https:\/\/lightweb.dev\/l\/svm-temp\/","name":"Svenska Magasinet","description":"Dina Spanska nyheter p&aring; Svenska","publisher":{"@id":"https:\/\/lightweb.dev\/l\/svm-temp\/#organization"},"potentialAction":[{"@type":"SearchAction","target":{"@type":"EntryPoint","urlTemplate":"https:\/\/lightweb.dev\/l\/svm-temp\/?s={search_term_string}"},"query-input":{"@type":"PropertyValueSpecification","valueRequired":true,"valueName":"search_term_string"}}],"inLanguage":"sv-SE"},{"@type":"Organization","@id":"https:\/\/lightweb.dev\/l\/svm-temp\/#organization","name":"Melkerson y Nott SL","alternateName":"Svenska Magasinet","url":"https:\/\/lightweb.dev\/l\/svm-temp\/","logo":{"@type":"ImageObject","inLanguage":"sv-SE","@id":"https:\/\/lightweb.dev\/l\/svm-temp\/#\/schema\/logo\/image\/","url":"https:\/\/lightweb.dev\/l\/svm-temp\/wp-content\/uploads\/2025\/02\/SvM-logo-Xtra-Centrerad-SVART.png","contentUrl":"https:\/\/lightweb.dev\/l\/svm-temp\/wp-content\/uploads\/2025\/02\/SvM-logo-Xtra-Centrerad-SVART.png","width":300,"height":99,"caption":"Melkerson y Nott SL"},"image":{"@id":"https:\/\/lightweb.dev\/l\/svm-temp\/#\/schema\/logo\/image\/"},"sameAs":["https:\/\/www.facebook.com\/svenskamagasinet","https:\/\/x.com\/SvenskaMagasine"]},{"@type":"Person","@id":"https:\/\/lightweb.dev\/l\/svm-temp\/#\/schema\/person\/7a82b8a73d171d32360a564b6d03508e","name":"Ola Josefsson","description":"Bevakar Solkusten och Spanien sedan 1994.","sameAs":["https:\/\/lightweb.dev\/l\/svm-temp"],"url":"https:\/\/lightweb.dev\/l\/svm-temp\/reporter\/ola-josefsson\/"}]}},"_links":{"self":[{"href":"https:\/\/lightweb.dev\/l\/svm-temp\/wp-json\/wp\/v2\/posts\/673","targetHints":{"allow":["GET"]}}],"collection":[{"href":"https:\/\/lightweb.dev\/l\/svm-temp\/wp-json\/wp\/v2\/posts"}],"about":[{"href":"https:\/\/lightweb.dev\/l\/svm-temp\/wp-json\/wp\/v2\/types\/post"}],"author":[{"embeddable":true,"href":"https:\/\/lightweb.dev\/l\/svm-temp\/wp-json\/wp\/v2\/users\/7"}],"replies":[{"embeddable":true,"href":"https:\/\/lightweb.dev\/l\/svm-temp\/wp-json\/wp\/v2\/comments?post=673"}],"version-history":[{"count":0,"href":"https:\/\/lightweb.dev\/l\/svm-temp\/wp-json\/wp\/v2\/posts\/673\/revisions"}],"wp:featuredmedia":[{"embeddable":true,"href":"https:\/\/lightweb.dev\/l\/svm-temp\/wp-json\/wp\/v2\/media\/674"}],"wp:attachment":[{"href":"https:\/\/lightweb.dev\/l\/svm-temp\/wp-json\/wp\/v2\/media?parent=673"}],"wp:term":[{"taxonomy":"category","embeddable":true,"href":"https:\/\/lightweb.dev\/l\/svm-temp\/wp-json\/wp\/v2\/categories?post=673"},{"taxonomy":"post_tag","embeddable":true,"href":"https:\/\/lightweb.dev\/l\/svm-temp\/wp-json\/wp\/v2\/tags?post=673"}],"curies":[{"name":"wp","href":"https:\/\/api.w.org\/{rel}","templated":true}]}}