{"id":67455,"date":"2023-10-31T16:35:23","date_gmt":"2023-10-31T15:35:23","guid":{"rendered":"https:\/\/lightweb.dev\/l\/svm-temp\/?p=67455"},"modified":"2023-10-31T16:46:20","modified_gmt":"2023-10-31T15:46:20","slug":"ny-olympisk-pool-i-la-cala-de-mijas","status":"publish","type":"post","link":"https:\/\/lightweb.dev\/l\/svm-temp\/artiklar\/ny-olympisk-pool-i-la-cala-de-mijas\/","title":{"rendered":"Ny olympisk pool i La Cala de Mijas"},"content":{"rendered":"<p><strong>Arbetet med den nya poolen har precis avslutats.\u00a0<\/strong><\/p>\n<p><span style=\"font-weight: 400;\">Mijas borgm\u00e4stare, Josele Gonz\u00e1lez, h\u00f6ll en presskonferens p\u00e5 platsen f\u00f6r den nya bass\u00e4ngen i m\u00e5ndags. Han f\u00f6rklarade d\u00e5 att den \u00e4nnu inte \u00e4r fylld med vatten, och tillade att det kanske \u00e4r b\u00e4st med tanke p\u00e5 situationen med torkan som drabbar Solkusten.\u00a0<\/span><\/p>\n<p><span style=\"font-weight: 400;\">Budgeten f\u00f6r projektet, som presenterades i februari 2021, var 3,6 miljoner euro och planen var att den skulle st\u00e5 klar redan mot slutet av 2022. Efter en rad f\u00f6rseningar i byggarbetet \u00e4r den nu f\u00e4rdig att fyllas med vatten. Ett exakt \u00f6ppningsdatum \u00e4r \u00e4nnu inte klart.\u00a0<\/span><\/p>\n<p><span style=\"font-weight: 400;\">I det nya komplexet finns en 50-metersbass\u00e4ng som ska vara uppv\u00e4rmd mellan 24 och 30 grader. F\u00f6rutom en perfekt plats f\u00f6r lokalbefolkningen att tr\u00e4na ska det ocks\u00e5 h\u00e5llas simt\u00e4vlingar framf\u00f6r en l\u00e4ktare med plats f\u00f6r 500 personer.\u00a0<\/span><\/p>\n<p><span style=\"font-weight: 400;\">Det finns \u00e4ven utrymmen f\u00f6r andra tr\u00e4ningsformer som pilates, judo och olika typer av gymnastik och byggnaden har dessutom kontors- och konferenslokaler.\u00a0<\/span><\/p>\n<p><span style=\"font-weight: 400;\">M\u00e5ndagens presskonferensen kan komma att bli borgm\u00e4starens sista officiella framtr\u00e4dande p\u00e5 ett tag. P\u00e5 torsdag ska han st\u00e4llas inf\u00f6r en <a href=\"https:\/\/lightweb.dev\/l\/svm-temp\/nyheter\/spant-lage-i-mijas-kommunpolitik-efter-misstroendeforklaring\/\">misstroendeomr\u00f6stning i Mijas kommunfullm\u00e4ktige<\/a>. <\/span><\/p>\n","protected":false},"excerpt":{"rendered":"<p>Arbetet med den nya poolen har precis avslutats.\u00a0<\/p>\n","protected":false},"author":14,"featured_media":67456,"comment_status":"open","ping_status":"closed","sticky":false,"template":"","format":"standard","meta":{"_et_pb_use_builder":"","_et_pb_old_content":"","_et_gb_content_width":"","footnotes":""},"categories":[396,4],"tags":[],"class_list":["post-67455","post","type-post","status-publish","format-standard","has-post-thumbnail","hentry","category-arkiv-artiklar","category-artiklar"],"yoast_head":"<!-- This site is optimized with the Yoast SEO Premium plugin v26.2 (Yoast SEO v27.4) - https:\/\/yoast.com\/product\/yoast-seo-premium-wordpress\/ -->\n<title>Ny olympisk pool i La Cala de Mijas - Svenska Magasinet<\/title>\n<meta name=\"robots\" content=\"noindex, follow, max-snippet:-1, max-image-preview:large, max-video-preview:-1\" \/>\n<meta property=\"og:locale\" content=\"sv_SE\" \/>\n<meta property=\"og:type\" content=\"article\" \/>\n<meta property=\"og:title\" content=\"Ny olympisk pool i La Cala de Mijas\" \/>\n<meta property=\"og:description\" content=\"Arbetet med den nya poolen har precis avslutats.\u00a0\" \/>\n<meta property=\"og:url\" content=\"https:\/\/lightweb.dev\/l\/svm-temp\/arkiv\/ny-olympisk-pool-i-la-cala-de-mijas\/\" \/>\n<meta property=\"og:site_name\" content=\"Svenska Magasinet\" \/>\n<meta property=\"article:publisher\" content=\"https:\/\/www.facebook.com\/svenskamagasinet\" \/>\n<meta property=\"article:published_time\" content=\"2023-10-31T15:35:23+00:00\" \/>\n<meta property=\"article:modified_time\" content=\"2023-10-31T15:46:20+00:00\" \/>\n<meta property=\"og:image\" content=\"https:\/\/lightweb.dev\/l\/svm-temp\/wp-content\/uploads\/2023\/10\/Olympic-standard-swimming-pool-for-La-Cala-de-Mijas-1024x706-1.jpg\" \/>\n\t<meta property=\"og:image:width\" content=\"1024\" \/>\n\t<meta property=\"og:image:height\" content=\"706\" \/>\n\t<meta property=\"og:image:type\" content=\"image\/jpeg\" \/>\n<meta name=\"author\" content=\"Robbie Eriksson\" \/>\n<meta name=\"twitter:card\" content=\"summary_large_image\" \/>\n<meta name=\"twitter:creator\" content=\"@SvenskaMagasine\" \/>\n<meta name=\"twitter:site\" content=\"@SvenskaMagasine\" \/>\n<script type=\"application\/ld+json\" class=\"yoast-schema-graph\">{\"@context\":\"https:\\\/\\\/schema.org\",\"@graph\":[{\"@type\":\"Article\",\"@id\":\"https:\\\/\\\/lightweb.dev\\\/l\\\/svm-temp\\\/arkiv\\\/ny-olympisk-pool-i-la-cala-de-mijas\\\/#article\",\"isPartOf\":{\"@id\":\"https:\\\/\\\/lightweb.dev\\\/l\\\/svm-temp\\\/arkiv\\\/ny-olympisk-pool-i-la-cala-de-mijas\\\/\"},\"author\":{\"name\":\"Robbie Eriksson\",\"@id\":\"https:\\\/\\\/lightweb.dev\\\/l\\\/svm-temp\\\/#\\\/schema\\\/person\\\/caffe038990d25722f5a04a03c906a2b\"},\"headline\":\"Ny olympisk pool i La Cala de Mijas\",\"datePublished\":\"2023-10-31T15:35:23+00:00\",\"dateModified\":\"2023-10-31T15:46:20+00:00\",\"mainEntityOfPage\":{\"@id\":\"https:\\\/\\\/lightweb.dev\\\/l\\\/svm-temp\\\/arkiv\\\/ny-olympisk-pool-i-la-cala-de-mijas\\\/\"},\"wordCount\":211,\"commentCount\":0,\"publisher\":{\"@id\":\"https:\\\/\\\/lightweb.dev\\\/l\\\/svm-temp\\\/#organization\"},\"image\":{\"@id\":\"https:\\\/\\\/lightweb.dev\\\/l\\\/svm-temp\\\/arkiv\\\/ny-olympisk-pool-i-la-cala-de-mijas\\\/#primaryimage\"},\"thumbnailUrl\":\"https:\\\/\\\/lightweb.dev\\\/l\\\/svm-temp\\\/wp-content\\\/uploads\\\/2023\\\/10\\\/Olympic-standard-swimming-pool-for-La-Cala-de-Mijas-1024x706-1.jpg\",\"articleSection\":[\"Arkiv\",\"Artiklar\"],\"inLanguage\":\"sv-SE\"},{\"@type\":\"WebPage\",\"@id\":\"https:\\\/\\\/lightweb.dev\\\/l\\\/svm-temp\\\/arkiv\\\/ny-olympisk-pool-i-la-cala-de-mijas\\\/\",\"url\":\"https:\\\/\\\/lightweb.dev\\\/l\\\/svm-temp\\\/arkiv\\\/ny-olympisk-pool-i-la-cala-de-mijas\\\/\",\"name\":\"Ny olympisk pool i La Cala de Mijas - Svenska Magasinet\",\"isPartOf\":{\"@id\":\"https:\\\/\\\/lightweb.dev\\\/l\\\/svm-temp\\\/#website\"},\"primaryImageOfPage\":{\"@id\":\"https:\\\/\\\/lightweb.dev\\\/l\\\/svm-temp\\\/arkiv\\\/ny-olympisk-pool-i-la-cala-de-mijas\\\/#primaryimage\"},\"image\":{\"@id\":\"https:\\\/\\\/lightweb.dev\\\/l\\\/svm-temp\\\/arkiv\\\/ny-olympisk-pool-i-la-cala-de-mijas\\\/#primaryimage\"},\"thumbnailUrl\":\"https:\\\/\\\/lightweb.dev\\\/l\\\/svm-temp\\\/wp-content\\\/uploads\\\/2023\\\/10\\\/Olympic-standard-swimming-pool-for-La-Cala-de-Mijas-1024x706-1.jpg\",\"datePublished\":\"2023-10-31T15:35:23+00:00\",\"dateModified\":\"2023-10-31T15:46:20+00:00\",\"breadcrumb\":{\"@id\":\"https:\\\/\\\/lightweb.dev\\\/l\\\/svm-temp\\\/arkiv\\\/ny-olympisk-pool-i-la-cala-de-mijas\\\/#breadcrumb\"},\"inLanguage\":\"sv-SE\",\"potentialAction\":[{\"@type\":\"ReadAction\",\"target\":[\"https:\\\/\\\/lightweb.dev\\\/l\\\/svm-temp\\\/arkiv\\\/ny-olympisk-pool-i-la-cala-de-mijas\\\/\"]}]},{\"@type\":\"ImageObject\",\"inLanguage\":\"sv-SE\",\"@id\":\"https:\\\/\\\/lightweb.dev\\\/l\\\/svm-temp\\\/arkiv\\\/ny-olympisk-pool-i-la-cala-de-mijas\\\/#primaryimage\",\"url\":\"https:\\\/\\\/lightweb.dev\\\/l\\\/svm-temp\\\/wp-content\\\/uploads\\\/2023\\\/10\\\/Olympic-standard-swimming-pool-for-La-Cala-de-Mijas-1024x706-1.jpg\",\"contentUrl\":\"https:\\\/\\\/lightweb.dev\\\/l\\\/svm-temp\\\/wp-content\\\/uploads\\\/2023\\\/10\\\/Olympic-standard-swimming-pool-for-La-Cala-de-Mijas-1024x706-1.jpg\",\"width\":1024,\"height\":706,\"caption\":\"Borgm\u00e4stre Josele Gonz\u00e1lez och hans kollegor vid den nya bass\u00e4ngen. Bild: Ayuntamiento de Mijas.\"},{\"@type\":\"BreadcrumbList\",\"@id\":\"https:\\\/\\\/lightweb.dev\\\/l\\\/svm-temp\\\/arkiv\\\/ny-olympisk-pool-i-la-cala-de-mijas\\\/#breadcrumb\",\"itemListElement\":[{\"@type\":\"ListItem\",\"position\":1,\"name\":\"Hem\",\"item\":\"https:\\\/\\\/lightweb.dev\\\/l\\\/svm-temp\\\/\"},{\"@type\":\"ListItem\",\"position\":2,\"name\":\"Ny olympisk pool i La Cala de Mijas\"}]},{\"@type\":\"WebSite\",\"@id\":\"https:\\\/\\\/lightweb.dev\\\/l\\\/svm-temp\\\/#website\",\"url\":\"https:\\\/\\\/lightweb.dev\\\/l\\\/svm-temp\\\/\",\"name\":\"Svenska Magasinet\",\"description\":\"Dina Spanska nyheter p&aring; Svenska\",\"publisher\":{\"@id\":\"https:\\\/\\\/lightweb.dev\\\/l\\\/svm-temp\\\/#organization\"},\"potentialAction\":[{\"@type\":\"SearchAction\",\"target\":{\"@type\":\"EntryPoint\",\"urlTemplate\":\"https:\\\/\\\/lightweb.dev\\\/l\\\/svm-temp\\\/?s={search_term_string}\"},\"query-input\":{\"@type\":\"PropertyValueSpecification\",\"valueRequired\":true,\"valueName\":\"search_term_string\"}}],\"inLanguage\":\"sv-SE\"},{\"@type\":\"Organization\",\"@id\":\"https:\\\/\\\/lightweb.dev\\\/l\\\/svm-temp\\\/#organization\",\"name\":\"Melkerson y Nott SL\",\"alternateName\":\"Svenska Magasinet\",\"url\":\"https:\\\/\\\/lightweb.dev\\\/l\\\/svm-temp\\\/\",\"logo\":{\"@type\":\"ImageObject\",\"inLanguage\":\"sv-SE\",\"@id\":\"https:\\\/\\\/lightweb.dev\\\/l\\\/svm-temp\\\/#\\\/schema\\\/logo\\\/image\\\/\",\"url\":\"https:\\\/\\\/lightweb.dev\\\/l\\\/svm-temp\\\/wp-content\\\/uploads\\\/2025\\\/02\\\/SvM-logo-Xtra-Centrerad-SVART.png\",\"contentUrl\":\"https:\\\/\\\/lightweb.dev\\\/l\\\/svm-temp\\\/wp-content\\\/uploads\\\/2025\\\/02\\\/SvM-logo-Xtra-Centrerad-SVART.png\",\"width\":300,\"height\":99,\"caption\":\"Melkerson y Nott SL\"},\"image\":{\"@id\":\"https:\\\/\\\/lightweb.dev\\\/l\\\/svm-temp\\\/#\\\/schema\\\/logo\\\/image\\\/\"},\"sameAs\":[\"https:\\\/\\\/www.facebook.com\\\/svenskamagasinet\",\"https:\\\/\\\/x.com\\\/SvenskaMagasine\"]},{\"@type\":\"Person\",\"@id\":\"https:\\\/\\\/lightweb.dev\\\/l\\\/svm-temp\\\/#\\\/schema\\\/person\\\/caffe038990d25722f5a04a03c906a2b\",\"name\":\"Robbie Eriksson\",\"sameAs\":[\"https:\\\/\\\/lightweb.dev\\\/l\\\/svm-temp\"],\"url\":\"https:\\\/\\\/lightweb.dev\\\/l\\\/svm-temp\\\/reporter\\\/robbie-eriksson\\\/\"}]}<\/script>\n<!-- \/ Yoast SEO Premium plugin. -->","yoast_head_json":{"title":"Ny olympisk pool i La Cala de Mijas - Svenska Magasinet","robots":{"index":"noindex","follow":"follow","max-snippet":"max-snippet:-1","max-image-preview":"max-image-preview:large","max-video-preview":"max-video-preview:-1"},"og_locale":"sv_SE","og_type":"article","og_title":"Ny olympisk pool i La Cala de Mijas","og_description":"Arbetet med den nya poolen har precis avslutats.\u00a0","og_url":"https:\/\/lightweb.dev\/l\/svm-temp\/arkiv\/ny-olympisk-pool-i-la-cala-de-mijas\/","og_site_name":"Svenska Magasinet","article_publisher":"https:\/\/www.facebook.com\/svenskamagasinet","article_published_time":"2023-10-31T15:35:23+00:00","article_modified_time":"2023-10-31T15:46:20+00:00","og_image":[{"width":1024,"height":706,"url":"https:\/\/lightweb.dev\/l\/svm-temp\/wp-content\/uploads\/2023\/10\/Olympic-standard-swimming-pool-for-La-Cala-de-Mijas-1024x706-1.jpg","type":"image\/jpeg"}],"author":"Robbie Eriksson","twitter_card":"summary_large_image","twitter_creator":"@SvenskaMagasine","twitter_site":"@SvenskaMagasine","schema":{"@context":"https:\/\/schema.org","@graph":[{"@type":"Article","@id":"https:\/\/lightweb.dev\/l\/svm-temp\/arkiv\/ny-olympisk-pool-i-la-cala-de-mijas\/#article","isPartOf":{"@id":"https:\/\/lightweb.dev\/l\/svm-temp\/arkiv\/ny-olympisk-pool-i-la-cala-de-mijas\/"},"author":{"name":"Robbie Eriksson","@id":"https:\/\/lightweb.dev\/l\/svm-temp\/#\/schema\/person\/caffe038990d25722f5a04a03c906a2b"},"headline":"Ny olympisk pool i La Cala de Mijas","datePublished":"2023-10-31T15:35:23+00:00","dateModified":"2023-10-31T15:46:20+00:00","mainEntityOfPage":{"@id":"https:\/\/lightweb.dev\/l\/svm-temp\/arkiv\/ny-olympisk-pool-i-la-cala-de-mijas\/"},"wordCount":211,"commentCount":0,"publisher":{"@id":"https:\/\/lightweb.dev\/l\/svm-temp\/#organization"},"image":{"@id":"https:\/\/lightweb.dev\/l\/svm-temp\/arkiv\/ny-olympisk-pool-i-la-cala-de-mijas\/#primaryimage"},"thumbnailUrl":"https:\/\/lightweb.dev\/l\/svm-temp\/wp-content\/uploads\/2023\/10\/Olympic-standard-swimming-pool-for-La-Cala-de-Mijas-1024x706-1.jpg","articleSection":["Arkiv","Artiklar"],"inLanguage":"sv-SE"},{"@type":"WebPage","@id":"https:\/\/lightweb.dev\/l\/svm-temp\/arkiv\/ny-olympisk-pool-i-la-cala-de-mijas\/","url":"https:\/\/lightweb.dev\/l\/svm-temp\/arkiv\/ny-olympisk-pool-i-la-cala-de-mijas\/","name":"Ny olympisk pool i La Cala de Mijas - Svenska Magasinet","isPartOf":{"@id":"https:\/\/lightweb.dev\/l\/svm-temp\/#website"},"primaryImageOfPage":{"@id":"https:\/\/lightweb.dev\/l\/svm-temp\/arkiv\/ny-olympisk-pool-i-la-cala-de-mijas\/#primaryimage"},"image":{"@id":"https:\/\/lightweb.dev\/l\/svm-temp\/arkiv\/ny-olympisk-pool-i-la-cala-de-mijas\/#primaryimage"},"thumbnailUrl":"https:\/\/lightweb.dev\/l\/svm-temp\/wp-content\/uploads\/2023\/10\/Olympic-standard-swimming-pool-for-La-Cala-de-Mijas-1024x706-1.jpg","datePublished":"2023-10-31T15:35:23+00:00","dateModified":"2023-10-31T15:46:20+00:00","breadcrumb":{"@id":"https:\/\/lightweb.dev\/l\/svm-temp\/arkiv\/ny-olympisk-pool-i-la-cala-de-mijas\/#breadcrumb"},"inLanguage":"sv-SE","potentialAction":[{"@type":"ReadAction","target":["https:\/\/lightweb.dev\/l\/svm-temp\/arkiv\/ny-olympisk-pool-i-la-cala-de-mijas\/"]}]},{"@type":"ImageObject","inLanguage":"sv-SE","@id":"https:\/\/lightweb.dev\/l\/svm-temp\/arkiv\/ny-olympisk-pool-i-la-cala-de-mijas\/#primaryimage","url":"https:\/\/lightweb.dev\/l\/svm-temp\/wp-content\/uploads\/2023\/10\/Olympic-standard-swimming-pool-for-La-Cala-de-Mijas-1024x706-1.jpg","contentUrl":"https:\/\/lightweb.dev\/l\/svm-temp\/wp-content\/uploads\/2023\/10\/Olympic-standard-swimming-pool-for-La-Cala-de-Mijas-1024x706-1.jpg","width":1024,"height":706,"caption":"Borgm\u00e4stre Josele Gonz\u00e1lez och hans kollegor vid den nya bass\u00e4ngen. Bild: Ayuntamiento de Mijas."},{"@type":"BreadcrumbList","@id":"https:\/\/lightweb.dev\/l\/svm-temp\/arkiv\/ny-olympisk-pool-i-la-cala-de-mijas\/#breadcrumb","itemListElement":[{"@type":"ListItem","position":1,"name":"Hem","item":"https:\/\/lightweb.dev\/l\/svm-temp\/"},{"@type":"ListItem","position":2,"name":"Ny olympisk pool i La Cala de Mijas"}]},{"@type":"WebSite","@id":"https:\/\/lightweb.dev\/l\/svm-temp\/#website","url":"https:\/\/lightweb.dev\/l\/svm-temp\/","name":"Svenska Magasinet","description":"Dina Spanska nyheter p&aring; Svenska","publisher":{"@id":"https:\/\/lightweb.dev\/l\/svm-temp\/#organization"},"potentialAction":[{"@type":"SearchAction","target":{"@type":"EntryPoint","urlTemplate":"https:\/\/lightweb.dev\/l\/svm-temp\/?s={search_term_string}"},"query-input":{"@type":"PropertyValueSpecification","valueRequired":true,"valueName":"search_term_string"}}],"inLanguage":"sv-SE"},{"@type":"Organization","@id":"https:\/\/lightweb.dev\/l\/svm-temp\/#organization","name":"Melkerson y Nott SL","alternateName":"Svenska Magasinet","url":"https:\/\/lightweb.dev\/l\/svm-temp\/","logo":{"@type":"ImageObject","inLanguage":"sv-SE","@id":"https:\/\/lightweb.dev\/l\/svm-temp\/#\/schema\/logo\/image\/","url":"https:\/\/lightweb.dev\/l\/svm-temp\/wp-content\/uploads\/2025\/02\/SvM-logo-Xtra-Centrerad-SVART.png","contentUrl":"https:\/\/lightweb.dev\/l\/svm-temp\/wp-content\/uploads\/2025\/02\/SvM-logo-Xtra-Centrerad-SVART.png","width":300,"height":99,"caption":"Melkerson y Nott SL"},"image":{"@id":"https:\/\/lightweb.dev\/l\/svm-temp\/#\/schema\/logo\/image\/"},"sameAs":["https:\/\/www.facebook.com\/svenskamagasinet","https:\/\/x.com\/SvenskaMagasine"]},{"@type":"Person","@id":"https:\/\/lightweb.dev\/l\/svm-temp\/#\/schema\/person\/caffe038990d25722f5a04a03c906a2b","name":"Robbie Eriksson","sameAs":["https:\/\/lightweb.dev\/l\/svm-temp"],"url":"https:\/\/lightweb.dev\/l\/svm-temp\/reporter\/robbie-eriksson\/"}]}},"_links":{"self":[{"href":"https:\/\/lightweb.dev\/l\/svm-temp\/wp-json\/wp\/v2\/posts\/67455","targetHints":{"allow":["GET"]}}],"collection":[{"href":"https:\/\/lightweb.dev\/l\/svm-temp\/wp-json\/wp\/v2\/posts"}],"about":[{"href":"https:\/\/lightweb.dev\/l\/svm-temp\/wp-json\/wp\/v2\/types\/post"}],"author":[{"embeddable":true,"href":"https:\/\/lightweb.dev\/l\/svm-temp\/wp-json\/wp\/v2\/users\/14"}],"replies":[{"embeddable":true,"href":"https:\/\/lightweb.dev\/l\/svm-temp\/wp-json\/wp\/v2\/comments?post=67455"}],"version-history":[{"count":0,"href":"https:\/\/lightweb.dev\/l\/svm-temp\/wp-json\/wp\/v2\/posts\/67455\/revisions"}],"wp:featuredmedia":[{"embeddable":true,"href":"https:\/\/lightweb.dev\/l\/svm-temp\/wp-json\/wp\/v2\/media\/67456"}],"wp:attachment":[{"href":"https:\/\/lightweb.dev\/l\/svm-temp\/wp-json\/wp\/v2\/media?parent=67455"}],"wp:term":[{"taxonomy":"category","embeddable":true,"href":"https:\/\/lightweb.dev\/l\/svm-temp\/wp-json\/wp\/v2\/categories?post=67455"},{"taxonomy":"post_tag","embeddable":true,"href":"https:\/\/lightweb.dev\/l\/svm-temp\/wp-json\/wp\/v2\/tags?post=67455"}],"curies":[{"name":"wp","href":"https:\/\/api.w.org\/{rel}","templated":true}]}}