{"id":67506,"date":"2023-11-03T13:19:41","date_gmt":"2023-11-03T12:19:41","guid":{"rendered":"https:\/\/lightweb.dev\/l\/svm-temp\/?p=67506"},"modified":"2023-11-03T17:08:18","modified_gmt":"2023-11-03T16:08:18","slug":"fredagsvinet-experter-lyfter-fram-halsofordelar-med-mattlig-vinkonsumtion","status":"publish","type":"post","link":"https:\/\/lightweb.dev\/l\/svm-temp\/artiklar\/mat-vin\/fredagsvinet-experter-lyfter-fram-halsofordelar-med-mattlig-vinkonsumtion\/","title":{"rendered":"Fredagsvinet: Experter lyfter fram h\u00e4lsof\u00f6rdelar med m\u00e5ttlig vinkonsumtion"},"content":{"rendered":"<p><strong>Internationella experter lyfter fram f\u00f6rdelarna med Medelhavsdieten och en m\u00e5ttlig vinkonsumtion.<\/strong><\/p>\n<p><strong>Den 19 och 20 oktober var experter samlade i Toledo under kongressen Lifestyle, Diet, Wine and Health.<\/strong><\/p>\n<p><img loading=\"lazy\" decoding=\"async\" class=\"size-medium wp-image-67507 alignleft\" src=\"https:\/\/lightweb.dev\/l\/svm-temp\/wp-content\/uploads\/2023\/11\/F8yfW2aXcAALRxU-stor-300x200.jpeg\" alt=\"\" width=\"300\" height=\"200\" srcset=\"https:\/\/lightweb.dev\/l\/svm-temp\/wp-content\/uploads\/2023\/11\/F8yfW2aXcAALRxU-stor-300x200.jpeg 300w, https:\/\/lightweb.dev\/l\/svm-temp\/wp-content\/uploads\/2023\/11\/F8yfW2aXcAALRxU-stor-900x600.jpeg 900w, https:\/\/lightweb.dev\/l\/svm-temp\/wp-content\/uploads\/2023\/11\/F8yfW2aXcAALRxU-stor-768x512.jpeg 768w, https:\/\/lightweb.dev\/l\/svm-temp\/wp-content\/uploads\/2023\/11\/F8yfW2aXcAALRxU-stor-610x407.jpeg 610w, https:\/\/lightweb.dev\/l\/svm-temp\/wp-content\/uploads\/2023\/11\/F8yfW2aXcAALRxU-stor-1080x720.jpeg 1080w, https:\/\/lightweb.dev\/l\/svm-temp\/wp-content\/uploads\/2023\/11\/F8yfW2aXcAALRxU-stor-600x400.jpeg 600w, https:\/\/lightweb.dev\/l\/svm-temp\/wp-content\/uploads\/2023\/11\/F8yfW2aXcAALRxU-stor.jpeg 1280w\" sizes=\"(max-width: 300px) 100vw, 300px\" \/><\/p>\n<p>Det \u00e4r inte f\u00f6rsta g\u00e5ngen den nyttiga Medelhavskosten prisas. Experter och l\u00e4kare rekommenderar livsmedel som frukt, gr\u00f6nsaker, baljv\u00e4xter, n\u00f6tter, olivolja, fisk och fullkorn, en m\u00e5ttlig konsumtion av vin och minskad konsumtion av r\u00f6tt k\u00f6tt och processad mat.<\/p>\n<p>Vid kongressen i Toledo presenterades uppdaterade vetenskapliga studier som bekr\u00e4ftade f\u00f6rdelarna med Medelhavsdieten d\u00e4r \u00e4ven en m\u00e5ttlig vinkonsumtion ing\u00e5r. Men \u00e4ven balanserad kost, fysisk tr\u00e4ning och s\u00f6mnens betydelse po\u00e4ngterades.<\/p>\n<p>I Medelhavsdieten ing\u00e5r \u00e4ven den sociala biten. Att tr\u00e4ffas under lugna former, l\u00e4gga undan mobiler och l\u00e4splattor, och helt enkelt njuta av en stunds avkoppling d\u00e4r utseende, dofter och smaker ing\u00e5r.<\/p>\n<p>P\u00e5 plats i Toledo fanns mer \u00e4n 30 talare fr\u00e5n utlandet och \u00f6ver 180 forskare. Kongressen arrangerades av stiftelsen FIVIN (Fundaci\u00f3n para la Investigaci\u00f3n del Vino y la Nutrici\u00f3n) och WIC (Wine Information Council).<\/p>\n<p>Dr Nicolai Worm, ordf\u00f6rande f\u00f6r Wine Information Council, s\u00e4ger att &#8221;v\u00e5rt m\u00e5l har varit att informera om livsstil, kost, vin och h\u00e4lsa. Vi \u00e4r stolta \u00f6ver att kunna s\u00e4ga att kongressen varit en stor framg\u00e5ng&#8221;.<\/p>\n<p>En ny studie fr\u00e5n Global Burden of Diseases (GBD) som \u00e4r ett r\u00e5dgivande organ till v\u00e4rldsh\u00e4lsoorganisationen WHO visar att d\u00f6dlighet och antalet hj\u00e4rt- och k\u00e4rlsjukdomar minskar hos personer som dricker m\u00e5ttligt med vin. De har \u00e4ven b\u00e4ttre resultat \u00e4n de som inte dricker alls.<\/p>\n<p>&#8211; Det intressanta \u00e4r att vin har en mer positiv effekt \u00e4n andra alkoholhaltiga drycker. Att hj\u00e4rt- och k\u00e4rlsjukdomar \u00e4r f\u00e4rre bland m\u00e5ttliga vindrickare beror p\u00e5 att vinet f\u00f6rhindrar viss \u00e5derf\u00f6rkalkning p\u00e5 grund av \u00e4mnet polyfenol, s\u00e4ger doktor Josep Masip.<\/p>\n<p>Men vad \u00e4r d\u00e5 m\u00e5ttlig alkoholkonsumtion, fr\u00e5gar sig v\u00e4n av ordning. F\u00f6r m\u00e4n g\u00e4ller tv\u00e5 glas vin om dagen och ett glas vin f\u00f6r kvinnor, under m\u00e5ltider som sedan \u00e5tf\u00f6ljs av en h\u00e4lsosam kost och livsstil.<\/p>\n<h2>Vinm\u00e4ssa<\/h2>\n<p>Den 13 och 14 november arrangeras den 23:e vinm\u00e4ssan Sal\u00f3n de los Mejores Vinos de Espa\u00f1a i utst\u00e4llningshallen Pabell\u00f3n 12 vid IFEMA i Madrid. 400 vinproducenter \u00e4r p\u00e5 plats med tv\u00e5 tusen viner som har f\u00e5tt betyget 90 till 100 i senaste vinguiden Gu\u00eda Pe\u00f1\u00edn de los Vinos de Espa\u00f1a. L\u00e4s mer <a href=\"https:\/\/guiapenin.wine\/magazine-noticias-salon-penin-mejores-vinos-anuncia-programa-catas?utm_source=Profesionales+-+Nuevo+Pe%C3%B1%C3%ADn&amp;utm_campaign=71111b359f-NEWSLETTER_PROFESIONALES_NP_03_11_23&amp;utm_medium=email&amp;utm_term=0_42e4bef90d-71111b359f-346371885\">H\u00c4R.<\/a><\/p>\n<h2>Vintips<\/h2>\n<p><img loading=\"lazy\" decoding=\"async\" class=\"size-medium wp-image-67508 alignleft\" src=\"https:\/\/lightweb.dev\/l\/svm-temp\/wp-content\/uploads\/2023\/11\/FxJ78T5WYAYJkpD-stor-300x225.jpeg\" alt=\"\" width=\"300\" height=\"225\" srcset=\"https:\/\/lightweb.dev\/l\/svm-temp\/wp-content\/uploads\/2023\/11\/FxJ78T5WYAYJkpD-stor-300x225.jpeg 300w, https:\/\/lightweb.dev\/l\/svm-temp\/wp-content\/uploads\/2023\/11\/FxJ78T5WYAYJkpD-stor-900x675.jpeg 900w, https:\/\/lightweb.dev\/l\/svm-temp\/wp-content\/uploads\/2023\/11\/FxJ78T5WYAYJkpD-stor-768x576.jpeg 768w, https:\/\/lightweb.dev\/l\/svm-temp\/wp-content\/uploads\/2023\/11\/FxJ78T5WYAYJkpD-stor-610x458.jpeg 610w, https:\/\/lightweb.dev\/l\/svm-temp\/wp-content\/uploads\/2023\/11\/FxJ78T5WYAYJkpD-stor-1080x810.jpeg 1080w, https:\/\/lightweb.dev\/l\/svm-temp\/wp-content\/uploads\/2023\/11\/FxJ78T5WYAYJkpD-stor-600x450.jpeg 600w, https:\/\/lightweb.dev\/l\/svm-temp\/wp-content\/uploads\/2023\/11\/FxJ78T5WYAYJkpD-stor.jpeg 1280w\" sizes=\"(max-width: 300px) 100vw, 300px\" \/><\/p>\n<p>Finca Ernite 2021 fr\u00e5n Bodega Quitapenas och M\u00e1lagaprovinsen p\u00e5 Tempranillo och fem m\u00e5nader p\u00e5 fat. Mogna m\u00f6rka skogsb\u00e4r, toner av kryddor, fikon. Fylligt, behagliga mjuka tanniner med en l\u00e5ng och bra eftersmak. Gott! 12,75 euro.<\/p>\n<p>&nbsp;<\/p>\n<p>&nbsp;<\/p>\n<p>&nbsp;<\/p>\n<p><img loading=\"lazy\" decoding=\"async\" class=\"size-medium wp-image-67509 alignleft\" src=\"https:\/\/lightweb.dev\/l\/svm-temp\/wp-content\/uploads\/2023\/11\/FoyhjSjX0AEhd-P-stor-300x225.jpeg\" alt=\"\" width=\"300\" height=\"225\" srcset=\"https:\/\/lightweb.dev\/l\/svm-temp\/wp-content\/uploads\/2023\/11\/FoyhjSjX0AEhd-P-stor-300x225.jpeg 300w, https:\/\/lightweb.dev\/l\/svm-temp\/wp-content\/uploads\/2023\/11\/FoyhjSjX0AEhd-P-stor-900x675.jpeg 900w, https:\/\/lightweb.dev\/l\/svm-temp\/wp-content\/uploads\/2023\/11\/FoyhjSjX0AEhd-P-stor-768x576.jpeg 768w, https:\/\/lightweb.dev\/l\/svm-temp\/wp-content\/uploads\/2023\/11\/FoyhjSjX0AEhd-P-stor-610x458.jpeg 610w, https:\/\/lightweb.dev\/l\/svm-temp\/wp-content\/uploads\/2023\/11\/FoyhjSjX0AEhd-P-stor-1080x810.jpeg 1080w, https:\/\/lightweb.dev\/l\/svm-temp\/wp-content\/uploads\/2023\/11\/FoyhjSjX0AEhd-P-stor-600x450.jpeg 600w, https:\/\/lightweb.dev\/l\/svm-temp\/wp-content\/uploads\/2023\/11\/FoyhjSjX0AEhd-P-stor.jpeg 1280w\" sizes=\"(max-width: 300px) 100vw, 300px\" \/><\/p>\n<p>David Moreno Crianza 2018 Selecci\u00f3n familia p\u00e5 90% Tempranillo och 10% Garnacha fr\u00e5n Bodegas DavidMoreno ett av de b\u00e4sta i prisklassen 10 euro, sn\u00e4lla tanniner, mogen frukt, torkade \u00f6rter, fylligt.<\/p>\n","protected":false},"excerpt":{"rendered":"<p>Internationella experter lyfter fram f\u00f6rdelarna med Medelhavsdieten och en m\u00e5ttlig vinkonsumtion. Den 19 och 20 oktober var experter samlade i Toledo under kongressen Lifestyle, Diet, Wine and Health&#8230;<\/p>\n","protected":false},"author":7,"featured_media":63668,"comment_status":"open","ping_status":"closed","sticky":false,"template":"","format":"standard","meta":{"_et_pb_use_builder":"","_et_pb_old_content":"","_et_gb_content_width":"","footnotes":""},"categories":[4,38],"tags":[],"class_list":["post-67506","post","type-post","status-publish","format-standard","has-post-thumbnail","hentry","category-artiklar","category-mat-vin"],"yoast_head":"<!-- This site is optimized with the Yoast SEO Premium plugin v26.2 (Yoast SEO v27.4) - https:\/\/yoast.com\/product\/yoast-seo-premium-wordpress\/ -->\n<title>Fredagsvinet: Experter lyfter fram h\u00e4lsof\u00f6rdelar med m\u00e5ttlig vinkonsumtion - Svenska Magasinet<\/title>\n<meta name=\"description\" content=\"Internationella experter lyfter fram f\u00f6rdelarna med Medelhavsdieten och en m\u00e5ttlig vinkonsumtion. Den 19 och 20 oktober var exporter samlade i Toledo under kongressen Lifestyle, Diet, Wine and Health.\" \/>\n<meta name=\"robots\" content=\"noindex, follow, max-snippet:-1, max-image-preview:large, max-video-preview:-1\" \/>\n<meta property=\"og:locale\" content=\"sv_SE\" \/>\n<meta property=\"og:type\" content=\"article\" \/>\n<meta property=\"og:title\" content=\"Fredagsvinet: Experter lyfter fram h\u00e4lsof\u00f6rdelar med m\u00e5ttlig vinkonsumtion\" \/>\n<meta property=\"og:description\" content=\"Internationella experter lyfter fram f\u00f6rdelarna med Medelhavsdieten och en m\u00e5ttlig vinkonsumtion. Den 19 och 20 oktober var exporter samlade i Toledo under kongressen Lifestyle, Diet, Wine and Health.\" \/>\n<meta property=\"og:url\" content=\"https:\/\/lightweb.dev\/l\/svm-temp\/artiklar\/mat-vin\/fredagsvinet-experter-lyfter-fram-halsofordelar-med-mattlig-vinkonsumtion\/\" \/>\n<meta property=\"og:site_name\" content=\"Svenska Magasinet\" \/>\n<meta property=\"article:publisher\" content=\"https:\/\/www.facebook.com\/svenskamagasinet\" \/>\n<meta property=\"article:published_time\" content=\"2023-11-03T12:19:41+00:00\" \/>\n<meta property=\"article:modified_time\" content=\"2023-11-03T16:08:18+00:00\" \/>\n<meta property=\"og:image\" content=\"https:\/\/lightweb.dev\/l\/svm-temp\/wp-content\/uploads\/2023\/05\/Vin_shutterstock_298625057-stor.jpeg\" \/>\n\t<meta property=\"og:image:width\" content=\"1280\" \/>\n\t<meta property=\"og:image:height\" content=\"911\" \/>\n\t<meta property=\"og:image:type\" content=\"image\/jpeg\" \/>\n<meta name=\"author\" content=\"Ola Josefsson\" \/>\n<meta name=\"twitter:card\" content=\"summary_large_image\" \/>\n<meta name=\"twitter:creator\" content=\"@SvenskaMagasine\" \/>\n<meta name=\"twitter:site\" content=\"@SvenskaMagasine\" \/>\n<script type=\"application\/ld+json\" class=\"yoast-schema-graph\">{\"@context\":\"https:\\\/\\\/schema.org\",\"@graph\":[{\"@type\":\"Article\",\"@id\":\"https:\\\/\\\/lightweb.dev\\\/l\\\/svm-temp\\\/artiklar\\\/mat-vin\\\/fredagsvinet-experter-lyfter-fram-halsofordelar-med-mattlig-vinkonsumtion\\\/#article\",\"isPartOf\":{\"@id\":\"https:\\\/\\\/lightweb.dev\\\/l\\\/svm-temp\\\/artiklar\\\/mat-vin\\\/fredagsvinet-experter-lyfter-fram-halsofordelar-med-mattlig-vinkonsumtion\\\/\"},\"author\":{\"name\":\"Ola Josefsson\",\"@id\":\"https:\\\/\\\/lightweb.dev\\\/l\\\/svm-temp\\\/#\\\/schema\\\/person\\\/7a82b8a73d171d32360a564b6d03508e\"},\"headline\":\"Fredagsvinet: Experter lyfter fram h\u00e4lsof\u00f6rdelar med m\u00e5ttlig vinkonsumtion\",\"datePublished\":\"2023-11-03T12:19:41+00:00\",\"dateModified\":\"2023-11-03T16:08:18+00:00\",\"mainEntityOfPage\":{\"@id\":\"https:\\\/\\\/lightweb.dev\\\/l\\\/svm-temp\\\/artiklar\\\/mat-vin\\\/fredagsvinet-experter-lyfter-fram-halsofordelar-med-mattlig-vinkonsumtion\\\/\"},\"wordCount\":517,\"commentCount\":1,\"publisher\":{\"@id\":\"https:\\\/\\\/lightweb.dev\\\/l\\\/svm-temp\\\/#organization\"},\"image\":{\"@id\":\"https:\\\/\\\/lightweb.dev\\\/l\\\/svm-temp\\\/artiklar\\\/mat-vin\\\/fredagsvinet-experter-lyfter-fram-halsofordelar-med-mattlig-vinkonsumtion\\\/#primaryimage\"},\"thumbnailUrl\":\"https:\\\/\\\/lightweb.dev\\\/l\\\/svm-temp\\\/wp-content\\\/uploads\\\/2023\\\/05\\\/Vin_shutterstock_298625057-stor.jpeg\",\"articleSection\":[\"Artiklar\",\"Mat &amp; vin\"],\"inLanguage\":\"sv-SE\"},{\"@type\":\"WebPage\",\"@id\":\"https:\\\/\\\/lightweb.dev\\\/l\\\/svm-temp\\\/artiklar\\\/mat-vin\\\/fredagsvinet-experter-lyfter-fram-halsofordelar-med-mattlig-vinkonsumtion\\\/\",\"url\":\"https:\\\/\\\/lightweb.dev\\\/l\\\/svm-temp\\\/artiklar\\\/mat-vin\\\/fredagsvinet-experter-lyfter-fram-halsofordelar-med-mattlig-vinkonsumtion\\\/\",\"name\":\"Fredagsvinet: Experter lyfter fram h\u00e4lsof\u00f6rdelar med m\u00e5ttlig vinkonsumtion - Svenska Magasinet\",\"isPartOf\":{\"@id\":\"https:\\\/\\\/lightweb.dev\\\/l\\\/svm-temp\\\/#website\"},\"primaryImageOfPage\":{\"@id\":\"https:\\\/\\\/lightweb.dev\\\/l\\\/svm-temp\\\/artiklar\\\/mat-vin\\\/fredagsvinet-experter-lyfter-fram-halsofordelar-med-mattlig-vinkonsumtion\\\/#primaryimage\"},\"image\":{\"@id\":\"https:\\\/\\\/lightweb.dev\\\/l\\\/svm-temp\\\/artiklar\\\/mat-vin\\\/fredagsvinet-experter-lyfter-fram-halsofordelar-med-mattlig-vinkonsumtion\\\/#primaryimage\"},\"thumbnailUrl\":\"https:\\\/\\\/lightweb.dev\\\/l\\\/svm-temp\\\/wp-content\\\/uploads\\\/2023\\\/05\\\/Vin_shutterstock_298625057-stor.jpeg\",\"datePublished\":\"2023-11-03T12:19:41+00:00\",\"dateModified\":\"2023-11-03T16:08:18+00:00\",\"description\":\"Internationella experter lyfter fram f\u00f6rdelarna med Medelhavsdieten och en m\u00e5ttlig vinkonsumtion. Den 19 och 20 oktober var exporter samlade i Toledo under kongressen Lifestyle, Diet, Wine and Health.\",\"breadcrumb\":{\"@id\":\"https:\\\/\\\/lightweb.dev\\\/l\\\/svm-temp\\\/artiklar\\\/mat-vin\\\/fredagsvinet-experter-lyfter-fram-halsofordelar-med-mattlig-vinkonsumtion\\\/#breadcrumb\"},\"inLanguage\":\"sv-SE\",\"potentialAction\":[{\"@type\":\"ReadAction\",\"target\":[\"https:\\\/\\\/lightweb.dev\\\/l\\\/svm-temp\\\/artiklar\\\/mat-vin\\\/fredagsvinet-experter-lyfter-fram-halsofordelar-med-mattlig-vinkonsumtion\\\/\"]}]},{\"@type\":\"ImageObject\",\"inLanguage\":\"sv-SE\",\"@id\":\"https:\\\/\\\/lightweb.dev\\\/l\\\/svm-temp\\\/artiklar\\\/mat-vin\\\/fredagsvinet-experter-lyfter-fram-halsofordelar-med-mattlig-vinkonsumtion\\\/#primaryimage\",\"url\":\"https:\\\/\\\/lightweb.dev\\\/l\\\/svm-temp\\\/wp-content\\\/uploads\\\/2023\\\/05\\\/Vin_shutterstock_298625057-stor.jpeg\",\"contentUrl\":\"https:\\\/\\\/lightweb.dev\\\/l\\\/svm-temp\\\/wp-content\\\/uploads\\\/2023\\\/05\\\/Vin_shutterstock_298625057-stor.jpeg\",\"width\":1280,\"height\":911,\"caption\":\"I Medelhavsdieten ing\u00e5r \u00e4ven den sociala biten att njuta av en stunds avkoppling d\u00e4r utseende, dofter och smaker ing\u00e5r.\"},{\"@type\":\"BreadcrumbList\",\"@id\":\"https:\\\/\\\/lightweb.dev\\\/l\\\/svm-temp\\\/artiklar\\\/mat-vin\\\/fredagsvinet-experter-lyfter-fram-halsofordelar-med-mattlig-vinkonsumtion\\\/#breadcrumb\",\"itemListElement\":[{\"@type\":\"ListItem\",\"position\":1,\"name\":\"Hem\",\"item\":\"https:\\\/\\\/lightweb.dev\\\/l\\\/svm-temp\\\/\"},{\"@type\":\"ListItem\",\"position\":2,\"name\":\"Fredagsvinet: Experter lyfter fram h\u00e4lsof\u00f6rdelar med m\u00e5ttlig vinkonsumtion\"}]},{\"@type\":\"WebSite\",\"@id\":\"https:\\\/\\\/lightweb.dev\\\/l\\\/svm-temp\\\/#website\",\"url\":\"https:\\\/\\\/lightweb.dev\\\/l\\\/svm-temp\\\/\",\"name\":\"Svenska Magasinet\",\"description\":\"Dina Spanska nyheter p&aring; Svenska\",\"publisher\":{\"@id\":\"https:\\\/\\\/lightweb.dev\\\/l\\\/svm-temp\\\/#organization\"},\"potentialAction\":[{\"@type\":\"SearchAction\",\"target\":{\"@type\":\"EntryPoint\",\"urlTemplate\":\"https:\\\/\\\/lightweb.dev\\\/l\\\/svm-temp\\\/?s={search_term_string}\"},\"query-input\":{\"@type\":\"PropertyValueSpecification\",\"valueRequired\":true,\"valueName\":\"search_term_string\"}}],\"inLanguage\":\"sv-SE\"},{\"@type\":\"Organization\",\"@id\":\"https:\\\/\\\/lightweb.dev\\\/l\\\/svm-temp\\\/#organization\",\"name\":\"Melkerson y Nott SL\",\"alternateName\":\"Svenska Magasinet\",\"url\":\"https:\\\/\\\/lightweb.dev\\\/l\\\/svm-temp\\\/\",\"logo\":{\"@type\":\"ImageObject\",\"inLanguage\":\"sv-SE\",\"@id\":\"https:\\\/\\\/lightweb.dev\\\/l\\\/svm-temp\\\/#\\\/schema\\\/logo\\\/image\\\/\",\"url\":\"https:\\\/\\\/lightweb.dev\\\/l\\\/svm-temp\\\/wp-content\\\/uploads\\\/2025\\\/02\\\/SvM-logo-Xtra-Centrerad-SVART.png\",\"contentUrl\":\"https:\\\/\\\/lightweb.dev\\\/l\\\/svm-temp\\\/wp-content\\\/uploads\\\/2025\\\/02\\\/SvM-logo-Xtra-Centrerad-SVART.png\",\"width\":300,\"height\":99,\"caption\":\"Melkerson y Nott SL\"},\"image\":{\"@id\":\"https:\\\/\\\/lightweb.dev\\\/l\\\/svm-temp\\\/#\\\/schema\\\/logo\\\/image\\\/\"},\"sameAs\":[\"https:\\\/\\\/www.facebook.com\\\/svenskamagasinet\",\"https:\\\/\\\/x.com\\\/SvenskaMagasine\"]},{\"@type\":\"Person\",\"@id\":\"https:\\\/\\\/lightweb.dev\\\/l\\\/svm-temp\\\/#\\\/schema\\\/person\\\/7a82b8a73d171d32360a564b6d03508e\",\"name\":\"Ola Josefsson\",\"description\":\"Bevakar Solkusten och Spanien sedan 1994.\",\"sameAs\":[\"https:\\\/\\\/lightweb.dev\\\/l\\\/svm-temp\"],\"url\":\"https:\\\/\\\/lightweb.dev\\\/l\\\/svm-temp\\\/reporter\\\/ola-josefsson\\\/\"}]}<\/script>\n<!-- \/ Yoast SEO Premium plugin. -->","yoast_head_json":{"title":"Fredagsvinet: Experter lyfter fram h\u00e4lsof\u00f6rdelar med m\u00e5ttlig vinkonsumtion - Svenska Magasinet","description":"Internationella experter lyfter fram f\u00f6rdelarna med Medelhavsdieten och en m\u00e5ttlig vinkonsumtion. Den 19 och 20 oktober var exporter samlade i Toledo under kongressen Lifestyle, Diet, Wine and Health.","robots":{"index":"noindex","follow":"follow","max-snippet":"max-snippet:-1","max-image-preview":"max-image-preview:large","max-video-preview":"max-video-preview:-1"},"og_locale":"sv_SE","og_type":"article","og_title":"Fredagsvinet: Experter lyfter fram h\u00e4lsof\u00f6rdelar med m\u00e5ttlig vinkonsumtion","og_description":"Internationella experter lyfter fram f\u00f6rdelarna med Medelhavsdieten och en m\u00e5ttlig vinkonsumtion. Den 19 och 20 oktober var exporter samlade i Toledo under kongressen Lifestyle, Diet, Wine and Health.","og_url":"https:\/\/lightweb.dev\/l\/svm-temp\/artiklar\/mat-vin\/fredagsvinet-experter-lyfter-fram-halsofordelar-med-mattlig-vinkonsumtion\/","og_site_name":"Svenska Magasinet","article_publisher":"https:\/\/www.facebook.com\/svenskamagasinet","article_published_time":"2023-11-03T12:19:41+00:00","article_modified_time":"2023-11-03T16:08:18+00:00","og_image":[{"width":1280,"height":911,"url":"https:\/\/lightweb.dev\/l\/svm-temp\/wp-content\/uploads\/2023\/05\/Vin_shutterstock_298625057-stor.jpeg","type":"image\/jpeg"}],"author":"Ola Josefsson","twitter_card":"summary_large_image","twitter_creator":"@SvenskaMagasine","twitter_site":"@SvenskaMagasine","schema":{"@context":"https:\/\/schema.org","@graph":[{"@type":"Article","@id":"https:\/\/lightweb.dev\/l\/svm-temp\/artiklar\/mat-vin\/fredagsvinet-experter-lyfter-fram-halsofordelar-med-mattlig-vinkonsumtion\/#article","isPartOf":{"@id":"https:\/\/lightweb.dev\/l\/svm-temp\/artiklar\/mat-vin\/fredagsvinet-experter-lyfter-fram-halsofordelar-med-mattlig-vinkonsumtion\/"},"author":{"name":"Ola Josefsson","@id":"https:\/\/lightweb.dev\/l\/svm-temp\/#\/schema\/person\/7a82b8a73d171d32360a564b6d03508e"},"headline":"Fredagsvinet: Experter lyfter fram h\u00e4lsof\u00f6rdelar med m\u00e5ttlig vinkonsumtion","datePublished":"2023-11-03T12:19:41+00:00","dateModified":"2023-11-03T16:08:18+00:00","mainEntityOfPage":{"@id":"https:\/\/lightweb.dev\/l\/svm-temp\/artiklar\/mat-vin\/fredagsvinet-experter-lyfter-fram-halsofordelar-med-mattlig-vinkonsumtion\/"},"wordCount":517,"commentCount":1,"publisher":{"@id":"https:\/\/lightweb.dev\/l\/svm-temp\/#organization"},"image":{"@id":"https:\/\/lightweb.dev\/l\/svm-temp\/artiklar\/mat-vin\/fredagsvinet-experter-lyfter-fram-halsofordelar-med-mattlig-vinkonsumtion\/#primaryimage"},"thumbnailUrl":"https:\/\/lightweb.dev\/l\/svm-temp\/wp-content\/uploads\/2023\/05\/Vin_shutterstock_298625057-stor.jpeg","articleSection":["Artiklar","Mat &amp; vin"],"inLanguage":"sv-SE"},{"@type":"WebPage","@id":"https:\/\/lightweb.dev\/l\/svm-temp\/artiklar\/mat-vin\/fredagsvinet-experter-lyfter-fram-halsofordelar-med-mattlig-vinkonsumtion\/","url":"https:\/\/lightweb.dev\/l\/svm-temp\/artiklar\/mat-vin\/fredagsvinet-experter-lyfter-fram-halsofordelar-med-mattlig-vinkonsumtion\/","name":"Fredagsvinet: Experter lyfter fram h\u00e4lsof\u00f6rdelar med m\u00e5ttlig vinkonsumtion - Svenska Magasinet","isPartOf":{"@id":"https:\/\/lightweb.dev\/l\/svm-temp\/#website"},"primaryImageOfPage":{"@id":"https:\/\/lightweb.dev\/l\/svm-temp\/artiklar\/mat-vin\/fredagsvinet-experter-lyfter-fram-halsofordelar-med-mattlig-vinkonsumtion\/#primaryimage"},"image":{"@id":"https:\/\/lightweb.dev\/l\/svm-temp\/artiklar\/mat-vin\/fredagsvinet-experter-lyfter-fram-halsofordelar-med-mattlig-vinkonsumtion\/#primaryimage"},"thumbnailUrl":"https:\/\/lightweb.dev\/l\/svm-temp\/wp-content\/uploads\/2023\/05\/Vin_shutterstock_298625057-stor.jpeg","datePublished":"2023-11-03T12:19:41+00:00","dateModified":"2023-11-03T16:08:18+00:00","description":"Internationella experter lyfter fram f\u00f6rdelarna med Medelhavsdieten och en m\u00e5ttlig vinkonsumtion. Den 19 och 20 oktober var exporter samlade i Toledo under kongressen Lifestyle, Diet, Wine and Health.","breadcrumb":{"@id":"https:\/\/lightweb.dev\/l\/svm-temp\/artiklar\/mat-vin\/fredagsvinet-experter-lyfter-fram-halsofordelar-med-mattlig-vinkonsumtion\/#breadcrumb"},"inLanguage":"sv-SE","potentialAction":[{"@type":"ReadAction","target":["https:\/\/lightweb.dev\/l\/svm-temp\/artiklar\/mat-vin\/fredagsvinet-experter-lyfter-fram-halsofordelar-med-mattlig-vinkonsumtion\/"]}]},{"@type":"ImageObject","inLanguage":"sv-SE","@id":"https:\/\/lightweb.dev\/l\/svm-temp\/artiklar\/mat-vin\/fredagsvinet-experter-lyfter-fram-halsofordelar-med-mattlig-vinkonsumtion\/#primaryimage","url":"https:\/\/lightweb.dev\/l\/svm-temp\/wp-content\/uploads\/2023\/05\/Vin_shutterstock_298625057-stor.jpeg","contentUrl":"https:\/\/lightweb.dev\/l\/svm-temp\/wp-content\/uploads\/2023\/05\/Vin_shutterstock_298625057-stor.jpeg","width":1280,"height":911,"caption":"I Medelhavsdieten ing\u00e5r \u00e4ven den sociala biten att njuta av en stunds avkoppling d\u00e4r utseende, dofter och smaker ing\u00e5r."},{"@type":"BreadcrumbList","@id":"https:\/\/lightweb.dev\/l\/svm-temp\/artiklar\/mat-vin\/fredagsvinet-experter-lyfter-fram-halsofordelar-med-mattlig-vinkonsumtion\/#breadcrumb","itemListElement":[{"@type":"ListItem","position":1,"name":"Hem","item":"https:\/\/lightweb.dev\/l\/svm-temp\/"},{"@type":"ListItem","position":2,"name":"Fredagsvinet: Experter lyfter fram h\u00e4lsof\u00f6rdelar med m\u00e5ttlig vinkonsumtion"}]},{"@type":"WebSite","@id":"https:\/\/lightweb.dev\/l\/svm-temp\/#website","url":"https:\/\/lightweb.dev\/l\/svm-temp\/","name":"Svenska Magasinet","description":"Dina Spanska nyheter p&aring; Svenska","publisher":{"@id":"https:\/\/lightweb.dev\/l\/svm-temp\/#organization"},"potentialAction":[{"@type":"SearchAction","target":{"@type":"EntryPoint","urlTemplate":"https:\/\/lightweb.dev\/l\/svm-temp\/?s={search_term_string}"},"query-input":{"@type":"PropertyValueSpecification","valueRequired":true,"valueName":"search_term_string"}}],"inLanguage":"sv-SE"},{"@type":"Organization","@id":"https:\/\/lightweb.dev\/l\/svm-temp\/#organization","name":"Melkerson y Nott SL","alternateName":"Svenska Magasinet","url":"https:\/\/lightweb.dev\/l\/svm-temp\/","logo":{"@type":"ImageObject","inLanguage":"sv-SE","@id":"https:\/\/lightweb.dev\/l\/svm-temp\/#\/schema\/logo\/image\/","url":"https:\/\/lightweb.dev\/l\/svm-temp\/wp-content\/uploads\/2025\/02\/SvM-logo-Xtra-Centrerad-SVART.png","contentUrl":"https:\/\/lightweb.dev\/l\/svm-temp\/wp-content\/uploads\/2025\/02\/SvM-logo-Xtra-Centrerad-SVART.png","width":300,"height":99,"caption":"Melkerson y Nott SL"},"image":{"@id":"https:\/\/lightweb.dev\/l\/svm-temp\/#\/schema\/logo\/image\/"},"sameAs":["https:\/\/www.facebook.com\/svenskamagasinet","https:\/\/x.com\/SvenskaMagasine"]},{"@type":"Person","@id":"https:\/\/lightweb.dev\/l\/svm-temp\/#\/schema\/person\/7a82b8a73d171d32360a564b6d03508e","name":"Ola Josefsson","description":"Bevakar Solkusten och Spanien sedan 1994.","sameAs":["https:\/\/lightweb.dev\/l\/svm-temp"],"url":"https:\/\/lightweb.dev\/l\/svm-temp\/reporter\/ola-josefsson\/"}]}},"_links":{"self":[{"href":"https:\/\/lightweb.dev\/l\/svm-temp\/wp-json\/wp\/v2\/posts\/67506","targetHints":{"allow":["GET"]}}],"collection":[{"href":"https:\/\/lightweb.dev\/l\/svm-temp\/wp-json\/wp\/v2\/posts"}],"about":[{"href":"https:\/\/lightweb.dev\/l\/svm-temp\/wp-json\/wp\/v2\/types\/post"}],"author":[{"embeddable":true,"href":"https:\/\/lightweb.dev\/l\/svm-temp\/wp-json\/wp\/v2\/users\/7"}],"replies":[{"embeddable":true,"href":"https:\/\/lightweb.dev\/l\/svm-temp\/wp-json\/wp\/v2\/comments?post=67506"}],"version-history":[{"count":0,"href":"https:\/\/lightweb.dev\/l\/svm-temp\/wp-json\/wp\/v2\/posts\/67506\/revisions"}],"wp:featuredmedia":[{"embeddable":true,"href":"https:\/\/lightweb.dev\/l\/svm-temp\/wp-json\/wp\/v2\/media\/63668"}],"wp:attachment":[{"href":"https:\/\/lightweb.dev\/l\/svm-temp\/wp-json\/wp\/v2\/media?parent=67506"}],"wp:term":[{"taxonomy":"category","embeddable":true,"href":"https:\/\/lightweb.dev\/l\/svm-temp\/wp-json\/wp\/v2\/categories?post=67506"},{"taxonomy":"post_tag","embeddable":true,"href":"https:\/\/lightweb.dev\/l\/svm-temp\/wp-json\/wp\/v2\/tags?post=67506"}],"curies":[{"name":"wp","href":"https:\/\/api.w.org\/{rel}","templated":true}]}}