{"id":67755,"date":"2023-11-15T01:00:10","date_gmt":"2023-11-15T00:00:10","guid":{"rendered":"https:\/\/lightweb.dev\/l\/svm-temp\/?p=67755"},"modified":"2023-11-13T12:57:14","modified_gmt":"2023-11-13T11:57:14","slug":"hedens-horna-erfarenhet-far-man-pa-grund-av-daligt-omdome","status":"publish","type":"post","link":"https:\/\/lightweb.dev\/l\/svm-temp\/artiklar\/hedens-horna-erfarenhet-far-man-pa-grund-av-daligt-omdome\/","title":{"rendered":"Hedens h\u00f6rna: Erfarenhet f\u00e5r man p\u00e5 grund av d\u00e5ligt omd\u00f6me"},"content":{"rendered":"<p><strong>Att \u00e5ldras \u00e4r ju en naturlig del av livet, \u00e4ven om det finns m\u00e4nniskor som oroar sig redan n\u00e4r dom ska fylla 30.<\/strong><\/p>\n<p><strong>Personligen har jag aldrig brytt mig om \u00e5ldrandet, men jag m\u00e5ste erk\u00e4nna att det skulle vara ett idealiskt tillst\u00e5nd om ungdomen kom lite senare i livet.<\/strong><\/p>\n<div id=\"attachment_66439\" style=\"width: 310px\" class=\"wp-caption alignleft\"><img loading=\"lazy\" decoding=\"async\" aria-describedby=\"caption-attachment-66439\" class=\"size-medium wp-image-66439\" src=\"https:\/\/lightweb.dev\/l\/svm-temp\/wp-content\/uploads\/2023\/09\/LarsH-stor-300x225.jpeg\" alt=\"\" width=\"300\" height=\"225\" srcset=\"https:\/\/lightweb.dev\/l\/svm-temp\/wp-content\/uploads\/2023\/09\/LarsH-stor-300x225.jpeg 300w, https:\/\/lightweb.dev\/l\/svm-temp\/wp-content\/uploads\/2023\/09\/LarsH-stor-900x675.jpeg 900w, https:\/\/lightweb.dev\/l\/svm-temp\/wp-content\/uploads\/2023\/09\/LarsH-stor-768x576.jpeg 768w, https:\/\/lightweb.dev\/l\/svm-temp\/wp-content\/uploads\/2023\/09\/LarsH-stor-610x458.jpeg 610w, https:\/\/lightweb.dev\/l\/svm-temp\/wp-content\/uploads\/2023\/09\/LarsH-stor-1080x810.jpeg 1080w, https:\/\/lightweb.dev\/l\/svm-temp\/wp-content\/uploads\/2023\/09\/LarsH-stor-600x450.jpeg 600w, https:\/\/lightweb.dev\/l\/svm-temp\/wp-content\/uploads\/2023\/09\/LarsH-stor.jpeg 1280w\" sizes=\"(max-width: 300px) 100vw, 300px\" \/><p id=\"caption-attachment-66439\" class=\"wp-caption-text\">Av Lars Heden<br \/>e-post: gilaspanien@gmail.com tlf +34 722 856 490<\/p><\/div>\n<p>&nbsp;<\/p>\n<p>Med \u00e5ldrandet f\u00f6ljer erfarenheten. Det \u00e4r den vi kallar f\u00f6r v\u00e5ra misstag. Ett gott omd\u00f6me beror p\u00e5 erfarenhet, och erfarenheten f\u00e5r man p\u00e5 grund av d\u00e5ligt omd\u00f6me. Alla vill leva l\u00e4nge, men ingen vill bli gammal. Man kan inte vara nog f\u00f6rsiktig i valet av sina f\u00f6r\u00e4ldrar.<\/p>\n<p>Min mamma \u00e4r idag 101 \u00e5r, min moster som jag v\u00e4xte upp hos avled f\u00f6r tre \u00e5r sedan. D\u00e5 hade hon hunnit bli 100 \u00e5r och 3 m\u00e5nader.<\/p>\n<p>N\u00e4r jag ber\u00e4ttar detta f\u00e5r jag alltid h\u00f6ra: Du har bra gener. Det kanske jag har, men vad jag vet \u00e4r att livet \u00e4r det enda vi inte kommer levande ifr\u00e5n. De m\u00e4nniskor som f\u00e5tt ut mest av livet \u00e4r inte de som levt ett sekel, utan de som levt varje minut.<\/p>\n<p>Mycket f\u00e5 m\u00e4nniskor lever idag, de flesta g\u00f6r f\u00f6rberedelser f\u00f6r att leva imorgon. Jag sa till min moster vid ett tillf\u00e4lle att jag inte ville bli s\u00e5 gammal som hon och min mamma. Hon tittade mig djupt in i \u00f6gonen och sa med best\u00e4md r\u00f6st:<\/p>\n<p>\u2013 Det f\u00e5r du nog r\u00e4kna med.<\/p>\n<p>N\u00e4r man tittar p\u00e5 sina barn och barnbarn, d\u00e5 vet man att man har blivit \u00e4ldre (inte gammal). Gammal \u00e4r man n\u00e4r ljusen kostar mer \u00e4n f\u00f6delsedagst\u00e5rtan.<\/p>\n<p>Vad vill man ha ut av livet n\u00e4r man \u00e4r i sina b\u00e4sta \u00e5r?<\/p>\n<p>Jag tror att, kanske inte alla, men de flesta har dr\u00f6mmar och f\u00f6rv\u00e4ntningar som i de flesta all aldrig sl\u00e5r in och d\u00e4rav besvikelse. Man fick inte jobbet man \u00f6nskade. Man skulle vilja ha haft en h\u00f6gre l\u00f6n.<\/p>\n<p>Man bor i ett radhusomr\u00e5de. Grannen tj\u00e4nar mer pengar \u00e4n du, han \u00e5ker p\u00e5 fina semestrar, har k\u00f6pt en ny bil. Tips: F\u00f6rs\u00f6k inte matcha honom, utan dra ner honom till din niv\u00e5, det blir billigare s\u00e5.<\/p>\n<p>Jag sj\u00e4lv som passerat b\u00e4st f\u00f6re datum f\u00f6r l\u00e4nge sedan. \u00c4r jag n\u00f6jd med hur mitt liv har gestaltat sig? Jag m\u00e5ste s\u00e4ga att det \u00e4r jag, trots all skit som h\u00e4nt de senaste \u00e5ren.<\/p>\n<p>I min situation vet jag att det \u00e4r m\u00e5nga som blir deprimerade ledsna f\u00f6r att man inte kan g\u00f6ra saker man kunde tidigare. Men jag \u00e4r varken ledsen eller deprimerad. Vad jag kunde g\u00f6ra f\u00f6rut \u00e4r ju inte att t\u00e4nka p\u00e5, allts\u00e5 t\u00e4nker jag fram\u00e5t.<\/p>\n<p>Vad kan jag g\u00f6ra nu? Efter att ha t\u00e4nkt efter ett tag, kommer jag till slutsatsen: Inte ett dj-la skit! Detta konstaterande skulle kunna f\u00e5 den mest optimistiske person att konvertera till pessimismen. Men jag g\u00f6r tv\u00e4rt emot vad m\u00e5nga andra m\u00e4nniskor g\u00f6r. Jag dr\u00e4nker mina bekymmer, i st\u00e4llet f\u00f6r att ge dem simlektioner, och ser fram\u00e5t. Jag respekterar tron, men tvivlet \u00e4r det man blir bildad av.<\/p>\n<p>Ni som \u00e4r unga idag och har hela livet framf\u00f6r er ska veta att om ni inte \u00e4r vackra vid 20, starka vid 30, rika vid 40 och visa vid 50, blir ni aldrig vackra, starka, rika eller visa.<\/p>\n<p>Oavsett s\u00e5 kommer ni att g\u00f6ra m\u00e5nga dumheter och misstag i era liv, men det \u00e4r ju det som \u00e4r kryddan i livet. Misstag som \u00e4r lika med erfarenhet, som \u00e4r en bra l\u00e4rare och dessutom skickar svinaktigt dyra r\u00e4kningar. Men hav tr\u00f6st. Gruva er bara f\u00f6r en dag i taget. Erfarenheten v\u00e4ntar p\u00e5 er.<\/p>\n<p>Till oss som \u00e4r lite till \u00e5ren komna s\u00e5 g\u00e5r ju m\u00e5naderna s\u00e5 fort (de gick faktiskt \u00e4nnu fortare n\u00e4r man betalade underh\u00e5ll). Vad jag skulle s\u00e4ga var att \u00e5lderdomen \u00e4r helt acceptabel om man t\u00e4nker p\u00e5 alternativet. Tyv\u00e4rr finns det m\u00e4nniskor som anv\u00e4nder den f\u00f6rsta delen av sitt liv till att g\u00f6ra den andra olycklig.<\/p>\n<p>Till sist vill jag s\u00e4ga att ni som \u00f6nskar att Era dr\u00f6mmar ska bli verklighet g\u00f6r klokt i att vakna f\u00f6rst.<\/p>\n<p>Hasta pronto!<\/p>\n","protected":false},"excerpt":{"rendered":"<p>Att \u00e5ldras \u00e4r ju en naturlig del av livet, \u00e4ven om det finns m\u00e4nniskor som oroar sig redan n\u00e4r dom ska fylla 30. Personligen har jag aldrig brytt mig om \u00e5ldrandet&#8230;<\/p>\n","protected":false},"author":8,"featured_media":67756,"comment_status":"open","ping_status":"closed","sticky":false,"template":"","format":"standard","meta":{"_et_pb_use_builder":"","_et_pb_old_content":"","_et_gb_content_width":"","footnotes":""},"categories":[396,4],"tags":[],"class_list":["post-67755","post","type-post","status-publish","format-standard","has-post-thumbnail","hentry","category-arkiv-artiklar","category-artiklar"],"yoast_head":"<!-- This site is optimized with the Yoast SEO Premium plugin v26.2 (Yoast SEO v27.4) - https:\/\/yoast.com\/product\/yoast-seo-premium-wordpress\/ -->\n<title>Hedens h\u00f6rna: Erfarenhet f\u00e5r man p\u00e5 grund av d\u00e5ligt omd\u00f6me - Svenska Magasinet<\/title>\n<meta name=\"description\" content=\"Att \u00e5ldras \u00e4r ju en naturlig del av livet, \u00e4ven om det finns m\u00e4nniskor som oroar sig redan n\u00e4r dom ska fylla 30. Personligen har jag aldrig brytt mig om \u00e5ldrandet, men jag m\u00e5ste erk\u00e4nna att det skulle vara ett idealiskt tillst\u00e5nd om ungdomen kom lite senare i livet.\" \/>\n<meta name=\"robots\" content=\"noindex, follow, max-snippet:-1, max-image-preview:large, max-video-preview:-1\" \/>\n<meta property=\"og:locale\" content=\"sv_SE\" \/>\n<meta property=\"og:type\" content=\"article\" \/>\n<meta property=\"og:title\" content=\"Hedens h\u00f6rna: Erfarenhet f\u00e5r man p\u00e5 grund av d\u00e5ligt omd\u00f6me\" \/>\n<meta property=\"og:description\" content=\"Att \u00e5ldras \u00e4r ju en naturlig del av livet, \u00e4ven om det finns m\u00e4nniskor som oroar sig redan n\u00e4r dom ska fylla 30. Personligen har jag aldrig brytt mig om \u00e5ldrandet, men jag m\u00e5ste erk\u00e4nna att det skulle vara ett idealiskt tillst\u00e5nd om ungdomen kom lite senare i livet.\" \/>\n<meta property=\"og:url\" content=\"https:\/\/lightweb.dev\/l\/svm-temp\/artiklar\/hedens-horna-erfarenhet-far-man-pa-grund-av-daligt-omdome\/\" \/>\n<meta property=\"og:site_name\" content=\"Svenska Magasinet\" \/>\n<meta property=\"article:publisher\" content=\"https:\/\/www.facebook.com\/svenskamagasinet\" \/>\n<meta property=\"article:published_time\" content=\"2023-11-15T00:00:10+00:00\" \/>\n<meta property=\"og:image\" content=\"https:\/\/lightweb.dev\/l\/svm-temp\/wp-content\/uploads\/2023\/11\/back-view-senior-woman-sitting-wooden-bench-enjoying-relax-nature-blue-sea-sky-background-positive-moment-during-happy-retirement-Stor-stor.jpeg\" \/>\n\t<meta property=\"og:image:width\" content=\"1280\" \/>\n\t<meta property=\"og:image:height\" content=\"842\" \/>\n\t<meta property=\"og:image:type\" content=\"image\/jpeg\" \/>\n<meta name=\"author\" content=\"Redaktionen SvM\" \/>\n<meta name=\"twitter:card\" content=\"summary_large_image\" \/>\n<meta name=\"twitter:creator\" content=\"@SvenskaMagasine\" \/>\n<meta name=\"twitter:site\" content=\"@SvenskaMagasine\" \/>\n<script type=\"application\/ld+json\" class=\"yoast-schema-graph\">{\"@context\":\"https:\\\/\\\/schema.org\",\"@graph\":[{\"@type\":\"Article\",\"@id\":\"https:\\\/\\\/lightweb.dev\\\/l\\\/svm-temp\\\/artiklar\\\/hedens-horna-erfarenhet-far-man-pa-grund-av-daligt-omdome\\\/#article\",\"isPartOf\":{\"@id\":\"https:\\\/\\\/lightweb.dev\\\/l\\\/svm-temp\\\/artiklar\\\/hedens-horna-erfarenhet-far-man-pa-grund-av-daligt-omdome\\\/\"},\"author\":{\"name\":\"Redaktionen SvM\",\"@id\":\"https:\\\/\\\/lightweb.dev\\\/l\\\/svm-temp\\\/#\\\/schema\\\/person\\\/206a3bda5b607b0c25e1749191e4d837\"},\"headline\":\"Hedens h\u00f6rna: Erfarenhet f\u00e5r man p\u00e5 grund av d\u00e5ligt omd\u00f6me\",\"datePublished\":\"2023-11-15T00:00:10+00:00\",\"mainEntityOfPage\":{\"@id\":\"https:\\\/\\\/lightweb.dev\\\/l\\\/svm-temp\\\/artiklar\\\/hedens-horna-erfarenhet-far-man-pa-grund-av-daligt-omdome\\\/\"},\"wordCount\":789,\"commentCount\":0,\"publisher\":{\"@id\":\"https:\\\/\\\/lightweb.dev\\\/l\\\/svm-temp\\\/#organization\"},\"image\":{\"@id\":\"https:\\\/\\\/lightweb.dev\\\/l\\\/svm-temp\\\/artiklar\\\/hedens-horna-erfarenhet-far-man-pa-grund-av-daligt-omdome\\\/#primaryimage\"},\"thumbnailUrl\":\"https:\\\/\\\/lightweb.dev\\\/l\\\/svm-temp\\\/wp-content\\\/uploads\\\/2023\\\/11\\\/back-view-senior-woman-sitting-wooden-bench-enjoying-relax-nature-blue-sea-sky-background-positive-moment-during-happy-retirement-Stor-stor.jpeg\",\"articleSection\":[\"Arkiv\",\"Artiklar\"],\"inLanguage\":\"sv-SE\"},{\"@type\":\"WebPage\",\"@id\":\"https:\\\/\\\/lightweb.dev\\\/l\\\/svm-temp\\\/artiklar\\\/hedens-horna-erfarenhet-far-man-pa-grund-av-daligt-omdome\\\/\",\"url\":\"https:\\\/\\\/lightweb.dev\\\/l\\\/svm-temp\\\/artiklar\\\/hedens-horna-erfarenhet-far-man-pa-grund-av-daligt-omdome\\\/\",\"name\":\"Hedens h\u00f6rna: Erfarenhet f\u00e5r man p\u00e5 grund av d\u00e5ligt omd\u00f6me - Svenska Magasinet\",\"isPartOf\":{\"@id\":\"https:\\\/\\\/lightweb.dev\\\/l\\\/svm-temp\\\/#website\"},\"primaryImageOfPage\":{\"@id\":\"https:\\\/\\\/lightweb.dev\\\/l\\\/svm-temp\\\/artiklar\\\/hedens-horna-erfarenhet-far-man-pa-grund-av-daligt-omdome\\\/#primaryimage\"},\"image\":{\"@id\":\"https:\\\/\\\/lightweb.dev\\\/l\\\/svm-temp\\\/artiklar\\\/hedens-horna-erfarenhet-far-man-pa-grund-av-daligt-omdome\\\/#primaryimage\"},\"thumbnailUrl\":\"https:\\\/\\\/lightweb.dev\\\/l\\\/svm-temp\\\/wp-content\\\/uploads\\\/2023\\\/11\\\/back-view-senior-woman-sitting-wooden-bench-enjoying-relax-nature-blue-sea-sky-background-positive-moment-during-happy-retirement-Stor-stor.jpeg\",\"datePublished\":\"2023-11-15T00:00:10+00:00\",\"description\":\"Att \u00e5ldras \u00e4r ju en naturlig del av livet, \u00e4ven om det finns m\u00e4nniskor som oroar sig redan n\u00e4r dom ska fylla 30. Personligen har jag aldrig brytt mig om \u00e5ldrandet, men jag m\u00e5ste erk\u00e4nna att det skulle vara ett idealiskt tillst\u00e5nd om ungdomen kom lite senare i livet.\",\"breadcrumb\":{\"@id\":\"https:\\\/\\\/lightweb.dev\\\/l\\\/svm-temp\\\/artiklar\\\/hedens-horna-erfarenhet-far-man-pa-grund-av-daligt-omdome\\\/#breadcrumb\"},\"inLanguage\":\"sv-SE\",\"potentialAction\":[{\"@type\":\"ReadAction\",\"target\":[\"https:\\\/\\\/lightweb.dev\\\/l\\\/svm-temp\\\/artiklar\\\/hedens-horna-erfarenhet-far-man-pa-grund-av-daligt-omdome\\\/\"]}]},{\"@type\":\"ImageObject\",\"inLanguage\":\"sv-SE\",\"@id\":\"https:\\\/\\\/lightweb.dev\\\/l\\\/svm-temp\\\/artiklar\\\/hedens-horna-erfarenhet-far-man-pa-grund-av-daligt-omdome\\\/#primaryimage\",\"url\":\"https:\\\/\\\/lightweb.dev\\\/l\\\/svm-temp\\\/wp-content\\\/uploads\\\/2023\\\/11\\\/back-view-senior-woman-sitting-wooden-bench-enjoying-relax-nature-blue-sea-sky-background-positive-moment-during-happy-retirement-Stor-stor.jpeg\",\"contentUrl\":\"https:\\\/\\\/lightweb.dev\\\/l\\\/svm-temp\\\/wp-content\\\/uploads\\\/2023\\\/11\\\/back-view-senior-woman-sitting-wooden-bench-enjoying-relax-nature-blue-sea-sky-background-positive-moment-during-happy-retirement-Stor-stor.jpeg\",\"width\":1280,\"height\":842},{\"@type\":\"BreadcrumbList\",\"@id\":\"https:\\\/\\\/lightweb.dev\\\/l\\\/svm-temp\\\/artiklar\\\/hedens-horna-erfarenhet-far-man-pa-grund-av-daligt-omdome\\\/#breadcrumb\",\"itemListElement\":[{\"@type\":\"ListItem\",\"position\":1,\"name\":\"Hem\",\"item\":\"https:\\\/\\\/lightweb.dev\\\/l\\\/svm-temp\\\/\"},{\"@type\":\"ListItem\",\"position\":2,\"name\":\"Hedens h\u00f6rna: Erfarenhet f\u00e5r man p\u00e5 grund av d\u00e5ligt omd\u00f6me\"}]},{\"@type\":\"WebSite\",\"@id\":\"https:\\\/\\\/lightweb.dev\\\/l\\\/svm-temp\\\/#website\",\"url\":\"https:\\\/\\\/lightweb.dev\\\/l\\\/svm-temp\\\/\",\"name\":\"Svenska Magasinet\",\"description\":\"Dina Spanska nyheter p&aring; Svenska\",\"publisher\":{\"@id\":\"https:\\\/\\\/lightweb.dev\\\/l\\\/svm-temp\\\/#organization\"},\"potentialAction\":[{\"@type\":\"SearchAction\",\"target\":{\"@type\":\"EntryPoint\",\"urlTemplate\":\"https:\\\/\\\/lightweb.dev\\\/l\\\/svm-temp\\\/?s={search_term_string}\"},\"query-input\":{\"@type\":\"PropertyValueSpecification\",\"valueRequired\":true,\"valueName\":\"search_term_string\"}}],\"inLanguage\":\"sv-SE\"},{\"@type\":\"Organization\",\"@id\":\"https:\\\/\\\/lightweb.dev\\\/l\\\/svm-temp\\\/#organization\",\"name\":\"Melkerson y Nott SL\",\"alternateName\":\"Svenska Magasinet\",\"url\":\"https:\\\/\\\/lightweb.dev\\\/l\\\/svm-temp\\\/\",\"logo\":{\"@type\":\"ImageObject\",\"inLanguage\":\"sv-SE\",\"@id\":\"https:\\\/\\\/lightweb.dev\\\/l\\\/svm-temp\\\/#\\\/schema\\\/logo\\\/image\\\/\",\"url\":\"https:\\\/\\\/lightweb.dev\\\/l\\\/svm-temp\\\/wp-content\\\/uploads\\\/2025\\\/02\\\/SvM-logo-Xtra-Centrerad-SVART.png\",\"contentUrl\":\"https:\\\/\\\/lightweb.dev\\\/l\\\/svm-temp\\\/wp-content\\\/uploads\\\/2025\\\/02\\\/SvM-logo-Xtra-Centrerad-SVART.png\",\"width\":300,\"height\":99,\"caption\":\"Melkerson y Nott SL\"},\"image\":{\"@id\":\"https:\\\/\\\/lightweb.dev\\\/l\\\/svm-temp\\\/#\\\/schema\\\/logo\\\/image\\\/\"},\"sameAs\":[\"https:\\\/\\\/www.facebook.com\\\/svenskamagasinet\",\"https:\\\/\\\/x.com\\\/SvenskaMagasine\"]},{\"@type\":\"Person\",\"@id\":\"https:\\\/\\\/lightweb.dev\\\/l\\\/svm-temp\\\/#\\\/schema\\\/person\\\/206a3bda5b607b0c25e1749191e4d837\",\"name\":\"Redaktionen SvM\",\"description\":\"Redaktionen\",\"sameAs\":[\"https:\\\/\\\/lightweb.dev\\\/l\\\/svm-temp\"],\"url\":\"https:\\\/\\\/lightweb.dev\\\/l\\\/svm-temp\\\/reporter\\\/redaktionen\\\/\"}]}<\/script>\n<!-- \/ Yoast SEO Premium plugin. -->","yoast_head_json":{"title":"Hedens h\u00f6rna: Erfarenhet f\u00e5r man p\u00e5 grund av d\u00e5ligt omd\u00f6me - Svenska Magasinet","description":"Att \u00e5ldras \u00e4r ju en naturlig del av livet, \u00e4ven om det finns m\u00e4nniskor som oroar sig redan n\u00e4r dom ska fylla 30. Personligen har jag aldrig brytt mig om \u00e5ldrandet, men jag m\u00e5ste erk\u00e4nna att det skulle vara ett idealiskt tillst\u00e5nd om ungdomen kom lite senare i livet.","robots":{"index":"noindex","follow":"follow","max-snippet":"max-snippet:-1","max-image-preview":"max-image-preview:large","max-video-preview":"max-video-preview:-1"},"og_locale":"sv_SE","og_type":"article","og_title":"Hedens h\u00f6rna: Erfarenhet f\u00e5r man p\u00e5 grund av d\u00e5ligt omd\u00f6me","og_description":"Att \u00e5ldras \u00e4r ju en naturlig del av livet, \u00e4ven om det finns m\u00e4nniskor som oroar sig redan n\u00e4r dom ska fylla 30. Personligen har jag aldrig brytt mig om \u00e5ldrandet, men jag m\u00e5ste erk\u00e4nna att det skulle vara ett idealiskt tillst\u00e5nd om ungdomen kom lite senare i livet.","og_url":"https:\/\/lightweb.dev\/l\/svm-temp\/artiklar\/hedens-horna-erfarenhet-far-man-pa-grund-av-daligt-omdome\/","og_site_name":"Svenska Magasinet","article_publisher":"https:\/\/www.facebook.com\/svenskamagasinet","article_published_time":"2023-11-15T00:00:10+00:00","og_image":[{"width":1280,"height":842,"url":"https:\/\/lightweb.dev\/l\/svm-temp\/wp-content\/uploads\/2023\/11\/back-view-senior-woman-sitting-wooden-bench-enjoying-relax-nature-blue-sea-sky-background-positive-moment-during-happy-retirement-Stor-stor.jpeg","type":"image\/jpeg"}],"author":"Redaktionen SvM","twitter_card":"summary_large_image","twitter_creator":"@SvenskaMagasine","twitter_site":"@SvenskaMagasine","schema":{"@context":"https:\/\/schema.org","@graph":[{"@type":"Article","@id":"https:\/\/lightweb.dev\/l\/svm-temp\/artiklar\/hedens-horna-erfarenhet-far-man-pa-grund-av-daligt-omdome\/#article","isPartOf":{"@id":"https:\/\/lightweb.dev\/l\/svm-temp\/artiklar\/hedens-horna-erfarenhet-far-man-pa-grund-av-daligt-omdome\/"},"author":{"name":"Redaktionen SvM","@id":"https:\/\/lightweb.dev\/l\/svm-temp\/#\/schema\/person\/206a3bda5b607b0c25e1749191e4d837"},"headline":"Hedens h\u00f6rna: Erfarenhet f\u00e5r man p\u00e5 grund av d\u00e5ligt omd\u00f6me","datePublished":"2023-11-15T00:00:10+00:00","mainEntityOfPage":{"@id":"https:\/\/lightweb.dev\/l\/svm-temp\/artiklar\/hedens-horna-erfarenhet-far-man-pa-grund-av-daligt-omdome\/"},"wordCount":789,"commentCount":0,"publisher":{"@id":"https:\/\/lightweb.dev\/l\/svm-temp\/#organization"},"image":{"@id":"https:\/\/lightweb.dev\/l\/svm-temp\/artiklar\/hedens-horna-erfarenhet-far-man-pa-grund-av-daligt-omdome\/#primaryimage"},"thumbnailUrl":"https:\/\/lightweb.dev\/l\/svm-temp\/wp-content\/uploads\/2023\/11\/back-view-senior-woman-sitting-wooden-bench-enjoying-relax-nature-blue-sea-sky-background-positive-moment-during-happy-retirement-Stor-stor.jpeg","articleSection":["Arkiv","Artiklar"],"inLanguage":"sv-SE"},{"@type":"WebPage","@id":"https:\/\/lightweb.dev\/l\/svm-temp\/artiklar\/hedens-horna-erfarenhet-far-man-pa-grund-av-daligt-omdome\/","url":"https:\/\/lightweb.dev\/l\/svm-temp\/artiklar\/hedens-horna-erfarenhet-far-man-pa-grund-av-daligt-omdome\/","name":"Hedens h\u00f6rna: Erfarenhet f\u00e5r man p\u00e5 grund av d\u00e5ligt omd\u00f6me - Svenska Magasinet","isPartOf":{"@id":"https:\/\/lightweb.dev\/l\/svm-temp\/#website"},"primaryImageOfPage":{"@id":"https:\/\/lightweb.dev\/l\/svm-temp\/artiklar\/hedens-horna-erfarenhet-far-man-pa-grund-av-daligt-omdome\/#primaryimage"},"image":{"@id":"https:\/\/lightweb.dev\/l\/svm-temp\/artiklar\/hedens-horna-erfarenhet-far-man-pa-grund-av-daligt-omdome\/#primaryimage"},"thumbnailUrl":"https:\/\/lightweb.dev\/l\/svm-temp\/wp-content\/uploads\/2023\/11\/back-view-senior-woman-sitting-wooden-bench-enjoying-relax-nature-blue-sea-sky-background-positive-moment-during-happy-retirement-Stor-stor.jpeg","datePublished":"2023-11-15T00:00:10+00:00","description":"Att \u00e5ldras \u00e4r ju en naturlig del av livet, \u00e4ven om det finns m\u00e4nniskor som oroar sig redan n\u00e4r dom ska fylla 30. Personligen har jag aldrig brytt mig om \u00e5ldrandet, men jag m\u00e5ste erk\u00e4nna att det skulle vara ett idealiskt tillst\u00e5nd om ungdomen kom lite senare i livet.","breadcrumb":{"@id":"https:\/\/lightweb.dev\/l\/svm-temp\/artiklar\/hedens-horna-erfarenhet-far-man-pa-grund-av-daligt-omdome\/#breadcrumb"},"inLanguage":"sv-SE","potentialAction":[{"@type":"ReadAction","target":["https:\/\/lightweb.dev\/l\/svm-temp\/artiklar\/hedens-horna-erfarenhet-far-man-pa-grund-av-daligt-omdome\/"]}]},{"@type":"ImageObject","inLanguage":"sv-SE","@id":"https:\/\/lightweb.dev\/l\/svm-temp\/artiklar\/hedens-horna-erfarenhet-far-man-pa-grund-av-daligt-omdome\/#primaryimage","url":"https:\/\/lightweb.dev\/l\/svm-temp\/wp-content\/uploads\/2023\/11\/back-view-senior-woman-sitting-wooden-bench-enjoying-relax-nature-blue-sea-sky-background-positive-moment-during-happy-retirement-Stor-stor.jpeg","contentUrl":"https:\/\/lightweb.dev\/l\/svm-temp\/wp-content\/uploads\/2023\/11\/back-view-senior-woman-sitting-wooden-bench-enjoying-relax-nature-blue-sea-sky-background-positive-moment-during-happy-retirement-Stor-stor.jpeg","width":1280,"height":842},{"@type":"BreadcrumbList","@id":"https:\/\/lightweb.dev\/l\/svm-temp\/artiklar\/hedens-horna-erfarenhet-far-man-pa-grund-av-daligt-omdome\/#breadcrumb","itemListElement":[{"@type":"ListItem","position":1,"name":"Hem","item":"https:\/\/lightweb.dev\/l\/svm-temp\/"},{"@type":"ListItem","position":2,"name":"Hedens h\u00f6rna: Erfarenhet f\u00e5r man p\u00e5 grund av d\u00e5ligt omd\u00f6me"}]},{"@type":"WebSite","@id":"https:\/\/lightweb.dev\/l\/svm-temp\/#website","url":"https:\/\/lightweb.dev\/l\/svm-temp\/","name":"Svenska Magasinet","description":"Dina Spanska nyheter p&aring; Svenska","publisher":{"@id":"https:\/\/lightweb.dev\/l\/svm-temp\/#organization"},"potentialAction":[{"@type":"SearchAction","target":{"@type":"EntryPoint","urlTemplate":"https:\/\/lightweb.dev\/l\/svm-temp\/?s={search_term_string}"},"query-input":{"@type":"PropertyValueSpecification","valueRequired":true,"valueName":"search_term_string"}}],"inLanguage":"sv-SE"},{"@type":"Organization","@id":"https:\/\/lightweb.dev\/l\/svm-temp\/#organization","name":"Melkerson y Nott SL","alternateName":"Svenska Magasinet","url":"https:\/\/lightweb.dev\/l\/svm-temp\/","logo":{"@type":"ImageObject","inLanguage":"sv-SE","@id":"https:\/\/lightweb.dev\/l\/svm-temp\/#\/schema\/logo\/image\/","url":"https:\/\/lightweb.dev\/l\/svm-temp\/wp-content\/uploads\/2025\/02\/SvM-logo-Xtra-Centrerad-SVART.png","contentUrl":"https:\/\/lightweb.dev\/l\/svm-temp\/wp-content\/uploads\/2025\/02\/SvM-logo-Xtra-Centrerad-SVART.png","width":300,"height":99,"caption":"Melkerson y Nott SL"},"image":{"@id":"https:\/\/lightweb.dev\/l\/svm-temp\/#\/schema\/logo\/image\/"},"sameAs":["https:\/\/www.facebook.com\/svenskamagasinet","https:\/\/x.com\/SvenskaMagasine"]},{"@type":"Person","@id":"https:\/\/lightweb.dev\/l\/svm-temp\/#\/schema\/person\/206a3bda5b607b0c25e1749191e4d837","name":"Redaktionen SvM","description":"Redaktionen","sameAs":["https:\/\/lightweb.dev\/l\/svm-temp"],"url":"https:\/\/lightweb.dev\/l\/svm-temp\/reporter\/redaktionen\/"}]}},"_links":{"self":[{"href":"https:\/\/lightweb.dev\/l\/svm-temp\/wp-json\/wp\/v2\/posts\/67755","targetHints":{"allow":["GET"]}}],"collection":[{"href":"https:\/\/lightweb.dev\/l\/svm-temp\/wp-json\/wp\/v2\/posts"}],"about":[{"href":"https:\/\/lightweb.dev\/l\/svm-temp\/wp-json\/wp\/v2\/types\/post"}],"author":[{"embeddable":true,"href":"https:\/\/lightweb.dev\/l\/svm-temp\/wp-json\/wp\/v2\/users\/8"}],"replies":[{"embeddable":true,"href":"https:\/\/lightweb.dev\/l\/svm-temp\/wp-json\/wp\/v2\/comments?post=67755"}],"version-history":[{"count":0,"href":"https:\/\/lightweb.dev\/l\/svm-temp\/wp-json\/wp\/v2\/posts\/67755\/revisions"}],"wp:featuredmedia":[{"embeddable":true,"href":"https:\/\/lightweb.dev\/l\/svm-temp\/wp-json\/wp\/v2\/media\/67756"}],"wp:attachment":[{"href":"https:\/\/lightweb.dev\/l\/svm-temp\/wp-json\/wp\/v2\/media?parent=67755"}],"wp:term":[{"taxonomy":"category","embeddable":true,"href":"https:\/\/lightweb.dev\/l\/svm-temp\/wp-json\/wp\/v2\/categories?post=67755"},{"taxonomy":"post_tag","embeddable":true,"href":"https:\/\/lightweb.dev\/l\/svm-temp\/wp-json\/wp\/v2\/tags?post=67755"}],"curies":[{"name":"wp","href":"https:\/\/api.w.org\/{rel}","templated":true}]}}