{"id":68317,"date":"2023-12-15T01:00:10","date_gmt":"2023-12-15T00:00:10","guid":{"rendered":"https:\/\/lightweb.dev\/l\/svm-temp\/?p=68317"},"modified":"2023-12-12T15:25:40","modified_gmt":"2023-12-12T14:25:40","slug":"hedens-horna-hur-manga-vanner-har-du","status":"publish","type":"post","link":"https:\/\/lightweb.dev\/l\/svm-temp\/artiklar\/hedens-horna-hur-manga-vanner-har-du\/","title":{"rendered":"Hedens h\u00f6rna: Hur m\u00e5nga v\u00e4nner har du?"},"content":{"rendered":"<p><strong>Hur m\u00e5nga v\u00e4nner har du? Den fr\u00e5gan fick jag av en bekant f\u00f6r m\u00e5nga \u00e5r sedan.<\/strong><\/p>\n<p><strong>Att jag s\u00e4ger bekant i st\u00e4llet f\u00f6r v\u00e4n, ska jag strax f\u00f6rklara.<\/strong><\/p>\n<div id=\"attachment_66439\" style=\"width: 310px\" class=\"wp-caption alignleft\"><img loading=\"lazy\" decoding=\"async\" aria-describedby=\"caption-attachment-66439\" class=\"size-medium wp-image-66439\" src=\"https:\/\/lightweb.dev\/l\/svm-temp\/wp-content\/uploads\/2023\/09\/LarsH-stor-300x225.jpeg\" alt=\"\" width=\"300\" height=\"225\" srcset=\"https:\/\/lightweb.dev\/l\/svm-temp\/wp-content\/uploads\/2023\/09\/LarsH-stor-300x225.jpeg 300w, https:\/\/lightweb.dev\/l\/svm-temp\/wp-content\/uploads\/2023\/09\/LarsH-stor-900x675.jpeg 900w, https:\/\/lightweb.dev\/l\/svm-temp\/wp-content\/uploads\/2023\/09\/LarsH-stor-768x576.jpeg 768w, https:\/\/lightweb.dev\/l\/svm-temp\/wp-content\/uploads\/2023\/09\/LarsH-stor-610x458.jpeg 610w, https:\/\/lightweb.dev\/l\/svm-temp\/wp-content\/uploads\/2023\/09\/LarsH-stor-1080x810.jpeg 1080w, https:\/\/lightweb.dev\/l\/svm-temp\/wp-content\/uploads\/2023\/09\/LarsH-stor-600x450.jpeg 600w, https:\/\/lightweb.dev\/l\/svm-temp\/wp-content\/uploads\/2023\/09\/LarsH-stor.jpeg 1280w\" sizes=\"(max-width: 300px) 100vw, 300px\" \/><p id=\"caption-attachment-66439\" class=\"wp-caption-text\">Av Lars Heden<br \/>e-post: gilaspanien@gmail.com tlf +34 722 856 490<\/p><\/div>\n<p>Allts\u00e5, hur m\u00e5nga v\u00e4nner har du, fr\u00e5gade han. Jag som de flesta med mig, antar jag, b\u00f6rjade r\u00e4kna i huvudet tills jag kom p\u00e5 ett f\u00f6r mig tillfredst\u00e4llande svar.<\/p>\n<p>Han tittade p\u00e5 mig och sa. NEJ, s\u00e5 m\u00e5nga har du inte. Du har en eller h\u00f6gst tv\u00e5.<\/p>\n<p>Jag k\u00e4nde mig lite dum, lite besviken, kanske jag sk\u00e4mdes lite ocks\u00e5. Sedan f\u00f6rklarade han att en v\u00e4n \u00e4r en person som du kan lita p\u00e5 till 100 procent. Som alltid st\u00e4ller upp vad det \u00e4n vara m\u00e5nde. En person som faktiskt kan sympatisera med dig om du \u00e4r framg\u00e5ngsrik. Inte vara avundsjuk, utan vara glad f\u00f6r din skull.<\/p>\n<p>I den stunden var han inte min v\u00e4n l\u00e4ngre, han blev pl\u00f6tsligt en bekant tillsammans med alla andra som jag trodde var mina v\u00e4nner.<\/p>\n<p>Idag har jag bara en eller kanske tv\u00e5 som jag kan r\u00e4kna som v\u00e4nner, alla andra \u00e4r bekanta. Inget fel i det, det \u00e4r ju ingen nedgradering och vi kan ju vara \u201dv\u00e4nner\u201d \u00e4nd\u00e5. Men jag m\u00e5ste erk\u00e4nna att jag blir sm\u00e5tt irriterad n\u00e4r jag nu h\u00f6r hur m\u00e5nga \u201dv\u00e4nner\u201d folk tror sig ha. Ordet v\u00e4n missbrukas, det tycker jag inte om.<\/p>\n<p>N\u00e4r jag t\u00e4nker tillbaka kommer jag ih\u00e5g att min d\u00e5varande tyska f\u00e4stm\u00f6 (jag bodde i Berlin i 7 \u00e5r) reagerade p\u00e5 att jag alltid sa \u201dEr ist ein Freund\u201d.<\/p>\n<p>Han \u00e5r inte din v\u00e4n, sa hon. Vet du vad att vara en v\u00e4n betyder?<\/p>\n<p>Hon lade samma aktsamma v\u00e4rde i ordet v\u00e4n som min f. d. v\u00e4n, numera bekant eller f\u00f6r att det ska bli r\u00e4tt f. d. bekant. Han lever inte l\u00e4ngre, han s\u00f6p ihj\u00e4l sig. Han hade inga v\u00e4nner, han ville inte ha n\u00e5gra. Jo f\u00f6rresten, en v\u00e4n hade han, flaskan.<\/p>\n<p>Har man bekanta har man garanterat ocks\u00e5 ov\u00e4nner eller t.o.m. fiender, m\u00e4nniskor som inte tycker om dig. Dom bekanta eller dom s k v\u00e4nnerna kallar sig uppriktiga. Fienderna \u00e4r det. Dom h\u00e4r m\u00e4nniskorna, vi kan till och med kalla dom f\u00f6r onda, skulle vara mindre farliga om dom inte hade n\u00e5got gott i sig.<\/p>\n<p>N\u00e4r man kommit upp i min \u00e5lder minskas antalet bekanta och ocks\u00e5 fiender. Jag b\u00f6rja faktiskt bli riktigt orolig. Idag har jag n\u00e4stan ingen personlig fiende kvar i livet. Synd, det var uppfriskande. Att f\u00f6rlora en fiende \u00e4r en stor f\u00f6rlust.<\/p>\n<p>En bekant till mig skr\u00f6t om att han inte hade en enda fiende i hela v\u00e4rlden. Vad han inte visste var att alla hans \u201dv\u00e4nner\u201d hatade honom. Voltaire sa s\u00e5 h\u00e4r: Den som inte kan hata, kan inte heller \u00e4lska.<\/p>\n<p>Jag s\u00e4ger s\u00e5 h\u00e4r: Du m\u00e5ste kunna \u00e4lska dig sj\u00e4lv f\u00f6r att kunna \u00e4lska n\u00e5gon annan. Ingenting \u00e4r v\u00e4l s\u00e5 h\u00e4rligt som att m\u00f6ta den enda kvinnan i v\u00e4rlden. Det \u00e4r lika fantastiskt varje g\u00e5ng. H\u00e5ll ditt samvete rent, anv\u00e4nd det aldrig.<\/p>\n<p>Men \u00e4rligt talat, n\u00e4r lyckan ler, vad ska man d\u00e5 med \u201dv\u00e4nner\u201d (bekanta)? Oavsett hur m\u00e5nga \u201dv\u00e4nner\u201d (bekanta) du har eller inte har, t\u00e4nk inte f\u00f6r l\u00e4nge p\u00e5 n\u00e4sta steg, f\u00f6r d\u00e5 kommer du att f\u00e5 tillbringa livet p\u00e5 ett ben. F\u00f6rs\u00f6k leva s\u00e5, till och med begravningsentrepren\u00f6ren s\u00f6rjer dig n\u00e4r du d\u00f6r.<\/p>\n<p>Hasta Pronto, Feliz Navidad<\/p>\n","protected":false},"excerpt":{"rendered":"<p>Hur m\u00e5nga v\u00e4nner har du? Den fr\u00e5gan fick jag av en bekant f\u00f6r m\u00e5nga \u00e5r sedan. Att jag s\u00e4ger bekant i st\u00e4llet f\u00f6r v\u00e4n, ska jag strax f\u00f6rklara&#8230;<\/p>\n","protected":false},"author":8,"featured_media":68209,"comment_status":"open","ping_status":"closed","sticky":false,"template":"","format":"standard","meta":{"_et_pb_use_builder":"","_et_pb_old_content":"","_et_gb_content_width":"","footnotes":""},"categories":[396,4],"tags":[],"class_list":["post-68317","post","type-post","status-publish","format-standard","has-post-thumbnail","hentry","category-arkiv-artiklar","category-artiklar"],"yoast_head":"<!-- This site is optimized with the Yoast SEO Premium plugin v26.2 (Yoast SEO v28.2) - https:\/\/yoast.com\/product\/yoast-seo-premium-wordpress\/ -->\n<title>Hedens h\u00f6rna: Hur m\u00e5nga v\u00e4nner har du? - Svenska Magasinet<\/title>\n<meta name=\"description\" content=\"Hur m\u00e5nga v\u00e4nner har du? Den fr\u00e5gan fick jag av en bekant f\u00f6r m\u00e5nga \u00e5r sedan. Att jag s\u00e4ger bekant i st\u00e4llet f\u00f6r v\u00e4n, ska jag strax f\u00f6rklara.\" \/>\n<meta name=\"robots\" content=\"noindex, follow, max-snippet:-1, max-image-preview:large, max-video-preview:-1\" \/>\n<meta property=\"og:locale\" content=\"sv_SE\" \/>\n<meta property=\"og:type\" content=\"article\" \/>\n<meta property=\"og:title\" content=\"Hedens h\u00f6rna: Hur m\u00e5nga v\u00e4nner har du?\" \/>\n<meta property=\"og:description\" content=\"Hur m\u00e5nga v\u00e4nner har du? Den fr\u00e5gan fick jag av en bekant f\u00f6r m\u00e5nga \u00e5r sedan. Att jag s\u00e4ger bekant i st\u00e4llet f\u00f6r v\u00e4n, ska jag strax f\u00f6rklara.\" \/>\n<meta property=\"og:url\" content=\"https:\/\/lightweb.dev\/l\/svm-temp\/artiklar\/hedens-horna-hur-manga-vanner-har-du\/\" \/>\n<meta property=\"og:site_name\" content=\"Svenska Magasinet\" \/>\n<meta property=\"article:publisher\" content=\"https:\/\/www.facebook.com\/svenskamagasinet\" \/>\n<meta property=\"article:published_time\" content=\"2023-12-15T00:00:10+00:00\" \/>\n<meta property=\"og:image\" content=\"https:\/\/lightweb.dev\/l\/svm-temp\/wp-content\/uploads\/2023\/12\/happy-friends-silhouettes-jumping-sunset-stor.jpeg\" \/>\n\t<meta property=\"og:image:width\" content=\"1280\" \/>\n\t<meta property=\"og:image:height\" content=\"765\" \/>\n\t<meta property=\"og:image:type\" content=\"image\/jpeg\" \/>\n<meta name=\"author\" content=\"Redaktionen SvM\" \/>\n<meta name=\"twitter:card\" content=\"summary_large_image\" \/>\n<meta name=\"twitter:creator\" content=\"@SvenskaMagasine\" \/>\n<meta name=\"twitter:site\" content=\"@SvenskaMagasine\" \/>\n<script type=\"application\/ld+json\" class=\"yoast-schema-graph\">{\"@context\":\"https:\\\/\\\/schema.org\",\"@graph\":[{\"@type\":\"Article\",\"@id\":\"https:\\\/\\\/lightweb.dev\\\/l\\\/svm-temp\\\/artiklar\\\/hedens-horna-hur-manga-vanner-har-du\\\/#article\",\"isPartOf\":{\"@id\":\"https:\\\/\\\/lightweb.dev\\\/l\\\/svm-temp\\\/artiklar\\\/hedens-horna-hur-manga-vanner-har-du\\\/\"},\"author\":{\"name\":\"Redaktionen SvM\",\"@id\":\"https:\\\/\\\/lightweb.dev\\\/l\\\/svm-temp\\\/#\\\/schema\\\/person\\\/206a3bda5b607b0c25e1749191e4d837\"},\"headline\":\"Hedens h\u00f6rna: Hur m\u00e5nga v\u00e4nner har du?\",\"datePublished\":\"2023-12-15T00:00:10+00:00\",\"mainEntityOfPage\":{\"@id\":\"https:\\\/\\\/lightweb.dev\\\/l\\\/svm-temp\\\/artiklar\\\/hedens-horna-hur-manga-vanner-har-du\\\/\"},\"wordCount\":676,\"commentCount\":0,\"publisher\":{\"@id\":\"https:\\\/\\\/lightweb.dev\\\/l\\\/svm-temp\\\/#organization\"},\"image\":{\"@id\":\"https:\\\/\\\/lightweb.dev\\\/l\\\/svm-temp\\\/artiklar\\\/hedens-horna-hur-manga-vanner-har-du\\\/#primaryimage\"},\"thumbnailUrl\":\"https:\\\/\\\/lightweb.dev\\\/l\\\/svm-temp\\\/wp-content\\\/uploads\\\/2023\\\/12\\\/happy-friends-silhouettes-jumping-sunset-stor.jpeg\",\"articleSection\":[\"Arkiv\",\"Artiklar\"],\"inLanguage\":\"sv-SE\"},{\"@type\":\"WebPage\",\"@id\":\"https:\\\/\\\/lightweb.dev\\\/l\\\/svm-temp\\\/artiklar\\\/hedens-horna-hur-manga-vanner-har-du\\\/\",\"url\":\"https:\\\/\\\/lightweb.dev\\\/l\\\/svm-temp\\\/artiklar\\\/hedens-horna-hur-manga-vanner-har-du\\\/\",\"name\":\"Hedens h\u00f6rna: Hur m\u00e5nga v\u00e4nner har du? - Svenska Magasinet\",\"isPartOf\":{\"@id\":\"https:\\\/\\\/lightweb.dev\\\/l\\\/svm-temp\\\/#website\"},\"primaryImageOfPage\":{\"@id\":\"https:\\\/\\\/lightweb.dev\\\/l\\\/svm-temp\\\/artiklar\\\/hedens-horna-hur-manga-vanner-har-du\\\/#primaryimage\"},\"image\":{\"@id\":\"https:\\\/\\\/lightweb.dev\\\/l\\\/svm-temp\\\/artiklar\\\/hedens-horna-hur-manga-vanner-har-du\\\/#primaryimage\"},\"thumbnailUrl\":\"https:\\\/\\\/lightweb.dev\\\/l\\\/svm-temp\\\/wp-content\\\/uploads\\\/2023\\\/12\\\/happy-friends-silhouettes-jumping-sunset-stor.jpeg\",\"datePublished\":\"2023-12-15T00:00:10+00:00\",\"description\":\"Hur m\u00e5nga v\u00e4nner har du? Den fr\u00e5gan fick jag av en bekant f\u00f6r m\u00e5nga \u00e5r sedan. Att jag s\u00e4ger bekant i st\u00e4llet f\u00f6r v\u00e4n, ska jag strax f\u00f6rklara.\",\"breadcrumb\":{\"@id\":\"https:\\\/\\\/lightweb.dev\\\/l\\\/svm-temp\\\/artiklar\\\/hedens-horna-hur-manga-vanner-har-du\\\/#breadcrumb\"},\"inLanguage\":\"sv-SE\",\"potentialAction\":[{\"@type\":\"ReadAction\",\"target\":[\"https:\\\/\\\/lightweb.dev\\\/l\\\/svm-temp\\\/artiklar\\\/hedens-horna-hur-manga-vanner-har-du\\\/\"]}]},{\"@type\":\"ImageObject\",\"inLanguage\":\"sv-SE\",\"@id\":\"https:\\\/\\\/lightweb.dev\\\/l\\\/svm-temp\\\/artiklar\\\/hedens-horna-hur-manga-vanner-har-du\\\/#primaryimage\",\"url\":\"https:\\\/\\\/lightweb.dev\\\/l\\\/svm-temp\\\/wp-content\\\/uploads\\\/2023\\\/12\\\/happy-friends-silhouettes-jumping-sunset-stor.jpeg\",\"contentUrl\":\"https:\\\/\\\/lightweb.dev\\\/l\\\/svm-temp\\\/wp-content\\\/uploads\\\/2023\\\/12\\\/happy-friends-silhouettes-jumping-sunset-stor.jpeg\",\"width\":1280,\"height\":765},{\"@type\":\"BreadcrumbList\",\"@id\":\"https:\\\/\\\/lightweb.dev\\\/l\\\/svm-temp\\\/artiklar\\\/hedens-horna-hur-manga-vanner-har-du\\\/#breadcrumb\",\"itemListElement\":[{\"@type\":\"ListItem\",\"position\":1,\"name\":\"Hem\",\"item\":\"https:\\\/\\\/lightweb.dev\\\/l\\\/svm-temp\\\/\"},{\"@type\":\"ListItem\",\"position\":2,\"name\":\"Hedens h\u00f6rna: Hur m\u00e5nga v\u00e4nner har du?\"}]},{\"@type\":\"WebSite\",\"@id\":\"https:\\\/\\\/lightweb.dev\\\/l\\\/svm-temp\\\/#website\",\"url\":\"https:\\\/\\\/lightweb.dev\\\/l\\\/svm-temp\\\/\",\"name\":\"Svenska Magasinet\",\"description\":\"Dina Spanska nyheter p&aring; Svenska\",\"publisher\":{\"@id\":\"https:\\\/\\\/lightweb.dev\\\/l\\\/svm-temp\\\/#organization\"},\"potentialAction\":[{\"@type\":\"SearchAction\",\"target\":{\"@type\":\"EntryPoint\",\"urlTemplate\":\"https:\\\/\\\/lightweb.dev\\\/l\\\/svm-temp\\\/?s={search_term_string}\"},\"query-input\":{\"@type\":\"PropertyValueSpecification\",\"valueRequired\":true,\"valueName\":\"search_term_string\"}}],\"inLanguage\":\"sv-SE\"},{\"@type\":\"Organization\",\"@id\":\"https:\\\/\\\/lightweb.dev\\\/l\\\/svm-temp\\\/#organization\",\"name\":\"Melkerson y Nott SL\",\"alternateName\":\"Svenska Magasinet\",\"url\":\"https:\\\/\\\/lightweb.dev\\\/l\\\/svm-temp\\\/\",\"logo\":{\"@type\":\"ImageObject\",\"inLanguage\":\"sv-SE\",\"@id\":\"https:\\\/\\\/lightweb.dev\\\/l\\\/svm-temp\\\/#\\\/schema\\\/logo\\\/image\\\/\",\"url\":\"https:\\\/\\\/lightweb.dev\\\/l\\\/svm-temp\\\/wp-content\\\/uploads\\\/2025\\\/02\\\/SvM-logo-Xtra-Centrerad-SVART.png\",\"contentUrl\":\"https:\\\/\\\/lightweb.dev\\\/l\\\/svm-temp\\\/wp-content\\\/uploads\\\/2025\\\/02\\\/SvM-logo-Xtra-Centrerad-SVART.png\",\"width\":300,\"height\":99,\"caption\":\"Melkerson y Nott SL\"},\"image\":{\"@id\":\"https:\\\/\\\/lightweb.dev\\\/l\\\/svm-temp\\\/#\\\/schema\\\/logo\\\/image\\\/\"},\"sameAs\":[\"https:\\\/\\\/www.facebook.com\\\/svenskamagasinet\",\"https:\\\/\\\/x.com\\\/SvenskaMagasine\"]},{\"@type\":\"Person\",\"@id\":\"https:\\\/\\\/lightweb.dev\\\/l\\\/svm-temp\\\/#\\\/schema\\\/person\\\/206a3bda5b607b0c25e1749191e4d837\",\"name\":\"Redaktionen SvM\",\"description\":\"Redaktionen\",\"sameAs\":[\"https:\\\/\\\/lightweb.dev\\\/l\\\/svm-temp\"],\"url\":\"https:\\\/\\\/lightweb.dev\\\/l\\\/svm-temp\\\/reporter\\\/redaktionen\\\/\"}]}<\/script>\n<!-- \/ Yoast SEO Premium plugin. -->","yoast_head_json":{"title":"Hedens h\u00f6rna: Hur m\u00e5nga v\u00e4nner har du? - Svenska Magasinet","description":"Hur m\u00e5nga v\u00e4nner har du? Den fr\u00e5gan fick jag av en bekant f\u00f6r m\u00e5nga \u00e5r sedan. Att jag s\u00e4ger bekant i st\u00e4llet f\u00f6r v\u00e4n, ska jag strax f\u00f6rklara.","robots":{"index":"noindex","follow":"follow","max-snippet":"max-snippet:-1","max-image-preview":"max-image-preview:large","max-video-preview":"max-video-preview:-1"},"og_locale":"sv_SE","og_type":"article","og_title":"Hedens h\u00f6rna: Hur m\u00e5nga v\u00e4nner har du?","og_description":"Hur m\u00e5nga v\u00e4nner har du? Den fr\u00e5gan fick jag av en bekant f\u00f6r m\u00e5nga \u00e5r sedan. Att jag s\u00e4ger bekant i st\u00e4llet f\u00f6r v\u00e4n, ska jag strax f\u00f6rklara.","og_url":"https:\/\/lightweb.dev\/l\/svm-temp\/artiklar\/hedens-horna-hur-manga-vanner-har-du\/","og_site_name":"Svenska Magasinet","article_publisher":"https:\/\/www.facebook.com\/svenskamagasinet","article_published_time":"2023-12-15T00:00:10+00:00","og_image":[{"width":1280,"height":765,"url":"https:\/\/lightweb.dev\/l\/svm-temp\/wp-content\/uploads\/2023\/12\/happy-friends-silhouettes-jumping-sunset-stor.jpeg","type":"image\/jpeg"}],"author":"Redaktionen SvM","twitter_card":"summary_large_image","twitter_creator":"@SvenskaMagasine","twitter_site":"@SvenskaMagasine","schema":{"@context":"https:\/\/schema.org","@graph":[{"@type":"Article","@id":"https:\/\/lightweb.dev\/l\/svm-temp\/artiklar\/hedens-horna-hur-manga-vanner-har-du\/#article","isPartOf":{"@id":"https:\/\/lightweb.dev\/l\/svm-temp\/artiklar\/hedens-horna-hur-manga-vanner-har-du\/"},"author":{"name":"Redaktionen SvM","@id":"https:\/\/lightweb.dev\/l\/svm-temp\/#\/schema\/person\/206a3bda5b607b0c25e1749191e4d837"},"headline":"Hedens h\u00f6rna: Hur m\u00e5nga v\u00e4nner har du?","datePublished":"2023-12-15T00:00:10+00:00","mainEntityOfPage":{"@id":"https:\/\/lightweb.dev\/l\/svm-temp\/artiklar\/hedens-horna-hur-manga-vanner-har-du\/"},"wordCount":676,"commentCount":0,"publisher":{"@id":"https:\/\/lightweb.dev\/l\/svm-temp\/#organization"},"image":{"@id":"https:\/\/lightweb.dev\/l\/svm-temp\/artiklar\/hedens-horna-hur-manga-vanner-har-du\/#primaryimage"},"thumbnailUrl":"https:\/\/lightweb.dev\/l\/svm-temp\/wp-content\/uploads\/2023\/12\/happy-friends-silhouettes-jumping-sunset-stor.jpeg","articleSection":["Arkiv","Artiklar"],"inLanguage":"sv-SE"},{"@type":"WebPage","@id":"https:\/\/lightweb.dev\/l\/svm-temp\/artiklar\/hedens-horna-hur-manga-vanner-har-du\/","url":"https:\/\/lightweb.dev\/l\/svm-temp\/artiklar\/hedens-horna-hur-manga-vanner-har-du\/","name":"Hedens h\u00f6rna: Hur m\u00e5nga v\u00e4nner har du? - Svenska Magasinet","isPartOf":{"@id":"https:\/\/lightweb.dev\/l\/svm-temp\/#website"},"primaryImageOfPage":{"@id":"https:\/\/lightweb.dev\/l\/svm-temp\/artiklar\/hedens-horna-hur-manga-vanner-har-du\/#primaryimage"},"image":{"@id":"https:\/\/lightweb.dev\/l\/svm-temp\/artiklar\/hedens-horna-hur-manga-vanner-har-du\/#primaryimage"},"thumbnailUrl":"https:\/\/lightweb.dev\/l\/svm-temp\/wp-content\/uploads\/2023\/12\/happy-friends-silhouettes-jumping-sunset-stor.jpeg","datePublished":"2023-12-15T00:00:10+00:00","description":"Hur m\u00e5nga v\u00e4nner har du? Den fr\u00e5gan fick jag av en bekant f\u00f6r m\u00e5nga \u00e5r sedan. Att jag s\u00e4ger bekant i st\u00e4llet f\u00f6r v\u00e4n, ska jag strax f\u00f6rklara.","breadcrumb":{"@id":"https:\/\/lightweb.dev\/l\/svm-temp\/artiklar\/hedens-horna-hur-manga-vanner-har-du\/#breadcrumb"},"inLanguage":"sv-SE","potentialAction":[{"@type":"ReadAction","target":["https:\/\/lightweb.dev\/l\/svm-temp\/artiklar\/hedens-horna-hur-manga-vanner-har-du\/"]}]},{"@type":"ImageObject","inLanguage":"sv-SE","@id":"https:\/\/lightweb.dev\/l\/svm-temp\/artiklar\/hedens-horna-hur-manga-vanner-har-du\/#primaryimage","url":"https:\/\/lightweb.dev\/l\/svm-temp\/wp-content\/uploads\/2023\/12\/happy-friends-silhouettes-jumping-sunset-stor.jpeg","contentUrl":"https:\/\/lightweb.dev\/l\/svm-temp\/wp-content\/uploads\/2023\/12\/happy-friends-silhouettes-jumping-sunset-stor.jpeg","width":1280,"height":765},{"@type":"BreadcrumbList","@id":"https:\/\/lightweb.dev\/l\/svm-temp\/artiklar\/hedens-horna-hur-manga-vanner-har-du\/#breadcrumb","itemListElement":[{"@type":"ListItem","position":1,"name":"Hem","item":"https:\/\/lightweb.dev\/l\/svm-temp\/"},{"@type":"ListItem","position":2,"name":"Hedens h\u00f6rna: Hur m\u00e5nga v\u00e4nner har du?"}]},{"@type":"WebSite","@id":"https:\/\/lightweb.dev\/l\/svm-temp\/#website","url":"https:\/\/lightweb.dev\/l\/svm-temp\/","name":"Svenska Magasinet","description":"Dina Spanska nyheter p&aring; Svenska","publisher":{"@id":"https:\/\/lightweb.dev\/l\/svm-temp\/#organization"},"potentialAction":[{"@type":"SearchAction","target":{"@type":"EntryPoint","urlTemplate":"https:\/\/lightweb.dev\/l\/svm-temp\/?s={search_term_string}"},"query-input":{"@type":"PropertyValueSpecification","valueRequired":true,"valueName":"search_term_string"}}],"inLanguage":"sv-SE"},{"@type":"Organization","@id":"https:\/\/lightweb.dev\/l\/svm-temp\/#organization","name":"Melkerson y Nott SL","alternateName":"Svenska Magasinet","url":"https:\/\/lightweb.dev\/l\/svm-temp\/","logo":{"@type":"ImageObject","inLanguage":"sv-SE","@id":"https:\/\/lightweb.dev\/l\/svm-temp\/#\/schema\/logo\/image\/","url":"https:\/\/lightweb.dev\/l\/svm-temp\/wp-content\/uploads\/2025\/02\/SvM-logo-Xtra-Centrerad-SVART.png","contentUrl":"https:\/\/lightweb.dev\/l\/svm-temp\/wp-content\/uploads\/2025\/02\/SvM-logo-Xtra-Centrerad-SVART.png","width":300,"height":99,"caption":"Melkerson y Nott SL"},"image":{"@id":"https:\/\/lightweb.dev\/l\/svm-temp\/#\/schema\/logo\/image\/"},"sameAs":["https:\/\/www.facebook.com\/svenskamagasinet","https:\/\/x.com\/SvenskaMagasine"]},{"@type":"Person","@id":"https:\/\/lightweb.dev\/l\/svm-temp\/#\/schema\/person\/206a3bda5b607b0c25e1749191e4d837","name":"Redaktionen SvM","description":"Redaktionen","sameAs":["https:\/\/lightweb.dev\/l\/svm-temp"],"url":"https:\/\/lightweb.dev\/l\/svm-temp\/reporter\/redaktionen\/"}]}},"_links":{"self":[{"href":"https:\/\/lightweb.dev\/l\/svm-temp\/wp-json\/wp\/v2\/posts\/68317","targetHints":{"allow":["GET"]}}],"collection":[{"href":"https:\/\/lightweb.dev\/l\/svm-temp\/wp-json\/wp\/v2\/posts"}],"about":[{"href":"https:\/\/lightweb.dev\/l\/svm-temp\/wp-json\/wp\/v2\/types\/post"}],"author":[{"embeddable":true,"href":"https:\/\/lightweb.dev\/l\/svm-temp\/wp-json\/wp\/v2\/users\/8"}],"replies":[{"embeddable":true,"href":"https:\/\/lightweb.dev\/l\/svm-temp\/wp-json\/wp\/v2\/comments?post=68317"}],"version-history":[{"count":0,"href":"https:\/\/lightweb.dev\/l\/svm-temp\/wp-json\/wp\/v2\/posts\/68317\/revisions"}],"wp:featuredmedia":[{"embeddable":true,"href":"https:\/\/lightweb.dev\/l\/svm-temp\/wp-json\/wp\/v2\/media\/68209"}],"wp:attachment":[{"href":"https:\/\/lightweb.dev\/l\/svm-temp\/wp-json\/wp\/v2\/media?parent=68317"}],"wp:term":[{"taxonomy":"category","embeddable":true,"href":"https:\/\/lightweb.dev\/l\/svm-temp\/wp-json\/wp\/v2\/categories?post=68317"},{"taxonomy":"post_tag","embeddable":true,"href":"https:\/\/lightweb.dev\/l\/svm-temp\/wp-json\/wp\/v2\/tags?post=68317"}],"curies":[{"name":"wp","href":"https:\/\/api.w.org\/{rel}","templated":true}]}}