{"id":68593,"date":"2023-12-29T10:52:42","date_gmt":"2023-12-29T09:52:42","guid":{"rendered":"https:\/\/lightweb.dev\/l\/svm-temp\/?p=68593"},"modified":"2023-12-29T10:55:07","modified_gmt":"2023-12-29T09:55:07","slug":"torrox-17e-kommunen-i-provinsen-som-passerar-20-000-invanare","status":"publish","type":"post","link":"https:\/\/lightweb.dev\/l\/svm-temp\/nyheter\/torrox-17e-kommunen-i-provinsen-som-passerar-20-000-invanare\/","title":{"rendered":"Torrox 17:e kommunen i provinsen som passerar 20.000 inv\u00e5nare"},"content":{"rendered":"<p><strong>Under 2023 v\u00e4xte antalet inv\u00e5nare i Torrox kommun \u00f6ster om M\u00e1laga med 4,6 procent till 20.932.<\/strong><\/p>\n<p><strong>Det \u00e4r en \u00f6kning med 38,5 procent de senaste \u00e5tta \u00e5ren.<\/strong><\/p>\n<p>Torrox har passerat en milstolpe och \u00e4r numera den 17:e kommunen i M\u00e1lagaprovinsen som har \u00f6ver 20.000 officiella inv\u00e5nare. Torrox \u00e4r den kommun i M\u00e1lagaprovinsen som har h\u00f6gsta procent\u00f6kningen 2023 med nya inv\u00e5nare tillsammans med Estepona som ocks\u00e5 redovisar 4,6 procent.<\/p>\n<h2 class=\"entry-title\">L\u00e4s mer: <a href=\"https:\/\/lightweb.dev\/l\/svm-temp\/artiklar\/reportage\/torrox-vill-bli-ostra-solkustens-innestalle\/\">Torrox vill bli \u00f6stra Solkustens innest\u00e4lle<\/a><\/h2>\n<p>Det kan j\u00e4mf\u00f6ras med andra residenta turistdestinationer som Benidorm (4,3%), Marbella (3,9%), Benalm\u00e1dena (3,8%) och Nerja (2,1%) enligt siffror fr\u00e5n INE (Instituto Nacional de Estad\u00edstica).<\/p>\n<div id=\"attachment_68594\" style=\"width: 310px\" class=\"wp-caption alignleft\"><img loading=\"lazy\" decoding=\"async\" aria-describedby=\"caption-attachment-68594\" class=\"size-medium wp-image-68594\" src=\"https:\/\/lightweb.dev\/l\/svm-temp\/wp-content\/uploads\/2023\/12\/Alcalde-Torrox-20000-stor-300x200.jpeg\" alt=\"\" width=\"300\" height=\"200\" srcset=\"https:\/\/lightweb.dev\/l\/svm-temp\/wp-content\/uploads\/2023\/12\/Alcalde-Torrox-20000-stor-300x200.jpeg 300w, https:\/\/lightweb.dev\/l\/svm-temp\/wp-content\/uploads\/2023\/12\/Alcalde-Torrox-20000-stor-900x600.jpeg 900w, https:\/\/lightweb.dev\/l\/svm-temp\/wp-content\/uploads\/2023\/12\/Alcalde-Torrox-20000-stor-768x512.jpeg 768w, https:\/\/lightweb.dev\/l\/svm-temp\/wp-content\/uploads\/2023\/12\/Alcalde-Torrox-20000-stor-610x407.jpeg 610w, https:\/\/lightweb.dev\/l\/svm-temp\/wp-content\/uploads\/2023\/12\/Alcalde-Torrox-20000-stor-1080x721.jpeg 1080w, https:\/\/lightweb.dev\/l\/svm-temp\/wp-content\/uploads\/2023\/12\/Alcalde-Torrox-20000-stor-600x400.jpeg 600w, https:\/\/lightweb.dev\/l\/svm-temp\/wp-content\/uploads\/2023\/12\/Alcalde-Torrox-20000-stor.jpeg 1280w\" sizes=\"(max-width: 300px) 100vw, 300px\" \/><p id=\"caption-attachment-68594\" class=\"wp-caption-text\">Sedan 2015 \u00e4r \u00d3scar Medina borgm\u00e4stare i Torrox. Och han \u00e4r n\u00f6jd.<\/p><\/div>\n<p>&#8211; Det \u00e4r frukten av ett mycket v\u00e4l utf\u00f6rt arbete. Men vi m\u00e5ste vara medvetna om att n\u00e4r befolkningen v\u00e4xer s\u00e5 kr\u00e4ver det samtidigt f\u00f6rb\u00e4ttrade kommunala tj\u00e4nster, s\u00e4ger borgm\u00e4staren \u00d3scar Medina.<\/p>\n<p>Torrox har upplevt en fantastisk utveckling de senaste \u00e5tta \u00e5ren.<\/p>\n<p>&#8211; Att n\u00e4ra tv\u00e5 av fem Torroxe\u00f1os har registrerats under de senaste \u00e5tta \u00e5ren visar kommunens framskjutna position och konkurrenskraft med att skapa v\u00e4lst\u00e5nd och syssels\u00e4ttning. Det \u00e4r n\u00e5got som vi alla ska k\u00e4nna stolthet \u00f6ver och som bekr\u00e4ftar att vi \u00e4r p\u00e5 r\u00e4tt v\u00e4g, s\u00e4ger Medina i ett pressmeddelande.<\/p>\n","protected":false},"excerpt":{"rendered":"<p>Under 2023 v\u00e4xte antalet inv\u00e5nare i Torrox kommun \u00f6ster om M\u00e1laga med 4,6 procent till 20.932. Det \u00e4r en \u00f6kning med 38,5 procent de senaste \u00e5tta \u00e5ren&#8230;<\/p>\n","protected":false},"author":7,"featured_media":67664,"comment_status":"closed","ping_status":"closed","sticky":false,"template":"","format":"standard","meta":{"_et_pb_use_builder":"","_et_pb_old_content":"","_et_gb_content_width":"","footnotes":""},"categories":[395,3],"tags":[],"class_list":["post-68593","post","type-post","status-publish","format-standard","has-post-thumbnail","hentry","category-arkiv-nyheter","category-nyheter"],"yoast_head":"<!-- This site is optimized with the Yoast SEO Premium plugin v26.2 (Yoast SEO v27.4) - https:\/\/yoast.com\/product\/yoast-seo-premium-wordpress\/ -->\n<title>Torrox 17:e kommunen i provinsen som passerar 20.000 inv\u00e5nare - Svenska Magasinet<\/title>\n<meta name=\"description\" content=\"Under 2023 v\u00e4xte antalet inv\u00e5nare i Torrox kommun \u00f6ster om M\u00e1laga med 4,6 procent till 20.932. Det \u00e4r en \u00f6kning med 38,5 procent de senaste \u00e5tta \u00e5ren.\" \/>\n<meta name=\"robots\" content=\"noindex, follow, max-snippet:-1, max-image-preview:large, max-video-preview:-1\" \/>\n<meta property=\"og:locale\" content=\"sv_SE\" \/>\n<meta property=\"og:type\" content=\"article\" \/>\n<meta property=\"og:title\" content=\"Torrox 17:e kommunen i provinsen som passerar 20.000 inv\u00e5nare\" \/>\n<meta property=\"og:description\" content=\"Under 2023 v\u00e4xte antalet inv\u00e5nare i Torrox kommun \u00f6ster om M\u00e1laga med 4,6 procent till 20.932. Det \u00e4r en \u00f6kning med 38,5 procent de senaste \u00e5tta \u00e5ren.\" \/>\n<meta property=\"og:url\" content=\"https:\/\/lightweb.dev\/l\/svm-temp\/nyheter\/torrox-17e-kommunen-i-provinsen-som-passerar-20-000-invanare\/\" \/>\n<meta property=\"og:site_name\" content=\"Svenska Magasinet\" \/>\n<meta property=\"article:publisher\" content=\"https:\/\/www.facebook.com\/svenskamagasinet\" \/>\n<meta property=\"article:published_time\" content=\"2023-12-29T09:52:42+00:00\" \/>\n<meta property=\"article:modified_time\" content=\"2023-12-29T09:55:07+00:00\" \/>\n<meta property=\"og:image\" content=\"https:\/\/lightweb.dev\/l\/svm-temp\/wp-content\/uploads\/2023\/11\/02-stor.jpeg\" \/>\n\t<meta property=\"og:image:width\" content=\"1280\" \/>\n\t<meta property=\"og:image:height\" content=\"719\" \/>\n\t<meta property=\"og:image:type\" content=\"image\/jpeg\" \/>\n<meta name=\"author\" content=\"Ola Josefsson\" \/>\n<meta name=\"twitter:card\" content=\"summary_large_image\" \/>\n<meta name=\"twitter:creator\" content=\"@SvenskaMagasine\" \/>\n<meta name=\"twitter:site\" content=\"@SvenskaMagasine\" \/>\n<script type=\"application\/ld+json\" class=\"yoast-schema-graph\">{\"@context\":\"https:\\\/\\\/schema.org\",\"@graph\":[{\"@type\":\"Article\",\"@id\":\"https:\\\/\\\/lightweb.dev\\\/l\\\/svm-temp\\\/nyheter\\\/torrox-17e-kommunen-i-provinsen-som-passerar-20-000-invanare\\\/#article\",\"isPartOf\":{\"@id\":\"https:\\\/\\\/lightweb.dev\\\/l\\\/svm-temp\\\/nyheter\\\/torrox-17e-kommunen-i-provinsen-som-passerar-20-000-invanare\\\/\"},\"author\":{\"name\":\"Ola Josefsson\",\"@id\":\"https:\\\/\\\/lightweb.dev\\\/l\\\/svm-temp\\\/#\\\/schema\\\/person\\\/7a82b8a73d171d32360a564b6d03508e\"},\"headline\":\"Torrox 17:e kommunen i provinsen som passerar 20.000 inv\u00e5nare\",\"datePublished\":\"2023-12-29T09:52:42+00:00\",\"dateModified\":\"2023-12-29T09:55:07+00:00\",\"mainEntityOfPage\":{\"@id\":\"https:\\\/\\\/lightweb.dev\\\/l\\\/svm-temp\\\/nyheter\\\/torrox-17e-kommunen-i-provinsen-som-passerar-20-000-invanare\\\/\"},\"wordCount\":248,\"publisher\":{\"@id\":\"https:\\\/\\\/lightweb.dev\\\/l\\\/svm-temp\\\/#organization\"},\"image\":{\"@id\":\"https:\\\/\\\/lightweb.dev\\\/l\\\/svm-temp\\\/nyheter\\\/torrox-17e-kommunen-i-provinsen-som-passerar-20-000-invanare\\\/#primaryimage\"},\"thumbnailUrl\":\"https:\\\/\\\/lightweb.dev\\\/l\\\/svm-temp\\\/wp-content\\\/uploads\\\/2023\\\/11\\\/02-stor.jpeg\",\"articleSection\":[\"Arkiv\",\"Nyheter\"],\"inLanguage\":\"sv-SE\"},{\"@type\":\"WebPage\",\"@id\":\"https:\\\/\\\/lightweb.dev\\\/l\\\/svm-temp\\\/nyheter\\\/torrox-17e-kommunen-i-provinsen-som-passerar-20-000-invanare\\\/\",\"url\":\"https:\\\/\\\/lightweb.dev\\\/l\\\/svm-temp\\\/nyheter\\\/torrox-17e-kommunen-i-provinsen-som-passerar-20-000-invanare\\\/\",\"name\":\"Torrox 17:e kommunen i provinsen som passerar 20.000 inv\u00e5nare - Svenska Magasinet\",\"isPartOf\":{\"@id\":\"https:\\\/\\\/lightweb.dev\\\/l\\\/svm-temp\\\/#website\"},\"primaryImageOfPage\":{\"@id\":\"https:\\\/\\\/lightweb.dev\\\/l\\\/svm-temp\\\/nyheter\\\/torrox-17e-kommunen-i-provinsen-som-passerar-20-000-invanare\\\/#primaryimage\"},\"image\":{\"@id\":\"https:\\\/\\\/lightweb.dev\\\/l\\\/svm-temp\\\/nyheter\\\/torrox-17e-kommunen-i-provinsen-som-passerar-20-000-invanare\\\/#primaryimage\"},\"thumbnailUrl\":\"https:\\\/\\\/lightweb.dev\\\/l\\\/svm-temp\\\/wp-content\\\/uploads\\\/2023\\\/11\\\/02-stor.jpeg\",\"datePublished\":\"2023-12-29T09:52:42+00:00\",\"dateModified\":\"2023-12-29T09:55:07+00:00\",\"description\":\"Under 2023 v\u00e4xte antalet inv\u00e5nare i Torrox kommun \u00f6ster om M\u00e1laga med 4,6 procent till 20.932. Det \u00e4r en \u00f6kning med 38,5 procent de senaste \u00e5tta \u00e5ren.\",\"breadcrumb\":{\"@id\":\"https:\\\/\\\/lightweb.dev\\\/l\\\/svm-temp\\\/nyheter\\\/torrox-17e-kommunen-i-provinsen-som-passerar-20-000-invanare\\\/#breadcrumb\"},\"inLanguage\":\"sv-SE\",\"potentialAction\":[{\"@type\":\"ReadAction\",\"target\":[\"https:\\\/\\\/lightweb.dev\\\/l\\\/svm-temp\\\/nyheter\\\/torrox-17e-kommunen-i-provinsen-som-passerar-20-000-invanare\\\/\"]}]},{\"@type\":\"ImageObject\",\"inLanguage\":\"sv-SE\",\"@id\":\"https:\\\/\\\/lightweb.dev\\\/l\\\/svm-temp\\\/nyheter\\\/torrox-17e-kommunen-i-provinsen-som-passerar-20-000-invanare\\\/#primaryimage\",\"url\":\"https:\\\/\\\/lightweb.dev\\\/l\\\/svm-temp\\\/wp-content\\\/uploads\\\/2023\\\/11\\\/02-stor.jpeg\",\"contentUrl\":\"https:\\\/\\\/lightweb.dev\\\/l\\\/svm-temp\\\/wp-content\\\/uploads\\\/2023\\\/11\\\/02-stor.jpeg\",\"width\":1280,\"height\":719,\"caption\":\"Torrox fyr \u00e4r ett av k\u00e4nnetecken. Den byggdes 1864 och \u00e4r 39 meter h\u00f6g. (Foto: Torrox Ayuntamiento Turismo)\"},{\"@type\":\"BreadcrumbList\",\"@id\":\"https:\\\/\\\/lightweb.dev\\\/l\\\/svm-temp\\\/nyheter\\\/torrox-17e-kommunen-i-provinsen-som-passerar-20-000-invanare\\\/#breadcrumb\",\"itemListElement\":[{\"@type\":\"ListItem\",\"position\":1,\"name\":\"Hem\",\"item\":\"https:\\\/\\\/lightweb.dev\\\/l\\\/svm-temp\\\/\"},{\"@type\":\"ListItem\",\"position\":2,\"name\":\"Torrox 17:e kommunen i provinsen som passerar 20.000 inv\u00e5nare\"}]},{\"@type\":\"WebSite\",\"@id\":\"https:\\\/\\\/lightweb.dev\\\/l\\\/svm-temp\\\/#website\",\"url\":\"https:\\\/\\\/lightweb.dev\\\/l\\\/svm-temp\\\/\",\"name\":\"Svenska Magasinet\",\"description\":\"Dina Spanska nyheter p&aring; Svenska\",\"publisher\":{\"@id\":\"https:\\\/\\\/lightweb.dev\\\/l\\\/svm-temp\\\/#organization\"},\"potentialAction\":[{\"@type\":\"SearchAction\",\"target\":{\"@type\":\"EntryPoint\",\"urlTemplate\":\"https:\\\/\\\/lightweb.dev\\\/l\\\/svm-temp\\\/?s={search_term_string}\"},\"query-input\":{\"@type\":\"PropertyValueSpecification\",\"valueRequired\":true,\"valueName\":\"search_term_string\"}}],\"inLanguage\":\"sv-SE\"},{\"@type\":\"Organization\",\"@id\":\"https:\\\/\\\/lightweb.dev\\\/l\\\/svm-temp\\\/#organization\",\"name\":\"Melkerson y Nott SL\",\"alternateName\":\"Svenska Magasinet\",\"url\":\"https:\\\/\\\/lightweb.dev\\\/l\\\/svm-temp\\\/\",\"logo\":{\"@type\":\"ImageObject\",\"inLanguage\":\"sv-SE\",\"@id\":\"https:\\\/\\\/lightweb.dev\\\/l\\\/svm-temp\\\/#\\\/schema\\\/logo\\\/image\\\/\",\"url\":\"https:\\\/\\\/lightweb.dev\\\/l\\\/svm-temp\\\/wp-content\\\/uploads\\\/2025\\\/02\\\/SvM-logo-Xtra-Centrerad-SVART.png\",\"contentUrl\":\"https:\\\/\\\/lightweb.dev\\\/l\\\/svm-temp\\\/wp-content\\\/uploads\\\/2025\\\/02\\\/SvM-logo-Xtra-Centrerad-SVART.png\",\"width\":300,\"height\":99,\"caption\":\"Melkerson y Nott SL\"},\"image\":{\"@id\":\"https:\\\/\\\/lightweb.dev\\\/l\\\/svm-temp\\\/#\\\/schema\\\/logo\\\/image\\\/\"},\"sameAs\":[\"https:\\\/\\\/www.facebook.com\\\/svenskamagasinet\",\"https:\\\/\\\/x.com\\\/SvenskaMagasine\"]},{\"@type\":\"Person\",\"@id\":\"https:\\\/\\\/lightweb.dev\\\/l\\\/svm-temp\\\/#\\\/schema\\\/person\\\/7a82b8a73d171d32360a564b6d03508e\",\"name\":\"Ola Josefsson\",\"description\":\"Bevakar Solkusten och Spanien sedan 1994.\",\"sameAs\":[\"https:\\\/\\\/lightweb.dev\\\/l\\\/svm-temp\"],\"url\":\"https:\\\/\\\/lightweb.dev\\\/l\\\/svm-temp\\\/reporter\\\/ola-josefsson\\\/\"}]}<\/script>\n<!-- \/ Yoast SEO Premium plugin. -->","yoast_head_json":{"title":"Torrox 17:e kommunen i provinsen som passerar 20.000 inv\u00e5nare - Svenska Magasinet","description":"Under 2023 v\u00e4xte antalet inv\u00e5nare i Torrox kommun \u00f6ster om M\u00e1laga med 4,6 procent till 20.932. Det \u00e4r en \u00f6kning med 38,5 procent de senaste \u00e5tta \u00e5ren.","robots":{"index":"noindex","follow":"follow","max-snippet":"max-snippet:-1","max-image-preview":"max-image-preview:large","max-video-preview":"max-video-preview:-1"},"og_locale":"sv_SE","og_type":"article","og_title":"Torrox 17:e kommunen i provinsen som passerar 20.000 inv\u00e5nare","og_description":"Under 2023 v\u00e4xte antalet inv\u00e5nare i Torrox kommun \u00f6ster om M\u00e1laga med 4,6 procent till 20.932. Det \u00e4r en \u00f6kning med 38,5 procent de senaste \u00e5tta \u00e5ren.","og_url":"https:\/\/lightweb.dev\/l\/svm-temp\/nyheter\/torrox-17e-kommunen-i-provinsen-som-passerar-20-000-invanare\/","og_site_name":"Svenska Magasinet","article_publisher":"https:\/\/www.facebook.com\/svenskamagasinet","article_published_time":"2023-12-29T09:52:42+00:00","article_modified_time":"2023-12-29T09:55:07+00:00","og_image":[{"width":1280,"height":719,"url":"https:\/\/lightweb.dev\/l\/svm-temp\/wp-content\/uploads\/2023\/11\/02-stor.jpeg","type":"image\/jpeg"}],"author":"Ola Josefsson","twitter_card":"summary_large_image","twitter_creator":"@SvenskaMagasine","twitter_site":"@SvenskaMagasine","schema":{"@context":"https:\/\/schema.org","@graph":[{"@type":"Article","@id":"https:\/\/lightweb.dev\/l\/svm-temp\/nyheter\/torrox-17e-kommunen-i-provinsen-som-passerar-20-000-invanare\/#article","isPartOf":{"@id":"https:\/\/lightweb.dev\/l\/svm-temp\/nyheter\/torrox-17e-kommunen-i-provinsen-som-passerar-20-000-invanare\/"},"author":{"name":"Ola Josefsson","@id":"https:\/\/lightweb.dev\/l\/svm-temp\/#\/schema\/person\/7a82b8a73d171d32360a564b6d03508e"},"headline":"Torrox 17:e kommunen i provinsen som passerar 20.000 inv\u00e5nare","datePublished":"2023-12-29T09:52:42+00:00","dateModified":"2023-12-29T09:55:07+00:00","mainEntityOfPage":{"@id":"https:\/\/lightweb.dev\/l\/svm-temp\/nyheter\/torrox-17e-kommunen-i-provinsen-som-passerar-20-000-invanare\/"},"wordCount":248,"publisher":{"@id":"https:\/\/lightweb.dev\/l\/svm-temp\/#organization"},"image":{"@id":"https:\/\/lightweb.dev\/l\/svm-temp\/nyheter\/torrox-17e-kommunen-i-provinsen-som-passerar-20-000-invanare\/#primaryimage"},"thumbnailUrl":"https:\/\/lightweb.dev\/l\/svm-temp\/wp-content\/uploads\/2023\/11\/02-stor.jpeg","articleSection":["Arkiv","Nyheter"],"inLanguage":"sv-SE"},{"@type":"WebPage","@id":"https:\/\/lightweb.dev\/l\/svm-temp\/nyheter\/torrox-17e-kommunen-i-provinsen-som-passerar-20-000-invanare\/","url":"https:\/\/lightweb.dev\/l\/svm-temp\/nyheter\/torrox-17e-kommunen-i-provinsen-som-passerar-20-000-invanare\/","name":"Torrox 17:e kommunen i provinsen som passerar 20.000 inv\u00e5nare - Svenska Magasinet","isPartOf":{"@id":"https:\/\/lightweb.dev\/l\/svm-temp\/#website"},"primaryImageOfPage":{"@id":"https:\/\/lightweb.dev\/l\/svm-temp\/nyheter\/torrox-17e-kommunen-i-provinsen-som-passerar-20-000-invanare\/#primaryimage"},"image":{"@id":"https:\/\/lightweb.dev\/l\/svm-temp\/nyheter\/torrox-17e-kommunen-i-provinsen-som-passerar-20-000-invanare\/#primaryimage"},"thumbnailUrl":"https:\/\/lightweb.dev\/l\/svm-temp\/wp-content\/uploads\/2023\/11\/02-stor.jpeg","datePublished":"2023-12-29T09:52:42+00:00","dateModified":"2023-12-29T09:55:07+00:00","description":"Under 2023 v\u00e4xte antalet inv\u00e5nare i Torrox kommun \u00f6ster om M\u00e1laga med 4,6 procent till 20.932. Det \u00e4r en \u00f6kning med 38,5 procent de senaste \u00e5tta \u00e5ren.","breadcrumb":{"@id":"https:\/\/lightweb.dev\/l\/svm-temp\/nyheter\/torrox-17e-kommunen-i-provinsen-som-passerar-20-000-invanare\/#breadcrumb"},"inLanguage":"sv-SE","potentialAction":[{"@type":"ReadAction","target":["https:\/\/lightweb.dev\/l\/svm-temp\/nyheter\/torrox-17e-kommunen-i-provinsen-som-passerar-20-000-invanare\/"]}]},{"@type":"ImageObject","inLanguage":"sv-SE","@id":"https:\/\/lightweb.dev\/l\/svm-temp\/nyheter\/torrox-17e-kommunen-i-provinsen-som-passerar-20-000-invanare\/#primaryimage","url":"https:\/\/lightweb.dev\/l\/svm-temp\/wp-content\/uploads\/2023\/11\/02-stor.jpeg","contentUrl":"https:\/\/lightweb.dev\/l\/svm-temp\/wp-content\/uploads\/2023\/11\/02-stor.jpeg","width":1280,"height":719,"caption":"Torrox fyr \u00e4r ett av k\u00e4nnetecken. Den byggdes 1864 och \u00e4r 39 meter h\u00f6g. (Foto: Torrox Ayuntamiento Turismo)"},{"@type":"BreadcrumbList","@id":"https:\/\/lightweb.dev\/l\/svm-temp\/nyheter\/torrox-17e-kommunen-i-provinsen-som-passerar-20-000-invanare\/#breadcrumb","itemListElement":[{"@type":"ListItem","position":1,"name":"Hem","item":"https:\/\/lightweb.dev\/l\/svm-temp\/"},{"@type":"ListItem","position":2,"name":"Torrox 17:e kommunen i provinsen som passerar 20.000 inv\u00e5nare"}]},{"@type":"WebSite","@id":"https:\/\/lightweb.dev\/l\/svm-temp\/#website","url":"https:\/\/lightweb.dev\/l\/svm-temp\/","name":"Svenska Magasinet","description":"Dina Spanska nyheter p&aring; Svenska","publisher":{"@id":"https:\/\/lightweb.dev\/l\/svm-temp\/#organization"},"potentialAction":[{"@type":"SearchAction","target":{"@type":"EntryPoint","urlTemplate":"https:\/\/lightweb.dev\/l\/svm-temp\/?s={search_term_string}"},"query-input":{"@type":"PropertyValueSpecification","valueRequired":true,"valueName":"search_term_string"}}],"inLanguage":"sv-SE"},{"@type":"Organization","@id":"https:\/\/lightweb.dev\/l\/svm-temp\/#organization","name":"Melkerson y Nott SL","alternateName":"Svenska Magasinet","url":"https:\/\/lightweb.dev\/l\/svm-temp\/","logo":{"@type":"ImageObject","inLanguage":"sv-SE","@id":"https:\/\/lightweb.dev\/l\/svm-temp\/#\/schema\/logo\/image\/","url":"https:\/\/lightweb.dev\/l\/svm-temp\/wp-content\/uploads\/2025\/02\/SvM-logo-Xtra-Centrerad-SVART.png","contentUrl":"https:\/\/lightweb.dev\/l\/svm-temp\/wp-content\/uploads\/2025\/02\/SvM-logo-Xtra-Centrerad-SVART.png","width":300,"height":99,"caption":"Melkerson y Nott SL"},"image":{"@id":"https:\/\/lightweb.dev\/l\/svm-temp\/#\/schema\/logo\/image\/"},"sameAs":["https:\/\/www.facebook.com\/svenskamagasinet","https:\/\/x.com\/SvenskaMagasine"]},{"@type":"Person","@id":"https:\/\/lightweb.dev\/l\/svm-temp\/#\/schema\/person\/7a82b8a73d171d32360a564b6d03508e","name":"Ola Josefsson","description":"Bevakar Solkusten och Spanien sedan 1994.","sameAs":["https:\/\/lightweb.dev\/l\/svm-temp"],"url":"https:\/\/lightweb.dev\/l\/svm-temp\/reporter\/ola-josefsson\/"}]}},"_links":{"self":[{"href":"https:\/\/lightweb.dev\/l\/svm-temp\/wp-json\/wp\/v2\/posts\/68593","targetHints":{"allow":["GET"]}}],"collection":[{"href":"https:\/\/lightweb.dev\/l\/svm-temp\/wp-json\/wp\/v2\/posts"}],"about":[{"href":"https:\/\/lightweb.dev\/l\/svm-temp\/wp-json\/wp\/v2\/types\/post"}],"author":[{"embeddable":true,"href":"https:\/\/lightweb.dev\/l\/svm-temp\/wp-json\/wp\/v2\/users\/7"}],"replies":[{"embeddable":true,"href":"https:\/\/lightweb.dev\/l\/svm-temp\/wp-json\/wp\/v2\/comments?post=68593"}],"version-history":[{"count":0,"href":"https:\/\/lightweb.dev\/l\/svm-temp\/wp-json\/wp\/v2\/posts\/68593\/revisions"}],"wp:featuredmedia":[{"embeddable":true,"href":"https:\/\/lightweb.dev\/l\/svm-temp\/wp-json\/wp\/v2\/media\/67664"}],"wp:attachment":[{"href":"https:\/\/lightweb.dev\/l\/svm-temp\/wp-json\/wp\/v2\/media?parent=68593"}],"wp:term":[{"taxonomy":"category","embeddable":true,"href":"https:\/\/lightweb.dev\/l\/svm-temp\/wp-json\/wp\/v2\/categories?post=68593"},{"taxonomy":"post_tag","embeddable":true,"href":"https:\/\/lightweb.dev\/l\/svm-temp\/wp-json\/wp\/v2\/tags?post=68593"}],"curies":[{"name":"wp","href":"https:\/\/api.w.org\/{rel}","templated":true}]}}