{"id":68598,"date":"2023-12-29T11:28:10","date_gmt":"2023-12-29T10:28:10","guid":{"rendered":"https:\/\/lightweb.dev\/l\/svm-temp\/?p=68598"},"modified":"2023-12-29T11:28:10","modified_gmt":"2023-12-29T10:28:10","slug":"starlite-planerar-musikstad-i-estepona","status":"publish","type":"post","link":"https:\/\/lightweb.dev\/l\/svm-temp\/nyheter\/starlite-planerar-musikstad-i-estepona\/","title":{"rendered":"Starlite planerar musikstad i Estepona"},"content":{"rendered":"<p><strong>Under tolv \u00e5rs tid har Festival Starlite Occident festival arrangerats i det gamla stenbrottet Nag\u00fceles i Marbella.<\/strong><\/p>\n<p><strong>Nu finns det planer p\u00e5 att bygga upp en musikstad med utomhusscen, konsertsal, inspelningsstudior, hotell och konferensanl\u00e4ggning i Estepona.<\/strong><\/p>\n<p><strong>Publikkapaciteten \u00f6kar fr\u00e5n 3.500 till 15.000.<\/strong><\/p>\n<p>Det \u00e4r <a href=\"https:\/\/www.diariosur.es\/culturas\/musica\/starlite-proyecta-estepona-ciudad-musica-auditorio-hotel-20231228211618-nt.html\">Diario Sur<\/a> som \u00e4r f\u00f6rst med att ber\u00e4tta om den nya musiksatsningen Starlite Music World p\u00e5 Solkusten. Starlite har l\u00e5ngt g\u00e5ngna planer p\u00e5 att bygga en musikstad i Estepona kommun i ett omr\u00e5de som g\u00e5r under namnet La Panera som ligger n\u00e4ra djurparken Parque Selwo Aventura.<\/p>\n<p>F\u00f6retaget Bendeus \u00e4r byggherre f\u00f6r Starlite och vill bygga n\u00f6jesanl\u00e4ggningen i Estepona. Enligt tidningen har projektet redan n\u00e5tt f\u00f6rsta stadiet med att regionregeringen den 9 januari v\u00e4ntas godk\u00e4nna det som en aff\u00e4rsinvestering av strategiskt intresse f\u00f6r Andalusien, f\u00f6r att p\u00e5skynda vidare f\u00f6rfaranden.<\/p>\n<p>&#8211; Starlite Music World v\u00e4xer, bekr\u00e4ftar grundaren bakom Starlite, Sandra Garc\u00eda-Sanju\u00e1n.<\/p>\n<p>Det handlar om en investering p\u00e5 mer \u00e4n 286 miljoner euro. Det g\u00f6r att Starlite f\u00e5r en n\u00f6jesanl\u00e4ggning som kan fungera \u00e5ret runt j\u00e4mf\u00f6rt med Nag\u00fceles som \u00e4r en offentlig plats d\u00e4r allt m\u00e5ste byggas upp f\u00f6r att sedan monteras ner efter tre m\u00e5nader.<\/p>\n<p>Estepona kommun s\u00e4ger i en kommentar att projektet kommer att st\u00e4rka den lokala ekonomin och fr\u00e4mja kulturen ytterligare. Omkring 450 nya arbetstillf\u00e4llen skapas.<\/p>\n","protected":false},"excerpt":{"rendered":"<p>Under tolv \u00e5rs tid har Festival Starlite Occident festival arrangerats i det gamla stenbrottet Nag\u00fceles i Marbella. Nu finns det planer p\u00e5 att bygga upp en musikstad med utomhusscen, konsertsal, inspelningsstudior, hotell och konferensanl\u00e4ggning&#8230;<\/p>\n","protected":false},"author":7,"featured_media":68599,"comment_status":"closed","ping_status":"closed","sticky":false,"template":"","format":"standard","meta":{"_et_pb_use_builder":"","_et_pb_old_content":"","_et_gb_content_width":"","footnotes":""},"categories":[395,3],"tags":[],"class_list":["post-68598","post","type-post","status-publish","format-standard","has-post-thumbnail","hentry","category-arkiv-nyheter","category-nyheter"],"yoast_head":"<!-- This site is optimized with the Yoast SEO Premium plugin v26.2 (Yoast SEO v27.4) - https:\/\/yoast.com\/product\/yoast-seo-premium-wordpress\/ -->\n<title>Starlite planerar musikstad i Estepona - Svenska Magasinet<\/title>\n<meta name=\"description\" content=\"Under tolv \u00e5rs tid har Festival Starlite Occident festival arrangerats i det gamla stenbrottet Nag\u00fceles i Marbella. Nu finns det planer p\u00e5 att bygga upp en musikstad med utomhusscen, konsertsal, inspelningsstudior, hotell och konferensanl\u00e4ggning i Estepona. Publikkapaciteten \u00f6kar fr\u00e5n 3.500 till 15.000.\" \/>\n<meta name=\"robots\" content=\"noindex, follow, max-snippet:-1, max-image-preview:large, max-video-preview:-1\" \/>\n<meta property=\"og:locale\" content=\"sv_SE\" \/>\n<meta property=\"og:type\" content=\"article\" \/>\n<meta property=\"og:title\" content=\"Starlite planerar musikstad i Estepona\" \/>\n<meta property=\"og:description\" content=\"Under tolv \u00e5rs tid har Festival Starlite Occident festival arrangerats i det gamla stenbrottet Nag\u00fceles i Marbella. Nu finns det planer p\u00e5 att bygga upp en musikstad med utomhusscen, konsertsal, inspelningsstudior, hotell och konferensanl\u00e4ggning i Estepona. Publikkapaciteten \u00f6kar fr\u00e5n 3.500 till 15.000.\" \/>\n<meta property=\"og:url\" content=\"https:\/\/lightweb.dev\/l\/svm-temp\/nyheter\/starlite-planerar-musikstad-i-estepona\/\" \/>\n<meta property=\"og:site_name\" content=\"Svenska Magasinet\" \/>\n<meta property=\"article:publisher\" content=\"https:\/\/www.facebook.com\/svenskamagasinet\" \/>\n<meta property=\"article:published_time\" content=\"2023-12-29T10:28:10+00:00\" \/>\n<meta property=\"og:image\" content=\"https:\/\/lightweb.dev\/l\/svm-temp\/wp-content\/uploads\/2023\/12\/Starlite02-stor.jpeg\" \/>\n\t<meta property=\"og:image:width\" content=\"1280\" \/>\n\t<meta property=\"og:image:height\" content=\"556\" \/>\n\t<meta property=\"og:image:type\" content=\"image\/jpeg\" \/>\n<meta name=\"author\" content=\"Ola Josefsson\" \/>\n<meta name=\"twitter:card\" content=\"summary_large_image\" \/>\n<meta name=\"twitter:creator\" content=\"@SvenskaMagasine\" \/>\n<meta name=\"twitter:site\" content=\"@SvenskaMagasine\" \/>\n<script type=\"application\/ld+json\" class=\"yoast-schema-graph\">{\"@context\":\"https:\\\/\\\/schema.org\",\"@graph\":[{\"@type\":\"Article\",\"@id\":\"https:\\\/\\\/lightweb.dev\\\/l\\\/svm-temp\\\/nyheter\\\/starlite-planerar-musikstad-i-estepona\\\/#article\",\"isPartOf\":{\"@id\":\"https:\\\/\\\/lightweb.dev\\\/l\\\/svm-temp\\\/nyheter\\\/starlite-planerar-musikstad-i-estepona\\\/\"},\"author\":{\"name\":\"Ola Josefsson\",\"@id\":\"https:\\\/\\\/lightweb.dev\\\/l\\\/svm-temp\\\/#\\\/schema\\\/person\\\/7a82b8a73d171d32360a564b6d03508e\"},\"headline\":\"Starlite planerar musikstad i Estepona\",\"datePublished\":\"2023-12-29T10:28:10+00:00\",\"mainEntityOfPage\":{\"@id\":\"https:\\\/\\\/lightweb.dev\\\/l\\\/svm-temp\\\/nyheter\\\/starlite-planerar-musikstad-i-estepona\\\/\"},\"wordCount\":252,\"publisher\":{\"@id\":\"https:\\\/\\\/lightweb.dev\\\/l\\\/svm-temp\\\/#organization\"},\"image\":{\"@id\":\"https:\\\/\\\/lightweb.dev\\\/l\\\/svm-temp\\\/nyheter\\\/starlite-planerar-musikstad-i-estepona\\\/#primaryimage\"},\"thumbnailUrl\":\"https:\\\/\\\/lightweb.dev\\\/l\\\/svm-temp\\\/wp-content\\\/uploads\\\/2023\\\/12\\\/Starlite02-stor.jpeg\",\"articleSection\":[\"Arkiv\",\"Nyheter\"],\"inLanguage\":\"sv-SE\"},{\"@type\":\"WebPage\",\"@id\":\"https:\\\/\\\/lightweb.dev\\\/l\\\/svm-temp\\\/nyheter\\\/starlite-planerar-musikstad-i-estepona\\\/\",\"url\":\"https:\\\/\\\/lightweb.dev\\\/l\\\/svm-temp\\\/nyheter\\\/starlite-planerar-musikstad-i-estepona\\\/\",\"name\":\"Starlite planerar musikstad i Estepona - Svenska Magasinet\",\"isPartOf\":{\"@id\":\"https:\\\/\\\/lightweb.dev\\\/l\\\/svm-temp\\\/#website\"},\"primaryImageOfPage\":{\"@id\":\"https:\\\/\\\/lightweb.dev\\\/l\\\/svm-temp\\\/nyheter\\\/starlite-planerar-musikstad-i-estepona\\\/#primaryimage\"},\"image\":{\"@id\":\"https:\\\/\\\/lightweb.dev\\\/l\\\/svm-temp\\\/nyheter\\\/starlite-planerar-musikstad-i-estepona\\\/#primaryimage\"},\"thumbnailUrl\":\"https:\\\/\\\/lightweb.dev\\\/l\\\/svm-temp\\\/wp-content\\\/uploads\\\/2023\\\/12\\\/Starlite02-stor.jpeg\",\"datePublished\":\"2023-12-29T10:28:10+00:00\",\"description\":\"Under tolv \u00e5rs tid har Festival Starlite Occident festival arrangerats i det gamla stenbrottet Nag\u00fceles i Marbella. Nu finns det planer p\u00e5 att bygga upp en musikstad med utomhusscen, konsertsal, inspelningsstudior, hotell och konferensanl\u00e4ggning i Estepona. Publikkapaciteten \u00f6kar fr\u00e5n 3.500 till 15.000.\",\"breadcrumb\":{\"@id\":\"https:\\\/\\\/lightweb.dev\\\/l\\\/svm-temp\\\/nyheter\\\/starlite-planerar-musikstad-i-estepona\\\/#breadcrumb\"},\"inLanguage\":\"sv-SE\",\"potentialAction\":[{\"@type\":\"ReadAction\",\"target\":[\"https:\\\/\\\/lightweb.dev\\\/l\\\/svm-temp\\\/nyheter\\\/starlite-planerar-musikstad-i-estepona\\\/\"]}]},{\"@type\":\"ImageObject\",\"inLanguage\":\"sv-SE\",\"@id\":\"https:\\\/\\\/lightweb.dev\\\/l\\\/svm-temp\\\/nyheter\\\/starlite-planerar-musikstad-i-estepona\\\/#primaryimage\",\"url\":\"https:\\\/\\\/lightweb.dev\\\/l\\\/svm-temp\\\/wp-content\\\/uploads\\\/2023\\\/12\\\/Starlite02-stor.jpeg\",\"contentUrl\":\"https:\\\/\\\/lightweb.dev\\\/l\\\/svm-temp\\\/wp-content\\\/uploads\\\/2023\\\/12\\\/Starlite02-stor.jpeg\",\"width\":1280,\"height\":556,\"caption\":\"(Foto: Starlite)\"},{\"@type\":\"BreadcrumbList\",\"@id\":\"https:\\\/\\\/lightweb.dev\\\/l\\\/svm-temp\\\/nyheter\\\/starlite-planerar-musikstad-i-estepona\\\/#breadcrumb\",\"itemListElement\":[{\"@type\":\"ListItem\",\"position\":1,\"name\":\"Hem\",\"item\":\"https:\\\/\\\/lightweb.dev\\\/l\\\/svm-temp\\\/\"},{\"@type\":\"ListItem\",\"position\":2,\"name\":\"Starlite planerar musikstad i Estepona\"}]},{\"@type\":\"WebSite\",\"@id\":\"https:\\\/\\\/lightweb.dev\\\/l\\\/svm-temp\\\/#website\",\"url\":\"https:\\\/\\\/lightweb.dev\\\/l\\\/svm-temp\\\/\",\"name\":\"Svenska Magasinet\",\"description\":\"Dina Spanska nyheter p&aring; Svenska\",\"publisher\":{\"@id\":\"https:\\\/\\\/lightweb.dev\\\/l\\\/svm-temp\\\/#organization\"},\"potentialAction\":[{\"@type\":\"SearchAction\",\"target\":{\"@type\":\"EntryPoint\",\"urlTemplate\":\"https:\\\/\\\/lightweb.dev\\\/l\\\/svm-temp\\\/?s={search_term_string}\"},\"query-input\":{\"@type\":\"PropertyValueSpecification\",\"valueRequired\":true,\"valueName\":\"search_term_string\"}}],\"inLanguage\":\"sv-SE\"},{\"@type\":\"Organization\",\"@id\":\"https:\\\/\\\/lightweb.dev\\\/l\\\/svm-temp\\\/#organization\",\"name\":\"Melkerson y Nott SL\",\"alternateName\":\"Svenska Magasinet\",\"url\":\"https:\\\/\\\/lightweb.dev\\\/l\\\/svm-temp\\\/\",\"logo\":{\"@type\":\"ImageObject\",\"inLanguage\":\"sv-SE\",\"@id\":\"https:\\\/\\\/lightweb.dev\\\/l\\\/svm-temp\\\/#\\\/schema\\\/logo\\\/image\\\/\",\"url\":\"https:\\\/\\\/lightweb.dev\\\/l\\\/svm-temp\\\/wp-content\\\/uploads\\\/2025\\\/02\\\/SvM-logo-Xtra-Centrerad-SVART.png\",\"contentUrl\":\"https:\\\/\\\/lightweb.dev\\\/l\\\/svm-temp\\\/wp-content\\\/uploads\\\/2025\\\/02\\\/SvM-logo-Xtra-Centrerad-SVART.png\",\"width\":300,\"height\":99,\"caption\":\"Melkerson y Nott SL\"},\"image\":{\"@id\":\"https:\\\/\\\/lightweb.dev\\\/l\\\/svm-temp\\\/#\\\/schema\\\/logo\\\/image\\\/\"},\"sameAs\":[\"https:\\\/\\\/www.facebook.com\\\/svenskamagasinet\",\"https:\\\/\\\/x.com\\\/SvenskaMagasine\"]},{\"@type\":\"Person\",\"@id\":\"https:\\\/\\\/lightweb.dev\\\/l\\\/svm-temp\\\/#\\\/schema\\\/person\\\/7a82b8a73d171d32360a564b6d03508e\",\"name\":\"Ola Josefsson\",\"description\":\"Bevakar Solkusten och Spanien sedan 1994.\",\"sameAs\":[\"https:\\\/\\\/lightweb.dev\\\/l\\\/svm-temp\"],\"url\":\"https:\\\/\\\/lightweb.dev\\\/l\\\/svm-temp\\\/reporter\\\/ola-josefsson\\\/\"}]}<\/script>\n<!-- \/ Yoast SEO Premium plugin. -->","yoast_head_json":{"title":"Starlite planerar musikstad i Estepona - Svenska Magasinet","description":"Under tolv \u00e5rs tid har Festival Starlite Occident festival arrangerats i det gamla stenbrottet Nag\u00fceles i Marbella. Nu finns det planer p\u00e5 att bygga upp en musikstad med utomhusscen, konsertsal, inspelningsstudior, hotell och konferensanl\u00e4ggning i Estepona. Publikkapaciteten \u00f6kar fr\u00e5n 3.500 till 15.000.","robots":{"index":"noindex","follow":"follow","max-snippet":"max-snippet:-1","max-image-preview":"max-image-preview:large","max-video-preview":"max-video-preview:-1"},"og_locale":"sv_SE","og_type":"article","og_title":"Starlite planerar musikstad i Estepona","og_description":"Under tolv \u00e5rs tid har Festival Starlite Occident festival arrangerats i det gamla stenbrottet Nag\u00fceles i Marbella. Nu finns det planer p\u00e5 att bygga upp en musikstad med utomhusscen, konsertsal, inspelningsstudior, hotell och konferensanl\u00e4ggning i Estepona. Publikkapaciteten \u00f6kar fr\u00e5n 3.500 till 15.000.","og_url":"https:\/\/lightweb.dev\/l\/svm-temp\/nyheter\/starlite-planerar-musikstad-i-estepona\/","og_site_name":"Svenska Magasinet","article_publisher":"https:\/\/www.facebook.com\/svenskamagasinet","article_published_time":"2023-12-29T10:28:10+00:00","og_image":[{"width":1280,"height":556,"url":"https:\/\/lightweb.dev\/l\/svm-temp\/wp-content\/uploads\/2023\/12\/Starlite02-stor.jpeg","type":"image\/jpeg"}],"author":"Ola Josefsson","twitter_card":"summary_large_image","twitter_creator":"@SvenskaMagasine","twitter_site":"@SvenskaMagasine","schema":{"@context":"https:\/\/schema.org","@graph":[{"@type":"Article","@id":"https:\/\/lightweb.dev\/l\/svm-temp\/nyheter\/starlite-planerar-musikstad-i-estepona\/#article","isPartOf":{"@id":"https:\/\/lightweb.dev\/l\/svm-temp\/nyheter\/starlite-planerar-musikstad-i-estepona\/"},"author":{"name":"Ola Josefsson","@id":"https:\/\/lightweb.dev\/l\/svm-temp\/#\/schema\/person\/7a82b8a73d171d32360a564b6d03508e"},"headline":"Starlite planerar musikstad i Estepona","datePublished":"2023-12-29T10:28:10+00:00","mainEntityOfPage":{"@id":"https:\/\/lightweb.dev\/l\/svm-temp\/nyheter\/starlite-planerar-musikstad-i-estepona\/"},"wordCount":252,"publisher":{"@id":"https:\/\/lightweb.dev\/l\/svm-temp\/#organization"},"image":{"@id":"https:\/\/lightweb.dev\/l\/svm-temp\/nyheter\/starlite-planerar-musikstad-i-estepona\/#primaryimage"},"thumbnailUrl":"https:\/\/lightweb.dev\/l\/svm-temp\/wp-content\/uploads\/2023\/12\/Starlite02-stor.jpeg","articleSection":["Arkiv","Nyheter"],"inLanguage":"sv-SE"},{"@type":"WebPage","@id":"https:\/\/lightweb.dev\/l\/svm-temp\/nyheter\/starlite-planerar-musikstad-i-estepona\/","url":"https:\/\/lightweb.dev\/l\/svm-temp\/nyheter\/starlite-planerar-musikstad-i-estepona\/","name":"Starlite planerar musikstad i Estepona - Svenska Magasinet","isPartOf":{"@id":"https:\/\/lightweb.dev\/l\/svm-temp\/#website"},"primaryImageOfPage":{"@id":"https:\/\/lightweb.dev\/l\/svm-temp\/nyheter\/starlite-planerar-musikstad-i-estepona\/#primaryimage"},"image":{"@id":"https:\/\/lightweb.dev\/l\/svm-temp\/nyheter\/starlite-planerar-musikstad-i-estepona\/#primaryimage"},"thumbnailUrl":"https:\/\/lightweb.dev\/l\/svm-temp\/wp-content\/uploads\/2023\/12\/Starlite02-stor.jpeg","datePublished":"2023-12-29T10:28:10+00:00","description":"Under tolv \u00e5rs tid har Festival Starlite Occident festival arrangerats i det gamla stenbrottet Nag\u00fceles i Marbella. Nu finns det planer p\u00e5 att bygga upp en musikstad med utomhusscen, konsertsal, inspelningsstudior, hotell och konferensanl\u00e4ggning i Estepona. Publikkapaciteten \u00f6kar fr\u00e5n 3.500 till 15.000.","breadcrumb":{"@id":"https:\/\/lightweb.dev\/l\/svm-temp\/nyheter\/starlite-planerar-musikstad-i-estepona\/#breadcrumb"},"inLanguage":"sv-SE","potentialAction":[{"@type":"ReadAction","target":["https:\/\/lightweb.dev\/l\/svm-temp\/nyheter\/starlite-planerar-musikstad-i-estepona\/"]}]},{"@type":"ImageObject","inLanguage":"sv-SE","@id":"https:\/\/lightweb.dev\/l\/svm-temp\/nyheter\/starlite-planerar-musikstad-i-estepona\/#primaryimage","url":"https:\/\/lightweb.dev\/l\/svm-temp\/wp-content\/uploads\/2023\/12\/Starlite02-stor.jpeg","contentUrl":"https:\/\/lightweb.dev\/l\/svm-temp\/wp-content\/uploads\/2023\/12\/Starlite02-stor.jpeg","width":1280,"height":556,"caption":"(Foto: Starlite)"},{"@type":"BreadcrumbList","@id":"https:\/\/lightweb.dev\/l\/svm-temp\/nyheter\/starlite-planerar-musikstad-i-estepona\/#breadcrumb","itemListElement":[{"@type":"ListItem","position":1,"name":"Hem","item":"https:\/\/lightweb.dev\/l\/svm-temp\/"},{"@type":"ListItem","position":2,"name":"Starlite planerar musikstad i Estepona"}]},{"@type":"WebSite","@id":"https:\/\/lightweb.dev\/l\/svm-temp\/#website","url":"https:\/\/lightweb.dev\/l\/svm-temp\/","name":"Svenska Magasinet","description":"Dina Spanska nyheter p&aring; Svenska","publisher":{"@id":"https:\/\/lightweb.dev\/l\/svm-temp\/#organization"},"potentialAction":[{"@type":"SearchAction","target":{"@type":"EntryPoint","urlTemplate":"https:\/\/lightweb.dev\/l\/svm-temp\/?s={search_term_string}"},"query-input":{"@type":"PropertyValueSpecification","valueRequired":true,"valueName":"search_term_string"}}],"inLanguage":"sv-SE"},{"@type":"Organization","@id":"https:\/\/lightweb.dev\/l\/svm-temp\/#organization","name":"Melkerson y Nott SL","alternateName":"Svenska Magasinet","url":"https:\/\/lightweb.dev\/l\/svm-temp\/","logo":{"@type":"ImageObject","inLanguage":"sv-SE","@id":"https:\/\/lightweb.dev\/l\/svm-temp\/#\/schema\/logo\/image\/","url":"https:\/\/lightweb.dev\/l\/svm-temp\/wp-content\/uploads\/2025\/02\/SvM-logo-Xtra-Centrerad-SVART.png","contentUrl":"https:\/\/lightweb.dev\/l\/svm-temp\/wp-content\/uploads\/2025\/02\/SvM-logo-Xtra-Centrerad-SVART.png","width":300,"height":99,"caption":"Melkerson y Nott SL"},"image":{"@id":"https:\/\/lightweb.dev\/l\/svm-temp\/#\/schema\/logo\/image\/"},"sameAs":["https:\/\/www.facebook.com\/svenskamagasinet","https:\/\/x.com\/SvenskaMagasine"]},{"@type":"Person","@id":"https:\/\/lightweb.dev\/l\/svm-temp\/#\/schema\/person\/7a82b8a73d171d32360a564b6d03508e","name":"Ola Josefsson","description":"Bevakar Solkusten och Spanien sedan 1994.","sameAs":["https:\/\/lightweb.dev\/l\/svm-temp"],"url":"https:\/\/lightweb.dev\/l\/svm-temp\/reporter\/ola-josefsson\/"}]}},"_links":{"self":[{"href":"https:\/\/lightweb.dev\/l\/svm-temp\/wp-json\/wp\/v2\/posts\/68598","targetHints":{"allow":["GET"]}}],"collection":[{"href":"https:\/\/lightweb.dev\/l\/svm-temp\/wp-json\/wp\/v2\/posts"}],"about":[{"href":"https:\/\/lightweb.dev\/l\/svm-temp\/wp-json\/wp\/v2\/types\/post"}],"author":[{"embeddable":true,"href":"https:\/\/lightweb.dev\/l\/svm-temp\/wp-json\/wp\/v2\/users\/7"}],"replies":[{"embeddable":true,"href":"https:\/\/lightweb.dev\/l\/svm-temp\/wp-json\/wp\/v2\/comments?post=68598"}],"version-history":[{"count":0,"href":"https:\/\/lightweb.dev\/l\/svm-temp\/wp-json\/wp\/v2\/posts\/68598\/revisions"}],"wp:featuredmedia":[{"embeddable":true,"href":"https:\/\/lightweb.dev\/l\/svm-temp\/wp-json\/wp\/v2\/media\/68599"}],"wp:attachment":[{"href":"https:\/\/lightweb.dev\/l\/svm-temp\/wp-json\/wp\/v2\/media?parent=68598"}],"wp:term":[{"taxonomy":"category","embeddable":true,"href":"https:\/\/lightweb.dev\/l\/svm-temp\/wp-json\/wp\/v2\/categories?post=68598"},{"taxonomy":"post_tag","embeddable":true,"href":"https:\/\/lightweb.dev\/l\/svm-temp\/wp-json\/wp\/v2\/tags?post=68598"}],"curies":[{"name":"wp","href":"https:\/\/api.w.org\/{rel}","templated":true}]}}