{"id":68626,"date":"2024-01-02T10:43:01","date_gmt":"2024-01-02T09:43:01","guid":{"rendered":"https:\/\/lightweb.dev\/l\/svm-temp\/?p=68626"},"modified":"2024-01-02T10:43:01","modified_gmt":"2024-01-02T09:43:01","slug":"288-meter-hog-panoramahiss-byggs-i-la-carihuela","status":"publish","type":"post","link":"https:\/\/lightweb.dev\/l\/svm-temp\/nyheter\/288-meter-hog-panoramahiss-byggs-i-la-carihuela\/","title":{"rendered":"28,8 meter h\u00f6g panoramahiss byggs i La Carihuela"},"content":{"rendered":"<p><strong>Just nu p\u00e5g\u00e5r arbetet med att f\u00e4rdigst\u00e4lla en 28,8 meter h\u00f6g panoramahiss som ska f\u00f6rb\u00e4ttra kommunikationen f\u00f6r g\u00e5ngtrafikanter mellan Parque de La Bater\u00eda och stranden nedanf\u00f6r Montemar-kvarteren i La Carihuela i sydv\u00e4stra delen av Torremolinos.<\/strong><\/p>\n<p>Parque de La Bater\u00eda \u00e4r ett trevligt utflyktsm\u00e5l som lockar barnfamiljer och m\u00e5nga andra. H\u00e4r finns en konstgjord sj\u00f6 med b\u00e5tar och lekplatser f\u00f6r barn.<\/p>\n<p><img loading=\"lazy\" decoding=\"async\" class=\"size-medium wp-image-68628 alignleft\" src=\"https:\/\/lightweb.dev\/l\/svm-temp\/wp-content\/uploads\/2024\/01\/F8JfX7XWkAENazC-stor-300x225.jpeg\" alt=\"\" width=\"300\" height=\"225\" srcset=\"https:\/\/lightweb.dev\/l\/svm-temp\/wp-content\/uploads\/2024\/01\/F8JfX7XWkAENazC-stor-300x225.jpeg 300w, https:\/\/lightweb.dev\/l\/svm-temp\/wp-content\/uploads\/2024\/01\/F8JfX7XWkAENazC-stor-900x675.jpeg 900w, https:\/\/lightweb.dev\/l\/svm-temp\/wp-content\/uploads\/2024\/01\/F8JfX7XWkAENazC-stor-768x576.jpeg 768w, https:\/\/lightweb.dev\/l\/svm-temp\/wp-content\/uploads\/2024\/01\/F8JfX7XWkAENazC-stor-610x458.jpeg 610w, https:\/\/lightweb.dev\/l\/svm-temp\/wp-content\/uploads\/2024\/01\/F8JfX7XWkAENazC-stor-1080x810.jpeg 1080w, https:\/\/lightweb.dev\/l\/svm-temp\/wp-content\/uploads\/2024\/01\/F8JfX7XWkAENazC-stor-600x450.jpeg 600w, https:\/\/lightweb.dev\/l\/svm-temp\/wp-content\/uploads\/2024\/01\/F8JfX7XWkAENazC-stor.jpeg 1280w\" sizes=\"(max-width: 300px) 100vw, 300px\" \/><\/p>\n<p>Nu ska det bli l\u00e4ttare att n\u00e5 parken fr\u00e5n havssidan med en panoramahis med plats f\u00f6r \u00e5tta personer upph\u00f6rs vid avenida Carlota Alessandri, till en kostnad av 900.000 euro. Sedan tidigare finns det bara en ing\u00e5ng till parken fr\u00e5n avenida del Carmelo.<\/p>\n<p>Panoramahissen ligger bara ett stycke ifr\u00e5n AHN:s lokalf\u00f6rening Torremolinos-Benalm\u00e1dena.<\/p>\n<p>&#8211; Det \u00e4r ett viktigt projekt som tyv\u00e4rr har blivit f\u00f6rsenat sedan 2017. Panoramahissen ska f\u00f6rb\u00e4ttra tillg\u00e4ngligheten till parken, s\u00e4ger borgm\u00e4staren Margarita del Cid.<\/p>\n<p>Det \u00e4r den f\u00f6rsta \u00e5tg\u00e4rden av flera som inf\u00f6rs f\u00f6r att f\u00f6rb\u00e4ttra tillg\u00e4ngligheten i Torremolinos och f\u00f6rb\u00e4ttra f\u00f6r g\u00e5ngtrafikanter.<\/p>\n","protected":false},"excerpt":{"rendered":"<p>Just nu p\u00e5g\u00e5r arbetet med att f\u00e4rdigst\u00e4lla en 28,8 meter h\u00f6g panoramahiss som ska f\u00f6rb\u00e4ttra kommunikationen f\u00f6r g\u00e5ngtrafikanter mellan Parque de La Bater\u00eda och stranden nedanf\u00f6r Montemar-kvarteren i La Carihuela&#8230;<\/p>\n","protected":false},"author":7,"featured_media":68627,"comment_status":"closed","ping_status":"closed","sticky":false,"template":"","format":"standard","meta":{"_et_pb_use_builder":"","_et_pb_old_content":"","_et_gb_content_width":"","footnotes":""},"categories":[395,3],"tags":[],"class_list":["post-68626","post","type-post","status-publish","format-standard","has-post-thumbnail","hentry","category-arkiv-nyheter","category-nyheter"],"yoast_head":"<!-- This site is optimized with the Yoast SEO Premium plugin v26.2 (Yoast SEO v27.4) - https:\/\/yoast.com\/product\/yoast-seo-premium-wordpress\/ -->\n<title>28,8 meter h\u00f6g panoramahiss byggs i La Carihuela - Svenska Magasinet<\/title>\n<meta name=\"description\" content=\"Just nu p\u00e5g\u00e5r arbetet med att f\u00e4rdigst\u00e4lla en 28,8 meter h\u00f6g panoramahiss som ska f\u00f6rb\u00e4ttra kommunikationen f\u00f6r g\u00e5ngtrafikanter mellan Parque de La Bater\u00eda och stranden nedanf\u00f6r Montemar-kvarteren i La Carihuela i sydv\u00e4stra delen av Torremolinos.\" \/>\n<meta name=\"robots\" content=\"noindex, follow, max-snippet:-1, max-image-preview:large, max-video-preview:-1\" \/>\n<meta property=\"og:locale\" content=\"sv_SE\" \/>\n<meta property=\"og:type\" content=\"article\" \/>\n<meta property=\"og:title\" content=\"28,8 meter h\u00f6g panoramahiss byggs i La Carihuela\" \/>\n<meta property=\"og:description\" content=\"Just nu p\u00e5g\u00e5r arbetet med att f\u00e4rdigst\u00e4lla en 28,8 meter h\u00f6g panoramahiss som ska f\u00f6rb\u00e4ttra kommunikationen f\u00f6r g\u00e5ngtrafikanter mellan Parque de La Bater\u00eda och stranden nedanf\u00f6r Montemar-kvarteren i La Carihuela i sydv\u00e4stra delen av Torremolinos.\" \/>\n<meta property=\"og:url\" content=\"https:\/\/lightweb.dev\/l\/svm-temp\/nyheter\/288-meter-hog-panoramahiss-byggs-i-la-carihuela\/\" \/>\n<meta property=\"og:site_name\" content=\"Svenska Magasinet\" \/>\n<meta property=\"article:publisher\" content=\"https:\/\/www.facebook.com\/svenskamagasinet\" \/>\n<meta property=\"article:published_time\" content=\"2024-01-02T09:43:01+00:00\" \/>\n<meta property=\"og:image\" content=\"https:\/\/lightweb.dev\/l\/svm-temp\/wp-content\/uploads\/2024\/01\/IMG_2083-stor.jpeg\" \/>\n\t<meta property=\"og:image:width\" content=\"1280\" \/>\n\t<meta property=\"og:image:height\" content=\"960\" \/>\n\t<meta property=\"og:image:type\" content=\"image\/jpeg\" \/>\n<meta name=\"author\" content=\"Ola Josefsson\" \/>\n<meta name=\"twitter:card\" content=\"summary_large_image\" \/>\n<meta name=\"twitter:creator\" content=\"@SvenskaMagasine\" \/>\n<meta name=\"twitter:site\" content=\"@SvenskaMagasine\" \/>\n<script type=\"application\/ld+json\" class=\"yoast-schema-graph\">{\"@context\":\"https:\\\/\\\/schema.org\",\"@graph\":[{\"@type\":\"Article\",\"@id\":\"https:\\\/\\\/lightweb.dev\\\/l\\\/svm-temp\\\/nyheter\\\/288-meter-hog-panoramahiss-byggs-i-la-carihuela\\\/#article\",\"isPartOf\":{\"@id\":\"https:\\\/\\\/lightweb.dev\\\/l\\\/svm-temp\\\/nyheter\\\/288-meter-hog-panoramahiss-byggs-i-la-carihuela\\\/\"},\"author\":{\"name\":\"Ola Josefsson\",\"@id\":\"https:\\\/\\\/lightweb.dev\\\/l\\\/svm-temp\\\/#\\\/schema\\\/person\\\/7a82b8a73d171d32360a564b6d03508e\"},\"headline\":\"28,8 meter h\u00f6g panoramahiss byggs i La Carihuela\",\"datePublished\":\"2024-01-02T09:43:01+00:00\",\"mainEntityOfPage\":{\"@id\":\"https:\\\/\\\/lightweb.dev\\\/l\\\/svm-temp\\\/nyheter\\\/288-meter-hog-panoramahiss-byggs-i-la-carihuela\\\/\"},\"wordCount\":205,\"publisher\":{\"@id\":\"https:\\\/\\\/lightweb.dev\\\/l\\\/svm-temp\\\/#organization\"},\"image\":{\"@id\":\"https:\\\/\\\/lightweb.dev\\\/l\\\/svm-temp\\\/nyheter\\\/288-meter-hog-panoramahiss-byggs-i-la-carihuela\\\/#primaryimage\"},\"thumbnailUrl\":\"https:\\\/\\\/lightweb.dev\\\/l\\\/svm-temp\\\/wp-content\\\/uploads\\\/2024\\\/01\\\/IMG_2083-stor.jpeg\",\"articleSection\":[\"Arkiv\",\"Nyheter\"],\"inLanguage\":\"sv-SE\"},{\"@type\":\"WebPage\",\"@id\":\"https:\\\/\\\/lightweb.dev\\\/l\\\/svm-temp\\\/nyheter\\\/288-meter-hog-panoramahiss-byggs-i-la-carihuela\\\/\",\"url\":\"https:\\\/\\\/lightweb.dev\\\/l\\\/svm-temp\\\/nyheter\\\/288-meter-hog-panoramahiss-byggs-i-la-carihuela\\\/\",\"name\":\"28,8 meter h\u00f6g panoramahiss byggs i La Carihuela - Svenska Magasinet\",\"isPartOf\":{\"@id\":\"https:\\\/\\\/lightweb.dev\\\/l\\\/svm-temp\\\/#website\"},\"primaryImageOfPage\":{\"@id\":\"https:\\\/\\\/lightweb.dev\\\/l\\\/svm-temp\\\/nyheter\\\/288-meter-hog-panoramahiss-byggs-i-la-carihuela\\\/#primaryimage\"},\"image\":{\"@id\":\"https:\\\/\\\/lightweb.dev\\\/l\\\/svm-temp\\\/nyheter\\\/288-meter-hog-panoramahiss-byggs-i-la-carihuela\\\/#primaryimage\"},\"thumbnailUrl\":\"https:\\\/\\\/lightweb.dev\\\/l\\\/svm-temp\\\/wp-content\\\/uploads\\\/2024\\\/01\\\/IMG_2083-stor.jpeg\",\"datePublished\":\"2024-01-02T09:43:01+00:00\",\"description\":\"Just nu p\u00e5g\u00e5r arbetet med att f\u00e4rdigst\u00e4lla en 28,8 meter h\u00f6g panoramahiss som ska f\u00f6rb\u00e4ttra kommunikationen f\u00f6r g\u00e5ngtrafikanter mellan Parque de La Bater\u00eda och stranden nedanf\u00f6r Montemar-kvarteren i La Carihuela i sydv\u00e4stra delen av Torremolinos.\",\"breadcrumb\":{\"@id\":\"https:\\\/\\\/lightweb.dev\\\/l\\\/svm-temp\\\/nyheter\\\/288-meter-hog-panoramahiss-byggs-i-la-carihuela\\\/#breadcrumb\"},\"inLanguage\":\"sv-SE\",\"potentialAction\":[{\"@type\":\"ReadAction\",\"target\":[\"https:\\\/\\\/lightweb.dev\\\/l\\\/svm-temp\\\/nyheter\\\/288-meter-hog-panoramahiss-byggs-i-la-carihuela\\\/\"]}]},{\"@type\":\"ImageObject\",\"inLanguage\":\"sv-SE\",\"@id\":\"https:\\\/\\\/lightweb.dev\\\/l\\\/svm-temp\\\/nyheter\\\/288-meter-hog-panoramahiss-byggs-i-la-carihuela\\\/#primaryimage\",\"url\":\"https:\\\/\\\/lightweb.dev\\\/l\\\/svm-temp\\\/wp-content\\\/uploads\\\/2024\\\/01\\\/IMG_2083-stor.jpeg\",\"contentUrl\":\"https:\\\/\\\/lightweb.dev\\\/l\\\/svm-temp\\\/wp-content\\\/uploads\\\/2024\\\/01\\\/IMG_2083-stor.jpeg\",\"width\":1280,\"height\":960},{\"@type\":\"BreadcrumbList\",\"@id\":\"https:\\\/\\\/lightweb.dev\\\/l\\\/svm-temp\\\/nyheter\\\/288-meter-hog-panoramahiss-byggs-i-la-carihuela\\\/#breadcrumb\",\"itemListElement\":[{\"@type\":\"ListItem\",\"position\":1,\"name\":\"Hem\",\"item\":\"https:\\\/\\\/lightweb.dev\\\/l\\\/svm-temp\\\/\"},{\"@type\":\"ListItem\",\"position\":2,\"name\":\"28,8 meter h\u00f6g panoramahiss byggs i La Carihuela\"}]},{\"@type\":\"WebSite\",\"@id\":\"https:\\\/\\\/lightweb.dev\\\/l\\\/svm-temp\\\/#website\",\"url\":\"https:\\\/\\\/lightweb.dev\\\/l\\\/svm-temp\\\/\",\"name\":\"Svenska Magasinet\",\"description\":\"Dina Spanska nyheter p&aring; Svenska\",\"publisher\":{\"@id\":\"https:\\\/\\\/lightweb.dev\\\/l\\\/svm-temp\\\/#organization\"},\"potentialAction\":[{\"@type\":\"SearchAction\",\"target\":{\"@type\":\"EntryPoint\",\"urlTemplate\":\"https:\\\/\\\/lightweb.dev\\\/l\\\/svm-temp\\\/?s={search_term_string}\"},\"query-input\":{\"@type\":\"PropertyValueSpecification\",\"valueRequired\":true,\"valueName\":\"search_term_string\"}}],\"inLanguage\":\"sv-SE\"},{\"@type\":\"Organization\",\"@id\":\"https:\\\/\\\/lightweb.dev\\\/l\\\/svm-temp\\\/#organization\",\"name\":\"Melkerson y Nott SL\",\"alternateName\":\"Svenska Magasinet\",\"url\":\"https:\\\/\\\/lightweb.dev\\\/l\\\/svm-temp\\\/\",\"logo\":{\"@type\":\"ImageObject\",\"inLanguage\":\"sv-SE\",\"@id\":\"https:\\\/\\\/lightweb.dev\\\/l\\\/svm-temp\\\/#\\\/schema\\\/logo\\\/image\\\/\",\"url\":\"https:\\\/\\\/lightweb.dev\\\/l\\\/svm-temp\\\/wp-content\\\/uploads\\\/2025\\\/02\\\/SvM-logo-Xtra-Centrerad-SVART.png\",\"contentUrl\":\"https:\\\/\\\/lightweb.dev\\\/l\\\/svm-temp\\\/wp-content\\\/uploads\\\/2025\\\/02\\\/SvM-logo-Xtra-Centrerad-SVART.png\",\"width\":300,\"height\":99,\"caption\":\"Melkerson y Nott SL\"},\"image\":{\"@id\":\"https:\\\/\\\/lightweb.dev\\\/l\\\/svm-temp\\\/#\\\/schema\\\/logo\\\/image\\\/\"},\"sameAs\":[\"https:\\\/\\\/www.facebook.com\\\/svenskamagasinet\",\"https:\\\/\\\/x.com\\\/SvenskaMagasine\"]},{\"@type\":\"Person\",\"@id\":\"https:\\\/\\\/lightweb.dev\\\/l\\\/svm-temp\\\/#\\\/schema\\\/person\\\/7a82b8a73d171d32360a564b6d03508e\",\"name\":\"Ola Josefsson\",\"description\":\"Bevakar Solkusten och Spanien sedan 1994.\",\"sameAs\":[\"https:\\\/\\\/lightweb.dev\\\/l\\\/svm-temp\"],\"url\":\"https:\\\/\\\/lightweb.dev\\\/l\\\/svm-temp\\\/reporter\\\/ola-josefsson\\\/\"}]}<\/script>\n<!-- \/ Yoast SEO Premium plugin. -->","yoast_head_json":{"title":"28,8 meter h\u00f6g panoramahiss byggs i La Carihuela - Svenska Magasinet","description":"Just nu p\u00e5g\u00e5r arbetet med att f\u00e4rdigst\u00e4lla en 28,8 meter h\u00f6g panoramahiss som ska f\u00f6rb\u00e4ttra kommunikationen f\u00f6r g\u00e5ngtrafikanter mellan Parque de La Bater\u00eda och stranden nedanf\u00f6r Montemar-kvarteren i La Carihuela i sydv\u00e4stra delen av Torremolinos.","robots":{"index":"noindex","follow":"follow","max-snippet":"max-snippet:-1","max-image-preview":"max-image-preview:large","max-video-preview":"max-video-preview:-1"},"og_locale":"sv_SE","og_type":"article","og_title":"28,8 meter h\u00f6g panoramahiss byggs i La Carihuela","og_description":"Just nu p\u00e5g\u00e5r arbetet med att f\u00e4rdigst\u00e4lla en 28,8 meter h\u00f6g panoramahiss som ska f\u00f6rb\u00e4ttra kommunikationen f\u00f6r g\u00e5ngtrafikanter mellan Parque de La Bater\u00eda och stranden nedanf\u00f6r Montemar-kvarteren i La Carihuela i sydv\u00e4stra delen av Torremolinos.","og_url":"https:\/\/lightweb.dev\/l\/svm-temp\/nyheter\/288-meter-hog-panoramahiss-byggs-i-la-carihuela\/","og_site_name":"Svenska Magasinet","article_publisher":"https:\/\/www.facebook.com\/svenskamagasinet","article_published_time":"2024-01-02T09:43:01+00:00","og_image":[{"width":1280,"height":960,"url":"https:\/\/lightweb.dev\/l\/svm-temp\/wp-content\/uploads\/2024\/01\/IMG_2083-stor.jpeg","type":"image\/jpeg"}],"author":"Ola Josefsson","twitter_card":"summary_large_image","twitter_creator":"@SvenskaMagasine","twitter_site":"@SvenskaMagasine","schema":{"@context":"https:\/\/schema.org","@graph":[{"@type":"Article","@id":"https:\/\/lightweb.dev\/l\/svm-temp\/nyheter\/288-meter-hog-panoramahiss-byggs-i-la-carihuela\/#article","isPartOf":{"@id":"https:\/\/lightweb.dev\/l\/svm-temp\/nyheter\/288-meter-hog-panoramahiss-byggs-i-la-carihuela\/"},"author":{"name":"Ola Josefsson","@id":"https:\/\/lightweb.dev\/l\/svm-temp\/#\/schema\/person\/7a82b8a73d171d32360a564b6d03508e"},"headline":"28,8 meter h\u00f6g panoramahiss byggs i La Carihuela","datePublished":"2024-01-02T09:43:01+00:00","mainEntityOfPage":{"@id":"https:\/\/lightweb.dev\/l\/svm-temp\/nyheter\/288-meter-hog-panoramahiss-byggs-i-la-carihuela\/"},"wordCount":205,"publisher":{"@id":"https:\/\/lightweb.dev\/l\/svm-temp\/#organization"},"image":{"@id":"https:\/\/lightweb.dev\/l\/svm-temp\/nyheter\/288-meter-hog-panoramahiss-byggs-i-la-carihuela\/#primaryimage"},"thumbnailUrl":"https:\/\/lightweb.dev\/l\/svm-temp\/wp-content\/uploads\/2024\/01\/IMG_2083-stor.jpeg","articleSection":["Arkiv","Nyheter"],"inLanguage":"sv-SE"},{"@type":"WebPage","@id":"https:\/\/lightweb.dev\/l\/svm-temp\/nyheter\/288-meter-hog-panoramahiss-byggs-i-la-carihuela\/","url":"https:\/\/lightweb.dev\/l\/svm-temp\/nyheter\/288-meter-hog-panoramahiss-byggs-i-la-carihuela\/","name":"28,8 meter h\u00f6g panoramahiss byggs i La Carihuela - Svenska Magasinet","isPartOf":{"@id":"https:\/\/lightweb.dev\/l\/svm-temp\/#website"},"primaryImageOfPage":{"@id":"https:\/\/lightweb.dev\/l\/svm-temp\/nyheter\/288-meter-hog-panoramahiss-byggs-i-la-carihuela\/#primaryimage"},"image":{"@id":"https:\/\/lightweb.dev\/l\/svm-temp\/nyheter\/288-meter-hog-panoramahiss-byggs-i-la-carihuela\/#primaryimage"},"thumbnailUrl":"https:\/\/lightweb.dev\/l\/svm-temp\/wp-content\/uploads\/2024\/01\/IMG_2083-stor.jpeg","datePublished":"2024-01-02T09:43:01+00:00","description":"Just nu p\u00e5g\u00e5r arbetet med att f\u00e4rdigst\u00e4lla en 28,8 meter h\u00f6g panoramahiss som ska f\u00f6rb\u00e4ttra kommunikationen f\u00f6r g\u00e5ngtrafikanter mellan Parque de La Bater\u00eda och stranden nedanf\u00f6r Montemar-kvarteren i La Carihuela i sydv\u00e4stra delen av Torremolinos.","breadcrumb":{"@id":"https:\/\/lightweb.dev\/l\/svm-temp\/nyheter\/288-meter-hog-panoramahiss-byggs-i-la-carihuela\/#breadcrumb"},"inLanguage":"sv-SE","potentialAction":[{"@type":"ReadAction","target":["https:\/\/lightweb.dev\/l\/svm-temp\/nyheter\/288-meter-hog-panoramahiss-byggs-i-la-carihuela\/"]}]},{"@type":"ImageObject","inLanguage":"sv-SE","@id":"https:\/\/lightweb.dev\/l\/svm-temp\/nyheter\/288-meter-hog-panoramahiss-byggs-i-la-carihuela\/#primaryimage","url":"https:\/\/lightweb.dev\/l\/svm-temp\/wp-content\/uploads\/2024\/01\/IMG_2083-stor.jpeg","contentUrl":"https:\/\/lightweb.dev\/l\/svm-temp\/wp-content\/uploads\/2024\/01\/IMG_2083-stor.jpeg","width":1280,"height":960},{"@type":"BreadcrumbList","@id":"https:\/\/lightweb.dev\/l\/svm-temp\/nyheter\/288-meter-hog-panoramahiss-byggs-i-la-carihuela\/#breadcrumb","itemListElement":[{"@type":"ListItem","position":1,"name":"Hem","item":"https:\/\/lightweb.dev\/l\/svm-temp\/"},{"@type":"ListItem","position":2,"name":"28,8 meter h\u00f6g panoramahiss byggs i La Carihuela"}]},{"@type":"WebSite","@id":"https:\/\/lightweb.dev\/l\/svm-temp\/#website","url":"https:\/\/lightweb.dev\/l\/svm-temp\/","name":"Svenska Magasinet","description":"Dina Spanska nyheter p&aring; Svenska","publisher":{"@id":"https:\/\/lightweb.dev\/l\/svm-temp\/#organization"},"potentialAction":[{"@type":"SearchAction","target":{"@type":"EntryPoint","urlTemplate":"https:\/\/lightweb.dev\/l\/svm-temp\/?s={search_term_string}"},"query-input":{"@type":"PropertyValueSpecification","valueRequired":true,"valueName":"search_term_string"}}],"inLanguage":"sv-SE"},{"@type":"Organization","@id":"https:\/\/lightweb.dev\/l\/svm-temp\/#organization","name":"Melkerson y Nott SL","alternateName":"Svenska Magasinet","url":"https:\/\/lightweb.dev\/l\/svm-temp\/","logo":{"@type":"ImageObject","inLanguage":"sv-SE","@id":"https:\/\/lightweb.dev\/l\/svm-temp\/#\/schema\/logo\/image\/","url":"https:\/\/lightweb.dev\/l\/svm-temp\/wp-content\/uploads\/2025\/02\/SvM-logo-Xtra-Centrerad-SVART.png","contentUrl":"https:\/\/lightweb.dev\/l\/svm-temp\/wp-content\/uploads\/2025\/02\/SvM-logo-Xtra-Centrerad-SVART.png","width":300,"height":99,"caption":"Melkerson y Nott SL"},"image":{"@id":"https:\/\/lightweb.dev\/l\/svm-temp\/#\/schema\/logo\/image\/"},"sameAs":["https:\/\/www.facebook.com\/svenskamagasinet","https:\/\/x.com\/SvenskaMagasine"]},{"@type":"Person","@id":"https:\/\/lightweb.dev\/l\/svm-temp\/#\/schema\/person\/7a82b8a73d171d32360a564b6d03508e","name":"Ola Josefsson","description":"Bevakar Solkusten och Spanien sedan 1994.","sameAs":["https:\/\/lightweb.dev\/l\/svm-temp"],"url":"https:\/\/lightweb.dev\/l\/svm-temp\/reporter\/ola-josefsson\/"}]}},"_links":{"self":[{"href":"https:\/\/lightweb.dev\/l\/svm-temp\/wp-json\/wp\/v2\/posts\/68626","targetHints":{"allow":["GET"]}}],"collection":[{"href":"https:\/\/lightweb.dev\/l\/svm-temp\/wp-json\/wp\/v2\/posts"}],"about":[{"href":"https:\/\/lightweb.dev\/l\/svm-temp\/wp-json\/wp\/v2\/types\/post"}],"author":[{"embeddable":true,"href":"https:\/\/lightweb.dev\/l\/svm-temp\/wp-json\/wp\/v2\/users\/7"}],"replies":[{"embeddable":true,"href":"https:\/\/lightweb.dev\/l\/svm-temp\/wp-json\/wp\/v2\/comments?post=68626"}],"version-history":[{"count":0,"href":"https:\/\/lightweb.dev\/l\/svm-temp\/wp-json\/wp\/v2\/posts\/68626\/revisions"}],"wp:featuredmedia":[{"embeddable":true,"href":"https:\/\/lightweb.dev\/l\/svm-temp\/wp-json\/wp\/v2\/media\/68627"}],"wp:attachment":[{"href":"https:\/\/lightweb.dev\/l\/svm-temp\/wp-json\/wp\/v2\/media?parent=68626"}],"wp:term":[{"taxonomy":"category","embeddable":true,"href":"https:\/\/lightweb.dev\/l\/svm-temp\/wp-json\/wp\/v2\/categories?post=68626"},{"taxonomy":"post_tag","embeddable":true,"href":"https:\/\/lightweb.dev\/l\/svm-temp\/wp-json\/wp\/v2\/tags?post=68626"}],"curies":[{"name":"wp","href":"https:\/\/api.w.org\/{rel}","templated":true}]}}