{"id":68643,"date":"2024-01-02T16:34:43","date_gmt":"2024-01-02T15:34:43","guid":{"rendered":"https:\/\/lightweb.dev\/l\/svm-temp\/?p=68643"},"modified":"2024-01-02T17:26:32","modified_gmt":"2024-01-02T16:26:32","slug":"rafael-nadal-ar-tillbaka","status":"publish","type":"post","link":"https:\/\/lightweb.dev\/l\/svm-temp\/nyheter\/rafael-nadal-ar-tillbaka\/","title":{"rendered":"Rafael Nadal \u00e4r tillbaka"},"content":{"rendered":"<p><strong>Inf\u00f6r Brisbane International pratade han om \u00e5ret som kommer och livet efter tennisen.\u00a0\u00a0<\/strong><\/p>\n<p><strong>Nadal vann sin f\u00f6rsta match i t\u00e4vlingen tidigare idag. Den f\u00f6rsta han spelade p\u00e5 n\u00e4stan ett \u00e5r.\u00a0<\/strong><\/p>\n<p><span style=\"font-weight: 400;\">Det har g\u00e5tt n\u00e4stan ett helt \u00e5r sedan Rafael Nadal inledde sin senaste rehabrunda. D\u00e5 linkade han av banan i Australian Open med en h\u00f6ftskada som till slut kr\u00e4vde en operation.\u00a0<\/span><\/p>\n<p><span style=\"font-weight: 400;\">Den 22-faldige Grand Slam-vinnaren vill inte spekulera i framtiden, och tiden efter comebacken kan komma att bli tuff, men han hoppas och tror att han nu kan fullf\u00f6lja turneringen som han tvingades l\u00e4mna tidigt ifjol, n\u00e4r den drar ig\u00e5ng n\u00e4sta vecka.\u00a0<\/span><\/p>\n<p><span style=\"font-weight: 400;\">&#8221;Jag vet att det n\u00e4stan \u00e4r om\u00f6jligt att komma tillbaka efter allt jag g\u00e5tt igenom i min \u00e5lder. Men jag k\u00e4nner att jag har motivationen inom mig. Just nu f\u00f6rs\u00f6ker jag komma till en position s\u00e5 att jag kan t\u00e4vla f\u00f6r att vinna om n\u00e5gra m\u00e5nader&#8221;, sa han i en intervju med BBC.\u00a0<\/span><\/p>\n<p><span style=\"font-weight: 400;\">Dr\u00f6mscenariot \u00e4r ett fullgott f\u00f6rs\u00f6k att vinna sin 15e titel vid Franska \u00f6ppna som g\u00e5r av stapeln i maj.\u00a0<\/span><\/p>\n<p><span style=\"font-weight: 400;\">Den h\u00e4r s\u00e4songen har pratats om som n\u00e5got av en avskedstour, men Nadal kommer knappast att dyka upp endast f\u00f6r att skaka n\u00e5gra h\u00e4nder och vinka adj\u00f6. Han hoppas spela allt som st\u00e5r p\u00e5 schemat och att bygga momentum nu i Australien och senare i turneringar i Mellan\u00f6stern.\u00a0<\/span><\/p>\n<p><span style=\"font-weight: 400;\">De tidiga tecknen \u00e4r positiva. Nadal tr\u00e4nar bra och h\u00f6ften \u00e4r helt l\u00e4kt. Och \u00e4ven om han har problem med v\u00e4nsterfoten som aldrig helt kommer att l\u00e4ka ser han hoppfullt p\u00e5 framtiden.\u00a0<\/span><\/p>\n<p><span style=\"font-weight: 400;\">&#8221;Problemen med foten kommer att vara f\u00f6r evigt. Men \u00e4rligt talat k\u00e4nns det bra idag. Jag har inte m\u00e5nga problem. Jag kan tr\u00e4na och njuta av varje pass. F\u00f6r mig \u00e4r det det viktigaste. Att kunna spela tennis utan sm\u00e4rta&#8221;.\u00a0<\/span><\/p>\n<p><span style=\"font-weight: 400;\">Sedan han anl\u00e4nde i Brisbane har Nadal tr\u00e4nat med Andy Murray, v\u00e4rlds\u00e5ttan Holger Rune och sin motst\u00e5ndare i dagens f\u00f6rstarunda Dominic Thiem.\u00a0<\/span><\/p>\n<h2><span style=\"font-weight: 400;\">Tennisen \u00e4r inte allt<\/span><\/h2>\n<p><span style=\"font-weight: 400;\">Nadal har inte bara fokuserat p\u00e5 rehab det senaste \u00e5ret. Under sin fr\u00e5nvaro fr\u00e5n tennisen har han f\u00e5tt se sin ett\u00e5riga son v\u00e4xa. Han s\u00e4ger att det varit fantastiskt men att han hellre kunnat ta med honom p\u00e5 t\u00e4vlingar. Han har ocks\u00e5 arbetat med sin akademi och olika aff\u00e4rsprojekt runt om i v\u00e4rlden.\u00a0<\/span><\/p>\n<p><span style=\"font-weight: 400;\">N\u00e4r tiden \u00e4r inne, vilket inte n\u00f6dv\u00e4ndigtvis blir i \u00e5r, \u00e4r Nadal inte orolig inf\u00f6r pensionen.\u00a0<\/span><\/p>\n<p><span style=\"font-weight: 400;\">&#8221;Jag har mycket utanf\u00f6r tennisen som g\u00f6r mig lycklig. Jag har flera olika projekt som h\u00e5ller mig aktiv och kommer att motivera mig att utforska nya saker,&#8221; f\u00f6rklarar han. &#8221;Men s\u00e5 klart, n\u00e4r man g\u00f6r en stor f\u00f6r\u00e4ndring i sitt liv \u00e4r det en process som tar tid. Det kommer inte vara l\u00e4tt att ge upp n\u00e5got jag gjort hela mitt liv. Men jag \u00e4r inte r\u00e4dd f\u00f6r det&#8221;.\u00a0<\/span><\/p>\n<p><span style=\"font-weight: 400;\">Nadal spelade tidigare idag sin f\u00f6rsta match efter comebacken mot Dominic Thiem. Nadal spelade bra och vann med 2-0 (7-5, 6-1) i set.<\/span><\/p>\n<p>&nbsp;<\/p>\n<blockquote class=\"twitter-tweet\" data-media-max-width=\"560\">\n<p dir=\"ltr\" lang=\"en\">Game, set &amp; match Nadal \ud83c\uddea\ud83c\uddf8<\/p>\n<p>The moment <a href=\"https:\/\/twitter.com\/RafaelNadal?ref_src=twsrc%5Etfw\">@RafaelNadal<\/a> defeated Thiem in his comeback match!<a href=\"https:\/\/twitter.com\/hashtag\/BrisbaneTennis?src=hash&amp;ref_src=twsrc%5Etfw\">#BrisbaneTennis<\/a> <a href=\"https:\/\/t.co\/qRTnw7pajA\">pic.twitter.com\/qRTnw7pajA<\/a><\/p>\n<p>\u2014 Tennis TV (@TennisTV) <a href=\"https:\/\/twitter.com\/TennisTV\/status\/1742133899013116248?ref_src=twsrc%5Etfw\">January 2, 2024<\/a><\/p><\/blockquote>\n<p><script async src=\"https:\/\/platform.twitter.com\/widgets.js\" charset=\"utf-8\"><\/script><\/p>\n","protected":false},"excerpt":{"rendered":"<p>Inf\u00f6r Brisbane International pratade han om \u00e5ret som kommer och livet efter tennisen.\u00a0\u00a0Nadal vann sin f\u00f6rsta match i t\u00e4vlingen tidigare idag. Den f\u00f6rsta han spelade p\u00e5 n\u00e4stan ett \u00e5r.\u00a0<\/p>\n","protected":false},"author":14,"featured_media":10293,"comment_status":"closed","ping_status":"closed","sticky":false,"template":"","format":"standard","meta":{"_et_pb_use_builder":"","_et_pb_old_content":"","_et_gb_content_width":"","footnotes":""},"categories":[3,352],"tags":[],"class_list":["post-68643","post","type-post","status-publish","format-standard","has-post-thumbnail","hentry","category-nyheter","category-sport"],"yoast_head":"<!-- This site is optimized with the Yoast SEO Premium plugin v26.2 (Yoast SEO v27.5) - https:\/\/yoast.com\/product\/yoast-seo-premium-wordpress\/ -->\n<title>Rafael Nadal \u00e4r tillbaka - Svenska Magasinet<\/title>\n<meta name=\"robots\" content=\"noindex, follow, max-snippet:-1, max-image-preview:large, max-video-preview:-1\" \/>\n<meta property=\"og:locale\" content=\"sv_SE\" \/>\n<meta property=\"og:type\" content=\"article\" \/>\n<meta property=\"og:title\" content=\"Rafael Nadal \u00e4r tillbaka\" \/>\n<meta property=\"og:description\" content=\"Inf\u00f6r Brisbane International pratade han om \u00e5ret som kommer och livet efter tennisen.\u00a0\u00a0Nadal vann sin f\u00f6rsta match i t\u00e4vlingen tidigare idag. Den f\u00f6rsta han spelade p\u00e5 n\u00e4stan ett \u00e5r.\u00a0\" \/>\n<meta property=\"og:url\" content=\"https:\/\/lightweb.dev\/l\/svm-temp\/artiklar\/golf-sport\/rafael-nadal-ar-tillbaka\/\" \/>\n<meta property=\"og:site_name\" content=\"Svenska Magasinet\" \/>\n<meta property=\"article:publisher\" content=\"https:\/\/www.facebook.com\/svenskamagasinet\" \/>\n<meta property=\"article:published_time\" content=\"2024-01-02T15:34:43+00:00\" \/>\n<meta property=\"article:modified_time\" content=\"2024-01-02T16:26:32+00:00\" \/>\n<meta property=\"og:image\" content=\"https:\/\/lightweb.dev\/l\/svm-temp\/wp-content\/uploads\/2022\/06\/FUf7M-WXsAAWkiS-scaled.jpeg\" \/>\n\t<meta property=\"og:image:width\" content=\"2048\" \/>\n\t<meta property=\"og:image:height\" content=\"2560\" \/>\n\t<meta property=\"og:image:type\" content=\"image\/jpeg\" \/>\n<meta name=\"author\" content=\"Robbie Eriksson\" \/>\n<meta name=\"twitter:card\" content=\"summary_large_image\" \/>\n<meta name=\"twitter:creator\" content=\"@SvenskaMagasine\" \/>\n<meta name=\"twitter:site\" content=\"@SvenskaMagasine\" \/>\n<script type=\"application\/ld+json\" class=\"yoast-schema-graph\">{\"@context\":\"https:\\\/\\\/schema.org\",\"@graph\":[{\"@type\":\"Article\",\"@id\":\"https:\\\/\\\/lightweb.dev\\\/l\\\/svm-temp\\\/artiklar\\\/golf-sport\\\/rafael-nadal-ar-tillbaka\\\/#article\",\"isPartOf\":{\"@id\":\"https:\\\/\\\/lightweb.dev\\\/l\\\/svm-temp\\\/artiklar\\\/golf-sport\\\/rafael-nadal-ar-tillbaka\\\/\"},\"author\":{\"name\":\"Robbie Eriksson\",\"@id\":\"https:\\\/\\\/lightweb.dev\\\/l\\\/svm-temp\\\/#\\\/schema\\\/person\\\/caffe038990d25722f5a04a03c906a2b\"},\"headline\":\"Rafael Nadal \u00e4r tillbaka\",\"datePublished\":\"2024-01-02T15:34:43+00:00\",\"dateModified\":\"2024-01-02T16:26:32+00:00\",\"mainEntityOfPage\":{\"@id\":\"https:\\\/\\\/lightweb.dev\\\/l\\\/svm-temp\\\/artiklar\\\/golf-sport\\\/rafael-nadal-ar-tillbaka\\\/\"},\"wordCount\":589,\"publisher\":{\"@id\":\"https:\\\/\\\/lightweb.dev\\\/l\\\/svm-temp\\\/#organization\"},\"image\":{\"@id\":\"https:\\\/\\\/lightweb.dev\\\/l\\\/svm-temp\\\/artiklar\\\/golf-sport\\\/rafael-nadal-ar-tillbaka\\\/#primaryimage\"},\"thumbnailUrl\":\"https:\\\/\\\/lightweb.dev\\\/l\\\/svm-temp\\\/wp-content\\\/uploads\\\/2022\\\/06\\\/FUf7M-WXsAAWkiS-scaled.jpeg\",\"articleSection\":[\"Nyheter\",\"Sport\"],\"inLanguage\":\"sv-SE\"},{\"@type\":\"WebPage\",\"@id\":\"https:\\\/\\\/lightweb.dev\\\/l\\\/svm-temp\\\/artiklar\\\/golf-sport\\\/rafael-nadal-ar-tillbaka\\\/\",\"url\":\"https:\\\/\\\/lightweb.dev\\\/l\\\/svm-temp\\\/artiklar\\\/golf-sport\\\/rafael-nadal-ar-tillbaka\\\/\",\"name\":\"Rafael Nadal \u00e4r tillbaka - Svenska Magasinet\",\"isPartOf\":{\"@id\":\"https:\\\/\\\/lightweb.dev\\\/l\\\/svm-temp\\\/#website\"},\"primaryImageOfPage\":{\"@id\":\"https:\\\/\\\/lightweb.dev\\\/l\\\/svm-temp\\\/artiklar\\\/golf-sport\\\/rafael-nadal-ar-tillbaka\\\/#primaryimage\"},\"image\":{\"@id\":\"https:\\\/\\\/lightweb.dev\\\/l\\\/svm-temp\\\/artiklar\\\/golf-sport\\\/rafael-nadal-ar-tillbaka\\\/#primaryimage\"},\"thumbnailUrl\":\"https:\\\/\\\/lightweb.dev\\\/l\\\/svm-temp\\\/wp-content\\\/uploads\\\/2022\\\/06\\\/FUf7M-WXsAAWkiS-scaled.jpeg\",\"datePublished\":\"2024-01-02T15:34:43+00:00\",\"dateModified\":\"2024-01-02T16:26:32+00:00\",\"breadcrumb\":{\"@id\":\"https:\\\/\\\/lightweb.dev\\\/l\\\/svm-temp\\\/artiklar\\\/golf-sport\\\/rafael-nadal-ar-tillbaka\\\/#breadcrumb\"},\"inLanguage\":\"sv-SE\",\"potentialAction\":[{\"@type\":\"ReadAction\",\"target\":[\"https:\\\/\\\/lightweb.dev\\\/l\\\/svm-temp\\\/artiklar\\\/golf-sport\\\/rafael-nadal-ar-tillbaka\\\/\"]}]},{\"@type\":\"ImageObject\",\"inLanguage\":\"sv-SE\",\"@id\":\"https:\\\/\\\/lightweb.dev\\\/l\\\/svm-temp\\\/artiklar\\\/golf-sport\\\/rafael-nadal-ar-tillbaka\\\/#primaryimage\",\"url\":\"https:\\\/\\\/lightweb.dev\\\/l\\\/svm-temp\\\/wp-content\\\/uploads\\\/2022\\\/06\\\/FUf7M-WXsAAWkiS-scaled.jpeg\",\"contentUrl\":\"https:\\\/\\\/lightweb.dev\\\/l\\\/svm-temp\\\/wp-content\\\/uploads\\\/2022\\\/06\\\/FUf7M-WXsAAWkiS-scaled.jpeg\",\"width\":2048,\"height\":2560,\"caption\":\"Oklart om Nadal spelar Wimbledon\"},{\"@type\":\"BreadcrumbList\",\"@id\":\"https:\\\/\\\/lightweb.dev\\\/l\\\/svm-temp\\\/artiklar\\\/golf-sport\\\/rafael-nadal-ar-tillbaka\\\/#breadcrumb\",\"itemListElement\":[{\"@type\":\"ListItem\",\"position\":1,\"name\":\"Hem\",\"item\":\"https:\\\/\\\/lightweb.dev\\\/l\\\/svm-temp\\\/\"},{\"@type\":\"ListItem\",\"position\":2,\"name\":\"Rafael Nadal \u00e4r tillbaka\"}]},{\"@type\":\"WebSite\",\"@id\":\"https:\\\/\\\/lightweb.dev\\\/l\\\/svm-temp\\\/#website\",\"url\":\"https:\\\/\\\/lightweb.dev\\\/l\\\/svm-temp\\\/\",\"name\":\"Svenska Magasinet\",\"description\":\"Dina Spanska nyheter p&aring; Svenska\",\"publisher\":{\"@id\":\"https:\\\/\\\/lightweb.dev\\\/l\\\/svm-temp\\\/#organization\"},\"potentialAction\":[{\"@type\":\"SearchAction\",\"target\":{\"@type\":\"EntryPoint\",\"urlTemplate\":\"https:\\\/\\\/lightweb.dev\\\/l\\\/svm-temp\\\/?s={search_term_string}\"},\"query-input\":{\"@type\":\"PropertyValueSpecification\",\"valueRequired\":true,\"valueName\":\"search_term_string\"}}],\"inLanguage\":\"sv-SE\"},{\"@type\":\"Organization\",\"@id\":\"https:\\\/\\\/lightweb.dev\\\/l\\\/svm-temp\\\/#organization\",\"name\":\"Melkerson y Nott SL\",\"alternateName\":\"Svenska Magasinet\",\"url\":\"https:\\\/\\\/lightweb.dev\\\/l\\\/svm-temp\\\/\",\"logo\":{\"@type\":\"ImageObject\",\"inLanguage\":\"sv-SE\",\"@id\":\"https:\\\/\\\/lightweb.dev\\\/l\\\/svm-temp\\\/#\\\/schema\\\/logo\\\/image\\\/\",\"url\":\"https:\\\/\\\/lightweb.dev\\\/l\\\/svm-temp\\\/wp-content\\\/uploads\\\/2025\\\/02\\\/SvM-logo-Xtra-Centrerad-SVART.png\",\"contentUrl\":\"https:\\\/\\\/lightweb.dev\\\/l\\\/svm-temp\\\/wp-content\\\/uploads\\\/2025\\\/02\\\/SvM-logo-Xtra-Centrerad-SVART.png\",\"width\":300,\"height\":99,\"caption\":\"Melkerson y Nott SL\"},\"image\":{\"@id\":\"https:\\\/\\\/lightweb.dev\\\/l\\\/svm-temp\\\/#\\\/schema\\\/logo\\\/image\\\/\"},\"sameAs\":[\"https:\\\/\\\/www.facebook.com\\\/svenskamagasinet\",\"https:\\\/\\\/x.com\\\/SvenskaMagasine\"]},{\"@type\":\"Person\",\"@id\":\"https:\\\/\\\/lightweb.dev\\\/l\\\/svm-temp\\\/#\\\/schema\\\/person\\\/caffe038990d25722f5a04a03c906a2b\",\"name\":\"Robbie Eriksson\",\"sameAs\":[\"https:\\\/\\\/lightweb.dev\\\/l\\\/svm-temp\"],\"url\":\"https:\\\/\\\/lightweb.dev\\\/l\\\/svm-temp\\\/reporter\\\/robbie-eriksson\\\/\"}]}<\/script>\n<!-- \/ Yoast SEO Premium plugin. -->","yoast_head_json":{"title":"Rafael Nadal \u00e4r tillbaka - Svenska Magasinet","robots":{"index":"noindex","follow":"follow","max-snippet":"max-snippet:-1","max-image-preview":"max-image-preview:large","max-video-preview":"max-video-preview:-1"},"og_locale":"sv_SE","og_type":"article","og_title":"Rafael Nadal \u00e4r tillbaka","og_description":"Inf\u00f6r Brisbane International pratade han om \u00e5ret som kommer och livet efter tennisen.\u00a0\u00a0Nadal vann sin f\u00f6rsta match i t\u00e4vlingen tidigare idag. Den f\u00f6rsta han spelade p\u00e5 n\u00e4stan ett \u00e5r.\u00a0","og_url":"https:\/\/lightweb.dev\/l\/svm-temp\/artiklar\/golf-sport\/rafael-nadal-ar-tillbaka\/","og_site_name":"Svenska Magasinet","article_publisher":"https:\/\/www.facebook.com\/svenskamagasinet","article_published_time":"2024-01-02T15:34:43+00:00","article_modified_time":"2024-01-02T16:26:32+00:00","og_image":[{"width":2048,"height":2560,"url":"https:\/\/lightweb.dev\/l\/svm-temp\/wp-content\/uploads\/2022\/06\/FUf7M-WXsAAWkiS-scaled.jpeg","type":"image\/jpeg"}],"author":"Robbie Eriksson","twitter_card":"summary_large_image","twitter_creator":"@SvenskaMagasine","twitter_site":"@SvenskaMagasine","schema":{"@context":"https:\/\/schema.org","@graph":[{"@type":"Article","@id":"https:\/\/lightweb.dev\/l\/svm-temp\/artiklar\/golf-sport\/rafael-nadal-ar-tillbaka\/#article","isPartOf":{"@id":"https:\/\/lightweb.dev\/l\/svm-temp\/artiklar\/golf-sport\/rafael-nadal-ar-tillbaka\/"},"author":{"name":"Robbie Eriksson","@id":"https:\/\/lightweb.dev\/l\/svm-temp\/#\/schema\/person\/caffe038990d25722f5a04a03c906a2b"},"headline":"Rafael Nadal \u00e4r tillbaka","datePublished":"2024-01-02T15:34:43+00:00","dateModified":"2024-01-02T16:26:32+00:00","mainEntityOfPage":{"@id":"https:\/\/lightweb.dev\/l\/svm-temp\/artiklar\/golf-sport\/rafael-nadal-ar-tillbaka\/"},"wordCount":589,"publisher":{"@id":"https:\/\/lightweb.dev\/l\/svm-temp\/#organization"},"image":{"@id":"https:\/\/lightweb.dev\/l\/svm-temp\/artiklar\/golf-sport\/rafael-nadal-ar-tillbaka\/#primaryimage"},"thumbnailUrl":"https:\/\/lightweb.dev\/l\/svm-temp\/wp-content\/uploads\/2022\/06\/FUf7M-WXsAAWkiS-scaled.jpeg","articleSection":["Nyheter","Sport"],"inLanguage":"sv-SE"},{"@type":"WebPage","@id":"https:\/\/lightweb.dev\/l\/svm-temp\/artiklar\/golf-sport\/rafael-nadal-ar-tillbaka\/","url":"https:\/\/lightweb.dev\/l\/svm-temp\/artiklar\/golf-sport\/rafael-nadal-ar-tillbaka\/","name":"Rafael Nadal \u00e4r tillbaka - Svenska Magasinet","isPartOf":{"@id":"https:\/\/lightweb.dev\/l\/svm-temp\/#website"},"primaryImageOfPage":{"@id":"https:\/\/lightweb.dev\/l\/svm-temp\/artiklar\/golf-sport\/rafael-nadal-ar-tillbaka\/#primaryimage"},"image":{"@id":"https:\/\/lightweb.dev\/l\/svm-temp\/artiklar\/golf-sport\/rafael-nadal-ar-tillbaka\/#primaryimage"},"thumbnailUrl":"https:\/\/lightweb.dev\/l\/svm-temp\/wp-content\/uploads\/2022\/06\/FUf7M-WXsAAWkiS-scaled.jpeg","datePublished":"2024-01-02T15:34:43+00:00","dateModified":"2024-01-02T16:26:32+00:00","breadcrumb":{"@id":"https:\/\/lightweb.dev\/l\/svm-temp\/artiklar\/golf-sport\/rafael-nadal-ar-tillbaka\/#breadcrumb"},"inLanguage":"sv-SE","potentialAction":[{"@type":"ReadAction","target":["https:\/\/lightweb.dev\/l\/svm-temp\/artiklar\/golf-sport\/rafael-nadal-ar-tillbaka\/"]}]},{"@type":"ImageObject","inLanguage":"sv-SE","@id":"https:\/\/lightweb.dev\/l\/svm-temp\/artiklar\/golf-sport\/rafael-nadal-ar-tillbaka\/#primaryimage","url":"https:\/\/lightweb.dev\/l\/svm-temp\/wp-content\/uploads\/2022\/06\/FUf7M-WXsAAWkiS-scaled.jpeg","contentUrl":"https:\/\/lightweb.dev\/l\/svm-temp\/wp-content\/uploads\/2022\/06\/FUf7M-WXsAAWkiS-scaled.jpeg","width":2048,"height":2560,"caption":"Oklart om Nadal spelar Wimbledon"},{"@type":"BreadcrumbList","@id":"https:\/\/lightweb.dev\/l\/svm-temp\/artiklar\/golf-sport\/rafael-nadal-ar-tillbaka\/#breadcrumb","itemListElement":[{"@type":"ListItem","position":1,"name":"Hem","item":"https:\/\/lightweb.dev\/l\/svm-temp\/"},{"@type":"ListItem","position":2,"name":"Rafael Nadal \u00e4r tillbaka"}]},{"@type":"WebSite","@id":"https:\/\/lightweb.dev\/l\/svm-temp\/#website","url":"https:\/\/lightweb.dev\/l\/svm-temp\/","name":"Svenska Magasinet","description":"Dina Spanska nyheter p&aring; Svenska","publisher":{"@id":"https:\/\/lightweb.dev\/l\/svm-temp\/#organization"},"potentialAction":[{"@type":"SearchAction","target":{"@type":"EntryPoint","urlTemplate":"https:\/\/lightweb.dev\/l\/svm-temp\/?s={search_term_string}"},"query-input":{"@type":"PropertyValueSpecification","valueRequired":true,"valueName":"search_term_string"}}],"inLanguage":"sv-SE"},{"@type":"Organization","@id":"https:\/\/lightweb.dev\/l\/svm-temp\/#organization","name":"Melkerson y Nott SL","alternateName":"Svenska Magasinet","url":"https:\/\/lightweb.dev\/l\/svm-temp\/","logo":{"@type":"ImageObject","inLanguage":"sv-SE","@id":"https:\/\/lightweb.dev\/l\/svm-temp\/#\/schema\/logo\/image\/","url":"https:\/\/lightweb.dev\/l\/svm-temp\/wp-content\/uploads\/2025\/02\/SvM-logo-Xtra-Centrerad-SVART.png","contentUrl":"https:\/\/lightweb.dev\/l\/svm-temp\/wp-content\/uploads\/2025\/02\/SvM-logo-Xtra-Centrerad-SVART.png","width":300,"height":99,"caption":"Melkerson y Nott SL"},"image":{"@id":"https:\/\/lightweb.dev\/l\/svm-temp\/#\/schema\/logo\/image\/"},"sameAs":["https:\/\/www.facebook.com\/svenskamagasinet","https:\/\/x.com\/SvenskaMagasine"]},{"@type":"Person","@id":"https:\/\/lightweb.dev\/l\/svm-temp\/#\/schema\/person\/caffe038990d25722f5a04a03c906a2b","name":"Robbie Eriksson","sameAs":["https:\/\/lightweb.dev\/l\/svm-temp"],"url":"https:\/\/lightweb.dev\/l\/svm-temp\/reporter\/robbie-eriksson\/"}]}},"_links":{"self":[{"href":"https:\/\/lightweb.dev\/l\/svm-temp\/wp-json\/wp\/v2\/posts\/68643","targetHints":{"allow":["GET"]}}],"collection":[{"href":"https:\/\/lightweb.dev\/l\/svm-temp\/wp-json\/wp\/v2\/posts"}],"about":[{"href":"https:\/\/lightweb.dev\/l\/svm-temp\/wp-json\/wp\/v2\/types\/post"}],"author":[{"embeddable":true,"href":"https:\/\/lightweb.dev\/l\/svm-temp\/wp-json\/wp\/v2\/users\/14"}],"replies":[{"embeddable":true,"href":"https:\/\/lightweb.dev\/l\/svm-temp\/wp-json\/wp\/v2\/comments?post=68643"}],"version-history":[{"count":0,"href":"https:\/\/lightweb.dev\/l\/svm-temp\/wp-json\/wp\/v2\/posts\/68643\/revisions"}],"wp:featuredmedia":[{"embeddable":true,"href":"https:\/\/lightweb.dev\/l\/svm-temp\/wp-json\/wp\/v2\/media\/10293"}],"wp:attachment":[{"href":"https:\/\/lightweb.dev\/l\/svm-temp\/wp-json\/wp\/v2\/media?parent=68643"}],"wp:term":[{"taxonomy":"category","embeddable":true,"href":"https:\/\/lightweb.dev\/l\/svm-temp\/wp-json\/wp\/v2\/categories?post=68643"},{"taxonomy":"post_tag","embeddable":true,"href":"https:\/\/lightweb.dev\/l\/svm-temp\/wp-json\/wp\/v2\/tags?post=68643"}],"curies":[{"name":"wp","href":"https:\/\/api.w.org\/{rel}","templated":true}]}}