{"id":68647,"date":"2024-01-03T11:05:32","date_gmt":"2024-01-03T10:05:32","guid":{"rendered":"https:\/\/lightweb.dev\/l\/svm-temp\/?p=68647"},"modified":"2024-01-04T20:00:19","modified_gmt":"2024-01-04T19:00:19","slug":"dags-for-cabalgata-och-los-reyes-magos","status":"publish","type":"post","link":"https:\/\/lightweb.dev\/l\/svm-temp\/nyheter\/dags-for-cabalgata-och-los-reyes-magos\/","title":{"rendered":"Dags f\u00f6r Cabalgata och Los Reyes Magos"},"content":{"rendered":"<p><strong>Den 5 januari \u00e4r det dags f\u00f6r Melchor, Gaspar och Baltasar, utkl\u00e4dda i praktfulla kl\u00e4der, att bes\u00f6ka kommunerna p\u00e5 Solkusten precis som i \u00f6vriga Spanien.<\/strong><\/p>\n<p><strong>Barnens h\u00f6gtid \u00e4r h\u00e4r n\u00e4r det delas ut godis och vissa fall \u00e4ven leksaker.<\/strong><\/p>\n<p>H\u00e4r har du h\u00e5lltiderna f\u00f6r Melchor, Gaspar och Baltasar med Cabalgata, paraden, i de st\u00f6rre kustkommunerna p\u00e5 Costa del Sol och Costa Tropical.<\/p>\n<p>&nbsp;<\/p>\n<p><strong>Almu\u00f1\u00e9car<\/strong><\/p>\n<div id=\"attachment_68675\" style=\"width: 310px\" class=\"wp-caption alignleft\"><img loading=\"lazy\" decoding=\"async\" aria-describedby=\"caption-attachment-68675\" class=\"size-medium wp-image-68675\" src=\"https:\/\/lightweb.dev\/l\/svm-temp\/wp-content\/uploads\/2024\/01\/CABALGATA-ALMUNECAR-RECORRIDO-24-stor-300x169.jpeg\" alt=\"\" width=\"300\" height=\"169\" srcset=\"https:\/\/lightweb.dev\/l\/svm-temp\/wp-content\/uploads\/2024\/01\/CABALGATA-ALMUNECAR-RECORRIDO-24-stor-300x169.jpeg 300w, https:\/\/lightweb.dev\/l\/svm-temp\/wp-content\/uploads\/2024\/01\/CABALGATA-ALMUNECAR-RECORRIDO-24-stor-900x506.jpeg 900w, https:\/\/lightweb.dev\/l\/svm-temp\/wp-content\/uploads\/2024\/01\/CABALGATA-ALMUNECAR-RECORRIDO-24-stor-768x432.jpeg 768w, https:\/\/lightweb.dev\/l\/svm-temp\/wp-content\/uploads\/2024\/01\/CABALGATA-ALMUNECAR-RECORRIDO-24-stor-610x343.jpeg 610w, https:\/\/lightweb.dev\/l\/svm-temp\/wp-content\/uploads\/2024\/01\/CABALGATA-ALMUNECAR-RECORRIDO-24-stor-1080x608.jpeg 1080w, https:\/\/lightweb.dev\/l\/svm-temp\/wp-content\/uploads\/2024\/01\/CABALGATA-ALMUNECAR-RECORRIDO-24-stor-600x338.jpeg 600w, https:\/\/lightweb.dev\/l\/svm-temp\/wp-content\/uploads\/2024\/01\/CABALGATA-ALMUNECAR-RECORRIDO-24-stor.jpeg 1280w\" sizes=\"(max-width: 300px) 100vw, 300px\" \/><p id=\"caption-attachment-68675\" class=\"wp-caption-text\">F\u00e4rdv\u00e4gen i Almu\u00f1\u00e9car<\/p><\/div>\n<p>Paraden startar klockan 18 vid Municipal Stadium \u201cFrancisco Bonet\u201d och forts\u00e4tter vidare till Puerto de la Cruz, avenue Baracoa, Mariana Pineda, avenida Juan Carlos I, Carrera de la Concepci\u00f3n, avenida Andaluc\u00eda f\u00f6r att \u00e5terv\u00e4nda till fotbollsstadion \u201cFrancisco Bonet\u201d.<\/p>\n<p><strong>Nerja<\/strong><\/p>\n<p>Fr\u00e5n klockan 17 vid Parque Verano Azul och vidare via calle Antonio Ferrandis Chanquete, calle San Miguel, calle Cruz, calle Pintada, Plaza Cantarero, nuevamente calle San Miguel, Avda. Castilla Perez, calle Jae\u0301n, calle Antonio Ferrandis Chanquete och tillbaka till Parque Verano Azul.<\/p>\n<p><strong>Rinc\u00f3n de la Victoria<\/strong><\/p>\n<p>Klockan 16 blir det Cabalgata med los Reyes Magos de Oriente fr\u00e5n Los Rubios (information om ytterligare f\u00e4rdv\u00e4g har redaktionen inte f\u00e5tt).<\/p>\n<p><strong>M\u00e1laga centrum<\/strong><\/p>\n<p>I M\u00e1laga centrum inleds Cabalgata de Reyes Magos officiellt klockan 18. Men redan klockan 17 avg\u00e5r los Reyes Magos fr\u00e5n Alcazaba och passerar kommunhuset klockan 17.30 d\u00e4r borgm\u00e4staren Francisco De la Torre v\u00e4lkomnar dem.<\/p>\n<p>Klockan 18 g\u00e5r f\u00e4rdv\u00e4gen vidare via avenida de Cervantes, Plaza General Torrijos, Paseo del Parque, Plaza de la Marina, Alameda Principal, Puente de Tetu\u00e1n, calle Nazareno del Paso, calle Hilera, Puente de la Esperanza, calle Prim, calle Atarazanas, calle Puerta del Mar, Alameda Principal, Plaza de la Marina f\u00f6r att avsluta vid Cortina del Muelle.<\/p>\n<p><strong>Torremolinos<\/strong><\/p>\n<p>B\u00f6rjar klockan 16 p\u00e5 Plaza Blas Infante med avg\u00e5ng klockan 17 till calles Rafael Quintana Rosado och Europa, las avenidas Isabel Manoja och Los Manantiales, Plaza Costa del Sol, las avenidas Palma de Mallorca, Joan Mir\u00f3 och Doctor Jim\u00e9nez Encina, v\u00eda Garc\u00eda de la Serna, avenida Rafael Quintana Rosado och tillbaka till Plaza Blas Infante klockan 20.30. 10.000 kilo godis ska spridas.<\/p>\n<p><strong>Benalm\u00e1dena<\/strong><\/p>\n<p>Los Reyes Magos anl\u00e4nder till fritidshamnen Puerto Deportivo klockan 10.30. I Benalm\u00e1dena Pueblo b\u00f6rjar godisregnet klockan 16.30 p\u00e5 feriaomr\u00e5det Recinto Ferial och vidare l\u00e4ngs calle San Miguel, Avda. del Chorrillo, Avda. Juan Luis Peralta, Avda. Jer\u00f3nimo Garriga, Calle Lomillas, Plaza de Espa\u00f1a, Calle Real och Avda. Juan Luis Peralta.<\/p>\n<p><strong>Arroyo de la Miel<\/strong><\/p>\n<p>Fr\u00e5n klockan 19 vid parkeringen n\u00e4ra Tivoli World och vidare via avda. del Tivoli, Rotonda Nuevitas, Avda. de la Estaci\u00f3n, Avda. de la Constituci\u00f3n, Calle Las Flores, Calle Sierrasol, bajada por Avda. Inmaculada Concepci\u00f3n, Avda. Garc\u00eda Lorca, Calle Andalucia, Calle Blas Infante, Avda. de la Constituci\u00f3n och Plaza de la Mezquita.<\/p>\n<p><strong>Fuengirola<\/strong><\/p>\n<p><img loading=\"lazy\" decoding=\"async\" class=\"size-medium wp-image-68649 alignleft\" src=\"https:\/\/lightweb.dev\/l\/svm-temp\/wp-content\/uploads\/2024\/01\/GC31pQKXcAA9J9u-stor-300x169.jpeg\" alt=\"\" width=\"300\" height=\"169\" srcset=\"https:\/\/lightweb.dev\/l\/svm-temp\/wp-content\/uploads\/2024\/01\/GC31pQKXcAA9J9u-stor-300x169.jpeg 300w, https:\/\/lightweb.dev\/l\/svm-temp\/wp-content\/uploads\/2024\/01\/GC31pQKXcAA9J9u-stor-900x506.jpeg 900w, https:\/\/lightweb.dev\/l\/svm-temp\/wp-content\/uploads\/2024\/01\/GC31pQKXcAA9J9u-stor-768x432.jpeg 768w, https:\/\/lightweb.dev\/l\/svm-temp\/wp-content\/uploads\/2024\/01\/GC31pQKXcAA9J9u-stor-610x343.jpeg 610w, https:\/\/lightweb.dev\/l\/svm-temp\/wp-content\/uploads\/2024\/01\/GC31pQKXcAA9J9u-stor-600x338.jpeg 600w, https:\/\/lightweb.dev\/l\/svm-temp\/wp-content\/uploads\/2024\/01\/GC31pQKXcAA9J9u-stor.jpeg 1024w\" sizes=\"(max-width: 300px) 100vw, 300px\" \/><\/p>\n<p>Los Reyes de Oriente kommer med helikopter till fotbollsstadion Campo \u2018Elola\u2019 klockan 16. La cabalgata inleds klockan 17 fr\u00e5n Calle Mallorca och forts\u00e4tter l\u00e4ngs avenida de Mijas, avenida Juan G\u00f3mez `Juanito\u00b4, Camino de Co\u00edn, avenida Condes de San Isidro, avenida Mat\u00edas S\u00e1enz de Tejada, avenida Ram\u00f3n y Cajal och avenida de Los Boliches och slutar vid monumentet f\u00f6r terrorismens offer.<\/p>\n<p><strong>Mijas<\/strong><\/p>\n<p>Los Reyes Magos inleder klockan 16.30 i Mijas by samt klockan 17 i La Cala och Las Lagunas.<\/p>\n<p><strong>Marbella<\/strong><\/p>\n<p><img loading=\"lazy\" decoding=\"async\" class=\"size-medium wp-image-68650 alignleft\" src=\"https:\/\/lightweb.dev\/l\/svm-temp\/wp-content\/uploads\/2024\/01\/DSuPxHBW4AUR8yN-stor-300x200.jpeg\" alt=\"\" width=\"300\" height=\"200\" srcset=\"https:\/\/lightweb.dev\/l\/svm-temp\/wp-content\/uploads\/2024\/01\/DSuPxHBW4AUR8yN-stor-300x200.jpeg 300w, https:\/\/lightweb.dev\/l\/svm-temp\/wp-content\/uploads\/2024\/01\/DSuPxHBW4AUR8yN-stor-900x600.jpeg 900w, https:\/\/lightweb.dev\/l\/svm-temp\/wp-content\/uploads\/2024\/01\/DSuPxHBW4AUR8yN-stor-768x512.jpeg 768w, https:\/\/lightweb.dev\/l\/svm-temp\/wp-content\/uploads\/2024\/01\/DSuPxHBW4AUR8yN-stor-610x407.jpeg 610w, https:\/\/lightweb.dev\/l\/svm-temp\/wp-content\/uploads\/2024\/01\/DSuPxHBW4AUR8yN-stor-1080x720.jpeg 1080w, https:\/\/lightweb.dev\/l\/svm-temp\/wp-content\/uploads\/2024\/01\/DSuPxHBW4AUR8yN-stor-600x400.jpeg 600w, https:\/\/lightweb.dev\/l\/svm-temp\/wp-content\/uploads\/2024\/01\/DSuPxHBW4AUR8yN-stor.jpeg 1200w\" sizes=\"(max-width: 300px) 100vw, 300px\" \/><\/p>\n<p>Fr\u00e5n klockan 18 utmed avenida Severo Ochoa (edif. La Zambomba), avenida Ram\u00f3n y Cajal, avenida Ricardo Soriano och avslutar vid plaza Monse\u00f1or Rodrigo Bocanegra (Pirul\u00ed).<\/p>\n<p><strong>San Pedro:<\/strong><\/p>\n<p>Fr\u00e5n klockan 18 v\u00e4ntar Gran Cabalgata med b\u00f6rjan l\u00e4ngs avenida Virgen del Roc\u00edo, Boulevad San Pedro Alc\u00e1ntara, c\/ Pepe Osorio, avenida Oriental, calle Revilla och avenida Pablo Ruiz Picasso. D\u00e4refter vid kommunkontoret Tenencia de Alcald\u00eda p\u00e5 Plaza de la Iglesia.<\/p>\n<p><strong>Estepona<\/strong><\/p>\n<p>Fr\u00e5n klockan 17 utmed avenida de Andaluc\u00eda, avenida Juan Carlos I, avenida de Espa\u00f1a, Calle Terraza till botaniska tr\u00e4dg\u00e5rden Parque Bot\u00e1nico Orquidario. 15.000 kilo godis och 2.000 leksaker har Melchor, Gaspar och Baltasar med sig i Estepona.<\/p>\n<p><strong>Manilva<\/strong><\/p>\n<p>B\u00f6rjar klockan 17.30 fr\u00e5n kyrkan Iglesia de El Castillo vidare klockan 18.30 vid kyrkan Iglesia de Sabinillas och 19.30 vid kyrkan Iglesia de Manilva.<\/p>\n<h2>Fakta\/Los Reyes Magos<\/h2>\n<p><img loading=\"lazy\" decoding=\"async\" class=\"size-medium wp-image-68651 alignleft\" src=\"https:\/\/lightweb.dev\/l\/svm-temp\/wp-content\/uploads\/2024\/01\/FIWKWclWQAMLXTG-stor-300x200.jpeg\" alt=\"\" width=\"300\" height=\"200\" srcset=\"https:\/\/lightweb.dev\/l\/svm-temp\/wp-content\/uploads\/2024\/01\/FIWKWclWQAMLXTG-stor-300x200.jpeg 300w, https:\/\/lightweb.dev\/l\/svm-temp\/wp-content\/uploads\/2024\/01\/FIWKWclWQAMLXTG-stor-900x600.jpeg 900w, https:\/\/lightweb.dev\/l\/svm-temp\/wp-content\/uploads\/2024\/01\/FIWKWclWQAMLXTG-stor-768x512.jpeg 768w, https:\/\/lightweb.dev\/l\/svm-temp\/wp-content\/uploads\/2024\/01\/FIWKWclWQAMLXTG-stor-610x407.jpeg 610w, https:\/\/lightweb.dev\/l\/svm-temp\/wp-content\/uploads\/2024\/01\/FIWKWclWQAMLXTG-stor-1080x720.jpeg 1080w, https:\/\/lightweb.dev\/l\/svm-temp\/wp-content\/uploads\/2024\/01\/FIWKWclWQAMLXTG-stor-600x400.jpeg 600w, https:\/\/lightweb.dev\/l\/svm-temp\/wp-content\/uploads\/2024\/01\/FIWKWclWQAMLXTG-stor.jpeg 1280w\" sizes=\"(max-width: 300px) 100vw, 300px\" \/><\/p>\n<p>Den 5 och 6 januari, los Reyes Magos. P\u00e5 eftermiddagen den 5 december kommer de tre vise m\u00e4nnen, Melchor, Gaspar och Baltasar, utkl\u00e4dda i praktfulla kl\u00e4der genom stan.<\/p>\n<p>De kommer farande i en vagn, p\u00e5 en lastbil eller till h\u00e4st, eller till och med i b\u00e5t om man befinner sig vid kusten. De kastar karameller till barnen, tar emot brev fr\u00e5n barnen och lyssnar p\u00e5 vad de \u00f6nskar sig i present.<\/p>\n<p>Efter att barnen har sett denna kavalkad, Cabalgata, g\u00e5r de hem och s\u00e4tter sina skor p\u00e5 en v\u00e4l synlig plats i huset eller p\u00e5 balkongen. De g\u00e5r och l\u00e4gger sig med f\u00f6rhoppningen att n\u00e4r de vaknar, skall de hitta de \u00f6nskade presenterna, som de tre vise m\u00e4nnen l\u00e4mnat under natten. I de flesta familjer f\u00e5r barnen sina mer dyrbara presenter den morgonen.<\/p>\n<p>Till frukost, eller efter maten, har man denna dag ett typiskt bakverk, el rosc\u00f3n de Reyes. Det \u00e4r en slags vetekrans, dekorerad med bitar av syltad frukt, symboler f\u00f6r de \u00e4delstenar som smyckade de vise m\u00e4nnens mantlar. G\u00f6mt i bakverket finns en liten present, som ger tur \u00e5t den person som hittar den.<\/p>\n","protected":false},"excerpt":{"rendered":"<p>Den 5 januari \u00e4r det dags f\u00f6r Melchor, Gaspar och Baltasar, utkl\u00e4dda i praktfulla kl\u00e4der, att bes\u00f6ka kommunerna p\u00e5 Solkusten precis som i \u00f6vriga Spanien. Barnens h\u00f6gtid \u00e4r h\u00e4r n\u00e4r det delas ut godis och vissa fall \u00e4ven leksaker&#8230;<\/p>\n","protected":false},"author":8,"featured_media":68648,"comment_status":"closed","ping_status":"closed","sticky":false,"template":"","format":"standard","meta":{"_et_pb_use_builder":"","_et_pb_old_content":"","_et_gb_content_width":"","footnotes":""},"categories":[395,3],"tags":[],"class_list":["post-68647","post","type-post","status-publish","format-standard","has-post-thumbnail","hentry","category-arkiv-nyheter","category-nyheter"],"yoast_head":"<!-- This site is optimized with the Yoast SEO Premium plugin v26.2 (Yoast SEO v27.5) - https:\/\/yoast.com\/product\/yoast-seo-premium-wordpress\/ -->\n<title>Dags f\u00f6r Cabalgata och Los Reyes Magos - Svenska Magasinet<\/title>\n<meta name=\"description\" content=\"Den 5 januari \u00e4r det dags f\u00f6r Melchor, Gaspar och Baltasar, utkl\u00e4dda i praktfulla kl\u00e4der, att bes\u00f6ka kommunerna p\u00e5 Solkusten precis som i \u00f6vriga Spanien. Barnens h\u00f6gtid \u00e4r h\u00e4r n\u00e4r det delas ut godis och vissa fall \u00e4ven leksaker.\" \/>\n<meta name=\"robots\" content=\"noindex, follow, max-snippet:-1, max-image-preview:large, max-video-preview:-1\" \/>\n<meta property=\"og:locale\" content=\"sv_SE\" \/>\n<meta property=\"og:type\" content=\"article\" \/>\n<meta property=\"og:title\" content=\"Dags f\u00f6r Cabalgata och Los Reyes Magos\" \/>\n<meta property=\"og:description\" content=\"Den 5 januari \u00e4r det dags f\u00f6r Melchor, Gaspar och Baltasar, utkl\u00e4dda i praktfulla kl\u00e4der, att bes\u00f6ka kommunerna p\u00e5 Solkusten precis som i \u00f6vriga Spanien. Barnens h\u00f6gtid \u00e4r h\u00e4r n\u00e4r det delas ut godis och vissa fall \u00e4ven leksaker.\" \/>\n<meta property=\"og:url\" content=\"https:\/\/lightweb.dev\/l\/svm-temp\/nyheter\/dags-for-cabalgata-och-los-reyes-magos\/\" \/>\n<meta property=\"og:site_name\" content=\"Svenska Magasinet\" \/>\n<meta property=\"article:publisher\" content=\"https:\/\/www.facebook.com\/svenskamagasinet\" \/>\n<meta property=\"article:published_time\" content=\"2024-01-03T10:05:32+00:00\" \/>\n<meta property=\"article:modified_time\" content=\"2024-01-04T19:00:19+00:00\" \/>\n<meta property=\"og:image\" content=\"https:\/\/lightweb.dev\/l\/svm-temp\/wp-content\/uploads\/2024\/01\/GCY_5MhXsAAX60T-stor.jpeg\" \/>\n\t<meta property=\"og:image:width\" content=\"1198\" \/>\n\t<meta property=\"og:image:height\" content=\"838\" \/>\n\t<meta property=\"og:image:type\" content=\"image\/jpeg\" \/>\n<meta name=\"author\" content=\"Redaktionen SvM\" \/>\n<meta name=\"twitter:card\" content=\"summary_large_image\" \/>\n<meta name=\"twitter:creator\" content=\"@SvenskaMagasine\" \/>\n<meta name=\"twitter:site\" content=\"@SvenskaMagasine\" \/>\n<script type=\"application\/ld+json\" class=\"yoast-schema-graph\">{\"@context\":\"https:\\\/\\\/schema.org\",\"@graph\":[{\"@type\":\"Article\",\"@id\":\"https:\\\/\\\/lightweb.dev\\\/l\\\/svm-temp\\\/nyheter\\\/dags-for-cabalgata-och-los-reyes-magos\\\/#article\",\"isPartOf\":{\"@id\":\"https:\\\/\\\/lightweb.dev\\\/l\\\/svm-temp\\\/nyheter\\\/dags-for-cabalgata-och-los-reyes-magos\\\/\"},\"author\":{\"name\":\"Redaktionen SvM\",\"@id\":\"https:\\\/\\\/lightweb.dev\\\/l\\\/svm-temp\\\/#\\\/schema\\\/person\\\/206a3bda5b607b0c25e1749191e4d837\"},\"headline\":\"Dags f\u00f6r Cabalgata och Los Reyes Magos\",\"datePublished\":\"2024-01-03T10:05:32+00:00\",\"dateModified\":\"2024-01-04T19:00:19+00:00\",\"mainEntityOfPage\":{\"@id\":\"https:\\\/\\\/lightweb.dev\\\/l\\\/svm-temp\\\/nyheter\\\/dags-for-cabalgata-och-los-reyes-magos\\\/\"},\"wordCount\":926,\"publisher\":{\"@id\":\"https:\\\/\\\/lightweb.dev\\\/l\\\/svm-temp\\\/#organization\"},\"image\":{\"@id\":\"https:\\\/\\\/lightweb.dev\\\/l\\\/svm-temp\\\/nyheter\\\/dags-for-cabalgata-och-los-reyes-magos\\\/#primaryimage\"},\"thumbnailUrl\":\"https:\\\/\\\/lightweb.dev\\\/l\\\/svm-temp\\\/wp-content\\\/uploads\\\/2024\\\/01\\\/GCY_5MhXsAAX60T-stor.jpeg\",\"articleSection\":[\"Arkiv\",\"Nyheter\"],\"inLanguage\":\"sv-SE\"},{\"@type\":\"WebPage\",\"@id\":\"https:\\\/\\\/lightweb.dev\\\/l\\\/svm-temp\\\/nyheter\\\/dags-for-cabalgata-och-los-reyes-magos\\\/\",\"url\":\"https:\\\/\\\/lightweb.dev\\\/l\\\/svm-temp\\\/nyheter\\\/dags-for-cabalgata-och-los-reyes-magos\\\/\",\"name\":\"Dags f\u00f6r Cabalgata och Los Reyes Magos - Svenska Magasinet\",\"isPartOf\":{\"@id\":\"https:\\\/\\\/lightweb.dev\\\/l\\\/svm-temp\\\/#website\"},\"primaryImageOfPage\":{\"@id\":\"https:\\\/\\\/lightweb.dev\\\/l\\\/svm-temp\\\/nyheter\\\/dags-for-cabalgata-och-los-reyes-magos\\\/#primaryimage\"},\"image\":{\"@id\":\"https:\\\/\\\/lightweb.dev\\\/l\\\/svm-temp\\\/nyheter\\\/dags-for-cabalgata-och-los-reyes-magos\\\/#primaryimage\"},\"thumbnailUrl\":\"https:\\\/\\\/lightweb.dev\\\/l\\\/svm-temp\\\/wp-content\\\/uploads\\\/2024\\\/01\\\/GCY_5MhXsAAX60T-stor.jpeg\",\"datePublished\":\"2024-01-03T10:05:32+00:00\",\"dateModified\":\"2024-01-04T19:00:19+00:00\",\"description\":\"Den 5 januari \u00e4r det dags f\u00f6r Melchor, Gaspar och Baltasar, utkl\u00e4dda i praktfulla kl\u00e4der, att bes\u00f6ka kommunerna p\u00e5 Solkusten precis som i \u00f6vriga Spanien. Barnens h\u00f6gtid \u00e4r h\u00e4r n\u00e4r det delas ut godis och vissa fall \u00e4ven leksaker.\",\"breadcrumb\":{\"@id\":\"https:\\\/\\\/lightweb.dev\\\/l\\\/svm-temp\\\/nyheter\\\/dags-for-cabalgata-och-los-reyes-magos\\\/#breadcrumb\"},\"inLanguage\":\"sv-SE\",\"potentialAction\":[{\"@type\":\"ReadAction\",\"target\":[\"https:\\\/\\\/lightweb.dev\\\/l\\\/svm-temp\\\/nyheter\\\/dags-for-cabalgata-och-los-reyes-magos\\\/\"]}]},{\"@type\":\"ImageObject\",\"inLanguage\":\"sv-SE\",\"@id\":\"https:\\\/\\\/lightweb.dev\\\/l\\\/svm-temp\\\/nyheter\\\/dags-for-cabalgata-och-los-reyes-magos\\\/#primaryimage\",\"url\":\"https:\\\/\\\/lightweb.dev\\\/l\\\/svm-temp\\\/wp-content\\\/uploads\\\/2024\\\/01\\\/GCY_5MhXsAAX60T-stor.jpeg\",\"contentUrl\":\"https:\\\/\\\/lightweb.dev\\\/l\\\/svm-temp\\\/wp-content\\\/uploads\\\/2024\\\/01\\\/GCY_5MhXsAAX60T-stor.jpeg\",\"width\":1198,\"height\":838},{\"@type\":\"BreadcrumbList\",\"@id\":\"https:\\\/\\\/lightweb.dev\\\/l\\\/svm-temp\\\/nyheter\\\/dags-for-cabalgata-och-los-reyes-magos\\\/#breadcrumb\",\"itemListElement\":[{\"@type\":\"ListItem\",\"position\":1,\"name\":\"Hem\",\"item\":\"https:\\\/\\\/lightweb.dev\\\/l\\\/svm-temp\\\/\"},{\"@type\":\"ListItem\",\"position\":2,\"name\":\"Dags f\u00f6r Cabalgata och Los Reyes Magos\"}]},{\"@type\":\"WebSite\",\"@id\":\"https:\\\/\\\/lightweb.dev\\\/l\\\/svm-temp\\\/#website\",\"url\":\"https:\\\/\\\/lightweb.dev\\\/l\\\/svm-temp\\\/\",\"name\":\"Svenska Magasinet\",\"description\":\"Dina Spanska nyheter p&aring; Svenska\",\"publisher\":{\"@id\":\"https:\\\/\\\/lightweb.dev\\\/l\\\/svm-temp\\\/#organization\"},\"potentialAction\":[{\"@type\":\"SearchAction\",\"target\":{\"@type\":\"EntryPoint\",\"urlTemplate\":\"https:\\\/\\\/lightweb.dev\\\/l\\\/svm-temp\\\/?s={search_term_string}\"},\"query-input\":{\"@type\":\"PropertyValueSpecification\",\"valueRequired\":true,\"valueName\":\"search_term_string\"}}],\"inLanguage\":\"sv-SE\"},{\"@type\":\"Organization\",\"@id\":\"https:\\\/\\\/lightweb.dev\\\/l\\\/svm-temp\\\/#organization\",\"name\":\"Melkerson y Nott SL\",\"alternateName\":\"Svenska Magasinet\",\"url\":\"https:\\\/\\\/lightweb.dev\\\/l\\\/svm-temp\\\/\",\"logo\":{\"@type\":\"ImageObject\",\"inLanguage\":\"sv-SE\",\"@id\":\"https:\\\/\\\/lightweb.dev\\\/l\\\/svm-temp\\\/#\\\/schema\\\/logo\\\/image\\\/\",\"url\":\"https:\\\/\\\/lightweb.dev\\\/l\\\/svm-temp\\\/wp-content\\\/uploads\\\/2025\\\/02\\\/SvM-logo-Xtra-Centrerad-SVART.png\",\"contentUrl\":\"https:\\\/\\\/lightweb.dev\\\/l\\\/svm-temp\\\/wp-content\\\/uploads\\\/2025\\\/02\\\/SvM-logo-Xtra-Centrerad-SVART.png\",\"width\":300,\"height\":99,\"caption\":\"Melkerson y Nott SL\"},\"image\":{\"@id\":\"https:\\\/\\\/lightweb.dev\\\/l\\\/svm-temp\\\/#\\\/schema\\\/logo\\\/image\\\/\"},\"sameAs\":[\"https:\\\/\\\/www.facebook.com\\\/svenskamagasinet\",\"https:\\\/\\\/x.com\\\/SvenskaMagasine\"]},{\"@type\":\"Person\",\"@id\":\"https:\\\/\\\/lightweb.dev\\\/l\\\/svm-temp\\\/#\\\/schema\\\/person\\\/206a3bda5b607b0c25e1749191e4d837\",\"name\":\"Redaktionen SvM\",\"description\":\"Redaktionen\",\"sameAs\":[\"https:\\\/\\\/lightweb.dev\\\/l\\\/svm-temp\"],\"url\":\"https:\\\/\\\/lightweb.dev\\\/l\\\/svm-temp\\\/reporter\\\/redaktionen\\\/\"}]}<\/script>\n<!-- \/ Yoast SEO Premium plugin. -->","yoast_head_json":{"title":"Dags f\u00f6r Cabalgata och Los Reyes Magos - Svenska Magasinet","description":"Den 5 januari \u00e4r det dags f\u00f6r Melchor, Gaspar och Baltasar, utkl\u00e4dda i praktfulla kl\u00e4der, att bes\u00f6ka kommunerna p\u00e5 Solkusten precis som i \u00f6vriga Spanien. Barnens h\u00f6gtid \u00e4r h\u00e4r n\u00e4r det delas ut godis och vissa fall \u00e4ven leksaker.","robots":{"index":"noindex","follow":"follow","max-snippet":"max-snippet:-1","max-image-preview":"max-image-preview:large","max-video-preview":"max-video-preview:-1"},"og_locale":"sv_SE","og_type":"article","og_title":"Dags f\u00f6r Cabalgata och Los Reyes Magos","og_description":"Den 5 januari \u00e4r det dags f\u00f6r Melchor, Gaspar och Baltasar, utkl\u00e4dda i praktfulla kl\u00e4der, att bes\u00f6ka kommunerna p\u00e5 Solkusten precis som i \u00f6vriga Spanien. Barnens h\u00f6gtid \u00e4r h\u00e4r n\u00e4r det delas ut godis och vissa fall \u00e4ven leksaker.","og_url":"https:\/\/lightweb.dev\/l\/svm-temp\/nyheter\/dags-for-cabalgata-och-los-reyes-magos\/","og_site_name":"Svenska Magasinet","article_publisher":"https:\/\/www.facebook.com\/svenskamagasinet","article_published_time":"2024-01-03T10:05:32+00:00","article_modified_time":"2024-01-04T19:00:19+00:00","og_image":[{"width":1198,"height":838,"url":"https:\/\/lightweb.dev\/l\/svm-temp\/wp-content\/uploads\/2024\/01\/GCY_5MhXsAAX60T-stor.jpeg","type":"image\/jpeg"}],"author":"Redaktionen SvM","twitter_card":"summary_large_image","twitter_creator":"@SvenskaMagasine","twitter_site":"@SvenskaMagasine","schema":{"@context":"https:\/\/schema.org","@graph":[{"@type":"Article","@id":"https:\/\/lightweb.dev\/l\/svm-temp\/nyheter\/dags-for-cabalgata-och-los-reyes-magos\/#article","isPartOf":{"@id":"https:\/\/lightweb.dev\/l\/svm-temp\/nyheter\/dags-for-cabalgata-och-los-reyes-magos\/"},"author":{"name":"Redaktionen SvM","@id":"https:\/\/lightweb.dev\/l\/svm-temp\/#\/schema\/person\/206a3bda5b607b0c25e1749191e4d837"},"headline":"Dags f\u00f6r Cabalgata och Los Reyes Magos","datePublished":"2024-01-03T10:05:32+00:00","dateModified":"2024-01-04T19:00:19+00:00","mainEntityOfPage":{"@id":"https:\/\/lightweb.dev\/l\/svm-temp\/nyheter\/dags-for-cabalgata-och-los-reyes-magos\/"},"wordCount":926,"publisher":{"@id":"https:\/\/lightweb.dev\/l\/svm-temp\/#organization"},"image":{"@id":"https:\/\/lightweb.dev\/l\/svm-temp\/nyheter\/dags-for-cabalgata-och-los-reyes-magos\/#primaryimage"},"thumbnailUrl":"https:\/\/lightweb.dev\/l\/svm-temp\/wp-content\/uploads\/2024\/01\/GCY_5MhXsAAX60T-stor.jpeg","articleSection":["Arkiv","Nyheter"],"inLanguage":"sv-SE"},{"@type":"WebPage","@id":"https:\/\/lightweb.dev\/l\/svm-temp\/nyheter\/dags-for-cabalgata-och-los-reyes-magos\/","url":"https:\/\/lightweb.dev\/l\/svm-temp\/nyheter\/dags-for-cabalgata-och-los-reyes-magos\/","name":"Dags f\u00f6r Cabalgata och Los Reyes Magos - Svenska Magasinet","isPartOf":{"@id":"https:\/\/lightweb.dev\/l\/svm-temp\/#website"},"primaryImageOfPage":{"@id":"https:\/\/lightweb.dev\/l\/svm-temp\/nyheter\/dags-for-cabalgata-och-los-reyes-magos\/#primaryimage"},"image":{"@id":"https:\/\/lightweb.dev\/l\/svm-temp\/nyheter\/dags-for-cabalgata-och-los-reyes-magos\/#primaryimage"},"thumbnailUrl":"https:\/\/lightweb.dev\/l\/svm-temp\/wp-content\/uploads\/2024\/01\/GCY_5MhXsAAX60T-stor.jpeg","datePublished":"2024-01-03T10:05:32+00:00","dateModified":"2024-01-04T19:00:19+00:00","description":"Den 5 januari \u00e4r det dags f\u00f6r Melchor, Gaspar och Baltasar, utkl\u00e4dda i praktfulla kl\u00e4der, att bes\u00f6ka kommunerna p\u00e5 Solkusten precis som i \u00f6vriga Spanien. Barnens h\u00f6gtid \u00e4r h\u00e4r n\u00e4r det delas ut godis och vissa fall \u00e4ven leksaker.","breadcrumb":{"@id":"https:\/\/lightweb.dev\/l\/svm-temp\/nyheter\/dags-for-cabalgata-och-los-reyes-magos\/#breadcrumb"},"inLanguage":"sv-SE","potentialAction":[{"@type":"ReadAction","target":["https:\/\/lightweb.dev\/l\/svm-temp\/nyheter\/dags-for-cabalgata-och-los-reyes-magos\/"]}]},{"@type":"ImageObject","inLanguage":"sv-SE","@id":"https:\/\/lightweb.dev\/l\/svm-temp\/nyheter\/dags-for-cabalgata-och-los-reyes-magos\/#primaryimage","url":"https:\/\/lightweb.dev\/l\/svm-temp\/wp-content\/uploads\/2024\/01\/GCY_5MhXsAAX60T-stor.jpeg","contentUrl":"https:\/\/lightweb.dev\/l\/svm-temp\/wp-content\/uploads\/2024\/01\/GCY_5MhXsAAX60T-stor.jpeg","width":1198,"height":838},{"@type":"BreadcrumbList","@id":"https:\/\/lightweb.dev\/l\/svm-temp\/nyheter\/dags-for-cabalgata-och-los-reyes-magos\/#breadcrumb","itemListElement":[{"@type":"ListItem","position":1,"name":"Hem","item":"https:\/\/lightweb.dev\/l\/svm-temp\/"},{"@type":"ListItem","position":2,"name":"Dags f\u00f6r Cabalgata och Los Reyes Magos"}]},{"@type":"WebSite","@id":"https:\/\/lightweb.dev\/l\/svm-temp\/#website","url":"https:\/\/lightweb.dev\/l\/svm-temp\/","name":"Svenska Magasinet","description":"Dina Spanska nyheter p&aring; Svenska","publisher":{"@id":"https:\/\/lightweb.dev\/l\/svm-temp\/#organization"},"potentialAction":[{"@type":"SearchAction","target":{"@type":"EntryPoint","urlTemplate":"https:\/\/lightweb.dev\/l\/svm-temp\/?s={search_term_string}"},"query-input":{"@type":"PropertyValueSpecification","valueRequired":true,"valueName":"search_term_string"}}],"inLanguage":"sv-SE"},{"@type":"Organization","@id":"https:\/\/lightweb.dev\/l\/svm-temp\/#organization","name":"Melkerson y Nott SL","alternateName":"Svenska Magasinet","url":"https:\/\/lightweb.dev\/l\/svm-temp\/","logo":{"@type":"ImageObject","inLanguage":"sv-SE","@id":"https:\/\/lightweb.dev\/l\/svm-temp\/#\/schema\/logo\/image\/","url":"https:\/\/lightweb.dev\/l\/svm-temp\/wp-content\/uploads\/2025\/02\/SvM-logo-Xtra-Centrerad-SVART.png","contentUrl":"https:\/\/lightweb.dev\/l\/svm-temp\/wp-content\/uploads\/2025\/02\/SvM-logo-Xtra-Centrerad-SVART.png","width":300,"height":99,"caption":"Melkerson y Nott SL"},"image":{"@id":"https:\/\/lightweb.dev\/l\/svm-temp\/#\/schema\/logo\/image\/"},"sameAs":["https:\/\/www.facebook.com\/svenskamagasinet","https:\/\/x.com\/SvenskaMagasine"]},{"@type":"Person","@id":"https:\/\/lightweb.dev\/l\/svm-temp\/#\/schema\/person\/206a3bda5b607b0c25e1749191e4d837","name":"Redaktionen SvM","description":"Redaktionen","sameAs":["https:\/\/lightweb.dev\/l\/svm-temp"],"url":"https:\/\/lightweb.dev\/l\/svm-temp\/reporter\/redaktionen\/"}]}},"_links":{"self":[{"href":"https:\/\/lightweb.dev\/l\/svm-temp\/wp-json\/wp\/v2\/posts\/68647","targetHints":{"allow":["GET"]}}],"collection":[{"href":"https:\/\/lightweb.dev\/l\/svm-temp\/wp-json\/wp\/v2\/posts"}],"about":[{"href":"https:\/\/lightweb.dev\/l\/svm-temp\/wp-json\/wp\/v2\/types\/post"}],"author":[{"embeddable":true,"href":"https:\/\/lightweb.dev\/l\/svm-temp\/wp-json\/wp\/v2\/users\/8"}],"replies":[{"embeddable":true,"href":"https:\/\/lightweb.dev\/l\/svm-temp\/wp-json\/wp\/v2\/comments?post=68647"}],"version-history":[{"count":0,"href":"https:\/\/lightweb.dev\/l\/svm-temp\/wp-json\/wp\/v2\/posts\/68647\/revisions"}],"wp:featuredmedia":[{"embeddable":true,"href":"https:\/\/lightweb.dev\/l\/svm-temp\/wp-json\/wp\/v2\/media\/68648"}],"wp:attachment":[{"href":"https:\/\/lightweb.dev\/l\/svm-temp\/wp-json\/wp\/v2\/media?parent=68647"}],"wp:term":[{"taxonomy":"category","embeddable":true,"href":"https:\/\/lightweb.dev\/l\/svm-temp\/wp-json\/wp\/v2\/categories?post=68647"},{"taxonomy":"post_tag","embeddable":true,"href":"https:\/\/lightweb.dev\/l\/svm-temp\/wp-json\/wp\/v2\/tags?post=68647"}],"curies":[{"name":"wp","href":"https:\/\/api.w.org\/{rel}","templated":true}]}}