{"id":68654,"date":"2024-01-03T11:23:44","date_gmt":"2024-01-03T10:23:44","guid":{"rendered":"https:\/\/lightweb.dev\/l\/svm-temp\/?p=68654"},"modified":"2024-01-03T11:30:58","modified_gmt":"2024-01-03T10:30:58","slug":"svenskarna-langtar-till-varme-och-golf","status":"publish","type":"post","link":"https:\/\/lightweb.dev\/l\/svm-temp\/nyheter\/svenskarna-langtar-till-varme-och-golf\/","title":{"rendered":"Svenskarna l\u00e4ngtar till v\u00e4rme och golf"},"content":{"rendered":"<p><strong>\u00d6ver 40 minus har uppm\u00e4tts p\u00e5 tre platser i Norrland och till veckoslutet kan Stockholm f\u00e5 minus 20 grader.<\/strong><\/p>\n<p><strong>Inte konstigt att svenskar l\u00e4ngtar till v\u00e4rme och gr\u00f6na golfbanor.<\/strong><\/p>\n<p>S\u00e4songens k\u00f6ldrekord slogs under tisdagen i Nikkaluokta d\u00e4r 42,3 grader uppm\u00e4ttes p\u00e5 SMHI:s m\u00e4tstation. \u00c4ven s\u00f6dra halvan av Sverige v\u00e4ntas bli kall mot slutet av veckan. Under s\u00f6ndag och m\u00e5ndag kan temperaturen sjunka ner till minus 20 i Stockholm.<\/p>\n<p>SAS upplever just nu stark efterfr\u00e5gan p\u00e5 resor till framf\u00f6r allt London, M\u00e1laga och Miami, skriver flygbolaget i ett pressmeddelande.<\/p>\n<p><img loading=\"lazy\" decoding=\"async\" class=\"size-medium wp-image-66912 alignleft\" src=\"https:\/\/lightweb.dev\/l\/svm-temp\/wp-content\/uploads\/2023\/10\/02-Stor-300x225.jpeg\" alt=\"\" width=\"300\" height=\"225\" srcset=\"https:\/\/lightweb.dev\/l\/svm-temp\/wp-content\/uploads\/2023\/10\/02-Stor-300x225.jpeg 300w, https:\/\/lightweb.dev\/l\/svm-temp\/wp-content\/uploads\/2023\/10\/02-Stor-900x675.jpeg 900w, https:\/\/lightweb.dev\/l\/svm-temp\/wp-content\/uploads\/2023\/10\/02-Stor-768x576.jpeg 768w, https:\/\/lightweb.dev\/l\/svm-temp\/wp-content\/uploads\/2023\/10\/02-Stor-610x458.jpeg 610w, https:\/\/lightweb.dev\/l\/svm-temp\/wp-content\/uploads\/2023\/10\/02-Stor-1080x810.jpeg 1080w, https:\/\/lightweb.dev\/l\/svm-temp\/wp-content\/uploads\/2023\/10\/02-Stor-600x450.jpeg 600w, https:\/\/lightweb.dev\/l\/svm-temp\/wp-content\/uploads\/2023\/10\/02-Stor.jpeg 1280w\" sizes=\"(max-width: 300px) 100vw, 300px\" \/><\/p>\n<p>Storst\u00e4der \u00e4r popul\u00e4ra destinationer men SAS ser ocks\u00e5 en stark efterfr\u00e5gan p\u00e5 skid- och golfresor.<\/p>\n<p>Erik Westman, Chief Revenue Officer p\u00e5 SAS, delar med sig av insikter om reslusten:<\/p>\n<p>&#8211; Reslusten forts\u00e4tter vara stark fr\u00e5n Sverige, och vi str\u00e4var efter att snabbt anpassa oss genom att \u00f6ka kapaciteten till redan popul\u00e4ra destinationer som Berlin, Dublin, London och Milano och samtidigt \u00f6ppna nya rutter f\u00f6r att st\u00e4rka v\u00e5rt erbjudande och f\u00f6rhoppningsvis skapa nya favoriter f\u00f6r v\u00e5ra kunder.<\/p>\n<p>N\u00e4r det g\u00e4ller bokningsl\u00e4get f\u00f6r v\u00e5ren f\u00f6rv\u00e4ntas bland annat M\u00e1laga, Palma de Mallorca och Milano toppa listan \u00f6ver de mest popul\u00e4ra destinationerna. SAS ut\u00f6kar kapaciteten till flera popul\u00e4ra storst\u00e4der f\u00f6r weekendresor men ocks\u00e5 till golfdestinationer som Palma de Mallorca, Alicante och M\u00e1laga.<\/p>\n<p>Under vintern kommer SAS \u00e4ven att erbjuda direktflyg fr\u00e5n Stockholm till Sevilla.<\/p>\n<p><strong>Svenskarnas topp 5-destinationer denna vinter:<\/strong><\/p>\n<p>London<\/p>\n<p>M\u00e1laga<\/p>\n<p>Miami<\/p>\n<p>Kanarie\u00f6arna<\/p>\n<p>New York<\/p>\n","protected":false},"excerpt":{"rendered":"<p>\u00d6ver 40 minus har uppm\u00e4tts p\u00e5 tre platser i Norrland och till veckoslutet kan Stockholm f\u00e5 minus 20 grader. Inte konstigt att svenskar l\u00e4ngtar till v\u00e4rme och gr\u00f6na golfbanor&#8230;<\/p>\n","protected":false},"author":7,"featured_media":67793,"comment_status":"closed","ping_status":"closed","sticky":false,"template":"","format":"standard","meta":{"_et_pb_use_builder":"","_et_pb_old_content":"","_et_gb_content_width":"","footnotes":""},"categories":[3,352],"tags":[],"class_list":["post-68654","post","type-post","status-publish","format-standard","has-post-thumbnail","hentry","category-nyheter","category-sport"],"yoast_head":"<!-- This site is optimized with the Yoast SEO Premium plugin v26.2 (Yoast SEO v27.5) - https:\/\/yoast.com\/product\/yoast-seo-premium-wordpress\/ -->\n<title>Svenskarna l\u00e4ngtar till v\u00e4rme och golf - Svenska Magasinet<\/title>\n<meta name=\"description\" content=\"\u00d6ver 40 minus har uppm\u00e4tts p\u00e5 tre platser i Norrland och till veckoslutet kan Stockholm f\u00e5 minus 20 grader. Inte konstigt att svenskar l\u00e4ngtar till v\u00e4rme och gr\u00f6na golfbanor.\" \/>\n<meta name=\"robots\" content=\"noindex, follow, max-snippet:-1, max-image-preview:large, max-video-preview:-1\" \/>\n<meta property=\"og:locale\" content=\"sv_SE\" \/>\n<meta property=\"og:type\" content=\"article\" \/>\n<meta property=\"og:title\" content=\"Svenskarna l\u00e4ngtar till v\u00e4rme och golf\" \/>\n<meta property=\"og:description\" content=\"\u00d6ver 40 minus har uppm\u00e4tts p\u00e5 tre platser i Norrland och till veckoslutet kan Stockholm f\u00e5 minus 20 grader. Inte konstigt att svenskar l\u00e4ngtar till v\u00e4rme och gr\u00f6na golfbanor.\" \/>\n<meta property=\"og:url\" content=\"https:\/\/lightweb.dev\/l\/svm-temp\/nyheter\/svenskarna-langtar-till-varme-och-golf\/\" \/>\n<meta property=\"og:site_name\" content=\"Svenska Magasinet\" \/>\n<meta property=\"article:publisher\" content=\"https:\/\/www.facebook.com\/svenskamagasinet\" \/>\n<meta property=\"article:published_time\" content=\"2024-01-03T10:23:44+00:00\" \/>\n<meta property=\"article:modified_time\" content=\"2024-01-03T10:30:58+00:00\" \/>\n<meta property=\"og:image\" content=\"https:\/\/lightweb.dev\/l\/svm-temp\/wp-content\/uploads\/2018\/06\/Real-Club-de-Golf-Las-Brisas-6-stor.jpeg\" \/>\n\t<meta property=\"og:image:width\" content=\"1280\" \/>\n\t<meta property=\"og:image:height\" content=\"694\" \/>\n\t<meta property=\"og:image:type\" content=\"image\/jpeg\" \/>\n<meta name=\"author\" content=\"Ola Josefsson\" \/>\n<meta name=\"twitter:card\" content=\"summary_large_image\" \/>\n<meta name=\"twitter:creator\" content=\"@SvenskaMagasine\" \/>\n<meta name=\"twitter:site\" content=\"@SvenskaMagasine\" \/>\n<script type=\"application\/ld+json\" class=\"yoast-schema-graph\">{\"@context\":\"https:\\\/\\\/schema.org\",\"@graph\":[{\"@type\":\"Article\",\"@id\":\"https:\\\/\\\/lightweb.dev\\\/l\\\/svm-temp\\\/nyheter\\\/svenskarna-langtar-till-varme-och-golf\\\/#article\",\"isPartOf\":{\"@id\":\"https:\\\/\\\/lightweb.dev\\\/l\\\/svm-temp\\\/nyheter\\\/svenskarna-langtar-till-varme-och-golf\\\/\"},\"author\":{\"name\":\"Ola Josefsson\",\"@id\":\"https:\\\/\\\/lightweb.dev\\\/l\\\/svm-temp\\\/#\\\/schema\\\/person\\\/7a82b8a73d171d32360a564b6d03508e\"},\"headline\":\"Svenskarna l\u00e4ngtar till v\u00e4rme och golf\",\"datePublished\":\"2024-01-03T10:23:44+00:00\",\"dateModified\":\"2024-01-03T10:30:58+00:00\",\"mainEntityOfPage\":{\"@id\":\"https:\\\/\\\/lightweb.dev\\\/l\\\/svm-temp\\\/nyheter\\\/svenskarna-langtar-till-varme-och-golf\\\/\"},\"wordCount\":280,\"publisher\":{\"@id\":\"https:\\\/\\\/lightweb.dev\\\/l\\\/svm-temp\\\/#organization\"},\"image\":{\"@id\":\"https:\\\/\\\/lightweb.dev\\\/l\\\/svm-temp\\\/nyheter\\\/svenskarna-langtar-till-varme-och-golf\\\/#primaryimage\"},\"thumbnailUrl\":\"https:\\\/\\\/lightweb.dev\\\/l\\\/svm-temp\\\/wp-content\\\/uploads\\\/2018\\\/06\\\/Real-Club-de-Golf-Las-Brisas-6-stor.jpeg\",\"articleSection\":[\"Nyheter\",\"Sport\"],\"inLanguage\":\"sv-SE\"},{\"@type\":\"WebPage\",\"@id\":\"https:\\\/\\\/lightweb.dev\\\/l\\\/svm-temp\\\/nyheter\\\/svenskarna-langtar-till-varme-och-golf\\\/\",\"url\":\"https:\\\/\\\/lightweb.dev\\\/l\\\/svm-temp\\\/nyheter\\\/svenskarna-langtar-till-varme-och-golf\\\/\",\"name\":\"Svenskarna l\u00e4ngtar till v\u00e4rme och golf - Svenska Magasinet\",\"isPartOf\":{\"@id\":\"https:\\\/\\\/lightweb.dev\\\/l\\\/svm-temp\\\/#website\"},\"primaryImageOfPage\":{\"@id\":\"https:\\\/\\\/lightweb.dev\\\/l\\\/svm-temp\\\/nyheter\\\/svenskarna-langtar-till-varme-och-golf\\\/#primaryimage\"},\"image\":{\"@id\":\"https:\\\/\\\/lightweb.dev\\\/l\\\/svm-temp\\\/nyheter\\\/svenskarna-langtar-till-varme-och-golf\\\/#primaryimage\"},\"thumbnailUrl\":\"https:\\\/\\\/lightweb.dev\\\/l\\\/svm-temp\\\/wp-content\\\/uploads\\\/2018\\\/06\\\/Real-Club-de-Golf-Las-Brisas-6-stor.jpeg\",\"datePublished\":\"2024-01-03T10:23:44+00:00\",\"dateModified\":\"2024-01-03T10:30:58+00:00\",\"description\":\"\u00d6ver 40 minus har uppm\u00e4tts p\u00e5 tre platser i Norrland och till veckoslutet kan Stockholm f\u00e5 minus 20 grader. Inte konstigt att svenskar l\u00e4ngtar till v\u00e4rme och gr\u00f6na golfbanor.\",\"breadcrumb\":{\"@id\":\"https:\\\/\\\/lightweb.dev\\\/l\\\/svm-temp\\\/nyheter\\\/svenskarna-langtar-till-varme-och-golf\\\/#breadcrumb\"},\"inLanguage\":\"sv-SE\",\"potentialAction\":[{\"@type\":\"ReadAction\",\"target\":[\"https:\\\/\\\/lightweb.dev\\\/l\\\/svm-temp\\\/nyheter\\\/svenskarna-langtar-till-varme-och-golf\\\/\"]}]},{\"@type\":\"ImageObject\",\"inLanguage\":\"sv-SE\",\"@id\":\"https:\\\/\\\/lightweb.dev\\\/l\\\/svm-temp\\\/nyheter\\\/svenskarna-langtar-till-varme-och-golf\\\/#primaryimage\",\"url\":\"https:\\\/\\\/lightweb.dev\\\/l\\\/svm-temp\\\/wp-content\\\/uploads\\\/2018\\\/06\\\/Real-Club-de-Golf-Las-Brisas-6-stor.jpeg\",\"contentUrl\":\"https:\\\/\\\/lightweb.dev\\\/l\\\/svm-temp\\\/wp-content\\\/uploads\\\/2018\\\/06\\\/Real-Club-de-Golf-Las-Brisas-6-stor.jpeg\",\"width\":1280,\"height\":694,\"caption\":\"Efter jobbet kan du unna dig sol eller spela golf, padel, tennis eller vandra i bergen. Klimatet \u00e4r gjort f\u00f6r utomhusaktiviteter.\"},{\"@type\":\"BreadcrumbList\",\"@id\":\"https:\\\/\\\/lightweb.dev\\\/l\\\/svm-temp\\\/nyheter\\\/svenskarna-langtar-till-varme-och-golf\\\/#breadcrumb\",\"itemListElement\":[{\"@type\":\"ListItem\",\"position\":1,\"name\":\"Hem\",\"item\":\"https:\\\/\\\/lightweb.dev\\\/l\\\/svm-temp\\\/\"},{\"@type\":\"ListItem\",\"position\":2,\"name\":\"Svenskarna l\u00e4ngtar till v\u00e4rme och golf\"}]},{\"@type\":\"WebSite\",\"@id\":\"https:\\\/\\\/lightweb.dev\\\/l\\\/svm-temp\\\/#website\",\"url\":\"https:\\\/\\\/lightweb.dev\\\/l\\\/svm-temp\\\/\",\"name\":\"Svenska Magasinet\",\"description\":\"Dina Spanska nyheter p&aring; Svenska\",\"publisher\":{\"@id\":\"https:\\\/\\\/lightweb.dev\\\/l\\\/svm-temp\\\/#organization\"},\"potentialAction\":[{\"@type\":\"SearchAction\",\"target\":{\"@type\":\"EntryPoint\",\"urlTemplate\":\"https:\\\/\\\/lightweb.dev\\\/l\\\/svm-temp\\\/?s={search_term_string}\"},\"query-input\":{\"@type\":\"PropertyValueSpecification\",\"valueRequired\":true,\"valueName\":\"search_term_string\"}}],\"inLanguage\":\"sv-SE\"},{\"@type\":\"Organization\",\"@id\":\"https:\\\/\\\/lightweb.dev\\\/l\\\/svm-temp\\\/#organization\",\"name\":\"Melkerson y Nott SL\",\"alternateName\":\"Svenska Magasinet\",\"url\":\"https:\\\/\\\/lightweb.dev\\\/l\\\/svm-temp\\\/\",\"logo\":{\"@type\":\"ImageObject\",\"inLanguage\":\"sv-SE\",\"@id\":\"https:\\\/\\\/lightweb.dev\\\/l\\\/svm-temp\\\/#\\\/schema\\\/logo\\\/image\\\/\",\"url\":\"https:\\\/\\\/lightweb.dev\\\/l\\\/svm-temp\\\/wp-content\\\/uploads\\\/2025\\\/02\\\/SvM-logo-Xtra-Centrerad-SVART.png\",\"contentUrl\":\"https:\\\/\\\/lightweb.dev\\\/l\\\/svm-temp\\\/wp-content\\\/uploads\\\/2025\\\/02\\\/SvM-logo-Xtra-Centrerad-SVART.png\",\"width\":300,\"height\":99,\"caption\":\"Melkerson y Nott SL\"},\"image\":{\"@id\":\"https:\\\/\\\/lightweb.dev\\\/l\\\/svm-temp\\\/#\\\/schema\\\/logo\\\/image\\\/\"},\"sameAs\":[\"https:\\\/\\\/www.facebook.com\\\/svenskamagasinet\",\"https:\\\/\\\/x.com\\\/SvenskaMagasine\"]},{\"@type\":\"Person\",\"@id\":\"https:\\\/\\\/lightweb.dev\\\/l\\\/svm-temp\\\/#\\\/schema\\\/person\\\/7a82b8a73d171d32360a564b6d03508e\",\"name\":\"Ola Josefsson\",\"description\":\"Bevakar Solkusten och Spanien sedan 1994.\",\"sameAs\":[\"https:\\\/\\\/lightweb.dev\\\/l\\\/svm-temp\"],\"url\":\"https:\\\/\\\/lightweb.dev\\\/l\\\/svm-temp\\\/reporter\\\/ola-josefsson\\\/\"}]}<\/script>\n<!-- \/ Yoast SEO Premium plugin. -->","yoast_head_json":{"title":"Svenskarna l\u00e4ngtar till v\u00e4rme och golf - Svenska Magasinet","description":"\u00d6ver 40 minus har uppm\u00e4tts p\u00e5 tre platser i Norrland och till veckoslutet kan Stockholm f\u00e5 minus 20 grader. Inte konstigt att svenskar l\u00e4ngtar till v\u00e4rme och gr\u00f6na golfbanor.","robots":{"index":"noindex","follow":"follow","max-snippet":"max-snippet:-1","max-image-preview":"max-image-preview:large","max-video-preview":"max-video-preview:-1"},"og_locale":"sv_SE","og_type":"article","og_title":"Svenskarna l\u00e4ngtar till v\u00e4rme och golf","og_description":"\u00d6ver 40 minus har uppm\u00e4tts p\u00e5 tre platser i Norrland och till veckoslutet kan Stockholm f\u00e5 minus 20 grader. Inte konstigt att svenskar l\u00e4ngtar till v\u00e4rme och gr\u00f6na golfbanor.","og_url":"https:\/\/lightweb.dev\/l\/svm-temp\/nyheter\/svenskarna-langtar-till-varme-och-golf\/","og_site_name":"Svenska Magasinet","article_publisher":"https:\/\/www.facebook.com\/svenskamagasinet","article_published_time":"2024-01-03T10:23:44+00:00","article_modified_time":"2024-01-03T10:30:58+00:00","og_image":[{"width":1280,"height":694,"url":"https:\/\/lightweb.dev\/l\/svm-temp\/wp-content\/uploads\/2018\/06\/Real-Club-de-Golf-Las-Brisas-6-stor.jpeg","type":"image\/jpeg"}],"author":"Ola Josefsson","twitter_card":"summary_large_image","twitter_creator":"@SvenskaMagasine","twitter_site":"@SvenskaMagasine","schema":{"@context":"https:\/\/schema.org","@graph":[{"@type":"Article","@id":"https:\/\/lightweb.dev\/l\/svm-temp\/nyheter\/svenskarna-langtar-till-varme-och-golf\/#article","isPartOf":{"@id":"https:\/\/lightweb.dev\/l\/svm-temp\/nyheter\/svenskarna-langtar-till-varme-och-golf\/"},"author":{"name":"Ola Josefsson","@id":"https:\/\/lightweb.dev\/l\/svm-temp\/#\/schema\/person\/7a82b8a73d171d32360a564b6d03508e"},"headline":"Svenskarna l\u00e4ngtar till v\u00e4rme och golf","datePublished":"2024-01-03T10:23:44+00:00","dateModified":"2024-01-03T10:30:58+00:00","mainEntityOfPage":{"@id":"https:\/\/lightweb.dev\/l\/svm-temp\/nyheter\/svenskarna-langtar-till-varme-och-golf\/"},"wordCount":280,"publisher":{"@id":"https:\/\/lightweb.dev\/l\/svm-temp\/#organization"},"image":{"@id":"https:\/\/lightweb.dev\/l\/svm-temp\/nyheter\/svenskarna-langtar-till-varme-och-golf\/#primaryimage"},"thumbnailUrl":"https:\/\/lightweb.dev\/l\/svm-temp\/wp-content\/uploads\/2018\/06\/Real-Club-de-Golf-Las-Brisas-6-stor.jpeg","articleSection":["Nyheter","Sport"],"inLanguage":"sv-SE"},{"@type":"WebPage","@id":"https:\/\/lightweb.dev\/l\/svm-temp\/nyheter\/svenskarna-langtar-till-varme-och-golf\/","url":"https:\/\/lightweb.dev\/l\/svm-temp\/nyheter\/svenskarna-langtar-till-varme-och-golf\/","name":"Svenskarna l\u00e4ngtar till v\u00e4rme och golf - Svenska Magasinet","isPartOf":{"@id":"https:\/\/lightweb.dev\/l\/svm-temp\/#website"},"primaryImageOfPage":{"@id":"https:\/\/lightweb.dev\/l\/svm-temp\/nyheter\/svenskarna-langtar-till-varme-och-golf\/#primaryimage"},"image":{"@id":"https:\/\/lightweb.dev\/l\/svm-temp\/nyheter\/svenskarna-langtar-till-varme-och-golf\/#primaryimage"},"thumbnailUrl":"https:\/\/lightweb.dev\/l\/svm-temp\/wp-content\/uploads\/2018\/06\/Real-Club-de-Golf-Las-Brisas-6-stor.jpeg","datePublished":"2024-01-03T10:23:44+00:00","dateModified":"2024-01-03T10:30:58+00:00","description":"\u00d6ver 40 minus har uppm\u00e4tts p\u00e5 tre platser i Norrland och till veckoslutet kan Stockholm f\u00e5 minus 20 grader. Inte konstigt att svenskar l\u00e4ngtar till v\u00e4rme och gr\u00f6na golfbanor.","breadcrumb":{"@id":"https:\/\/lightweb.dev\/l\/svm-temp\/nyheter\/svenskarna-langtar-till-varme-och-golf\/#breadcrumb"},"inLanguage":"sv-SE","potentialAction":[{"@type":"ReadAction","target":["https:\/\/lightweb.dev\/l\/svm-temp\/nyheter\/svenskarna-langtar-till-varme-och-golf\/"]}]},{"@type":"ImageObject","inLanguage":"sv-SE","@id":"https:\/\/lightweb.dev\/l\/svm-temp\/nyheter\/svenskarna-langtar-till-varme-och-golf\/#primaryimage","url":"https:\/\/lightweb.dev\/l\/svm-temp\/wp-content\/uploads\/2018\/06\/Real-Club-de-Golf-Las-Brisas-6-stor.jpeg","contentUrl":"https:\/\/lightweb.dev\/l\/svm-temp\/wp-content\/uploads\/2018\/06\/Real-Club-de-Golf-Las-Brisas-6-stor.jpeg","width":1280,"height":694,"caption":"Efter jobbet kan du unna dig sol eller spela golf, padel, tennis eller vandra i bergen. Klimatet \u00e4r gjort f\u00f6r utomhusaktiviteter."},{"@type":"BreadcrumbList","@id":"https:\/\/lightweb.dev\/l\/svm-temp\/nyheter\/svenskarna-langtar-till-varme-och-golf\/#breadcrumb","itemListElement":[{"@type":"ListItem","position":1,"name":"Hem","item":"https:\/\/lightweb.dev\/l\/svm-temp\/"},{"@type":"ListItem","position":2,"name":"Svenskarna l\u00e4ngtar till v\u00e4rme och golf"}]},{"@type":"WebSite","@id":"https:\/\/lightweb.dev\/l\/svm-temp\/#website","url":"https:\/\/lightweb.dev\/l\/svm-temp\/","name":"Svenska Magasinet","description":"Dina Spanska nyheter p&aring; Svenska","publisher":{"@id":"https:\/\/lightweb.dev\/l\/svm-temp\/#organization"},"potentialAction":[{"@type":"SearchAction","target":{"@type":"EntryPoint","urlTemplate":"https:\/\/lightweb.dev\/l\/svm-temp\/?s={search_term_string}"},"query-input":{"@type":"PropertyValueSpecification","valueRequired":true,"valueName":"search_term_string"}}],"inLanguage":"sv-SE"},{"@type":"Organization","@id":"https:\/\/lightweb.dev\/l\/svm-temp\/#organization","name":"Melkerson y Nott SL","alternateName":"Svenska Magasinet","url":"https:\/\/lightweb.dev\/l\/svm-temp\/","logo":{"@type":"ImageObject","inLanguage":"sv-SE","@id":"https:\/\/lightweb.dev\/l\/svm-temp\/#\/schema\/logo\/image\/","url":"https:\/\/lightweb.dev\/l\/svm-temp\/wp-content\/uploads\/2025\/02\/SvM-logo-Xtra-Centrerad-SVART.png","contentUrl":"https:\/\/lightweb.dev\/l\/svm-temp\/wp-content\/uploads\/2025\/02\/SvM-logo-Xtra-Centrerad-SVART.png","width":300,"height":99,"caption":"Melkerson y Nott SL"},"image":{"@id":"https:\/\/lightweb.dev\/l\/svm-temp\/#\/schema\/logo\/image\/"},"sameAs":["https:\/\/www.facebook.com\/svenskamagasinet","https:\/\/x.com\/SvenskaMagasine"]},{"@type":"Person","@id":"https:\/\/lightweb.dev\/l\/svm-temp\/#\/schema\/person\/7a82b8a73d171d32360a564b6d03508e","name":"Ola Josefsson","description":"Bevakar Solkusten och Spanien sedan 1994.","sameAs":["https:\/\/lightweb.dev\/l\/svm-temp"],"url":"https:\/\/lightweb.dev\/l\/svm-temp\/reporter\/ola-josefsson\/"}]}},"_links":{"self":[{"href":"https:\/\/lightweb.dev\/l\/svm-temp\/wp-json\/wp\/v2\/posts\/68654","targetHints":{"allow":["GET"]}}],"collection":[{"href":"https:\/\/lightweb.dev\/l\/svm-temp\/wp-json\/wp\/v2\/posts"}],"about":[{"href":"https:\/\/lightweb.dev\/l\/svm-temp\/wp-json\/wp\/v2\/types\/post"}],"author":[{"embeddable":true,"href":"https:\/\/lightweb.dev\/l\/svm-temp\/wp-json\/wp\/v2\/users\/7"}],"replies":[{"embeddable":true,"href":"https:\/\/lightweb.dev\/l\/svm-temp\/wp-json\/wp\/v2\/comments?post=68654"}],"version-history":[{"count":0,"href":"https:\/\/lightweb.dev\/l\/svm-temp\/wp-json\/wp\/v2\/posts\/68654\/revisions"}],"wp:featuredmedia":[{"embeddable":true,"href":"https:\/\/lightweb.dev\/l\/svm-temp\/wp-json\/wp\/v2\/media\/67793"}],"wp:attachment":[{"href":"https:\/\/lightweb.dev\/l\/svm-temp\/wp-json\/wp\/v2\/media?parent=68654"}],"wp:term":[{"taxonomy":"category","embeddable":true,"href":"https:\/\/lightweb.dev\/l\/svm-temp\/wp-json\/wp\/v2\/categories?post=68654"},{"taxonomy":"post_tag","embeddable":true,"href":"https:\/\/lightweb.dev\/l\/svm-temp\/wp-json\/wp\/v2\/tags?post=68654"}],"curies":[{"name":"wp","href":"https:\/\/api.w.org\/{rel}","templated":true}]}}