{"id":68664,"date":"2024-01-03T15:36:59","date_gmt":"2024-01-03T14:36:59","guid":{"rendered":"https:\/\/lightweb.dev\/l\/svm-temp\/?p=68664"},"modified":"2024-01-03T15:40:41","modified_gmt":"2024-01-03T14:40:41","slug":"velez-malaga-vidgar-sitt-arbete-for-hallbarhet","status":"publish","type":"post","link":"https:\/\/lightweb.dev\/l\/svm-temp\/nyheter\/velez-malaga-vidgar-sitt-arbete-for-hallbarhet\/","title":{"rendered":"V\u00e9lez-M\u00e1laga vidgar sitt arbete f\u00f6r h\u00e5llbarhet"},"content":{"rendered":"<p><strong>Bland annat vill man \u00e5teruppta sp\u00e5rvagnen till Torre del Mar.<\/strong><\/p>\n<p><strong>Man ska ocks\u00e5 inf\u00f6ra milj\u00f6zoner i staden f\u00f6r att f\u00f6lja nya riktlinjer.\u00a0\u00a0\u00a0<\/strong><\/p>\n<p>Enligt lag m\u00e5ste alla st\u00e4der med fler \u00e4n 50 000 inv\u00e5nare ha milj\u00f6zoner, det vill s\u00e4ga omr\u00e5den med l\u00e5ga utsl\u00e4pp. Detta p\u00e5verkar 10 st\u00e4der i M\u00e1lagaprovinsen. V\u00e9lez-M\u00e1laga, d\u00e4r det bor ca 80 000 personer, h\u00e5ller p\u00e5 att fastst\u00e4lla sina planer f\u00f6r hur detta ska se ut.<\/p>\n<p>Till att b\u00f6rja med l\u00e4r stadens inv\u00e5nare inte m\u00e4rka n\u00e5gra st\u00f6rre f\u00f6r\u00e4ndringar. \u00c4n s\u00e5 l\u00e4nge har staden framf\u00f6rallt ut\u00f6kat och f\u00f6rb\u00e4ttrat g\u00e5gatorna i stadens centrum f\u00f6r att minska biltrafiken. Projektet \u00e4r nyligen p\u00e5b\u00f6rjat och v\u00e4ntas bli klart under \u00e5ret.<\/p>\n<h2><span style=\"font-weight: 400;\">\u00c4ndrat sig om sp\u00e5rvagnar<\/span><\/h2>\n<p><span style=\"font-weight: 400;\">Samtidigt har staden sv\u00e4ngt ang\u00e5ende sp\u00e5rvagnarna. Tj\u00e4nsten lades ner i juni 2012 och s\u00e5 sent som i september f\u00f6rra \u00e5ret slog man, efter m\u00e5nga diskussioner, fast att den inte skulle \u00e5terupptas. Nu har man \u00e4ndrat sig och planer finns p\u00e5 att \u00f6ppna sp\u00e5rvagnen mellan V\u00e9lez-M\u00e1laga och kuststaden Torre del Mar. Om detta \u00e4r m\u00f6jligt beror dock p\u00e5 om man kan f\u00e5 finansiering fr\u00e5n europeiska fonder.\u00a0<\/span><\/p>\n<p><span style=\"font-weight: 400;\">P\u00e5 fredagen den 29 december pratade Roc\u00edo Ruiz, omr\u00e5dets r\u00e5dman, om planerna f\u00f6r milj\u00f6zonerna. Hon kallar det \u201cett ambiti\u00f6st initiativ som speglar stadshusets \u00e5tagande f\u00f6r att skydda milj\u00f6n och bygga en mer h\u00e5llbar framtid.\u201d\u00a0<\/span><\/p>\n<p><span style=\"font-weight: 400;\">Planen r\u00f6r ett flertal omr\u00e5den, fr\u00e5n transport till avfallshantering. M\u00e5let \u00e4r bland annat att f\u00f6rb\u00e4ttra luftkvaliteten och f\u00f6rb\u00e4ttra kommunens lokaltrafik.<\/span><\/p>\n<p><span style=\"font-weight: 400;\">I sitt uttalande sade Ruiz att i f\u00f6rslagen som utreds finns ett engagemang f\u00f6r att \u201cfr\u00e4mja lokaltrafiken, g\u00e5gator i stadsmilj\u00f6 och f\u00f6rb\u00e4ttra r\u00f6rligheten\u201d. F\u00f6rhoppningen \u00e4r att minska f\u00f6rorenande utsl\u00e4pp, koldioxidavtrycket och ljudniv\u00e5n samt att \u00f6ka livskvaliteten f\u00f6r kommunens inv\u00e5nare.\u00a0\u00a0<\/span><\/p>\n<p><span style=\"font-weight: 400;\">\u201cI V\u00e9lez-M\u00e1laga har vi redan v\u00e5r H\u00e5llbara Plan f\u00f6r Urban R\u00f6rlighet som vi godk\u00e4nde 2012. D\u00e4r finns m\u00e5l f\u00f6r att minska trafiken och ut\u00f6ka platsen f\u00f6r fotg\u00e4ngare, framf\u00f6rallt i de mest t\u00e4tbefolkade omr\u00e5dena,\u201d fortsatte Ruiz. Under 2023 har man arbetat fram ett s\u00e4tt att ut\u00f6ka och uppdatera den f\u00f6r att ocks\u00e5 innefatta milj\u00f6zoner f\u00f6r att f\u00f6lja nya krav och m\u00e5l.\u00a0\u00a0<\/span><\/p>\n<h3><span style=\"font-weight: 400;\">\u00d6ka medvetenheten<\/span><\/h3>\n<p><span style=\"font-weight: 400;\">\u201cUnder 2024 ska vi utveckla ett tekniskt projekt f\u00f6r att implementera milj\u00f6zoner,\u201d f\u00f6rklarade Ruiz. Detta inneb\u00e4r bland annat tydliga skyltningar med riktlinjer och kontroll\u00e5tg\u00e4rder f\u00f6r att se till att de f\u00f6ljs. N\u00e5got som \u00e4r n\u00f6dv\u00e4ndigt f\u00f6r att f\u00e5 tillg\u00e5ng till externa pengar f\u00f6r projektet fr\u00e5n ministeriet f\u00f6r ekologisk \u00f6verg\u00e5ng och andra fonder, b\u00e5de p\u00e5 EU-niv\u00e5 och regionalt.\u00a0<\/span><\/p>\n<p><span style=\"font-weight: 400;\">Slutligen f\u00f6rklarade Ruiz att planen f\u00f6r 2024 \u00e4ven vill \u00f6ka lokalbefolkningens medvetenhet n\u00e4r det g\u00e4ller milj\u00f6fr\u00e5gor. Dessutom vill man bjuda in lokala f\u00f6reningar, grupper och olika kollektiv f\u00f6r att jobba tillsammans f\u00f6r n\u00e5 de uppsatta m\u00e5len.\u00a0<\/span><\/p>\n","protected":false},"excerpt":{"rendered":"<p>Bland annat vill man \u00e5teruppta sp\u00e5rvagnen till Torre del Mar. Man ska ocks\u00e5 inf\u00f6ra milj\u00f6zoner i staden f\u00f6r att f\u00f6lja nya riktlinjer.\u00a0\u00a0\u00a0<\/p>\n","protected":false},"author":14,"featured_media":16882,"comment_status":"closed","ping_status":"closed","sticky":false,"template":"","format":"standard","meta":{"_et_pb_use_builder":"","_et_pb_old_content":"","_et_gb_content_width":"","footnotes":""},"categories":[395,3],"tags":[],"class_list":["post-68664","post","type-post","status-publish","format-standard","has-post-thumbnail","hentry","category-arkiv-nyheter","category-nyheter"],"yoast_head":"<!-- This site is optimized with the Yoast SEO Premium plugin v26.2 (Yoast SEO v27.5) - https:\/\/yoast.com\/product\/yoast-seo-premium-wordpress\/ -->\n<title>V\u00e9lez-M\u00e1laga vidgar sitt arbete f\u00f6r h\u00e5llbarhet - Svenska Magasinet<\/title>\n<meta name=\"robots\" content=\"noindex, follow, max-snippet:-1, max-image-preview:large, max-video-preview:-1\" \/>\n<meta property=\"og:locale\" content=\"sv_SE\" \/>\n<meta property=\"og:type\" content=\"article\" \/>\n<meta property=\"og:title\" content=\"V\u00e9lez-M\u00e1laga vidgar sitt arbete f\u00f6r h\u00e5llbarhet\" \/>\n<meta property=\"og:description\" content=\"Bland annat vill man \u00e5teruppta sp\u00e5rvagnen till Torre del Mar. Man ska ocks\u00e5 inf\u00f6ra milj\u00f6zoner i staden f\u00f6r att f\u00f6lja nya riktlinjer.\u00a0\u00a0\u00a0\" \/>\n<meta property=\"og:url\" content=\"https:\/\/lightweb.dev\/l\/svm-temp\/nyheter\/velez-malaga-vidgar-sitt-arbete-for-hallbarhet\/\" \/>\n<meta property=\"og:site_name\" content=\"Svenska Magasinet\" \/>\n<meta property=\"article:publisher\" content=\"https:\/\/www.facebook.com\/svenskamagasinet\" \/>\n<meta property=\"article:published_time\" content=\"2024-01-03T14:36:59+00:00\" \/>\n<meta property=\"article:modified_time\" content=\"2024-01-03T14:40:41+00:00\" \/>\n<meta property=\"og:image\" content=\"https:\/\/lightweb.dev\/l\/svm-temp\/wp-content\/uploads\/2022\/06\/oklart-med-sparvagnstrafik-i-velez-malaga.png\" \/>\n\t<meta property=\"og:image:width\" content=\"500\" \/>\n\t<meta property=\"og:image:height\" content=\"300\" \/>\n\t<meta property=\"og:image:type\" content=\"image\/png\" \/>\n<meta name=\"author\" content=\"Robbie Eriksson\" \/>\n<meta name=\"twitter:card\" content=\"summary_large_image\" \/>\n<meta name=\"twitter:creator\" content=\"@SvenskaMagasine\" \/>\n<meta name=\"twitter:site\" content=\"@SvenskaMagasine\" \/>\n<script type=\"application\/ld+json\" class=\"yoast-schema-graph\">{\"@context\":\"https:\\\/\\\/schema.org\",\"@graph\":[{\"@type\":\"Article\",\"@id\":\"https:\\\/\\\/lightweb.dev\\\/l\\\/svm-temp\\\/nyheter\\\/velez-malaga-vidgar-sitt-arbete-for-hallbarhet\\\/#article\",\"isPartOf\":{\"@id\":\"https:\\\/\\\/lightweb.dev\\\/l\\\/svm-temp\\\/nyheter\\\/velez-malaga-vidgar-sitt-arbete-for-hallbarhet\\\/\"},\"author\":{\"name\":\"Robbie Eriksson\",\"@id\":\"https:\\\/\\\/lightweb.dev\\\/l\\\/svm-temp\\\/#\\\/schema\\\/person\\\/caffe038990d25722f5a04a03c906a2b\"},\"headline\":\"V\u00e9lez-M\u00e1laga vidgar sitt arbete f\u00f6r h\u00e5llbarhet\",\"datePublished\":\"2024-01-03T14:36:59+00:00\",\"dateModified\":\"2024-01-03T14:40:41+00:00\",\"mainEntityOfPage\":{\"@id\":\"https:\\\/\\\/lightweb.dev\\\/l\\\/svm-temp\\\/nyheter\\\/velez-malaga-vidgar-sitt-arbete-for-hallbarhet\\\/\"},\"wordCount\":556,\"publisher\":{\"@id\":\"https:\\\/\\\/lightweb.dev\\\/l\\\/svm-temp\\\/#organization\"},\"image\":{\"@id\":\"https:\\\/\\\/lightweb.dev\\\/l\\\/svm-temp\\\/nyheter\\\/velez-malaga-vidgar-sitt-arbete-for-hallbarhet\\\/#primaryimage\"},\"thumbnailUrl\":\"https:\\\/\\\/lightweb.dev\\\/l\\\/svm-temp\\\/wp-content\\\/uploads\\\/2022\\\/06\\\/oklart-med-sparvagnstrafik-i-velez-malaga.png\",\"articleSection\":[\"Arkiv\",\"Nyheter\"],\"inLanguage\":\"sv-SE\"},{\"@type\":\"WebPage\",\"@id\":\"https:\\\/\\\/lightweb.dev\\\/l\\\/svm-temp\\\/nyheter\\\/velez-malaga-vidgar-sitt-arbete-for-hallbarhet\\\/\",\"url\":\"https:\\\/\\\/lightweb.dev\\\/l\\\/svm-temp\\\/nyheter\\\/velez-malaga-vidgar-sitt-arbete-for-hallbarhet\\\/\",\"name\":\"V\u00e9lez-M\u00e1laga vidgar sitt arbete f\u00f6r h\u00e5llbarhet - Svenska Magasinet\",\"isPartOf\":{\"@id\":\"https:\\\/\\\/lightweb.dev\\\/l\\\/svm-temp\\\/#website\"},\"primaryImageOfPage\":{\"@id\":\"https:\\\/\\\/lightweb.dev\\\/l\\\/svm-temp\\\/nyheter\\\/velez-malaga-vidgar-sitt-arbete-for-hallbarhet\\\/#primaryimage\"},\"image\":{\"@id\":\"https:\\\/\\\/lightweb.dev\\\/l\\\/svm-temp\\\/nyheter\\\/velez-malaga-vidgar-sitt-arbete-for-hallbarhet\\\/#primaryimage\"},\"thumbnailUrl\":\"https:\\\/\\\/lightweb.dev\\\/l\\\/svm-temp\\\/wp-content\\\/uploads\\\/2022\\\/06\\\/oklart-med-sparvagnstrafik-i-velez-malaga.png\",\"datePublished\":\"2024-01-03T14:36:59+00:00\",\"dateModified\":\"2024-01-03T14:40:41+00:00\",\"breadcrumb\":{\"@id\":\"https:\\\/\\\/lightweb.dev\\\/l\\\/svm-temp\\\/nyheter\\\/velez-malaga-vidgar-sitt-arbete-for-hallbarhet\\\/#breadcrumb\"},\"inLanguage\":\"sv-SE\",\"potentialAction\":[{\"@type\":\"ReadAction\",\"target\":[\"https:\\\/\\\/lightweb.dev\\\/l\\\/svm-temp\\\/nyheter\\\/velez-malaga-vidgar-sitt-arbete-for-hallbarhet\\\/\"]}]},{\"@type\":\"ImageObject\",\"inLanguage\":\"sv-SE\",\"@id\":\"https:\\\/\\\/lightweb.dev\\\/l\\\/svm-temp\\\/nyheter\\\/velez-malaga-vidgar-sitt-arbete-for-hallbarhet\\\/#primaryimage\",\"url\":\"https:\\\/\\\/lightweb.dev\\\/l\\\/svm-temp\\\/wp-content\\\/uploads\\\/2022\\\/06\\\/oklart-med-sparvagnstrafik-i-velez-malaga.png\",\"contentUrl\":\"https:\\\/\\\/lightweb.dev\\\/l\\\/svm-temp\\\/wp-content\\\/uploads\\\/2022\\\/06\\\/oklart-med-sparvagnstrafik-i-velez-malaga.png\",\"width\":500,\"height\":300},{\"@type\":\"BreadcrumbList\",\"@id\":\"https:\\\/\\\/lightweb.dev\\\/l\\\/svm-temp\\\/nyheter\\\/velez-malaga-vidgar-sitt-arbete-for-hallbarhet\\\/#breadcrumb\",\"itemListElement\":[{\"@type\":\"ListItem\",\"position\":1,\"name\":\"Hem\",\"item\":\"https:\\\/\\\/lightweb.dev\\\/l\\\/svm-temp\\\/\"},{\"@type\":\"ListItem\",\"position\":2,\"name\":\"V\u00e9lez-M\u00e1laga vidgar sitt arbete f\u00f6r h\u00e5llbarhet\"}]},{\"@type\":\"WebSite\",\"@id\":\"https:\\\/\\\/lightweb.dev\\\/l\\\/svm-temp\\\/#website\",\"url\":\"https:\\\/\\\/lightweb.dev\\\/l\\\/svm-temp\\\/\",\"name\":\"Svenska Magasinet\",\"description\":\"Dina Spanska nyheter p&aring; Svenska\",\"publisher\":{\"@id\":\"https:\\\/\\\/lightweb.dev\\\/l\\\/svm-temp\\\/#organization\"},\"potentialAction\":[{\"@type\":\"SearchAction\",\"target\":{\"@type\":\"EntryPoint\",\"urlTemplate\":\"https:\\\/\\\/lightweb.dev\\\/l\\\/svm-temp\\\/?s={search_term_string}\"},\"query-input\":{\"@type\":\"PropertyValueSpecification\",\"valueRequired\":true,\"valueName\":\"search_term_string\"}}],\"inLanguage\":\"sv-SE\"},{\"@type\":\"Organization\",\"@id\":\"https:\\\/\\\/lightweb.dev\\\/l\\\/svm-temp\\\/#organization\",\"name\":\"Melkerson y Nott SL\",\"alternateName\":\"Svenska Magasinet\",\"url\":\"https:\\\/\\\/lightweb.dev\\\/l\\\/svm-temp\\\/\",\"logo\":{\"@type\":\"ImageObject\",\"inLanguage\":\"sv-SE\",\"@id\":\"https:\\\/\\\/lightweb.dev\\\/l\\\/svm-temp\\\/#\\\/schema\\\/logo\\\/image\\\/\",\"url\":\"https:\\\/\\\/lightweb.dev\\\/l\\\/svm-temp\\\/wp-content\\\/uploads\\\/2025\\\/02\\\/SvM-logo-Xtra-Centrerad-SVART.png\",\"contentUrl\":\"https:\\\/\\\/lightweb.dev\\\/l\\\/svm-temp\\\/wp-content\\\/uploads\\\/2025\\\/02\\\/SvM-logo-Xtra-Centrerad-SVART.png\",\"width\":300,\"height\":99,\"caption\":\"Melkerson y Nott SL\"},\"image\":{\"@id\":\"https:\\\/\\\/lightweb.dev\\\/l\\\/svm-temp\\\/#\\\/schema\\\/logo\\\/image\\\/\"},\"sameAs\":[\"https:\\\/\\\/www.facebook.com\\\/svenskamagasinet\",\"https:\\\/\\\/x.com\\\/SvenskaMagasine\"]},{\"@type\":\"Person\",\"@id\":\"https:\\\/\\\/lightweb.dev\\\/l\\\/svm-temp\\\/#\\\/schema\\\/person\\\/caffe038990d25722f5a04a03c906a2b\",\"name\":\"Robbie Eriksson\",\"sameAs\":[\"https:\\\/\\\/lightweb.dev\\\/l\\\/svm-temp\"],\"url\":\"https:\\\/\\\/lightweb.dev\\\/l\\\/svm-temp\\\/reporter\\\/robbie-eriksson\\\/\"}]}<\/script>\n<!-- \/ Yoast SEO Premium plugin. -->","yoast_head_json":{"title":"V\u00e9lez-M\u00e1laga vidgar sitt arbete f\u00f6r h\u00e5llbarhet - Svenska Magasinet","robots":{"index":"noindex","follow":"follow","max-snippet":"max-snippet:-1","max-image-preview":"max-image-preview:large","max-video-preview":"max-video-preview:-1"},"og_locale":"sv_SE","og_type":"article","og_title":"V\u00e9lez-M\u00e1laga vidgar sitt arbete f\u00f6r h\u00e5llbarhet","og_description":"Bland annat vill man \u00e5teruppta sp\u00e5rvagnen till Torre del Mar. Man ska ocks\u00e5 inf\u00f6ra milj\u00f6zoner i staden f\u00f6r att f\u00f6lja nya riktlinjer.\u00a0\u00a0\u00a0","og_url":"https:\/\/lightweb.dev\/l\/svm-temp\/nyheter\/velez-malaga-vidgar-sitt-arbete-for-hallbarhet\/","og_site_name":"Svenska Magasinet","article_publisher":"https:\/\/www.facebook.com\/svenskamagasinet","article_published_time":"2024-01-03T14:36:59+00:00","article_modified_time":"2024-01-03T14:40:41+00:00","og_image":[{"width":500,"height":300,"url":"https:\/\/lightweb.dev\/l\/svm-temp\/wp-content\/uploads\/2022\/06\/oklart-med-sparvagnstrafik-i-velez-malaga.png","type":"image\/png"}],"author":"Robbie Eriksson","twitter_card":"summary_large_image","twitter_creator":"@SvenskaMagasine","twitter_site":"@SvenskaMagasine","schema":{"@context":"https:\/\/schema.org","@graph":[{"@type":"Article","@id":"https:\/\/lightweb.dev\/l\/svm-temp\/nyheter\/velez-malaga-vidgar-sitt-arbete-for-hallbarhet\/#article","isPartOf":{"@id":"https:\/\/lightweb.dev\/l\/svm-temp\/nyheter\/velez-malaga-vidgar-sitt-arbete-for-hallbarhet\/"},"author":{"name":"Robbie Eriksson","@id":"https:\/\/lightweb.dev\/l\/svm-temp\/#\/schema\/person\/caffe038990d25722f5a04a03c906a2b"},"headline":"V\u00e9lez-M\u00e1laga vidgar sitt arbete f\u00f6r h\u00e5llbarhet","datePublished":"2024-01-03T14:36:59+00:00","dateModified":"2024-01-03T14:40:41+00:00","mainEntityOfPage":{"@id":"https:\/\/lightweb.dev\/l\/svm-temp\/nyheter\/velez-malaga-vidgar-sitt-arbete-for-hallbarhet\/"},"wordCount":556,"publisher":{"@id":"https:\/\/lightweb.dev\/l\/svm-temp\/#organization"},"image":{"@id":"https:\/\/lightweb.dev\/l\/svm-temp\/nyheter\/velez-malaga-vidgar-sitt-arbete-for-hallbarhet\/#primaryimage"},"thumbnailUrl":"https:\/\/lightweb.dev\/l\/svm-temp\/wp-content\/uploads\/2022\/06\/oklart-med-sparvagnstrafik-i-velez-malaga.png","articleSection":["Arkiv","Nyheter"],"inLanguage":"sv-SE"},{"@type":"WebPage","@id":"https:\/\/lightweb.dev\/l\/svm-temp\/nyheter\/velez-malaga-vidgar-sitt-arbete-for-hallbarhet\/","url":"https:\/\/lightweb.dev\/l\/svm-temp\/nyheter\/velez-malaga-vidgar-sitt-arbete-for-hallbarhet\/","name":"V\u00e9lez-M\u00e1laga vidgar sitt arbete f\u00f6r h\u00e5llbarhet - Svenska Magasinet","isPartOf":{"@id":"https:\/\/lightweb.dev\/l\/svm-temp\/#website"},"primaryImageOfPage":{"@id":"https:\/\/lightweb.dev\/l\/svm-temp\/nyheter\/velez-malaga-vidgar-sitt-arbete-for-hallbarhet\/#primaryimage"},"image":{"@id":"https:\/\/lightweb.dev\/l\/svm-temp\/nyheter\/velez-malaga-vidgar-sitt-arbete-for-hallbarhet\/#primaryimage"},"thumbnailUrl":"https:\/\/lightweb.dev\/l\/svm-temp\/wp-content\/uploads\/2022\/06\/oklart-med-sparvagnstrafik-i-velez-malaga.png","datePublished":"2024-01-03T14:36:59+00:00","dateModified":"2024-01-03T14:40:41+00:00","breadcrumb":{"@id":"https:\/\/lightweb.dev\/l\/svm-temp\/nyheter\/velez-malaga-vidgar-sitt-arbete-for-hallbarhet\/#breadcrumb"},"inLanguage":"sv-SE","potentialAction":[{"@type":"ReadAction","target":["https:\/\/lightweb.dev\/l\/svm-temp\/nyheter\/velez-malaga-vidgar-sitt-arbete-for-hallbarhet\/"]}]},{"@type":"ImageObject","inLanguage":"sv-SE","@id":"https:\/\/lightweb.dev\/l\/svm-temp\/nyheter\/velez-malaga-vidgar-sitt-arbete-for-hallbarhet\/#primaryimage","url":"https:\/\/lightweb.dev\/l\/svm-temp\/wp-content\/uploads\/2022\/06\/oklart-med-sparvagnstrafik-i-velez-malaga.png","contentUrl":"https:\/\/lightweb.dev\/l\/svm-temp\/wp-content\/uploads\/2022\/06\/oklart-med-sparvagnstrafik-i-velez-malaga.png","width":500,"height":300},{"@type":"BreadcrumbList","@id":"https:\/\/lightweb.dev\/l\/svm-temp\/nyheter\/velez-malaga-vidgar-sitt-arbete-for-hallbarhet\/#breadcrumb","itemListElement":[{"@type":"ListItem","position":1,"name":"Hem","item":"https:\/\/lightweb.dev\/l\/svm-temp\/"},{"@type":"ListItem","position":2,"name":"V\u00e9lez-M\u00e1laga vidgar sitt arbete f\u00f6r h\u00e5llbarhet"}]},{"@type":"WebSite","@id":"https:\/\/lightweb.dev\/l\/svm-temp\/#website","url":"https:\/\/lightweb.dev\/l\/svm-temp\/","name":"Svenska Magasinet","description":"Dina Spanska nyheter p&aring; Svenska","publisher":{"@id":"https:\/\/lightweb.dev\/l\/svm-temp\/#organization"},"potentialAction":[{"@type":"SearchAction","target":{"@type":"EntryPoint","urlTemplate":"https:\/\/lightweb.dev\/l\/svm-temp\/?s={search_term_string}"},"query-input":{"@type":"PropertyValueSpecification","valueRequired":true,"valueName":"search_term_string"}}],"inLanguage":"sv-SE"},{"@type":"Organization","@id":"https:\/\/lightweb.dev\/l\/svm-temp\/#organization","name":"Melkerson y Nott SL","alternateName":"Svenska Magasinet","url":"https:\/\/lightweb.dev\/l\/svm-temp\/","logo":{"@type":"ImageObject","inLanguage":"sv-SE","@id":"https:\/\/lightweb.dev\/l\/svm-temp\/#\/schema\/logo\/image\/","url":"https:\/\/lightweb.dev\/l\/svm-temp\/wp-content\/uploads\/2025\/02\/SvM-logo-Xtra-Centrerad-SVART.png","contentUrl":"https:\/\/lightweb.dev\/l\/svm-temp\/wp-content\/uploads\/2025\/02\/SvM-logo-Xtra-Centrerad-SVART.png","width":300,"height":99,"caption":"Melkerson y Nott SL"},"image":{"@id":"https:\/\/lightweb.dev\/l\/svm-temp\/#\/schema\/logo\/image\/"},"sameAs":["https:\/\/www.facebook.com\/svenskamagasinet","https:\/\/x.com\/SvenskaMagasine"]},{"@type":"Person","@id":"https:\/\/lightweb.dev\/l\/svm-temp\/#\/schema\/person\/caffe038990d25722f5a04a03c906a2b","name":"Robbie Eriksson","sameAs":["https:\/\/lightweb.dev\/l\/svm-temp"],"url":"https:\/\/lightweb.dev\/l\/svm-temp\/reporter\/robbie-eriksson\/"}]}},"_links":{"self":[{"href":"https:\/\/lightweb.dev\/l\/svm-temp\/wp-json\/wp\/v2\/posts\/68664","targetHints":{"allow":["GET"]}}],"collection":[{"href":"https:\/\/lightweb.dev\/l\/svm-temp\/wp-json\/wp\/v2\/posts"}],"about":[{"href":"https:\/\/lightweb.dev\/l\/svm-temp\/wp-json\/wp\/v2\/types\/post"}],"author":[{"embeddable":true,"href":"https:\/\/lightweb.dev\/l\/svm-temp\/wp-json\/wp\/v2\/users\/14"}],"replies":[{"embeddable":true,"href":"https:\/\/lightweb.dev\/l\/svm-temp\/wp-json\/wp\/v2\/comments?post=68664"}],"version-history":[{"count":0,"href":"https:\/\/lightweb.dev\/l\/svm-temp\/wp-json\/wp\/v2\/posts\/68664\/revisions"}],"wp:featuredmedia":[{"embeddable":true,"href":"https:\/\/lightweb.dev\/l\/svm-temp\/wp-json\/wp\/v2\/media\/16882"}],"wp:attachment":[{"href":"https:\/\/lightweb.dev\/l\/svm-temp\/wp-json\/wp\/v2\/media?parent=68664"}],"wp:term":[{"taxonomy":"category","embeddable":true,"href":"https:\/\/lightweb.dev\/l\/svm-temp\/wp-json\/wp\/v2\/categories?post=68664"},{"taxonomy":"post_tag","embeddable":true,"href":"https:\/\/lightweb.dev\/l\/svm-temp\/wp-json\/wp\/v2\/tags?post=68664"}],"curies":[{"name":"wp","href":"https:\/\/api.w.org\/{rel}","templated":true}]}}