{"id":68677,"date":"2024-01-04T12:02:43","date_gmt":"2024-01-04T11:02:43","guid":{"rendered":"https:\/\/lightweb.dev\/l\/svm-temp\/?p=68677"},"modified":"2024-01-05T10:34:28","modified_gmt":"2024-01-05T09:34:28","slug":"efter-37-ar-stanger-saluhallen-mercacentro-i-fuengirola","status":"publish","type":"post","link":"https:\/\/lightweb.dev\/l\/svm-temp\/nyheter\/efter-37-ar-stanger-saluhallen-mercacentro-i-fuengirola\/","title":{"rendered":"Efter 37 \u00e5r st\u00e4nger saluhallen Mercacentro i Fuengirola"},"content":{"rendered":"<p><strong>Den 5 januari blir sista dagen. Sedan st\u00e4nger Fuengirolas gamla slitna saluhall Mercacentro d\u00e5 arbetet inleds med en helt ny saluhall.<\/strong><\/p>\n<p><strong>28 familjer ber\u00f6rs varav n\u00e5gra har beslutat sig f\u00f6r att avsluta sin aff\u00e4rsverksamhet.<\/strong><\/p>\n<p>Stadsbilden kommer att f\u00f6r\u00e4ndra sig radikalt n\u00e4r den gamla saluhallen p\u00e5 avenida Clemente D\u00edaz mitt i hj\u00e4rtat av Fuengirola kommer att rivas f\u00f6r att l\u00e4mna plats f\u00f6r en helt ny saluhall.<\/p>\n<h2 class=\"entry-title\">L\u00e4s mer: <a href=\"https:\/\/lightweb.dev\/l\/svm-temp\/nyheter\/fuengirolas-nya-saluhall\/\">Fuengirolas nya saluhall<\/a><\/h2>\n<p>De handlare som \u00e4r kvar i saluhallen har fram till den 22 januari att flytta.<\/p>\n<p>Sedan v\u00e4ntar en period p\u00e5 18 m\u00e5nader med bygget av den nya saluhallen, ett projekt som kostar 12,8 miljoner euro. N\u00e5got officiellt datum f\u00f6r byggstart finns inte i nul\u00e4get.<\/p>\n<div id=\"attachment_62655\" style=\"width: 310px\" class=\"wp-caption alignleft\"><img loading=\"lazy\" decoding=\"async\" aria-describedby=\"caption-attachment-62655\" class=\"size-medium wp-image-62655\" src=\"https:\/\/lightweb.dev\/l\/svm-temp\/wp-content\/uploads\/2023\/03\/Aspecto-exterior-del-proyecto-del-Nuevo-Mercacentro-obra-del-estudio-de-arquitectura-de-Angel-Verdasco-stor-300x187.jpeg\" alt=\"\" width=\"300\" height=\"187\" srcset=\"https:\/\/lightweb.dev\/l\/svm-temp\/wp-content\/uploads\/2023\/03\/Aspecto-exterior-del-proyecto-del-Nuevo-Mercacentro-obra-del-estudio-de-arquitectura-de-Angel-Verdasco-stor-300x187.jpeg 300w, https:\/\/lightweb.dev\/l\/svm-temp\/wp-content\/uploads\/2023\/03\/Aspecto-exterior-del-proyecto-del-Nuevo-Mercacentro-obra-del-estudio-de-arquitectura-de-Angel-Verdasco-stor-900x560.jpeg 900w, https:\/\/lightweb.dev\/l\/svm-temp\/wp-content\/uploads\/2023\/03\/Aspecto-exterior-del-proyecto-del-Nuevo-Mercacentro-obra-del-estudio-de-arquitectura-de-Angel-Verdasco-stor-768x478.jpeg 768w, https:\/\/lightweb.dev\/l\/svm-temp\/wp-content\/uploads\/2023\/03\/Aspecto-exterior-del-proyecto-del-Nuevo-Mercacentro-obra-del-estudio-de-arquitectura-de-Angel-Verdasco-stor-610x380.jpeg 610w, https:\/\/lightweb.dev\/l\/svm-temp\/wp-content\/uploads\/2023\/03\/Aspecto-exterior-del-proyecto-del-Nuevo-Mercacentro-obra-del-estudio-de-arquitectura-de-Angel-Verdasco-stor-400x250.jpeg 400w, https:\/\/lightweb.dev\/l\/svm-temp\/wp-content\/uploads\/2023\/03\/Aspecto-exterior-del-proyecto-del-Nuevo-Mercacentro-obra-del-estudio-de-arquitectura-de-Angel-Verdasco-stor-1080x672.jpeg 1080w, https:\/\/lightweb.dev\/l\/svm-temp\/wp-content\/uploads\/2023\/03\/Aspecto-exterior-del-proyecto-del-Nuevo-Mercacentro-obra-del-estudio-de-arquitectura-de-Angel-Verdasco-stor-600x374.jpeg 600w, https:\/\/lightweb.dev\/l\/svm-temp\/wp-content\/uploads\/2023\/03\/Aspecto-exterior-del-proyecto-del-Nuevo-Mercacentro-obra-del-estudio-de-arquitectura-de-Angel-Verdasco-stor.jpeg 1280w\" sizes=\"(max-width: 300px) 100vw, 300px\" \/><p id=\"caption-attachment-62655\" class=\"wp-caption-text\">Byggtiden \u00e4r ber\u00e4knad till 18 m\u00e5nader f\u00f6r Fuengirolas nya saluhall.<\/p><\/div>\n<p>Den framtida saluhallen blir n\u00e5gonting helt nytt med en banbrytande arkitektonisk design i glas och tr\u00e4. P\u00e5 f\u00f6rsta v\u00e5ningen blir det saluhall medan det blir restauranger och terrasser p\u00e5 v\u00e5ning tv\u00e5.<\/p>\n<p>Under markytan blir det ytterligare tv\u00e5 v\u00e5ningsplan f\u00f6r parkering samt lager och avlastningsomr\u00e5de.<\/p>\n<p>I den gamla saluhallen har 28 butiker eller f\u00f6rs\u00e4ljningsst\u00e5nd utnyttjats av totalt 130. N\u00e5gra har beslutat att avsluta sina aff\u00e4rsr\u00f6relser medan n\u00e5gra flyttar till andra lokaler i stan, skriver <a href=\"https:\/\/www.diariosur.es\/costadelsol\/mercado-fuengirola-cierra-tras-anos-paso-remodelacion-20240103002225-nt.html\">Diario Sur.<\/a><\/p>\n","protected":false},"excerpt":{"rendered":"<p>Den 5 januari blir sista dagen. Sedan st\u00e4nger Fuengirolas gamla slitna saluhall Mercacentro d\u00e5 arbetet inleds med en helt ny saluhall. 28 familjer ber\u00f6rs varav n\u00e5gra har beslutat sig f\u00f6r att avsluta sin aff\u00e4rsverksamhet&#8230;<\/p>\n","protected":false},"author":7,"featured_media":68679,"comment_status":"closed","ping_status":"closed","sticky":false,"template":"","format":"standard","meta":{"_et_pb_use_builder":"","_et_pb_old_content":"","_et_gb_content_width":"","footnotes":""},"categories":[395,3],"tags":[],"class_list":["post-68677","post","type-post","status-publish","format-standard","has-post-thumbnail","hentry","category-arkiv-nyheter","category-nyheter"],"yoast_head":"<!-- This site is optimized with the Yoast SEO Premium plugin v26.2 (Yoast SEO v27.5) - https:\/\/yoast.com\/product\/yoast-seo-premium-wordpress\/ -->\n<title>Efter 37 \u00e5r st\u00e4nger saluhallen Mercacentro i Fuengirola - Svenska Magasinet<\/title>\n<meta name=\"description\" content=\"Den 5 januari blir sista dagen. Sedan st\u00e4nger Fuengirolas gamla slitna saluhall Mercacentro d\u00e5 arbetet inleds med en helt ny saluhall. 28 familjer ber\u00f6rs varav n\u00e5gra har beslutat sig f\u00f6r att avsluta sin aff\u00e4rsverksamhet.\" \/>\n<meta name=\"robots\" content=\"noindex, follow, max-snippet:-1, max-image-preview:large, max-video-preview:-1\" \/>\n<meta property=\"og:locale\" content=\"sv_SE\" \/>\n<meta property=\"og:type\" content=\"article\" \/>\n<meta property=\"og:title\" content=\"Efter 37 \u00e5r st\u00e4nger saluhallen Mercacentro i Fuengirola\" \/>\n<meta property=\"og:description\" content=\"Den 5 januari blir sista dagen. Sedan st\u00e4nger Fuengirolas gamla slitna saluhall Mercacentro d\u00e5 arbetet inleds med en helt ny saluhall. 28 familjer ber\u00f6rs varav n\u00e5gra har beslutat sig f\u00f6r att avsluta sin aff\u00e4rsverksamhet.\" \/>\n<meta property=\"og:url\" content=\"https:\/\/lightweb.dev\/l\/svm-temp\/nyheter\/efter-37-ar-stanger-saluhallen-mercacentro-i-fuengirola\/\" \/>\n<meta property=\"og:site_name\" content=\"Svenska Magasinet\" \/>\n<meta property=\"article:publisher\" content=\"https:\/\/www.facebook.com\/svenskamagasinet\" \/>\n<meta property=\"article:published_time\" content=\"2024-01-04T11:02:43+00:00\" \/>\n<meta property=\"article:modified_time\" content=\"2024-01-05T09:34:28+00:00\" \/>\n<meta property=\"og:image\" content=\"https:\/\/lightweb.dev\/l\/svm-temp\/wp-content\/uploads\/2024\/01\/IMG-0449-stor.jpeg\" \/>\n\t<meta property=\"og:image:width\" content=\"1280\" \/>\n\t<meta property=\"og:image:height\" content=\"960\" \/>\n\t<meta property=\"og:image:type\" content=\"image\/jpeg\" \/>\n<meta name=\"author\" content=\"Ola Josefsson\" \/>\n<meta name=\"twitter:card\" content=\"summary_large_image\" \/>\n<meta name=\"twitter:creator\" content=\"@SvenskaMagasine\" \/>\n<meta name=\"twitter:site\" content=\"@SvenskaMagasine\" \/>\n<script type=\"application\/ld+json\" class=\"yoast-schema-graph\">{\"@context\":\"https:\\\/\\\/schema.org\",\"@graph\":[{\"@type\":\"Article\",\"@id\":\"https:\\\/\\\/lightweb.dev\\\/l\\\/svm-temp\\\/nyheter\\\/efter-37-ar-stanger-saluhallen-mercacentro-i-fuengirola\\\/#article\",\"isPartOf\":{\"@id\":\"https:\\\/\\\/lightweb.dev\\\/l\\\/svm-temp\\\/nyheter\\\/efter-37-ar-stanger-saluhallen-mercacentro-i-fuengirola\\\/\"},\"author\":{\"name\":\"Ola Josefsson\",\"@id\":\"https:\\\/\\\/lightweb.dev\\\/l\\\/svm-temp\\\/#\\\/schema\\\/person\\\/7a82b8a73d171d32360a564b6d03508e\"},\"headline\":\"Efter 37 \u00e5r st\u00e4nger saluhallen Mercacentro i Fuengirola\",\"datePublished\":\"2024-01-04T11:02:43+00:00\",\"dateModified\":\"2024-01-05T09:34:28+00:00\",\"mainEntityOfPage\":{\"@id\":\"https:\\\/\\\/lightweb.dev\\\/l\\\/svm-temp\\\/nyheter\\\/efter-37-ar-stanger-saluhallen-mercacentro-i-fuengirola\\\/\"},\"wordCount\":242,\"publisher\":{\"@id\":\"https:\\\/\\\/lightweb.dev\\\/l\\\/svm-temp\\\/#organization\"},\"image\":{\"@id\":\"https:\\\/\\\/lightweb.dev\\\/l\\\/svm-temp\\\/nyheter\\\/efter-37-ar-stanger-saluhallen-mercacentro-i-fuengirola\\\/#primaryimage\"},\"thumbnailUrl\":\"https:\\\/\\\/lightweb.dev\\\/l\\\/svm-temp\\\/wp-content\\\/uploads\\\/2024\\\/01\\\/IMG-0449-stor.jpeg\",\"articleSection\":[\"Arkiv\",\"Nyheter\"],\"inLanguage\":\"sv-SE\"},{\"@type\":\"WebPage\",\"@id\":\"https:\\\/\\\/lightweb.dev\\\/l\\\/svm-temp\\\/nyheter\\\/efter-37-ar-stanger-saluhallen-mercacentro-i-fuengirola\\\/\",\"url\":\"https:\\\/\\\/lightweb.dev\\\/l\\\/svm-temp\\\/nyheter\\\/efter-37-ar-stanger-saluhallen-mercacentro-i-fuengirola\\\/\",\"name\":\"Efter 37 \u00e5r st\u00e4nger saluhallen Mercacentro i Fuengirola - Svenska Magasinet\",\"isPartOf\":{\"@id\":\"https:\\\/\\\/lightweb.dev\\\/l\\\/svm-temp\\\/#website\"},\"primaryImageOfPage\":{\"@id\":\"https:\\\/\\\/lightweb.dev\\\/l\\\/svm-temp\\\/nyheter\\\/efter-37-ar-stanger-saluhallen-mercacentro-i-fuengirola\\\/#primaryimage\"},\"image\":{\"@id\":\"https:\\\/\\\/lightweb.dev\\\/l\\\/svm-temp\\\/nyheter\\\/efter-37-ar-stanger-saluhallen-mercacentro-i-fuengirola\\\/#primaryimage\"},\"thumbnailUrl\":\"https:\\\/\\\/lightweb.dev\\\/l\\\/svm-temp\\\/wp-content\\\/uploads\\\/2024\\\/01\\\/IMG-0449-stor.jpeg\",\"datePublished\":\"2024-01-04T11:02:43+00:00\",\"dateModified\":\"2024-01-05T09:34:28+00:00\",\"description\":\"Den 5 januari blir sista dagen. Sedan st\u00e4nger Fuengirolas gamla slitna saluhall Mercacentro d\u00e5 arbetet inleds med en helt ny saluhall. 28 familjer ber\u00f6rs varav n\u00e5gra har beslutat sig f\u00f6r att avsluta sin aff\u00e4rsverksamhet.\",\"breadcrumb\":{\"@id\":\"https:\\\/\\\/lightweb.dev\\\/l\\\/svm-temp\\\/nyheter\\\/efter-37-ar-stanger-saluhallen-mercacentro-i-fuengirola\\\/#breadcrumb\"},\"inLanguage\":\"sv-SE\",\"potentialAction\":[{\"@type\":\"ReadAction\",\"target\":[\"https:\\\/\\\/lightweb.dev\\\/l\\\/svm-temp\\\/nyheter\\\/efter-37-ar-stanger-saluhallen-mercacentro-i-fuengirola\\\/\"]}]},{\"@type\":\"ImageObject\",\"inLanguage\":\"sv-SE\",\"@id\":\"https:\\\/\\\/lightweb.dev\\\/l\\\/svm-temp\\\/nyheter\\\/efter-37-ar-stanger-saluhallen-mercacentro-i-fuengirola\\\/#primaryimage\",\"url\":\"https:\\\/\\\/lightweb.dev\\\/l\\\/svm-temp\\\/wp-content\\\/uploads\\\/2024\\\/01\\\/IMG-0449-stor.jpeg\",\"contentUrl\":\"https:\\\/\\\/lightweb.dev\\\/l\\\/svm-temp\\\/wp-content\\\/uploads\\\/2024\\\/01\\\/IMG-0449-stor.jpeg\",\"width\":1280,\"height\":960,\"caption\":\"Den 5 januari blir sista dagen som Fuengirolas gamla slitna saluhall h\u00e5ller \u00f6ppet.\"},{\"@type\":\"BreadcrumbList\",\"@id\":\"https:\\\/\\\/lightweb.dev\\\/l\\\/svm-temp\\\/nyheter\\\/efter-37-ar-stanger-saluhallen-mercacentro-i-fuengirola\\\/#breadcrumb\",\"itemListElement\":[{\"@type\":\"ListItem\",\"position\":1,\"name\":\"Hem\",\"item\":\"https:\\\/\\\/lightweb.dev\\\/l\\\/svm-temp\\\/\"},{\"@type\":\"ListItem\",\"position\":2,\"name\":\"Efter 37 \u00e5r st\u00e4nger saluhallen Mercacentro i Fuengirola\"}]},{\"@type\":\"WebSite\",\"@id\":\"https:\\\/\\\/lightweb.dev\\\/l\\\/svm-temp\\\/#website\",\"url\":\"https:\\\/\\\/lightweb.dev\\\/l\\\/svm-temp\\\/\",\"name\":\"Svenska Magasinet\",\"description\":\"Dina Spanska nyheter p&aring; Svenska\",\"publisher\":{\"@id\":\"https:\\\/\\\/lightweb.dev\\\/l\\\/svm-temp\\\/#organization\"},\"potentialAction\":[{\"@type\":\"SearchAction\",\"target\":{\"@type\":\"EntryPoint\",\"urlTemplate\":\"https:\\\/\\\/lightweb.dev\\\/l\\\/svm-temp\\\/?s={search_term_string}\"},\"query-input\":{\"@type\":\"PropertyValueSpecification\",\"valueRequired\":true,\"valueName\":\"search_term_string\"}}],\"inLanguage\":\"sv-SE\"},{\"@type\":\"Organization\",\"@id\":\"https:\\\/\\\/lightweb.dev\\\/l\\\/svm-temp\\\/#organization\",\"name\":\"Melkerson y Nott SL\",\"alternateName\":\"Svenska Magasinet\",\"url\":\"https:\\\/\\\/lightweb.dev\\\/l\\\/svm-temp\\\/\",\"logo\":{\"@type\":\"ImageObject\",\"inLanguage\":\"sv-SE\",\"@id\":\"https:\\\/\\\/lightweb.dev\\\/l\\\/svm-temp\\\/#\\\/schema\\\/logo\\\/image\\\/\",\"url\":\"https:\\\/\\\/lightweb.dev\\\/l\\\/svm-temp\\\/wp-content\\\/uploads\\\/2025\\\/02\\\/SvM-logo-Xtra-Centrerad-SVART.png\",\"contentUrl\":\"https:\\\/\\\/lightweb.dev\\\/l\\\/svm-temp\\\/wp-content\\\/uploads\\\/2025\\\/02\\\/SvM-logo-Xtra-Centrerad-SVART.png\",\"width\":300,\"height\":99,\"caption\":\"Melkerson y Nott SL\"},\"image\":{\"@id\":\"https:\\\/\\\/lightweb.dev\\\/l\\\/svm-temp\\\/#\\\/schema\\\/logo\\\/image\\\/\"},\"sameAs\":[\"https:\\\/\\\/www.facebook.com\\\/svenskamagasinet\",\"https:\\\/\\\/x.com\\\/SvenskaMagasine\"]},{\"@type\":\"Person\",\"@id\":\"https:\\\/\\\/lightweb.dev\\\/l\\\/svm-temp\\\/#\\\/schema\\\/person\\\/7a82b8a73d171d32360a564b6d03508e\",\"name\":\"Ola Josefsson\",\"description\":\"Bevakar Solkusten och Spanien sedan 1994.\",\"sameAs\":[\"https:\\\/\\\/lightweb.dev\\\/l\\\/svm-temp\"],\"url\":\"https:\\\/\\\/lightweb.dev\\\/l\\\/svm-temp\\\/reporter\\\/ola-josefsson\\\/\"}]}<\/script>\n<!-- \/ Yoast SEO Premium plugin. -->","yoast_head_json":{"title":"Efter 37 \u00e5r st\u00e4nger saluhallen Mercacentro i Fuengirola - Svenska Magasinet","description":"Den 5 januari blir sista dagen. Sedan st\u00e4nger Fuengirolas gamla slitna saluhall Mercacentro d\u00e5 arbetet inleds med en helt ny saluhall. 28 familjer ber\u00f6rs varav n\u00e5gra har beslutat sig f\u00f6r att avsluta sin aff\u00e4rsverksamhet.","robots":{"index":"noindex","follow":"follow","max-snippet":"max-snippet:-1","max-image-preview":"max-image-preview:large","max-video-preview":"max-video-preview:-1"},"og_locale":"sv_SE","og_type":"article","og_title":"Efter 37 \u00e5r st\u00e4nger saluhallen Mercacentro i Fuengirola","og_description":"Den 5 januari blir sista dagen. Sedan st\u00e4nger Fuengirolas gamla slitna saluhall Mercacentro d\u00e5 arbetet inleds med en helt ny saluhall. 28 familjer ber\u00f6rs varav n\u00e5gra har beslutat sig f\u00f6r att avsluta sin aff\u00e4rsverksamhet.","og_url":"https:\/\/lightweb.dev\/l\/svm-temp\/nyheter\/efter-37-ar-stanger-saluhallen-mercacentro-i-fuengirola\/","og_site_name":"Svenska Magasinet","article_publisher":"https:\/\/www.facebook.com\/svenskamagasinet","article_published_time":"2024-01-04T11:02:43+00:00","article_modified_time":"2024-01-05T09:34:28+00:00","og_image":[{"width":1280,"height":960,"url":"https:\/\/lightweb.dev\/l\/svm-temp\/wp-content\/uploads\/2024\/01\/IMG-0449-stor.jpeg","type":"image\/jpeg"}],"author":"Ola Josefsson","twitter_card":"summary_large_image","twitter_creator":"@SvenskaMagasine","twitter_site":"@SvenskaMagasine","schema":{"@context":"https:\/\/schema.org","@graph":[{"@type":"Article","@id":"https:\/\/lightweb.dev\/l\/svm-temp\/nyheter\/efter-37-ar-stanger-saluhallen-mercacentro-i-fuengirola\/#article","isPartOf":{"@id":"https:\/\/lightweb.dev\/l\/svm-temp\/nyheter\/efter-37-ar-stanger-saluhallen-mercacentro-i-fuengirola\/"},"author":{"name":"Ola Josefsson","@id":"https:\/\/lightweb.dev\/l\/svm-temp\/#\/schema\/person\/7a82b8a73d171d32360a564b6d03508e"},"headline":"Efter 37 \u00e5r st\u00e4nger saluhallen Mercacentro i Fuengirola","datePublished":"2024-01-04T11:02:43+00:00","dateModified":"2024-01-05T09:34:28+00:00","mainEntityOfPage":{"@id":"https:\/\/lightweb.dev\/l\/svm-temp\/nyheter\/efter-37-ar-stanger-saluhallen-mercacentro-i-fuengirola\/"},"wordCount":242,"publisher":{"@id":"https:\/\/lightweb.dev\/l\/svm-temp\/#organization"},"image":{"@id":"https:\/\/lightweb.dev\/l\/svm-temp\/nyheter\/efter-37-ar-stanger-saluhallen-mercacentro-i-fuengirola\/#primaryimage"},"thumbnailUrl":"https:\/\/lightweb.dev\/l\/svm-temp\/wp-content\/uploads\/2024\/01\/IMG-0449-stor.jpeg","articleSection":["Arkiv","Nyheter"],"inLanguage":"sv-SE"},{"@type":"WebPage","@id":"https:\/\/lightweb.dev\/l\/svm-temp\/nyheter\/efter-37-ar-stanger-saluhallen-mercacentro-i-fuengirola\/","url":"https:\/\/lightweb.dev\/l\/svm-temp\/nyheter\/efter-37-ar-stanger-saluhallen-mercacentro-i-fuengirola\/","name":"Efter 37 \u00e5r st\u00e4nger saluhallen Mercacentro i Fuengirola - Svenska Magasinet","isPartOf":{"@id":"https:\/\/lightweb.dev\/l\/svm-temp\/#website"},"primaryImageOfPage":{"@id":"https:\/\/lightweb.dev\/l\/svm-temp\/nyheter\/efter-37-ar-stanger-saluhallen-mercacentro-i-fuengirola\/#primaryimage"},"image":{"@id":"https:\/\/lightweb.dev\/l\/svm-temp\/nyheter\/efter-37-ar-stanger-saluhallen-mercacentro-i-fuengirola\/#primaryimage"},"thumbnailUrl":"https:\/\/lightweb.dev\/l\/svm-temp\/wp-content\/uploads\/2024\/01\/IMG-0449-stor.jpeg","datePublished":"2024-01-04T11:02:43+00:00","dateModified":"2024-01-05T09:34:28+00:00","description":"Den 5 januari blir sista dagen. Sedan st\u00e4nger Fuengirolas gamla slitna saluhall Mercacentro d\u00e5 arbetet inleds med en helt ny saluhall. 28 familjer ber\u00f6rs varav n\u00e5gra har beslutat sig f\u00f6r att avsluta sin aff\u00e4rsverksamhet.","breadcrumb":{"@id":"https:\/\/lightweb.dev\/l\/svm-temp\/nyheter\/efter-37-ar-stanger-saluhallen-mercacentro-i-fuengirola\/#breadcrumb"},"inLanguage":"sv-SE","potentialAction":[{"@type":"ReadAction","target":["https:\/\/lightweb.dev\/l\/svm-temp\/nyheter\/efter-37-ar-stanger-saluhallen-mercacentro-i-fuengirola\/"]}]},{"@type":"ImageObject","inLanguage":"sv-SE","@id":"https:\/\/lightweb.dev\/l\/svm-temp\/nyheter\/efter-37-ar-stanger-saluhallen-mercacentro-i-fuengirola\/#primaryimage","url":"https:\/\/lightweb.dev\/l\/svm-temp\/wp-content\/uploads\/2024\/01\/IMG-0449-stor.jpeg","contentUrl":"https:\/\/lightweb.dev\/l\/svm-temp\/wp-content\/uploads\/2024\/01\/IMG-0449-stor.jpeg","width":1280,"height":960,"caption":"Den 5 januari blir sista dagen som Fuengirolas gamla slitna saluhall h\u00e5ller \u00f6ppet."},{"@type":"BreadcrumbList","@id":"https:\/\/lightweb.dev\/l\/svm-temp\/nyheter\/efter-37-ar-stanger-saluhallen-mercacentro-i-fuengirola\/#breadcrumb","itemListElement":[{"@type":"ListItem","position":1,"name":"Hem","item":"https:\/\/lightweb.dev\/l\/svm-temp\/"},{"@type":"ListItem","position":2,"name":"Efter 37 \u00e5r st\u00e4nger saluhallen Mercacentro i Fuengirola"}]},{"@type":"WebSite","@id":"https:\/\/lightweb.dev\/l\/svm-temp\/#website","url":"https:\/\/lightweb.dev\/l\/svm-temp\/","name":"Svenska Magasinet","description":"Dina Spanska nyheter p&aring; Svenska","publisher":{"@id":"https:\/\/lightweb.dev\/l\/svm-temp\/#organization"},"potentialAction":[{"@type":"SearchAction","target":{"@type":"EntryPoint","urlTemplate":"https:\/\/lightweb.dev\/l\/svm-temp\/?s={search_term_string}"},"query-input":{"@type":"PropertyValueSpecification","valueRequired":true,"valueName":"search_term_string"}}],"inLanguage":"sv-SE"},{"@type":"Organization","@id":"https:\/\/lightweb.dev\/l\/svm-temp\/#organization","name":"Melkerson y Nott SL","alternateName":"Svenska Magasinet","url":"https:\/\/lightweb.dev\/l\/svm-temp\/","logo":{"@type":"ImageObject","inLanguage":"sv-SE","@id":"https:\/\/lightweb.dev\/l\/svm-temp\/#\/schema\/logo\/image\/","url":"https:\/\/lightweb.dev\/l\/svm-temp\/wp-content\/uploads\/2025\/02\/SvM-logo-Xtra-Centrerad-SVART.png","contentUrl":"https:\/\/lightweb.dev\/l\/svm-temp\/wp-content\/uploads\/2025\/02\/SvM-logo-Xtra-Centrerad-SVART.png","width":300,"height":99,"caption":"Melkerson y Nott SL"},"image":{"@id":"https:\/\/lightweb.dev\/l\/svm-temp\/#\/schema\/logo\/image\/"},"sameAs":["https:\/\/www.facebook.com\/svenskamagasinet","https:\/\/x.com\/SvenskaMagasine"]},{"@type":"Person","@id":"https:\/\/lightweb.dev\/l\/svm-temp\/#\/schema\/person\/7a82b8a73d171d32360a564b6d03508e","name":"Ola Josefsson","description":"Bevakar Solkusten och Spanien sedan 1994.","sameAs":["https:\/\/lightweb.dev\/l\/svm-temp"],"url":"https:\/\/lightweb.dev\/l\/svm-temp\/reporter\/ola-josefsson\/"}]}},"_links":{"self":[{"href":"https:\/\/lightweb.dev\/l\/svm-temp\/wp-json\/wp\/v2\/posts\/68677","targetHints":{"allow":["GET"]}}],"collection":[{"href":"https:\/\/lightweb.dev\/l\/svm-temp\/wp-json\/wp\/v2\/posts"}],"about":[{"href":"https:\/\/lightweb.dev\/l\/svm-temp\/wp-json\/wp\/v2\/types\/post"}],"author":[{"embeddable":true,"href":"https:\/\/lightweb.dev\/l\/svm-temp\/wp-json\/wp\/v2\/users\/7"}],"replies":[{"embeddable":true,"href":"https:\/\/lightweb.dev\/l\/svm-temp\/wp-json\/wp\/v2\/comments?post=68677"}],"version-history":[{"count":0,"href":"https:\/\/lightweb.dev\/l\/svm-temp\/wp-json\/wp\/v2\/posts\/68677\/revisions"}],"wp:featuredmedia":[{"embeddable":true,"href":"https:\/\/lightweb.dev\/l\/svm-temp\/wp-json\/wp\/v2\/media\/68679"}],"wp:attachment":[{"href":"https:\/\/lightweb.dev\/l\/svm-temp\/wp-json\/wp\/v2\/media?parent=68677"}],"wp:term":[{"taxonomy":"category","embeddable":true,"href":"https:\/\/lightweb.dev\/l\/svm-temp\/wp-json\/wp\/v2\/categories?post=68677"},{"taxonomy":"post_tag","embeddable":true,"href":"https:\/\/lightweb.dev\/l\/svm-temp\/wp-json\/wp\/v2\/tags?post=68677"}],"curies":[{"name":"wp","href":"https:\/\/api.w.org\/{rel}","templated":true}]}}