{"id":68684,"date":"2024-01-04T13:08:31","date_gmt":"2024-01-04T12:08:31","guid":{"rendered":"https:\/\/lightweb.dev\/l\/svm-temp\/?p=68684"},"modified":"2024-01-04T13:19:51","modified_gmt":"2024-01-04T12:19:51","slug":"tre-av-solkustens-stader-bland-de-fem-snabbast-vaxande-i-spanien","status":"publish","type":"post","link":"https:\/\/lightweb.dev\/l\/svm-temp\/nyheter\/tre-av-solkustens-stader-bland-de-fem-snabbast-vaxande-i-spanien\/","title":{"rendered":"Tre av Solkustens st\u00e4der bland de fem snabbast v\u00e4xande i Spanien"},"content":{"rendered":"<p><strong>Estepona, Marbella och Benalm\u00e1dena ligger i topp n\u00e4r det g\u00e4ller \u00f6kande befolkning enligt den senaste datan.\u00a0<\/strong><\/p>\n<p><span style=\"font-weight: 400;\">Solkusten forts\u00e4tter att vara ett av landets mest attraktiva omr\u00e5den att flytta till.\u00a0<\/span><span style=\"font-weight: 400;\">Nya befolkningsuppgifter visar att Estepona, Marbella och <\/span><span style=\"font-weight: 400;\">Benalm\u00e1dena<\/span><span style=\"font-weight: 400;\"> \u00e4r bland de fem spanska st\u00e4derna d\u00e4r antalet inv\u00e5nare \u00f6kar mest.\u00a0<\/span><\/p>\n<p><span style=\"font-weight: 400;\">Estepona ligger p\u00e5 andra plats med 4,6 procent st\u00f6rre befolkning. D\u00e4r har antalet inv\u00e5nare \u00f6kat fr\u00e5n 73 698 till 77 068 enligt Spaniens nationella institut f\u00f6r statistik (INE).\u00a0<\/span><\/p>\n<h2><span style=\"font-weight: 400;\">Borgm\u00e4staren hyllar stadens arbete<\/span><\/h2>\n<p><span style=\"font-weight: 400;\">Stadens borgm\u00e4stare, <\/span><span style=\"font-weight: 400;\">Jos\u00e9 Mar\u00eda Garc\u00eda Urbano, kommenterade att uppgifterna \u201ckompletterar faktumet att v\u00e5r stad forts\u00e4tter att vara ledande bland Andalusiens st\u00e4der n\u00e4r det g\u00e4ller l\u00e5g arbetsl\u00f6shet och skapande av nya arbetstillf\u00e4llen\u201d. Han hyllade ocks\u00e5 Esteponas arbete f\u00f6r att skapa en dynamisk ekonomi.<\/span><\/p>\n<p><span style=\"font-weight: 400;\">Grannkommunen Marbella ligger p\u00e5 fj\u00e4rde plats med en \u00f6kning p\u00e5 3,9 procent, fr\u00e5n 150 321 inv\u00e5nare till 156 153. Staden \u00e4r nu den sjunde st\u00f6rsta i Andalusien sett till inv\u00e5narantal, f\u00f6re provinshuvudst\u00e4derna Huelva, Cadiz och Ja\u00e9n.\u00a0<\/span><\/p>\n<p><span style=\"font-weight: 400;\">Siffrorna fr\u00e5n INE g\u00e4ller fram till 1 januari 2023 och uppdateras med ett \u00e5rs f\u00f6rdr\u00f6jning. Marbella har egna uppgifter som menar att befolkningen idag \u00e4r uppe i 165 871.\u00a0<\/span><\/p>\n<p><span style=\"font-weight: 400;\">Benalm\u00e1dena hamnade p\u00e5 femte plats d\u00e5 staden v\u00e4xte fr\u00e5n 73 549 till 76 318 inv\u00e5nare, en \u00f6kning med 3,8 procent.\u00a0<\/span><\/p>\n<p><span style=\"font-weight: 400;\">Landets snabbast v\u00e4xande stad \u00e4r Torrevieja i Alicanteprovinsen i Valencia. D\u00e4r \u00f6kade befolkningen med 6,8 procent.\u00a0<\/span><\/p>\n","protected":false},"excerpt":{"rendered":"<p>Estepona, Marbella och Benalm\u00e1dena ligger i topp n\u00e4r det g\u00e4ller \u00f6kande befolkning enligt den senaste datan.\u00a0<\/p>\n","protected":false},"author":14,"featured_media":67960,"comment_status":"closed","ping_status":"closed","sticky":false,"template":"","format":"standard","meta":{"_et_pb_use_builder":"","_et_pb_old_content":"","_et_gb_content_width":"","footnotes":""},"categories":[395,3],"tags":[],"class_list":["post-68684","post","type-post","status-publish","format-standard","has-post-thumbnail","hentry","category-arkiv-nyheter","category-nyheter"],"yoast_head":"<!-- This site is optimized with the Yoast SEO Premium plugin v26.2 (Yoast SEO v27.5) - https:\/\/yoast.com\/product\/yoast-seo-premium-wordpress\/ -->\n<title>Tre av Solkustens st\u00e4der bland de fem snabbast v\u00e4xande i Spanien - Svenska Magasinet<\/title>\n<meta name=\"robots\" content=\"noindex, follow, max-snippet:-1, max-image-preview:large, max-video-preview:-1\" \/>\n<meta property=\"og:locale\" content=\"sv_SE\" \/>\n<meta property=\"og:type\" content=\"article\" \/>\n<meta property=\"og:title\" content=\"Tre av Solkustens st\u00e4der bland de fem snabbast v\u00e4xande i Spanien\" \/>\n<meta property=\"og:description\" content=\"Estepona, Marbella och Benalm\u00e1dena ligger i topp n\u00e4r det g\u00e4ller \u00f6kande befolkning enligt den senaste datan.\u00a0\" \/>\n<meta property=\"og:url\" content=\"https:\/\/lightweb.dev\/l\/svm-temp\/nyheter\/tre-av-solkustens-stader-bland-de-fem-snabbast-vaxande-i-spanien\/\" \/>\n<meta property=\"og:site_name\" content=\"Svenska Magasinet\" \/>\n<meta property=\"article:publisher\" content=\"https:\/\/www.facebook.com\/svenskamagasinet\" \/>\n<meta property=\"article:published_time\" content=\"2024-01-04T12:08:31+00:00\" \/>\n<meta property=\"article:modified_time\" content=\"2024-01-04T12:19:51+00:00\" \/>\n<meta property=\"og:image\" content=\"https:\/\/lightweb.dev\/l\/svm-temp\/wp-content\/uploads\/2023\/11\/Skarmavbild-2023-11-24-kl.-10.20.12-stor.jpeg\" \/>\n\t<meta property=\"og:image:width\" content=\"1280\" \/>\n\t<meta property=\"og:image:height\" content=\"664\" \/>\n\t<meta property=\"og:image:type\" content=\"image\/jpeg\" \/>\n<meta name=\"author\" content=\"Robbie Eriksson\" \/>\n<meta name=\"twitter:card\" content=\"summary_large_image\" \/>\n<meta name=\"twitter:creator\" content=\"@SvenskaMagasine\" \/>\n<meta name=\"twitter:site\" content=\"@SvenskaMagasine\" \/>\n<script type=\"application\/ld+json\" class=\"yoast-schema-graph\">{\"@context\":\"https:\\\/\\\/schema.org\",\"@graph\":[{\"@type\":\"Article\",\"@id\":\"https:\\\/\\\/lightweb.dev\\\/l\\\/svm-temp\\\/nyheter\\\/tre-av-solkustens-stader-bland-de-fem-snabbast-vaxande-i-spanien\\\/#article\",\"isPartOf\":{\"@id\":\"https:\\\/\\\/lightweb.dev\\\/l\\\/svm-temp\\\/nyheter\\\/tre-av-solkustens-stader-bland-de-fem-snabbast-vaxande-i-spanien\\\/\"},\"author\":{\"name\":\"Robbie Eriksson\",\"@id\":\"https:\\\/\\\/lightweb.dev\\\/l\\\/svm-temp\\\/#\\\/schema\\\/person\\\/caffe038990d25722f5a04a03c906a2b\"},\"headline\":\"Tre av Solkustens st\u00e4der bland de fem snabbast v\u00e4xande i Spanien\",\"datePublished\":\"2024-01-04T12:08:31+00:00\",\"dateModified\":\"2024-01-04T12:19:51+00:00\",\"mainEntityOfPage\":{\"@id\":\"https:\\\/\\\/lightweb.dev\\\/l\\\/svm-temp\\\/nyheter\\\/tre-av-solkustens-stader-bland-de-fem-snabbast-vaxande-i-spanien\\\/\"},\"wordCount\":261,\"publisher\":{\"@id\":\"https:\\\/\\\/lightweb.dev\\\/l\\\/svm-temp\\\/#organization\"},\"image\":{\"@id\":\"https:\\\/\\\/lightweb.dev\\\/l\\\/svm-temp\\\/nyheter\\\/tre-av-solkustens-stader-bland-de-fem-snabbast-vaxande-i-spanien\\\/#primaryimage\"},\"thumbnailUrl\":\"https:\\\/\\\/lightweb.dev\\\/l\\\/svm-temp\\\/wp-content\\\/uploads\\\/2023\\\/11\\\/Skarmavbild-2023-11-24-kl.-10.20.12-stor.jpeg\",\"articleSection\":[\"Arkiv\",\"Nyheter\"],\"inLanguage\":\"sv-SE\"},{\"@type\":\"WebPage\",\"@id\":\"https:\\\/\\\/lightweb.dev\\\/l\\\/svm-temp\\\/nyheter\\\/tre-av-solkustens-stader-bland-de-fem-snabbast-vaxande-i-spanien\\\/\",\"url\":\"https:\\\/\\\/lightweb.dev\\\/l\\\/svm-temp\\\/nyheter\\\/tre-av-solkustens-stader-bland-de-fem-snabbast-vaxande-i-spanien\\\/\",\"name\":\"Tre av Solkustens st\u00e4der bland de fem snabbast v\u00e4xande i Spanien - Svenska Magasinet\",\"isPartOf\":{\"@id\":\"https:\\\/\\\/lightweb.dev\\\/l\\\/svm-temp\\\/#website\"},\"primaryImageOfPage\":{\"@id\":\"https:\\\/\\\/lightweb.dev\\\/l\\\/svm-temp\\\/nyheter\\\/tre-av-solkustens-stader-bland-de-fem-snabbast-vaxande-i-spanien\\\/#primaryimage\"},\"image\":{\"@id\":\"https:\\\/\\\/lightweb.dev\\\/l\\\/svm-temp\\\/nyheter\\\/tre-av-solkustens-stader-bland-de-fem-snabbast-vaxande-i-spanien\\\/#primaryimage\"},\"thumbnailUrl\":\"https:\\\/\\\/lightweb.dev\\\/l\\\/svm-temp\\\/wp-content\\\/uploads\\\/2023\\\/11\\\/Skarmavbild-2023-11-24-kl.-10.20.12-stor.jpeg\",\"datePublished\":\"2024-01-04T12:08:31+00:00\",\"dateModified\":\"2024-01-04T12:19:51+00:00\",\"breadcrumb\":{\"@id\":\"https:\\\/\\\/lightweb.dev\\\/l\\\/svm-temp\\\/nyheter\\\/tre-av-solkustens-stader-bland-de-fem-snabbast-vaxande-i-spanien\\\/#breadcrumb\"},\"inLanguage\":\"sv-SE\",\"potentialAction\":[{\"@type\":\"ReadAction\",\"target\":[\"https:\\\/\\\/lightweb.dev\\\/l\\\/svm-temp\\\/nyheter\\\/tre-av-solkustens-stader-bland-de-fem-snabbast-vaxande-i-spanien\\\/\"]}]},{\"@type\":\"ImageObject\",\"inLanguage\":\"sv-SE\",\"@id\":\"https:\\\/\\\/lightweb.dev\\\/l\\\/svm-temp\\\/nyheter\\\/tre-av-solkustens-stader-bland-de-fem-snabbast-vaxande-i-spanien\\\/#primaryimage\",\"url\":\"https:\\\/\\\/lightweb.dev\\\/l\\\/svm-temp\\\/wp-content\\\/uploads\\\/2023\\\/11\\\/Skarmavbild-2023-11-24-kl.-10.20.12-stor.jpeg\",\"contentUrl\":\"https:\\\/\\\/lightweb.dev\\\/l\\\/svm-temp\\\/wp-content\\\/uploads\\\/2023\\\/11\\\/Skarmavbild-2023-11-24-kl.-10.20.12-stor.jpeg\",\"width\":1280,\"height\":664,\"caption\":\"Esteponas borgm\u00e4stare Jos\u00e9 Mar\u00eda Garc\u00eda Urbano \u00e4r n\u00f6jd med stadens arbete f\u00f6r \u00f6kade arbetstillf\u00e4llen (Foto: @101tvMalaga)\"},{\"@type\":\"BreadcrumbList\",\"@id\":\"https:\\\/\\\/lightweb.dev\\\/l\\\/svm-temp\\\/nyheter\\\/tre-av-solkustens-stader-bland-de-fem-snabbast-vaxande-i-spanien\\\/#breadcrumb\",\"itemListElement\":[{\"@type\":\"ListItem\",\"position\":1,\"name\":\"Hem\",\"item\":\"https:\\\/\\\/lightweb.dev\\\/l\\\/svm-temp\\\/\"},{\"@type\":\"ListItem\",\"position\":2,\"name\":\"Tre av Solkustens st\u00e4der bland de fem snabbast v\u00e4xande i Spanien\"}]},{\"@type\":\"WebSite\",\"@id\":\"https:\\\/\\\/lightweb.dev\\\/l\\\/svm-temp\\\/#website\",\"url\":\"https:\\\/\\\/lightweb.dev\\\/l\\\/svm-temp\\\/\",\"name\":\"Svenska Magasinet\",\"description\":\"Dina Spanska nyheter p&aring; Svenska\",\"publisher\":{\"@id\":\"https:\\\/\\\/lightweb.dev\\\/l\\\/svm-temp\\\/#organization\"},\"potentialAction\":[{\"@type\":\"SearchAction\",\"target\":{\"@type\":\"EntryPoint\",\"urlTemplate\":\"https:\\\/\\\/lightweb.dev\\\/l\\\/svm-temp\\\/?s={search_term_string}\"},\"query-input\":{\"@type\":\"PropertyValueSpecification\",\"valueRequired\":true,\"valueName\":\"search_term_string\"}}],\"inLanguage\":\"sv-SE\"},{\"@type\":\"Organization\",\"@id\":\"https:\\\/\\\/lightweb.dev\\\/l\\\/svm-temp\\\/#organization\",\"name\":\"Melkerson y Nott SL\",\"alternateName\":\"Svenska Magasinet\",\"url\":\"https:\\\/\\\/lightweb.dev\\\/l\\\/svm-temp\\\/\",\"logo\":{\"@type\":\"ImageObject\",\"inLanguage\":\"sv-SE\",\"@id\":\"https:\\\/\\\/lightweb.dev\\\/l\\\/svm-temp\\\/#\\\/schema\\\/logo\\\/image\\\/\",\"url\":\"https:\\\/\\\/lightweb.dev\\\/l\\\/svm-temp\\\/wp-content\\\/uploads\\\/2025\\\/02\\\/SvM-logo-Xtra-Centrerad-SVART.png\",\"contentUrl\":\"https:\\\/\\\/lightweb.dev\\\/l\\\/svm-temp\\\/wp-content\\\/uploads\\\/2025\\\/02\\\/SvM-logo-Xtra-Centrerad-SVART.png\",\"width\":300,\"height\":99,\"caption\":\"Melkerson y Nott SL\"},\"image\":{\"@id\":\"https:\\\/\\\/lightweb.dev\\\/l\\\/svm-temp\\\/#\\\/schema\\\/logo\\\/image\\\/\"},\"sameAs\":[\"https:\\\/\\\/www.facebook.com\\\/svenskamagasinet\",\"https:\\\/\\\/x.com\\\/SvenskaMagasine\"]},{\"@type\":\"Person\",\"@id\":\"https:\\\/\\\/lightweb.dev\\\/l\\\/svm-temp\\\/#\\\/schema\\\/person\\\/caffe038990d25722f5a04a03c906a2b\",\"name\":\"Robbie Eriksson\",\"sameAs\":[\"https:\\\/\\\/lightweb.dev\\\/l\\\/svm-temp\"],\"url\":\"https:\\\/\\\/lightweb.dev\\\/l\\\/svm-temp\\\/reporter\\\/robbie-eriksson\\\/\"}]}<\/script>\n<!-- \/ Yoast SEO Premium plugin. -->","yoast_head_json":{"title":"Tre av Solkustens st\u00e4der bland de fem snabbast v\u00e4xande i Spanien - Svenska Magasinet","robots":{"index":"noindex","follow":"follow","max-snippet":"max-snippet:-1","max-image-preview":"max-image-preview:large","max-video-preview":"max-video-preview:-1"},"og_locale":"sv_SE","og_type":"article","og_title":"Tre av Solkustens st\u00e4der bland de fem snabbast v\u00e4xande i Spanien","og_description":"Estepona, Marbella och Benalm\u00e1dena ligger i topp n\u00e4r det g\u00e4ller \u00f6kande befolkning enligt den senaste datan.\u00a0","og_url":"https:\/\/lightweb.dev\/l\/svm-temp\/nyheter\/tre-av-solkustens-stader-bland-de-fem-snabbast-vaxande-i-spanien\/","og_site_name":"Svenska Magasinet","article_publisher":"https:\/\/www.facebook.com\/svenskamagasinet","article_published_time":"2024-01-04T12:08:31+00:00","article_modified_time":"2024-01-04T12:19:51+00:00","og_image":[{"width":1280,"height":664,"url":"https:\/\/lightweb.dev\/l\/svm-temp\/wp-content\/uploads\/2023\/11\/Skarmavbild-2023-11-24-kl.-10.20.12-stor.jpeg","type":"image\/jpeg"}],"author":"Robbie Eriksson","twitter_card":"summary_large_image","twitter_creator":"@SvenskaMagasine","twitter_site":"@SvenskaMagasine","schema":{"@context":"https:\/\/schema.org","@graph":[{"@type":"Article","@id":"https:\/\/lightweb.dev\/l\/svm-temp\/nyheter\/tre-av-solkustens-stader-bland-de-fem-snabbast-vaxande-i-spanien\/#article","isPartOf":{"@id":"https:\/\/lightweb.dev\/l\/svm-temp\/nyheter\/tre-av-solkustens-stader-bland-de-fem-snabbast-vaxande-i-spanien\/"},"author":{"name":"Robbie Eriksson","@id":"https:\/\/lightweb.dev\/l\/svm-temp\/#\/schema\/person\/caffe038990d25722f5a04a03c906a2b"},"headline":"Tre av Solkustens st\u00e4der bland de fem snabbast v\u00e4xande i Spanien","datePublished":"2024-01-04T12:08:31+00:00","dateModified":"2024-01-04T12:19:51+00:00","mainEntityOfPage":{"@id":"https:\/\/lightweb.dev\/l\/svm-temp\/nyheter\/tre-av-solkustens-stader-bland-de-fem-snabbast-vaxande-i-spanien\/"},"wordCount":261,"publisher":{"@id":"https:\/\/lightweb.dev\/l\/svm-temp\/#organization"},"image":{"@id":"https:\/\/lightweb.dev\/l\/svm-temp\/nyheter\/tre-av-solkustens-stader-bland-de-fem-snabbast-vaxande-i-spanien\/#primaryimage"},"thumbnailUrl":"https:\/\/lightweb.dev\/l\/svm-temp\/wp-content\/uploads\/2023\/11\/Skarmavbild-2023-11-24-kl.-10.20.12-stor.jpeg","articleSection":["Arkiv","Nyheter"],"inLanguage":"sv-SE"},{"@type":"WebPage","@id":"https:\/\/lightweb.dev\/l\/svm-temp\/nyheter\/tre-av-solkustens-stader-bland-de-fem-snabbast-vaxande-i-spanien\/","url":"https:\/\/lightweb.dev\/l\/svm-temp\/nyheter\/tre-av-solkustens-stader-bland-de-fem-snabbast-vaxande-i-spanien\/","name":"Tre av Solkustens st\u00e4der bland de fem snabbast v\u00e4xande i Spanien - Svenska Magasinet","isPartOf":{"@id":"https:\/\/lightweb.dev\/l\/svm-temp\/#website"},"primaryImageOfPage":{"@id":"https:\/\/lightweb.dev\/l\/svm-temp\/nyheter\/tre-av-solkustens-stader-bland-de-fem-snabbast-vaxande-i-spanien\/#primaryimage"},"image":{"@id":"https:\/\/lightweb.dev\/l\/svm-temp\/nyheter\/tre-av-solkustens-stader-bland-de-fem-snabbast-vaxande-i-spanien\/#primaryimage"},"thumbnailUrl":"https:\/\/lightweb.dev\/l\/svm-temp\/wp-content\/uploads\/2023\/11\/Skarmavbild-2023-11-24-kl.-10.20.12-stor.jpeg","datePublished":"2024-01-04T12:08:31+00:00","dateModified":"2024-01-04T12:19:51+00:00","breadcrumb":{"@id":"https:\/\/lightweb.dev\/l\/svm-temp\/nyheter\/tre-av-solkustens-stader-bland-de-fem-snabbast-vaxande-i-spanien\/#breadcrumb"},"inLanguage":"sv-SE","potentialAction":[{"@type":"ReadAction","target":["https:\/\/lightweb.dev\/l\/svm-temp\/nyheter\/tre-av-solkustens-stader-bland-de-fem-snabbast-vaxande-i-spanien\/"]}]},{"@type":"ImageObject","inLanguage":"sv-SE","@id":"https:\/\/lightweb.dev\/l\/svm-temp\/nyheter\/tre-av-solkustens-stader-bland-de-fem-snabbast-vaxande-i-spanien\/#primaryimage","url":"https:\/\/lightweb.dev\/l\/svm-temp\/wp-content\/uploads\/2023\/11\/Skarmavbild-2023-11-24-kl.-10.20.12-stor.jpeg","contentUrl":"https:\/\/lightweb.dev\/l\/svm-temp\/wp-content\/uploads\/2023\/11\/Skarmavbild-2023-11-24-kl.-10.20.12-stor.jpeg","width":1280,"height":664,"caption":"Esteponas borgm\u00e4stare Jos\u00e9 Mar\u00eda Garc\u00eda Urbano \u00e4r n\u00f6jd med stadens arbete f\u00f6r \u00f6kade arbetstillf\u00e4llen (Foto: @101tvMalaga)"},{"@type":"BreadcrumbList","@id":"https:\/\/lightweb.dev\/l\/svm-temp\/nyheter\/tre-av-solkustens-stader-bland-de-fem-snabbast-vaxande-i-spanien\/#breadcrumb","itemListElement":[{"@type":"ListItem","position":1,"name":"Hem","item":"https:\/\/lightweb.dev\/l\/svm-temp\/"},{"@type":"ListItem","position":2,"name":"Tre av Solkustens st\u00e4der bland de fem snabbast v\u00e4xande i Spanien"}]},{"@type":"WebSite","@id":"https:\/\/lightweb.dev\/l\/svm-temp\/#website","url":"https:\/\/lightweb.dev\/l\/svm-temp\/","name":"Svenska Magasinet","description":"Dina Spanska nyheter p&aring; Svenska","publisher":{"@id":"https:\/\/lightweb.dev\/l\/svm-temp\/#organization"},"potentialAction":[{"@type":"SearchAction","target":{"@type":"EntryPoint","urlTemplate":"https:\/\/lightweb.dev\/l\/svm-temp\/?s={search_term_string}"},"query-input":{"@type":"PropertyValueSpecification","valueRequired":true,"valueName":"search_term_string"}}],"inLanguage":"sv-SE"},{"@type":"Organization","@id":"https:\/\/lightweb.dev\/l\/svm-temp\/#organization","name":"Melkerson y Nott SL","alternateName":"Svenska Magasinet","url":"https:\/\/lightweb.dev\/l\/svm-temp\/","logo":{"@type":"ImageObject","inLanguage":"sv-SE","@id":"https:\/\/lightweb.dev\/l\/svm-temp\/#\/schema\/logo\/image\/","url":"https:\/\/lightweb.dev\/l\/svm-temp\/wp-content\/uploads\/2025\/02\/SvM-logo-Xtra-Centrerad-SVART.png","contentUrl":"https:\/\/lightweb.dev\/l\/svm-temp\/wp-content\/uploads\/2025\/02\/SvM-logo-Xtra-Centrerad-SVART.png","width":300,"height":99,"caption":"Melkerson y Nott SL"},"image":{"@id":"https:\/\/lightweb.dev\/l\/svm-temp\/#\/schema\/logo\/image\/"},"sameAs":["https:\/\/www.facebook.com\/svenskamagasinet","https:\/\/x.com\/SvenskaMagasine"]},{"@type":"Person","@id":"https:\/\/lightweb.dev\/l\/svm-temp\/#\/schema\/person\/caffe038990d25722f5a04a03c906a2b","name":"Robbie Eriksson","sameAs":["https:\/\/lightweb.dev\/l\/svm-temp"],"url":"https:\/\/lightweb.dev\/l\/svm-temp\/reporter\/robbie-eriksson\/"}]}},"_links":{"self":[{"href":"https:\/\/lightweb.dev\/l\/svm-temp\/wp-json\/wp\/v2\/posts\/68684","targetHints":{"allow":["GET"]}}],"collection":[{"href":"https:\/\/lightweb.dev\/l\/svm-temp\/wp-json\/wp\/v2\/posts"}],"about":[{"href":"https:\/\/lightweb.dev\/l\/svm-temp\/wp-json\/wp\/v2\/types\/post"}],"author":[{"embeddable":true,"href":"https:\/\/lightweb.dev\/l\/svm-temp\/wp-json\/wp\/v2\/users\/14"}],"replies":[{"embeddable":true,"href":"https:\/\/lightweb.dev\/l\/svm-temp\/wp-json\/wp\/v2\/comments?post=68684"}],"version-history":[{"count":0,"href":"https:\/\/lightweb.dev\/l\/svm-temp\/wp-json\/wp\/v2\/posts\/68684\/revisions"}],"wp:featuredmedia":[{"embeddable":true,"href":"https:\/\/lightweb.dev\/l\/svm-temp\/wp-json\/wp\/v2\/media\/67960"}],"wp:attachment":[{"href":"https:\/\/lightweb.dev\/l\/svm-temp\/wp-json\/wp\/v2\/media?parent=68684"}],"wp:term":[{"taxonomy":"category","embeddable":true,"href":"https:\/\/lightweb.dev\/l\/svm-temp\/wp-json\/wp\/v2\/categories?post=68684"},{"taxonomy":"post_tag","embeddable":true,"href":"https:\/\/lightweb.dev\/l\/svm-temp\/wp-json\/wp\/v2\/tags?post=68684"}],"curies":[{"name":"wp","href":"https:\/\/api.w.org\/{rel}","templated":true}]}}